{"id":2150,"date":"2025-10-20T10:16:07","date_gmt":"2025-10-20T13:16:07","guid":{"rendered":"https:\/\/impactocastex.com.ar\/?p=2150"},"modified":"2025-10-20T10:16:09","modified_gmt":"2025-10-20T13:16:09","slug":"guerra-de-motociclistas-en-la-plata-13-demorados-tres-heridos-y-armas-incautadas","status":"publish","type":"post","link":"https:\/\/impactocastex.com.ar\/?p=2150","title":{"rendered":"Guerra de motociclistas en La Plata: 13 demorados, tres heridos y armas incautadas"},"content":{"rendered":"\n<p>El grupo \u00abLos Tehuelches\u00bb, que circulaba en motocicletas, fue interceptado por miembros de los \u00abHells Angels\u00bb a bordo de camionetas.<\/p>\n\n\n\n<p><strong><\/strong>El grupo conocido como \u00abLos Tehuelches\u00bb, que circulaba en motocicletas, fue interceptado por miembros de los \u00abHells Angels\u00bb a bordo de camionetas.<\/p>\n\n\n\n<p>Un violento enfrentamiento armado entre dos facciones de motociclistas, identificadas como \u00abTehuelches\u00bb y \u00abHells Angels\u00bb, desat\u00f3 el caos este s\u00e1bado en La Plata, espec\u00edficamente en las inmediaciones de Avenida 44 y 26, suceso que culmin\u00f3 con tres personas heridas de bala, trece demoradas, el secuestro de armas de fuego y la incautaci\u00f3n de una decena de motocicletas.<\/p>\n\n\n\n<p>El episodio se origin\u00f3 cuando el grupo conocido como \u00abLos Tehuelches\u00bb, que circulaba en motocicletas, fue interceptado por miembros de los \u00abHells Angels\u00bb a bordo de camionetas. Seg\u00fan se desprende de las actuaciones, en un primer momento se produjo una agresi\u00f3n f\u00edsica que escal\u00f3 r\u00e1pidamente, derivando en un intercambio de disparos.<\/p>\n\n\n\n<p>Como resultado de la balacera, tres personas resultaron heridas -dos pertenecientes a los \u00abTehuelches\u00bb y un integrante de los \u00abHells Angels\u00bb-, quienes fueron trasladadas conscientes a distintos centros de salud de la zona. Tras el tiroteo, la polic\u00eda traslad\u00f3 a doce hombres y a una mujer a la comisar\u00eda zonal para su identificaci\u00f3n, adem\u00e1s de incautar once motos y cuatro armas de fuego en el lugar del enfrentamiento.<\/p>\n\n\n\n<p>Operativo en sal\u00f3n de eventos y detenciones relevantes<\/p>\n\n\n\n<p>Horas m\u00e1s tarde, y en base a filmaciones y testimonios recolectados, la polic\u00eda implement\u00f3 un operativo de seguridad en el sal\u00f3n de eventos \u00abSegunda Generaci\u00f3n\u00bb, donde se desarrollaba un encuentro de la agrupaci\u00f3n \u00abHells Angels\u00bb. Durante el procedimiento, los controles e interceptaciones vehiculares arrojaron resultados relevantes.<\/p>\n\n\n\n<p>En un Chrysler PT Cruiser (patente KFO 828), conducido por Maximiliano Nahuel Tobares y acompa\u00f1ado por Ever Hugo Ben\u00edtez Penayo y Nicol\u00e1s Lionel Giani Frontera, los efectivos incautaron \u00abuna pistola Taurus calibre 9 mm en la guantera\u00bb, motivo por el cual los tres ocupantes quedaron demorados. Por otra parte, en una camioneta Ford EcoSport (patente HXK 354), conducida por Guido Cuello junto a Diego Hern\u00e1n Cardo y Noelia Florencia Flores -todos oriundos de C\u00f3rdoba-, la polic\u00eda incaut\u00f3 \u00abuna pistola Bersa calibre 9 mm y una pistola Bersa TPR calibre .380\u00bb, quedando los tres ocupantes detenidos.<\/p>\n\n\n\n<p>El operativo tambi\u00e9n incluy\u00f3 la interceptaci\u00f3n de un Renault Logan (patente AG 380 UZ), ocupado por los ciudadanos espa\u00f1oles Juan Francisco Guerrero P\u00e9rez, Enrique Alonso Salido, Pedro Antonio Verde Salmer\u00f3n y Pablo Apolonio Gonz\u00e1lez Casado, quienes ten\u00edan en su poder \u00abdos tubos con coca\u00edna\u00bb. Asimismo, la polic\u00eda detuvo a Hugo C\u00e9sar Alfaro (de Banfield) y Pablo Girardi (oriundo de Mendoza), ocupantes de una Toyota Hilux 4&#215;2 (patente CYX 579), secuestr\u00e1ndoles los tel\u00e9fonos celulares, dado que \u00abel veh\u00edculo fue registrado en el lugar del enfrentamiento\u00bb.<\/p>\n\n\n\n<p>Finalmente, fueron detenidos Gustavo Adolfo Mazzitelli (de CABA), conductor de una camioneta Ford 350 Econoline (patente IXA 797), y Ram\u00f3n Roberto Lescano (de Mendoza), al volante de una Volkswagen Amarok (patente AD 604 WM). Ambos veh\u00edculos \u00abtambi\u00e9n fueron filmados en el enfrentamiento\u00bb, por lo que sus ocupantes quedaron detenidos y los rodados, junto a sus celulares, fueron secuestrados.<\/p>\n\n\n\n<p>Investigaci\u00f3n en curso&nbsp;<\/p>\n\n\n\n<p>La causa judicial, caratulada como \u00abEnfrentamiento armado -Tenencia ilegal de armas de fuego- Lesiones\u00bb, qued\u00f3 a disposici\u00f3n de la Fiscal\u00eda N\u00b016 y del Juzgado de Garant\u00edas N\u00b06 del Departamento Judicial La Plata.<\/p>\n\n\n\n<p>En estas horas, se mantiene un amplio despliegue de control y vigilancia en distintos puntos de la ciudad para prevenir nuevos enfrentamientos entre ambas facciones de motociclistas. Fuentes policiales indicaron que \u00abno se descarta que los grupos involucrados pertenezcan a una red m\u00e1s amplia con conexiones interprovinciales y v\u00ednculos internacionales\u00bb.<\/p>\n","protected":false},"excerpt":{"rendered":"<p>El grupo \u00abLos Tehuelches\u00bb, que circulaba en motocicletas, fue interceptado por miembros de los \u00abHells&#8230;<\/p>\n","protected":false},"author":2,"featured_media":2151,"comment_status":"closed","ping_status":"closed","sticky":false,"template":"","format":"standard","meta":{"_jetpack_memberships_contains_paid_content":false,"footnotes":"","jetpack_publicize_message":"Guerra de motociclistas en La Plata: 13 demorados, tres heridos y armas incautadas","jetpack_publicize_feature_enabled":true,"jetpack_social_post_already_shared":false,"jetpack_social_options":{"image_generator_settings":{"template":"highway","default_image_id":0,"font":"","enabled":false},"version":2}},"categories":[85],"tags":[],"class_list":["post-2150","post","type-post","status-publish","format-standard","has-post-thumbnail","hentry","category-policiales"],"yoast_head":"<!-- This site is optimized with the Yoast SEO plugin v27.4 - https:\/\/yoast.com\/product\/yoast-seo-wordpress\/ -->\n<title>Guerra de motociclistas en La Plata: 13 demorados, tres heridos y armas incautadas -<\/title>\n<meta name=\"robots\" content=\"index, follow, max-snippet:-1, max-image-preview:large, max-video-preview:-1\" \/>\n<link rel=\"canonical\" href=\"https:\/\/impactocastex.com.ar\/?p=2150\" \/>\n<meta property=\"og:locale\" content=\"es_ES\" \/>\n<meta property=\"og:type\" content=\"article\" \/>\n<meta property=\"og:title\" content=\"Guerra de motociclistas en La Plata: 13 demorados, tres heridos y armas incautadas -\" \/>\n<meta property=\"og:description\" content=\"El grupo \u00abLos Tehuelches\u00bb, que circulaba en motocicletas, fue interceptado por miembros de los \u00abHells...\" \/>\n<meta property=\"og:url\" content=\"https:\/\/impactocastex.com.ar\/?p=2150\" \/>\n<meta property=\"article:publisher\" content=\"https:\/\/www.facebook.com\/impactocastexdiario\" \/>\n<meta property=\"article:published_time\" content=\"2025-10-20T13:16:07+00:00\" \/>\n<meta property=\"article:modified_time\" content=\"2025-10-20T13:16:09+00:00\" \/>\n<meta property=\"og:image\" content=\"https:\/\/impactocastex.com.ar\/wp-content\/uploads\/2025\/10\/2125405.jpg\" \/>\n\t<meta property=\"og:image:width\" content=\"1200\" \/>\n\t<meta property=\"og:image:height\" content=\"631\" \/>\n\t<meta property=\"og:image:type\" content=\"image\/jpeg\" \/>\n<meta name=\"author\" content=\"impactocastex\" \/>\n<meta name=\"twitter:card\" content=\"summary_large_image\" \/>\n<meta name=\"twitter:label1\" content=\"Escrito por\" \/>\n\t<meta name=\"twitter:data1\" content=\"impactocastex\" \/>\n\t<meta name=\"twitter:label2\" content=\"Tiempo de lectura\" \/>\n\t<meta name=\"twitter:data2\" content=\"3 minutos\" \/>\n<script type=\"application\/ld+json\" class=\"yoast-schema-graph\">{\"@context\":\"https:\\\/\\\/schema.org\",\"@graph\":[{\"@type\":\"Article\",\"@id\":\"https:\\\/\\\/impactocastex.com.ar\\\/?p=2150#article\",\"isPartOf\":{\"@id\":\"https:\\\/\\\/impactocastex.com.ar\\\/?p=2150\"},\"author\":{\"name\":\"impactocastex\",\"@id\":\"https:\\\/\\\/impactocastex.com.ar\\\/#\\\/schema\\\/person\\\/c115028fb60f9bf49ce7550894b84ea7\"},\"headline\":\"Guerra de motociclistas en La Plata: 13 demorados, tres heridos y armas incautadas\",\"datePublished\":\"2025-10-20T13:16:07+00:00\",\"dateModified\":\"2025-10-20T13:16:09+00:00\",\"mainEntityOfPage\":{\"@id\":\"https:\\\/\\\/impactocastex.com.ar\\\/?p=2150\"},\"wordCount\":641,\"publisher\":{\"@id\":\"https:\\\/\\\/impactocastex.com.ar\\\/#organization\"},\"image\":{\"@id\":\"https:\\\/\\\/impactocastex.com.ar\\\/?p=2150#primaryimage\"},\"thumbnailUrl\":\"https:\\\/\\\/impactocastex.com.ar\\\/wp-content\\\/uploads\\\/2025\\\/10\\\/2125405.jpg\",\"articleSection\":[\"POLICIALES\"],\"inLanguage\":\"es\"},{\"@type\":\"WebPage\",\"@id\":\"https:\\\/\\\/impactocastex.com.ar\\\/?p=2150\",\"url\":\"https:\\\/\\\/impactocastex.com.ar\\\/?p=2150\",\"name\":\"Guerra de motociclistas en La Plata: 13 demorados, tres heridos y armas incautadas -\",\"isPartOf\":{\"@id\":\"https:\\\/\\\/impactocastex.com.ar\\\/#website\"},\"primaryImageOfPage\":{\"@id\":\"https:\\\/\\\/impactocastex.com.ar\\\/?p=2150#primaryimage\"},\"image\":{\"@id\":\"https:\\\/\\\/impactocastex.com.ar\\\/?p=2150#primaryimage\"},\"thumbnailUrl\":\"https:\\\/\\\/impactocastex.com.ar\\\/wp-content\\\/uploads\\\/2025\\\/10\\\/2125405.jpg\",\"datePublished\":\"2025-10-20T13:16:07+00:00\",\"dateModified\":\"2025-10-20T13:16:09+00:00\",\"breadcrumb\":{\"@id\":\"https:\\\/\\\/impactocastex.com.ar\\\/?p=2150#breadcrumb\"},\"inLanguage\":\"es\",\"potentialAction\":[{\"@type\":\"ReadAction\",\"target\":[\"https:\\\/\\\/impactocastex.com.ar\\\/?p=2150\"]}]},{\"@type\":\"ImageObject\",\"inLanguage\":\"es\",\"@id\":\"https:\\\/\\\/impactocastex.com.ar\\\/?p=2150#primaryimage\",\"url\":\"https:\\\/\\\/impactocastex.com.ar\\\/wp-content\\\/uploads\\\/2025\\\/10\\\/2125405.jpg\",\"contentUrl\":\"https:\\\/\\\/impactocastex.com.ar\\\/wp-content\\\/uploads\\\/2025\\\/10\\\/2125405.jpg\",\"width\":1200,\"height\":631},{\"@type\":\"BreadcrumbList\",\"@id\":\"https:\\\/\\\/impactocastex.com.ar\\\/?p=2150#breadcrumb\",\"itemListElement\":[{\"@type\":\"ListItem\",\"position\":1,\"name\":\"Portada\",\"item\":\"https:\\\/\\\/impactocastex.com.ar\\\/\"},{\"@type\":\"ListItem\",\"position\":2,\"name\":\"Guerra de motociclistas en La Plata: 13 demorados, tres heridos y armas incautadas\"}]},{\"@type\":\"WebSite\",\"@id\":\"https:\\\/\\\/impactocastex.com.ar\\\/#website\",\"url\":\"https:\\\/\\\/impactocastex.com.ar\\\/\",\"name\":\"Impacto Castex\",\"description\":\"\",\"publisher\":{\"@id\":\"https:\\\/\\\/impactocastex.com.ar\\\/#organization\"},\"potentialAction\":[{\"@type\":\"SearchAction\",\"target\":{\"@type\":\"EntryPoint\",\"urlTemplate\":\"https:\\\/\\\/impactocastex.com.ar\\\/?s={search_term_string}\"},\"query-input\":{\"@type\":\"PropertyValueSpecification\",\"valueRequired\":true,\"valueName\":\"search_term_string\"}}],\"inLanguage\":\"es\"},{\"@type\":\"Organization\",\"@id\":\"https:\\\/\\\/impactocastex.com.ar\\\/#organization\",\"name\":\"Impacto Castex\",\"url\":\"https:\\\/\\\/impactocastex.com.ar\\\/\",\"logo\":{\"@type\":\"ImageObject\",\"inLanguage\":\"es\",\"@id\":\"https:\\\/\\\/impactocastex.com.ar\\\/#\\\/schema\\\/logo\\\/image\\\/\",\"url\":\"https:\\\/\\\/impactocastex.com.ar\\\/wp-content\\\/uploads\\\/2025\\\/09\\\/cropped-icoweb.png\",\"contentUrl\":\"https:\\\/\\\/impactocastex.com.ar\\\/wp-content\\\/uploads\\\/2025\\\/09\\\/cropped-icoweb.png\",\"width\":512,\"height\":512,\"caption\":\"Impacto Castex\"},\"image\":{\"@id\":\"https:\\\/\\\/impactocastex.com.ar\\\/#\\\/schema\\\/logo\\\/image\\\/\"},\"sameAs\":[\"https:\\\/\\\/www.facebook.com\\\/impactocastexdiario\",\"https:\\\/\\\/www.instagram.com\\\/impactocastex.com.ar\\\/\"]},{\"@type\":\"Person\",\"@id\":\"https:\\\/\\\/impactocastex.com.ar\\\/#\\\/schema\\\/person\\\/c115028fb60f9bf49ce7550894b84ea7\",\"name\":\"impactocastex\",\"image\":{\"@type\":\"ImageObject\",\"inLanguage\":\"es\",\"@id\":\"https:\\\/\\\/secure.gravatar.com\\\/avatar\\\/fee87e7af008f02e9becdc0b5a9fd4a2e79b3918a571edeacb62211704637833?s=96&d=mm&r=g\",\"url\":\"https:\\\/\\\/secure.gravatar.com\\\/avatar\\\/fee87e7af008f02e9becdc0b5a9fd4a2e79b3918a571edeacb62211704637833?s=96&d=mm&r=g\",\"contentUrl\":\"https:\\\/\\\/secure.gravatar.com\\\/avatar\\\/fee87e7af008f02e9becdc0b5a9fd4a2e79b3918a571edeacb62211704637833?s=96&d=mm&r=g\",\"caption\":\"impactocastex\"},\"sameAs\":[\"https:\\\/\\\/impactocastex.com.ar\\\/\"],\"url\":\"https:\\\/\\\/impactocastex.com.ar\\\/?author=2\"}]}<\/script>\n<!-- \/ Yoast SEO plugin. -->","yoast_head_json":{"title":"Guerra de motociclistas en La Plata: 13 demorados, tres heridos y armas incautadas -","robots":{"index":"index","follow":"follow","max-snippet":"max-snippet:-1","max-image-preview":"max-image-preview:large","max-video-preview":"max-video-preview:-1"},"canonical":"https:\/\/impactocastex.com.ar\/?p=2150","og_locale":"es_ES","og_type":"article","og_title":"Guerra de motociclistas en La Plata: 13 demorados, tres heridos y armas incautadas -","og_description":"El grupo \u00abLos Tehuelches\u00bb, que circulaba en motocicletas, fue interceptado por miembros de los \u00abHells...","og_url":"https:\/\/impactocastex.com.ar\/?p=2150","article_publisher":"https:\/\/www.facebook.com\/impactocastexdiario","article_published_time":"2025-10-20T13:16:07+00:00","article_modified_time":"2025-10-20T13:16:09+00:00","og_image":[{"width":1200,"height":631,"url":"https:\/\/impactocastex.com.ar\/wp-content\/uploads\/2025\/10\/2125405.jpg","type":"image\/jpeg"}],"author":"impactocastex","twitter_card":"summary_large_image","twitter_misc":{"Escrito por":"impactocastex","Tiempo de lectura":"3 minutos"},"schema":{"@context":"https:\/\/schema.org","@graph":[{"@type":"Article","@id":"https:\/\/impactocastex.com.ar\/?p=2150#article","isPartOf":{"@id":"https:\/\/impactocastex.com.ar\/?p=2150"},"author":{"name":"impactocastex","@id":"https:\/\/impactocastex.com.ar\/#\/schema\/person\/c115028fb60f9bf49ce7550894b84ea7"},"headline":"Guerra de motociclistas en La Plata: 13 demorados, tres heridos y armas incautadas","datePublished":"2025-10-20T13:16:07+00:00","dateModified":"2025-10-20T13:16:09+00:00","mainEntityOfPage":{"@id":"https:\/\/impactocastex.com.ar\/?p=2150"},"wordCount":641,"publisher":{"@id":"https:\/\/impactocastex.com.ar\/#organization"},"image":{"@id":"https:\/\/impactocastex.com.ar\/?p=2150#primaryimage"},"thumbnailUrl":"https:\/\/impactocastex.com.ar\/wp-content\/uploads\/2025\/10\/2125405.jpg","articleSection":["POLICIALES"],"inLanguage":"es"},{"@type":"WebPage","@id":"https:\/\/impactocastex.com.ar\/?p=2150","url":"https:\/\/impactocastex.com.ar\/?p=2150","name":"Guerra de motociclistas en La Plata: 13 demorados, tres heridos y armas incautadas -","isPartOf":{"@id":"https:\/\/impactocastex.com.ar\/#website"},"primaryImageOfPage":{"@id":"https:\/\/impactocastex.com.ar\/?p=2150#primaryimage"},"image":{"@id":"https:\/\/impactocastex.com.ar\/?p=2150#primaryimage"},"thumbnailUrl":"https:\/\/impactocastex.com.ar\/wp-content\/uploads\/2025\/10\/2125405.jpg","datePublished":"2025-10-20T13:16:07+00:00","dateModified":"2025-10-20T13:16:09+00:00","breadcrumb":{"@id":"https:\/\/impactocastex.com.ar\/?p=2150#breadcrumb"},"inLanguage":"es","potentialAction":[{"@type":"ReadAction","target":["https:\/\/impactocastex.com.ar\/?p=2150"]}]},{"@type":"ImageObject","inLanguage":"es","@id":"https:\/\/impactocastex.com.ar\/?p=2150#primaryimage","url":"https:\/\/impactocastex.com.ar\/wp-content\/uploads\/2025\/10\/2125405.jpg","contentUrl":"https:\/\/impactocastex.com.ar\/wp-content\/uploads\/2025\/10\/2125405.jpg","width":1200,"height":631},{"@type":"BreadcrumbList","@id":"https:\/\/impactocastex.com.ar\/?p=2150#breadcrumb","itemListElement":[{"@type":"ListItem","position":1,"name":"Portada","item":"https:\/\/impactocastex.com.ar\/"},{"@type":"ListItem","position":2,"name":"Guerra de motociclistas en La Plata: 13 demorados, tres heridos y armas incautadas"}]},{"@type":"WebSite","@id":"https:\/\/impactocastex.com.ar\/#website","url":"https:\/\/impactocastex.com.ar\/","name":"Impacto Castex","description":"","publisher":{"@id":"https:\/\/impactocastex.com.ar\/#organization"},"potentialAction":[{"@type":"SearchAction","target":{"@type":"EntryPoint","urlTemplate":"https:\/\/impactocastex.com.ar\/?s={search_term_string}"},"query-input":{"@type":"PropertyValueSpecification","valueRequired":true,"valueName":"search_term_string"}}],"inLanguage":"es"},{"@type":"Organization","@id":"https:\/\/impactocastex.com.ar\/#organization","name":"Impacto Castex","url":"https:\/\/impactocastex.com.ar\/","logo":{"@type":"ImageObject","inLanguage":"es","@id":"https:\/\/impactocastex.com.ar\/#\/schema\/logo\/image\/","url":"https:\/\/impactocastex.com.ar\/wp-content\/uploads\/2025\/09\/cropped-icoweb.png","contentUrl":"https:\/\/impactocastex.com.ar\/wp-content\/uploads\/2025\/09\/cropped-icoweb.png","width":512,"height":512,"caption":"Impacto Castex"},"image":{"@id":"https:\/\/impactocastex.com.ar\/#\/schema\/logo\/image\/"},"sameAs":["https:\/\/www.facebook.com\/impactocastexdiario","https:\/\/www.instagram.com\/impactocastex.com.ar\/"]},{"@type":"Person","@id":"https:\/\/impactocastex.com.ar\/#\/schema\/person\/c115028fb60f9bf49ce7550894b84ea7","name":"impactocastex","image":{"@type":"ImageObject","inLanguage":"es","@id":"https:\/\/secure.gravatar.com\/avatar\/fee87e7af008f02e9becdc0b5a9fd4a2e79b3918a571edeacb62211704637833?s=96&d=mm&r=g","url":"https:\/\/secure.gravatar.com\/avatar\/fee87e7af008f02e9becdc0b5a9fd4a2e79b3918a571edeacb62211704637833?s=96&d=mm&r=g","contentUrl":"https:\/\/secure.gravatar.com\/avatar\/fee87e7af008f02e9becdc0b5a9fd4a2e79b3918a571edeacb62211704637833?s=96&d=mm&r=g","caption":"impactocastex"},"sameAs":["https:\/\/impactocastex.com.ar\/"],"url":"https:\/\/impactocastex.com.ar\/?author=2"}]}},"jetpack_publicize_connections":[],"featured_image_urls":{"full":["https:\/\/impactocastex.com.ar\/wp-content\/uploads\/2025\/10\/2125405.jpg",1200,631,false],"thumbnail":["https:\/\/impactocastex.com.ar\/wp-content\/uploads\/2025\/10\/2125405-150x150.jpg",150,150,true],"medium":["https:\/\/impactocastex.com.ar\/wp-content\/uploads\/2025\/10\/2125405-300x158.jpg",300,158,true],"medium_large":["https:\/\/impactocastex.com.ar\/wp-content\/uploads\/2025\/10\/2125405-768x404.jpg",640,337,true],"large":["https:\/\/impactocastex.com.ar\/wp-content\/uploads\/2025\/10\/2125405-1024x538.jpg",640,336,true],"1536x1536":["https:\/\/impactocastex.com.ar\/wp-content\/uploads\/2025\/10\/2125405.jpg",1200,631,false],"2048x2048":["https:\/\/impactocastex.com.ar\/wp-content\/uploads\/2025\/10\/2125405.jpg",1200,631,false],"newsever-slider-full":["https:\/\/impactocastex.com.ar\/wp-content\/uploads\/2025\/10\/2125405.jpg",1200,631,false],"newsever-featured":["https:\/\/impactocastex.com.ar\/wp-content\/uploads\/2025\/10\/2125405-1024x538.jpg",1024,538,true],"newsever-medium":["https:\/\/impactocastex.com.ar\/wp-content\/uploads\/2025\/10\/2125405-720x475.jpg",720,475,true]},"author_info":{"info":["impactocastex"]},"category_info":"<a href=\"https:\/\/impactocastex.com.ar\/?cat=85\" rel=\"category\">POLICIALES<\/a>","tag_info":"POLICIALES","comment_count":0,"jetpack_featured_media_url":"https:\/\/impactocastex.com.ar\/wp-content\/uploads\/2025\/10\/2125405.jpg","jetpack_sharing_enabled":true,"jetpack_likes_enabled":true,"jetpack_shortlink":"https:\/\/wp.me\/p7sopA-yG","_links":{"self":[{"href":"https:\/\/impactocastex.com.ar\/index.php?rest_route=\/wp\/v2\/posts\/2150","targetHints":{"allow":["GET"]}}],"collection":[{"href":"https:\/\/impactocastex.com.ar\/index.php?rest_route=\/wp\/v2\/posts"}],"about":[{"href":"https:\/\/impactocastex.com.ar\/index.php?rest_route=\/wp\/v2\/types\/post"}],"author":[{"embeddable":true,"href":"https:\/\/impactocastex.com.ar\/index.php?rest_route=\/wp\/v2\/users\/2"}],"replies":[{"embeddable":true,"href":"https:\/\/impactocastex.com.ar\/index.php?rest_route=%2Fwp%2Fv2%2Fcomments&post=2150"}],"version-history":[{"count":1,"href":"https:\/\/impactocastex.com.ar\/index.php?rest_route=\/wp\/v2\/posts\/2150\/revisions"}],"predecessor-version":[{"id":2152,"href":"https:\/\/impactocastex.com.ar\/index.php?rest_route=\/wp\/v2\/posts\/2150\/revisions\/2152"}],"wp:featuredmedia":[{"embeddable":true,"href":"https:\/\/impactocastex.com.ar\/index.php?rest_route=\/wp\/v2\/media\/2151"}],"wp:attachment":[{"href":"https:\/\/impactocastex.com.ar\/index.php?rest_route=%2Fwp%2Fv2%2Fmedia&parent=2150"}],"wp:term":[{"taxonomy":"category","embeddable":true,"href":"https:\/\/impactocastex.com.ar\/index.php?rest_route=%2Fwp%2Fv2%2Fcategories&post=2150"},{"taxonomy":"post_tag","embeddable":true,"href":"https:\/\/impactocastex.com.ar\/index.php?rest_route=%2Fwp%2Fv2%2Ftags&post=2150"}],"curies":[{"name":"wp","href":"https:\/\/api.w.org\/{rel}","templated":true}]}}