{"id":2019,"date":"2025-10-16T10:59:48","date_gmt":"2025-10-16T13:59:48","guid":{"rendered":"https:\/\/impactocastex.com.ar\/?p=2019"},"modified":"2025-10-16T11:02:10","modified_gmt":"2025-10-16T14:02:10","slug":"periodista-pampeana-denuncia-a-su-agresor-y-cuestiona-la-proteccion-judicial","status":"publish","type":"post","link":"https:\/\/impactocastex.com.ar\/?p=2019","title":{"rendered":"Periodista pampeana denuncia a su agresor y cuestiona la protecci\u00f3n judicial"},"content":{"rendered":"\n<p>La conductora pampeana relat\u00f3 en C5N dos meses de hostigamiento por parte de un hombre con antecedentes de acoso contra otra colega.&nbsp;<strong>Pe\u00f1alva formaliz\u00f3 tres denuncias y circula con un bot\u00f3n antip\u00e1nico<\/strong>.<\/p>\n\n\n\n<figure class=\"wp-block-embed is-type-video is-provider-youtube wp-block-embed-youtube wp-embed-aspect-16-9 wp-has-aspect-ratio\"><div class=\"wp-block-embed__wrapper\">\n<iframe loading=\"lazy\" title=\"Pe\u00f1alva formaliz\u00f3 tres denuncias y circula con un bot\u00f3n antip\u00e1nico.\" width=\"640\" height=\"360\" src=\"https:\/\/www.youtube.com\/embed\/OUAfsMdP85o?feature=oembed\" frameborder=\"0\" allow=\"accelerometer; autoplay; clipboard-write; encrypted-media; gyroscope; picture-in-picture; web-share\" referrerpolicy=\"strict-origin-when-cross-origin\" allowfullscreen><\/iframe>\n<\/div><\/figure>\n\n\n\n<p>La periodista pampeana Agustina Pe\u00f1alva, oriunda de Rancul y conductora del programa&nbsp;<strong>\u00abAndate a dormir vos\u00bb<\/strong>, utiliz\u00f3 su espacio en C5N para realizar una dura denuncia p\u00fablica por acoso y hostigamiento contra un hombre que la persigue desde hace dos meses.<\/p>\n\n\n\n<p>Pe\u00f1alva, visiblemente afectada, expuso la ineficacia de las medidas de protecci\u00f3n y la lentitud judicial, al tiempo que detall\u00f3 los episodios de persecuci\u00f3n que ya la obligaron a modificar su rutina diaria.<\/p>\n\n\n\n<p><strong>\u00abNunca pens\u00e9 que me iba a tocar a m\u00ed y lamentablemente me pas\u00f3\u00bb<\/strong>, inici\u00f3 la periodista, quien llev\u00f3 consigo los documentos de las tres denuncias radicadas en la Fiscal\u00eda 18.<\/p>\n\n\n\n<p>Patr\u00f3n de acoso y persecuci\u00f3n constante<\/p>\n\n\n\n<p>El hostigamiento comenz\u00f3 dos meses atr\u00e1s a trav\u00e9s de mensajes en redes sociales. Aunque Pe\u00f1alva bloque\u00f3 al agresor, identificado como Walter Graziano, este comenz\u00f3 a crear m\u00faltiples cuentas de Instagram para continuar contact\u00e1ndola.<\/p>\n\n\n\n<p><strong>La situaci\u00f3n escal\u00f3 a encuentros presenciales:<\/strong><\/p>\n\n\n\n<p><strong>24 de agosto:<\/strong>&nbsp;La intercepta por primera vez en un restaurante.<\/p>\n\n\n\n<p><strong>4 de septiembre:<\/strong>&nbsp;Se acerca en el gimnasio, pregunt\u00e1ndole si asistir\u00eda a trabajar esa noche. Los encargados del gimnasio confirmaron que el hombre se hab\u00eda anotado una semana antes.<\/p>\n\n\n\n<figure class=\"wp-block-image size-full\"><img loading=\"lazy\" decoding=\"async\" width=\"1000\" height=\"1000\" src=\"https:\/\/impactocastex.com.ar\/wp-content\/uploads\/2025\/10\/image-59.png\" alt=\"\" class=\"wp-image-2023\" srcset=\"https:\/\/impactocastex.com.ar\/wp-content\/uploads\/2025\/10\/image-59.png 1000w, https:\/\/impactocastex.com.ar\/wp-content\/uploads\/2025\/10\/image-59-300x300.png 300w, https:\/\/impactocastex.com.ar\/wp-content\/uploads\/2025\/10\/image-59-150x150.png 150w, https:\/\/impactocastex.com.ar\/wp-content\/uploads\/2025\/10\/image-59-768x768.png 768w\" sizes=\"auto, (max-width: 1000px) 100vw, 1000px\" \/><\/figure>\n\n\n\n<p>Ese mismo d\u00eda, 4 de septiembre, se radic\u00f3 la primera denuncia. Tras un nuevo intento de acercamiento en la puerta del gimnasio, tuvo que intervenir la Polic\u00eda. Luego de recorrer cuatro comisar\u00edas, Pe\u00f1alva finalmente recibi\u00f3 un bot\u00f3n antip\u00e1nico.<\/p>\n\n\n\n<p>Fallas de protecci\u00f3n y antecedentes del acosador<\/p>\n\n\n\n<p>La periodista expuso la vulnerabilidad de su situaci\u00f3n, ya que el agresor reside a solo ocho cuadras de su domicilio y conoce sus movimientos: \u00abEste hombre sabe d\u00f3nde vivo, cu\u00e1ndo me muevo, sigue a mis amigas y les pregunta en d\u00f3nde me puede encontrar, interceptar\u00bb.<\/p>\n\n\n\n<p>El \u00faltimo encuentro ocurri\u00f3 el pasado viernes durante un partido de San Lorenzo. Mientras Pe\u00f1alva grababa su reacci\u00f3n para YouTube, el acosador la intercept\u00f3, poniendo un libro en su pecho. Aunque hubo un forcejeo y la Polic\u00eda intervino, el agresor fue liberado r\u00e1pidamente.<\/p>\n\n\n\n<p>El hecho se agrava por los antecedentes del hombre:&nbsp;<strong>\u00abEste hombre estuvo preso un mes en un lugar para personas que no est\u00e1 bien de salud mental por hostigar y acosar a una colega\u00bb<\/strong>, declar\u00f3 Pe\u00f1alva, se\u00f1alando que fue declarado \u00abinsano para convivir con terceras personas\u00bb.<\/p>\n\n\n\n<p>Duro cuestionamiento a la Justicia<\/p>\n\n\n\n<p>La comunicadora critic\u00f3 duramente la actuaci\u00f3n judicial y la efectividad del bot\u00f3n antip\u00e1nico, que, seg\u00fan explic\u00f3, se queda sin bater\u00eda a las tres horas y no funciona en lugares con aglomeraci\u00f3n de gente por falta de se\u00f1al.<\/p>\n\n\n\n<p><strong>\u00abYo estoy presa en este momento. No puedo respirar, no puedo salir tranquila\u00bb<\/strong>, afirm\u00f3 Pe\u00f1alva, visiblemente angustiada.<\/p>\n\n\n\n<p>Finaliz\u00f3 su descargo con un dram\u00e1tico llamado a la Justicia, pidiendo una acci\u00f3n m\u00e1s r\u00e1pida y efectiva:&nbsp;<strong>\u00ab\u00bfTengo que apelar al recurso de preguntar si est\u00e1n esperando a que me encuentren en una bolsa? Si ten\u00e9s a un tipo que declararon insano, \u00bfpor qu\u00e9 no lo pon\u00e9s en cana? Quiero volver a vivir de forma normal\u00bb.<\/strong><\/p>\n","protected":false},"excerpt":{"rendered":"<p>La conductora pampeana relat\u00f3 en C5N dos meses de hostigamiento por parte de un hombre&#8230;<\/p>\n","protected":false},"author":2,"featured_media":2020,"comment_status":"closed","ping_status":"closed","sticky":false,"template":"","format":"standard","meta":{"_jetpack_memberships_contains_paid_content":false,"footnotes":"","jetpack_publicize_message":"Periodista pampeana denuncia a su agresor y cuestiona la protecci\u00f3n judicial","jetpack_publicize_feature_enabled":true,"jetpack_social_post_already_shared":false,"jetpack_social_options":{"image_generator_settings":{"template":"highway","default_image_id":0,"font":"","enabled":false},"version":2}},"categories":[83],"tags":[],"class_list":["post-2019","post","type-post","status-publish","format-standard","has-post-thumbnail","hentry","category-la-pampa"],"yoast_head":"<!-- This site is optimized with the Yoast SEO plugin v27.4 - https:\/\/yoast.com\/product\/yoast-seo-wordpress\/ -->\n<title>Periodista pampeana denuncia a su agresor y cuestiona la protecci\u00f3n judicial -<\/title>\n<meta name=\"robots\" content=\"index, follow, max-snippet:-1, max-image-preview:large, max-video-preview:-1\" \/>\n<link rel=\"canonical\" href=\"https:\/\/impactocastex.com.ar\/?p=2019\" \/>\n<meta property=\"og:locale\" content=\"es_ES\" \/>\n<meta property=\"og:type\" content=\"article\" \/>\n<meta property=\"og:title\" content=\"Periodista pampeana denuncia a su agresor y cuestiona la protecci\u00f3n judicial -\" \/>\n<meta property=\"og:description\" content=\"La conductora pampeana relat\u00f3 en C5N dos meses de hostigamiento por parte de un hombre...\" \/>\n<meta property=\"og:url\" content=\"https:\/\/impactocastex.com.ar\/?p=2019\" \/>\n<meta property=\"article:publisher\" content=\"https:\/\/www.facebook.com\/impactocastexdiario\" \/>\n<meta property=\"article:published_time\" content=\"2025-10-16T13:59:48+00:00\" \/>\n<meta property=\"article:modified_time\" content=\"2025-10-16T14:02:10+00:00\" \/>\n<meta property=\"og:image\" content=\"https:\/\/impactocastex.com.ar\/wp-content\/uploads\/2025\/10\/1125152.webp\" \/>\n\t<meta property=\"og:image:width\" content=\"860\" \/>\n\t<meta property=\"og:image:height\" content=\"570\" \/>\n\t<meta property=\"og:image:type\" content=\"image\/webp\" \/>\n<meta name=\"author\" content=\"impactocastex\" \/>\n<meta name=\"twitter:card\" content=\"summary_large_image\" \/>\n<meta name=\"twitter:label1\" content=\"Escrito por\" \/>\n\t<meta name=\"twitter:data1\" content=\"impactocastex\" \/>\n\t<meta name=\"twitter:label2\" content=\"Tiempo de lectura\" \/>\n\t<meta name=\"twitter:data2\" content=\"3 minutos\" \/>\n<script type=\"application\/ld+json\" class=\"yoast-schema-graph\">{\"@context\":\"https:\\\/\\\/schema.org\",\"@graph\":[{\"@type\":\"Article\",\"@id\":\"https:\\\/\\\/impactocastex.com.ar\\\/?p=2019#article\",\"isPartOf\":{\"@id\":\"https:\\\/\\\/impactocastex.com.ar\\\/?p=2019\"},\"author\":{\"name\":\"impactocastex\",\"@id\":\"https:\\\/\\\/impactocastex.com.ar\\\/#\\\/schema\\\/person\\\/c115028fb60f9bf49ce7550894b84ea7\"},\"headline\":\"Periodista pampeana denuncia a su agresor y cuestiona la protecci\u00f3n judicial\",\"datePublished\":\"2025-10-16T13:59:48+00:00\",\"dateModified\":\"2025-10-16T14:02:10+00:00\",\"mainEntityOfPage\":{\"@id\":\"https:\\\/\\\/impactocastex.com.ar\\\/?p=2019\"},\"wordCount\":587,\"publisher\":{\"@id\":\"https:\\\/\\\/impactocastex.com.ar\\\/#organization\"},\"image\":{\"@id\":\"https:\\\/\\\/impactocastex.com.ar\\\/?p=2019#primaryimage\"},\"thumbnailUrl\":\"https:\\\/\\\/impactocastex.com.ar\\\/wp-content\\\/uploads\\\/2025\\\/10\\\/1125152.webp\",\"articleSection\":[\"LA PAMPA\"],\"inLanguage\":\"es\"},{\"@type\":\"WebPage\",\"@id\":\"https:\\\/\\\/impactocastex.com.ar\\\/?p=2019\",\"url\":\"https:\\\/\\\/impactocastex.com.ar\\\/?p=2019\",\"name\":\"Periodista pampeana denuncia a su agresor y cuestiona la protecci\u00f3n judicial -\",\"isPartOf\":{\"@id\":\"https:\\\/\\\/impactocastex.com.ar\\\/#website\"},\"primaryImageOfPage\":{\"@id\":\"https:\\\/\\\/impactocastex.com.ar\\\/?p=2019#primaryimage\"},\"image\":{\"@id\":\"https:\\\/\\\/impactocastex.com.ar\\\/?p=2019#primaryimage\"},\"thumbnailUrl\":\"https:\\\/\\\/impactocastex.com.ar\\\/wp-content\\\/uploads\\\/2025\\\/10\\\/1125152.webp\",\"datePublished\":\"2025-10-16T13:59:48+00:00\",\"dateModified\":\"2025-10-16T14:02:10+00:00\",\"breadcrumb\":{\"@id\":\"https:\\\/\\\/impactocastex.com.ar\\\/?p=2019#breadcrumb\"},\"inLanguage\":\"es\",\"potentialAction\":[{\"@type\":\"ReadAction\",\"target\":[\"https:\\\/\\\/impactocastex.com.ar\\\/?p=2019\"]}]},{\"@type\":\"ImageObject\",\"inLanguage\":\"es\",\"@id\":\"https:\\\/\\\/impactocastex.com.ar\\\/?p=2019#primaryimage\",\"url\":\"https:\\\/\\\/impactocastex.com.ar\\\/wp-content\\\/uploads\\\/2025\\\/10\\\/1125152.webp\",\"contentUrl\":\"https:\\\/\\\/impactocastex.com.ar\\\/wp-content\\\/uploads\\\/2025\\\/10\\\/1125152.webp\",\"width\":860,\"height\":570},{\"@type\":\"BreadcrumbList\",\"@id\":\"https:\\\/\\\/impactocastex.com.ar\\\/?p=2019#breadcrumb\",\"itemListElement\":[{\"@type\":\"ListItem\",\"position\":1,\"name\":\"Portada\",\"item\":\"https:\\\/\\\/impactocastex.com.ar\\\/\"},{\"@type\":\"ListItem\",\"position\":2,\"name\":\"Periodista pampeana denuncia a su agresor y cuestiona la protecci\u00f3n judicial\"}]},{\"@type\":\"WebSite\",\"@id\":\"https:\\\/\\\/impactocastex.com.ar\\\/#website\",\"url\":\"https:\\\/\\\/impactocastex.com.ar\\\/\",\"name\":\"Impacto Castex\",\"description\":\"\",\"publisher\":{\"@id\":\"https:\\\/\\\/impactocastex.com.ar\\\/#organization\"},\"potentialAction\":[{\"@type\":\"SearchAction\",\"target\":{\"@type\":\"EntryPoint\",\"urlTemplate\":\"https:\\\/\\\/impactocastex.com.ar\\\/?s={search_term_string}\"},\"query-input\":{\"@type\":\"PropertyValueSpecification\",\"valueRequired\":true,\"valueName\":\"search_term_string\"}}],\"inLanguage\":\"es\"},{\"@type\":\"Organization\",\"@id\":\"https:\\\/\\\/impactocastex.com.ar\\\/#organization\",\"name\":\"Impacto Castex\",\"url\":\"https:\\\/\\\/impactocastex.com.ar\\\/\",\"logo\":{\"@type\":\"ImageObject\",\"inLanguage\":\"es\",\"@id\":\"https:\\\/\\\/impactocastex.com.ar\\\/#\\\/schema\\\/logo\\\/image\\\/\",\"url\":\"https:\\\/\\\/impactocastex.com.ar\\\/wp-content\\\/uploads\\\/2025\\\/09\\\/cropped-icoweb.png\",\"contentUrl\":\"https:\\\/\\\/impactocastex.com.ar\\\/wp-content\\\/uploads\\\/2025\\\/09\\\/cropped-icoweb.png\",\"width\":512,\"height\":512,\"caption\":\"Impacto Castex\"},\"image\":{\"@id\":\"https:\\\/\\\/impactocastex.com.ar\\\/#\\\/schema\\\/logo\\\/image\\\/\"},\"sameAs\":[\"https:\\\/\\\/www.facebook.com\\\/impactocastexdiario\",\"https:\\\/\\\/www.instagram.com\\\/impactocastex.com.ar\\\/\"]},{\"@type\":\"Person\",\"@id\":\"https:\\\/\\\/impactocastex.com.ar\\\/#\\\/schema\\\/person\\\/c115028fb60f9bf49ce7550894b84ea7\",\"name\":\"impactocastex\",\"image\":{\"@type\":\"ImageObject\",\"inLanguage\":\"es\",\"@id\":\"https:\\\/\\\/secure.gravatar.com\\\/avatar\\\/fee87e7af008f02e9becdc0b5a9fd4a2e79b3918a571edeacb62211704637833?s=96&d=mm&r=g\",\"url\":\"https:\\\/\\\/secure.gravatar.com\\\/avatar\\\/fee87e7af008f02e9becdc0b5a9fd4a2e79b3918a571edeacb62211704637833?s=96&d=mm&r=g\",\"contentUrl\":\"https:\\\/\\\/secure.gravatar.com\\\/avatar\\\/fee87e7af008f02e9becdc0b5a9fd4a2e79b3918a571edeacb62211704637833?s=96&d=mm&r=g\",\"caption\":\"impactocastex\"},\"sameAs\":[\"https:\\\/\\\/impactocastex.com.ar\\\/\"],\"url\":\"https:\\\/\\\/impactocastex.com.ar\\\/?author=2\"}]}<\/script>\n<!-- \/ Yoast SEO plugin. -->","yoast_head_json":{"title":"Periodista pampeana denuncia a su agresor y cuestiona la protecci\u00f3n judicial -","robots":{"index":"index","follow":"follow","max-snippet":"max-snippet:-1","max-image-preview":"max-image-preview:large","max-video-preview":"max-video-preview:-1"},"canonical":"https:\/\/impactocastex.com.ar\/?p=2019","og_locale":"es_ES","og_type":"article","og_title":"Periodista pampeana denuncia a su agresor y cuestiona la protecci\u00f3n judicial -","og_description":"La conductora pampeana relat\u00f3 en C5N dos meses de hostigamiento por parte de un hombre...","og_url":"https:\/\/impactocastex.com.ar\/?p=2019","article_publisher":"https:\/\/www.facebook.com\/impactocastexdiario","article_published_time":"2025-10-16T13:59:48+00:00","article_modified_time":"2025-10-16T14:02:10+00:00","og_image":[{"width":860,"height":570,"url":"https:\/\/impactocastex.com.ar\/wp-content\/uploads\/2025\/10\/1125152.webp","type":"image\/webp"}],"author":"impactocastex","twitter_card":"summary_large_image","twitter_misc":{"Escrito por":"impactocastex","Tiempo de lectura":"3 minutos"},"schema":{"@context":"https:\/\/schema.org","@graph":[{"@type":"Article","@id":"https:\/\/impactocastex.com.ar\/?p=2019#article","isPartOf":{"@id":"https:\/\/impactocastex.com.ar\/?p=2019"},"author":{"name":"impactocastex","@id":"https:\/\/impactocastex.com.ar\/#\/schema\/person\/c115028fb60f9bf49ce7550894b84ea7"},"headline":"Periodista pampeana denuncia a su agresor y cuestiona la protecci\u00f3n judicial","datePublished":"2025-10-16T13:59:48+00:00","dateModified":"2025-10-16T14:02:10+00:00","mainEntityOfPage":{"@id":"https:\/\/impactocastex.com.ar\/?p=2019"},"wordCount":587,"publisher":{"@id":"https:\/\/impactocastex.com.ar\/#organization"},"image":{"@id":"https:\/\/impactocastex.com.ar\/?p=2019#primaryimage"},"thumbnailUrl":"https:\/\/impactocastex.com.ar\/wp-content\/uploads\/2025\/10\/1125152.webp","articleSection":["LA PAMPA"],"inLanguage":"es"},{"@type":"WebPage","@id":"https:\/\/impactocastex.com.ar\/?p=2019","url":"https:\/\/impactocastex.com.ar\/?p=2019","name":"Periodista pampeana denuncia a su agresor y cuestiona la protecci\u00f3n judicial -","isPartOf":{"@id":"https:\/\/impactocastex.com.ar\/#website"},"primaryImageOfPage":{"@id":"https:\/\/impactocastex.com.ar\/?p=2019#primaryimage"},"image":{"@id":"https:\/\/impactocastex.com.ar\/?p=2019#primaryimage"},"thumbnailUrl":"https:\/\/impactocastex.com.ar\/wp-content\/uploads\/2025\/10\/1125152.webp","datePublished":"2025-10-16T13:59:48+00:00","dateModified":"2025-10-16T14:02:10+00:00","breadcrumb":{"@id":"https:\/\/impactocastex.com.ar\/?p=2019#breadcrumb"},"inLanguage":"es","potentialAction":[{"@type":"ReadAction","target":["https:\/\/impactocastex.com.ar\/?p=2019"]}]},{"@type":"ImageObject","inLanguage":"es","@id":"https:\/\/impactocastex.com.ar\/?p=2019#primaryimage","url":"https:\/\/impactocastex.com.ar\/wp-content\/uploads\/2025\/10\/1125152.webp","contentUrl":"https:\/\/impactocastex.com.ar\/wp-content\/uploads\/2025\/10\/1125152.webp","width":860,"height":570},{"@type":"BreadcrumbList","@id":"https:\/\/impactocastex.com.ar\/?p=2019#breadcrumb","itemListElement":[{"@type":"ListItem","position":1,"name":"Portada","item":"https:\/\/impactocastex.com.ar\/"},{"@type":"ListItem","position":2,"name":"Periodista pampeana denuncia a su agresor y cuestiona la protecci\u00f3n judicial"}]},{"@type":"WebSite","@id":"https:\/\/impactocastex.com.ar\/#website","url":"https:\/\/impactocastex.com.ar\/","name":"Impacto Castex","description":"","publisher":{"@id":"https:\/\/impactocastex.com.ar\/#organization"},"potentialAction":[{"@type":"SearchAction","target":{"@type":"EntryPoint","urlTemplate":"https:\/\/impactocastex.com.ar\/?s={search_term_string}"},"query-input":{"@type":"PropertyValueSpecification","valueRequired":true,"valueName":"search_term_string"}}],"inLanguage":"es"},{"@type":"Organization","@id":"https:\/\/impactocastex.com.ar\/#organization","name":"Impacto Castex","url":"https:\/\/impactocastex.com.ar\/","logo":{"@type":"ImageObject","inLanguage":"es","@id":"https:\/\/impactocastex.com.ar\/#\/schema\/logo\/image\/","url":"https:\/\/impactocastex.com.ar\/wp-content\/uploads\/2025\/09\/cropped-icoweb.png","contentUrl":"https:\/\/impactocastex.com.ar\/wp-content\/uploads\/2025\/09\/cropped-icoweb.png","width":512,"height":512,"caption":"Impacto Castex"},"image":{"@id":"https:\/\/impactocastex.com.ar\/#\/schema\/logo\/image\/"},"sameAs":["https:\/\/www.facebook.com\/impactocastexdiario","https:\/\/www.instagram.com\/impactocastex.com.ar\/"]},{"@type":"Person","@id":"https:\/\/impactocastex.com.ar\/#\/schema\/person\/c115028fb60f9bf49ce7550894b84ea7","name":"impactocastex","image":{"@type":"ImageObject","inLanguage":"es","@id":"https:\/\/secure.gravatar.com\/avatar\/fee87e7af008f02e9becdc0b5a9fd4a2e79b3918a571edeacb62211704637833?s=96&d=mm&r=g","url":"https:\/\/secure.gravatar.com\/avatar\/fee87e7af008f02e9becdc0b5a9fd4a2e79b3918a571edeacb62211704637833?s=96&d=mm&r=g","contentUrl":"https:\/\/secure.gravatar.com\/avatar\/fee87e7af008f02e9becdc0b5a9fd4a2e79b3918a571edeacb62211704637833?s=96&d=mm&r=g","caption":"impactocastex"},"sameAs":["https:\/\/impactocastex.com.ar\/"],"url":"https:\/\/impactocastex.com.ar\/?author=2"}]}},"jetpack_publicize_connections":[],"featured_image_urls":{"full":["https:\/\/impactocastex.com.ar\/wp-content\/uploads\/2025\/10\/1125152.webp",860,570,false],"thumbnail":["https:\/\/impactocastex.com.ar\/wp-content\/uploads\/2025\/10\/1125152-150x150.webp",150,150,true],"medium":["https:\/\/impactocastex.com.ar\/wp-content\/uploads\/2025\/10\/1125152-300x199.webp",300,199,true],"medium_large":["https:\/\/impactocastex.com.ar\/wp-content\/uploads\/2025\/10\/1125152-768x509.webp",640,424,true],"large":["https:\/\/impactocastex.com.ar\/wp-content\/uploads\/2025\/10\/1125152.webp",640,424,false],"1536x1536":["https:\/\/impactocastex.com.ar\/wp-content\/uploads\/2025\/10\/1125152.webp",860,570,false],"2048x2048":["https:\/\/impactocastex.com.ar\/wp-content\/uploads\/2025\/10\/1125152.webp",860,570,false],"newsever-slider-full":["https:\/\/impactocastex.com.ar\/wp-content\/uploads\/2025\/10\/1125152.webp",860,570,false],"newsever-featured":["https:\/\/impactocastex.com.ar\/wp-content\/uploads\/2025\/10\/1125152.webp",860,570,false],"newsever-medium":["https:\/\/impactocastex.com.ar\/wp-content\/uploads\/2025\/10\/1125152-720x475.webp",720,475,true]},"author_info":{"info":["impactocastex"]},"category_info":"<a href=\"https:\/\/impactocastex.com.ar\/?cat=83\" rel=\"category\">LA PAMPA<\/a>","tag_info":"LA PAMPA","comment_count":0,"jetpack_featured_media_url":"https:\/\/impactocastex.com.ar\/wp-content\/uploads\/2025\/10\/1125152.webp","jetpack_sharing_enabled":true,"jetpack_likes_enabled":true,"jetpack_shortlink":"https:\/\/wp.me\/p7sopA-wz","_links":{"self":[{"href":"https:\/\/impactocastex.com.ar\/index.php?rest_route=\/wp\/v2\/posts\/2019","targetHints":{"allow":["GET"]}}],"collection":[{"href":"https:\/\/impactocastex.com.ar\/index.php?rest_route=\/wp\/v2\/posts"}],"about":[{"href":"https:\/\/impactocastex.com.ar\/index.php?rest_route=\/wp\/v2\/types\/post"}],"author":[{"embeddable":true,"href":"https:\/\/impactocastex.com.ar\/index.php?rest_route=\/wp\/v2\/users\/2"}],"replies":[{"embeddable":true,"href":"https:\/\/impactocastex.com.ar\/index.php?rest_route=%2Fwp%2Fv2%2Fcomments&post=2019"}],"version-history":[{"count":2,"href":"https:\/\/impactocastex.com.ar\/index.php?rest_route=\/wp\/v2\/posts\/2019\/revisions"}],"predecessor-version":[{"id":2024,"href":"https:\/\/impactocastex.com.ar\/index.php?rest_route=\/wp\/v2\/posts\/2019\/revisions\/2024"}],"wp:featuredmedia":[{"embeddable":true,"href":"https:\/\/impactocastex.com.ar\/index.php?rest_route=\/wp\/v2\/media\/2020"}],"wp:attachment":[{"href":"https:\/\/impactocastex.com.ar\/index.php?rest_route=%2Fwp%2Fv2%2Fmedia&parent=2019"}],"wp:term":[{"taxonomy":"category","embeddable":true,"href":"https:\/\/impactocastex.com.ar\/index.php?rest_route=%2Fwp%2Fv2%2Fcategories&post=2019"},{"taxonomy":"post_tag","embeddable":true,"href":"https:\/\/impactocastex.com.ar\/index.php?rest_route=%2Fwp%2Fv2%2Ftags&post=2019"}],"curies":[{"name":"wp","href":"https:\/\/api.w.org\/{rel}","templated":true}]}}