{"id":2013,"date":"2025-10-16T10:51:51","date_gmt":"2025-10-16T13:51:51","guid":{"rendered":"https:\/\/impactocastex.com.ar\/?p=2013"},"modified":"2025-10-16T10:51:53","modified_gmt":"2025-10-16T13:51:53","slug":"hijo-demando-a-su-padre-por-la-cuota-alimentaria-y-la-justicia-avalo-fecha-de-la-demanda","status":"publish","type":"post","link":"https:\/\/impactocastex.com.ar\/?p=2013","title":{"rendered":"Hijo demand\u00f3 a su padre por la cuota alimentaria y la Justicia aval\u00f3 fecha de la demanda"},"content":{"rendered":"\n<p>La&nbsp;<strong>C\u00e1mara de Apelaciones en lo Civil, Comercial, Laboral y de Miner\u00eda de Santa Rosa<\/strong>&nbsp;no hizo lugar a un recurso de apelaci\u00f3n presentado por un padre, en una demanda por cuota alimentaria, y bas\u00f3 su resoluci\u00f3n en las normas vinculadas con el principio de inter\u00e9s superior del ni\u00f1o y perspectiva de g\u00e9nero.<\/p>\n\n\n\n<p>El&nbsp;<strong>juez Guillermo Salas<\/strong>, al rechazar los agravios del padre \u2013referidos al desconocimiento del convenio firmado oportunamente y a la prescripci\u00f3n de la demanda\u2013,&nbsp;<strong>aval\u00f3 en un todo lo dispuesto en primera instancia por la jueza de familia, ni\u00f1as, ni\u00f1os y adolescentes de General Acha, Daniela de La Iglesia<\/strong>.&nbsp;<strong>La demanda contra aquel fue iniciada por su propio hijo.<\/strong><\/p>\n\n\n\n<p>\u201cResulta oportuno mencionar que verdaderamente nos encontramos ante un reclamo respecto a obligaciones alimentarias incumplidas por el progenitor; siendo\u00a0<strong>uno de sus accionantes una persona vulnerable por su edad (el hijo) y la otra, la progenitora que debi\u00f3 afrontar la manutenci\u00f3n del hijo de ambos; por lo que permitir que el recurrente eluda el cumplimiento de su obligaci\u00f3n alimentaria por el solo transcurso del tiempo, resultar\u00eda una decisi\u00f3n carente de perspectiva<\/strong>\u00a0de las vulnerabilidades de menci\u00f3n, esto es, tanto de infancias como de g\u00e9nero\u201d, sostuvo el magistrado en el texto, como integrante en modo unipersonal por la Sala 3, con la Secretar\u00eda a cargo de Miriam Escuer.<\/p>\n\n\n\n<p>El&nbsp;<strong>progenitor sostuvo que el convenio de alimentos hab\u00eda sido firmado en 2016, pero que reci\u00e9n fue homologado en 2024,<\/strong>&nbsp;cuando sus circunstancias personales eran distintas (nacieron otros dos hijos). Por ello consider\u00f3 que la deuda deb\u00eda computarse desde esta \u00faltima fecha y no desde diciembre de 2016, como orden\u00f3 De La Iglesia. Y acot\u00f3 que como ese documento era inh\u00e1bil para ser ejecutado porque no hab\u00eda sido homologado durante ocho a\u00f1os.<\/p>\n\n\n\n<p><strong>Salas dijo que el hecho de que cambiaran sus circunstancias personales no fue motivo suficiente para invalidar el acuerdo de cuota alimentaria<\/strong>&nbsp;y que, en ese caso, debi\u00f3 iniciar \u201cla acci\u00f3n pertinente en el momento que lo consider\u00f3 oportuno y, sin embargo, no lo hizo\u201d.<\/p>\n\n\n\n<p>La<strong>&nbsp;jueza tambi\u00e9n aval\u00f3 la suspensi\u00f3n de la prescripci\u00f3n de la demanda hasta que el alimentado menor no alcance la mayor\u00eda de edad, por su condici\u00f3n de incapaz, desde el punto de vista legal.<\/strong><\/p>\n\n\n\n<p>Salas ratific\u00f3 esa posici\u00f3n por cuanto la jueza aplic\u00f3 \u201cla doctrina derivada de los tratados internacionales sobre Derechos del Ni\u00f1o y Derechos Humanos (\u2026), para el caso de las obligaciones alimentarias entre parientes y en particular entre padres e hijos\u00bb.<\/p>\n\n\n\n<p>\u201cLa magistrada entendi\u00f3, sumando con ello valor pleno a la decisi\u00f3n judicial, que la interpretaci\u00f3n en favor de la suspensi\u00f3n de la prescripci\u00f3n era la m\u00e1s favorable para el sujeto m\u00e1s d\u00e9bil de la relaci\u00f3n jur\u00eddica; y a su vez compatible con el principio de inter\u00e9s superior del ni\u00f1o y la perspectiva de g\u00e9nero, ambos establecidos constitucional y convencionalmente\u201d, acot\u00f3 el camarista.<\/p>\n\n\n\n<p>\u201cAdem\u00e1s, se\u00f1al\u00f3 atinadamente, que ello desalienta el incumplimiento o el actuar desinteresado de aquellas personas que est\u00e1n obligadas a abonar alimentos \u2013concluy\u00f3\u2013. En definitiva, el apelante prescindi\u00f3 de los s\u00f3lidos fundamentos dados por la jueza e insisti\u00f3 con la aplicaci\u00f3n de distintos supuestos de plazos de prescripci\u00f3n; con lo cual, no hizo m\u00e1s que omitir criticar en forma concreta y razonada la aplicaci\u00f3n del art\u00edculo 2543 inciso c) del C\u00f3digo Civil y Comercial, sellando as\u00ed la suerte adversa de su recurso\u201d.<\/p>\n\n\n\n<p>diariotextual<\/p>\n","protected":false},"excerpt":{"rendered":"<p>La&nbsp;C\u00e1mara de Apelaciones en lo Civil, Comercial, Laboral y de Miner\u00eda de Santa Rosa&nbsp;no hizo&#8230;<\/p>\n","protected":false},"author":2,"featured_media":2014,"comment_status":"closed","ping_status":"closed","sticky":false,"template":"","format":"standard","meta":{"_jetpack_memberships_contains_paid_content":false,"footnotes":"","jetpack_publicize_message":"Hijo demand\u00f3 a su padre por la cuota alimentaria y la Justicia aval\u00f3 fecha de la demanda","jetpack_publicize_feature_enabled":true,"jetpack_social_post_already_shared":false,"jetpack_social_options":{"image_generator_settings":{"template":"highway","default_image_id":0,"font":"","enabled":false},"version":2}},"categories":[86],"tags":[],"class_list":["post-2013","post","type-post","status-publish","format-standard","has-post-thumbnail","hentry","category-sociedad"],"yoast_head":"<!-- This site is optimized with the Yoast SEO plugin v27.4 - https:\/\/yoast.com\/product\/yoast-seo-wordpress\/ -->\n<title>Hijo demand\u00f3 a su padre por la cuota alimentaria y la Justicia aval\u00f3 fecha de la demanda -<\/title>\n<meta name=\"robots\" content=\"index, follow, max-snippet:-1, max-image-preview:large, max-video-preview:-1\" \/>\n<link rel=\"canonical\" href=\"https:\/\/impactocastex.com.ar\/?p=2013\" \/>\n<meta property=\"og:locale\" content=\"es_ES\" \/>\n<meta property=\"og:type\" content=\"article\" \/>\n<meta property=\"og:title\" content=\"Hijo demand\u00f3 a su padre por la cuota alimentaria y la Justicia aval\u00f3 fecha de la demanda -\" \/>\n<meta property=\"og:description\" content=\"La&nbsp;C\u00e1mara de Apelaciones en lo Civil, Comercial, Laboral y de Miner\u00eda de Santa Rosa&nbsp;no hizo...\" \/>\n<meta property=\"og:url\" content=\"https:\/\/impactocastex.com.ar\/?p=2013\" \/>\n<meta property=\"article:publisher\" content=\"https:\/\/www.facebook.com\/impactocastexdiario\" \/>\n<meta property=\"article:published_time\" content=\"2025-10-16T13:51:51+00:00\" \/>\n<meta property=\"article:modified_time\" content=\"2025-10-16T13:51:53+00:00\" \/>\n<meta property=\"og:image\" content=\"https:\/\/impactocastex.com.ar\/wp-content\/uploads\/2025\/10\/adopcion0001.jpg\" \/>\n\t<meta property=\"og:image:width\" content=\"768\" \/>\n\t<meta property=\"og:image:height\" content=\"550\" \/>\n\t<meta property=\"og:image:type\" content=\"image\/jpeg\" \/>\n<meta name=\"author\" content=\"impactocastex\" \/>\n<meta name=\"twitter:card\" content=\"summary_large_image\" \/>\n<meta name=\"twitter:label1\" content=\"Escrito por\" \/>\n\t<meta name=\"twitter:data1\" content=\"impactocastex\" \/>\n\t<meta name=\"twitter:label2\" content=\"Tiempo de lectura\" \/>\n\t<meta name=\"twitter:data2\" content=\"3 minutos\" \/>\n<script type=\"application\/ld+json\" class=\"yoast-schema-graph\">{\"@context\":\"https:\\\/\\\/schema.org\",\"@graph\":[{\"@type\":\"Article\",\"@id\":\"https:\\\/\\\/impactocastex.com.ar\\\/?p=2013#article\",\"isPartOf\":{\"@id\":\"https:\\\/\\\/impactocastex.com.ar\\\/?p=2013\"},\"author\":{\"name\":\"impactocastex\",\"@id\":\"https:\\\/\\\/impactocastex.com.ar\\\/#\\\/schema\\\/person\\\/c115028fb60f9bf49ce7550894b84ea7\"},\"headline\":\"Hijo demand\u00f3 a su padre por la cuota alimentaria y la Justicia aval\u00f3 fecha de la demanda\",\"datePublished\":\"2025-10-16T13:51:51+00:00\",\"dateModified\":\"2025-10-16T13:51:53+00:00\",\"mainEntityOfPage\":{\"@id\":\"https:\\\/\\\/impactocastex.com.ar\\\/?p=2013\"},\"wordCount\":627,\"publisher\":{\"@id\":\"https:\\\/\\\/impactocastex.com.ar\\\/#organization\"},\"image\":{\"@id\":\"https:\\\/\\\/impactocastex.com.ar\\\/?p=2013#primaryimage\"},\"thumbnailUrl\":\"https:\\\/\\\/impactocastex.com.ar\\\/wp-content\\\/uploads\\\/2025\\\/10\\\/adopcion0001.jpg\",\"articleSection\":[\"SOCIEDAD\"],\"inLanguage\":\"es\"},{\"@type\":\"WebPage\",\"@id\":\"https:\\\/\\\/impactocastex.com.ar\\\/?p=2013\",\"url\":\"https:\\\/\\\/impactocastex.com.ar\\\/?p=2013\",\"name\":\"Hijo demand\u00f3 a su padre por la cuota alimentaria y la Justicia aval\u00f3 fecha de la demanda -\",\"isPartOf\":{\"@id\":\"https:\\\/\\\/impactocastex.com.ar\\\/#website\"},\"primaryImageOfPage\":{\"@id\":\"https:\\\/\\\/impactocastex.com.ar\\\/?p=2013#primaryimage\"},\"image\":{\"@id\":\"https:\\\/\\\/impactocastex.com.ar\\\/?p=2013#primaryimage\"},\"thumbnailUrl\":\"https:\\\/\\\/impactocastex.com.ar\\\/wp-content\\\/uploads\\\/2025\\\/10\\\/adopcion0001.jpg\",\"datePublished\":\"2025-10-16T13:51:51+00:00\",\"dateModified\":\"2025-10-16T13:51:53+00:00\",\"breadcrumb\":{\"@id\":\"https:\\\/\\\/impactocastex.com.ar\\\/?p=2013#breadcrumb\"},\"inLanguage\":\"es\",\"potentialAction\":[{\"@type\":\"ReadAction\",\"target\":[\"https:\\\/\\\/impactocastex.com.ar\\\/?p=2013\"]}]},{\"@type\":\"ImageObject\",\"inLanguage\":\"es\",\"@id\":\"https:\\\/\\\/impactocastex.com.ar\\\/?p=2013#primaryimage\",\"url\":\"https:\\\/\\\/impactocastex.com.ar\\\/wp-content\\\/uploads\\\/2025\\\/10\\\/adopcion0001.jpg\",\"contentUrl\":\"https:\\\/\\\/impactocastex.com.ar\\\/wp-content\\\/uploads\\\/2025\\\/10\\\/adopcion0001.jpg\",\"width\":768,\"height\":550},{\"@type\":\"BreadcrumbList\",\"@id\":\"https:\\\/\\\/impactocastex.com.ar\\\/?p=2013#breadcrumb\",\"itemListElement\":[{\"@type\":\"ListItem\",\"position\":1,\"name\":\"Portada\",\"item\":\"https:\\\/\\\/impactocastex.com.ar\\\/\"},{\"@type\":\"ListItem\",\"position\":2,\"name\":\"Hijo demand\u00f3 a su padre por la cuota alimentaria y la Justicia aval\u00f3 fecha de la demanda\"}]},{\"@type\":\"WebSite\",\"@id\":\"https:\\\/\\\/impactocastex.com.ar\\\/#website\",\"url\":\"https:\\\/\\\/impactocastex.com.ar\\\/\",\"name\":\"Impacto Castex\",\"description\":\"\",\"publisher\":{\"@id\":\"https:\\\/\\\/impactocastex.com.ar\\\/#organization\"},\"potentialAction\":[{\"@type\":\"SearchAction\",\"target\":{\"@type\":\"EntryPoint\",\"urlTemplate\":\"https:\\\/\\\/impactocastex.com.ar\\\/?s={search_term_string}\"},\"query-input\":{\"@type\":\"PropertyValueSpecification\",\"valueRequired\":true,\"valueName\":\"search_term_string\"}}],\"inLanguage\":\"es\"},{\"@type\":\"Organization\",\"@id\":\"https:\\\/\\\/impactocastex.com.ar\\\/#organization\",\"name\":\"Impacto Castex\",\"url\":\"https:\\\/\\\/impactocastex.com.ar\\\/\",\"logo\":{\"@type\":\"ImageObject\",\"inLanguage\":\"es\",\"@id\":\"https:\\\/\\\/impactocastex.com.ar\\\/#\\\/schema\\\/logo\\\/image\\\/\",\"url\":\"https:\\\/\\\/impactocastex.com.ar\\\/wp-content\\\/uploads\\\/2025\\\/09\\\/cropped-icoweb.png\",\"contentUrl\":\"https:\\\/\\\/impactocastex.com.ar\\\/wp-content\\\/uploads\\\/2025\\\/09\\\/cropped-icoweb.png\",\"width\":512,\"height\":512,\"caption\":\"Impacto Castex\"},\"image\":{\"@id\":\"https:\\\/\\\/impactocastex.com.ar\\\/#\\\/schema\\\/logo\\\/image\\\/\"},\"sameAs\":[\"https:\\\/\\\/www.facebook.com\\\/impactocastexdiario\",\"https:\\\/\\\/www.instagram.com\\\/impactocastex.com.ar\\\/\"]},{\"@type\":\"Person\",\"@id\":\"https:\\\/\\\/impactocastex.com.ar\\\/#\\\/schema\\\/person\\\/c115028fb60f9bf49ce7550894b84ea7\",\"name\":\"impactocastex\",\"image\":{\"@type\":\"ImageObject\",\"inLanguage\":\"es\",\"@id\":\"https:\\\/\\\/secure.gravatar.com\\\/avatar\\\/fee87e7af008f02e9becdc0b5a9fd4a2e79b3918a571edeacb62211704637833?s=96&d=mm&r=g\",\"url\":\"https:\\\/\\\/secure.gravatar.com\\\/avatar\\\/fee87e7af008f02e9becdc0b5a9fd4a2e79b3918a571edeacb62211704637833?s=96&d=mm&r=g\",\"contentUrl\":\"https:\\\/\\\/secure.gravatar.com\\\/avatar\\\/fee87e7af008f02e9becdc0b5a9fd4a2e79b3918a571edeacb62211704637833?s=96&d=mm&r=g\",\"caption\":\"impactocastex\"},\"sameAs\":[\"https:\\\/\\\/impactocastex.com.ar\\\/\"],\"url\":\"https:\\\/\\\/impactocastex.com.ar\\\/?author=2\"}]}<\/script>\n<!-- \/ Yoast SEO plugin. -->","yoast_head_json":{"title":"Hijo demand\u00f3 a su padre por la cuota alimentaria y la Justicia aval\u00f3 fecha de la demanda -","robots":{"index":"index","follow":"follow","max-snippet":"max-snippet:-1","max-image-preview":"max-image-preview:large","max-video-preview":"max-video-preview:-1"},"canonical":"https:\/\/impactocastex.com.ar\/?p=2013","og_locale":"es_ES","og_type":"article","og_title":"Hijo demand\u00f3 a su padre por la cuota alimentaria y la Justicia aval\u00f3 fecha de la demanda -","og_description":"La&nbsp;C\u00e1mara de Apelaciones en lo Civil, Comercial, Laboral y de Miner\u00eda de Santa Rosa&nbsp;no hizo...","og_url":"https:\/\/impactocastex.com.ar\/?p=2013","article_publisher":"https:\/\/www.facebook.com\/impactocastexdiario","article_published_time":"2025-10-16T13:51:51+00:00","article_modified_time":"2025-10-16T13:51:53+00:00","og_image":[{"width":768,"height":550,"url":"https:\/\/impactocastex.com.ar\/wp-content\/uploads\/2025\/10\/adopcion0001.jpg","type":"image\/jpeg"}],"author":"impactocastex","twitter_card":"summary_large_image","twitter_misc":{"Escrito por":"impactocastex","Tiempo de lectura":"3 minutos"},"schema":{"@context":"https:\/\/schema.org","@graph":[{"@type":"Article","@id":"https:\/\/impactocastex.com.ar\/?p=2013#article","isPartOf":{"@id":"https:\/\/impactocastex.com.ar\/?p=2013"},"author":{"name":"impactocastex","@id":"https:\/\/impactocastex.com.ar\/#\/schema\/person\/c115028fb60f9bf49ce7550894b84ea7"},"headline":"Hijo demand\u00f3 a su padre por la cuota alimentaria y la Justicia aval\u00f3 fecha de la demanda","datePublished":"2025-10-16T13:51:51+00:00","dateModified":"2025-10-16T13:51:53+00:00","mainEntityOfPage":{"@id":"https:\/\/impactocastex.com.ar\/?p=2013"},"wordCount":627,"publisher":{"@id":"https:\/\/impactocastex.com.ar\/#organization"},"image":{"@id":"https:\/\/impactocastex.com.ar\/?p=2013#primaryimage"},"thumbnailUrl":"https:\/\/impactocastex.com.ar\/wp-content\/uploads\/2025\/10\/adopcion0001.jpg","articleSection":["SOCIEDAD"],"inLanguage":"es"},{"@type":"WebPage","@id":"https:\/\/impactocastex.com.ar\/?p=2013","url":"https:\/\/impactocastex.com.ar\/?p=2013","name":"Hijo demand\u00f3 a su padre por la cuota alimentaria y la Justicia aval\u00f3 fecha de la demanda -","isPartOf":{"@id":"https:\/\/impactocastex.com.ar\/#website"},"primaryImageOfPage":{"@id":"https:\/\/impactocastex.com.ar\/?p=2013#primaryimage"},"image":{"@id":"https:\/\/impactocastex.com.ar\/?p=2013#primaryimage"},"thumbnailUrl":"https:\/\/impactocastex.com.ar\/wp-content\/uploads\/2025\/10\/adopcion0001.jpg","datePublished":"2025-10-16T13:51:51+00:00","dateModified":"2025-10-16T13:51:53+00:00","breadcrumb":{"@id":"https:\/\/impactocastex.com.ar\/?p=2013#breadcrumb"},"inLanguage":"es","potentialAction":[{"@type":"ReadAction","target":["https:\/\/impactocastex.com.ar\/?p=2013"]}]},{"@type":"ImageObject","inLanguage":"es","@id":"https:\/\/impactocastex.com.ar\/?p=2013#primaryimage","url":"https:\/\/impactocastex.com.ar\/wp-content\/uploads\/2025\/10\/adopcion0001.jpg","contentUrl":"https:\/\/impactocastex.com.ar\/wp-content\/uploads\/2025\/10\/adopcion0001.jpg","width":768,"height":550},{"@type":"BreadcrumbList","@id":"https:\/\/impactocastex.com.ar\/?p=2013#breadcrumb","itemListElement":[{"@type":"ListItem","position":1,"name":"Portada","item":"https:\/\/impactocastex.com.ar\/"},{"@type":"ListItem","position":2,"name":"Hijo demand\u00f3 a su padre por la cuota alimentaria y la Justicia aval\u00f3 fecha de la demanda"}]},{"@type":"WebSite","@id":"https:\/\/impactocastex.com.ar\/#website","url":"https:\/\/impactocastex.com.ar\/","name":"Impacto Castex","description":"","publisher":{"@id":"https:\/\/impactocastex.com.ar\/#organization"},"potentialAction":[{"@type":"SearchAction","target":{"@type":"EntryPoint","urlTemplate":"https:\/\/impactocastex.com.ar\/?s={search_term_string}"},"query-input":{"@type":"PropertyValueSpecification","valueRequired":true,"valueName":"search_term_string"}}],"inLanguage":"es"},{"@type":"Organization","@id":"https:\/\/impactocastex.com.ar\/#organization","name":"Impacto Castex","url":"https:\/\/impactocastex.com.ar\/","logo":{"@type":"ImageObject","inLanguage":"es","@id":"https:\/\/impactocastex.com.ar\/#\/schema\/logo\/image\/","url":"https:\/\/impactocastex.com.ar\/wp-content\/uploads\/2025\/09\/cropped-icoweb.png","contentUrl":"https:\/\/impactocastex.com.ar\/wp-content\/uploads\/2025\/09\/cropped-icoweb.png","width":512,"height":512,"caption":"Impacto Castex"},"image":{"@id":"https:\/\/impactocastex.com.ar\/#\/schema\/logo\/image\/"},"sameAs":["https:\/\/www.facebook.com\/impactocastexdiario","https:\/\/www.instagram.com\/impactocastex.com.ar\/"]},{"@type":"Person","@id":"https:\/\/impactocastex.com.ar\/#\/schema\/person\/c115028fb60f9bf49ce7550894b84ea7","name":"impactocastex","image":{"@type":"ImageObject","inLanguage":"es","@id":"https:\/\/secure.gravatar.com\/avatar\/fee87e7af008f02e9becdc0b5a9fd4a2e79b3918a571edeacb62211704637833?s=96&d=mm&r=g","url":"https:\/\/secure.gravatar.com\/avatar\/fee87e7af008f02e9becdc0b5a9fd4a2e79b3918a571edeacb62211704637833?s=96&d=mm&r=g","contentUrl":"https:\/\/secure.gravatar.com\/avatar\/fee87e7af008f02e9becdc0b5a9fd4a2e79b3918a571edeacb62211704637833?s=96&d=mm&r=g","caption":"impactocastex"},"sameAs":["https:\/\/impactocastex.com.ar\/"],"url":"https:\/\/impactocastex.com.ar\/?author=2"}]}},"jetpack_publicize_connections":[],"featured_image_urls":{"full":["https:\/\/impactocastex.com.ar\/wp-content\/uploads\/2025\/10\/adopcion0001.jpg",768,550,false],"thumbnail":["https:\/\/impactocastex.com.ar\/wp-content\/uploads\/2025\/10\/adopcion0001-150x150.jpg",150,150,true],"medium":["https:\/\/impactocastex.com.ar\/wp-content\/uploads\/2025\/10\/adopcion0001-300x215.jpg",300,215,true],"medium_large":["https:\/\/impactocastex.com.ar\/wp-content\/uploads\/2025\/10\/adopcion0001.jpg",640,458,false],"large":["https:\/\/impactocastex.com.ar\/wp-content\/uploads\/2025\/10\/adopcion0001.jpg",640,458,false],"1536x1536":["https:\/\/impactocastex.com.ar\/wp-content\/uploads\/2025\/10\/adopcion0001.jpg",768,550,false],"2048x2048":["https:\/\/impactocastex.com.ar\/wp-content\/uploads\/2025\/10\/adopcion0001.jpg",768,550,false],"newsever-slider-full":["https:\/\/impactocastex.com.ar\/wp-content\/uploads\/2025\/10\/adopcion0001.jpg",768,550,false],"newsever-featured":["https:\/\/impactocastex.com.ar\/wp-content\/uploads\/2025\/10\/adopcion0001.jpg",768,550,false],"newsever-medium":["https:\/\/impactocastex.com.ar\/wp-content\/uploads\/2025\/10\/adopcion0001-720x475.jpg",720,475,true]},"author_info":{"info":["impactocastex"]},"category_info":"<a href=\"https:\/\/impactocastex.com.ar\/?cat=86\" rel=\"category\">SOCIEDAD<\/a>","tag_info":"SOCIEDAD","comment_count":0,"jetpack_featured_media_url":"https:\/\/impactocastex.com.ar\/wp-content\/uploads\/2025\/10\/adopcion0001.jpg","jetpack_sharing_enabled":true,"jetpack_likes_enabled":true,"jetpack_shortlink":"https:\/\/wp.me\/p7sopA-wt","_links":{"self":[{"href":"https:\/\/impactocastex.com.ar\/index.php?rest_route=\/wp\/v2\/posts\/2013","targetHints":{"allow":["GET"]}}],"collection":[{"href":"https:\/\/impactocastex.com.ar\/index.php?rest_route=\/wp\/v2\/posts"}],"about":[{"href":"https:\/\/impactocastex.com.ar\/index.php?rest_route=\/wp\/v2\/types\/post"}],"author":[{"embeddable":true,"href":"https:\/\/impactocastex.com.ar\/index.php?rest_route=\/wp\/v2\/users\/2"}],"replies":[{"embeddable":true,"href":"https:\/\/impactocastex.com.ar\/index.php?rest_route=%2Fwp%2Fv2%2Fcomments&post=2013"}],"version-history":[{"count":1,"href":"https:\/\/impactocastex.com.ar\/index.php?rest_route=\/wp\/v2\/posts\/2013\/revisions"}],"predecessor-version":[{"id":2015,"href":"https:\/\/impactocastex.com.ar\/index.php?rest_route=\/wp\/v2\/posts\/2013\/revisions\/2015"}],"wp:featuredmedia":[{"embeddable":true,"href":"https:\/\/impactocastex.com.ar\/index.php?rest_route=\/wp\/v2\/media\/2014"}],"wp:attachment":[{"href":"https:\/\/impactocastex.com.ar\/index.php?rest_route=%2Fwp%2Fv2%2Fmedia&parent=2013"}],"wp:term":[{"taxonomy":"category","embeddable":true,"href":"https:\/\/impactocastex.com.ar\/index.php?rest_route=%2Fwp%2Fv2%2Fcategories&post=2013"},{"taxonomy":"post_tag","embeddable":true,"href":"https:\/\/impactocastex.com.ar\/index.php?rest_route=%2Fwp%2Fv2%2Ftags&post=2013"}],"curies":[{"name":"wp","href":"https:\/\/api.w.org\/{rel}","templated":true}]}}