{"id":17065,"date":"2026-05-03T09:14:52","date_gmt":"2026-05-03T12:14:52","guid":{"rendered":"https:\/\/impactocastex.com.ar\/?p=17065"},"modified":"2026-05-03T09:14:52","modified_gmt":"2026-05-03T12:14:52","slug":"detuvieron-a-tres-ladrones-extranjeros-que-robaron-dos-farmacias-en-el-centro","status":"publish","type":"post","link":"https:\/\/impactocastex.com.ar\/?p=17065","title":{"rendered":"Detuvieron a tres ladrones extranjeros que robaron dos farmacias en el centro"},"content":{"rendered":"<p>La Polic\u00eda de la Ciudad detuvo a tres extranjeros por el<a href=\"https:\/\/www.lanacion.com.ar\/sociedad\/robo-en-una-farmacia-en-olivos-cerca-de-la-quinta-presidencial-nid1063741\/\" target=\"_self\" rel=\"\" title=\"https:\/\/www.lanacion.com.ar\/sociedad\/robo-en-una-farmacia-en-olivos-cerca-de-la-quinta-presidencial-nid1063741\/\"><b> robo a una farmacia<\/b><\/a> en el barrio porte\u00f1o de San Nicol\u00e1s.<\/p>\n<p>La intervenci\u00f3n policial se inici\u00f3 a partir de una denuncia radicada por el responsable del local situado sobre la calle Carlos Pellegrini al 400, donde los sospechosos<b> robaron productos de cosm\u00e9tica y perfumer\u00eda<\/b> y luego se dieron a la fuga, seg\u00fan precisaron fuentes policiales porte\u00f1as a LA NACION.<\/p>\n<p><img loading=\"lazy\" decoding=\"async\" src=\"https:\/\/resizer.glanacion.com\/resizer\/v2\/JICKDX7AHJD7TL2DOKIJCLHHSU.jpg?auth=3e541c110bddf29d28d22ec8ccc780ad7fe2919aed01c55005baaba9cc2411a6&amp;smart=true&amp;width=3084&amp;height=2446\" alt=\"Los detenidos fueron identificados como un hombre de nacionalidad peruana, de 38 a\u00f1os, y dos mujeres de nacionalidad chilena, de 38 y 39 a\u00f1os respectivamente. \" height=\"2446\" width=\"3084\" \/><\/p>\n<p>Los efectivos lograron dar con los sospechosos luego de <b>detectar el auto en que se desplazaban<\/b>. El personal de la Comisar\u00eda Vecinal 1\u00aa, que realizaba tareas de prevenci\u00f3n en la zona, logr\u00f3 interceptarlos en Carlos Pellegrini y Avenida Del Libertador, en el barrio de Retiro. <\/p>\n<p>Los detenidos fueron identificados como un<b> hombre de nacionalidad peruana<\/b>, de 38 a\u00f1os, <b>antecedentes penales y una condena<\/b> por delitos contra la propiedad, y dos mujeres de nacionalidad chilena, de 38 y 39 a\u00f1os respectivamente. <\/p>\n<p>Entre los elementos sustra\u00eddos, la polic\u00eda hall\u00f3 un total de <b>23 cajas de perfumes<\/b>, dos potes de crema para el tratamiento del cabello y una mochila.<\/p>\n<p><img loading=\"lazy\" decoding=\"async\" src=\"https:\/\/resizer.glanacion.com\/resizer\/v2\/QMMYBWGFXFF6DCNF6RJIBCDMQ4.jpeg?auth=49e7c244c91afacfb28359d004db010c3e37944cf1681647ae3fbffa474a9e62&amp;smart=true&amp;width=1129&amp;height=1184\" alt=\"Los sospechosos son un hombre de nacionalidad peruana con antecedentes penales y dos mujeres chilenas\" height=\"1184\" width=\"1129\" \/><\/p>\n<p>A su vez contestaron que los delincuentes <b>hab\u00edan perpetrado un robo bajo la misma modalidad <\/b>apenas unos momentos antes en otra sucursal de la misma cadena de farmacias, ubicada sobre la calle Yrigoyen al 900. <\/p>\n<p>En ese sentido se determin\u00f3 que <b>formar\u00edan parte de una banda delictiva <\/b>cuyo objetivo principal es el robo en locales comerciales porte\u00f1os.<\/p>\n<p>La investigaci\u00f3n del caso qued\u00f3 bajo la \u00f3rbita del Juzgado Nacional en lo Criminal y Correccional N\u00b0 58, a cargo de Manuel Bruniard.<\/p>\n<p>\u200bLos sospechosos son un hombre de nacionalidad peruana con antecedentes penales y dos mujeres chilenas\u00a0\u00a0<\/p>","protected":false},"excerpt":{"rendered":"<p>La Polic\u00eda de la Ciudad detuvo a tres extranjeros por el robo a una farmacia&#8230;<\/p>\n","protected":false},"author":1,"featured_media":17066,"comment_status":"closed","ping_status":"closed","sticky":false,"template":"","format":"standard","meta":{"_jetpack_memberships_contains_paid_content":false,"footnotes":"","jetpack_publicize_message":"","jetpack_publicize_feature_enabled":true,"jetpack_social_post_already_shared":true,"jetpack_social_options":{"image_generator_settings":{"template":"highway","default_image_id":0,"font":"","enabled":false},"version":2}},"categories":[89],"tags":[],"class_list":["post-17065","post","type-post","status-publish","format-standard","has-post-thumbnail","hentry","category-nacionales"],"yoast_head":"<!-- This site is optimized with the Yoast SEO plugin v27.4 - https:\/\/yoast.com\/product\/yoast-seo-wordpress\/ -->\n<title>Detuvieron a tres ladrones extranjeros que robaron dos farmacias en el centro -<\/title>\n<meta name=\"robots\" content=\"index, follow, max-snippet:-1, max-image-preview:large, max-video-preview:-1\" \/>\n<link rel=\"canonical\" href=\"https:\/\/impactocastex.com.ar\/?p=17065\" \/>\n<meta property=\"og:locale\" content=\"es_ES\" \/>\n<meta property=\"og:type\" content=\"article\" \/>\n<meta property=\"og:title\" content=\"Detuvieron a tres ladrones extranjeros que robaron dos farmacias en el centro -\" \/>\n<meta property=\"og:description\" content=\"La Polic\u00eda de la Ciudad detuvo a tres extranjeros por el robo a una farmacia...\" \/>\n<meta property=\"og:url\" content=\"https:\/\/impactocastex.com.ar\/?p=17065\" \/>\n<meta property=\"article:publisher\" content=\"https:\/\/www.facebook.com\/impactocastexdiario\" \/>\n<meta property=\"article:published_time\" content=\"2026-05-03T12:14:52+00:00\" \/>\n<meta property=\"og:image\" content=\"https:\/\/resizer.glanacion.com\/resizer\/v2\/JICKDX7AHJD7TL2DOKIJCLHHSU.jpg?auth=3e541c110bddf29d28d22ec8ccc780ad7fe2919aed01c55005baaba9cc2411a6&amp;smart=true&amp;width=3084&amp;height=2446\" \/>\n<meta name=\"author\" content=\"impactocastex\" \/>\n<meta name=\"twitter:card\" content=\"summary_large_image\" \/>\n<meta name=\"twitter:label1\" content=\"Escrito por\" \/>\n\t<meta name=\"twitter:data1\" content=\"impactocastex\" \/>\n\t<meta name=\"twitter:label2\" content=\"Tiempo de lectura\" \/>\n\t<meta name=\"twitter:data2\" content=\"1 minuto\" \/>\n<script type=\"application\/ld+json\" class=\"yoast-schema-graph\">{\"@context\":\"https:\\\/\\\/schema.org\",\"@graph\":[{\"@type\":\"Article\",\"@id\":\"https:\\\/\\\/impactocastex.com.ar\\\/?p=17065#article\",\"isPartOf\":{\"@id\":\"https:\\\/\\\/impactocastex.com.ar\\\/?p=17065\"},\"author\":{\"name\":\"impactocastex\",\"@id\":\"https:\\\/\\\/impactocastex.com.ar\\\/#\\\/schema\\\/person\\\/86cb4f827fb5f87869a239b98a69c6e3\"},\"headline\":\"Detuvieron a tres ladrones extranjeros que robaron dos farmacias en el centro\",\"datePublished\":\"2026-05-03T12:14:52+00:00\",\"mainEntityOfPage\":{\"@id\":\"https:\\\/\\\/impactocastex.com.ar\\\/?p=17065\"},\"wordCount\":293,\"publisher\":{\"@id\":\"https:\\\/\\\/impactocastex.com.ar\\\/#organization\"},\"image\":{\"@id\":\"https:\\\/\\\/impactocastex.com.ar\\\/?p=17065#primaryimage\"},\"thumbnailUrl\":\"https:\\\/\\\/impactocastex.com.ar\\\/wp-content\\\/uploads\\\/2026\\\/05\\\/GVIXMJEDTRDC3EQAUEK2BXGVLE-bjFkeY.jpg\",\"articleSection\":[\"NACIONALES\"],\"inLanguage\":\"es\"},{\"@type\":\"WebPage\",\"@id\":\"https:\\\/\\\/impactocastex.com.ar\\\/?p=17065\",\"url\":\"https:\\\/\\\/impactocastex.com.ar\\\/?p=17065\",\"name\":\"Detuvieron a tres ladrones extranjeros que robaron dos farmacias en el centro -\",\"isPartOf\":{\"@id\":\"https:\\\/\\\/impactocastex.com.ar\\\/#website\"},\"primaryImageOfPage\":{\"@id\":\"https:\\\/\\\/impactocastex.com.ar\\\/?p=17065#primaryimage\"},\"image\":{\"@id\":\"https:\\\/\\\/impactocastex.com.ar\\\/?p=17065#primaryimage\"},\"thumbnailUrl\":\"https:\\\/\\\/impactocastex.com.ar\\\/wp-content\\\/uploads\\\/2026\\\/05\\\/GVIXMJEDTRDC3EQAUEK2BXGVLE-bjFkeY.jpg\",\"datePublished\":\"2026-05-03T12:14:52+00:00\",\"breadcrumb\":{\"@id\":\"https:\\\/\\\/impactocastex.com.ar\\\/?p=17065#breadcrumb\"},\"inLanguage\":\"es\",\"potentialAction\":[{\"@type\":\"ReadAction\",\"target\":[\"https:\\\/\\\/impactocastex.com.ar\\\/?p=17065\"]}]},{\"@type\":\"ImageObject\",\"inLanguage\":\"es\",\"@id\":\"https:\\\/\\\/impactocastex.com.ar\\\/?p=17065#primaryimage\",\"url\":\"https:\\\/\\\/impactocastex.com.ar\\\/wp-content\\\/uploads\\\/2026\\\/05\\\/GVIXMJEDTRDC3EQAUEK2BXGVLE-bjFkeY.jpg\",\"contentUrl\":\"https:\\\/\\\/impactocastex.com.ar\\\/wp-content\\\/uploads\\\/2026\\\/05\\\/GVIXMJEDTRDC3EQAUEK2BXGVLE-bjFkeY.jpg\",\"width\":640,\"height\":352},{\"@type\":\"BreadcrumbList\",\"@id\":\"https:\\\/\\\/impactocastex.com.ar\\\/?p=17065#breadcrumb\",\"itemListElement\":[{\"@type\":\"ListItem\",\"position\":1,\"name\":\"Portada\",\"item\":\"https:\\\/\\\/impactocastex.com.ar\\\/\"},{\"@type\":\"ListItem\",\"position\":2,\"name\":\"Detuvieron a tres ladrones extranjeros que robaron dos farmacias en el centro\"}]},{\"@type\":\"WebSite\",\"@id\":\"https:\\\/\\\/impactocastex.com.ar\\\/#website\",\"url\":\"https:\\\/\\\/impactocastex.com.ar\\\/\",\"name\":\"Impacto Castex\",\"description\":\"\",\"publisher\":{\"@id\":\"https:\\\/\\\/impactocastex.com.ar\\\/#organization\"},\"potentialAction\":[{\"@type\":\"SearchAction\",\"target\":{\"@type\":\"EntryPoint\",\"urlTemplate\":\"https:\\\/\\\/impactocastex.com.ar\\\/?s={search_term_string}\"},\"query-input\":{\"@type\":\"PropertyValueSpecification\",\"valueRequired\":true,\"valueName\":\"search_term_string\"}}],\"inLanguage\":\"es\"},{\"@type\":\"Organization\",\"@id\":\"https:\\\/\\\/impactocastex.com.ar\\\/#organization\",\"name\":\"Impacto Castex\",\"url\":\"https:\\\/\\\/impactocastex.com.ar\\\/\",\"logo\":{\"@type\":\"ImageObject\",\"inLanguage\":\"es\",\"@id\":\"https:\\\/\\\/impactocastex.com.ar\\\/#\\\/schema\\\/logo\\\/image\\\/\",\"url\":\"https:\\\/\\\/impactocastex.com.ar\\\/wp-content\\\/uploads\\\/2025\\\/09\\\/cropped-icoweb.png\",\"contentUrl\":\"https:\\\/\\\/impactocastex.com.ar\\\/wp-content\\\/uploads\\\/2025\\\/09\\\/cropped-icoweb.png\",\"width\":512,\"height\":512,\"caption\":\"Impacto Castex\"},\"image\":{\"@id\":\"https:\\\/\\\/impactocastex.com.ar\\\/#\\\/schema\\\/logo\\\/image\\\/\"},\"sameAs\":[\"https:\\\/\\\/www.facebook.com\\\/impactocastexdiario\",\"https:\\\/\\\/www.instagram.com\\\/impactocastex.com.ar\\\/\"]},{\"@type\":\"Person\",\"@id\":\"https:\\\/\\\/impactocastex.com.ar\\\/#\\\/schema\\\/person\\\/86cb4f827fb5f87869a239b98a69c6e3\",\"name\":\"impactocastex\",\"image\":{\"@type\":\"ImageObject\",\"inLanguage\":\"es\",\"@id\":\"https:\\\/\\\/secure.gravatar.com\\\/avatar\\\/9a87ee051ca8c77f5d4070843ce2c78cdf95b858b950fb039151de955122f5f5?s=96&d=mm&r=g\",\"url\":\"https:\\\/\\\/secure.gravatar.com\\\/avatar\\\/9a87ee051ca8c77f5d4070843ce2c78cdf95b858b950fb039151de955122f5f5?s=96&d=mm&r=g\",\"contentUrl\":\"https:\\\/\\\/secure.gravatar.com\\\/avatar\\\/9a87ee051ca8c77f5d4070843ce2c78cdf95b858b950fb039151de955122f5f5?s=96&d=mm&r=g\",\"caption\":\"impactocastex\"},\"sameAs\":[\"https:\\\/\\\/impactocastex.com.ar\"],\"url\":\"https:\\\/\\\/impactocastex.com.ar\\\/?author=1\"}]}<\/script>\n<!-- \/ Yoast SEO plugin. -->","yoast_head_json":{"title":"Detuvieron a tres ladrones extranjeros que robaron dos farmacias en el centro -","robots":{"index":"index","follow":"follow","max-snippet":"max-snippet:-1","max-image-preview":"max-image-preview:large","max-video-preview":"max-video-preview:-1"},"canonical":"https:\/\/impactocastex.com.ar\/?p=17065","og_locale":"es_ES","og_type":"article","og_title":"Detuvieron a tres ladrones extranjeros que robaron dos farmacias en el centro -","og_description":"La Polic\u00eda de la Ciudad detuvo a tres extranjeros por el robo a una farmacia...","og_url":"https:\/\/impactocastex.com.ar\/?p=17065","article_publisher":"https:\/\/www.facebook.com\/impactocastexdiario","article_published_time":"2026-05-03T12:14:52+00:00","og_image":[{"url":"https:\/\/resizer.glanacion.com\/resizer\/v2\/JICKDX7AHJD7TL2DOKIJCLHHSU.jpg?auth=3e541c110bddf29d28d22ec8ccc780ad7fe2919aed01c55005baaba9cc2411a6&amp;smart=true&amp;width=3084&amp;height=2446","type":"","width":"","height":""}],"author":"impactocastex","twitter_card":"summary_large_image","twitter_misc":{"Escrito por":"impactocastex","Tiempo de lectura":"1 minuto"},"schema":{"@context":"https:\/\/schema.org","@graph":[{"@type":"Article","@id":"https:\/\/impactocastex.com.ar\/?p=17065#article","isPartOf":{"@id":"https:\/\/impactocastex.com.ar\/?p=17065"},"author":{"name":"impactocastex","@id":"https:\/\/impactocastex.com.ar\/#\/schema\/person\/86cb4f827fb5f87869a239b98a69c6e3"},"headline":"Detuvieron a tres ladrones extranjeros que robaron dos farmacias en el centro","datePublished":"2026-05-03T12:14:52+00:00","mainEntityOfPage":{"@id":"https:\/\/impactocastex.com.ar\/?p=17065"},"wordCount":293,"publisher":{"@id":"https:\/\/impactocastex.com.ar\/#organization"},"image":{"@id":"https:\/\/impactocastex.com.ar\/?p=17065#primaryimage"},"thumbnailUrl":"https:\/\/impactocastex.com.ar\/wp-content\/uploads\/2026\/05\/GVIXMJEDTRDC3EQAUEK2BXGVLE-bjFkeY.jpg","articleSection":["NACIONALES"],"inLanguage":"es"},{"@type":"WebPage","@id":"https:\/\/impactocastex.com.ar\/?p=17065","url":"https:\/\/impactocastex.com.ar\/?p=17065","name":"Detuvieron a tres ladrones extranjeros que robaron dos farmacias en el centro -","isPartOf":{"@id":"https:\/\/impactocastex.com.ar\/#website"},"primaryImageOfPage":{"@id":"https:\/\/impactocastex.com.ar\/?p=17065#primaryimage"},"image":{"@id":"https:\/\/impactocastex.com.ar\/?p=17065#primaryimage"},"thumbnailUrl":"https:\/\/impactocastex.com.ar\/wp-content\/uploads\/2026\/05\/GVIXMJEDTRDC3EQAUEK2BXGVLE-bjFkeY.jpg","datePublished":"2026-05-03T12:14:52+00:00","breadcrumb":{"@id":"https:\/\/impactocastex.com.ar\/?p=17065#breadcrumb"},"inLanguage":"es","potentialAction":[{"@type":"ReadAction","target":["https:\/\/impactocastex.com.ar\/?p=17065"]}]},{"@type":"ImageObject","inLanguage":"es","@id":"https:\/\/impactocastex.com.ar\/?p=17065#primaryimage","url":"https:\/\/impactocastex.com.ar\/wp-content\/uploads\/2026\/05\/GVIXMJEDTRDC3EQAUEK2BXGVLE-bjFkeY.jpg","contentUrl":"https:\/\/impactocastex.com.ar\/wp-content\/uploads\/2026\/05\/GVIXMJEDTRDC3EQAUEK2BXGVLE-bjFkeY.jpg","width":640,"height":352},{"@type":"BreadcrumbList","@id":"https:\/\/impactocastex.com.ar\/?p=17065#breadcrumb","itemListElement":[{"@type":"ListItem","position":1,"name":"Portada","item":"https:\/\/impactocastex.com.ar\/"},{"@type":"ListItem","position":2,"name":"Detuvieron a tres ladrones extranjeros que robaron dos farmacias en el centro"}]},{"@type":"WebSite","@id":"https:\/\/impactocastex.com.ar\/#website","url":"https:\/\/impactocastex.com.ar\/","name":"Impacto Castex","description":"","publisher":{"@id":"https:\/\/impactocastex.com.ar\/#organization"},"potentialAction":[{"@type":"SearchAction","target":{"@type":"EntryPoint","urlTemplate":"https:\/\/impactocastex.com.ar\/?s={search_term_string}"},"query-input":{"@type":"PropertyValueSpecification","valueRequired":true,"valueName":"search_term_string"}}],"inLanguage":"es"},{"@type":"Organization","@id":"https:\/\/impactocastex.com.ar\/#organization","name":"Impacto Castex","url":"https:\/\/impactocastex.com.ar\/","logo":{"@type":"ImageObject","inLanguage":"es","@id":"https:\/\/impactocastex.com.ar\/#\/schema\/logo\/image\/","url":"https:\/\/impactocastex.com.ar\/wp-content\/uploads\/2025\/09\/cropped-icoweb.png","contentUrl":"https:\/\/impactocastex.com.ar\/wp-content\/uploads\/2025\/09\/cropped-icoweb.png","width":512,"height":512,"caption":"Impacto Castex"},"image":{"@id":"https:\/\/impactocastex.com.ar\/#\/schema\/logo\/image\/"},"sameAs":["https:\/\/www.facebook.com\/impactocastexdiario","https:\/\/www.instagram.com\/impactocastex.com.ar\/"]},{"@type":"Person","@id":"https:\/\/impactocastex.com.ar\/#\/schema\/person\/86cb4f827fb5f87869a239b98a69c6e3","name":"impactocastex","image":{"@type":"ImageObject","inLanguage":"es","@id":"https:\/\/secure.gravatar.com\/avatar\/9a87ee051ca8c77f5d4070843ce2c78cdf95b858b950fb039151de955122f5f5?s=96&d=mm&r=g","url":"https:\/\/secure.gravatar.com\/avatar\/9a87ee051ca8c77f5d4070843ce2c78cdf95b858b950fb039151de955122f5f5?s=96&d=mm&r=g","contentUrl":"https:\/\/secure.gravatar.com\/avatar\/9a87ee051ca8c77f5d4070843ce2c78cdf95b858b950fb039151de955122f5f5?s=96&d=mm&r=g","caption":"impactocastex"},"sameAs":["https:\/\/impactocastex.com.ar"],"url":"https:\/\/impactocastex.com.ar\/?author=1"}]}},"jetpack_publicize_connections":[],"featured_image_urls":{"full":["https:\/\/impactocastex.com.ar\/wp-content\/uploads\/2026\/05\/GVIXMJEDTRDC3EQAUEK2BXGVLE-bjFkeY.jpg",640,352,false],"thumbnail":["https:\/\/impactocastex.com.ar\/wp-content\/uploads\/2026\/05\/GVIXMJEDTRDC3EQAUEK2BXGVLE-bjFkeY-150x150.jpg",150,150,true],"medium":["https:\/\/impactocastex.com.ar\/wp-content\/uploads\/2026\/05\/GVIXMJEDTRDC3EQAUEK2BXGVLE-bjFkeY-300x165.jpg",300,165,true],"medium_large":["https:\/\/impactocastex.com.ar\/wp-content\/uploads\/2026\/05\/GVIXMJEDTRDC3EQAUEK2BXGVLE-bjFkeY.jpg",640,352,false],"large":["https:\/\/impactocastex.com.ar\/wp-content\/uploads\/2026\/05\/GVIXMJEDTRDC3EQAUEK2BXGVLE-bjFkeY.jpg",640,352,false],"1536x1536":["https:\/\/impactocastex.com.ar\/wp-content\/uploads\/2026\/05\/GVIXMJEDTRDC3EQAUEK2BXGVLE-bjFkeY.jpg",640,352,false],"2048x2048":["https:\/\/impactocastex.com.ar\/wp-content\/uploads\/2026\/05\/GVIXMJEDTRDC3EQAUEK2BXGVLE-bjFkeY.jpg",640,352,false],"newsever-slider-full":["https:\/\/impactocastex.com.ar\/wp-content\/uploads\/2026\/05\/GVIXMJEDTRDC3EQAUEK2BXGVLE-bjFkeY.jpg",640,352,false],"newsever-featured":["https:\/\/impactocastex.com.ar\/wp-content\/uploads\/2026\/05\/GVIXMJEDTRDC3EQAUEK2BXGVLE-bjFkeY.jpg",640,352,false],"newsever-medium":["https:\/\/impactocastex.com.ar\/wp-content\/uploads\/2026\/05\/GVIXMJEDTRDC3EQAUEK2BXGVLE-bjFkeY.jpg",640,352,false]},"author_info":{"info":["impactocastex"]},"category_info":"<a href=\"https:\/\/impactocastex.com.ar\/?cat=89\" rel=\"category\">NACIONALES<\/a>","tag_info":"NACIONALES","comment_count":0,"jetpack_featured_media_url":"https:\/\/impactocastex.com.ar\/wp-content\/uploads\/2026\/05\/GVIXMJEDTRDC3EQAUEK2BXGVLE-bjFkeY.jpg","jetpack_sharing_enabled":true,"jetpack_likes_enabled":true,"jetpack_shortlink":"https:\/\/wp.me\/p7sopA-4rf","_links":{"self":[{"href":"https:\/\/impactocastex.com.ar\/index.php?rest_route=\/wp\/v2\/posts\/17065","targetHints":{"allow":["GET"]}}],"collection":[{"href":"https:\/\/impactocastex.com.ar\/index.php?rest_route=\/wp\/v2\/posts"}],"about":[{"href":"https:\/\/impactocastex.com.ar\/index.php?rest_route=\/wp\/v2\/types\/post"}],"author":[{"embeddable":true,"href":"https:\/\/impactocastex.com.ar\/index.php?rest_route=\/wp\/v2\/users\/1"}],"replies":[{"embeddable":true,"href":"https:\/\/impactocastex.com.ar\/index.php?rest_route=%2Fwp%2Fv2%2Fcomments&post=17065"}],"version-history":[{"count":0,"href":"https:\/\/impactocastex.com.ar\/index.php?rest_route=\/wp\/v2\/posts\/17065\/revisions"}],"wp:featuredmedia":[{"embeddable":true,"href":"https:\/\/impactocastex.com.ar\/index.php?rest_route=\/wp\/v2\/media\/17066"}],"wp:attachment":[{"href":"https:\/\/impactocastex.com.ar\/index.php?rest_route=%2Fwp%2Fv2%2Fmedia&parent=17065"}],"wp:term":[{"taxonomy":"category","embeddable":true,"href":"https:\/\/impactocastex.com.ar\/index.php?rest_route=%2Fwp%2Fv2%2Fcategories&post=17065"},{"taxonomy":"post_tag","embeddable":true,"href":"https:\/\/impactocastex.com.ar\/index.php?rest_route=%2Fwp%2Fv2%2Ftags&post=17065"}],"curies":[{"name":"wp","href":"https:\/\/api.w.org\/{rel}","templated":true}]}}