{"id":17062,"date":"2026-05-03T07:18:12","date_gmt":"2026-05-03T10:18:12","guid":{"rendered":"https:\/\/impactocastex.com.ar\/?p=17062"},"modified":"2026-05-03T07:18:12","modified_gmt":"2026-05-03T10:18:12","slug":"por-que-hay-enojo-con-el-gobierno-pese-a-que-la-economia-crece","status":"publish","type":"post","link":"https:\/\/impactocastex.com.ar\/?p=17062","title":{"rendered":"Por qu\u00e9 hay enojo con el Gobierno pese a que la econom\u00eda crece"},"content":{"rendered":"<p>El equipo que maneja <b>Luis Caputo<\/b> sigue minuto a minuto las alternativas de la econom\u00eda real en cada provincia. Incluso hay funcionarios encargados de hacer cada 15 d\u00edas un informe de circulaci\u00f3n restringida sobre la situaci\u00f3n productiva. Son documentos valiosos porque permiten ver <b>qu\u00e9 es lo que realmente observa el Gobierno<\/b>, m\u00e1s all\u00e1 de los discursos p\u00fablicos cargados de optimismo a los que suele recurrir la pol\u00edtica.<\/p>\n<p>El \u00faltimo muestra el sem\u00e1foro del ministro. En verde aparecen inversiones de <b>Honda<\/b>, que inici\u00f3 la producci\u00f3n en Campana; <b>Vaca Muerta<\/b>, con r\u00e9cord de actividad; <b>Minera del Altiplano<\/b> en Catamarca; proyectos de energ\u00edas renovables en Formosa y La Pampa, y un anuncio de <b>Hewlett Packard<\/b> en Tierra del Fuego.<\/p>\n<p>En amarillo, varias empresas sobreviven en modo ajuste, como <b>Granja Tres Arroyos<\/b>, la <b>Algodonera del Valle<\/b> y el sector petrolero de <b>Santa Cruz<\/b>, con tensiones laborales y menor actividad.<\/p>\n<p><img loading=\"lazy\" decoding=\"async\" src=\"https:\/\/resizer.glanacion.com\/resizer\/v2\/FK6ZNIYKDNB7RFU4ASVVTP22IM.JPG?auth=ac27a07493d37e74d12e8110531b783705ae22766a39597bfad3b433ca19d427&amp;smart=true&amp;width=2500&amp;height=1668\" alt=\"La secretaria general de la Presidencia, Karina Milei, y el jefe de Gabinete, Manuel Adorni, en una visita a Vaca Muerta. Es una de las estrellas de la actividad productiva en la gesti\u00f3n libertaria.\" height=\"1668\" width=\"2500\" \/><\/p>\n<p>En rojo est\u00e1n los casos cr\u00edticos: el cierre de la planta de <b>John Foos<\/b>, la quiebra de <b>SanCor<\/b>, <b>L\u00e1cteos Ver\u00f3nica<\/b> paralizada, la industria santafesina en ca\u00edda y <b>Vicunha Textil<\/b> (San Juan) operando al m\u00ednimo. Los tres colores hacen una semblanza del pa\u00eds.<\/p>\n<p><b>Javier Milei<\/b> va por un hito poco frecuente en la Argentina. Distintos organismos internacionales, cuyas estad\u00edsticas son respetadas, anticiparon que el pa\u00eds podr\u00eda cerrar el turno electoral de 2027 <b>encadenando tres a\u00f1os seguidos de crecimiento econ\u00f3mico<\/b>. Hay que volver hasta el kirchnerismo para encontrar esa combinaci\u00f3n, muy rara en la historia dom\u00e9stica, que estuvo principalmente dominada por las marchas y contramarchas en la actividad.<\/p>\n<p><b>Milei<\/b>, sin embargo, est\u00e1 acechado por cr\u00edticas crecientes desde distintos sectores. Muchas provienen de sus colegas economistas, pero tambi\u00e9n de empresarios y gente de a pie. <\/p>\n<p>Se podr\u00edan resumir bajo el argumento impreciso de que <b>la econom\u00eda est\u00e1 mal <\/b>y que los sectores que dicen eso van camino a la extinci\u00f3n, se quejan ellos. Es una explicaci\u00f3n que desata pasiones en el Gobierno: <b>\u00bfpor qu\u00e9 hay enojo si la econom\u00eda crece como no lo hac\u00eda desde 2008?<\/b><\/p>\n<p>Desde noviembre de 2023, la recuperaci\u00f3n econ\u00f3mica tuvo ganadores definidos. Los n\u00fameros muestran qui\u00e9nes empujan: <b>bancos, agro, miner\u00eda y energ\u00eda<\/b>.<\/p>\n<p>Esas actividades pueden crecer mucho <b>sin generar empleo en la misma proporci\u00f3n<\/b>. El financiero, por ejemplo, es un rubro que se expande cada vez m\u00e1s empleando a menos gente, mientras que la explotaci\u00f3n de recursos naturales requiere dinero antes que personal.<\/p>\n<p><img loading=\"lazy\" decoding=\"async\" src=\"https:\/\/resizer.glanacion.com\/resizer\/v2\/SQUEXA4M2JCDDEDWDIJYNFQ7K4.png?auth=bfe939ba8cc0586de687a5c605f393edc85dc99b4caf2e1612896204b975447f&amp;smart=true&amp;width=2000&amp;height=1333\" alt=\"El gobernador de Neuqu\u00e9n, \" height=\"1333\" width=\"2000\" \/><\/p>\n<p>En la otra punta se encuentran sectores mucho m\u00e1s sensibles para el empleo y la vida cotidiana. La <b>industria total<\/b> todav\u00eda se ubica <b>6,7% por debajo<\/b> de noviembre de 2023 y la <b>construcci\u00f3n<\/b> arrastra una ca\u00edda de <b>12,6%<\/b>, mientras el <b>comercio<\/b> no muestra una recuperaci\u00f3n s\u00f3lida.<\/p>\n<p>Ah\u00ed aparece una primera explicaci\u00f3n del fastidio. <b>La econom\u00eda crece en general, pero cae para muchos argentinos en particular.<\/b> Quien vive en el cord\u00f3n industrial bonaerense no disfruta la bonanza petrolera de <b>A\u00f1elo<\/b> (la puerta de Vaca Muerta), de la misma manera que quien se gan\u00f3 la vida trabajando entre andamios y ladrillos experimenta su situaci\u00f3n econ\u00f3mica de una manera muy distinta a quien extrae <b>cobre o plata<\/b> en un yacimiento del Norte.<\/p>\n<p>Los n\u00fameros de la actividad hacen eco en el <b>empleo privado<\/b>, el que habitualmente se considera para determinar la salud de ese mercado. Durante la administraci\u00f3n de Milei, <b>cay\u00f3 en 22 de los 24 distritos<\/b>. Solo se salvan <b>Neuqu\u00e9n<\/b> y <b>R\u00edo Negro<\/b>, relacionadas con una actividad estrella, el petr\u00f3leo.<\/p>\n<p>No es algo muy distinto a lo que observa Econom\u00eda. <b>Luis Caputo<\/b> reconoci\u00f3 p\u00fablicamente esta semana que el <b>empleo registrado cay\u00f3<\/b>, aunque sostuvo que el total de puestos de trabajo creci\u00f3 en <b>100.000<\/b>.<\/p>\n<p>Los an\u00e1lisis oficiales de la <b>Casa Rosada<\/b> asumen una compleja situaci\u00f3n en ese punto, ya que en el cuarto trimestre del a\u00f1o pasado aument\u00f3 la <b>desocupaci\u00f3n<\/b>. El equipo econ\u00f3mico lo atribuye a una ca\u00edda significativa en la demanda de dinero en los meses anteriores a las elecciones, un factor que no incidir\u00e1 este a\u00f1o.<\/p>\n<p>Econom\u00eda tambi\u00e9n afirma que los <b>ingresos informales<\/b> avanzaron por encima de la inflaci\u00f3n. En salarios registrados, hay una lectura m\u00e1s ambigua seg\u00fan la fuente utilizada: <b>3% por encima de noviembre de 2023<\/b> de acuerdo con el <b>SIPA<\/b> \u2014serie que incluye horas extras y bonos\u2014 y <b>2% por debajo<\/b> seg\u00fan el <b>Indec<\/b>. El propio diagn\u00f3stico oficial, as\u00ed, expone una recuperaci\u00f3n con se\u00f1ales a\u00fan indefinidas en dos variables centrales, como el empleo y los ingresos.<\/p>\n<p><img loading=\"lazy\" decoding=\"async\" src=\"https:\/\/resizer.glanacion.com\/resizer\/v2\/3JMGIRVG5VCEJM22PNGNMCO7DM.JPG?auth=c35f9946106f8c5ca61fef8584a5bfa97561327d8c29824c2f2f4999a370d745&amp;smart=true&amp;width=2000&amp;height=1333\" alt=\"Luis Caputo sostuvo esta semana que espera mejores n\u00fameros en construcci\u00f3n e industria\" height=\"1333\" width=\"2000\" \/><\/p>\n<p>La situaci\u00f3n del empleo representa un gran desaf\u00edo para el futuro de <b>La Libertad Avanza<\/b>. <b>El problema pol\u00edtico del crecimiento es geogr\u00e1fico<\/b>: los brotes est\u00e1n creciendo donde vive poca gente y la p\u00e9rdida de empleo se siente en los lugares que definen una elecci\u00f3n presidencial.<\/p>\n<p><b>Buenos Aires, la Ciudad, C\u00f3rdoba y Santa Fe<\/b> re\u00fanen el <b>60% del padr\u00f3n<\/b>, pero tambi\u00e9n explican la mayor parte de la p\u00e9rdida de empleo registrado. La contracara, <b>Neuqu\u00e9n<\/b> y <b>R\u00edo Negro<\/b>, involucra a los \u00fanicos dos distritos con creaci\u00f3n neta en la serie, pero poco m\u00e1s del <b>3% del padr\u00f3n nacional<\/b>. <\/p>\n<p>De manera que la Argentina donde el empleo privado mejora pesa poco en sufragios y el pa\u00eds donde cae concentra las decisiones sobre el futuro del poder. <b>La Argentina que crece no es la misma que la que vota.<\/b><\/p>\n<p>El Gobierno parece estar a mitad del cruce. Dej\u00f3 atr\u00e1s la parte m\u00e1s espectacular de sus logros, como desplomar la <b>inflaci\u00f3n de 25% a 3%<\/b>, y le queda por delante la ra\u00edz m\u00e1s dura de ese mal. <\/p>\n<p>Tambi\u00e9n termin\u00f3 el camino m\u00e1s dram\u00e1tico del ajuste, que tiene <b>perdedores inmediatos y ganadores tard\u00edos<\/b>. Muchos beneficios de una estabilizaci\u00f3n demoran en llegar, como la proliferaci\u00f3n del cr\u00e9dito, la inversi\u00f3n y el crecimiento. Antes golpean la suba de tarifas, la ca\u00edda del consumo, el cierre de negocios y la destrucci\u00f3n de empleo.<\/p>\n<p>El ajuste de Milei, adem\u00e1s, convive con un proceso gradual de <b>apertura de la econom\u00eda<\/b>. Cada vez m\u00e1s bienes llegan del exterior \u2014muchos desde <b>China<\/b>\u2014 a precios que la industria local no puede igualar. <\/p>\n<p><b>La matem\u00e1tica es en este caso preideol\u00f3gica.<\/b> A largo plazo, el consumidor preferir\u00e1 pagar m\u00e1s barato por productos que considera de similar calidad y las empresas que producen en el pa\u00eds vender\u00e1n menos, con lo que se achicar\u00e1n.<\/p>\n<p>Cada caso tiene particularidades que conviene atender, pero en mayor o menor medida los efectos derivados de la apertura comercial aparecen detr\u00e1s de buena parte de los problemas que mostraron empresas como <b>Fate<\/b>, <b>Bahco<\/b>, <b>Grupo Dass<\/b> y <b>Viamo<\/b>, entre muchas otras.<\/p>\n<p>El propio Gobierno se refiere al <b>cierre de empresas<\/b>, algo que no niega, como parte de una din\u00e1mica de <b>reasignaci\u00f3n de recursos<\/b> propia del pasaje de un modelo cerrado a otro de libre mercado.<\/p>\n<p>Son dolores contemplados en el plan oficial. Si la Argentina va a vivir de sus sectores m\u00e1s din\u00e1micos, como la energ\u00eda, hay que dejar que las fuerzas del mercado act\u00faen y los actores se reacomoden. Lo suele repetir el ministro de Desregulaci\u00f3n, <b>Federico Sturzenegger<\/b>. La dificultad es qu\u00e9 pasa en el camino.<\/p>\n<p>La Argentina no tiene ejemplos recientes de apertura econ\u00f3mica como la que plantea el Gobierno. El antecedente m\u00e1s cercano es el de los <b>a\u00f1os 90<\/b>. Pero hay una diferencia clave: entonces la econom\u00eda crec\u00eda con fuerza.<\/p>\n<p>Con la llegada de la <b>convertibilidad<\/b>, el plan de reforma del Estado y las privatizaciones de las grandes empresas p\u00fablicas, que involucraron la llegada de sumas gigantescas de divisas, el pa\u00eds se lanz\u00f3 a un crecimiento sostenido. Entre <b>1991 y 1994<\/b> el producto bruto aument\u00f3 <b>7% en promedio cada a\u00f1o<\/b>. <\/p>\n<p>Con la econom\u00eda efervescente, <b>hab\u00eda lugar para que todos vendieran<\/b>, tanto los locales como lo que llegaba de afuera. Los costos ocultos de la importaci\u00f3n comenzaron a notarse reci\u00e9n cuando la marcha de la actividad empez\u00f3 a desacelerar.<\/p>\n<p>El tiempo es una variable que el Gobierno comienza a considerar cada vez m\u00e1s, seg\u00fan las se\u00f1ales que se notaron en los \u00faltimos d\u00edas. <b>Milei<\/b> cree que la obra p\u00fablica es el nido donde crece la corrupci\u00f3n. Su objetivo es que todo lo que antes hac\u00eda el Estado quede a cargo del sector privado. <\/p>\n<p>A principios de esta semana, <b>Caputo<\/b> anticip\u00f3 que a m\u00e1s tardar en julio estar\u00e1n en obra <b>9000 kil\u00f3metros de corredores viales<\/b>, a los que se les sumar\u00e1n m\u00e1s adelante otros <b>9000 kil\u00f3metros adicionales<\/b>, lo que le dar\u00eda un impulso \u201cfort\u00edsimo\u201d, seg\u00fan sus t\u00e9rminos, a la alica\u00edda construcci\u00f3n, el sector que m\u00e1s cay\u00f3 desde la llegada de <b>La Libertad Avanza<\/b>.<\/p>\n<p><img loading=\"lazy\" decoding=\"async\" src=\"https:\/\/resizer.glanacion.com\/resizer\/v2\/GOT4J4CIDJDB3MJC5K2722RS4I.jpeg?auth=f79b480f2e865b4fae339f1100bdc466826b95e4362c024a9ff0a1bc6ee19653&amp;smart=true&amp;width=2000&amp;height=1333\" alt=\"Santiago Bausili. El presidente del BCRA sostuvo que espera una recuperaci\u00f3n del cr\u00e9dito\" height=\"1333\" width=\"2000\" \/><\/p>\n<p>El ministro, adem\u00e1s, sostiene que, seg\u00fan la informaci\u00f3n que le llega, la mayor\u00eda de los n\u00fameros del mes pasado fueron buenos, incluidos los sectores retrasados, como la <b>industria<\/b> y la <b>construcci\u00f3n<\/b>. Una especie de revival de los <b>\u201cbrotes verdes\u201d<\/b> o la referencia al <b>\u201csegundo semestre\u201d<\/b> durante el macrismo; de la afirmaci\u00f3n acerca de que <b>\u201cla econom\u00eda ya arranc\u00f3\u201d<\/b> durante el gobierno de <b>Alberto Fern\u00e1ndez<\/b> o de la propia recuperaci\u00f3n en <b>\u201cV\u201d<\/b> de la que se hablaba en los primeros meses de esta gesti\u00f3n. A favor del Gobierno juega que ese futuro todav\u00eda no tuvo que comprobarse, con lo cual nadie puede asegurar a\u00fan que no se vaya a cumplir.<\/p>\n<p>Incluso el presidente del Banco Central, <b>Santiago Bausili<\/b>, arrim\u00f3 afirmaciones a la orilla del optimismo. Sostuvo que el aumento de la <b>mora<\/b>, que sembr\u00f3 incertidumbre en el mundo financiero, lleg\u00f3 a su pico, al tiempo que anticip\u00f3 la recuperaci\u00f3n del <b>cr\u00e9dito<\/b>, punto clave para mejorar el nivel de actividad.<\/p>\n<p>La econom\u00eda puede mejorar antes que la vida de la gente. La pregunta que los factores de poder se hacen y para la que nadie tiene la respuesta es <b>cu\u00e1nto tiempo resiste la sociedad esa diferencia<\/b>.<\/p>\n<p>\u200bLos n\u00fameros mejoran antes que la situaci\u00f3n en la calle y la Argentina que crece no es la misma que vota; las luces rojas del sem\u00e1foro que observa el Gobierno y la expectativa oficial de que el tiempo exhiba las virtudes del plan\u00a0\u00a0<\/p>","protected":false},"excerpt":{"rendered":"<p>El equipo que maneja Luis Caputo sigue minuto a minuto las alternativas de la econom\u00eda&#8230;<\/p>\n","protected":false},"author":1,"featured_media":17063,"comment_status":"closed","ping_status":"closed","sticky":false,"template":"","format":"standard","meta":{"_jetpack_memberships_contains_paid_content":false,"footnotes":"","jetpack_publicize_message":"","jetpack_publicize_feature_enabled":true,"jetpack_social_post_already_shared":true,"jetpack_social_options":{"image_generator_settings":{"template":"highway","default_image_id":0,"font":"","enabled":false},"version":2}},"categories":[89],"tags":[],"class_list":["post-17062","post","type-post","status-publish","format-standard","has-post-thumbnail","hentry","category-nacionales"],"yoast_head":"<!-- This site is optimized with the Yoast SEO plugin v27.4 - https:\/\/yoast.com\/product\/yoast-seo-wordpress\/ -->\n<title>Por qu\u00e9 hay enojo con el Gobierno pese a que la econom\u00eda crece -<\/title>\n<meta name=\"robots\" content=\"index, follow, max-snippet:-1, max-image-preview:large, max-video-preview:-1\" \/>\n<link rel=\"canonical\" href=\"https:\/\/impactocastex.com.ar\/?p=17062\" \/>\n<meta property=\"og:locale\" content=\"es_ES\" \/>\n<meta property=\"og:type\" content=\"article\" \/>\n<meta property=\"og:title\" content=\"Por qu\u00e9 hay enojo con el Gobierno pese a que la econom\u00eda crece -\" \/>\n<meta property=\"og:description\" content=\"El equipo que maneja Luis Caputo sigue minuto a minuto las alternativas de la econom\u00eda...\" \/>\n<meta property=\"og:url\" content=\"https:\/\/impactocastex.com.ar\/?p=17062\" \/>\n<meta property=\"article:publisher\" content=\"https:\/\/www.facebook.com\/impactocastexdiario\" \/>\n<meta property=\"article:published_time\" content=\"2026-05-03T10:18:12+00:00\" \/>\n<meta property=\"og:image\" content=\"https:\/\/resizer.glanacion.com\/resizer\/v2\/FK6ZNIYKDNB7RFU4ASVVTP22IM.JPG?auth=ac27a07493d37e74d12e8110531b783705ae22766a39597bfad3b433ca19d427&amp;smart=true&amp;width=2500&amp;height=1668\" \/>\n<meta name=\"author\" content=\"impactocastex\" \/>\n<meta name=\"twitter:card\" content=\"summary_large_image\" \/>\n<meta name=\"twitter:label1\" content=\"Escrito por\" \/>\n\t<meta name=\"twitter:data1\" content=\"impactocastex\" \/>\n\t<meta name=\"twitter:label2\" content=\"Tiempo de lectura\" \/>\n\t<meta name=\"twitter:data2\" content=\"9 minutos\" \/>\n<script type=\"application\/ld+json\" class=\"yoast-schema-graph\">{\"@context\":\"https:\\\/\\\/schema.org\",\"@graph\":[{\"@type\":\"Article\",\"@id\":\"https:\\\/\\\/impactocastex.com.ar\\\/?p=17062#article\",\"isPartOf\":{\"@id\":\"https:\\\/\\\/impactocastex.com.ar\\\/?p=17062\"},\"author\":{\"name\":\"impactocastex\",\"@id\":\"https:\\\/\\\/impactocastex.com.ar\\\/#\\\/schema\\\/person\\\/86cb4f827fb5f87869a239b98a69c6e3\"},\"headline\":\"Por qu\u00e9 hay enojo con el Gobierno pese a que la econom\u00eda crece\",\"datePublished\":\"2026-05-03T10:18:12+00:00\",\"mainEntityOfPage\":{\"@id\":\"https:\\\/\\\/impactocastex.com.ar\\\/?p=17062\"},\"wordCount\":1785,\"publisher\":{\"@id\":\"https:\\\/\\\/impactocastex.com.ar\\\/#organization\"},\"image\":{\"@id\":\"https:\\\/\\\/impactocastex.com.ar\\\/?p=17062#primaryimage\"},\"thumbnailUrl\":\"https:\\\/\\\/impactocastex.com.ar\\\/wp-content\\\/uploads\\\/2026\\\/05\\\/ZKUO7BDYUBAYRIO4UYTFKXVWFU-vJqKwF.jpg\",\"articleSection\":[\"NACIONALES\"],\"inLanguage\":\"es\"},{\"@type\":\"WebPage\",\"@id\":\"https:\\\/\\\/impactocastex.com.ar\\\/?p=17062\",\"url\":\"https:\\\/\\\/impactocastex.com.ar\\\/?p=17062\",\"name\":\"Por qu\u00e9 hay enojo con el Gobierno pese a que la econom\u00eda crece -\",\"isPartOf\":{\"@id\":\"https:\\\/\\\/impactocastex.com.ar\\\/#website\"},\"primaryImageOfPage\":{\"@id\":\"https:\\\/\\\/impactocastex.com.ar\\\/?p=17062#primaryimage\"},\"image\":{\"@id\":\"https:\\\/\\\/impactocastex.com.ar\\\/?p=17062#primaryimage\"},\"thumbnailUrl\":\"https:\\\/\\\/impactocastex.com.ar\\\/wp-content\\\/uploads\\\/2026\\\/05\\\/ZKUO7BDYUBAYRIO4UYTFKXVWFU-vJqKwF.jpg\",\"datePublished\":\"2026-05-03T10:18:12+00:00\",\"breadcrumb\":{\"@id\":\"https:\\\/\\\/impactocastex.com.ar\\\/?p=17062#breadcrumb\"},\"inLanguage\":\"es\",\"potentialAction\":[{\"@type\":\"ReadAction\",\"target\":[\"https:\\\/\\\/impactocastex.com.ar\\\/?p=17062\"]}]},{\"@type\":\"ImageObject\",\"inLanguage\":\"es\",\"@id\":\"https:\\\/\\\/impactocastex.com.ar\\\/?p=17062#primaryimage\",\"url\":\"https:\\\/\\\/impactocastex.com.ar\\\/wp-content\\\/uploads\\\/2026\\\/05\\\/ZKUO7BDYUBAYRIO4UYTFKXVWFU-vJqKwF.jpg\",\"contentUrl\":\"https:\\\/\\\/impactocastex.com.ar\\\/wp-content\\\/uploads\\\/2026\\\/05\\\/ZKUO7BDYUBAYRIO4UYTFKXVWFU-vJqKwF.jpg\",\"width\":2000,\"height\":1334},{\"@type\":\"BreadcrumbList\",\"@id\":\"https:\\\/\\\/impactocastex.com.ar\\\/?p=17062#breadcrumb\",\"itemListElement\":[{\"@type\":\"ListItem\",\"position\":1,\"name\":\"Portada\",\"item\":\"https:\\\/\\\/impactocastex.com.ar\\\/\"},{\"@type\":\"ListItem\",\"position\":2,\"name\":\"Por qu\u00e9 hay enojo con el Gobierno pese a que la econom\u00eda crece\"}]},{\"@type\":\"WebSite\",\"@id\":\"https:\\\/\\\/impactocastex.com.ar\\\/#website\",\"url\":\"https:\\\/\\\/impactocastex.com.ar\\\/\",\"name\":\"Impacto Castex\",\"description\":\"\",\"publisher\":{\"@id\":\"https:\\\/\\\/impactocastex.com.ar\\\/#organization\"},\"potentialAction\":[{\"@type\":\"SearchAction\",\"target\":{\"@type\":\"EntryPoint\",\"urlTemplate\":\"https:\\\/\\\/impactocastex.com.ar\\\/?s={search_term_string}\"},\"query-input\":{\"@type\":\"PropertyValueSpecification\",\"valueRequired\":true,\"valueName\":\"search_term_string\"}}],\"inLanguage\":\"es\"},{\"@type\":\"Organization\",\"@id\":\"https:\\\/\\\/impactocastex.com.ar\\\/#organization\",\"name\":\"Impacto Castex\",\"url\":\"https:\\\/\\\/impactocastex.com.ar\\\/\",\"logo\":{\"@type\":\"ImageObject\",\"inLanguage\":\"es\",\"@id\":\"https:\\\/\\\/impactocastex.com.ar\\\/#\\\/schema\\\/logo\\\/image\\\/\",\"url\":\"https:\\\/\\\/impactocastex.com.ar\\\/wp-content\\\/uploads\\\/2025\\\/09\\\/cropped-icoweb.png\",\"contentUrl\":\"https:\\\/\\\/impactocastex.com.ar\\\/wp-content\\\/uploads\\\/2025\\\/09\\\/cropped-icoweb.png\",\"width\":512,\"height\":512,\"caption\":\"Impacto Castex\"},\"image\":{\"@id\":\"https:\\\/\\\/impactocastex.com.ar\\\/#\\\/schema\\\/logo\\\/image\\\/\"},\"sameAs\":[\"https:\\\/\\\/www.facebook.com\\\/impactocastexdiario\",\"https:\\\/\\\/www.instagram.com\\\/impactocastex.com.ar\\\/\"]},{\"@type\":\"Person\",\"@id\":\"https:\\\/\\\/impactocastex.com.ar\\\/#\\\/schema\\\/person\\\/86cb4f827fb5f87869a239b98a69c6e3\",\"name\":\"impactocastex\",\"image\":{\"@type\":\"ImageObject\",\"inLanguage\":\"es\",\"@id\":\"https:\\\/\\\/secure.gravatar.com\\\/avatar\\\/9a87ee051ca8c77f5d4070843ce2c78cdf95b858b950fb039151de955122f5f5?s=96&d=mm&r=g\",\"url\":\"https:\\\/\\\/secure.gravatar.com\\\/avatar\\\/9a87ee051ca8c77f5d4070843ce2c78cdf95b858b950fb039151de955122f5f5?s=96&d=mm&r=g\",\"contentUrl\":\"https:\\\/\\\/secure.gravatar.com\\\/avatar\\\/9a87ee051ca8c77f5d4070843ce2c78cdf95b858b950fb039151de955122f5f5?s=96&d=mm&r=g\",\"caption\":\"impactocastex\"},\"sameAs\":[\"https:\\\/\\\/impactocastex.com.ar\"],\"url\":\"https:\\\/\\\/impactocastex.com.ar\\\/?author=1\"}]}<\/script>\n<!-- \/ Yoast SEO plugin. -->","yoast_head_json":{"title":"Por qu\u00e9 hay enojo con el Gobierno pese a que la econom\u00eda crece -","robots":{"index":"index","follow":"follow","max-snippet":"max-snippet:-1","max-image-preview":"max-image-preview:large","max-video-preview":"max-video-preview:-1"},"canonical":"https:\/\/impactocastex.com.ar\/?p=17062","og_locale":"es_ES","og_type":"article","og_title":"Por qu\u00e9 hay enojo con el Gobierno pese a que la econom\u00eda crece -","og_description":"El equipo que maneja Luis Caputo sigue minuto a minuto las alternativas de la econom\u00eda...","og_url":"https:\/\/impactocastex.com.ar\/?p=17062","article_publisher":"https:\/\/www.facebook.com\/impactocastexdiario","article_published_time":"2026-05-03T10:18:12+00:00","og_image":[{"url":"https:\/\/resizer.glanacion.com\/resizer\/v2\/FK6ZNIYKDNB7RFU4ASVVTP22IM.JPG?auth=ac27a07493d37e74d12e8110531b783705ae22766a39597bfad3b433ca19d427&amp;smart=true&amp;width=2500&amp;height=1668","type":"","width":"","height":""}],"author":"impactocastex","twitter_card":"summary_large_image","twitter_misc":{"Escrito por":"impactocastex","Tiempo de lectura":"9 minutos"},"schema":{"@context":"https:\/\/schema.org","@graph":[{"@type":"Article","@id":"https:\/\/impactocastex.com.ar\/?p=17062#article","isPartOf":{"@id":"https:\/\/impactocastex.com.ar\/?p=17062"},"author":{"name":"impactocastex","@id":"https:\/\/impactocastex.com.ar\/#\/schema\/person\/86cb4f827fb5f87869a239b98a69c6e3"},"headline":"Por qu\u00e9 hay enojo con el Gobierno pese a que la econom\u00eda crece","datePublished":"2026-05-03T10:18:12+00:00","mainEntityOfPage":{"@id":"https:\/\/impactocastex.com.ar\/?p=17062"},"wordCount":1785,"publisher":{"@id":"https:\/\/impactocastex.com.ar\/#organization"},"image":{"@id":"https:\/\/impactocastex.com.ar\/?p=17062#primaryimage"},"thumbnailUrl":"https:\/\/impactocastex.com.ar\/wp-content\/uploads\/2026\/05\/ZKUO7BDYUBAYRIO4UYTFKXVWFU-vJqKwF.jpg","articleSection":["NACIONALES"],"inLanguage":"es"},{"@type":"WebPage","@id":"https:\/\/impactocastex.com.ar\/?p=17062","url":"https:\/\/impactocastex.com.ar\/?p=17062","name":"Por qu\u00e9 hay enojo con el Gobierno pese a que la econom\u00eda crece -","isPartOf":{"@id":"https:\/\/impactocastex.com.ar\/#website"},"primaryImageOfPage":{"@id":"https:\/\/impactocastex.com.ar\/?p=17062#primaryimage"},"image":{"@id":"https:\/\/impactocastex.com.ar\/?p=17062#primaryimage"},"thumbnailUrl":"https:\/\/impactocastex.com.ar\/wp-content\/uploads\/2026\/05\/ZKUO7BDYUBAYRIO4UYTFKXVWFU-vJqKwF.jpg","datePublished":"2026-05-03T10:18:12+00:00","breadcrumb":{"@id":"https:\/\/impactocastex.com.ar\/?p=17062#breadcrumb"},"inLanguage":"es","potentialAction":[{"@type":"ReadAction","target":["https:\/\/impactocastex.com.ar\/?p=17062"]}]},{"@type":"ImageObject","inLanguage":"es","@id":"https:\/\/impactocastex.com.ar\/?p=17062#primaryimage","url":"https:\/\/impactocastex.com.ar\/wp-content\/uploads\/2026\/05\/ZKUO7BDYUBAYRIO4UYTFKXVWFU-vJqKwF.jpg","contentUrl":"https:\/\/impactocastex.com.ar\/wp-content\/uploads\/2026\/05\/ZKUO7BDYUBAYRIO4UYTFKXVWFU-vJqKwF.jpg","width":2000,"height":1334},{"@type":"BreadcrumbList","@id":"https:\/\/impactocastex.com.ar\/?p=17062#breadcrumb","itemListElement":[{"@type":"ListItem","position":1,"name":"Portada","item":"https:\/\/impactocastex.com.ar\/"},{"@type":"ListItem","position":2,"name":"Por qu\u00e9 hay enojo con el Gobierno pese a que la econom\u00eda crece"}]},{"@type":"WebSite","@id":"https:\/\/impactocastex.com.ar\/#website","url":"https:\/\/impactocastex.com.ar\/","name":"Impacto Castex","description":"","publisher":{"@id":"https:\/\/impactocastex.com.ar\/#organization"},"potentialAction":[{"@type":"SearchAction","target":{"@type":"EntryPoint","urlTemplate":"https:\/\/impactocastex.com.ar\/?s={search_term_string}"},"query-input":{"@type":"PropertyValueSpecification","valueRequired":true,"valueName":"search_term_string"}}],"inLanguage":"es"},{"@type":"Organization","@id":"https:\/\/impactocastex.com.ar\/#organization","name":"Impacto Castex","url":"https:\/\/impactocastex.com.ar\/","logo":{"@type":"ImageObject","inLanguage":"es","@id":"https:\/\/impactocastex.com.ar\/#\/schema\/logo\/image\/","url":"https:\/\/impactocastex.com.ar\/wp-content\/uploads\/2025\/09\/cropped-icoweb.png","contentUrl":"https:\/\/impactocastex.com.ar\/wp-content\/uploads\/2025\/09\/cropped-icoweb.png","width":512,"height":512,"caption":"Impacto Castex"},"image":{"@id":"https:\/\/impactocastex.com.ar\/#\/schema\/logo\/image\/"},"sameAs":["https:\/\/www.facebook.com\/impactocastexdiario","https:\/\/www.instagram.com\/impactocastex.com.ar\/"]},{"@type":"Person","@id":"https:\/\/impactocastex.com.ar\/#\/schema\/person\/86cb4f827fb5f87869a239b98a69c6e3","name":"impactocastex","image":{"@type":"ImageObject","inLanguage":"es","@id":"https:\/\/secure.gravatar.com\/avatar\/9a87ee051ca8c77f5d4070843ce2c78cdf95b858b950fb039151de955122f5f5?s=96&d=mm&r=g","url":"https:\/\/secure.gravatar.com\/avatar\/9a87ee051ca8c77f5d4070843ce2c78cdf95b858b950fb039151de955122f5f5?s=96&d=mm&r=g","contentUrl":"https:\/\/secure.gravatar.com\/avatar\/9a87ee051ca8c77f5d4070843ce2c78cdf95b858b950fb039151de955122f5f5?s=96&d=mm&r=g","caption":"impactocastex"},"sameAs":["https:\/\/impactocastex.com.ar"],"url":"https:\/\/impactocastex.com.ar\/?author=1"}]}},"jetpack_publicize_connections":[],"featured_image_urls":{"full":["https:\/\/impactocastex.com.ar\/wp-content\/uploads\/2026\/05\/ZKUO7BDYUBAYRIO4UYTFKXVWFU-vJqKwF.jpg",2000,1334,false],"thumbnail":["https:\/\/impactocastex.com.ar\/wp-content\/uploads\/2026\/05\/ZKUO7BDYUBAYRIO4UYTFKXVWFU-vJqKwF-150x150.jpg",150,150,true],"medium":["https:\/\/impactocastex.com.ar\/wp-content\/uploads\/2026\/05\/ZKUO7BDYUBAYRIO4UYTFKXVWFU-vJqKwF-300x200.jpg",300,200,true],"medium_large":["https:\/\/impactocastex.com.ar\/wp-content\/uploads\/2026\/05\/ZKUO7BDYUBAYRIO4UYTFKXVWFU-vJqKwF-768x512.jpg",640,427,true],"large":["https:\/\/impactocastex.com.ar\/wp-content\/uploads\/2026\/05\/ZKUO7BDYUBAYRIO4UYTFKXVWFU-vJqKwF-1024x683.jpg",640,427,true],"1536x1536":["https:\/\/impactocastex.com.ar\/wp-content\/uploads\/2026\/05\/ZKUO7BDYUBAYRIO4UYTFKXVWFU-vJqKwF-1536x1025.jpg",1536,1025,true],"2048x2048":["https:\/\/impactocastex.com.ar\/wp-content\/uploads\/2026\/05\/ZKUO7BDYUBAYRIO4UYTFKXVWFU-vJqKwF.jpg",2000,1334,false],"newsever-slider-full":["https:\/\/impactocastex.com.ar\/wp-content\/uploads\/2026\/05\/ZKUO7BDYUBAYRIO4UYTFKXVWFU-vJqKwF-1280x845.jpg",1280,845,true],"newsever-featured":["https:\/\/impactocastex.com.ar\/wp-content\/uploads\/2026\/05\/ZKUO7BDYUBAYRIO4UYTFKXVWFU-vJqKwF-1024x683.jpg",1024,683,true],"newsever-medium":["https:\/\/impactocastex.com.ar\/wp-content\/uploads\/2026\/05\/ZKUO7BDYUBAYRIO4UYTFKXVWFU-vJqKwF-720x475.jpg",720,475,true]},"author_info":{"info":["impactocastex"]},"category_info":"<a href=\"https:\/\/impactocastex.com.ar\/?cat=89\" rel=\"category\">NACIONALES<\/a>","tag_info":"NACIONALES","comment_count":0,"jetpack_featured_media_url":"https:\/\/impactocastex.com.ar\/wp-content\/uploads\/2026\/05\/ZKUO7BDYUBAYRIO4UYTFKXVWFU-vJqKwF.jpg","jetpack_sharing_enabled":true,"jetpack_likes_enabled":true,"jetpack_shortlink":"https:\/\/wp.me\/p7sopA-4rc","_links":{"self":[{"href":"https:\/\/impactocastex.com.ar\/index.php?rest_route=\/wp\/v2\/posts\/17062","targetHints":{"allow":["GET"]}}],"collection":[{"href":"https:\/\/impactocastex.com.ar\/index.php?rest_route=\/wp\/v2\/posts"}],"about":[{"href":"https:\/\/impactocastex.com.ar\/index.php?rest_route=\/wp\/v2\/types\/post"}],"author":[{"embeddable":true,"href":"https:\/\/impactocastex.com.ar\/index.php?rest_route=\/wp\/v2\/users\/1"}],"replies":[{"embeddable":true,"href":"https:\/\/impactocastex.com.ar\/index.php?rest_route=%2Fwp%2Fv2%2Fcomments&post=17062"}],"version-history":[{"count":0,"href":"https:\/\/impactocastex.com.ar\/index.php?rest_route=\/wp\/v2\/posts\/17062\/revisions"}],"wp:featuredmedia":[{"embeddable":true,"href":"https:\/\/impactocastex.com.ar\/index.php?rest_route=\/wp\/v2\/media\/17063"}],"wp:attachment":[{"href":"https:\/\/impactocastex.com.ar\/index.php?rest_route=%2Fwp%2Fv2%2Fmedia&parent=17062"}],"wp:term":[{"taxonomy":"category","embeddable":true,"href":"https:\/\/impactocastex.com.ar\/index.php?rest_route=%2Fwp%2Fv2%2Fcategories&post=17062"},{"taxonomy":"post_tag","embeddable":true,"href":"https:\/\/impactocastex.com.ar\/index.php?rest_route=%2Fwp%2Fv2%2Ftags&post=17062"}],"curies":[{"name":"wp","href":"https:\/\/api.w.org\/{rel}","templated":true}]}}