{"id":17057,"date":"2026-05-03T04:06:00","date_gmt":"2026-05-03T07:06:00","guid":{"rendered":"https:\/\/impactocastex.com.ar\/?p=17057"},"modified":"2026-05-03T04:06:00","modified_gmt":"2026-05-03T07:06:00","slug":"guerra-de-estados-unidos-e-israel-contra-iran-en-vivo-tension-en-medio-oriente-hoy-domingo-3-de-mayo","status":"publish","type":"post","link":"https:\/\/impactocastex.com.ar\/?p=17057","title":{"rendered":"Guerra de Estados Unidos e Israel contra Ir\u00e1n, en vivo: tensi\u00f3n en Medio Oriente hoy, domingo 3 de mayo"},"content":{"rendered":"<p>Ciudadanos israel\u00edes llevaron a cabo <b>manifestaciones en Tel Aviv<\/b>, con el objetivo de exigir el fin de la guerra. Seg\u00fan indic\u00f3 la agencia <i>Al Jazeera<\/i>, los manifestantes se\u00f1alan que el gobierno de Benjamin Netanyahu recurra a la detrucci\u00f3n.<\/p>\n<p>El presidente de <b>Estados Unidos<\/b>, <b>Donald Trump<\/b>, advirti\u00f3 este s\u00e1bado, seg\u00fan consig\u00f3 <i>AFP<\/i>, que prev\u00e9 reducir \u201cdr\u00e1sticamente\u201d el n\u00famero de <b>soldados estadounidenses en Alemania<\/b>, tras un primer anuncio sobre la retirada de 5.000 efectivos.<\/p>\n<p>Dicha advertencia por parte del mandatario estadounidense surge despu\u00e9s de que el <b>canciller alem\u00e1n, Friedrich Merz<\/b>, considerara el pasado lunes que <b>Washington no tiene \u201cninguna estrategia\u201d en Ir\u00e1n<\/b>, y que <b>la rep\u00fablica isl\u00e1mica ha \u201chumillado\u201d a Washington<\/b>.<\/p>\n<p>En declaraciones a periodistas, <b>Donald Trump <\/b>se\u00f1al\u00f3 que<b> existe la posibilidad de que Estados Unidos vuelva a atacar Ir\u00e1n<\/b>, seg\u00fan consign\u00f3 <i>The Times of Israel<\/i>. <\/p>\n<p><b>Donald Trump<\/b> se\u00f1al\u00f3 que pronto revisar\u00e1 la propuesta enviada por <b>Ir\u00e1n <\/b>con el objetivo de poner fin a la guerra. Sin embargo, adelant\u00f3 que <b>duda que sea aceptable<\/b>. <\/p>\n<p>\u201cA\u00fan no han pagado un precio suficientemente alto por lo que le han hecho a la humanidad y al mundo durante los \u00faltimos 47 a\u00f1os\u201d, escribi\u00f3 el mandatario estadounidense en su cuenta de Truth Social. <\/p>\n<p><img loading=\"lazy\" decoding=\"async\" src=\"https:\/\/resizer.glanacion.com\/resizer\/v2\/J5HASTIG35BVLPHZFYKU4V6T3M.png?auth=d13a13f7793d4b5867f03646808ab171d3c5e6980770dc3b81dc08f014a1a960&amp;smart=true&amp;width=862&amp;height=214\" alt=\"Donald Trump indic\u00f3 que pronto revisar\u00e1 la propuesta enviada por Ir\u00e1n pero anticip\u00f3 que duda que pueda ser aceptable\" height=\"214\" width=\"862\" \/><\/p>\n<p><b>Ir\u00e1n <\/b>respondi\u00f3 a <b>Estados Unidos <\/b>con una <b>propuesta de 14 puntos<\/b>, seg\u00fan indic\u00f3 <i>CNN<\/i>. El objetivo de la misma es por fin a la guerra \u201cen todos los frentes\u201d, lo que incluye tambi\u00e9n a <b>L\u00edbano<\/b>. Tambi\u00e9n incluye la liberaci\u00f3n de activos iran\u00edes congelados, levantamiento de sanciones y generar un \u201cnuevo mecanismo\u201d para el <b>estrecho de Ormuz<\/b>. <\/p>\n<p>Previamente el pa\u00eds conducido por <b>Donald Trump <\/b>hab\u00eda acercado un planteo que inclu\u00eda nueve puntos. <\/p>\n<p>BERL\u00cdN.\u2013 Alemania y la OTAN apostaron este s\u00e1bado por <b>reforzar la autonom\u00eda en defensa de Europa<\/b> despu\u00e9s de que Estados Unidos anunciara la pr\u00f3xima retirada de 5000 soldados desplegados en ese pa\u00eds europeo.<\/p>\n<p>La medida anunciada el viernes por el Pent\u00e1gono representa un <b>nuevo rev\u00e9s<\/b> a las relaciones transatl\u00e1nticas, deterioradas severamente desde el regreso a la Casa Blanca del mandatario republicano <b>Donald Trump.<\/b><\/p>\n<p>La cifra representa alrededor de un 15% de <b>los<\/b> <b>35.000 soldados estadounidenses<\/b> presentes en el pa\u00eds europeo. Pero el ministro de Defensa, <b>Boris Pistorius<\/b>, le quit\u00f3 dramatismo al asunto.<\/p>\n<p><a href=\"https:\/\/www.lanacion.com.ar\/el-mundo\/alemania-y-la-otan-llaman-a-reforzar-la-defensa-europea-ante-la-retirada-de-tropas-de-eeuu-nid02052026\/\">Le\u00e9 la nota completa ac\u00e1<\/a><\/p>\n<p>El almirante Brad Cooper, comandante del Comando Central de Estados Unidos, visit\u00f3 a los marineros e infantes de marina a bordo del USS Tripoli en el Mar Ar\u00e1bigo, seg\u00fan inform\u00f3 el ej\u00e9rcito. Cooper \u201cinteractu\u00f3 con los miembros del servicio, reconoci\u00f3 a los m\u00e1s destacados y recorri\u00f3 diversas \u00e1reas del buque de asalto anfibio, incluido el Centro de Informaci\u00f3n de Combate\u201d, indic\u00f3 el Comando Central en una publicaci\u00f3n en X, junto con fotograf\u00edas de la visita. <\/p>\n<blockquote class=\"twitter-tweet\">\n<p lang=\"en\" dir=\"ltr\">During a trip to the region earlier today, Adm. Brad Cooper, CENTCOM commander, visited Sailors and Marines aboard USS Tripoli (LHA 7) in the Arabian Sea. He interacted with service members, recognized top performers, and toured various spaces throughout the amphibious assault\u2026 <a href=\"https:\/\/t.co\/GVl23P7Pl6\">pic.twitter.com\/GVl23P7Pl6<\/a><\/p>\n<p>\u2014 U.S. Central Command (@CENTCOM) <a href=\"https:\/\/twitter.com\/CENTCOM\/status\/2050680683983757334?ref_src=twsrc%5Etfw\">May 2, 2026<\/a><\/p><\/blockquote>\n<p>La Agencia Nacional de Noticias (NNA) iran\u00ed inform\u00f3 que un ataque a\u00e9reo israel\u00ed contra la ciudad de al-Sama\u2019iya, en el distrito de Tiro, al sur del L\u00edbano, dej\u00f3 tres muertos.<\/p>\n<p>Seg\u00fan un comunicado, el grupo liban\u00e9s atac\u00f3 con artiller\u00eda una concentraci\u00f3n de veh\u00edculos y soldados israel\u00edes en la ciudad de Al-Bayada durante la noche. El grupo asegur\u00f3 haber conseguido bajas confirmadas.<\/p>\n<p>LA HABANA.- El presidente de Estados Unidos, Donald Trump, afirm\u00f3 el viernes por la noche que su pa\u00eds podr\u00eda asumir el control de Cuba \u201ccasi de inmediato\u201d una vez finalizada la guerra contra Ir\u00e1n, en una declaraci\u00f3n que reaviv\u00f3 la tensi\u00f3n con La Habana y abri\u00f3 un nuevo frente en la pol\u00edtica exterior de Washington.<\/p>\n<p>El mandatario realiz\u00f3 los comentarios durante un evento en Palm Beach, Florida, al referirse al origen de uno de los invitados presentes. \u201cY \u00e9l viene originalmente de un lugar llamado Cuba, que vamos a tomar el control casi de inmediato. Lo que haremos, al volver de Ir\u00e1n, es enviar uno de nuestros grandes barcos para que atraque a unos 100 metros de la costa, y ellos dir\u00e1n: \u2018Muchas gracias, nos rendimos\u2019\u201d, sostuvo.<\/p>\n<p>Trump aludi\u00f3 espec\u00edficamente al portaaviones Abraham Lincoln, que ser\u00eda apostado cerca de la isla tras su regreso del despliegue en Medio Oriente.<\/p>\n<p><a href=\"https:\/\/www.lanacion.com.ar\/estados-unidos\/trump-habla-de-tomar-el-control-de-cuba-despues-de-iran-y-desata-un-duro-cruce-con-diaz-canel-nid02052026\/\">Le\u00e9 la nota completa ac\u00e1<\/a><\/p>\n<p>\u200bCobertura en tiempo real con las novedades m\u00e1s importantes del conflicto y las acciones del mandatario estadounidense, Donald Trump\u00a0\u00a0<\/p>","protected":false},"excerpt":{"rendered":"<p>Ciudadanos israel\u00edes llevaron a cabo manifestaciones en Tel Aviv, con el objetivo de exigir el&#8230;<\/p>\n","protected":false},"author":1,"featured_media":17058,"comment_status":"closed","ping_status":"closed","sticky":false,"template":"","format":"standard","meta":{"_jetpack_memberships_contains_paid_content":false,"footnotes":"","jetpack_publicize_message":"","jetpack_publicize_feature_enabled":true,"jetpack_social_post_already_shared":true,"jetpack_social_options":{"image_generator_settings":{"template":"highway","default_image_id":0,"font":"","enabled":false},"version":2}},"categories":[89],"tags":[],"class_list":["post-17057","post","type-post","status-publish","format-standard","has-post-thumbnail","hentry","category-nacionales"],"yoast_head":"<!-- This site is optimized with the Yoast SEO plugin v27.4 - https:\/\/yoast.com\/product\/yoast-seo-wordpress\/ -->\n<title>Guerra de Estados Unidos e Israel contra Ir\u00e1n, en vivo: tensi\u00f3n en Medio Oriente hoy, domingo 3 de mayo -<\/title>\n<meta name=\"robots\" content=\"index, follow, max-snippet:-1, max-image-preview:large, max-video-preview:-1\" \/>\n<link rel=\"canonical\" href=\"https:\/\/impactocastex.com.ar\/?p=17057\" \/>\n<meta property=\"og:locale\" content=\"es_ES\" \/>\n<meta property=\"og:type\" content=\"article\" \/>\n<meta property=\"og:title\" content=\"Guerra de Estados Unidos e Israel contra Ir\u00e1n, en vivo: tensi\u00f3n en Medio Oriente hoy, domingo 3 de mayo -\" \/>\n<meta property=\"og:description\" content=\"Ciudadanos israel\u00edes llevaron a cabo manifestaciones en Tel Aviv, con el objetivo de exigir el...\" \/>\n<meta property=\"og:url\" content=\"https:\/\/impactocastex.com.ar\/?p=17057\" \/>\n<meta property=\"article:publisher\" content=\"https:\/\/www.facebook.com\/impactocastexdiario\" \/>\n<meta property=\"article:published_time\" content=\"2026-05-03T07:06:00+00:00\" \/>\n<meta property=\"og:image\" content=\"https:\/\/resizer.glanacion.com\/resizer\/v2\/J5HASTIG35BVLPHZFYKU4V6T3M.png?auth=d13a13f7793d4b5867f03646808ab171d3c5e6980770dc3b81dc08f014a1a960&amp;smart=true&amp;width=862&amp;height=214\" \/>\n<meta name=\"author\" content=\"impactocastex\" \/>\n<meta name=\"twitter:card\" content=\"summary_large_image\" \/>\n<meta name=\"twitter:label1\" content=\"Escrito por\" \/>\n\t<meta name=\"twitter:data1\" content=\"impactocastex\" \/>\n\t<meta name=\"twitter:label2\" content=\"Tiempo de lectura\" \/>\n\t<meta name=\"twitter:data2\" content=\"4 minutos\" \/>\n<script type=\"application\/ld+json\" class=\"yoast-schema-graph\">{\"@context\":\"https:\\\/\\\/schema.org\",\"@graph\":[{\"@type\":\"Article\",\"@id\":\"https:\\\/\\\/impactocastex.com.ar\\\/?p=17057#article\",\"isPartOf\":{\"@id\":\"https:\\\/\\\/impactocastex.com.ar\\\/?p=17057\"},\"author\":{\"name\":\"impactocastex\",\"@id\":\"https:\\\/\\\/impactocastex.com.ar\\\/#\\\/schema\\\/person\\\/86cb4f827fb5f87869a239b98a69c6e3\"},\"headline\":\"Guerra de Estados Unidos e Israel contra Ir\u00e1n, en vivo: tensi\u00f3n en Medio Oriente hoy, domingo 3 de mayo\",\"datePublished\":\"2026-05-03T07:06:00+00:00\",\"mainEntityOfPage\":{\"@id\":\"https:\\\/\\\/impactocastex.com.ar\\\/?p=17057\"},\"wordCount\":808,\"publisher\":{\"@id\":\"https:\\\/\\\/impactocastex.com.ar\\\/#organization\"},\"image\":{\"@id\":\"https:\\\/\\\/impactocastex.com.ar\\\/?p=17057#primaryimage\"},\"thumbnailUrl\":\"https:\\\/\\\/impactocastex.com.ar\\\/wp-content\\\/uploads\\\/2026\\\/05\\\/OSTOXRQ4SZDH5OP2BZNX6IIDVA-xlUv0A-scaled.jpg\",\"articleSection\":[\"NACIONALES\"],\"inLanguage\":\"es\"},{\"@type\":\"WebPage\",\"@id\":\"https:\\\/\\\/impactocastex.com.ar\\\/?p=17057\",\"url\":\"https:\\\/\\\/impactocastex.com.ar\\\/?p=17057\",\"name\":\"Guerra de Estados Unidos e Israel contra Ir\u00e1n, en vivo: tensi\u00f3n en Medio Oriente hoy, domingo 3 de mayo -\",\"isPartOf\":{\"@id\":\"https:\\\/\\\/impactocastex.com.ar\\\/#website\"},\"primaryImageOfPage\":{\"@id\":\"https:\\\/\\\/impactocastex.com.ar\\\/?p=17057#primaryimage\"},\"image\":{\"@id\":\"https:\\\/\\\/impactocastex.com.ar\\\/?p=17057#primaryimage\"},\"thumbnailUrl\":\"https:\\\/\\\/impactocastex.com.ar\\\/wp-content\\\/uploads\\\/2026\\\/05\\\/OSTOXRQ4SZDH5OP2BZNX6IIDVA-xlUv0A-scaled.jpg\",\"datePublished\":\"2026-05-03T07:06:00+00:00\",\"breadcrumb\":{\"@id\":\"https:\\\/\\\/impactocastex.com.ar\\\/?p=17057#breadcrumb\"},\"inLanguage\":\"es\",\"potentialAction\":[{\"@type\":\"ReadAction\",\"target\":[\"https:\\\/\\\/impactocastex.com.ar\\\/?p=17057\"]}]},{\"@type\":\"ImageObject\",\"inLanguage\":\"es\",\"@id\":\"https:\\\/\\\/impactocastex.com.ar\\\/?p=17057#primaryimage\",\"url\":\"https:\\\/\\\/impactocastex.com.ar\\\/wp-content\\\/uploads\\\/2026\\\/05\\\/OSTOXRQ4SZDH5OP2BZNX6IIDVA-xlUv0A-scaled.jpg\",\"contentUrl\":\"https:\\\/\\\/impactocastex.com.ar\\\/wp-content\\\/uploads\\\/2026\\\/05\\\/OSTOXRQ4SZDH5OP2BZNX6IIDVA-xlUv0A-scaled.jpg\",\"width\":2560,\"height\":1676},{\"@type\":\"BreadcrumbList\",\"@id\":\"https:\\\/\\\/impactocastex.com.ar\\\/?p=17057#breadcrumb\",\"itemListElement\":[{\"@type\":\"ListItem\",\"position\":1,\"name\":\"Portada\",\"item\":\"https:\\\/\\\/impactocastex.com.ar\\\/\"},{\"@type\":\"ListItem\",\"position\":2,\"name\":\"Guerra de Estados Unidos e Israel contra Ir\u00e1n, en vivo: tensi\u00f3n en Medio Oriente hoy, domingo 3 de mayo\"}]},{\"@type\":\"WebSite\",\"@id\":\"https:\\\/\\\/impactocastex.com.ar\\\/#website\",\"url\":\"https:\\\/\\\/impactocastex.com.ar\\\/\",\"name\":\"Impacto Castex\",\"description\":\"\",\"publisher\":{\"@id\":\"https:\\\/\\\/impactocastex.com.ar\\\/#organization\"},\"potentialAction\":[{\"@type\":\"SearchAction\",\"target\":{\"@type\":\"EntryPoint\",\"urlTemplate\":\"https:\\\/\\\/impactocastex.com.ar\\\/?s={search_term_string}\"},\"query-input\":{\"@type\":\"PropertyValueSpecification\",\"valueRequired\":true,\"valueName\":\"search_term_string\"}}],\"inLanguage\":\"es\"},{\"@type\":\"Organization\",\"@id\":\"https:\\\/\\\/impactocastex.com.ar\\\/#organization\",\"name\":\"Impacto Castex\",\"url\":\"https:\\\/\\\/impactocastex.com.ar\\\/\",\"logo\":{\"@type\":\"ImageObject\",\"inLanguage\":\"es\",\"@id\":\"https:\\\/\\\/impactocastex.com.ar\\\/#\\\/schema\\\/logo\\\/image\\\/\",\"url\":\"https:\\\/\\\/impactocastex.com.ar\\\/wp-content\\\/uploads\\\/2025\\\/09\\\/cropped-icoweb.png\",\"contentUrl\":\"https:\\\/\\\/impactocastex.com.ar\\\/wp-content\\\/uploads\\\/2025\\\/09\\\/cropped-icoweb.png\",\"width\":512,\"height\":512,\"caption\":\"Impacto Castex\"},\"image\":{\"@id\":\"https:\\\/\\\/impactocastex.com.ar\\\/#\\\/schema\\\/logo\\\/image\\\/\"},\"sameAs\":[\"https:\\\/\\\/www.facebook.com\\\/impactocastexdiario\",\"https:\\\/\\\/www.instagram.com\\\/impactocastex.com.ar\\\/\"]},{\"@type\":\"Person\",\"@id\":\"https:\\\/\\\/impactocastex.com.ar\\\/#\\\/schema\\\/person\\\/86cb4f827fb5f87869a239b98a69c6e3\",\"name\":\"impactocastex\",\"image\":{\"@type\":\"ImageObject\",\"inLanguage\":\"es\",\"@id\":\"https:\\\/\\\/secure.gravatar.com\\\/avatar\\\/9a87ee051ca8c77f5d4070843ce2c78cdf95b858b950fb039151de955122f5f5?s=96&d=mm&r=g\",\"url\":\"https:\\\/\\\/secure.gravatar.com\\\/avatar\\\/9a87ee051ca8c77f5d4070843ce2c78cdf95b858b950fb039151de955122f5f5?s=96&d=mm&r=g\",\"contentUrl\":\"https:\\\/\\\/secure.gravatar.com\\\/avatar\\\/9a87ee051ca8c77f5d4070843ce2c78cdf95b858b950fb039151de955122f5f5?s=96&d=mm&r=g\",\"caption\":\"impactocastex\"},\"sameAs\":[\"https:\\\/\\\/impactocastex.com.ar\"],\"url\":\"https:\\\/\\\/impactocastex.com.ar\\\/?author=1\"}]}<\/script>\n<!-- \/ Yoast SEO plugin. -->","yoast_head_json":{"title":"Guerra de Estados Unidos e Israel contra Ir\u00e1n, en vivo: tensi\u00f3n en Medio Oriente hoy, domingo 3 de mayo -","robots":{"index":"index","follow":"follow","max-snippet":"max-snippet:-1","max-image-preview":"max-image-preview:large","max-video-preview":"max-video-preview:-1"},"canonical":"https:\/\/impactocastex.com.ar\/?p=17057","og_locale":"es_ES","og_type":"article","og_title":"Guerra de Estados Unidos e Israel contra Ir\u00e1n, en vivo: tensi\u00f3n en Medio Oriente hoy, domingo 3 de mayo -","og_description":"Ciudadanos israel\u00edes llevaron a cabo manifestaciones en Tel Aviv, con el objetivo de exigir el...","og_url":"https:\/\/impactocastex.com.ar\/?p=17057","article_publisher":"https:\/\/www.facebook.com\/impactocastexdiario","article_published_time":"2026-05-03T07:06:00+00:00","og_image":[{"url":"https:\/\/resizer.glanacion.com\/resizer\/v2\/J5HASTIG35BVLPHZFYKU4V6T3M.png?auth=d13a13f7793d4b5867f03646808ab171d3c5e6980770dc3b81dc08f014a1a960&amp;smart=true&amp;width=862&amp;height=214","type":"","width":"","height":""}],"author":"impactocastex","twitter_card":"summary_large_image","twitter_misc":{"Escrito por":"impactocastex","Tiempo de lectura":"4 minutos"},"schema":{"@context":"https:\/\/schema.org","@graph":[{"@type":"Article","@id":"https:\/\/impactocastex.com.ar\/?p=17057#article","isPartOf":{"@id":"https:\/\/impactocastex.com.ar\/?p=17057"},"author":{"name":"impactocastex","@id":"https:\/\/impactocastex.com.ar\/#\/schema\/person\/86cb4f827fb5f87869a239b98a69c6e3"},"headline":"Guerra de Estados Unidos e Israel contra Ir\u00e1n, en vivo: tensi\u00f3n en Medio Oriente hoy, domingo 3 de mayo","datePublished":"2026-05-03T07:06:00+00:00","mainEntityOfPage":{"@id":"https:\/\/impactocastex.com.ar\/?p=17057"},"wordCount":808,"publisher":{"@id":"https:\/\/impactocastex.com.ar\/#organization"},"image":{"@id":"https:\/\/impactocastex.com.ar\/?p=17057#primaryimage"},"thumbnailUrl":"https:\/\/impactocastex.com.ar\/wp-content\/uploads\/2026\/05\/OSTOXRQ4SZDH5OP2BZNX6IIDVA-xlUv0A-scaled.jpg","articleSection":["NACIONALES"],"inLanguage":"es"},{"@type":"WebPage","@id":"https:\/\/impactocastex.com.ar\/?p=17057","url":"https:\/\/impactocastex.com.ar\/?p=17057","name":"Guerra de Estados Unidos e Israel contra Ir\u00e1n, en vivo: tensi\u00f3n en Medio Oriente hoy, domingo 3 de mayo -","isPartOf":{"@id":"https:\/\/impactocastex.com.ar\/#website"},"primaryImageOfPage":{"@id":"https:\/\/impactocastex.com.ar\/?p=17057#primaryimage"},"image":{"@id":"https:\/\/impactocastex.com.ar\/?p=17057#primaryimage"},"thumbnailUrl":"https:\/\/impactocastex.com.ar\/wp-content\/uploads\/2026\/05\/OSTOXRQ4SZDH5OP2BZNX6IIDVA-xlUv0A-scaled.jpg","datePublished":"2026-05-03T07:06:00+00:00","breadcrumb":{"@id":"https:\/\/impactocastex.com.ar\/?p=17057#breadcrumb"},"inLanguage":"es","potentialAction":[{"@type":"ReadAction","target":["https:\/\/impactocastex.com.ar\/?p=17057"]}]},{"@type":"ImageObject","inLanguage":"es","@id":"https:\/\/impactocastex.com.ar\/?p=17057#primaryimage","url":"https:\/\/impactocastex.com.ar\/wp-content\/uploads\/2026\/05\/OSTOXRQ4SZDH5OP2BZNX6IIDVA-xlUv0A-scaled.jpg","contentUrl":"https:\/\/impactocastex.com.ar\/wp-content\/uploads\/2026\/05\/OSTOXRQ4SZDH5OP2BZNX6IIDVA-xlUv0A-scaled.jpg","width":2560,"height":1676},{"@type":"BreadcrumbList","@id":"https:\/\/impactocastex.com.ar\/?p=17057#breadcrumb","itemListElement":[{"@type":"ListItem","position":1,"name":"Portada","item":"https:\/\/impactocastex.com.ar\/"},{"@type":"ListItem","position":2,"name":"Guerra de Estados Unidos e Israel contra Ir\u00e1n, en vivo: tensi\u00f3n en Medio Oriente hoy, domingo 3 de mayo"}]},{"@type":"WebSite","@id":"https:\/\/impactocastex.com.ar\/#website","url":"https:\/\/impactocastex.com.ar\/","name":"Impacto Castex","description":"","publisher":{"@id":"https:\/\/impactocastex.com.ar\/#organization"},"potentialAction":[{"@type":"SearchAction","target":{"@type":"EntryPoint","urlTemplate":"https:\/\/impactocastex.com.ar\/?s={search_term_string}"},"query-input":{"@type":"PropertyValueSpecification","valueRequired":true,"valueName":"search_term_string"}}],"inLanguage":"es"},{"@type":"Organization","@id":"https:\/\/impactocastex.com.ar\/#organization","name":"Impacto Castex","url":"https:\/\/impactocastex.com.ar\/","logo":{"@type":"ImageObject","inLanguage":"es","@id":"https:\/\/impactocastex.com.ar\/#\/schema\/logo\/image\/","url":"https:\/\/impactocastex.com.ar\/wp-content\/uploads\/2025\/09\/cropped-icoweb.png","contentUrl":"https:\/\/impactocastex.com.ar\/wp-content\/uploads\/2025\/09\/cropped-icoweb.png","width":512,"height":512,"caption":"Impacto Castex"},"image":{"@id":"https:\/\/impactocastex.com.ar\/#\/schema\/logo\/image\/"},"sameAs":["https:\/\/www.facebook.com\/impactocastexdiario","https:\/\/www.instagram.com\/impactocastex.com.ar\/"]},{"@type":"Person","@id":"https:\/\/impactocastex.com.ar\/#\/schema\/person\/86cb4f827fb5f87869a239b98a69c6e3","name":"impactocastex","image":{"@type":"ImageObject","inLanguage":"es","@id":"https:\/\/secure.gravatar.com\/avatar\/9a87ee051ca8c77f5d4070843ce2c78cdf95b858b950fb039151de955122f5f5?s=96&d=mm&r=g","url":"https:\/\/secure.gravatar.com\/avatar\/9a87ee051ca8c77f5d4070843ce2c78cdf95b858b950fb039151de955122f5f5?s=96&d=mm&r=g","contentUrl":"https:\/\/secure.gravatar.com\/avatar\/9a87ee051ca8c77f5d4070843ce2c78cdf95b858b950fb039151de955122f5f5?s=96&d=mm&r=g","caption":"impactocastex"},"sameAs":["https:\/\/impactocastex.com.ar"],"url":"https:\/\/impactocastex.com.ar\/?author=1"}]}},"jetpack_publicize_connections":[],"featured_image_urls":{"full":["https:\/\/impactocastex.com.ar\/wp-content\/uploads\/2026\/05\/OSTOXRQ4SZDH5OP2BZNX6IIDVA-xlUv0A-scaled.jpg",2560,1676,false],"thumbnail":["https:\/\/impactocastex.com.ar\/wp-content\/uploads\/2026\/05\/OSTOXRQ4SZDH5OP2BZNX6IIDVA-xlUv0A-150x150.jpg",150,150,true],"medium":["https:\/\/impactocastex.com.ar\/wp-content\/uploads\/2026\/05\/OSTOXRQ4SZDH5OP2BZNX6IIDVA-xlUv0A-300x196.jpg",300,196,true],"medium_large":["https:\/\/impactocastex.com.ar\/wp-content\/uploads\/2026\/05\/OSTOXRQ4SZDH5OP2BZNX6IIDVA-xlUv0A-768x503.jpg",640,419,true],"large":["https:\/\/impactocastex.com.ar\/wp-content\/uploads\/2026\/05\/OSTOXRQ4SZDH5OP2BZNX6IIDVA-xlUv0A-1024x671.jpg",640,419,true],"1536x1536":["https:\/\/impactocastex.com.ar\/wp-content\/uploads\/2026\/05\/OSTOXRQ4SZDH5OP2BZNX6IIDVA-xlUv0A-1536x1006.jpg",1536,1006,true],"2048x2048":["https:\/\/impactocastex.com.ar\/wp-content\/uploads\/2026\/05\/OSTOXRQ4SZDH5OP2BZNX6IIDVA-xlUv0A-2048x1341.jpg",2048,1341,true],"newsever-slider-full":["https:\/\/impactocastex.com.ar\/wp-content\/uploads\/2026\/05\/OSTOXRQ4SZDH5OP2BZNX6IIDVA-xlUv0A-1280x845.jpg",1280,845,true],"newsever-featured":["https:\/\/impactocastex.com.ar\/wp-content\/uploads\/2026\/05\/OSTOXRQ4SZDH5OP2BZNX6IIDVA-xlUv0A-1024x671.jpg",1024,671,true],"newsever-medium":["https:\/\/impactocastex.com.ar\/wp-content\/uploads\/2026\/05\/OSTOXRQ4SZDH5OP2BZNX6IIDVA-xlUv0A-720x475.jpg",720,475,true]},"author_info":{"info":["impactocastex"]},"category_info":"<a href=\"https:\/\/impactocastex.com.ar\/?cat=89\" rel=\"category\">NACIONALES<\/a>","tag_info":"NACIONALES","comment_count":0,"jetpack_featured_media_url":"https:\/\/impactocastex.com.ar\/wp-content\/uploads\/2026\/05\/OSTOXRQ4SZDH5OP2BZNX6IIDVA-xlUv0A-scaled.jpg","jetpack_sharing_enabled":true,"jetpack_likes_enabled":true,"jetpack_shortlink":"https:\/\/wp.me\/p7sopA-4r7","_links":{"self":[{"href":"https:\/\/impactocastex.com.ar\/index.php?rest_route=\/wp\/v2\/posts\/17057","targetHints":{"allow":["GET"]}}],"collection":[{"href":"https:\/\/impactocastex.com.ar\/index.php?rest_route=\/wp\/v2\/posts"}],"about":[{"href":"https:\/\/impactocastex.com.ar\/index.php?rest_route=\/wp\/v2\/types\/post"}],"author":[{"embeddable":true,"href":"https:\/\/impactocastex.com.ar\/index.php?rest_route=\/wp\/v2\/users\/1"}],"replies":[{"embeddable":true,"href":"https:\/\/impactocastex.com.ar\/index.php?rest_route=%2Fwp%2Fv2%2Fcomments&post=17057"}],"version-history":[{"count":0,"href":"https:\/\/impactocastex.com.ar\/index.php?rest_route=\/wp\/v2\/posts\/17057\/revisions"}],"wp:featuredmedia":[{"embeddable":true,"href":"https:\/\/impactocastex.com.ar\/index.php?rest_route=\/wp\/v2\/media\/17058"}],"wp:attachment":[{"href":"https:\/\/impactocastex.com.ar\/index.php?rest_route=%2Fwp%2Fv2%2Fmedia&parent=17057"}],"wp:term":[{"taxonomy":"category","embeddable":true,"href":"https:\/\/impactocastex.com.ar\/index.php?rest_route=%2Fwp%2Fv2%2Fcategories&post=17057"},{"taxonomy":"post_tag","embeddable":true,"href":"https:\/\/impactocastex.com.ar\/index.php?rest_route=%2Fwp%2Fv2%2Ftags&post=17057"}],"curies":[{"name":"wp","href":"https:\/\/api.w.org\/{rel}","templated":true}]}}