{"id":17055,"date":"2026-05-02T23:10:55","date_gmt":"2026-05-03T02:10:55","guid":{"rendered":"https:\/\/impactocastex.com.ar\/?p=17055"},"modified":"2026-05-02T23:10:55","modified_gmt":"2026-05-03T02:10:55","slug":"nuevo-escenario-javier-milei-toca-un-piso-en-las-encuestas-pero-la-oposicion-aun-no-lo-capitaliza","status":"publish","type":"post","link":"https:\/\/impactocastex.com.ar\/?p=17055","title":{"rendered":"Nuevo escenario: Javier Milei toca un piso en las encuestas, pero la oposici\u00f3n a\u00fan no lo capitaliza"},"content":{"rendered":"<div class=\"sc-45461e9c-0 eqiBeF container-text text-embed \">\n<p>En t\u00e9rminos deportivos, el recorrido de <strong>Javier Milei<\/strong> en las <a href=\"https:\/\/www.clarin.com\/tema\/encuestas.html?adcmp=pwclarin-cpa-DSA-C1-30&amp;gad_source=1&amp;gad_campaignid=12801678220&amp;gbraid=0AAAAADN1DWj1KR-4R91ae0uI_CNnNvTff&amp;gclid=CjwKCAjwntHPBhAaEiwA_Xp6RivtMIZlk0E49euNNGDeTaxyvNmII9Iccx2AIOLiGdq26aoWGc5W8BoCJoYQAvD_BwE\" target=\"_blank\" title=\"encuestas durante este a\u00f1o\">encuestas durante este a\u00f1o<\/a> ser\u00eda algo as\u00ed: despu\u00e9s de <a href=\"https:\/\/www.clarin.com\/politica\/ultimas-encuestas-2025-58-dice-situacion-mal-repuntan-expectativas-imagen-milei_0_8AKlujsnFc.html\" target=\"_blank\" title=\"alcanzar la punta y sacarle la m\u00e1xima ventaja\">alcanzar la punta y sacarle la m\u00e1xima ventaja<\/a> a sus rivales opositores en enero, los meses sucesivos mostraron una <strong>ca\u00edda<\/strong> en el Presidente y el Gobierno que<strong> no se detiene<\/strong>, pero a\u00fan resulta insuficiente para que los superen.<\/p>\n<\/div>\n<div class=\"sc-45461e9c-0 eqiBeF container-text text-embed \">\n<p>A esta conclusi\u00f3n lleg\u00f3 <strong>Clar\u00edn<\/strong> luego de analizar<strong> 14 estudios nacionales<\/strong> que se presentaron el \u00faltimo mes. Con diferentes n\u00fameros, <strong>la mirada es coincidente<\/strong>: la combinaci\u00f3n de la <a href=\"https:\/\/www.clarin.com\/economia\/inflacion-marzo-34-indec_0_IcfMLPVRHc.html\" target=\"_blank\" title=\"suba de la inflaci\u00f3n\">suba de la inflaci\u00f3n<\/a> y una econom\u00eda que no termina de arrancar con los inc\u00f3modos esc\u00e1ndalos de presunta corrupci\u00f3n que salpican a los funcionarios impactaron de lleno en la opini\u00f3n p\u00fablica.<\/p>\n<\/div>\n<div class=\"sc-45461e9c-0 eqiBeF container-text text-embed \">\n<p>Los trabajos a los que accedi\u00f3 este diario en el \u00faltimo mes son de las consultoras <strong><em>Zentrix<\/em><\/strong>, <strong><em>Tendencias<\/em><\/strong>, <strong><em>Trends<\/em><\/strong>, <strong><em>D&#8217;Alessio IROL &#8211; Berensztein<\/em><\/strong>, <strong><em>Zuban C\u00f3rdoba<\/em><\/strong>, <strong><em>Universidad de Buenos Aires<\/em><\/strong>, <strong><em>Universidad de San Andr\u00e9s<\/em><\/strong>, <strong><em>Isasi &#8211; Burdman<\/em><\/strong>, <strong><em>Atlas Intel &#8211; Bloomberg<\/em><\/strong>, <strong><em>CB Global Data<\/em><\/strong>, <strong><em>Qsocial<\/em><\/strong>, <strong><em>Trespuntozero &#8211; Alaska<\/em><\/strong>, <strong><em>Rubikon Intel<\/em><\/strong> y <strong><em>Management &amp; Fit<\/em><\/strong>.<\/p>\n<\/div>\n<div class=\"sc-45461e9c-0 eqiBeF container-text text-embed \">\n<p>Como suele ocurrir, la baja en el apoyo al Gobierno arranc\u00f3 primero con los <strong>n\u00facleos blandos<\/strong>. En el caso de Milei, ser\u00eda b\u00e1sicamente el <strong>26% que se sum\u00f3 entre la primera vuelta y el balotaje<\/strong> y que ven\u00eda, en su gran mayor\u00eda, de votantes que hab\u00edan optado por Patricia Bullrich en la elecci\u00f3n general. Pero ahora, como adelant\u00f3 <strong>Clar\u00edn<\/strong>, el <a href=\"https:\/\/www.clarin.com\/politica\/nueva-encuesta-alerta-rosada-javier-milei-pierde-apoyo-propios_0_DNV6RW4nPd.html\" target=\"_blank\" title=\"impacto tambi\u00e9n afecta al n\u00facleo duro\">impacto tambi\u00e9n afecta al n\u00facleo duro<\/a>.<\/p>\n<\/div>\n<div class=\"sc-45461e9c-0 eqiBeF container-text text-embed \">\n<p><strong>As\u00ed, en diferentes variables, Milei y el oficialismo pasaron primero de tener saldo positivo a tener saldo negativo, y luego a ver reducido el apoyo. De todos modos, en general, el Presidente y el Gobierno mantienen grupos a favor por encima del 30%. Y lo m\u00e1s importante para la Rosada: ese 60 y pico restante no encuentra a\u00fan una figura o espacio para canalizarlo en intenci\u00f3n de voto. <\/strong><\/p>\n<\/div>\n<h2>Los principales n\u00fameros para oficialismo y oposici\u00f3n<\/h2>\n<div class=\"sc-45461e9c-0 eqiBeF container-text text-embed \">\n<p>Tras analizar los 14 estudios nacionales del \u00faltimo mes, <strong>Clar\u00edn<\/strong> sac\u00f3 un promedio de las principales variables de coyuntura pol\u00edtica y econ\u00f3mica que se miden. As\u00ed, se pueden destacar estas cifras y conclusiones:<\/p>\n<\/div>\n<div class=\"sc-45461e9c-0 eqiBeF container-text text-embed \">\n<p>1) <strong><em>Evaluaci\u00f3n de la gesti\u00f3n de Milei<\/em><\/strong>: 38,1% aprueba, 58,2% desaprueba y 3,7% ns\/nc. <\/p>\n<\/div>\n<div class=\"sc-45461e9c-0 eqiBeF container-text text-embed \">\n<p>2) <strong><em>Rumbo del Gobierno<\/em><\/strong>: 32,3% dice que es correcto, 55,7% incorrecto y 12% ns\/nc.<\/p>\n<\/div>\n<div class=\"sc-45461e9c-0 eqiBeF container-text text-embed \">\n<p>3) <strong><em>Imagen de Milei<\/em><\/strong>: 38,1% positiva, 56,1% negativa y 5,6% ns\/nc.<\/p>\n<\/div>\n<div class=\"sc-45461e9c-0 eqiBeF container-text text-embed \">\n<p>Como puede observarse, son cifras bastante similares. Y sin ser dram\u00e1ticas,<strong> vienen bajando y a\u00fan no est\u00e1 claro si tocaron su piso<\/strong>. El 38,1% de positiva, por caso, hace que <strong>Milei ya no lidere todos los rankings de im\u00e1genes<\/strong>, como ocurr\u00eda hasta hace poco. En varios lo supera su aliada<strong> Patricia Bullrich<\/strong> y en unos pocos, m\u00e1s inc\u00f3modo a\u00fan, el opositor<strong> Axel Kicillof<\/strong>. <\/p>\n<\/div>\n<div class=\"sc-45461e9c-0 eqiBeF container-text text-embed \">\n<p>S\u00edntoma de \u00e9poca, un fen\u00f3meno de este a\u00f1o es la mejora en estas tablas de <strong>Myriam Bregman<\/strong>, la contracara m\u00e1s fuerte en t\u00e9rminos ideol\u00f3gicos de Milei. Diputada del Frente de Izquierda, viene creciendo sostenidamente y, <a href=\"https:\/\/www.clarin.com\/politica\/nueva-encuesta-votantes-opositores-kicillof-gano-cristina-milei-quedo-ultimo_0_2678WPOa2Y.html\" target=\"_blank\" title=\"con n\u00fameros regulares, le alcanza para subir un par de escalones\">con n\u00fameros regulares, le alcanza para subir un par de escalones<\/a>. Nada que se traduzca por ahora en un cambio importante en los cuadros de intenci\u00f3n de voto.<\/p>\n<\/div>\n<h2>Situaci\u00f3n actual, expectativas y herencia<\/h2>\n<div class=\"sc-45461e9c-0 eqiBeF container-text text-embed \">\n<p>La ca\u00edda tambi\u00e9n peg\u00f3 en las <strong>mediciones m\u00e1s vinculadas con la econom\u00eda<\/strong>. Y en un gobierno como el de Milei, que se concentra b\u00e1sicamente en esta materia, suenan un par de alarmas. Por ejemplo, cuando se pregunta sobre la <strong>situaci\u00f3n actual<\/strong> y el <strong>58,3%<\/strong> en promedio dice que est\u00e1 <strong>mal\/peor que el a\u00f1o pasado<\/strong> (s\u00f3lo un 23,6% responde bien\/mejor y el 18,1% restante se agrupa en igual o ns\/nc).<\/p>\n<\/div>\n<div class=\"sc-45461e9c-0 eqiBeF container-text text-embed \">\n<p>Este dato, que siempre fue negativo para una gesti\u00f3n que arranc\u00f3 con un ajuste furibundo, hasta hace no tanto se compensaba enseguida cuando los encuestadores preguntaban por el futuro: las <strong>\u00abexpectativas econ\u00f3micas\u00bb<\/strong>. Pero ahora, ac\u00e1 tambi\u00e9n prevalece el pesimismo. Seg\u00fan el relevamiento de <strong>Clar\u00edn<\/strong>, el <strong>32,9%<\/strong> es <strong>optimista<\/strong>, el <strong>45,4% pesimista<\/strong> y el 21,7% cree que la cosa seguir\u00e1 igual o ns\/nc.<\/p>\n<\/div>\n<div class=\"sc-98b114a2-0 bkqiHH image-embed  image-embed \"><img fetchpriority=\"high\" decoding=\"async\" alt=\"El ministro de Econom\u00eda, Luis Caputo. Foto: Guillermo Rodr\u00edguez Adami.\" loading=\"eager\" width=\"720\" height=\"480\" data-nimg=\"1\" src=\"https:\/\/www.clarin.com\/img\/2026\/05\/01\/djXuCTHD-_720x0__1.jpg\" \/><span class=\"epigraphe\" aria-hidden=\"true\">El ministro de Econom\u00eda, Luis Caputo. Foto: Guillermo Rodr\u00edguez Adami.<\/span><span class=\"picture-open\"><button class=\"open-image\" aria-label=\"Open Image\"><\/button><\/span><\/div>\n<div class=\"sc-45461e9c-0 eqiBeF container-text text-embed \">\n<p><strong>Con un extra negativo para el Gobierno: por l\u00f3gica, el efecto de la herencia K se va disipando. Bastante dur\u00f3 igual. Hasta hace unos meses, eran m\u00e1s los que responsabilizaban al Gobierno anterior por encima del actual por la situaci\u00f3n de crisis. Ya no.<\/strong><\/p>\n<\/div>\n<h2>Sin l\u00edder opositor claro y con ventaja para las elecciones<\/h2>\n<div class=\"sc-45461e9c-0 eqiBeF container-text text-embed \">\n<p>El gran consuelo para el oficialismo y la sensaci\u00f3n de que si mejora la econom\u00eda<strong> la reelecci\u00f3n de Milei es un objetivo tangible<\/strong>, es que en ninguno de los cuadros que miden las encuestas se percibe a\u00fan una amenaza opositora concreta. La <strong>variante m\u00e1s fuerte<\/strong> sigue siendo el <strong>peronismo\/kirchnerismo<\/strong>, con <strong>Kicillof a la cabeza<\/strong>.<\/p>\n<\/div>\n<div class=\"sc-45461e9c-0 eqiBeF container-text text-embed \">\n<p>El <strong>gobernador bonaerense<\/strong> es el opositor que en promedio tiene<strong> mejor imagen y mayor intenci\u00f3n de voto<\/strong>. Pero conserva un n\u00facleo duro de rechazo, dif\u00edcil de romper para un dirigente tan identificado con el kirchnerismo. As\u00ed, se entiende que en la mayor\u00eda de las mediciones electorales, siga prevaleciendo La Libertad Avanza como fuerza y Milei como candidato.<strong> Aunque sea por considerarlos \u00abmenos malos\u00bb<\/strong>.<\/p>\n<\/div>\n<div class=\"sc-45461e9c-0 eqiBeF container-text text-embed \">\n<p><strong>En el promedio que sac\u00f3 Clar\u00edn, los libertarios como espacio lideran con el 34,9% contra el 30,7% del peronismo\/kirchnerismo. Luego, en una pelea m\u00e1s o menos pareja y ya en torno a un d\u00edgito aparecen el PRO, el Frente de Izquierda y Provincias Unidas. <\/strong><\/p>\n<\/div>\n<div class=\"sc-98b114a2-0 bkqiHH image-embed  image-embed \"><img decoding=\"async\" alt=\"Kicillof es el opositor que mejor mide: en imagen y en intenci\u00f3n de voto.\" loading=\"eager\" width=\"720\" height=\"480\" data-nimg=\"1\" src=\"https:\/\/www.clarin.com\/img\/2026\/04\/23\/R9mIpu6xY_720x0__1.jpg\" \/><span class=\"epigraphe\" aria-hidden=\"true\">Kicillof es el opositor que mejor mide: en imagen y en intenci\u00f3n de voto.<\/span><span class=\"picture-open\"><button class=\"open-image\" aria-label=\"Open Image\"><\/button><\/span><\/div>\n<div class=\"sc-45461e9c-0 eqiBeF container-text text-embed \">\n<p>Tambi\u00e9n <strong>Milei suele superar a Kicillof<\/strong> cuando los miden para un <strong>eventual balotaje<\/strong>. Pero el escenario es claramente distinto al de fines de 2025\/arranque de 2026, cuando la duda era si el Presidente podr\u00eda conseguir la reelecci\u00f3n en primera vuelta. <\/p>\n<\/div>\n<p><strong><a href=\"https:\/\/blockads.fivefilters.org\/\">Adblock test<\/a><\/strong> <a href=\"https:\/\/blockads.fivefilters.org\/acceptable.html\">(Why?)<\/a><\/p>\n<p>\u200b\u00a0\u00a0\u200b<\/p>","protected":false},"excerpt":{"rendered":"<p>En t\u00e9rminos deportivos, el recorrido de Javier Milei en las encuestas durante este a\u00f1o ser\u00eda&#8230;<\/p>\n","protected":false},"author":1,"featured_media":17056,"comment_status":"closed","ping_status":"closed","sticky":false,"template":"","format":"standard","meta":{"_jetpack_memberships_contains_paid_content":false,"footnotes":"","jetpack_publicize_message":"","jetpack_publicize_feature_enabled":true,"jetpack_social_post_already_shared":true,"jetpack_social_options":{"image_generator_settings":{"template":"highway","default_image_id":0,"font":"","enabled":false},"version":2}},"categories":[122],"tags":[],"class_list":["post-17055","post","type-post","status-publish","format-standard","has-post-thumbnail","hentry","category-politica"],"yoast_head":"<!-- This site is optimized with the Yoast SEO plugin v27.4 - https:\/\/yoast.com\/product\/yoast-seo-wordpress\/ -->\n<title>Nuevo escenario: Javier Milei toca un piso en las encuestas, pero la oposici\u00f3n a\u00fan no lo capitaliza -<\/title>\n<meta name=\"robots\" content=\"index, follow, max-snippet:-1, max-image-preview:large, max-video-preview:-1\" \/>\n<link rel=\"canonical\" href=\"https:\/\/impactocastex.com.ar\/?p=17055\" \/>\n<meta property=\"og:locale\" content=\"es_ES\" \/>\n<meta property=\"og:type\" content=\"article\" \/>\n<meta property=\"og:title\" content=\"Nuevo escenario: Javier Milei toca un piso en las encuestas, pero la oposici\u00f3n a\u00fan no lo capitaliza -\" \/>\n<meta property=\"og:description\" content=\"En t\u00e9rminos deportivos, el recorrido de Javier Milei en las encuestas durante este a\u00f1o ser\u00eda...\" \/>\n<meta property=\"og:url\" content=\"https:\/\/impactocastex.com.ar\/?p=17055\" \/>\n<meta property=\"article:publisher\" content=\"https:\/\/www.facebook.com\/impactocastexdiario\" \/>\n<meta property=\"article:published_time\" content=\"2026-05-03T02:10:55+00:00\" \/>\n<meta property=\"og:image\" content=\"https:\/\/www.clarin.com\/img\/2026\/05\/01\/djXuCTHD-_720x0__1.jpg\" \/>\n<meta name=\"author\" content=\"impactocastex\" \/>\n<meta name=\"twitter:card\" content=\"summary_large_image\" \/>\n<meta name=\"twitter:label1\" content=\"Escrito por\" \/>\n\t<meta name=\"twitter:data1\" content=\"impactocastex\" \/>\n\t<meta name=\"twitter:label2\" content=\"Tiempo de lectura\" \/>\n\t<meta name=\"twitter:data2\" content=\"5 minutos\" \/>\n<script type=\"application\/ld+json\" class=\"yoast-schema-graph\">{\"@context\":\"https:\\\/\\\/schema.org\",\"@graph\":[{\"@type\":\"Article\",\"@id\":\"https:\\\/\\\/impactocastex.com.ar\\\/?p=17055#article\",\"isPartOf\":{\"@id\":\"https:\\\/\\\/impactocastex.com.ar\\\/?p=17055\"},\"author\":{\"name\":\"impactocastex\",\"@id\":\"https:\\\/\\\/impactocastex.com.ar\\\/#\\\/schema\\\/person\\\/86cb4f827fb5f87869a239b98a69c6e3\"},\"headline\":\"Nuevo escenario: Javier Milei toca un piso en las encuestas, pero la oposici\u00f3n a\u00fan no lo capitaliza\",\"datePublished\":\"2026-05-03T02:10:55+00:00\",\"mainEntityOfPage\":{\"@id\":\"https:\\\/\\\/impactocastex.com.ar\\\/?p=17055\"},\"wordCount\":1019,\"publisher\":{\"@id\":\"https:\\\/\\\/impactocastex.com.ar\\\/#organization\"},\"image\":{\"@id\":\"https:\\\/\\\/impactocastex.com.ar\\\/?p=17055#primaryimage\"},\"thumbnailUrl\":\"https:\\\/\\\/impactocastex.com.ar\\\/wp-content\\\/uploads\\\/2026\\\/05\\\/c-BlAJSmK_1200x630__1-AfhCIj.jpg\",\"articleSection\":[\"POLITICA\"],\"inLanguage\":\"es\"},{\"@type\":\"WebPage\",\"@id\":\"https:\\\/\\\/impactocastex.com.ar\\\/?p=17055\",\"url\":\"https:\\\/\\\/impactocastex.com.ar\\\/?p=17055\",\"name\":\"Nuevo escenario: Javier Milei toca un piso en las encuestas, pero la oposici\u00f3n a\u00fan no lo capitaliza -\",\"isPartOf\":{\"@id\":\"https:\\\/\\\/impactocastex.com.ar\\\/#website\"},\"primaryImageOfPage\":{\"@id\":\"https:\\\/\\\/impactocastex.com.ar\\\/?p=17055#primaryimage\"},\"image\":{\"@id\":\"https:\\\/\\\/impactocastex.com.ar\\\/?p=17055#primaryimage\"},\"thumbnailUrl\":\"https:\\\/\\\/impactocastex.com.ar\\\/wp-content\\\/uploads\\\/2026\\\/05\\\/c-BlAJSmK_1200x630__1-AfhCIj.jpg\",\"datePublished\":\"2026-05-03T02:10:55+00:00\",\"breadcrumb\":{\"@id\":\"https:\\\/\\\/impactocastex.com.ar\\\/?p=17055#breadcrumb\"},\"inLanguage\":\"es\",\"potentialAction\":[{\"@type\":\"ReadAction\",\"target\":[\"https:\\\/\\\/impactocastex.com.ar\\\/?p=17055\"]}]},{\"@type\":\"ImageObject\",\"inLanguage\":\"es\",\"@id\":\"https:\\\/\\\/impactocastex.com.ar\\\/?p=17055#primaryimage\",\"url\":\"https:\\\/\\\/impactocastex.com.ar\\\/wp-content\\\/uploads\\\/2026\\\/05\\\/c-BlAJSmK_1200x630__1-AfhCIj.jpg\",\"contentUrl\":\"https:\\\/\\\/impactocastex.com.ar\\\/wp-content\\\/uploads\\\/2026\\\/05\\\/c-BlAJSmK_1200x630__1-AfhCIj.jpg\",\"width\":1200,\"height\":630},{\"@type\":\"BreadcrumbList\",\"@id\":\"https:\\\/\\\/impactocastex.com.ar\\\/?p=17055#breadcrumb\",\"itemListElement\":[{\"@type\":\"ListItem\",\"position\":1,\"name\":\"Portada\",\"item\":\"https:\\\/\\\/impactocastex.com.ar\\\/\"},{\"@type\":\"ListItem\",\"position\":2,\"name\":\"Nuevo escenario: Javier Milei toca un piso en las encuestas, pero la oposici\u00f3n a\u00fan no lo capitaliza\"}]},{\"@type\":\"WebSite\",\"@id\":\"https:\\\/\\\/impactocastex.com.ar\\\/#website\",\"url\":\"https:\\\/\\\/impactocastex.com.ar\\\/\",\"name\":\"Impacto Castex\",\"description\":\"\",\"publisher\":{\"@id\":\"https:\\\/\\\/impactocastex.com.ar\\\/#organization\"},\"potentialAction\":[{\"@type\":\"SearchAction\",\"target\":{\"@type\":\"EntryPoint\",\"urlTemplate\":\"https:\\\/\\\/impactocastex.com.ar\\\/?s={search_term_string}\"},\"query-input\":{\"@type\":\"PropertyValueSpecification\",\"valueRequired\":true,\"valueName\":\"search_term_string\"}}],\"inLanguage\":\"es\"},{\"@type\":\"Organization\",\"@id\":\"https:\\\/\\\/impactocastex.com.ar\\\/#organization\",\"name\":\"Impacto Castex\",\"url\":\"https:\\\/\\\/impactocastex.com.ar\\\/\",\"logo\":{\"@type\":\"ImageObject\",\"inLanguage\":\"es\",\"@id\":\"https:\\\/\\\/impactocastex.com.ar\\\/#\\\/schema\\\/logo\\\/image\\\/\",\"url\":\"https:\\\/\\\/impactocastex.com.ar\\\/wp-content\\\/uploads\\\/2025\\\/09\\\/cropped-icoweb.png\",\"contentUrl\":\"https:\\\/\\\/impactocastex.com.ar\\\/wp-content\\\/uploads\\\/2025\\\/09\\\/cropped-icoweb.png\",\"width\":512,\"height\":512,\"caption\":\"Impacto Castex\"},\"image\":{\"@id\":\"https:\\\/\\\/impactocastex.com.ar\\\/#\\\/schema\\\/logo\\\/image\\\/\"},\"sameAs\":[\"https:\\\/\\\/www.facebook.com\\\/impactocastexdiario\",\"https:\\\/\\\/www.instagram.com\\\/impactocastex.com.ar\\\/\"]},{\"@type\":\"Person\",\"@id\":\"https:\\\/\\\/impactocastex.com.ar\\\/#\\\/schema\\\/person\\\/86cb4f827fb5f87869a239b98a69c6e3\",\"name\":\"impactocastex\",\"image\":{\"@type\":\"ImageObject\",\"inLanguage\":\"es\",\"@id\":\"https:\\\/\\\/secure.gravatar.com\\\/avatar\\\/9a87ee051ca8c77f5d4070843ce2c78cdf95b858b950fb039151de955122f5f5?s=96&d=mm&r=g\",\"url\":\"https:\\\/\\\/secure.gravatar.com\\\/avatar\\\/9a87ee051ca8c77f5d4070843ce2c78cdf95b858b950fb039151de955122f5f5?s=96&d=mm&r=g\",\"contentUrl\":\"https:\\\/\\\/secure.gravatar.com\\\/avatar\\\/9a87ee051ca8c77f5d4070843ce2c78cdf95b858b950fb039151de955122f5f5?s=96&d=mm&r=g\",\"caption\":\"impactocastex\"},\"sameAs\":[\"https:\\\/\\\/impactocastex.com.ar\"],\"url\":\"https:\\\/\\\/impactocastex.com.ar\\\/?author=1\"}]}<\/script>\n<!-- \/ Yoast SEO plugin. -->","yoast_head_json":{"title":"Nuevo escenario: Javier Milei toca un piso en las encuestas, pero la oposici\u00f3n a\u00fan no lo capitaliza -","robots":{"index":"index","follow":"follow","max-snippet":"max-snippet:-1","max-image-preview":"max-image-preview:large","max-video-preview":"max-video-preview:-1"},"canonical":"https:\/\/impactocastex.com.ar\/?p=17055","og_locale":"es_ES","og_type":"article","og_title":"Nuevo escenario: Javier Milei toca un piso en las encuestas, pero la oposici\u00f3n a\u00fan no lo capitaliza -","og_description":"En t\u00e9rminos deportivos, el recorrido de Javier Milei en las encuestas durante este a\u00f1o ser\u00eda...","og_url":"https:\/\/impactocastex.com.ar\/?p=17055","article_publisher":"https:\/\/www.facebook.com\/impactocastexdiario","article_published_time":"2026-05-03T02:10:55+00:00","og_image":[{"url":"https:\/\/www.clarin.com\/img\/2026\/05\/01\/djXuCTHD-_720x0__1.jpg","type":"","width":"","height":""}],"author":"impactocastex","twitter_card":"summary_large_image","twitter_misc":{"Escrito por":"impactocastex","Tiempo de lectura":"5 minutos"},"schema":{"@context":"https:\/\/schema.org","@graph":[{"@type":"Article","@id":"https:\/\/impactocastex.com.ar\/?p=17055#article","isPartOf":{"@id":"https:\/\/impactocastex.com.ar\/?p=17055"},"author":{"name":"impactocastex","@id":"https:\/\/impactocastex.com.ar\/#\/schema\/person\/86cb4f827fb5f87869a239b98a69c6e3"},"headline":"Nuevo escenario: Javier Milei toca un piso en las encuestas, pero la oposici\u00f3n a\u00fan no lo capitaliza","datePublished":"2026-05-03T02:10:55+00:00","mainEntityOfPage":{"@id":"https:\/\/impactocastex.com.ar\/?p=17055"},"wordCount":1019,"publisher":{"@id":"https:\/\/impactocastex.com.ar\/#organization"},"image":{"@id":"https:\/\/impactocastex.com.ar\/?p=17055#primaryimage"},"thumbnailUrl":"https:\/\/impactocastex.com.ar\/wp-content\/uploads\/2026\/05\/c-BlAJSmK_1200x630__1-AfhCIj.jpg","articleSection":["POLITICA"],"inLanguage":"es"},{"@type":"WebPage","@id":"https:\/\/impactocastex.com.ar\/?p=17055","url":"https:\/\/impactocastex.com.ar\/?p=17055","name":"Nuevo escenario: Javier Milei toca un piso en las encuestas, pero la oposici\u00f3n a\u00fan no lo capitaliza -","isPartOf":{"@id":"https:\/\/impactocastex.com.ar\/#website"},"primaryImageOfPage":{"@id":"https:\/\/impactocastex.com.ar\/?p=17055#primaryimage"},"image":{"@id":"https:\/\/impactocastex.com.ar\/?p=17055#primaryimage"},"thumbnailUrl":"https:\/\/impactocastex.com.ar\/wp-content\/uploads\/2026\/05\/c-BlAJSmK_1200x630__1-AfhCIj.jpg","datePublished":"2026-05-03T02:10:55+00:00","breadcrumb":{"@id":"https:\/\/impactocastex.com.ar\/?p=17055#breadcrumb"},"inLanguage":"es","potentialAction":[{"@type":"ReadAction","target":["https:\/\/impactocastex.com.ar\/?p=17055"]}]},{"@type":"ImageObject","inLanguage":"es","@id":"https:\/\/impactocastex.com.ar\/?p=17055#primaryimage","url":"https:\/\/impactocastex.com.ar\/wp-content\/uploads\/2026\/05\/c-BlAJSmK_1200x630__1-AfhCIj.jpg","contentUrl":"https:\/\/impactocastex.com.ar\/wp-content\/uploads\/2026\/05\/c-BlAJSmK_1200x630__1-AfhCIj.jpg","width":1200,"height":630},{"@type":"BreadcrumbList","@id":"https:\/\/impactocastex.com.ar\/?p=17055#breadcrumb","itemListElement":[{"@type":"ListItem","position":1,"name":"Portada","item":"https:\/\/impactocastex.com.ar\/"},{"@type":"ListItem","position":2,"name":"Nuevo escenario: Javier Milei toca un piso en las encuestas, pero la oposici\u00f3n a\u00fan no lo capitaliza"}]},{"@type":"WebSite","@id":"https:\/\/impactocastex.com.ar\/#website","url":"https:\/\/impactocastex.com.ar\/","name":"Impacto Castex","description":"","publisher":{"@id":"https:\/\/impactocastex.com.ar\/#organization"},"potentialAction":[{"@type":"SearchAction","target":{"@type":"EntryPoint","urlTemplate":"https:\/\/impactocastex.com.ar\/?s={search_term_string}"},"query-input":{"@type":"PropertyValueSpecification","valueRequired":true,"valueName":"search_term_string"}}],"inLanguage":"es"},{"@type":"Organization","@id":"https:\/\/impactocastex.com.ar\/#organization","name":"Impacto Castex","url":"https:\/\/impactocastex.com.ar\/","logo":{"@type":"ImageObject","inLanguage":"es","@id":"https:\/\/impactocastex.com.ar\/#\/schema\/logo\/image\/","url":"https:\/\/impactocastex.com.ar\/wp-content\/uploads\/2025\/09\/cropped-icoweb.png","contentUrl":"https:\/\/impactocastex.com.ar\/wp-content\/uploads\/2025\/09\/cropped-icoweb.png","width":512,"height":512,"caption":"Impacto Castex"},"image":{"@id":"https:\/\/impactocastex.com.ar\/#\/schema\/logo\/image\/"},"sameAs":["https:\/\/www.facebook.com\/impactocastexdiario","https:\/\/www.instagram.com\/impactocastex.com.ar\/"]},{"@type":"Person","@id":"https:\/\/impactocastex.com.ar\/#\/schema\/person\/86cb4f827fb5f87869a239b98a69c6e3","name":"impactocastex","image":{"@type":"ImageObject","inLanguage":"es","@id":"https:\/\/secure.gravatar.com\/avatar\/9a87ee051ca8c77f5d4070843ce2c78cdf95b858b950fb039151de955122f5f5?s=96&d=mm&r=g","url":"https:\/\/secure.gravatar.com\/avatar\/9a87ee051ca8c77f5d4070843ce2c78cdf95b858b950fb039151de955122f5f5?s=96&d=mm&r=g","contentUrl":"https:\/\/secure.gravatar.com\/avatar\/9a87ee051ca8c77f5d4070843ce2c78cdf95b858b950fb039151de955122f5f5?s=96&d=mm&r=g","caption":"impactocastex"},"sameAs":["https:\/\/impactocastex.com.ar"],"url":"https:\/\/impactocastex.com.ar\/?author=1"}]}},"jetpack_publicize_connections":[],"featured_image_urls":{"full":["https:\/\/impactocastex.com.ar\/wp-content\/uploads\/2026\/05\/c-BlAJSmK_1200x630__1-AfhCIj.jpg",1200,630,false],"thumbnail":["https:\/\/impactocastex.com.ar\/wp-content\/uploads\/2026\/05\/c-BlAJSmK_1200x630__1-AfhCIj-150x150.jpg",150,150,true],"medium":["https:\/\/impactocastex.com.ar\/wp-content\/uploads\/2026\/05\/c-BlAJSmK_1200x630__1-AfhCIj-300x158.jpg",300,158,true],"medium_large":["https:\/\/impactocastex.com.ar\/wp-content\/uploads\/2026\/05\/c-BlAJSmK_1200x630__1-AfhCIj-768x403.jpg",640,336,true],"large":["https:\/\/impactocastex.com.ar\/wp-content\/uploads\/2026\/05\/c-BlAJSmK_1200x630__1-AfhCIj-1024x538.jpg",640,336,true],"1536x1536":["https:\/\/impactocastex.com.ar\/wp-content\/uploads\/2026\/05\/c-BlAJSmK_1200x630__1-AfhCIj.jpg",1200,630,false],"2048x2048":["https:\/\/impactocastex.com.ar\/wp-content\/uploads\/2026\/05\/c-BlAJSmK_1200x630__1-AfhCIj.jpg",1200,630,false],"newsever-slider-full":["https:\/\/impactocastex.com.ar\/wp-content\/uploads\/2026\/05\/c-BlAJSmK_1200x630__1-AfhCIj.jpg",1200,630,false],"newsever-featured":["https:\/\/impactocastex.com.ar\/wp-content\/uploads\/2026\/05\/c-BlAJSmK_1200x630__1-AfhCIj-1024x538.jpg",1024,538,true],"newsever-medium":["https:\/\/impactocastex.com.ar\/wp-content\/uploads\/2026\/05\/c-BlAJSmK_1200x630__1-AfhCIj-720x475.jpg",720,475,true]},"author_info":{"info":["impactocastex"]},"category_info":"<a href=\"https:\/\/impactocastex.com.ar\/?cat=122\" rel=\"category\">POLITICA<\/a>","tag_info":"POLITICA","comment_count":0,"jetpack_featured_media_url":"https:\/\/impactocastex.com.ar\/wp-content\/uploads\/2026\/05\/c-BlAJSmK_1200x630__1-AfhCIj.jpg","jetpack_sharing_enabled":true,"jetpack_likes_enabled":true,"jetpack_shortlink":"https:\/\/wp.me\/p7sopA-4r5","_links":{"self":[{"href":"https:\/\/impactocastex.com.ar\/index.php?rest_route=\/wp\/v2\/posts\/17055","targetHints":{"allow":["GET"]}}],"collection":[{"href":"https:\/\/impactocastex.com.ar\/index.php?rest_route=\/wp\/v2\/posts"}],"about":[{"href":"https:\/\/impactocastex.com.ar\/index.php?rest_route=\/wp\/v2\/types\/post"}],"author":[{"embeddable":true,"href":"https:\/\/impactocastex.com.ar\/index.php?rest_route=\/wp\/v2\/users\/1"}],"replies":[{"embeddable":true,"href":"https:\/\/impactocastex.com.ar\/index.php?rest_route=%2Fwp%2Fv2%2Fcomments&post=17055"}],"version-history":[{"count":0,"href":"https:\/\/impactocastex.com.ar\/index.php?rest_route=\/wp\/v2\/posts\/17055\/revisions"}],"wp:featuredmedia":[{"embeddable":true,"href":"https:\/\/impactocastex.com.ar\/index.php?rest_route=\/wp\/v2\/media\/17056"}],"wp:attachment":[{"href":"https:\/\/impactocastex.com.ar\/index.php?rest_route=%2Fwp%2Fv2%2Fmedia&parent=17055"}],"wp:term":[{"taxonomy":"category","embeddable":true,"href":"https:\/\/impactocastex.com.ar\/index.php?rest_route=%2Fwp%2Fv2%2Fcategories&post=17055"},{"taxonomy":"post_tag","embeddable":true,"href":"https:\/\/impactocastex.com.ar\/index.php?rest_route=%2Fwp%2Fv2%2Ftags&post=17055"}],"curies":[{"name":"wp","href":"https:\/\/api.w.org\/{rel}","templated":true}]}}