{"id":16972,"date":"2026-05-02T03:11:00","date_gmt":"2026-05-02T06:11:00","guid":{"rendered":"https:\/\/impactocastex.com.ar\/?p=16972"},"modified":"2026-05-02T03:11:00","modified_gmt":"2026-05-02T06:11:00","slug":"adios-gavin-newsom-nueva-encuesta-revela-que-buscan-los-votantes-de-california-para-elegir-a-su-candidato","status":"publish","type":"post","link":"https:\/\/impactocastex.com.ar\/?p=16972","title":{"rendered":"Adi\u00f3s Gavin Newsom: nueva encuesta revela qu\u00e9 buscan los votantes de California para elegir a su candidato"},"content":{"rendered":"<p>A poco m\u00e1s de un mes de las <b>elecciones primarias, que se celebrar\u00e1n el pr\u00f3ximo 2 de junio,<\/b> una <b>nueva encuesta<\/b> expuso cu\u00e1l es la principal preocupaci\u00f3n de los <b>votantes de<\/b> <b>California<\/b>: el alto <b>costo de vida<\/b>. El sondeo tambi\u00e9n mostr\u00f3 una carrera fragmentada por la sucesi\u00f3n de <a href=\"https:\/\/www.lanacion.com.ar\/estados-unidos\/california\/adios-newsom-en-california-como-xavier-becerra-avanza-como-uno-de-los-favoritos-por-la-gobernacion-nid25042026\/\" target=\"_self\" rel=\"\" title=\"https:\/\/www.lanacion.com.ar\/estados-unidos\/california\/adios-newsom-en-california-como-xavier-becerra-avanza-como-uno-de-los-favoritos-por-la-gobernacion-nid25042026\/\"><b>Gavin Newsom<\/b><\/a>, sin un favorito claro.<\/p>\n<h1>Debate por la gobernaci\u00f3n de California: qu\u00e9 muestran las encuestas antes de las primarias<\/h1>\n<p>Seg\u00fan una encuesta de <a href=\"https:\/\/www.cbsnews.com\/news\/california-governors-race-primary-voters-opinion-poll-2026-04-27\/\" target=\"_self\" rel=\"\" title=\"https:\/\/www.cbsnews.com\/news\/california-governors-race-primary-voters-opinion-poll-2026-04-27\/\"><i>CBS News<\/i><\/a>, la competencia llega a un punto decisivo con el <b>debate televisado de este martes 28 de abril<\/b>. Los dem\u00f3cratas buscan un perfil con pol\u00edticas similares a las de <b>Newsom<\/b>, mientras que los <a href=\"https:\/\/www.lanacion.com.ar\/estados-unidos\/el-sospechoso-es-de-california-y-newsom-reacciono-al-tiroteo-con-trump-en-washington-la-violencia-nid26042026\/\" target=\"_self\" rel=\"\" title=\"https:\/\/www.lanacion.com.ar\/estados-unidos\/el-sospechoso-es-de-california-y-newsom-reacciono-al-tiroteo-con-trump-en-washington-la-violencia-nid26042026\/\"><b>republicanos<\/b><\/a> optan <b>por un cambio<\/b> ante una econom\u00eda estatal que califican como peor que la nacional. <\/p>\n<p>\u201cLos descriptores <b>\u2018valores\u2019 y \u2018juicio\u2019 se destacan como las cualidades m\u00e1s deseables<\/b> en un candidato\u201d, indica el informe basado en el sondeo. La <b>fragmentaci\u00f3n del voto es un punto de atenci\u00f3n para el bloque dem\u00f3crata<\/b>. <\/p>\n<p>Los datos muestran que la multiplicidad de aspirantes oficialistas divide el apoyo.Esto abre la posibilidad de que <b>dos republicanos logren los primeros puestos y dejen al partido fuera de la elecci\u00f3n <\/b>general.<\/p>\n<p>Cabe destacar que, en la actualidad, el republicano <b>Steve Hilton<\/b> y el dem\u00f3crata <b>Tom Steyer<\/b> encabezan la intenci\u00f3n de voto, ambos situ\u00e1ndose en torno al <b>15%<\/b>.<\/p>\n<p><img loading=\"lazy\" decoding=\"async\" src=\"https:\/\/resizer.glanacion.com\/resizer\/v2\/A3VFXHCZ6VEIBDFXSBZPVJZGY4.jpg?auth=16f0cea25180f98f1335c0142273f16d06ff13533c211a1193931f6b8c31feea&amp;smart=true&amp;width=2000&amp;height=1333\" alt=\"El republicano Steve Hilton crece en las encuestas y se ilusiona con el sucesor de Gavin Newsom en California\" height=\"1333\" width=\"2000\" \/><\/p>\n<h1>Gasolina, impuestos y vivienda: los temas que m\u00e1s preocupan a los votantes de California<\/h1>\n<p>El <b>precio de la gasolina<\/b> aparece como un tema central para los californianos. Respecto a las posibles soluciones, el electorado se muestra dividido. Una parte del electorado propone suspender el impuesto estatal al combustible, aunque una ligera mayor\u00eda se inclina por <b>no hacerlo<\/b>, seg\u00fan los datos de <i>CBS News<\/i>.<\/p>\n<p>Las prioridades de gesti\u00f3n var\u00edan seg\u00fan la afiliaci\u00f3n partidaria. Los republicanos identifican la <b>baja de impuestos<\/b> como la medida principal para ayudar a la clase trabajadora, mientras que los dem\u00f3cratas priorizan la construcci\u00f3n de viviendas. <\/p>\n<p><img loading=\"lazy\" decoding=\"async\" src=\"https:\/\/resizer.glanacion.com\/resizer\/v2\/NAZEU6VJ5JFVNOHMX2KEKM5ILU.webp?auth=0f0655539b456ec081a34c9141bcbeda77b30bf9af0942c639d7e6af7f812547&amp;smart=true&amp;width=867&amp;height=488\" alt=\"El precio de la gasolina se destaca como un tema de importancia para los ciudadanos de California\" height=\"488\" width=\"867\" \/><\/p>\n<p>Adem\u00e1s, temas como el <b>crimen<\/b> y la <b>inmigraci\u00f3n<\/b> tienen mayor peso en el sector republicano, mientras que el <b>cambio clim\u00e1tico<\/b> y la salud encabezan la agenda dem\u00f3crata.<\/p>\n<h1>Donald Trump y los indecisos: el factor que puede definir la elecci\u00f3n en California<\/h1>\n<p>El estudio destaca que una amplia mayor\u00eda de dem\u00f3cratas busca un candidato que se oponga a <b>Donald Trump<\/b>, particularmente en el <b>rechazo a colaborar con las operaciones<\/b> del Servicio de Inmigraci\u00f3n y Control de Aduanas de Estados Unidos (<b>ICE<\/b>, por sus siglas en ingl\u00e9s).<\/p>\n<p>Esto responde a la percepci\u00f3n de gran parte del electorado de que la administraci\u00f3n federal trata a <a href=\"https:\/\/www.lanacion.com.ar\/estados-unidos\/california\/gavin-newsom-gobernador-de-california-la-accion-climatica-y-la-fortaleza-economica-van-de-la-mano-nid26042026\/\" target=\"_self\" rel=\"\" title=\"https:\/\/www.lanacion.com.ar\/estados-unidos\/california\/gavin-newsom-gobernador-de-california-la-accion-climatica-y-la-fortaleza-economica-van-de-la-mano-nid26042026\/\"><b>California<\/b> <\/a>de forma injusta en comparaci\u00f3n con otros estados. Por el contrario, los <b>votantes republicanos prefieren una figura que respalde<\/b> al mandatario.<\/p>\n<p><img loading=\"lazy\" decoding=\"async\" src=\"https:\/\/resizer.glanacion.com\/resizer\/v2\/3VZK6VRPAZFKLIZ6VRRGZGDDLE.jpg?auth=1d6282abb1ad48e106e389c39a34f5bad85fe6314f0c79813bfef690f84330ed&amp;smart=true&amp;width=2000&amp;height=1333\" alt=\"Una amplia mayor\u00eda de dem\u00f3cratas busca un candidato que se oponga a Donald Trump, quien se mostr\u00f3 a favor de las pol\u00edticas de ICE\" height=\"1333\" width=\"2000\" \/><\/p>\n<p>El sondeo concluye que el elevado n\u00famero de indecisos responde a una insatisfacci\u00f3n con las opciones actuales, especialmente entre los independientes. \u201cMuchos votantes dicen que los<b> debates importan al menos algo.<\/b> Todo apunta a un <b>\u00faltimo mes dram\u00e1tico antes de las primarias<\/b>\u201d, afirma el reporte. <\/p>\n<p>El informe se\u00f1al\u00f3 que el encuentro de este martes entre los candidatos ser\u00e1 clave en una carrera donde <b>ning\u00fan aspirante a gobernador logr\u00f3 consolidar una ventaja sustancial <\/b>antes de la votaci\u00f3n primaria.<\/p>\n<p>\u200bNueva encuesta de CBS News revela un escenario incierto para suceder a Gavin Newsom en California. El costo de vida y la oposici\u00f3n a Trump marcan la tendencia.\u00a0\u00a0<\/p>","protected":false},"excerpt":{"rendered":"<p>A poco m\u00e1s de un mes de las elecciones primarias, que se celebrar\u00e1n el pr\u00f3ximo&#8230;<\/p>\n","protected":false},"author":1,"featured_media":16973,"comment_status":"closed","ping_status":"closed","sticky":false,"template":"","format":"standard","meta":{"_jetpack_memberships_contains_paid_content":false,"footnotes":"","jetpack_publicize_message":"","jetpack_publicize_feature_enabled":true,"jetpack_social_post_already_shared":true,"jetpack_social_options":{"image_generator_settings":{"template":"highway","default_image_id":0,"font":"","enabled":false},"version":2}},"categories":[89],"tags":[],"class_list":["post-16972","post","type-post","status-publish","format-standard","has-post-thumbnail","hentry","category-nacionales"],"yoast_head":"<!-- This site is optimized with the Yoast SEO plugin v27.4 - https:\/\/yoast.com\/product\/yoast-seo-wordpress\/ -->\n<title>Adi\u00f3s Gavin Newsom: nueva encuesta revela qu\u00e9 buscan los votantes de California para elegir a su candidato -<\/title>\n<meta name=\"robots\" content=\"index, follow, max-snippet:-1, max-image-preview:large, max-video-preview:-1\" \/>\n<link rel=\"canonical\" href=\"https:\/\/impactocastex.com.ar\/?p=16972\" \/>\n<meta property=\"og:locale\" content=\"es_ES\" \/>\n<meta property=\"og:type\" content=\"article\" \/>\n<meta property=\"og:title\" content=\"Adi\u00f3s Gavin Newsom: nueva encuesta revela qu\u00e9 buscan los votantes de California para elegir a su candidato -\" \/>\n<meta property=\"og:description\" content=\"A poco m\u00e1s de un mes de las elecciones primarias, que se celebrar\u00e1n el pr\u00f3ximo...\" \/>\n<meta property=\"og:url\" content=\"https:\/\/impactocastex.com.ar\/?p=16972\" \/>\n<meta property=\"article:publisher\" content=\"https:\/\/www.facebook.com\/impactocastexdiario\" \/>\n<meta property=\"article:published_time\" content=\"2026-05-02T06:11:00+00:00\" \/>\n<meta property=\"og:image\" content=\"https:\/\/resizer.glanacion.com\/resizer\/v2\/A3VFXHCZ6VEIBDFXSBZPVJZGY4.jpg?auth=16f0cea25180f98f1335c0142273f16d06ff13533c211a1193931f6b8c31feea&amp;smart=true&amp;width=2000&amp;height=1333\" \/>\n<meta name=\"author\" content=\"impactocastex\" \/>\n<meta name=\"twitter:card\" content=\"summary_large_image\" \/>\n<meta name=\"twitter:label1\" content=\"Escrito por\" \/>\n\t<meta name=\"twitter:data1\" content=\"impactocastex\" \/>\n\t<meta name=\"twitter:label2\" content=\"Tiempo de lectura\" \/>\n\t<meta name=\"twitter:data2\" content=\"3 minutos\" \/>\n<script type=\"application\/ld+json\" class=\"yoast-schema-graph\">{\"@context\":\"https:\\\/\\\/schema.org\",\"@graph\":[{\"@type\":\"Article\",\"@id\":\"https:\\\/\\\/impactocastex.com.ar\\\/?p=16972#article\",\"isPartOf\":{\"@id\":\"https:\\\/\\\/impactocastex.com.ar\\\/?p=16972\"},\"author\":{\"name\":\"impactocastex\",\"@id\":\"https:\\\/\\\/impactocastex.com.ar\\\/#\\\/schema\\\/person\\\/86cb4f827fb5f87869a239b98a69c6e3\"},\"headline\":\"Adi\u00f3s Gavin Newsom: nueva encuesta revela qu\u00e9 buscan los votantes de California para elegir a su candidato\",\"datePublished\":\"2026-05-02T06:11:00+00:00\",\"mainEntityOfPage\":{\"@id\":\"https:\\\/\\\/impactocastex.com.ar\\\/?p=16972\"},\"wordCount\":606,\"publisher\":{\"@id\":\"https:\\\/\\\/impactocastex.com.ar\\\/#organization\"},\"image\":{\"@id\":\"https:\\\/\\\/impactocastex.com.ar\\\/?p=16972#primaryimage\"},\"thumbnailUrl\":\"https:\\\/\\\/impactocastex.com.ar\\\/wp-content\\\/uploads\\\/2026\\\/05\\\/WHBN25ROMBEXTIDANH2TXBN5A4-ovPIzj.jpg\",\"articleSection\":[\"NACIONALES\"],\"inLanguage\":\"es\"},{\"@type\":\"WebPage\",\"@id\":\"https:\\\/\\\/impactocastex.com.ar\\\/?p=16972\",\"url\":\"https:\\\/\\\/impactocastex.com.ar\\\/?p=16972\",\"name\":\"Adi\u00f3s Gavin Newsom: nueva encuesta revela qu\u00e9 buscan los votantes de California para elegir a su candidato -\",\"isPartOf\":{\"@id\":\"https:\\\/\\\/impactocastex.com.ar\\\/#website\"},\"primaryImageOfPage\":{\"@id\":\"https:\\\/\\\/impactocastex.com.ar\\\/?p=16972#primaryimage\"},\"image\":{\"@id\":\"https:\\\/\\\/impactocastex.com.ar\\\/?p=16972#primaryimage\"},\"thumbnailUrl\":\"https:\\\/\\\/impactocastex.com.ar\\\/wp-content\\\/uploads\\\/2026\\\/05\\\/WHBN25ROMBEXTIDANH2TXBN5A4-ovPIzj.jpg\",\"datePublished\":\"2026-05-02T06:11:00+00:00\",\"breadcrumb\":{\"@id\":\"https:\\\/\\\/impactocastex.com.ar\\\/?p=16972#breadcrumb\"},\"inLanguage\":\"es\",\"potentialAction\":[{\"@type\":\"ReadAction\",\"target\":[\"https:\\\/\\\/impactocastex.com.ar\\\/?p=16972\"]}]},{\"@type\":\"ImageObject\",\"inLanguage\":\"es\",\"@id\":\"https:\\\/\\\/impactocastex.com.ar\\\/?p=16972#primaryimage\",\"url\":\"https:\\\/\\\/impactocastex.com.ar\\\/wp-content\\\/uploads\\\/2026\\\/05\\\/WHBN25ROMBEXTIDANH2TXBN5A4-ovPIzj.jpg\",\"contentUrl\":\"https:\\\/\\\/impactocastex.com.ar\\\/wp-content\\\/uploads\\\/2026\\\/05\\\/WHBN25ROMBEXTIDANH2TXBN5A4-ovPIzj.jpg\",\"width\":2000,\"height\":1333},{\"@type\":\"BreadcrumbList\",\"@id\":\"https:\\\/\\\/impactocastex.com.ar\\\/?p=16972#breadcrumb\",\"itemListElement\":[{\"@type\":\"ListItem\",\"position\":1,\"name\":\"Portada\",\"item\":\"https:\\\/\\\/impactocastex.com.ar\\\/\"},{\"@type\":\"ListItem\",\"position\":2,\"name\":\"Adi\u00f3s Gavin Newsom: nueva encuesta revela qu\u00e9 buscan los votantes de California para elegir a su candidato\"}]},{\"@type\":\"WebSite\",\"@id\":\"https:\\\/\\\/impactocastex.com.ar\\\/#website\",\"url\":\"https:\\\/\\\/impactocastex.com.ar\\\/\",\"name\":\"Impacto Castex\",\"description\":\"\",\"publisher\":{\"@id\":\"https:\\\/\\\/impactocastex.com.ar\\\/#organization\"},\"potentialAction\":[{\"@type\":\"SearchAction\",\"target\":{\"@type\":\"EntryPoint\",\"urlTemplate\":\"https:\\\/\\\/impactocastex.com.ar\\\/?s={search_term_string}\"},\"query-input\":{\"@type\":\"PropertyValueSpecification\",\"valueRequired\":true,\"valueName\":\"search_term_string\"}}],\"inLanguage\":\"es\"},{\"@type\":\"Organization\",\"@id\":\"https:\\\/\\\/impactocastex.com.ar\\\/#organization\",\"name\":\"Impacto Castex\",\"url\":\"https:\\\/\\\/impactocastex.com.ar\\\/\",\"logo\":{\"@type\":\"ImageObject\",\"inLanguage\":\"es\",\"@id\":\"https:\\\/\\\/impactocastex.com.ar\\\/#\\\/schema\\\/logo\\\/image\\\/\",\"url\":\"https:\\\/\\\/impactocastex.com.ar\\\/wp-content\\\/uploads\\\/2025\\\/09\\\/cropped-icoweb.png\",\"contentUrl\":\"https:\\\/\\\/impactocastex.com.ar\\\/wp-content\\\/uploads\\\/2025\\\/09\\\/cropped-icoweb.png\",\"width\":512,\"height\":512,\"caption\":\"Impacto Castex\"},\"image\":{\"@id\":\"https:\\\/\\\/impactocastex.com.ar\\\/#\\\/schema\\\/logo\\\/image\\\/\"},\"sameAs\":[\"https:\\\/\\\/www.facebook.com\\\/impactocastexdiario\",\"https:\\\/\\\/www.instagram.com\\\/impactocastex.com.ar\\\/\"]},{\"@type\":\"Person\",\"@id\":\"https:\\\/\\\/impactocastex.com.ar\\\/#\\\/schema\\\/person\\\/86cb4f827fb5f87869a239b98a69c6e3\",\"name\":\"impactocastex\",\"image\":{\"@type\":\"ImageObject\",\"inLanguage\":\"es\",\"@id\":\"https:\\\/\\\/secure.gravatar.com\\\/avatar\\\/9a87ee051ca8c77f5d4070843ce2c78cdf95b858b950fb039151de955122f5f5?s=96&d=mm&r=g\",\"url\":\"https:\\\/\\\/secure.gravatar.com\\\/avatar\\\/9a87ee051ca8c77f5d4070843ce2c78cdf95b858b950fb039151de955122f5f5?s=96&d=mm&r=g\",\"contentUrl\":\"https:\\\/\\\/secure.gravatar.com\\\/avatar\\\/9a87ee051ca8c77f5d4070843ce2c78cdf95b858b950fb039151de955122f5f5?s=96&d=mm&r=g\",\"caption\":\"impactocastex\"},\"sameAs\":[\"https:\\\/\\\/impactocastex.com.ar\"],\"url\":\"https:\\\/\\\/impactocastex.com.ar\\\/?author=1\"}]}<\/script>\n<!-- \/ Yoast SEO plugin. -->","yoast_head_json":{"title":"Adi\u00f3s Gavin Newsom: nueva encuesta revela qu\u00e9 buscan los votantes de California para elegir a su candidato -","robots":{"index":"index","follow":"follow","max-snippet":"max-snippet:-1","max-image-preview":"max-image-preview:large","max-video-preview":"max-video-preview:-1"},"canonical":"https:\/\/impactocastex.com.ar\/?p=16972","og_locale":"es_ES","og_type":"article","og_title":"Adi\u00f3s Gavin Newsom: nueva encuesta revela qu\u00e9 buscan los votantes de California para elegir a su candidato -","og_description":"A poco m\u00e1s de un mes de las elecciones primarias, que se celebrar\u00e1n el pr\u00f3ximo...","og_url":"https:\/\/impactocastex.com.ar\/?p=16972","article_publisher":"https:\/\/www.facebook.com\/impactocastexdiario","article_published_time":"2026-05-02T06:11:00+00:00","og_image":[{"url":"https:\/\/resizer.glanacion.com\/resizer\/v2\/A3VFXHCZ6VEIBDFXSBZPVJZGY4.jpg?auth=16f0cea25180f98f1335c0142273f16d06ff13533c211a1193931f6b8c31feea&amp;smart=true&amp;width=2000&amp;height=1333","type":"","width":"","height":""}],"author":"impactocastex","twitter_card":"summary_large_image","twitter_misc":{"Escrito por":"impactocastex","Tiempo de lectura":"3 minutos"},"schema":{"@context":"https:\/\/schema.org","@graph":[{"@type":"Article","@id":"https:\/\/impactocastex.com.ar\/?p=16972#article","isPartOf":{"@id":"https:\/\/impactocastex.com.ar\/?p=16972"},"author":{"name":"impactocastex","@id":"https:\/\/impactocastex.com.ar\/#\/schema\/person\/86cb4f827fb5f87869a239b98a69c6e3"},"headline":"Adi\u00f3s Gavin Newsom: nueva encuesta revela qu\u00e9 buscan los votantes de California para elegir a su candidato","datePublished":"2026-05-02T06:11:00+00:00","mainEntityOfPage":{"@id":"https:\/\/impactocastex.com.ar\/?p=16972"},"wordCount":606,"publisher":{"@id":"https:\/\/impactocastex.com.ar\/#organization"},"image":{"@id":"https:\/\/impactocastex.com.ar\/?p=16972#primaryimage"},"thumbnailUrl":"https:\/\/impactocastex.com.ar\/wp-content\/uploads\/2026\/05\/WHBN25ROMBEXTIDANH2TXBN5A4-ovPIzj.jpg","articleSection":["NACIONALES"],"inLanguage":"es"},{"@type":"WebPage","@id":"https:\/\/impactocastex.com.ar\/?p=16972","url":"https:\/\/impactocastex.com.ar\/?p=16972","name":"Adi\u00f3s Gavin Newsom: nueva encuesta revela qu\u00e9 buscan los votantes de California para elegir a su candidato -","isPartOf":{"@id":"https:\/\/impactocastex.com.ar\/#website"},"primaryImageOfPage":{"@id":"https:\/\/impactocastex.com.ar\/?p=16972#primaryimage"},"image":{"@id":"https:\/\/impactocastex.com.ar\/?p=16972#primaryimage"},"thumbnailUrl":"https:\/\/impactocastex.com.ar\/wp-content\/uploads\/2026\/05\/WHBN25ROMBEXTIDANH2TXBN5A4-ovPIzj.jpg","datePublished":"2026-05-02T06:11:00+00:00","breadcrumb":{"@id":"https:\/\/impactocastex.com.ar\/?p=16972#breadcrumb"},"inLanguage":"es","potentialAction":[{"@type":"ReadAction","target":["https:\/\/impactocastex.com.ar\/?p=16972"]}]},{"@type":"ImageObject","inLanguage":"es","@id":"https:\/\/impactocastex.com.ar\/?p=16972#primaryimage","url":"https:\/\/impactocastex.com.ar\/wp-content\/uploads\/2026\/05\/WHBN25ROMBEXTIDANH2TXBN5A4-ovPIzj.jpg","contentUrl":"https:\/\/impactocastex.com.ar\/wp-content\/uploads\/2026\/05\/WHBN25ROMBEXTIDANH2TXBN5A4-ovPIzj.jpg","width":2000,"height":1333},{"@type":"BreadcrumbList","@id":"https:\/\/impactocastex.com.ar\/?p=16972#breadcrumb","itemListElement":[{"@type":"ListItem","position":1,"name":"Portada","item":"https:\/\/impactocastex.com.ar\/"},{"@type":"ListItem","position":2,"name":"Adi\u00f3s Gavin Newsom: nueva encuesta revela qu\u00e9 buscan los votantes de California para elegir a su candidato"}]},{"@type":"WebSite","@id":"https:\/\/impactocastex.com.ar\/#website","url":"https:\/\/impactocastex.com.ar\/","name":"Impacto Castex","description":"","publisher":{"@id":"https:\/\/impactocastex.com.ar\/#organization"},"potentialAction":[{"@type":"SearchAction","target":{"@type":"EntryPoint","urlTemplate":"https:\/\/impactocastex.com.ar\/?s={search_term_string}"},"query-input":{"@type":"PropertyValueSpecification","valueRequired":true,"valueName":"search_term_string"}}],"inLanguage":"es"},{"@type":"Organization","@id":"https:\/\/impactocastex.com.ar\/#organization","name":"Impacto Castex","url":"https:\/\/impactocastex.com.ar\/","logo":{"@type":"ImageObject","inLanguage":"es","@id":"https:\/\/impactocastex.com.ar\/#\/schema\/logo\/image\/","url":"https:\/\/impactocastex.com.ar\/wp-content\/uploads\/2025\/09\/cropped-icoweb.png","contentUrl":"https:\/\/impactocastex.com.ar\/wp-content\/uploads\/2025\/09\/cropped-icoweb.png","width":512,"height":512,"caption":"Impacto Castex"},"image":{"@id":"https:\/\/impactocastex.com.ar\/#\/schema\/logo\/image\/"},"sameAs":["https:\/\/www.facebook.com\/impactocastexdiario","https:\/\/www.instagram.com\/impactocastex.com.ar\/"]},{"@type":"Person","@id":"https:\/\/impactocastex.com.ar\/#\/schema\/person\/86cb4f827fb5f87869a239b98a69c6e3","name":"impactocastex","image":{"@type":"ImageObject","inLanguage":"es","@id":"https:\/\/secure.gravatar.com\/avatar\/9a87ee051ca8c77f5d4070843ce2c78cdf95b858b950fb039151de955122f5f5?s=96&d=mm&r=g","url":"https:\/\/secure.gravatar.com\/avatar\/9a87ee051ca8c77f5d4070843ce2c78cdf95b858b950fb039151de955122f5f5?s=96&d=mm&r=g","contentUrl":"https:\/\/secure.gravatar.com\/avatar\/9a87ee051ca8c77f5d4070843ce2c78cdf95b858b950fb039151de955122f5f5?s=96&d=mm&r=g","caption":"impactocastex"},"sameAs":["https:\/\/impactocastex.com.ar"],"url":"https:\/\/impactocastex.com.ar\/?author=1"}]}},"jetpack_publicize_connections":[],"featured_image_urls":{"full":["https:\/\/impactocastex.com.ar\/wp-content\/uploads\/2026\/05\/WHBN25ROMBEXTIDANH2TXBN5A4-ovPIzj.jpg",2000,1333,false],"thumbnail":["https:\/\/impactocastex.com.ar\/wp-content\/uploads\/2026\/05\/WHBN25ROMBEXTIDANH2TXBN5A4-ovPIzj-150x150.jpg",150,150,true],"medium":["https:\/\/impactocastex.com.ar\/wp-content\/uploads\/2026\/05\/WHBN25ROMBEXTIDANH2TXBN5A4-ovPIzj-300x200.jpg",300,200,true],"medium_large":["https:\/\/impactocastex.com.ar\/wp-content\/uploads\/2026\/05\/WHBN25ROMBEXTIDANH2TXBN5A4-ovPIzj-768x512.jpg",640,427,true],"large":["https:\/\/impactocastex.com.ar\/wp-content\/uploads\/2026\/05\/WHBN25ROMBEXTIDANH2TXBN5A4-ovPIzj-1024x682.jpg",640,426,true],"1536x1536":["https:\/\/impactocastex.com.ar\/wp-content\/uploads\/2026\/05\/WHBN25ROMBEXTIDANH2TXBN5A4-ovPIzj-1536x1024.jpg",1536,1024,true],"2048x2048":["https:\/\/impactocastex.com.ar\/wp-content\/uploads\/2026\/05\/WHBN25ROMBEXTIDANH2TXBN5A4-ovPIzj.jpg",2000,1333,false],"newsever-slider-full":["https:\/\/impactocastex.com.ar\/wp-content\/uploads\/2026\/05\/WHBN25ROMBEXTIDANH2TXBN5A4-ovPIzj-1280x845.jpg",1280,845,true],"newsever-featured":["https:\/\/impactocastex.com.ar\/wp-content\/uploads\/2026\/05\/WHBN25ROMBEXTIDANH2TXBN5A4-ovPIzj-1024x682.jpg",1024,682,true],"newsever-medium":["https:\/\/impactocastex.com.ar\/wp-content\/uploads\/2026\/05\/WHBN25ROMBEXTIDANH2TXBN5A4-ovPIzj-720x475.jpg",720,475,true]},"author_info":{"info":["impactocastex"]},"category_info":"<a href=\"https:\/\/impactocastex.com.ar\/?cat=89\" rel=\"category\">NACIONALES<\/a>","tag_info":"NACIONALES","comment_count":0,"jetpack_featured_media_url":"https:\/\/impactocastex.com.ar\/wp-content\/uploads\/2026\/05\/WHBN25ROMBEXTIDANH2TXBN5A4-ovPIzj.jpg","jetpack_sharing_enabled":true,"jetpack_likes_enabled":true,"jetpack_shortlink":"https:\/\/wp.me\/p7sopA-4pK","_links":{"self":[{"href":"https:\/\/impactocastex.com.ar\/index.php?rest_route=\/wp\/v2\/posts\/16972","targetHints":{"allow":["GET"]}}],"collection":[{"href":"https:\/\/impactocastex.com.ar\/index.php?rest_route=\/wp\/v2\/posts"}],"about":[{"href":"https:\/\/impactocastex.com.ar\/index.php?rest_route=\/wp\/v2\/types\/post"}],"author":[{"embeddable":true,"href":"https:\/\/impactocastex.com.ar\/index.php?rest_route=\/wp\/v2\/users\/1"}],"replies":[{"embeddable":true,"href":"https:\/\/impactocastex.com.ar\/index.php?rest_route=%2Fwp%2Fv2%2Fcomments&post=16972"}],"version-history":[{"count":0,"href":"https:\/\/impactocastex.com.ar\/index.php?rest_route=\/wp\/v2\/posts\/16972\/revisions"}],"wp:featuredmedia":[{"embeddable":true,"href":"https:\/\/impactocastex.com.ar\/index.php?rest_route=\/wp\/v2\/media\/16973"}],"wp:attachment":[{"href":"https:\/\/impactocastex.com.ar\/index.php?rest_route=%2Fwp%2Fv2%2Fmedia&parent=16972"}],"wp:term":[{"taxonomy":"category","embeddable":true,"href":"https:\/\/impactocastex.com.ar\/index.php?rest_route=%2Fwp%2Fv2%2Fcategories&post=16972"},{"taxonomy":"post_tag","embeddable":true,"href":"https:\/\/impactocastex.com.ar\/index.php?rest_route=%2Fwp%2Fv2%2Ftags&post=16972"}],"curies":[{"name":"wp","href":"https:\/\/api.w.org\/{rel}","templated":true}]}}