{"id":16970,"date":"2026-05-01T20:34:04","date_gmt":"2026-05-01T23:34:04","guid":{"rendered":"https:\/\/impactocastex.com.ar\/?p=16970"},"modified":"2026-05-01T20:34:04","modified_gmt":"2026-05-01T23:34:04","slug":"maximo-kirchner-reclamo-la-libertad-de-cristina-y-tensa-la-interna-por-juntar-cuatro-votos-no-hay-que-enganar-voluntades","status":"publish","type":"post","link":"https:\/\/impactocastex.com.ar\/?p=16970","title":{"rendered":"M\u00e1ximo Kirchner reclam\u00f3 la libertad de Cristina y tensa la interna: \u00abPor juntar cuatro votos no hay que enga\u00f1ar voluntades\u00bb"},"content":{"rendered":"<div><img decoding=\"async\" src=\"https:\/\/www.clarin.com\/img\/2025\/11\/01\/zOxxONcEZ_2000x1500__1.jpg\" class=\"ff-og-image-inserted\" \/><\/div>\n<div>\n<p>El diputado nacional <strong>M\u00e1ximo Kirchner<\/strong> visit\u00f3 Ca\u00f1uelas este viernes, en el marco del D\u00eda del Trabajador, pidi\u00f3 por la libertad de su madre, la expresidente Cristina Fern\u00e1ndez, y tambi\u00e9n reclam\u00f3 la consecuci\u00f3n de un marco de entendimiento pol\u00edtico y econ\u00f3mico dentro del peronismo de cara a las pr\u00f3ximas elecciones presidenciales: \u00abQuiero que me digan c\u00f3mo vamos a hacer, porque despu\u00e9s <strong>aparecen diciendo que van a subir los salarios y las jubilaciones pero no c\u00f3mo\u00bb.<\/strong><\/p>\n<\/div>\n<div>\n<p>El legislador de Uni\u00f3n por la Patria cerr\u00f3 este viernes un acto peronista por el D\u00eda del Trabajador, organizado por la presidenta del Justicialismo de Ca\u00f1uelas, Marisa Fassi, y el intendente Gustavo Arrieta, y desde all\u00ed se refiri\u00f3 a la actualidad pol\u00edtico-econ\u00f3mica del gobierno nacional, a la interna peronista de cara al armado electoral para las presidenciales de 2027 y tambi\u00e9n a la situaci\u00f3n de su madre, Cristina Kirchner, quien cumple prisi\u00f3n domiciliaria por corrupci\u00f3n.<\/p>\n<\/div>\n<div>\n<p>Sobre el rumbo econ\u00f3mico del Gobierno fue escueto aunque tajante: \u00ab<strong>Era previsible lo que pasar\u00eda con este gobierno.<\/strong> Esto iba a suceder y era evidente ley tras ley que sancionaba el Congreso, decisi\u00f3n tras decisi\u00f3n de Federico Sturzenegger (Desregulaci\u00f3n) y Luis Caputo (Econom\u00eda) y esta realidad es una consecuencia ya vivida en otras oportunidades, pero en esta con mayor crudeza\u00bb.<\/p>\n<\/div>\n<div>\n<p>\u00abLa opini\u00f3n de Javier Milei sobre su actual ministro de Econom\u00eda era m\u00e1s dura que la que hemos tenido muchos. Pr\u00e1cticamente dec\u00eda que era un in\u00fatil que se hab\u00eda patinado el pr\u00e9stamo con el Fondo Monetario Internacional (FMI) y despu\u00e9s lo eligi\u00f3 para el cargo. Son conscientes de lo que est\u00e1n haciendo: e<strong>sto es una miseria planificada, una entrega planificada<\/strong>\u00ab, ahond\u00f3 sobre ese respecto.<\/p>\n<\/div>\n<div>\n<p>A la vez que fustig\u00f3 al Presidente: \u00abHay que poner la cabeza fr\u00eda y ofrecer mucho trabajo, muchas voluntad, sangre, sudor y l\u00e1grimas para salir adelante. La Argentina va a necesitar <strong>que su dirigencia madure porque hoy gobierna la antipol\u00edtica, no un dirigente pol\u00edtico<\/strong>. Esto hay que tenerlo claro: es un hombre formado en ciertos paneles de televisi\u00f3n que andaba con una motosierra\u00bb.<\/p>\n<\/div>\n<div>\n<p>Luego se refiri\u00f3 a la interna peronista, que ya comenz\u00f3 a cobrar velocidad luego de que Cristina Kirchner diera la venia para que el senador Sergio U\u00f1ac, ex gobernador de San Juan, comience a trabajar en un armado electoral de cara a una eventual interna en las PASO de las elecciones presidenciales de 2027. <strong>\u00abYo quiero que me digan c\u00f3mo vamos a hacer. <\/strong>Si no discutimos esto, despu\u00e9s aparecen diciendo que van a subir los salarios y las jubilaciones&#8230; \u00bfPero c\u00f3mo? \u00bfCon este nivel de vencimientos actual como vamos a hacer? Esta es la pregunta y la discusi\u00f3n central de la argentina hoy\u00bb, se\u00f1al\u00f3 M\u00e1ximo Kirchner luego del acto, en di\u00e1logo con AR\/12.<\/p>\n<\/div>\n<div>\n<p>\u00abHay que organizar esto porque alcanzar estos n\u00fameros y este supuesto equilibrio fiscal con la gente en esta situaci\u00f3n lo puede hacer cualquier persona que no tiene alma, que no tiene empat\u00eda, que no tiene un m\u00ednimo grado de humanidad. <strong>Los equilibrios fiscales que hay que construir son con la gente adentro\u00bb<\/strong>, pidi\u00f3 el legislador respecto del planeamiento pol\u00edtico, econ\u00f3mico y financiero de la pr\u00f3xima propuesta peronista.<\/p>\n<\/div>\n<div>\n<p>Mencion\u00f3 la situaci\u00f3n crediticia del pa\u00eds como un aspecto a cuidar: \u00ab\u00bfLos vencimientos que tiene Argentina por delante se pueden hacer con la sociedad en esta situaci\u00f3n o peor? Nosotros creemos que no. Creemos que <strong>hay que charlar con los acreedores argentinos <\/strong>y empezar a cambiar esto\u00bb.<\/p>\n<\/div>\n<div>\n<p>Y advirti\u00f3: \u00abEl peronismo tiene que asumir que en diciembre de 2015 nos fuimos con una plaza llena y <strong>en diciembre de 2023 nos fuimos con la plaza vac\u00eda<\/strong>. Esa es la realidad. Desde ah\u00ed tenemos que arrancar para tener una discusi\u00f3n seria, responsable y que no busque enga\u00f1ar voluntades por un par de votos\u00bb.<\/p>\n<\/div>\n<div>\n<p>\u00abLo que tenemos que tener en claro quienes tenemos responsabilidades es que <strong>por juntar cuatro votos no hay que enga\u00f1ar voluntades.<\/strong> Yo creo\u00a0que cualquier propuesta tiene que partir desde la seriedad. La prioridad debe ser organizar el desendeudamiento en Argentina\u00bb, se sincer\u00f3.<\/p>\n<\/div>\n<div>\n<p>A inicios de abril hab\u00eda expresado p\u00fablicamente <a href=\"https:\/\/www.clarin.com\/politica\/maximo-kirchner-rechazo-armado-frente-electoral-anti-milei-convence_0_AK2thbytd2.html\" target=\"_blank\" title=\"su negativa al armado de un frente electoral anti-Milei\">su negativa al armado de un frente electoral anti-Milei<\/a>: \u00abPlanteamos que no sirve destruir al adversario para ganar una elecci\u00f3n. Y es uno de los dramas que tiene la Argentina. Hay que construir una opci\u00f3n diferente. Por eso, cuando hablan del frente anti-Milei, no me convence\u00bb.<\/p>\n<\/div>\n<div>\n<p>Y este viernes tambi\u00e9n pidi\u00f3 por la libertad de su madre, quien cumple una condena a seis a\u00f1os de prisi\u00f3n domiciliaria en su casa de Constituci\u00f3n: \u00abEs una mujer firme, inteligente, estudiosa y trabajadora. <strong>Nos est\u00e1 empujando<\/strong> a todos para ponerle ganas y poder transmitirle a la gente que tenga esperanzas, que vamos a poder salir de esto. La situaci\u00f3n que ella atraviesa es tremendamente injusta, porque en Argentina la casta esta libre y Cristina est\u00e1 presa, y la sociedad vive como vive&#8230;\u00bb.<\/p>\n<\/div>\n<p><strong><a href=\"https:\/\/blockads.fivefilters.org\/\">Adblock test<\/a><\/strong> <a href=\"https:\/\/blockads.fivefilters.org\/acceptable.html\">(Why?)<\/a><\/p>\n<p>\u200b\u00a0\u00a0\u200b<\/p>","protected":false},"excerpt":{"rendered":"<p>El diputado nacional M\u00e1ximo Kirchner visit\u00f3 Ca\u00f1uelas este viernes, en el marco del D\u00eda del&#8230;<\/p>\n","protected":false},"author":1,"featured_media":16971,"comment_status":"closed","ping_status":"closed","sticky":false,"template":"","format":"standard","meta":{"_jetpack_memberships_contains_paid_content":false,"footnotes":"","jetpack_publicize_message":"","jetpack_publicize_feature_enabled":true,"jetpack_social_post_already_shared":true,"jetpack_social_options":{"image_generator_settings":{"template":"highway","default_image_id":0,"font":"","enabled":false},"version":2}},"categories":[122],"tags":[],"class_list":["post-16970","post","type-post","status-publish","format-standard","has-post-thumbnail","hentry","category-politica"],"yoast_head":"<!-- This site is optimized with the Yoast SEO plugin v27.4 - https:\/\/yoast.com\/product\/yoast-seo-wordpress\/ -->\n<title>M\u00e1ximo Kirchner reclam\u00f3 la libertad de Cristina y tensa la interna: &quot;Por juntar cuatro votos no hay que enga\u00f1ar voluntades&quot; -<\/title>\n<meta name=\"robots\" content=\"index, follow, max-snippet:-1, max-image-preview:large, max-video-preview:-1\" \/>\n<link rel=\"canonical\" href=\"https:\/\/impactocastex.com.ar\/?p=16970\" \/>\n<meta property=\"og:locale\" content=\"es_ES\" \/>\n<meta property=\"og:type\" content=\"article\" \/>\n<meta property=\"og:title\" content=\"M\u00e1ximo Kirchner reclam\u00f3 la libertad de Cristina y tensa la interna: &quot;Por juntar cuatro votos no hay que enga\u00f1ar voluntades&quot; -\" \/>\n<meta property=\"og:description\" content=\"El diputado nacional M\u00e1ximo Kirchner visit\u00f3 Ca\u00f1uelas este viernes, en el marco del D\u00eda del...\" \/>\n<meta property=\"og:url\" content=\"https:\/\/impactocastex.com.ar\/?p=16970\" \/>\n<meta property=\"article:publisher\" content=\"https:\/\/www.facebook.com\/impactocastexdiario\" \/>\n<meta property=\"article:published_time\" content=\"2026-05-01T23:34:04+00:00\" \/>\n<meta property=\"og:image\" content=\"https:\/\/www.clarin.com\/img\/2025\/11\/01\/zOxxONcEZ_2000x1500__1.jpg\" \/>\n<meta name=\"author\" content=\"impactocastex\" \/>\n<meta name=\"twitter:card\" content=\"summary_large_image\" \/>\n<meta name=\"twitter:label1\" content=\"Escrito por\" \/>\n\t<meta name=\"twitter:data1\" content=\"impactocastex\" \/>\n\t<meta name=\"twitter:label2\" content=\"Tiempo de lectura\" \/>\n\t<meta name=\"twitter:data2\" content=\"4 minutos\" \/>\n<script type=\"application\/ld+json\" class=\"yoast-schema-graph\">{\"@context\":\"https:\\\/\\\/schema.org\",\"@graph\":[{\"@type\":\"Article\",\"@id\":\"https:\\\/\\\/impactocastex.com.ar\\\/?p=16970#article\",\"isPartOf\":{\"@id\":\"https:\\\/\\\/impactocastex.com.ar\\\/?p=16970\"},\"author\":{\"name\":\"impactocastex\",\"@id\":\"https:\\\/\\\/impactocastex.com.ar\\\/#\\\/schema\\\/person\\\/86cb4f827fb5f87869a239b98a69c6e3\"},\"headline\":\"M\u00e1ximo Kirchner reclam\u00f3 la libertad de Cristina y tensa la interna: \u00abPor juntar cuatro votos no hay que enga\u00f1ar voluntades\u00bb\",\"datePublished\":\"2026-05-01T23:34:04+00:00\",\"mainEntityOfPage\":{\"@id\":\"https:\\\/\\\/impactocastex.com.ar\\\/?p=16970\"},\"wordCount\":891,\"publisher\":{\"@id\":\"https:\\\/\\\/impactocastex.com.ar\\\/#organization\"},\"image\":{\"@id\":\"https:\\\/\\\/impactocastex.com.ar\\\/?p=16970#primaryimage\"},\"thumbnailUrl\":\"https:\\\/\\\/impactocastex.com.ar\\\/wp-content\\\/uploads\\\/2026\\\/05\\\/zOxxONcEZ_1200x630__1-Wpk3pO.jpg\",\"articleSection\":[\"POLITICA\"],\"inLanguage\":\"es\"},{\"@type\":\"WebPage\",\"@id\":\"https:\\\/\\\/impactocastex.com.ar\\\/?p=16970\",\"url\":\"https:\\\/\\\/impactocastex.com.ar\\\/?p=16970\",\"name\":\"M\u00e1ximo Kirchner reclam\u00f3 la libertad de Cristina y tensa la interna: \\\"Por juntar cuatro votos no hay que enga\u00f1ar voluntades\\\" -\",\"isPartOf\":{\"@id\":\"https:\\\/\\\/impactocastex.com.ar\\\/#website\"},\"primaryImageOfPage\":{\"@id\":\"https:\\\/\\\/impactocastex.com.ar\\\/?p=16970#primaryimage\"},\"image\":{\"@id\":\"https:\\\/\\\/impactocastex.com.ar\\\/?p=16970#primaryimage\"},\"thumbnailUrl\":\"https:\\\/\\\/impactocastex.com.ar\\\/wp-content\\\/uploads\\\/2026\\\/05\\\/zOxxONcEZ_1200x630__1-Wpk3pO.jpg\",\"datePublished\":\"2026-05-01T23:34:04+00:00\",\"breadcrumb\":{\"@id\":\"https:\\\/\\\/impactocastex.com.ar\\\/?p=16970#breadcrumb\"},\"inLanguage\":\"es\",\"potentialAction\":[{\"@type\":\"ReadAction\",\"target\":[\"https:\\\/\\\/impactocastex.com.ar\\\/?p=16970\"]}]},{\"@type\":\"ImageObject\",\"inLanguage\":\"es\",\"@id\":\"https:\\\/\\\/impactocastex.com.ar\\\/?p=16970#primaryimage\",\"url\":\"https:\\\/\\\/impactocastex.com.ar\\\/wp-content\\\/uploads\\\/2026\\\/05\\\/zOxxONcEZ_1200x630__1-Wpk3pO.jpg\",\"contentUrl\":\"https:\\\/\\\/impactocastex.com.ar\\\/wp-content\\\/uploads\\\/2026\\\/05\\\/zOxxONcEZ_1200x630__1-Wpk3pO.jpg\",\"width\":1200,\"height\":630},{\"@type\":\"BreadcrumbList\",\"@id\":\"https:\\\/\\\/impactocastex.com.ar\\\/?p=16970#breadcrumb\",\"itemListElement\":[{\"@type\":\"ListItem\",\"position\":1,\"name\":\"Portada\",\"item\":\"https:\\\/\\\/impactocastex.com.ar\\\/\"},{\"@type\":\"ListItem\",\"position\":2,\"name\":\"M\u00e1ximo Kirchner reclam\u00f3 la libertad de Cristina y tensa la interna: \u00abPor juntar cuatro votos no hay que enga\u00f1ar voluntades\u00bb\"}]},{\"@type\":\"WebSite\",\"@id\":\"https:\\\/\\\/impactocastex.com.ar\\\/#website\",\"url\":\"https:\\\/\\\/impactocastex.com.ar\\\/\",\"name\":\"Impacto Castex\",\"description\":\"\",\"publisher\":{\"@id\":\"https:\\\/\\\/impactocastex.com.ar\\\/#organization\"},\"potentialAction\":[{\"@type\":\"SearchAction\",\"target\":{\"@type\":\"EntryPoint\",\"urlTemplate\":\"https:\\\/\\\/impactocastex.com.ar\\\/?s={search_term_string}\"},\"query-input\":{\"@type\":\"PropertyValueSpecification\",\"valueRequired\":true,\"valueName\":\"search_term_string\"}}],\"inLanguage\":\"es\"},{\"@type\":\"Organization\",\"@id\":\"https:\\\/\\\/impactocastex.com.ar\\\/#organization\",\"name\":\"Impacto Castex\",\"url\":\"https:\\\/\\\/impactocastex.com.ar\\\/\",\"logo\":{\"@type\":\"ImageObject\",\"inLanguage\":\"es\",\"@id\":\"https:\\\/\\\/impactocastex.com.ar\\\/#\\\/schema\\\/logo\\\/image\\\/\",\"url\":\"https:\\\/\\\/impactocastex.com.ar\\\/wp-content\\\/uploads\\\/2025\\\/09\\\/cropped-icoweb.png\",\"contentUrl\":\"https:\\\/\\\/impactocastex.com.ar\\\/wp-content\\\/uploads\\\/2025\\\/09\\\/cropped-icoweb.png\",\"width\":512,\"height\":512,\"caption\":\"Impacto Castex\"},\"image\":{\"@id\":\"https:\\\/\\\/impactocastex.com.ar\\\/#\\\/schema\\\/logo\\\/image\\\/\"},\"sameAs\":[\"https:\\\/\\\/www.facebook.com\\\/impactocastexdiario\",\"https:\\\/\\\/www.instagram.com\\\/impactocastex.com.ar\\\/\"]},{\"@type\":\"Person\",\"@id\":\"https:\\\/\\\/impactocastex.com.ar\\\/#\\\/schema\\\/person\\\/86cb4f827fb5f87869a239b98a69c6e3\",\"name\":\"impactocastex\",\"image\":{\"@type\":\"ImageObject\",\"inLanguage\":\"es\",\"@id\":\"https:\\\/\\\/secure.gravatar.com\\\/avatar\\\/9a87ee051ca8c77f5d4070843ce2c78cdf95b858b950fb039151de955122f5f5?s=96&d=mm&r=g\",\"url\":\"https:\\\/\\\/secure.gravatar.com\\\/avatar\\\/9a87ee051ca8c77f5d4070843ce2c78cdf95b858b950fb039151de955122f5f5?s=96&d=mm&r=g\",\"contentUrl\":\"https:\\\/\\\/secure.gravatar.com\\\/avatar\\\/9a87ee051ca8c77f5d4070843ce2c78cdf95b858b950fb039151de955122f5f5?s=96&d=mm&r=g\",\"caption\":\"impactocastex\"},\"sameAs\":[\"https:\\\/\\\/impactocastex.com.ar\"],\"url\":\"https:\\\/\\\/impactocastex.com.ar\\\/?author=1\"}]}<\/script>\n<!-- \/ Yoast SEO plugin. -->","yoast_head_json":{"title":"M\u00e1ximo Kirchner reclam\u00f3 la libertad de Cristina y tensa la interna: \"Por juntar cuatro votos no hay que enga\u00f1ar voluntades\" -","robots":{"index":"index","follow":"follow","max-snippet":"max-snippet:-1","max-image-preview":"max-image-preview:large","max-video-preview":"max-video-preview:-1"},"canonical":"https:\/\/impactocastex.com.ar\/?p=16970","og_locale":"es_ES","og_type":"article","og_title":"M\u00e1ximo Kirchner reclam\u00f3 la libertad de Cristina y tensa la interna: \"Por juntar cuatro votos no hay que enga\u00f1ar voluntades\" -","og_description":"El diputado nacional M\u00e1ximo Kirchner visit\u00f3 Ca\u00f1uelas este viernes, en el marco del D\u00eda del...","og_url":"https:\/\/impactocastex.com.ar\/?p=16970","article_publisher":"https:\/\/www.facebook.com\/impactocastexdiario","article_published_time":"2026-05-01T23:34:04+00:00","og_image":[{"url":"https:\/\/www.clarin.com\/img\/2025\/11\/01\/zOxxONcEZ_2000x1500__1.jpg","type":"","width":"","height":""}],"author":"impactocastex","twitter_card":"summary_large_image","twitter_misc":{"Escrito por":"impactocastex","Tiempo de lectura":"4 minutos"},"schema":{"@context":"https:\/\/schema.org","@graph":[{"@type":"Article","@id":"https:\/\/impactocastex.com.ar\/?p=16970#article","isPartOf":{"@id":"https:\/\/impactocastex.com.ar\/?p=16970"},"author":{"name":"impactocastex","@id":"https:\/\/impactocastex.com.ar\/#\/schema\/person\/86cb4f827fb5f87869a239b98a69c6e3"},"headline":"M\u00e1ximo Kirchner reclam\u00f3 la libertad de Cristina y tensa la interna: \u00abPor juntar cuatro votos no hay que enga\u00f1ar voluntades\u00bb","datePublished":"2026-05-01T23:34:04+00:00","mainEntityOfPage":{"@id":"https:\/\/impactocastex.com.ar\/?p=16970"},"wordCount":891,"publisher":{"@id":"https:\/\/impactocastex.com.ar\/#organization"},"image":{"@id":"https:\/\/impactocastex.com.ar\/?p=16970#primaryimage"},"thumbnailUrl":"https:\/\/impactocastex.com.ar\/wp-content\/uploads\/2026\/05\/zOxxONcEZ_1200x630__1-Wpk3pO.jpg","articleSection":["POLITICA"],"inLanguage":"es"},{"@type":"WebPage","@id":"https:\/\/impactocastex.com.ar\/?p=16970","url":"https:\/\/impactocastex.com.ar\/?p=16970","name":"M\u00e1ximo Kirchner reclam\u00f3 la libertad de Cristina y tensa la interna: \"Por juntar cuatro votos no hay que enga\u00f1ar voluntades\" -","isPartOf":{"@id":"https:\/\/impactocastex.com.ar\/#website"},"primaryImageOfPage":{"@id":"https:\/\/impactocastex.com.ar\/?p=16970#primaryimage"},"image":{"@id":"https:\/\/impactocastex.com.ar\/?p=16970#primaryimage"},"thumbnailUrl":"https:\/\/impactocastex.com.ar\/wp-content\/uploads\/2026\/05\/zOxxONcEZ_1200x630__1-Wpk3pO.jpg","datePublished":"2026-05-01T23:34:04+00:00","breadcrumb":{"@id":"https:\/\/impactocastex.com.ar\/?p=16970#breadcrumb"},"inLanguage":"es","potentialAction":[{"@type":"ReadAction","target":["https:\/\/impactocastex.com.ar\/?p=16970"]}]},{"@type":"ImageObject","inLanguage":"es","@id":"https:\/\/impactocastex.com.ar\/?p=16970#primaryimage","url":"https:\/\/impactocastex.com.ar\/wp-content\/uploads\/2026\/05\/zOxxONcEZ_1200x630__1-Wpk3pO.jpg","contentUrl":"https:\/\/impactocastex.com.ar\/wp-content\/uploads\/2026\/05\/zOxxONcEZ_1200x630__1-Wpk3pO.jpg","width":1200,"height":630},{"@type":"BreadcrumbList","@id":"https:\/\/impactocastex.com.ar\/?p=16970#breadcrumb","itemListElement":[{"@type":"ListItem","position":1,"name":"Portada","item":"https:\/\/impactocastex.com.ar\/"},{"@type":"ListItem","position":2,"name":"M\u00e1ximo Kirchner reclam\u00f3 la libertad de Cristina y tensa la interna: \u00abPor juntar cuatro votos no hay que enga\u00f1ar voluntades\u00bb"}]},{"@type":"WebSite","@id":"https:\/\/impactocastex.com.ar\/#website","url":"https:\/\/impactocastex.com.ar\/","name":"Impacto Castex","description":"","publisher":{"@id":"https:\/\/impactocastex.com.ar\/#organization"},"potentialAction":[{"@type":"SearchAction","target":{"@type":"EntryPoint","urlTemplate":"https:\/\/impactocastex.com.ar\/?s={search_term_string}"},"query-input":{"@type":"PropertyValueSpecification","valueRequired":true,"valueName":"search_term_string"}}],"inLanguage":"es"},{"@type":"Organization","@id":"https:\/\/impactocastex.com.ar\/#organization","name":"Impacto Castex","url":"https:\/\/impactocastex.com.ar\/","logo":{"@type":"ImageObject","inLanguage":"es","@id":"https:\/\/impactocastex.com.ar\/#\/schema\/logo\/image\/","url":"https:\/\/impactocastex.com.ar\/wp-content\/uploads\/2025\/09\/cropped-icoweb.png","contentUrl":"https:\/\/impactocastex.com.ar\/wp-content\/uploads\/2025\/09\/cropped-icoweb.png","width":512,"height":512,"caption":"Impacto Castex"},"image":{"@id":"https:\/\/impactocastex.com.ar\/#\/schema\/logo\/image\/"},"sameAs":["https:\/\/www.facebook.com\/impactocastexdiario","https:\/\/www.instagram.com\/impactocastex.com.ar\/"]},{"@type":"Person","@id":"https:\/\/impactocastex.com.ar\/#\/schema\/person\/86cb4f827fb5f87869a239b98a69c6e3","name":"impactocastex","image":{"@type":"ImageObject","inLanguage":"es","@id":"https:\/\/secure.gravatar.com\/avatar\/9a87ee051ca8c77f5d4070843ce2c78cdf95b858b950fb039151de955122f5f5?s=96&d=mm&r=g","url":"https:\/\/secure.gravatar.com\/avatar\/9a87ee051ca8c77f5d4070843ce2c78cdf95b858b950fb039151de955122f5f5?s=96&d=mm&r=g","contentUrl":"https:\/\/secure.gravatar.com\/avatar\/9a87ee051ca8c77f5d4070843ce2c78cdf95b858b950fb039151de955122f5f5?s=96&d=mm&r=g","caption":"impactocastex"},"sameAs":["https:\/\/impactocastex.com.ar"],"url":"https:\/\/impactocastex.com.ar\/?author=1"}]}},"jetpack_publicize_connections":[],"featured_image_urls":{"full":["https:\/\/impactocastex.com.ar\/wp-content\/uploads\/2026\/05\/zOxxONcEZ_1200x630__1-Wpk3pO.jpg",1200,630,false],"thumbnail":["https:\/\/impactocastex.com.ar\/wp-content\/uploads\/2026\/05\/zOxxONcEZ_1200x630__1-Wpk3pO-150x150.jpg",150,150,true],"medium":["https:\/\/impactocastex.com.ar\/wp-content\/uploads\/2026\/05\/zOxxONcEZ_1200x630__1-Wpk3pO-300x158.jpg",300,158,true],"medium_large":["https:\/\/impactocastex.com.ar\/wp-content\/uploads\/2026\/05\/zOxxONcEZ_1200x630__1-Wpk3pO-768x403.jpg",640,336,true],"large":["https:\/\/impactocastex.com.ar\/wp-content\/uploads\/2026\/05\/zOxxONcEZ_1200x630__1-Wpk3pO-1024x538.jpg",640,336,true],"1536x1536":["https:\/\/impactocastex.com.ar\/wp-content\/uploads\/2026\/05\/zOxxONcEZ_1200x630__1-Wpk3pO.jpg",1200,630,false],"2048x2048":["https:\/\/impactocastex.com.ar\/wp-content\/uploads\/2026\/05\/zOxxONcEZ_1200x630__1-Wpk3pO.jpg",1200,630,false],"newsever-slider-full":["https:\/\/impactocastex.com.ar\/wp-content\/uploads\/2026\/05\/zOxxONcEZ_1200x630__1-Wpk3pO.jpg",1200,630,false],"newsever-featured":["https:\/\/impactocastex.com.ar\/wp-content\/uploads\/2026\/05\/zOxxONcEZ_1200x630__1-Wpk3pO-1024x538.jpg",1024,538,true],"newsever-medium":["https:\/\/impactocastex.com.ar\/wp-content\/uploads\/2026\/05\/zOxxONcEZ_1200x630__1-Wpk3pO-720x475.jpg",720,475,true]},"author_info":{"info":["impactocastex"]},"category_info":"<a href=\"https:\/\/impactocastex.com.ar\/?cat=122\" rel=\"category\">POLITICA<\/a>","tag_info":"POLITICA","comment_count":0,"jetpack_featured_media_url":"https:\/\/impactocastex.com.ar\/wp-content\/uploads\/2026\/05\/zOxxONcEZ_1200x630__1-Wpk3pO.jpg","jetpack_sharing_enabled":true,"jetpack_likes_enabled":true,"jetpack_shortlink":"https:\/\/wp.me\/p7sopA-4pI","_links":{"self":[{"href":"https:\/\/impactocastex.com.ar\/index.php?rest_route=\/wp\/v2\/posts\/16970","targetHints":{"allow":["GET"]}}],"collection":[{"href":"https:\/\/impactocastex.com.ar\/index.php?rest_route=\/wp\/v2\/posts"}],"about":[{"href":"https:\/\/impactocastex.com.ar\/index.php?rest_route=\/wp\/v2\/types\/post"}],"author":[{"embeddable":true,"href":"https:\/\/impactocastex.com.ar\/index.php?rest_route=\/wp\/v2\/users\/1"}],"replies":[{"embeddable":true,"href":"https:\/\/impactocastex.com.ar\/index.php?rest_route=%2Fwp%2Fv2%2Fcomments&post=16970"}],"version-history":[{"count":0,"href":"https:\/\/impactocastex.com.ar\/index.php?rest_route=\/wp\/v2\/posts\/16970\/revisions"}],"wp:featuredmedia":[{"embeddable":true,"href":"https:\/\/impactocastex.com.ar\/index.php?rest_route=\/wp\/v2\/media\/16971"}],"wp:attachment":[{"href":"https:\/\/impactocastex.com.ar\/index.php?rest_route=%2Fwp%2Fv2%2Fmedia&parent=16970"}],"wp:term":[{"taxonomy":"category","embeddable":true,"href":"https:\/\/impactocastex.com.ar\/index.php?rest_route=%2Fwp%2Fv2%2Fcategories&post=16970"},{"taxonomy":"post_tag","embeddable":true,"href":"https:\/\/impactocastex.com.ar\/index.php?rest_route=%2Fwp%2Fv2%2Ftags&post=16970"}],"curies":[{"name":"wp","href":"https:\/\/api.w.org\/{rel}","templated":true}]}}