{"id":16964,"date":"2026-05-01T23:11:30","date_gmt":"2026-05-02T02:11:30","guid":{"rendered":"https:\/\/impactocastex.com.ar\/?p=16964"},"modified":"2026-05-01T23:11:30","modified_gmt":"2026-05-02T02:11:30","slug":"donald-trump-dijo-que-estados-unidos-podria-tomar-el-control-de-cuba-casi-de-inmediato","status":"publish","type":"post","link":"https:\/\/impactocastex.com.ar\/?p=16964","title":{"rendered":"Donald Trump dijo que Estados Unidos podr\u00eda tomar el control de Cuba \u201ccasi de inmediato\u201d"},"content":{"rendered":"<p>WEST PALM BEACH (APF).- El presidente de Estados Unidos, <a href=\"https:\/\/www.lanacion.com.ar\/el-mundo\/iran-presenta-su-ultimo-propuesta-a-eeuu-tras-la-pausa-en-las-negociaciones-nid01052026\/\" target=\"_blank\" rel=\"noreferrer\" title=\"https:\/\/www.lanacion.com.ar\/el-mundo\/iran-presenta-su-ultimo-propuesta-a-eeuu-tras-la-pausa-en-las-negociaciones-nid01052026\/\"><b>Donald Trump<\/b><\/a>, asegur\u00f3 que Washington podr\u00eda tomar el control de <b>Cuba <\/b>\u201ccasi de inmediato\u201d y amenaz\u00f3 con trasladar el portaaviones<b> USS Abraham Lincoln <\/b>hacia las costas de la isla una vez que \u201ctermine el trabajo\u201d en <b>Medio<\/b> <b>Oriente <\/b>en la guerra contra <b>Ir\u00e1n<\/b>. <\/p>\n<p>El mandatario estadounidense dio un discurso en el marco de un evento en el centro Raymond F. Kravis para las Artes Esc\u00e9nicas de la ciudad de <b>West Palm<\/b> <b>Beach<\/b>, Florida, en donde postul\u00f3 :\u201cDe regreso de Ir\u00e1n, tendremos uno de nuestros grandes\u2026 tal vez el portaaviones USS Abraham Lincoln, el m\u00e1s grande del mundo. <b>Haremos que se acerque, que se detenga a unos 100 metros de la costa, y dir\u00e1n: \u2018Muchas gracias. Nos rendimos\u00b4<\/b>\u201d.<\/p>\n<p>Este viernes, Trump orden\u00f3 imponer nuevas sanciones destinadas a asfixiar al gobierno de Cuba, que este 1 de mayo convoc\u00f3 a una manifestaci\u00f3n para \u201cdefender la patria\u201d y denunciar las amenazas de agresi\u00f3n militar estadounidense.<\/p>\n<p>El presidente estadounidense considera que la isla comunista, ubicada a 150 kil\u00f3metros de la costa de Florida, sigue representando una \u201camenaza extraordinaria\u201d para la seguridad nacional de EE.UU.<\/p>\n<p>Por su parte, <b>Miguel D\u00edaz<\/b>&#8211;<b>Canel<\/b>, el presidente cubano, rechaz\u00f3 las nuevas sanciones y calific\u00f3 el bloqueo como \u201cgenocida\u201d en un mensaje en X. \u201cHoy, el gobierno de #EEUU ha anunciado nuevas medidas coercitivas que refuerzan el brutal #BloqueoGenocida, como evidencia de su pobreza moral&#8230;\u201c, escribi\u00f3 D\u00edaz-Canel en X.<\/p>\n<p><img loading=\"lazy\" decoding=\"async\" src=\"https:\/\/resizer.glanacion.com\/resizer\/v2\/XT7OWLNKBJCJBOOYRTVUMOADOI.JPG?auth=1eea1268566833c02d050aa2edb8aab1e30f6ca4822a956f9a3739a808c88dc0&amp;smart=true&amp;width=6000&amp;height=4000\" alt=\"Donald Trump, pronuncia un discurso durante un evento en el Centro Raymond F. Kravis para las Artes Esc\u00e9nicas\" height=\"4000\" width=\"6000\" \/><\/p>\n<p>\u201c<b>Nadie honesto puede aceptar la excusa de que #Cuba sea una amenaza para ese pa\u00eds<\/b>\u201d, agreg\u00f3 D\u00edaz-Canel, se\u00f1alando a Washington de tener una \u201cconducta intimidatoria y arrogante\u201d.<\/p>\n<p>Las sanciones, detalladas en un decreto presidencial y destinadas a aumentar la presi\u00f3n sobre La Habana en medio de su crisis econ\u00f3mica, se dirigen espec\u00edficamente a los bancos extranjeros que colaboran con el gobierno cubano e imponen restricciones migratorias.<\/p>\n<p>Adem\u00e1s del embargo vigente desde 1962, Washington, que no oculta su deseo de un cambio de r\u00e9gimen en La Habana, impuso en enero un bloqueo petrolero a Cuba, permitiendo la entrada al pa\u00eds \u00fanicamente a un buque cargado con crudo ruso.<\/p>\n<p><img loading=\"lazy\" decoding=\"async\" src=\"https:\/\/resizer.glanacion.com\/resizer\/v2\/4VMWLIL55FFWRPXIBTQTL7RDJA.jpg?auth=fce3b2907f50d464dfb5a2b5da11b226f99285766f665293af8b30f87de72542&amp;smart=true&amp;width=2048&amp;height=1363\" alt=\"El presidente de Cuba, Miguel D\u00edaz-Canel \" height=\"1363\" width=\"2048\" \/><\/p>\n<p>El anuncio de nuevas sanciones se produce el D\u00eda de los Trabajadores, jornada que Cuba celebr\u00f3 con un desfile frente a la embajada estadounidense en La Habana, al que asistieron el l\u00edder revolucionario Ra\u00fal Castro, de 94 a\u00f1os, y el presidente D\u00edaz-Canel.<\/p>\n<p>El canciller, Bruno Rodr\u00edguez, denunci\u00f3 las nuevas sanciones, y dijo que constituyen \u201cun castigo colectivo al pueblo cubano\u201d. \u201cEl gobierno de Estados Unidos se alarma y responde con nuevas medidas coercitivas unilaterales ilegales y abusivas contra Cuba\u201d, escribi\u00f3 Rodr\u00edguez en un mensaje en X en el que aludi\u00f3 a la manifestaci\u00f3n por el 1 de Mayo. A pesar de la tensa situaci\u00f3n, ambos pa\u00edses mantienen conversaciones. <\/p>\n<p><img loading=\"lazy\" decoding=\"async\" src=\"https:\/\/resizer.glanacion.com\/resizer\/v2\/XEN4LDPGFBEUVASRBIPO635YXY.JPG?auth=dab9e4bf5ab9320769880d39f2ddeffb7feb877b44b1b1dd39fbf607208d094f&amp;smart=true&amp;width=2000&amp;height=1330\" alt=\"El portaaviones USS Abraham Lincoln (izquierda), el destructor de defensa a\u00e9rea HMS Defender y el destructor de misiles guiados USS Farragut transitan por el estrecho de Ormuz junto con el crucero de misiles guiados USS Leyte Gulf.\" height=\"1330\" width=\"2000\" \/><\/p>\n<p>El 10 de abril se celebraron reuniones diplom\u00e1ticas de alto nivel en La Habana. En esa ocasi\u00f3n, un funcionario estadounidense se reuni\u00f3 con Ra\u00fal Guillermo Rodr\u00edguez Castro, nieto de Ra\u00fal Castro. <\/p>\n<p>Bajo el lema \u201cdefendemos la patria\u201d, el gobierno convoc\u00f3 a empleados de empresas estatales, funcionarios p\u00fablicos y miembros del Partido Comunista de Cuba (PCC, \u00fanico) a congregarse al amanecer en una plaza del Malec\u00f3n, frente a la embajada estadounidense, en lo que se denomin\u00f3 \u201cplataforma antiimperialista\u201d. Las autoridades afirmaron que participaron varios cientos de miles de personas.<\/p>\n<p><b>Con informaci\u00f3n de AFP.<\/b><\/p>\n<p>\u200bEl presidente estadounidense sostuvo que tras \u201cterminar el trabajo\u201d en Medio Oriente podr\u00eda trasladar el Portaaviones USS Lincoln a la costa cubana\u00a0\u00a0<\/p>","protected":false},"excerpt":{"rendered":"<p>WEST PALM BEACH (APF).- El presidente de Estados Unidos, Donald Trump, asegur\u00f3 que Washington podr\u00eda&#8230;<\/p>\n","protected":false},"author":1,"featured_media":16965,"comment_status":"closed","ping_status":"closed","sticky":false,"template":"","format":"standard","meta":{"_jetpack_memberships_contains_paid_content":false,"footnotes":"","jetpack_publicize_message":"","jetpack_publicize_feature_enabled":true,"jetpack_social_post_already_shared":true,"jetpack_social_options":{"image_generator_settings":{"template":"highway","default_image_id":0,"font":"","enabled":false},"version":2}},"categories":[89],"tags":[],"class_list":["post-16964","post","type-post","status-publish","format-standard","has-post-thumbnail","hentry","category-nacionales"],"yoast_head":"<!-- This site is optimized with the Yoast SEO plugin v27.4 - https:\/\/yoast.com\/product\/yoast-seo-wordpress\/ -->\n<title>Donald Trump dijo que Estados Unidos podr\u00eda tomar el control de Cuba \u201ccasi de inmediato\u201d -<\/title>\n<meta name=\"robots\" content=\"index, follow, max-snippet:-1, max-image-preview:large, max-video-preview:-1\" \/>\n<link rel=\"canonical\" href=\"https:\/\/impactocastex.com.ar\/?p=16964\" \/>\n<meta property=\"og:locale\" content=\"es_ES\" \/>\n<meta property=\"og:type\" content=\"article\" \/>\n<meta property=\"og:title\" content=\"Donald Trump dijo que Estados Unidos podr\u00eda tomar el control de Cuba \u201ccasi de inmediato\u201d -\" \/>\n<meta property=\"og:description\" content=\"WEST PALM BEACH (APF).- El presidente de Estados Unidos, Donald Trump, asegur\u00f3 que Washington podr\u00eda...\" \/>\n<meta property=\"og:url\" content=\"https:\/\/impactocastex.com.ar\/?p=16964\" \/>\n<meta property=\"article:publisher\" content=\"https:\/\/www.facebook.com\/impactocastexdiario\" \/>\n<meta property=\"article:published_time\" content=\"2026-05-02T02:11:30+00:00\" \/>\n<meta property=\"og:image\" content=\"https:\/\/resizer.glanacion.com\/resizer\/v2\/XT7OWLNKBJCJBOOYRTVUMOADOI.JPG?auth=1eea1268566833c02d050aa2edb8aab1e30f6ca4822a956f9a3739a808c88dc0&amp;smart=true&amp;width=6000&amp;height=4000\" \/>\n<meta name=\"author\" content=\"impactocastex\" \/>\n<meta name=\"twitter:card\" content=\"summary_large_image\" \/>\n<meta name=\"twitter:label1\" content=\"Escrito por\" \/>\n\t<meta name=\"twitter:data1\" content=\"impactocastex\" \/>\n\t<meta name=\"twitter:label2\" content=\"Tiempo de lectura\" \/>\n\t<meta name=\"twitter:data2\" content=\"3 minutos\" \/>\n<script type=\"application\/ld+json\" class=\"yoast-schema-graph\">{\"@context\":\"https:\\\/\\\/schema.org\",\"@graph\":[{\"@type\":\"Article\",\"@id\":\"https:\\\/\\\/impactocastex.com.ar\\\/?p=16964#article\",\"isPartOf\":{\"@id\":\"https:\\\/\\\/impactocastex.com.ar\\\/?p=16964\"},\"author\":{\"name\":\"impactocastex\",\"@id\":\"https:\\\/\\\/impactocastex.com.ar\\\/#\\\/schema\\\/person\\\/86cb4f827fb5f87869a239b98a69c6e3\"},\"headline\":\"Donald Trump dijo que Estados Unidos podr\u00eda tomar el control de Cuba \u201ccasi de inmediato\u201d\",\"datePublished\":\"2026-05-02T02:11:30+00:00\",\"mainEntityOfPage\":{\"@id\":\"https:\\\/\\\/impactocastex.com.ar\\\/?p=16964\"},\"wordCount\":616,\"publisher\":{\"@id\":\"https:\\\/\\\/impactocastex.com.ar\\\/#organization\"},\"image\":{\"@id\":\"https:\\\/\\\/impactocastex.com.ar\\\/?p=16964#primaryimage\"},\"thumbnailUrl\":\"https:\\\/\\\/impactocastex.com.ar\\\/wp-content\\\/uploads\\\/2026\\\/05\\\/UUO6KXM7Q5FNLKABGT7OEHOCMA-zOKbid-scaled.jpg\",\"articleSection\":[\"NACIONALES\"],\"inLanguage\":\"es\"},{\"@type\":\"WebPage\",\"@id\":\"https:\\\/\\\/impactocastex.com.ar\\\/?p=16964\",\"url\":\"https:\\\/\\\/impactocastex.com.ar\\\/?p=16964\",\"name\":\"Donald Trump dijo que Estados Unidos podr\u00eda tomar el control de Cuba \u201ccasi de inmediato\u201d -\",\"isPartOf\":{\"@id\":\"https:\\\/\\\/impactocastex.com.ar\\\/#website\"},\"primaryImageOfPage\":{\"@id\":\"https:\\\/\\\/impactocastex.com.ar\\\/?p=16964#primaryimage\"},\"image\":{\"@id\":\"https:\\\/\\\/impactocastex.com.ar\\\/?p=16964#primaryimage\"},\"thumbnailUrl\":\"https:\\\/\\\/impactocastex.com.ar\\\/wp-content\\\/uploads\\\/2026\\\/05\\\/UUO6KXM7Q5FNLKABGT7OEHOCMA-zOKbid-scaled.jpg\",\"datePublished\":\"2026-05-02T02:11:30+00:00\",\"breadcrumb\":{\"@id\":\"https:\\\/\\\/impactocastex.com.ar\\\/?p=16964#breadcrumb\"},\"inLanguage\":\"es\",\"potentialAction\":[{\"@type\":\"ReadAction\",\"target\":[\"https:\\\/\\\/impactocastex.com.ar\\\/?p=16964\"]}]},{\"@type\":\"ImageObject\",\"inLanguage\":\"es\",\"@id\":\"https:\\\/\\\/impactocastex.com.ar\\\/?p=16964#primaryimage\",\"url\":\"https:\\\/\\\/impactocastex.com.ar\\\/wp-content\\\/uploads\\\/2026\\\/05\\\/UUO6KXM7Q5FNLKABGT7OEHOCMA-zOKbid-scaled.jpg\",\"contentUrl\":\"https:\\\/\\\/impactocastex.com.ar\\\/wp-content\\\/uploads\\\/2026\\\/05\\\/UUO6KXM7Q5FNLKABGT7OEHOCMA-zOKbid-scaled.jpg\",\"width\":2560,\"height\":1707},{\"@type\":\"BreadcrumbList\",\"@id\":\"https:\\\/\\\/impactocastex.com.ar\\\/?p=16964#breadcrumb\",\"itemListElement\":[{\"@type\":\"ListItem\",\"position\":1,\"name\":\"Portada\",\"item\":\"https:\\\/\\\/impactocastex.com.ar\\\/\"},{\"@type\":\"ListItem\",\"position\":2,\"name\":\"Donald Trump dijo que Estados Unidos podr\u00eda tomar el control de Cuba \u201ccasi de inmediato\u201d\"}]},{\"@type\":\"WebSite\",\"@id\":\"https:\\\/\\\/impactocastex.com.ar\\\/#website\",\"url\":\"https:\\\/\\\/impactocastex.com.ar\\\/\",\"name\":\"Impacto Castex\",\"description\":\"\",\"publisher\":{\"@id\":\"https:\\\/\\\/impactocastex.com.ar\\\/#organization\"},\"potentialAction\":[{\"@type\":\"SearchAction\",\"target\":{\"@type\":\"EntryPoint\",\"urlTemplate\":\"https:\\\/\\\/impactocastex.com.ar\\\/?s={search_term_string}\"},\"query-input\":{\"@type\":\"PropertyValueSpecification\",\"valueRequired\":true,\"valueName\":\"search_term_string\"}}],\"inLanguage\":\"es\"},{\"@type\":\"Organization\",\"@id\":\"https:\\\/\\\/impactocastex.com.ar\\\/#organization\",\"name\":\"Impacto Castex\",\"url\":\"https:\\\/\\\/impactocastex.com.ar\\\/\",\"logo\":{\"@type\":\"ImageObject\",\"inLanguage\":\"es\",\"@id\":\"https:\\\/\\\/impactocastex.com.ar\\\/#\\\/schema\\\/logo\\\/image\\\/\",\"url\":\"https:\\\/\\\/impactocastex.com.ar\\\/wp-content\\\/uploads\\\/2025\\\/09\\\/cropped-icoweb.png\",\"contentUrl\":\"https:\\\/\\\/impactocastex.com.ar\\\/wp-content\\\/uploads\\\/2025\\\/09\\\/cropped-icoweb.png\",\"width\":512,\"height\":512,\"caption\":\"Impacto Castex\"},\"image\":{\"@id\":\"https:\\\/\\\/impactocastex.com.ar\\\/#\\\/schema\\\/logo\\\/image\\\/\"},\"sameAs\":[\"https:\\\/\\\/www.facebook.com\\\/impactocastexdiario\",\"https:\\\/\\\/www.instagram.com\\\/impactocastex.com.ar\\\/\"]},{\"@type\":\"Person\",\"@id\":\"https:\\\/\\\/impactocastex.com.ar\\\/#\\\/schema\\\/person\\\/86cb4f827fb5f87869a239b98a69c6e3\",\"name\":\"impactocastex\",\"image\":{\"@type\":\"ImageObject\",\"inLanguage\":\"es\",\"@id\":\"https:\\\/\\\/secure.gravatar.com\\\/avatar\\\/9a87ee051ca8c77f5d4070843ce2c78cdf95b858b950fb039151de955122f5f5?s=96&d=mm&r=g\",\"url\":\"https:\\\/\\\/secure.gravatar.com\\\/avatar\\\/9a87ee051ca8c77f5d4070843ce2c78cdf95b858b950fb039151de955122f5f5?s=96&d=mm&r=g\",\"contentUrl\":\"https:\\\/\\\/secure.gravatar.com\\\/avatar\\\/9a87ee051ca8c77f5d4070843ce2c78cdf95b858b950fb039151de955122f5f5?s=96&d=mm&r=g\",\"caption\":\"impactocastex\"},\"sameAs\":[\"https:\\\/\\\/impactocastex.com.ar\"],\"url\":\"https:\\\/\\\/impactocastex.com.ar\\\/?author=1\"}]}<\/script>\n<!-- \/ Yoast SEO plugin. -->","yoast_head_json":{"title":"Donald Trump dijo que Estados Unidos podr\u00eda tomar el control de Cuba \u201ccasi de inmediato\u201d -","robots":{"index":"index","follow":"follow","max-snippet":"max-snippet:-1","max-image-preview":"max-image-preview:large","max-video-preview":"max-video-preview:-1"},"canonical":"https:\/\/impactocastex.com.ar\/?p=16964","og_locale":"es_ES","og_type":"article","og_title":"Donald Trump dijo que Estados Unidos podr\u00eda tomar el control de Cuba \u201ccasi de inmediato\u201d -","og_description":"WEST PALM BEACH (APF).- El presidente de Estados Unidos, Donald Trump, asegur\u00f3 que Washington podr\u00eda...","og_url":"https:\/\/impactocastex.com.ar\/?p=16964","article_publisher":"https:\/\/www.facebook.com\/impactocastexdiario","article_published_time":"2026-05-02T02:11:30+00:00","og_image":[{"url":"https:\/\/resizer.glanacion.com\/resizer\/v2\/XT7OWLNKBJCJBOOYRTVUMOADOI.JPG?auth=1eea1268566833c02d050aa2edb8aab1e30f6ca4822a956f9a3739a808c88dc0&amp;smart=true&amp;width=6000&amp;height=4000","type":"","width":"","height":""}],"author":"impactocastex","twitter_card":"summary_large_image","twitter_misc":{"Escrito por":"impactocastex","Tiempo de lectura":"3 minutos"},"schema":{"@context":"https:\/\/schema.org","@graph":[{"@type":"Article","@id":"https:\/\/impactocastex.com.ar\/?p=16964#article","isPartOf":{"@id":"https:\/\/impactocastex.com.ar\/?p=16964"},"author":{"name":"impactocastex","@id":"https:\/\/impactocastex.com.ar\/#\/schema\/person\/86cb4f827fb5f87869a239b98a69c6e3"},"headline":"Donald Trump dijo que Estados Unidos podr\u00eda tomar el control de Cuba \u201ccasi de inmediato\u201d","datePublished":"2026-05-02T02:11:30+00:00","mainEntityOfPage":{"@id":"https:\/\/impactocastex.com.ar\/?p=16964"},"wordCount":616,"publisher":{"@id":"https:\/\/impactocastex.com.ar\/#organization"},"image":{"@id":"https:\/\/impactocastex.com.ar\/?p=16964#primaryimage"},"thumbnailUrl":"https:\/\/impactocastex.com.ar\/wp-content\/uploads\/2026\/05\/UUO6KXM7Q5FNLKABGT7OEHOCMA-zOKbid-scaled.jpg","articleSection":["NACIONALES"],"inLanguage":"es"},{"@type":"WebPage","@id":"https:\/\/impactocastex.com.ar\/?p=16964","url":"https:\/\/impactocastex.com.ar\/?p=16964","name":"Donald Trump dijo que Estados Unidos podr\u00eda tomar el control de Cuba \u201ccasi de inmediato\u201d -","isPartOf":{"@id":"https:\/\/impactocastex.com.ar\/#website"},"primaryImageOfPage":{"@id":"https:\/\/impactocastex.com.ar\/?p=16964#primaryimage"},"image":{"@id":"https:\/\/impactocastex.com.ar\/?p=16964#primaryimage"},"thumbnailUrl":"https:\/\/impactocastex.com.ar\/wp-content\/uploads\/2026\/05\/UUO6KXM7Q5FNLKABGT7OEHOCMA-zOKbid-scaled.jpg","datePublished":"2026-05-02T02:11:30+00:00","breadcrumb":{"@id":"https:\/\/impactocastex.com.ar\/?p=16964#breadcrumb"},"inLanguage":"es","potentialAction":[{"@type":"ReadAction","target":["https:\/\/impactocastex.com.ar\/?p=16964"]}]},{"@type":"ImageObject","inLanguage":"es","@id":"https:\/\/impactocastex.com.ar\/?p=16964#primaryimage","url":"https:\/\/impactocastex.com.ar\/wp-content\/uploads\/2026\/05\/UUO6KXM7Q5FNLKABGT7OEHOCMA-zOKbid-scaled.jpg","contentUrl":"https:\/\/impactocastex.com.ar\/wp-content\/uploads\/2026\/05\/UUO6KXM7Q5FNLKABGT7OEHOCMA-zOKbid-scaled.jpg","width":2560,"height":1707},{"@type":"BreadcrumbList","@id":"https:\/\/impactocastex.com.ar\/?p=16964#breadcrumb","itemListElement":[{"@type":"ListItem","position":1,"name":"Portada","item":"https:\/\/impactocastex.com.ar\/"},{"@type":"ListItem","position":2,"name":"Donald Trump dijo que Estados Unidos podr\u00eda tomar el control de Cuba \u201ccasi de inmediato\u201d"}]},{"@type":"WebSite","@id":"https:\/\/impactocastex.com.ar\/#website","url":"https:\/\/impactocastex.com.ar\/","name":"Impacto Castex","description":"","publisher":{"@id":"https:\/\/impactocastex.com.ar\/#organization"},"potentialAction":[{"@type":"SearchAction","target":{"@type":"EntryPoint","urlTemplate":"https:\/\/impactocastex.com.ar\/?s={search_term_string}"},"query-input":{"@type":"PropertyValueSpecification","valueRequired":true,"valueName":"search_term_string"}}],"inLanguage":"es"},{"@type":"Organization","@id":"https:\/\/impactocastex.com.ar\/#organization","name":"Impacto Castex","url":"https:\/\/impactocastex.com.ar\/","logo":{"@type":"ImageObject","inLanguage":"es","@id":"https:\/\/impactocastex.com.ar\/#\/schema\/logo\/image\/","url":"https:\/\/impactocastex.com.ar\/wp-content\/uploads\/2025\/09\/cropped-icoweb.png","contentUrl":"https:\/\/impactocastex.com.ar\/wp-content\/uploads\/2025\/09\/cropped-icoweb.png","width":512,"height":512,"caption":"Impacto Castex"},"image":{"@id":"https:\/\/impactocastex.com.ar\/#\/schema\/logo\/image\/"},"sameAs":["https:\/\/www.facebook.com\/impactocastexdiario","https:\/\/www.instagram.com\/impactocastex.com.ar\/"]},{"@type":"Person","@id":"https:\/\/impactocastex.com.ar\/#\/schema\/person\/86cb4f827fb5f87869a239b98a69c6e3","name":"impactocastex","image":{"@type":"ImageObject","inLanguage":"es","@id":"https:\/\/secure.gravatar.com\/avatar\/9a87ee051ca8c77f5d4070843ce2c78cdf95b858b950fb039151de955122f5f5?s=96&d=mm&r=g","url":"https:\/\/secure.gravatar.com\/avatar\/9a87ee051ca8c77f5d4070843ce2c78cdf95b858b950fb039151de955122f5f5?s=96&d=mm&r=g","contentUrl":"https:\/\/secure.gravatar.com\/avatar\/9a87ee051ca8c77f5d4070843ce2c78cdf95b858b950fb039151de955122f5f5?s=96&d=mm&r=g","caption":"impactocastex"},"sameAs":["https:\/\/impactocastex.com.ar"],"url":"https:\/\/impactocastex.com.ar\/?author=1"}]}},"jetpack_publicize_connections":[],"featured_image_urls":{"full":["https:\/\/impactocastex.com.ar\/wp-content\/uploads\/2026\/05\/UUO6KXM7Q5FNLKABGT7OEHOCMA-zOKbid-scaled.jpg",2560,1707,false],"thumbnail":["https:\/\/impactocastex.com.ar\/wp-content\/uploads\/2026\/05\/UUO6KXM7Q5FNLKABGT7OEHOCMA-zOKbid-150x150.jpg",150,150,true],"medium":["https:\/\/impactocastex.com.ar\/wp-content\/uploads\/2026\/05\/UUO6KXM7Q5FNLKABGT7OEHOCMA-zOKbid-300x200.jpg",300,200,true],"medium_large":["https:\/\/impactocastex.com.ar\/wp-content\/uploads\/2026\/05\/UUO6KXM7Q5FNLKABGT7OEHOCMA-zOKbid-768x512.jpg",640,427,true],"large":["https:\/\/impactocastex.com.ar\/wp-content\/uploads\/2026\/05\/UUO6KXM7Q5FNLKABGT7OEHOCMA-zOKbid-1024x683.jpg",640,427,true],"1536x1536":["https:\/\/impactocastex.com.ar\/wp-content\/uploads\/2026\/05\/UUO6KXM7Q5FNLKABGT7OEHOCMA-zOKbid-1536x1024.jpg",1536,1024,true],"2048x2048":["https:\/\/impactocastex.com.ar\/wp-content\/uploads\/2026\/05\/UUO6KXM7Q5FNLKABGT7OEHOCMA-zOKbid-2048x1366.jpg",2048,1366,true],"newsever-slider-full":["https:\/\/impactocastex.com.ar\/wp-content\/uploads\/2026\/05\/UUO6KXM7Q5FNLKABGT7OEHOCMA-zOKbid-1280x845.jpg",1280,845,true],"newsever-featured":["https:\/\/impactocastex.com.ar\/wp-content\/uploads\/2026\/05\/UUO6KXM7Q5FNLKABGT7OEHOCMA-zOKbid-1024x683.jpg",1024,683,true],"newsever-medium":["https:\/\/impactocastex.com.ar\/wp-content\/uploads\/2026\/05\/UUO6KXM7Q5FNLKABGT7OEHOCMA-zOKbid-720x475.jpg",720,475,true]},"author_info":{"info":["impactocastex"]},"category_info":"<a href=\"https:\/\/impactocastex.com.ar\/?cat=89\" rel=\"category\">NACIONALES<\/a>","tag_info":"NACIONALES","comment_count":0,"jetpack_featured_media_url":"https:\/\/impactocastex.com.ar\/wp-content\/uploads\/2026\/05\/UUO6KXM7Q5FNLKABGT7OEHOCMA-zOKbid-scaled.jpg","jetpack_sharing_enabled":true,"jetpack_likes_enabled":true,"jetpack_shortlink":"https:\/\/wp.me\/p7sopA-4pC","_links":{"self":[{"href":"https:\/\/impactocastex.com.ar\/index.php?rest_route=\/wp\/v2\/posts\/16964","targetHints":{"allow":["GET"]}}],"collection":[{"href":"https:\/\/impactocastex.com.ar\/index.php?rest_route=\/wp\/v2\/posts"}],"about":[{"href":"https:\/\/impactocastex.com.ar\/index.php?rest_route=\/wp\/v2\/types\/post"}],"author":[{"embeddable":true,"href":"https:\/\/impactocastex.com.ar\/index.php?rest_route=\/wp\/v2\/users\/1"}],"replies":[{"embeddable":true,"href":"https:\/\/impactocastex.com.ar\/index.php?rest_route=%2Fwp%2Fv2%2Fcomments&post=16964"}],"version-history":[{"count":0,"href":"https:\/\/impactocastex.com.ar\/index.php?rest_route=\/wp\/v2\/posts\/16964\/revisions"}],"wp:featuredmedia":[{"embeddable":true,"href":"https:\/\/impactocastex.com.ar\/index.php?rest_route=\/wp\/v2\/media\/16965"}],"wp:attachment":[{"href":"https:\/\/impactocastex.com.ar\/index.php?rest_route=%2Fwp%2Fv2%2Fmedia&parent=16964"}],"wp:term":[{"taxonomy":"category","embeddable":true,"href":"https:\/\/impactocastex.com.ar\/index.php?rest_route=%2Fwp%2Fv2%2Fcategories&post=16964"},{"taxonomy":"post_tag","embeddable":true,"href":"https:\/\/impactocastex.com.ar\/index.php?rest_route=%2Fwp%2Fv2%2Ftags&post=16964"}],"curies":[{"name":"wp","href":"https:\/\/api.w.org\/{rel}","templated":true}]}}