{"id":16960,"date":"2026-05-01T21:12:57","date_gmt":"2026-05-02T00:12:57","guid":{"rendered":"https:\/\/impactocastex.com.ar\/?p=16960"},"modified":"2026-05-01T21:12:57","modified_gmt":"2026-05-02T00:12:57","slug":"reino-unido-elevo-su-nivel-de-alerta-ante-un-posible-ataque-terrorista-altamente-probable","status":"publish","type":"post","link":"https:\/\/impactocastex.com.ar\/?p=16960","title":{"rendered":"Reino Unido elev\u00f3 su nivel de alerta ante un posible ataque terrorista: \u201cAltamente probable\u201d"},"content":{"rendered":"<p>LONDRES.- El gobierno de Reino Unido elev\u00f3 el nivel de alerta a \u201c<b>grave<\/b>\u201d frente a la posibilidad de un <b>ataque terrorista<\/b>. Acto seguido, la<b> embajada de Estados Unidos<\/b> en Londres replic\u00f3 la advertencia. <\/p>\n<p>La embajada norteamericana lo comunic\u00f3 horas despu\u00e9s de que funcionarios del gobierno brit\u00e1nico dijeran que hab\u00edan elevando la amenaza de terrorismo nacional a su segundo nivel m\u00e1s alto.<\/p>\n<p>Por este motivo, las autoridades estadounidenses en ese territorio instaron a sus conciudadanos a permanecer alerta en lugares p\u00fablicos, mantener un perfil bajo y revisar sus planes de seguridad personal.<\/p>\n<p>\u201cEl jueves, el gobierno del Reino Unido elev\u00f3 su nivel de alerta terrorista nacional a \u2018grave\u2019, lo que significa que un ataque es altamente probable\u201d, explic\u00f3 la embajada de EE.UU. en un <a href=\"https:\/\/uk.usembassy.gov\/security-alert-us-embassy-london-may-1-2026\/\" target=\"_blank\" rel=\"noreferrer\" title=\"https:\/\/uk.usembassy.gov\/security-alert-us-embassy-london-may-1-2026\/\">comunicado<\/a>. \u201c<b>El reciente aumento se debe al incremento de amenazas islamistas y de extrema derecha en el Reino Unido<\/b>\u201d, agrega el texto.<\/p>\n<p><img loading=\"lazy\" decoding=\"async\" src=\"https:\/\/resizer.glanacion.com\/resizer\/v2\/XZWDOJ3QENEPNDD22CDAVFL7LA.jpg?auth=865fa77c226bf4b092cc908b1dd9a36d5ad3dcbfe9a7764817ce158a8477b6f8&amp;smart=true&amp;width=3500&amp;height=2457\" alt=\"Polic\u00edas en Golders Green, una zona predominantemente jud\u00eda en el noroeste de Londres, tras el apu\u00f1alamiento de dos personas, el mi\u00e9rcoles 29 de abril\" height=\"2457\" width=\"3500\" \/><\/p>\n<p>El nivel de amenaza pas\u00f3 de \u201csustancial\u201d a \u201cgrave\u201d tras un ataque antisemita con arma blanca ocurrido a principios de esta semana en el norte de Londres. Indica que es muy probable que se produzca un ataque extremista en los pr\u00f3ximos seis meses.<\/p>\n<p>El ataque que motiv\u00f3 el nuevo nivel de alerta ocurri\u00f3 este mi\u00e9rcoles a la ma\u00f1ana, cuando un hombre, identificado como <b>Essa Suleiman<\/b>, de 45 a\u00f1os, atac\u00f3 con un cuchillo a otros dos (Shloime Rand, de 34 a\u00f1os, y Moshe Shine, de 76), que resultaron heridos y debieron ser hospitalizados. <\/p>\n<p>El hecho tuvo lugar en Highfield Avenue, en la zona de <b>Golders Green<\/b>, al noroeste de Londres, seg\u00fan inform\u00f3 <a href=\"https:\/\/www.theguardian.com\/uk-news\/2026\/may\/01\/essa-suleiman-charged-with-attempted-murder-in-connection-with-golders-green-attack\" target=\"_blank\" rel=\"noreferrer\" title=\"https:\/\/www.theguardian.com\/uk-news\/2026\/may\/01\/essa-suleiman-charged-with-attempted-murder-in-connection-with-golders-green-attack\"><i>The Guardian.<\/i><\/a><\/p>\n<p><img loading=\"lazy\" decoding=\"async\" src=\"https:\/\/resizer.glanacion.com\/resizer\/v2\/XN7CHMHWSJEU5I43RSMBIRPA6M.webp?auth=0dc7f564a58db8692c59f04f2110daf0eb353f97da6ffa0eddc9256ea9be225d&amp;smart=true&amp;width=800&amp;height=450\" alt=\"La ministra de Interior Shabana Mahmood es de origen paquitan\u00ed y musulmana\" height=\"450\" width=\"800\" \/><\/p>\n<p>La polic\u00eda metropolitana de Londres calific\u00f3 el hecho como un ataque antisemita, dado que las v\u00edctimas pertenec\u00edan a la comunidad jud\u00eda local. El atacante, que fue detenido, enfrenta tres cargos de intento de asesinato y un cargo de posesi\u00f3n de un arma blanca en un lugar p\u00fablico.<\/p>\n<p>Desde el gobierno brit\u00e1nico, calificaron lo sucedido como un \u201cvil acto de terrorismo\u201d. \u201cEl aumento de la amenaza se produce tras el apu\u00f1alamiento en Golders Green, al norte de\u00a0Londres\u00a0, pero no es \u00fanicamente consecuencia de ese ataque\u201d, aclar\u00f3 la ministra del Interior, <b>Shabana Mahmood<\/b>, seg\u00fan detall\u00f3 <a href=\"https:\/\/www.theguardian.com\/uk-news\/2026\/apr\/30\/uk-terrorism-threat-level-raised-to-severe-after-golders-green-attack\" target=\"_blank\" rel=\"noreferrer\" title=\"https:\/\/www.theguardian.com\/uk-news\/2026\/apr\/30\/uk-terrorism-threat-level-raised-to-severe-after-golders-green-attack\"><i>The Guardian.<\/i><\/a><\/p>\n<p>\u201cEl nivel de amenaza terrorista en el Reino Unido lleva tiempo aumentando, impulsado por un incremento de la amenaza terrorista islamista y de extrema derecha por parte de individuos y peque\u00f1os grupos con base en el Reino Unido\u201d, indic\u00f3 la funcionaria y explic\u00f3: \u201cSe produce en un contexto de crecientes amenazas f\u00edsicas vinculadas al Estado, lo que fomenta actos de violencia, incluso contra la comunidad jud\u00eda.\u201d<\/p>\n<p><i><b>Con informaci\u00f3n de Reuters.<\/b><\/i><\/p>\n<p>\u200bEl gobierno brit\u00e1nico aument\u00f3 su \u00edndice tras un ataque antisemita ocurrido el jueves; la embajada de Estados Unidos en Londres advirti\u00f3 a los estadounidenses\u00a0\u00a0<\/p>","protected":false},"excerpt":{"rendered":"<p>LONDRES.- El gobierno de Reino Unido elev\u00f3 el nivel de alerta a \u201cgrave\u201d frente a&#8230;<\/p>\n","protected":false},"author":1,"featured_media":16961,"comment_status":"closed","ping_status":"closed","sticky":false,"template":"","format":"standard","meta":{"_jetpack_memberships_contains_paid_content":false,"footnotes":"","jetpack_publicize_message":"","jetpack_publicize_feature_enabled":true,"jetpack_social_post_already_shared":true,"jetpack_social_options":{"image_generator_settings":{"template":"highway","default_image_id":0,"font":"","enabled":false},"version":2}},"categories":[89],"tags":[],"class_list":["post-16960","post","type-post","status-publish","format-standard","has-post-thumbnail","hentry","category-nacionales"],"yoast_head":"<!-- This site is optimized with the Yoast SEO plugin v27.4 - https:\/\/yoast.com\/product\/yoast-seo-wordpress\/ -->\n<title>Reino Unido elev\u00f3 su nivel de alerta ante un posible ataque terrorista: \u201cAltamente probable\u201d -<\/title>\n<meta name=\"robots\" content=\"index, follow, max-snippet:-1, max-image-preview:large, max-video-preview:-1\" \/>\n<link rel=\"canonical\" href=\"https:\/\/impactocastex.com.ar\/?p=16960\" \/>\n<meta property=\"og:locale\" content=\"es_ES\" \/>\n<meta property=\"og:type\" content=\"article\" \/>\n<meta property=\"og:title\" content=\"Reino Unido elev\u00f3 su nivel de alerta ante un posible ataque terrorista: \u201cAltamente probable\u201d -\" \/>\n<meta property=\"og:description\" content=\"LONDRES.- El gobierno de Reino Unido elev\u00f3 el nivel de alerta a \u201cgrave\u201d frente a...\" \/>\n<meta property=\"og:url\" content=\"https:\/\/impactocastex.com.ar\/?p=16960\" \/>\n<meta property=\"article:publisher\" content=\"https:\/\/www.facebook.com\/impactocastexdiario\" \/>\n<meta property=\"article:published_time\" content=\"2026-05-02T00:12:57+00:00\" \/>\n<meta property=\"og:image\" content=\"https:\/\/resizer.glanacion.com\/resizer\/v2\/XZWDOJ3QENEPNDD22CDAVFL7LA.jpg?auth=865fa77c226bf4b092cc908b1dd9a36d5ad3dcbfe9a7764817ce158a8477b6f8&amp;smart=true&amp;width=3500&amp;height=2457\" \/>\n<meta name=\"author\" content=\"impactocastex\" \/>\n<meta name=\"twitter:card\" content=\"summary_large_image\" \/>\n<meta name=\"twitter:label1\" content=\"Escrito por\" \/>\n\t<meta name=\"twitter:data1\" content=\"impactocastex\" \/>\n\t<meta name=\"twitter:label2\" content=\"Tiempo de lectura\" \/>\n\t<meta name=\"twitter:data2\" content=\"2 minutos\" \/>\n<script type=\"application\/ld+json\" class=\"yoast-schema-graph\">{\"@context\":\"https:\\\/\\\/schema.org\",\"@graph\":[{\"@type\":\"Article\",\"@id\":\"https:\\\/\\\/impactocastex.com.ar\\\/?p=16960#article\",\"isPartOf\":{\"@id\":\"https:\\\/\\\/impactocastex.com.ar\\\/?p=16960\"},\"author\":{\"name\":\"impactocastex\",\"@id\":\"https:\\\/\\\/impactocastex.com.ar\\\/#\\\/schema\\\/person\\\/86cb4f827fb5f87869a239b98a69c6e3\"},\"headline\":\"Reino Unido elev\u00f3 su nivel de alerta ante un posible ataque terrorista: \u201cAltamente probable\u201d\",\"datePublished\":\"2026-05-02T00:12:57+00:00\",\"mainEntityOfPage\":{\"@id\":\"https:\\\/\\\/impactocastex.com.ar\\\/?p=16960\"},\"wordCount\":486,\"publisher\":{\"@id\":\"https:\\\/\\\/impactocastex.com.ar\\\/#organization\"},\"image\":{\"@id\":\"https:\\\/\\\/impactocastex.com.ar\\\/?p=16960#primaryimage\"},\"thumbnailUrl\":\"https:\\\/\\\/impactocastex.com.ar\\\/wp-content\\\/uploads\\\/2026\\\/05\\\/TJFL3AXKWFEWJNFBOQWORXX3XQ-xHW1F7.jpg\",\"articleSection\":[\"NACIONALES\"],\"inLanguage\":\"es\"},{\"@type\":\"WebPage\",\"@id\":\"https:\\\/\\\/impactocastex.com.ar\\\/?p=16960\",\"url\":\"https:\\\/\\\/impactocastex.com.ar\\\/?p=16960\",\"name\":\"Reino Unido elev\u00f3 su nivel de alerta ante un posible ataque terrorista: \u201cAltamente probable\u201d -\",\"isPartOf\":{\"@id\":\"https:\\\/\\\/impactocastex.com.ar\\\/#website\"},\"primaryImageOfPage\":{\"@id\":\"https:\\\/\\\/impactocastex.com.ar\\\/?p=16960#primaryimage\"},\"image\":{\"@id\":\"https:\\\/\\\/impactocastex.com.ar\\\/?p=16960#primaryimage\"},\"thumbnailUrl\":\"https:\\\/\\\/impactocastex.com.ar\\\/wp-content\\\/uploads\\\/2026\\\/05\\\/TJFL3AXKWFEWJNFBOQWORXX3XQ-xHW1F7.jpg\",\"datePublished\":\"2026-05-02T00:12:57+00:00\",\"breadcrumb\":{\"@id\":\"https:\\\/\\\/impactocastex.com.ar\\\/?p=16960#breadcrumb\"},\"inLanguage\":\"es\",\"potentialAction\":[{\"@type\":\"ReadAction\",\"target\":[\"https:\\\/\\\/impactocastex.com.ar\\\/?p=16960\"]}]},{\"@type\":\"ImageObject\",\"inLanguage\":\"es\",\"@id\":\"https:\\\/\\\/impactocastex.com.ar\\\/?p=16960#primaryimage\",\"url\":\"https:\\\/\\\/impactocastex.com.ar\\\/wp-content\\\/uploads\\\/2026\\\/05\\\/TJFL3AXKWFEWJNFBOQWORXX3XQ-xHW1F7.jpg\",\"contentUrl\":\"https:\\\/\\\/impactocastex.com.ar\\\/wp-content\\\/uploads\\\/2026\\\/05\\\/TJFL3AXKWFEWJNFBOQWORXX3XQ-xHW1F7.jpg\",\"width\":2048,\"height\":1359},{\"@type\":\"BreadcrumbList\",\"@id\":\"https:\\\/\\\/impactocastex.com.ar\\\/?p=16960#breadcrumb\",\"itemListElement\":[{\"@type\":\"ListItem\",\"position\":1,\"name\":\"Portada\",\"item\":\"https:\\\/\\\/impactocastex.com.ar\\\/\"},{\"@type\":\"ListItem\",\"position\":2,\"name\":\"Reino Unido elev\u00f3 su nivel de alerta ante un posible ataque terrorista: \u201cAltamente probable\u201d\"}]},{\"@type\":\"WebSite\",\"@id\":\"https:\\\/\\\/impactocastex.com.ar\\\/#website\",\"url\":\"https:\\\/\\\/impactocastex.com.ar\\\/\",\"name\":\"Impacto Castex\",\"description\":\"\",\"publisher\":{\"@id\":\"https:\\\/\\\/impactocastex.com.ar\\\/#organization\"},\"potentialAction\":[{\"@type\":\"SearchAction\",\"target\":{\"@type\":\"EntryPoint\",\"urlTemplate\":\"https:\\\/\\\/impactocastex.com.ar\\\/?s={search_term_string}\"},\"query-input\":{\"@type\":\"PropertyValueSpecification\",\"valueRequired\":true,\"valueName\":\"search_term_string\"}}],\"inLanguage\":\"es\"},{\"@type\":\"Organization\",\"@id\":\"https:\\\/\\\/impactocastex.com.ar\\\/#organization\",\"name\":\"Impacto Castex\",\"url\":\"https:\\\/\\\/impactocastex.com.ar\\\/\",\"logo\":{\"@type\":\"ImageObject\",\"inLanguage\":\"es\",\"@id\":\"https:\\\/\\\/impactocastex.com.ar\\\/#\\\/schema\\\/logo\\\/image\\\/\",\"url\":\"https:\\\/\\\/impactocastex.com.ar\\\/wp-content\\\/uploads\\\/2025\\\/09\\\/cropped-icoweb.png\",\"contentUrl\":\"https:\\\/\\\/impactocastex.com.ar\\\/wp-content\\\/uploads\\\/2025\\\/09\\\/cropped-icoweb.png\",\"width\":512,\"height\":512,\"caption\":\"Impacto Castex\"},\"image\":{\"@id\":\"https:\\\/\\\/impactocastex.com.ar\\\/#\\\/schema\\\/logo\\\/image\\\/\"},\"sameAs\":[\"https:\\\/\\\/www.facebook.com\\\/impactocastexdiario\",\"https:\\\/\\\/www.instagram.com\\\/impactocastex.com.ar\\\/\"]},{\"@type\":\"Person\",\"@id\":\"https:\\\/\\\/impactocastex.com.ar\\\/#\\\/schema\\\/person\\\/86cb4f827fb5f87869a239b98a69c6e3\",\"name\":\"impactocastex\",\"image\":{\"@type\":\"ImageObject\",\"inLanguage\":\"es\",\"@id\":\"https:\\\/\\\/secure.gravatar.com\\\/avatar\\\/9a87ee051ca8c77f5d4070843ce2c78cdf95b858b950fb039151de955122f5f5?s=96&d=mm&r=g\",\"url\":\"https:\\\/\\\/secure.gravatar.com\\\/avatar\\\/9a87ee051ca8c77f5d4070843ce2c78cdf95b858b950fb039151de955122f5f5?s=96&d=mm&r=g\",\"contentUrl\":\"https:\\\/\\\/secure.gravatar.com\\\/avatar\\\/9a87ee051ca8c77f5d4070843ce2c78cdf95b858b950fb039151de955122f5f5?s=96&d=mm&r=g\",\"caption\":\"impactocastex\"},\"sameAs\":[\"https:\\\/\\\/impactocastex.com.ar\"],\"url\":\"https:\\\/\\\/impactocastex.com.ar\\\/?author=1\"}]}<\/script>\n<!-- \/ Yoast SEO plugin. -->","yoast_head_json":{"title":"Reino Unido elev\u00f3 su nivel de alerta ante un posible ataque terrorista: \u201cAltamente probable\u201d -","robots":{"index":"index","follow":"follow","max-snippet":"max-snippet:-1","max-image-preview":"max-image-preview:large","max-video-preview":"max-video-preview:-1"},"canonical":"https:\/\/impactocastex.com.ar\/?p=16960","og_locale":"es_ES","og_type":"article","og_title":"Reino Unido elev\u00f3 su nivel de alerta ante un posible ataque terrorista: \u201cAltamente probable\u201d -","og_description":"LONDRES.- El gobierno de Reino Unido elev\u00f3 el nivel de alerta a \u201cgrave\u201d frente a...","og_url":"https:\/\/impactocastex.com.ar\/?p=16960","article_publisher":"https:\/\/www.facebook.com\/impactocastexdiario","article_published_time":"2026-05-02T00:12:57+00:00","og_image":[{"url":"https:\/\/resizer.glanacion.com\/resizer\/v2\/XZWDOJ3QENEPNDD22CDAVFL7LA.jpg?auth=865fa77c226bf4b092cc908b1dd9a36d5ad3dcbfe9a7764817ce158a8477b6f8&amp;smart=true&amp;width=3500&amp;height=2457","type":"","width":"","height":""}],"author":"impactocastex","twitter_card":"summary_large_image","twitter_misc":{"Escrito por":"impactocastex","Tiempo de lectura":"2 minutos"},"schema":{"@context":"https:\/\/schema.org","@graph":[{"@type":"Article","@id":"https:\/\/impactocastex.com.ar\/?p=16960#article","isPartOf":{"@id":"https:\/\/impactocastex.com.ar\/?p=16960"},"author":{"name":"impactocastex","@id":"https:\/\/impactocastex.com.ar\/#\/schema\/person\/86cb4f827fb5f87869a239b98a69c6e3"},"headline":"Reino Unido elev\u00f3 su nivel de alerta ante un posible ataque terrorista: \u201cAltamente probable\u201d","datePublished":"2026-05-02T00:12:57+00:00","mainEntityOfPage":{"@id":"https:\/\/impactocastex.com.ar\/?p=16960"},"wordCount":486,"publisher":{"@id":"https:\/\/impactocastex.com.ar\/#organization"},"image":{"@id":"https:\/\/impactocastex.com.ar\/?p=16960#primaryimage"},"thumbnailUrl":"https:\/\/impactocastex.com.ar\/wp-content\/uploads\/2026\/05\/TJFL3AXKWFEWJNFBOQWORXX3XQ-xHW1F7.jpg","articleSection":["NACIONALES"],"inLanguage":"es"},{"@type":"WebPage","@id":"https:\/\/impactocastex.com.ar\/?p=16960","url":"https:\/\/impactocastex.com.ar\/?p=16960","name":"Reino Unido elev\u00f3 su nivel de alerta ante un posible ataque terrorista: \u201cAltamente probable\u201d -","isPartOf":{"@id":"https:\/\/impactocastex.com.ar\/#website"},"primaryImageOfPage":{"@id":"https:\/\/impactocastex.com.ar\/?p=16960#primaryimage"},"image":{"@id":"https:\/\/impactocastex.com.ar\/?p=16960#primaryimage"},"thumbnailUrl":"https:\/\/impactocastex.com.ar\/wp-content\/uploads\/2026\/05\/TJFL3AXKWFEWJNFBOQWORXX3XQ-xHW1F7.jpg","datePublished":"2026-05-02T00:12:57+00:00","breadcrumb":{"@id":"https:\/\/impactocastex.com.ar\/?p=16960#breadcrumb"},"inLanguage":"es","potentialAction":[{"@type":"ReadAction","target":["https:\/\/impactocastex.com.ar\/?p=16960"]}]},{"@type":"ImageObject","inLanguage":"es","@id":"https:\/\/impactocastex.com.ar\/?p=16960#primaryimage","url":"https:\/\/impactocastex.com.ar\/wp-content\/uploads\/2026\/05\/TJFL3AXKWFEWJNFBOQWORXX3XQ-xHW1F7.jpg","contentUrl":"https:\/\/impactocastex.com.ar\/wp-content\/uploads\/2026\/05\/TJFL3AXKWFEWJNFBOQWORXX3XQ-xHW1F7.jpg","width":2048,"height":1359},{"@type":"BreadcrumbList","@id":"https:\/\/impactocastex.com.ar\/?p=16960#breadcrumb","itemListElement":[{"@type":"ListItem","position":1,"name":"Portada","item":"https:\/\/impactocastex.com.ar\/"},{"@type":"ListItem","position":2,"name":"Reino Unido elev\u00f3 su nivel de alerta ante un posible ataque terrorista: \u201cAltamente probable\u201d"}]},{"@type":"WebSite","@id":"https:\/\/impactocastex.com.ar\/#website","url":"https:\/\/impactocastex.com.ar\/","name":"Impacto Castex","description":"","publisher":{"@id":"https:\/\/impactocastex.com.ar\/#organization"},"potentialAction":[{"@type":"SearchAction","target":{"@type":"EntryPoint","urlTemplate":"https:\/\/impactocastex.com.ar\/?s={search_term_string}"},"query-input":{"@type":"PropertyValueSpecification","valueRequired":true,"valueName":"search_term_string"}}],"inLanguage":"es"},{"@type":"Organization","@id":"https:\/\/impactocastex.com.ar\/#organization","name":"Impacto Castex","url":"https:\/\/impactocastex.com.ar\/","logo":{"@type":"ImageObject","inLanguage":"es","@id":"https:\/\/impactocastex.com.ar\/#\/schema\/logo\/image\/","url":"https:\/\/impactocastex.com.ar\/wp-content\/uploads\/2025\/09\/cropped-icoweb.png","contentUrl":"https:\/\/impactocastex.com.ar\/wp-content\/uploads\/2025\/09\/cropped-icoweb.png","width":512,"height":512,"caption":"Impacto Castex"},"image":{"@id":"https:\/\/impactocastex.com.ar\/#\/schema\/logo\/image\/"},"sameAs":["https:\/\/www.facebook.com\/impactocastexdiario","https:\/\/www.instagram.com\/impactocastex.com.ar\/"]},{"@type":"Person","@id":"https:\/\/impactocastex.com.ar\/#\/schema\/person\/86cb4f827fb5f87869a239b98a69c6e3","name":"impactocastex","image":{"@type":"ImageObject","inLanguage":"es","@id":"https:\/\/secure.gravatar.com\/avatar\/9a87ee051ca8c77f5d4070843ce2c78cdf95b858b950fb039151de955122f5f5?s=96&d=mm&r=g","url":"https:\/\/secure.gravatar.com\/avatar\/9a87ee051ca8c77f5d4070843ce2c78cdf95b858b950fb039151de955122f5f5?s=96&d=mm&r=g","contentUrl":"https:\/\/secure.gravatar.com\/avatar\/9a87ee051ca8c77f5d4070843ce2c78cdf95b858b950fb039151de955122f5f5?s=96&d=mm&r=g","caption":"impactocastex"},"sameAs":["https:\/\/impactocastex.com.ar"],"url":"https:\/\/impactocastex.com.ar\/?author=1"}]}},"jetpack_publicize_connections":[],"featured_image_urls":{"full":["https:\/\/impactocastex.com.ar\/wp-content\/uploads\/2026\/05\/TJFL3AXKWFEWJNFBOQWORXX3XQ-xHW1F7.jpg",2048,1359,false],"thumbnail":["https:\/\/impactocastex.com.ar\/wp-content\/uploads\/2026\/05\/TJFL3AXKWFEWJNFBOQWORXX3XQ-xHW1F7-150x150.jpg",150,150,true],"medium":["https:\/\/impactocastex.com.ar\/wp-content\/uploads\/2026\/05\/TJFL3AXKWFEWJNFBOQWORXX3XQ-xHW1F7-300x199.jpg",300,199,true],"medium_large":["https:\/\/impactocastex.com.ar\/wp-content\/uploads\/2026\/05\/TJFL3AXKWFEWJNFBOQWORXX3XQ-xHW1F7-768x510.jpg",640,425,true],"large":["https:\/\/impactocastex.com.ar\/wp-content\/uploads\/2026\/05\/TJFL3AXKWFEWJNFBOQWORXX3XQ-xHW1F7-1024x680.jpg",640,425,true],"1536x1536":["https:\/\/impactocastex.com.ar\/wp-content\/uploads\/2026\/05\/TJFL3AXKWFEWJNFBOQWORXX3XQ-xHW1F7-1536x1019.jpg",1536,1019,true],"2048x2048":["https:\/\/impactocastex.com.ar\/wp-content\/uploads\/2026\/05\/TJFL3AXKWFEWJNFBOQWORXX3XQ-xHW1F7.jpg",2048,1359,false],"newsever-slider-full":["https:\/\/impactocastex.com.ar\/wp-content\/uploads\/2026\/05\/TJFL3AXKWFEWJNFBOQWORXX3XQ-xHW1F7-1280x845.jpg",1280,845,true],"newsever-featured":["https:\/\/impactocastex.com.ar\/wp-content\/uploads\/2026\/05\/TJFL3AXKWFEWJNFBOQWORXX3XQ-xHW1F7-1024x680.jpg",1024,680,true],"newsever-medium":["https:\/\/impactocastex.com.ar\/wp-content\/uploads\/2026\/05\/TJFL3AXKWFEWJNFBOQWORXX3XQ-xHW1F7-720x475.jpg",720,475,true]},"author_info":{"info":["impactocastex"]},"category_info":"<a href=\"https:\/\/impactocastex.com.ar\/?cat=89\" rel=\"category\">NACIONALES<\/a>","tag_info":"NACIONALES","comment_count":0,"jetpack_featured_media_url":"https:\/\/impactocastex.com.ar\/wp-content\/uploads\/2026\/05\/TJFL3AXKWFEWJNFBOQWORXX3XQ-xHW1F7.jpg","jetpack_sharing_enabled":true,"jetpack_likes_enabled":true,"jetpack_shortlink":"https:\/\/wp.me\/p7sopA-4py","_links":{"self":[{"href":"https:\/\/impactocastex.com.ar\/index.php?rest_route=\/wp\/v2\/posts\/16960","targetHints":{"allow":["GET"]}}],"collection":[{"href":"https:\/\/impactocastex.com.ar\/index.php?rest_route=\/wp\/v2\/posts"}],"about":[{"href":"https:\/\/impactocastex.com.ar\/index.php?rest_route=\/wp\/v2\/types\/post"}],"author":[{"embeddable":true,"href":"https:\/\/impactocastex.com.ar\/index.php?rest_route=\/wp\/v2\/users\/1"}],"replies":[{"embeddable":true,"href":"https:\/\/impactocastex.com.ar\/index.php?rest_route=%2Fwp%2Fv2%2Fcomments&post=16960"}],"version-history":[{"count":0,"href":"https:\/\/impactocastex.com.ar\/index.php?rest_route=\/wp\/v2\/posts\/16960\/revisions"}],"wp:featuredmedia":[{"embeddable":true,"href":"https:\/\/impactocastex.com.ar\/index.php?rest_route=\/wp\/v2\/media\/16961"}],"wp:attachment":[{"href":"https:\/\/impactocastex.com.ar\/index.php?rest_route=%2Fwp%2Fv2%2Fmedia&parent=16960"}],"wp:term":[{"taxonomy":"category","embeddable":true,"href":"https:\/\/impactocastex.com.ar\/index.php?rest_route=%2Fwp%2Fv2%2Fcategories&post=16960"},{"taxonomy":"post_tag","embeddable":true,"href":"https:\/\/impactocastex.com.ar\/index.php?rest_route=%2Fwp%2Fv2%2Ftags&post=16960"}],"curies":[{"name":"wp","href":"https:\/\/api.w.org\/{rel}","templated":true}]}}