{"id":16958,"date":"2026-05-01T17:27:56","date_gmt":"2026-05-01T20:27:56","guid":{"rendered":"https:\/\/impactocastex.com.ar\/?p=16958"},"modified":"2026-05-01T17:27:56","modified_gmt":"2026-05-01T20:27:56","slug":"el-violento-ataque-de-un-hombre-ultraortodoxo-a-una-monja-francesa-en-jerusalen","status":"publish","type":"post","link":"https:\/\/impactocastex.com.ar\/?p=16958","title":{"rendered":"El violento ataque de un hombre ultraortodoxo a una monja francesa en Jerusal\u00e9n"},"content":{"rendered":"<div><img decoding=\"async\" src=\"https:\/\/www.clarin.com\/img\/2026\/05\/01\/n1W3ffX1U_2000x1500__1.jpg\" class=\"ff-og-image-inserted\" \/><\/div>\n<div>\n<p>La polic\u00eda de Israel detuvo este viernes a <strong>un hombre de 36 a\u00f1os <\/strong>captado en video mientras atacaba a una monja, en la \u00faltima agresi\u00f3n a cristianos cerca de la Ciudad Vieja de Jerusal\u00e9n.<\/p>\n<\/div>\n<div>\n<p>Las autoridades explicaron que el hombre, cuya identidad no fue revelada, fue arrestado tras el <strong>incidente cerca de la Tumba de David<\/strong> \u2014un sitio sagrado ubicado fuera de la Puerta de Sion, en el lado sur de la Ciudad Vieja\u2014 \u201ccomo sospechoso de un ataque con motivaci\u00f3n racial\u201d, y permanec\u00eda bajo custodia.<\/p>\n<\/div>\n<div>\n<p>Las im\u00e1genes de la polic\u00eda mostraban a la religiosa con golpes y al agresor con un tzitzit, una prenda interior con flecos que usan algunos hombres jud\u00edos practicantes.<\/p>\n<\/div>\n<div>\n<p>Olivier Poquillon, director de la escuela b\u00edblica y arqueol\u00f3gica francesa de Jerusal\u00e9n, se\u00f1al\u00f3 que la monja es investigadora en la instituci\u00f3n. En una publicaci\u00f3n en X, calific\u00f3 el ataque como un \u201cacto de violencia sectaria\u201d.<\/p>\n<\/div>\n<div>\n<p>\n              La Ciudad Vieja, ubicada en Jerusal\u00e9n oriental y anexionada por Israel, es un enclave amurallado de siglos de antig\u00fcedad construido sobre milenios de historia y alberga algunos de los lugares m\u00e1s sagrados para jud\u00edos, cristianos y musulmanes. Es un foco de tensiones, ya que el acceso y la propiedad de esos lugares est\u00e1n profundamente entrelazados con las reivindicaciones hist\u00f3ricas y pol\u00edticas que est\u00e1n en el centro del conflicto palestino-israel\u00ed. <\/p>\n<\/div>\n<div>\n<p>Los grupos religiosos documentaron <strong>un aumento de los incidentes de acoso y violencia contra peregrinos y cl\u00e9rigos cristianos<\/strong>, as\u00ed como contra residentes cristianos palestinos, incluyendo agresiones y escupitajos, a menudo cometidos por estudiantes de yeshiv\u00e1 jud\u00edos ultraortodoxos.<\/p>\n<\/div>\n<div>\n<p>Wadie Abunassar, coordinador del Foro Cristiano de Tierra Santa, describi\u00f3 los ataques a cristianos como<strong> un fen\u00f3meno en auge<\/strong>. Atribuy\u00f3 la r\u00e1pida respuesta al incidente con la monja al hecho de que qued\u00f3 registrado en video.<\/p>\n<\/div>\n<div>\n<p>\n              Se\u00f1al\u00f3 que sent\u00eda \u201cgran enojo con el sistema y gran tristeza porque siento que esto no terminar\u00e1 pronto\u201d. Uno de los problemas, afirm\u00f3, era la falta de disuasi\u00f3n frente a este tipo de violencia.<\/p>\n<\/div>\n<div>\n<p>\n              \u201cMuchas veces, en estos casos no hay detenciones y, si las hay, a veces despu\u00e9s de uno o dos d\u00edas (los sospechosos) quedan en libertad\u201d, a\u00f1adi\u00f3. \u201cEn algunos casos, la polic\u00eda no recomienda a la fiscal\u00eda presentar cargos o acusarlos formalmente. Y en algunos casos, cuando hay acusaci\u00f3n, la acusaci\u00f3n es leve\u201d.<\/p>\n<\/div>\n<div>\n<p>El arresto se produjo en un momento en que<strong> el trato que dispensa Israel a las minor\u00edas religiosas est\u00e1 bajo escrutinio<\/strong>, semanas despu\u00e9s de que la polic\u00eda limitara el acceso al culto, en feriados religiosos, a musulmanes y cristianos, incluyendo al cardenal Pierbattista Pizzaballa, patriarca latino.<\/p>\n<\/div>\n<div>\n<blockquote class=\"twitter-tweet\">\n<p lang=\"fr\" dir=\"ltr\">\u203c\ufe0fJ\u00e9rusalem : en fin d\u2019apr\u00e8s-midi, \u00e0 proximit\u00e9 du C\u00e9nacle, une religieuse chercheuse \u00e0 <a href=\"https:\/\/twitter.com\/EBAFJerusalem?ref_src=twsrc%5Etfw\">@EBAFJerusalem<\/a> a \u00e9t\u00e9 victime d\u2019une agression gratuite. Nous condamnons vivement cet acte de violence sectaire et attendons des autorit\u00e9s qu\u2019elles agissent vite et avec fermet\u00e9.  <a href=\"https:\/\/twitter.com\/hashtag\/HateCrimeData?src=hash&amp;ref_src=twsrc%5Etfw\">#HateCrimeData<\/a> <a href=\"https:\/\/t.co\/7b9ULswHaI\">pic.twitter.com\/7b9ULswHaI<\/a><\/p>\n<p>\u2014 fr. Olivier Poquillon OP (@OPoquillon) <a href=\"https:\/\/twitter.com\/OPoquillon\/status\/2049207011976339847?ref_src=twsrc%5Etfw\">April 28, 2026<\/a><\/p><\/blockquote>\n<\/div>\n<div>\n<p>\n              Israel tambi\u00e9n recibi\u00f3 cr\u00edticas internacionales despu\u00e9s de que un soldado se fotografiara tras haber destrozado con un hacha una estatua ca\u00edda de Jes\u00fas en la cruz en el sur de L\u00edbano. M\u00e1s tarde, los l\u00edderes israel\u00edes condenaron el incidente y y dijeron que el soldado ser\u00eda sancionado. <\/p>\n<\/div>\n<div>\n<p>\u201cEn una ciudad sagrada por igual para jud\u00edos, cristianos y musulmane<strong>s, seguimos comprometidos con proteger a todas las comunidades<\/strong> y garantizar que los responsables de la violencia rindan cuentas\u201d, se\u00f1al\u00f3 la polic\u00eda israel\u00ed en una publicaci\u00f3n en redes sociales tras la detenci\u00f3n del hombre que agredi\u00f3 a la monja.<\/p>\n<\/div>\n<p><strong><a href=\"https:\/\/blockads.fivefilters.org\/\">Adblock test<\/a><\/strong> <a href=\"https:\/\/blockads.fivefilters.org\/acceptable.html\">(Why?)<\/a><\/p>\n<p>\u200b\u00a0\u00a0<\/p>","protected":false},"excerpt":{"rendered":"<p>La polic\u00eda de Israel detuvo este viernes a un hombre de 36 a\u00f1os captado en&#8230;<\/p>\n","protected":false},"author":1,"featured_media":16959,"comment_status":"closed","ping_status":"closed","sticky":false,"template":"","format":"standard","meta":{"_jetpack_memberships_contains_paid_content":false,"footnotes":"","jetpack_publicize_message":"","jetpack_publicize_feature_enabled":true,"jetpack_social_post_already_shared":true,"jetpack_social_options":{"image_generator_settings":{"template":"highway","default_image_id":0,"font":"","enabled":false},"version":2}},"categories":[91],"tags":[],"class_list":["post-16958","post","type-post","status-publish","format-standard","has-post-thumbnail","hentry","category-internacionales"],"yoast_head":"<!-- This site is optimized with the Yoast SEO plugin v27.4 - https:\/\/yoast.com\/product\/yoast-seo-wordpress\/ -->\n<title>El violento ataque de un hombre ultraortodoxo a una monja francesa en Jerusal\u00e9n -<\/title>\n<meta name=\"robots\" content=\"index, follow, max-snippet:-1, max-image-preview:large, max-video-preview:-1\" \/>\n<link rel=\"canonical\" href=\"https:\/\/impactocastex.com.ar\/?p=16958\" \/>\n<meta property=\"og:locale\" content=\"es_ES\" \/>\n<meta property=\"og:type\" content=\"article\" \/>\n<meta property=\"og:title\" content=\"El violento ataque de un hombre ultraortodoxo a una monja francesa en Jerusal\u00e9n -\" \/>\n<meta property=\"og:description\" content=\"La polic\u00eda de Israel detuvo este viernes a un hombre de 36 a\u00f1os captado en...\" \/>\n<meta property=\"og:url\" content=\"https:\/\/impactocastex.com.ar\/?p=16958\" \/>\n<meta property=\"article:publisher\" content=\"https:\/\/www.facebook.com\/impactocastexdiario\" \/>\n<meta property=\"article:published_time\" content=\"2026-05-01T20:27:56+00:00\" \/>\n<meta property=\"og:image\" content=\"https:\/\/www.clarin.com\/img\/2026\/05\/01\/n1W3ffX1U_2000x1500__1.jpg\" \/>\n<meta name=\"author\" content=\"impactocastex\" \/>\n<meta name=\"twitter:card\" content=\"summary_large_image\" \/>\n<meta name=\"twitter:label1\" content=\"Escrito por\" \/>\n\t<meta name=\"twitter:data1\" content=\"impactocastex\" \/>\n\t<meta name=\"twitter:label2\" content=\"Tiempo de lectura\" \/>\n\t<meta name=\"twitter:data2\" content=\"3 minutos\" \/>\n<script type=\"application\/ld+json\" class=\"yoast-schema-graph\">{\"@context\":\"https:\\\/\\\/schema.org\",\"@graph\":[{\"@type\":\"Article\",\"@id\":\"https:\\\/\\\/impactocastex.com.ar\\\/?p=16958#article\",\"isPartOf\":{\"@id\":\"https:\\\/\\\/impactocastex.com.ar\\\/?p=16958\"},\"author\":{\"name\":\"impactocastex\",\"@id\":\"https:\\\/\\\/impactocastex.com.ar\\\/#\\\/schema\\\/person\\\/86cb4f827fb5f87869a239b98a69c6e3\"},\"headline\":\"El violento ataque de un hombre ultraortodoxo a una monja francesa en Jerusal\u00e9n\",\"datePublished\":\"2026-05-01T20:27:56+00:00\",\"mainEntityOfPage\":{\"@id\":\"https:\\\/\\\/impactocastex.com.ar\\\/?p=16958\"},\"wordCount\":644,\"publisher\":{\"@id\":\"https:\\\/\\\/impactocastex.com.ar\\\/#organization\"},\"image\":{\"@id\":\"https:\\\/\\\/impactocastex.com.ar\\\/?p=16958#primaryimage\"},\"thumbnailUrl\":\"https:\\\/\\\/impactocastex.com.ar\\\/wp-content\\\/uploads\\\/2026\\\/05\\\/n1W3ffX1U_1200x630__1-vkzEEg.jpg\",\"articleSection\":[\"INTERNACIONALES\"],\"inLanguage\":\"es\"},{\"@type\":\"WebPage\",\"@id\":\"https:\\\/\\\/impactocastex.com.ar\\\/?p=16958\",\"url\":\"https:\\\/\\\/impactocastex.com.ar\\\/?p=16958\",\"name\":\"El violento ataque de un hombre ultraortodoxo a una monja francesa en Jerusal\u00e9n -\",\"isPartOf\":{\"@id\":\"https:\\\/\\\/impactocastex.com.ar\\\/#website\"},\"primaryImageOfPage\":{\"@id\":\"https:\\\/\\\/impactocastex.com.ar\\\/?p=16958#primaryimage\"},\"image\":{\"@id\":\"https:\\\/\\\/impactocastex.com.ar\\\/?p=16958#primaryimage\"},\"thumbnailUrl\":\"https:\\\/\\\/impactocastex.com.ar\\\/wp-content\\\/uploads\\\/2026\\\/05\\\/n1W3ffX1U_1200x630__1-vkzEEg.jpg\",\"datePublished\":\"2026-05-01T20:27:56+00:00\",\"breadcrumb\":{\"@id\":\"https:\\\/\\\/impactocastex.com.ar\\\/?p=16958#breadcrumb\"},\"inLanguage\":\"es\",\"potentialAction\":[{\"@type\":\"ReadAction\",\"target\":[\"https:\\\/\\\/impactocastex.com.ar\\\/?p=16958\"]}]},{\"@type\":\"ImageObject\",\"inLanguage\":\"es\",\"@id\":\"https:\\\/\\\/impactocastex.com.ar\\\/?p=16958#primaryimage\",\"url\":\"https:\\\/\\\/impactocastex.com.ar\\\/wp-content\\\/uploads\\\/2026\\\/05\\\/n1W3ffX1U_1200x630__1-vkzEEg.jpg\",\"contentUrl\":\"https:\\\/\\\/impactocastex.com.ar\\\/wp-content\\\/uploads\\\/2026\\\/05\\\/n1W3ffX1U_1200x630__1-vkzEEg.jpg\",\"width\":1200,\"height\":630},{\"@type\":\"BreadcrumbList\",\"@id\":\"https:\\\/\\\/impactocastex.com.ar\\\/?p=16958#breadcrumb\",\"itemListElement\":[{\"@type\":\"ListItem\",\"position\":1,\"name\":\"Portada\",\"item\":\"https:\\\/\\\/impactocastex.com.ar\\\/\"},{\"@type\":\"ListItem\",\"position\":2,\"name\":\"El violento ataque de un hombre ultraortodoxo a una monja francesa en Jerusal\u00e9n\"}]},{\"@type\":\"WebSite\",\"@id\":\"https:\\\/\\\/impactocastex.com.ar\\\/#website\",\"url\":\"https:\\\/\\\/impactocastex.com.ar\\\/\",\"name\":\"Impacto Castex\",\"description\":\"\",\"publisher\":{\"@id\":\"https:\\\/\\\/impactocastex.com.ar\\\/#organization\"},\"potentialAction\":[{\"@type\":\"SearchAction\",\"target\":{\"@type\":\"EntryPoint\",\"urlTemplate\":\"https:\\\/\\\/impactocastex.com.ar\\\/?s={search_term_string}\"},\"query-input\":{\"@type\":\"PropertyValueSpecification\",\"valueRequired\":true,\"valueName\":\"search_term_string\"}}],\"inLanguage\":\"es\"},{\"@type\":\"Organization\",\"@id\":\"https:\\\/\\\/impactocastex.com.ar\\\/#organization\",\"name\":\"Impacto Castex\",\"url\":\"https:\\\/\\\/impactocastex.com.ar\\\/\",\"logo\":{\"@type\":\"ImageObject\",\"inLanguage\":\"es\",\"@id\":\"https:\\\/\\\/impactocastex.com.ar\\\/#\\\/schema\\\/logo\\\/image\\\/\",\"url\":\"https:\\\/\\\/impactocastex.com.ar\\\/wp-content\\\/uploads\\\/2025\\\/09\\\/cropped-icoweb.png\",\"contentUrl\":\"https:\\\/\\\/impactocastex.com.ar\\\/wp-content\\\/uploads\\\/2025\\\/09\\\/cropped-icoweb.png\",\"width\":512,\"height\":512,\"caption\":\"Impacto Castex\"},\"image\":{\"@id\":\"https:\\\/\\\/impactocastex.com.ar\\\/#\\\/schema\\\/logo\\\/image\\\/\"},\"sameAs\":[\"https:\\\/\\\/www.facebook.com\\\/impactocastexdiario\",\"https:\\\/\\\/www.instagram.com\\\/impactocastex.com.ar\\\/\"]},{\"@type\":\"Person\",\"@id\":\"https:\\\/\\\/impactocastex.com.ar\\\/#\\\/schema\\\/person\\\/86cb4f827fb5f87869a239b98a69c6e3\",\"name\":\"impactocastex\",\"image\":{\"@type\":\"ImageObject\",\"inLanguage\":\"es\",\"@id\":\"https:\\\/\\\/secure.gravatar.com\\\/avatar\\\/9a87ee051ca8c77f5d4070843ce2c78cdf95b858b950fb039151de955122f5f5?s=96&d=mm&r=g\",\"url\":\"https:\\\/\\\/secure.gravatar.com\\\/avatar\\\/9a87ee051ca8c77f5d4070843ce2c78cdf95b858b950fb039151de955122f5f5?s=96&d=mm&r=g\",\"contentUrl\":\"https:\\\/\\\/secure.gravatar.com\\\/avatar\\\/9a87ee051ca8c77f5d4070843ce2c78cdf95b858b950fb039151de955122f5f5?s=96&d=mm&r=g\",\"caption\":\"impactocastex\"},\"sameAs\":[\"https:\\\/\\\/impactocastex.com.ar\"],\"url\":\"https:\\\/\\\/impactocastex.com.ar\\\/?author=1\"}]}<\/script>\n<!-- \/ Yoast SEO plugin. -->","yoast_head_json":{"title":"El violento ataque de un hombre ultraortodoxo a una monja francesa en Jerusal\u00e9n -","robots":{"index":"index","follow":"follow","max-snippet":"max-snippet:-1","max-image-preview":"max-image-preview:large","max-video-preview":"max-video-preview:-1"},"canonical":"https:\/\/impactocastex.com.ar\/?p=16958","og_locale":"es_ES","og_type":"article","og_title":"El violento ataque de un hombre ultraortodoxo a una monja francesa en Jerusal\u00e9n -","og_description":"La polic\u00eda de Israel detuvo este viernes a un hombre de 36 a\u00f1os captado en...","og_url":"https:\/\/impactocastex.com.ar\/?p=16958","article_publisher":"https:\/\/www.facebook.com\/impactocastexdiario","article_published_time":"2026-05-01T20:27:56+00:00","og_image":[{"url":"https:\/\/www.clarin.com\/img\/2026\/05\/01\/n1W3ffX1U_2000x1500__1.jpg","type":"","width":"","height":""}],"author":"impactocastex","twitter_card":"summary_large_image","twitter_misc":{"Escrito por":"impactocastex","Tiempo de lectura":"3 minutos"},"schema":{"@context":"https:\/\/schema.org","@graph":[{"@type":"Article","@id":"https:\/\/impactocastex.com.ar\/?p=16958#article","isPartOf":{"@id":"https:\/\/impactocastex.com.ar\/?p=16958"},"author":{"name":"impactocastex","@id":"https:\/\/impactocastex.com.ar\/#\/schema\/person\/86cb4f827fb5f87869a239b98a69c6e3"},"headline":"El violento ataque de un hombre ultraortodoxo a una monja francesa en Jerusal\u00e9n","datePublished":"2026-05-01T20:27:56+00:00","mainEntityOfPage":{"@id":"https:\/\/impactocastex.com.ar\/?p=16958"},"wordCount":644,"publisher":{"@id":"https:\/\/impactocastex.com.ar\/#organization"},"image":{"@id":"https:\/\/impactocastex.com.ar\/?p=16958#primaryimage"},"thumbnailUrl":"https:\/\/impactocastex.com.ar\/wp-content\/uploads\/2026\/05\/n1W3ffX1U_1200x630__1-vkzEEg.jpg","articleSection":["INTERNACIONALES"],"inLanguage":"es"},{"@type":"WebPage","@id":"https:\/\/impactocastex.com.ar\/?p=16958","url":"https:\/\/impactocastex.com.ar\/?p=16958","name":"El violento ataque de un hombre ultraortodoxo a una monja francesa en Jerusal\u00e9n -","isPartOf":{"@id":"https:\/\/impactocastex.com.ar\/#website"},"primaryImageOfPage":{"@id":"https:\/\/impactocastex.com.ar\/?p=16958#primaryimage"},"image":{"@id":"https:\/\/impactocastex.com.ar\/?p=16958#primaryimage"},"thumbnailUrl":"https:\/\/impactocastex.com.ar\/wp-content\/uploads\/2026\/05\/n1W3ffX1U_1200x630__1-vkzEEg.jpg","datePublished":"2026-05-01T20:27:56+00:00","breadcrumb":{"@id":"https:\/\/impactocastex.com.ar\/?p=16958#breadcrumb"},"inLanguage":"es","potentialAction":[{"@type":"ReadAction","target":["https:\/\/impactocastex.com.ar\/?p=16958"]}]},{"@type":"ImageObject","inLanguage":"es","@id":"https:\/\/impactocastex.com.ar\/?p=16958#primaryimage","url":"https:\/\/impactocastex.com.ar\/wp-content\/uploads\/2026\/05\/n1W3ffX1U_1200x630__1-vkzEEg.jpg","contentUrl":"https:\/\/impactocastex.com.ar\/wp-content\/uploads\/2026\/05\/n1W3ffX1U_1200x630__1-vkzEEg.jpg","width":1200,"height":630},{"@type":"BreadcrumbList","@id":"https:\/\/impactocastex.com.ar\/?p=16958#breadcrumb","itemListElement":[{"@type":"ListItem","position":1,"name":"Portada","item":"https:\/\/impactocastex.com.ar\/"},{"@type":"ListItem","position":2,"name":"El violento ataque de un hombre ultraortodoxo a una monja francesa en Jerusal\u00e9n"}]},{"@type":"WebSite","@id":"https:\/\/impactocastex.com.ar\/#website","url":"https:\/\/impactocastex.com.ar\/","name":"Impacto Castex","description":"","publisher":{"@id":"https:\/\/impactocastex.com.ar\/#organization"},"potentialAction":[{"@type":"SearchAction","target":{"@type":"EntryPoint","urlTemplate":"https:\/\/impactocastex.com.ar\/?s={search_term_string}"},"query-input":{"@type":"PropertyValueSpecification","valueRequired":true,"valueName":"search_term_string"}}],"inLanguage":"es"},{"@type":"Organization","@id":"https:\/\/impactocastex.com.ar\/#organization","name":"Impacto Castex","url":"https:\/\/impactocastex.com.ar\/","logo":{"@type":"ImageObject","inLanguage":"es","@id":"https:\/\/impactocastex.com.ar\/#\/schema\/logo\/image\/","url":"https:\/\/impactocastex.com.ar\/wp-content\/uploads\/2025\/09\/cropped-icoweb.png","contentUrl":"https:\/\/impactocastex.com.ar\/wp-content\/uploads\/2025\/09\/cropped-icoweb.png","width":512,"height":512,"caption":"Impacto Castex"},"image":{"@id":"https:\/\/impactocastex.com.ar\/#\/schema\/logo\/image\/"},"sameAs":["https:\/\/www.facebook.com\/impactocastexdiario","https:\/\/www.instagram.com\/impactocastex.com.ar\/"]},{"@type":"Person","@id":"https:\/\/impactocastex.com.ar\/#\/schema\/person\/86cb4f827fb5f87869a239b98a69c6e3","name":"impactocastex","image":{"@type":"ImageObject","inLanguage":"es","@id":"https:\/\/secure.gravatar.com\/avatar\/9a87ee051ca8c77f5d4070843ce2c78cdf95b858b950fb039151de955122f5f5?s=96&d=mm&r=g","url":"https:\/\/secure.gravatar.com\/avatar\/9a87ee051ca8c77f5d4070843ce2c78cdf95b858b950fb039151de955122f5f5?s=96&d=mm&r=g","contentUrl":"https:\/\/secure.gravatar.com\/avatar\/9a87ee051ca8c77f5d4070843ce2c78cdf95b858b950fb039151de955122f5f5?s=96&d=mm&r=g","caption":"impactocastex"},"sameAs":["https:\/\/impactocastex.com.ar"],"url":"https:\/\/impactocastex.com.ar\/?author=1"}]}},"jetpack_publicize_connections":[],"featured_image_urls":{"full":["https:\/\/impactocastex.com.ar\/wp-content\/uploads\/2026\/05\/n1W3ffX1U_1200x630__1-vkzEEg.jpg",1200,630,false],"thumbnail":["https:\/\/impactocastex.com.ar\/wp-content\/uploads\/2026\/05\/n1W3ffX1U_1200x630__1-vkzEEg-150x150.jpg",150,150,true],"medium":["https:\/\/impactocastex.com.ar\/wp-content\/uploads\/2026\/05\/n1W3ffX1U_1200x630__1-vkzEEg-300x158.jpg",300,158,true],"medium_large":["https:\/\/impactocastex.com.ar\/wp-content\/uploads\/2026\/05\/n1W3ffX1U_1200x630__1-vkzEEg-768x403.jpg",640,336,true],"large":["https:\/\/impactocastex.com.ar\/wp-content\/uploads\/2026\/05\/n1W3ffX1U_1200x630__1-vkzEEg-1024x538.jpg",640,336,true],"1536x1536":["https:\/\/impactocastex.com.ar\/wp-content\/uploads\/2026\/05\/n1W3ffX1U_1200x630__1-vkzEEg.jpg",1200,630,false],"2048x2048":["https:\/\/impactocastex.com.ar\/wp-content\/uploads\/2026\/05\/n1W3ffX1U_1200x630__1-vkzEEg.jpg",1200,630,false],"newsever-slider-full":["https:\/\/impactocastex.com.ar\/wp-content\/uploads\/2026\/05\/n1W3ffX1U_1200x630__1-vkzEEg.jpg",1200,630,false],"newsever-featured":["https:\/\/impactocastex.com.ar\/wp-content\/uploads\/2026\/05\/n1W3ffX1U_1200x630__1-vkzEEg-1024x538.jpg",1024,538,true],"newsever-medium":["https:\/\/impactocastex.com.ar\/wp-content\/uploads\/2026\/05\/n1W3ffX1U_1200x630__1-vkzEEg-720x475.jpg",720,475,true]},"author_info":{"info":["impactocastex"]},"category_info":"<a href=\"https:\/\/impactocastex.com.ar\/?cat=91\" rel=\"category\">INTERNACIONALES<\/a>","tag_info":"INTERNACIONALES","comment_count":0,"jetpack_featured_media_url":"https:\/\/impactocastex.com.ar\/wp-content\/uploads\/2026\/05\/n1W3ffX1U_1200x630__1-vkzEEg.jpg","jetpack_sharing_enabled":true,"jetpack_likes_enabled":true,"jetpack_shortlink":"https:\/\/wp.me\/p7sopA-4pw","_links":{"self":[{"href":"https:\/\/impactocastex.com.ar\/index.php?rest_route=\/wp\/v2\/posts\/16958","targetHints":{"allow":["GET"]}}],"collection":[{"href":"https:\/\/impactocastex.com.ar\/index.php?rest_route=\/wp\/v2\/posts"}],"about":[{"href":"https:\/\/impactocastex.com.ar\/index.php?rest_route=\/wp\/v2\/types\/post"}],"author":[{"embeddable":true,"href":"https:\/\/impactocastex.com.ar\/index.php?rest_route=\/wp\/v2\/users\/1"}],"replies":[{"embeddable":true,"href":"https:\/\/impactocastex.com.ar\/index.php?rest_route=%2Fwp%2Fv2%2Fcomments&post=16958"}],"version-history":[{"count":0,"href":"https:\/\/impactocastex.com.ar\/index.php?rest_route=\/wp\/v2\/posts\/16958\/revisions"}],"wp:featuredmedia":[{"embeddable":true,"href":"https:\/\/impactocastex.com.ar\/index.php?rest_route=\/wp\/v2\/media\/16959"}],"wp:attachment":[{"href":"https:\/\/impactocastex.com.ar\/index.php?rest_route=%2Fwp%2Fv2%2Fmedia&parent=16958"}],"wp:term":[{"taxonomy":"category","embeddable":true,"href":"https:\/\/impactocastex.com.ar\/index.php?rest_route=%2Fwp%2Fv2%2Fcategories&post=16958"},{"taxonomy":"post_tag","embeddable":true,"href":"https:\/\/impactocastex.com.ar\/index.php?rest_route=%2Fwp%2Fv2%2Ftags&post=16958"}],"curies":[{"name":"wp","href":"https:\/\/api.w.org\/{rel}","templated":true}]}}