{"id":16954,"date":"2026-05-01T18:17:12","date_gmt":"2026-05-01T21:17:12","guid":{"rendered":"https:\/\/impactocastex.com.ar\/?p=16954"},"modified":"2026-05-01T18:17:12","modified_gmt":"2026-05-01T21:17:12","slug":"franco-colapinto-en-la-prueba-de-clasificacion-para-la-carrera-sprint-del-gp-de-miami-de-f-1-en-vivo","status":"publish","type":"post","link":"https:\/\/impactocastex.com.ar\/?p=16954","title":{"rendered":"Franco Colapinto en la prueba de clasificaci\u00f3n para la carrera sprint del GP de Miami de F. 1, en vivo"},"content":{"rendered":"<p>Franco Colapinto finaliza octavo en la clasificaci\u00f3n sprint en Miami y completa una gran actuaci\u00f3n, superando por una d\u00e9cima y media a su compa\u00f1ero Pierre Gasly, que vuelve a quedar d\u00e9cimo.<\/p>\n<p>Lando Norris domina la Q3 en un circuito que conoce bien y saca una ventaja de 370 mil\u00e9simas sobre Charles Leclerc, en una referencia fuerte en la definici\u00f3n.<\/p>\n<p>Arranca la \u00faltima tanda de la clasificaci\u00f3n sprint en Miami, con Franco Colapinto sin presi\u00f3n y en busca de cerrar una gran vuelta para definir su posici\u00f3n de largada de cara a la carrera sprint.<\/p>\n<p><img loading=\"lazy\" decoding=\"async\" src=\"https:\/\/resizer.glanacion.com\/resizer\/v2\/4QU2VVQCJVC7FDVC67BEAGQ5DQ.JPG?auth=8e40a37cf4e07b682784faffda01e3e758a0714b6956690aba72c267fa397f63&amp;smart=true&amp;width=5675&amp;height=3784\" alt=\"Franco Colapinto (43)durante la carrera qualy del Gran Premia de Mimai con su Mercedes A526 \" height=\"3784\" width=\"5675\" \/><\/p>\n<p>Quedaron fuera en la segunda tanda Gabriel Bortoleto (11\u00b0), Nico H\u00fclkenberg (12\u00b0), Oliver Bearman (13\u00b0), Alexander Albon (14\u00b0), Carlos Sainz (15\u00b0) y Arvid Lindblad (16\u00b0).<\/p>\n<blockquote class=\"twitter-tweet\">\n<p lang=\"da\" dir=\"ltr\">ELIMINATED IN SQ2 \u274c\u2b07\ufe0f<\/p>\n<p>Bortoleto<br \/>Hulkenberg<br \/>Bearman<br \/>Albon<br \/>Sainz<br \/>Lindblad<a href=\"https:\/\/twitter.com\/hashtag\/F1Sprint?src=hash&amp;ref_src=twsrc%5Etfw\">#F1Sprint<\/a> <a href=\"https:\/\/twitter.com\/hashtag\/MiamiGP?src=hash&amp;ref_src=twsrc%5Etfw\">#MiamiGP<\/a> <a href=\"https:\/\/t.co\/Y3d0jwwTkP\">pic.twitter.com\/Y3d0jwwTkP<\/a><\/p>\n<p>\u2014 Formula 1 (@F1) <a href=\"https:\/\/twitter.com\/F1\/status\/2050320071445057719?ref_src=twsrc%5Etfw\">May 1, 2026<\/a><\/p><\/blockquote>\n<p>As\u00ed fue la reacci\u00f3n de Franco Colapinto al enterarse de que se meti\u00f3 entre los ocho mejores en la SQ2, seg\u00fan cuenta el equipo de Alpine.<\/p>\n<blockquote class=\"twitter-tweet\">\n<p lang=\"en\" dir=\"ltr\">\ud83d\udcfb FC43: \u201cWe are safe, P8\u201d <\/p>\n<p>Franco: \u201cOHHH\u201d \ud83d\ude2e<\/p>\n<p>Someone was happy with that \ud83d\udc4c\ud83d\ude05<\/p>\n<p>\u2014 BWT Alpine Formula One Team (@AlpineF1Team) <a href=\"https:\/\/twitter.com\/AlpineF1Team\/status\/2050319840825442622?ref_src=twsrc%5Etfw\">May 1, 2026<\/a><\/p><\/blockquote>\n<p>Franco Colapinto se mete en la Q3 por primera vez tras finalizar octavo con un tiempo de +1.194, en una gran actuaci\u00f3n en Miami, mientras que Pierre Gasly tambi\u00e9n avanza al quedar d\u00e9cimo en el cierre de la tanda.<\/p>\n<p>Franco Colapinto se ubica octavo en la Q2 y, por ahora, se est\u00e1 metiendo en la siguiente fase, con Pierre Gasly en el d\u00e9cimo lugar.<\/p>\n<p>Ya se disputa la segunda tanda de la clasificaci\u00f3n sprint en el circuito de Miami, con Franco Colapinto entre los 15 mejores en busca de meterse en la definici\u00f3n. Gasly, en la salida de boxes, molest\u00f3 a Verstappen.<\/p>\n<blockquote class=\"twitter-tweet\">\n<p lang=\"es\" dir=\"ltr\">MAX, SIEMPRE PICANTE: Verstappen no lo dej\u00f3 pasar a Gasly y VA POR TODO en la SQ2 para la Carrera Sprint.<\/p>\n<p>\ud83d\udcfa <a href=\"https:\/\/twitter.com\/hashtag\/MiamiGP?src=hash&amp;ref_src=twsrc%5Etfw\">#MiamiGP<\/a> | Toda la temporada de <a href=\"https:\/\/twitter.com\/hashtag\/F1?src=hash&amp;ref_src=twsrc%5Etfw\">#F1<\/a> por <a href=\"https:\/\/twitter.com\/hashtag\/DisneyPlus?src=hash&amp;ref_src=twsrc%5Etfw\">#DisneyPlus<\/a> Plan Premium <a href=\"https:\/\/t.co\/qqnOmtHfuV\">pic.twitter.com\/qqnOmtHfuV<\/a><\/p>\n<p>\u2014 SportsCenter (@SC_ESPN) <a href=\"https:\/\/twitter.com\/SC_ESPN\/status\/2050318520165040174?ref_src=twsrc%5Etfw\">May 1, 2026<\/a><\/p><\/blockquote>\n<p>Quedaron fuera en la primera tanda Liam Lawson (17\u00b0), Esteban Ocon (18\u00b0), Sergio P\u00e9rez (19\u00b0), Valtteri Bottas (20\u00b0), Fernando Alonso (21\u00b0) y Lance Stroll (22\u00b0).<\/p>\n<blockquote class=\"twitter-tweet\">\n<p lang=\"en\" dir=\"ltr\">ELIMINATED IN SQ1 \u274c\ud83d\udc47<\/p>\n<p>Lawson <br \/>Ocon<br \/>Perez<br \/>Bottas<br \/>Alonso<br \/>Stroll<a href=\"https:\/\/twitter.com\/hashtag\/F1Sprint?src=hash&amp;ref_src=twsrc%5Etfw\">#F1Sprint<\/a> <a href=\"https:\/\/twitter.com\/hashtag\/MiamiGP?src=hash&amp;ref_src=twsrc%5Etfw\">#MiamiGP<\/a> <a href=\"https:\/\/t.co\/TUzyD50a40\">pic.twitter.com\/TUzyD50a40<\/a><\/p>\n<p>\u2014 Formula 1 (@F1) <a href=\"https:\/\/twitter.com\/F1\/status\/2050316238451089595?ref_src=twsrc%5Etfw\">May 1, 2026<\/a><\/p><\/blockquote>\n<p>Se cierra la primera tanda de la clasificaci\u00f3n sprint en Miami con Franco Colapinto avanzando a la Q2 tras ubicarse 11\u00b0, igual que en la pr\u00e1ctica, por detr\u00e1s de Pierre Gasly, que termin\u00f3 octavo.<\/p>\n<p>Franco Colapinto mejora en el cierre, sube al octavo lugar y se mete en la Q2, apenas por detr\u00e1s de Pierre Gasly y por una diferencia m\u00ednima de mil\u00e9simas.<\/p>\n<p>Quedan tres minutos en la Q1 y Franco Colapinto se ubica 18\u00b0, por ahora fuera de la zona de clasificaci\u00f3n a la siguiente instancia, mientras que Pierre Gasly est\u00e1 s\u00e9ptimo y se mantiene dentro de los mejores tiempos.<\/p>\n<p>Lance Stroll queda fuera de pista y provoca una bandera amarilla que arruina los intentos de varios pilotos en este inicio de la clasificaci\u00f3n sprint.<\/p>\n<p><img loading=\"lazy\" decoding=\"async\" src=\"https:\/\/resizer.glanacion.com\/resizer\/v2\/EGCRFDKD7ZDURPVMPMGSHJE7PE.jpg?auth=bbd9f13d54a498b0b6a0e2a8ba0b89ed5056c3c62747efdcce65d71c3571a2ac&amp;smart=true&amp;width=900&amp;height=506\" alt=\"Stroll se sali\u00f3 de la pista y qued\u00f3 fuera de la SQ2\" height=\"506\" width=\"900\" \/><\/p>\n<p>Los pilotos dejan los boxes y comienzan a alinearse para iniciar sus vueltas en la SQ1, en una salida que tuvo un momento de tensi\u00f3n entre George Russell y Kimi Antonelli, que casi se tocan pese a ser compa\u00f1eros de equipo, mientras Franco Colapinto se prepara para su primer intento.<\/p>\n<blockquote class=\"twitter-tweet\">\n<p lang=\"en\" dir=\"ltr\">Kimi and George get a little too close for comfort at the start of SQ1! \ud83e\udee3\ud83e\udd0f<a href=\"https:\/\/twitter.com\/hashtag\/F1Sprint?src=hash&amp;ref_src=twsrc%5Etfw\">#F1Sprint<\/a> <a href=\"https:\/\/twitter.com\/hashtag\/MiamiGP?src=hash&amp;ref_src=twsrc%5Etfw\">#MiamiGP<\/a> <a href=\"https:\/\/t.co\/bSXuYaIwZy\">pic.twitter.com\/bSXuYaIwZy<\/a><\/p>\n<p>\u2014 Formula 1 (@F1) <a href=\"https:\/\/twitter.com\/F1\/status\/2050312892281446810?ref_src=twsrc%5Etfw\">May 1, 2026<\/a><\/p><\/blockquote>\n<p>La temperatura en Miami ronda los 28 grados en la antesala de la clasificaci\u00f3n sprint, en condiciones que pueden influir en el rendimiento de los neum\u00e1ticos y la pista.<\/p>\n<p>El Mundial de F\u00f3rmula 1 llega a Miami con Kimi Antonelli como l\u00edder tras un arranque s\u00f3lido con Mercedes, en un inicio de temporada dominado por la escuder\u00eda alemana. George Russell y los pilotos de Ferrari y Red Bull se mantienen como principales perseguidores en la lucha por la cima.<\/p>\n<p><img loading=\"lazy\" decoding=\"async\" src=\"https:\/\/resizer.glanacion.com\/resizer\/v2\/MYPEKZJSOJHY3OYASSQCPR3BO4.png?auth=8f76d9b9cc06dd9db00cff9c2b04fc7fd22cb7d15e9f909d4f0820be3e6fb1bd&amp;smart=true&amp;width=765&amp;height=677\" alt=\"La tabla de pilotos de la F\u00f3rmula 1 previo al Gran Premio de Miami\" height=\"677\" width=\"765\" \/><\/p>\n<p>Habl\u00f3 con la prensa sobre su encuentro con Lionel Messi en Miami, mientras se prepara para la qualy que empieza a las 17.30 (hora de la Argentina). \u201cLa verdad que muy contento, un placer conocerlo. Es algo que ten\u00eda ganas hace mucho tiempo. Fue algo muy especial\u201d, declar\u00f3. \u201cFue una charla muy descontracturada, sin marketing, sin c\u00e1maras. Para conocerlo en persona, fuera del deporte. Era lo que hab\u00eda buscado siempre\u201d, afirm\u00f3.<\/p>\n<blockquote class=\"twitter-tweet\">\n<p lang=\"en\" dir=\"ltr\">Up and running in Miami \ud83c\uddfa\ud83c\uddf8 <a href=\"https:\/\/t.co\/PLrpNHq7Pb\">pic.twitter.com\/PLrpNHq7Pb<\/a><\/p>\n<p>\u2014 BWT Alpine Formula One Team (@AlpineF1Team) <a href=\"https:\/\/twitter.com\/AlpineF1Team\/status\/2050296917268045840?ref_src=twsrc%5Etfw\">May 1, 2026<\/a><\/p><\/blockquote>\n<p>El Gran Premio de Miami es la cuarta fecha del campeonato, aunque en el calendario original deb\u00eda ser la sexta. Las cancelaciones de Bahr\u00e9in y Arabia Saudita por el conflicto en Medio Oriente generaron un parate de cinco semanas y reconfiguraron el inicio de la temporada.<\/p>\n<p>La FIA sigue de cerca la previsi\u00f3n meteorol\u00f3gica para el fin de semana, ante la posibilidad de tormentas el\u00e9ctricas. En caso de lluvia, el escenario m\u00e1s probable ser\u00eda una interrupci\u00f3n con bandera roja, en un circuito que presenta dificultades de drenaje y visibilidad.<\/p>\n<p>A la espera del arranque de la qualy de la F1, Nicol\u00e1s Varrone tuvo una gran clasificaci\u00f3n en Miami y termin\u00f3 sexto en la qualy de F\u00f3rmula 2. El argentino largar\u00e1 quinto en la carrera sprint del s\u00e1bado y sexto en la final del domingo, en otro buen resultado para el automovilismo nacional.<\/p>\n<blockquote class=\"twitter-tweet\">\n<p lang=\"es\" dir=\"ltr\">\ud83d\udd25 \u00a1NICO VARRONE LOCURA! \u00a1FINALIZ\u00d3 6\u00b0 EN LA QUALY DE LA F\u00d3RMULA 2! \ud83d\udd25<\/p>\n<p>\ud83c\udde6\ud83c\uddf7 El argentino tuvo una clasificaci\u00f3n TOP y partir\u00e1 este s\u00e1bado desde el 5\u00b0 lugar en la Carrera Sprint y desde el 6\u00b0 lugar en la Carrera Principal del domingo<\/p>\n<p>\ud83d\udccc El podio: Maini, Camara y Stenshorne<\/p>\n<p>\ud83c\uddf5\ud83c\uddfe\u2026 <a href=\"https:\/\/t.co\/YJWGnBD3qW\">pic.twitter.com\/YJWGnBD3qW<\/a><\/p>\n<p>\u2014 SportsCenter (@SC_ESPN) <a href=\"https:\/\/twitter.com\/SC_ESPN\/status\/2050290119991542213?ref_src=twsrc%5Etfw\">May 1, 2026<\/a><\/p><\/blockquote>\n<p>La pr\u00e1ctica en Miami dej\u00f3 en evidencia distintas filosof\u00edas en los alerones traseros entre los equipos principales, con soluciones aerodin\u00e1micas variadas para este circuito. As\u00ed lo mostr\u00f3 en redes la p\u00e1gina oficial de la F\u00f3rmula 1.<\/p>\n<blockquote class=\"twitter-tweet\">\n<p lang=\"en\" dir=\"ltr\">All eyes to the rear wings! \ud83d\udc40<\/p>\n<p>Several active rear wing philosophies were on display in Miami practice, with Red Bull having introduced their own interpretation of Ferrari&#8217;s concept \ud83d\udd04<a href=\"https:\/\/twitter.com\/hashtag\/F1?src=hash&amp;ref_src=twsrc%5Etfw\">#F1<\/a> <a href=\"https:\/\/twitter.com\/hashtag\/MiamiGP?src=hash&amp;ref_src=twsrc%5Etfw\">#MiamiGP<\/a> <a href=\"https:\/\/t.co\/75vJrKAHvC\">pic.twitter.com\/75vJrKAHvC<\/a><\/p>\n<p>\u2014 Formula 1 (@F1) <a href=\"https:\/\/twitter.com\/F1\/status\/2050283863872532664?ref_src=twsrc%5Etfw\">May 1, 2026<\/a><\/p><\/blockquote>\n<p>La pr\u00e1ctica no tuvo banderas rojas ni interrupciones, lo que permiti\u00f3 a los equipos completar sus programas, pero la verdadera referencia aparecer\u00e1 en la clasificaci\u00f3n sprint, con todos buscando el l\u00edmite a una vuelta.<\/p>\n<p>Charles Leclerc, con Ferrari, fue el m\u00e1s r\u00e1pido en el ensayo, seguido por Max Verstappen, de Red Bull, y Oscar Piastri, de McLaren. No estuvieron entre los primeros los Mercedes, l\u00edderes de la temporada: Kimi Antonelli, el puntero del Mundial, qued\u00f3 5\u00ba, a 769\/1000 del monegasco, y George Russell se ubic\u00f3 6\u00ba, a 790\/1000.<\/p>\n<p><img loading=\"lazy\" decoding=\"async\" src=\"https:\/\/resizer.glanacion.com\/resizer\/v2\/V2CJYAJ4ZRB3FGBZRIUYAGMNXE.JPG?auth=5276f88264741c4f08869855077a3ec6505c3eaddc6f6ea477001118f76682b9&amp;smart=true&amp;width=3376&amp;height=2251\" alt=\"Franco Colapinto durante la pr\u00e1ctica de este viernes\" height=\"2251\" width=\"3376\" \/><\/p>\n<p>Franco Colapinto afronta la sprint qualy en Miami despu\u00e9s de un esperanzador rendimiento en la \u00fanica pr\u00e1ctica del fin de semana, en la que termin\u00f3 11\u00b0. Su compa\u00f1ero, Pierre Gasly, qued\u00f3 8\u00b0 (a 428\/1000 del argentino), posici\u00f3n que dej\u00f3 buenas sensaciones para Alpine con miras a esta prueba de clasificaci\u00f3n.<\/p>\n<blockquote class=\"twitter-tweet\">\n<p lang=\"en\" dir=\"ltr\">Ferrari&#8217;s Charles Leclerc tops the FP1 timesheets \ud83d\udc4f<\/p>\n<p>The full classification from practice is IN! \u2b07\ufe0f<a href=\"https:\/\/twitter.com\/hashtag\/F1?src=hash&amp;ref_src=twsrc%5Etfw\">#F1<\/a> <a href=\"https:\/\/twitter.com\/hashtag\/MiamiGP?src=hash&amp;ref_src=twsrc%5Etfw\">#MiamiGP<\/a> <a href=\"https:\/\/t.co\/2CYBNwlqGz\">pic.twitter.com\/2CYBNwlqGz<\/a><\/p>\n<p>\u2014 Formula 1 (@F1) <a href=\"https:\/\/twitter.com\/F1\/status\/2050269489850126676?ref_src=twsrc%5Etfw\">May 1, 2026<\/a><\/p><\/blockquote>\n<p>Con una sola pr\u00e1ctica antes de la clasificaci\u00f3n para la carrera sprint y algunas modificaciones reglamentarias recientes relativas al uso de la energ\u00eda el\u00e9ctrica y su recuperaci\u00f3n, los equipos llegan con poca informaci\u00f3n para procurar el mejor tiempo, lo que puede generar diferencias grandes y errores en la pista.<\/p>\n<p>El trazado urbano de Miami combina rectas largas, donde hacen diferencia los motores y la aplicaci\u00f3n de la energ\u00eda el\u00e9ctrica, con sectores t\u00e9cnicos, donde la precisi\u00f3n y la confianza del piloto resultan determinantes en una vuelta r\u00e1pida.<\/p>\n<p>Este viernes se definir\u00e1 la grilla de la carrera sprint del Gran Premio de Miami de F\u00f3rmula 1. A las 17.30, hora de Argentina, comenzar\u00e1 la prueba de clasificaci\u00f3n en el circuito urbano que rodea al Hard Rock Stadium. Tras la \u00fanica sesi\u00f3n pr\u00e1ctica, los pilotos saldr\u00e1n a la pista para definir el orden de largada de la carrera corta, la primera actividad del s\u00e1bado. Franco Colapinto, con Alpine, intentar\u00e1 conseguir una buena posici\u00f3n de salida tras un alentador entrenamiento. Transmitir\u00e1n Fox Sports y Disney+, y LA NACION seguir\u00e1 la tanda minuto a minuto por este medio.<\/p>\n<p>\u200bTras la \u00fanica pr\u00e1ctica del fin de semana, los pilotos encaran la sprint qualy\u00a0\u00a0<\/p>","protected":false},"excerpt":{"rendered":"<p>Franco Colapinto finaliza octavo en la clasificaci\u00f3n sprint en Miami y completa una gran actuaci\u00f3n,&#8230;<\/p>\n","protected":false},"author":1,"featured_media":16955,"comment_status":"closed","ping_status":"closed","sticky":false,"template":"","format":"standard","meta":{"_jetpack_memberships_contains_paid_content":false,"footnotes":"","jetpack_publicize_message":"","jetpack_publicize_feature_enabled":true,"jetpack_social_post_already_shared":true,"jetpack_social_options":{"image_generator_settings":{"template":"highway","default_image_id":0,"font":"","enabled":false},"version":2}},"categories":[89],"tags":[],"class_list":["post-16954","post","type-post","status-publish","format-standard","has-post-thumbnail","hentry","category-nacionales"],"yoast_head":"<!-- This site is optimized with the Yoast SEO plugin v27.4 - https:\/\/yoast.com\/product\/yoast-seo-wordpress\/ -->\n<title>Franco Colapinto en la prueba de clasificaci\u00f3n para la carrera sprint del GP de Miami de F. 1, en vivo -<\/title>\n<meta name=\"robots\" content=\"index, follow, max-snippet:-1, max-image-preview:large, max-video-preview:-1\" \/>\n<link rel=\"canonical\" href=\"https:\/\/impactocastex.com.ar\/?p=16954\" \/>\n<meta property=\"og:locale\" content=\"es_ES\" \/>\n<meta property=\"og:type\" content=\"article\" \/>\n<meta property=\"og:title\" content=\"Franco Colapinto en la prueba de clasificaci\u00f3n para la carrera sprint del GP de Miami de F. 1, en vivo -\" \/>\n<meta property=\"og:description\" content=\"Franco Colapinto finaliza octavo en la clasificaci\u00f3n sprint en Miami y completa una gran actuaci\u00f3n,...\" \/>\n<meta property=\"og:url\" content=\"https:\/\/impactocastex.com.ar\/?p=16954\" \/>\n<meta property=\"article:publisher\" content=\"https:\/\/www.facebook.com\/impactocastexdiario\" \/>\n<meta property=\"article:published_time\" content=\"2026-05-01T21:17:12+00:00\" \/>\n<meta property=\"og:image\" content=\"https:\/\/resizer.glanacion.com\/resizer\/v2\/4QU2VVQCJVC7FDVC67BEAGQ5DQ.JPG?auth=8e40a37cf4e07b682784faffda01e3e758a0714b6956690aba72c267fa397f63&amp;smart=true&amp;width=5675&amp;height=3784\" \/>\n<meta name=\"author\" content=\"impactocastex\" \/>\n<meta name=\"twitter:card\" content=\"summary_large_image\" \/>\n<meta name=\"twitter:label1\" content=\"Escrito por\" \/>\n\t<meta name=\"twitter:data1\" content=\"impactocastex\" \/>\n\t<meta name=\"twitter:label2\" content=\"Tiempo de lectura\" \/>\n\t<meta name=\"twitter:data2\" content=\"7 minutos\" \/>\n<script type=\"application\/ld+json\" class=\"yoast-schema-graph\">{\"@context\":\"https:\\\/\\\/schema.org\",\"@graph\":[{\"@type\":\"Article\",\"@id\":\"https:\\\/\\\/impactocastex.com.ar\\\/?p=16954#article\",\"isPartOf\":{\"@id\":\"https:\\\/\\\/impactocastex.com.ar\\\/?p=16954\"},\"author\":{\"name\":\"impactocastex\",\"@id\":\"https:\\\/\\\/impactocastex.com.ar\\\/#\\\/schema\\\/person\\\/86cb4f827fb5f87869a239b98a69c6e3\"},\"headline\":\"Franco Colapinto en la prueba de clasificaci\u00f3n para la carrera sprint del GP de Miami de F. 1, en vivo\",\"datePublished\":\"2026-05-01T21:17:12+00:00\",\"mainEntityOfPage\":{\"@id\":\"https:\\\/\\\/impactocastex.com.ar\\\/?p=16954\"},\"wordCount\":1440,\"publisher\":{\"@id\":\"https:\\\/\\\/impactocastex.com.ar\\\/#organization\"},\"image\":{\"@id\":\"https:\\\/\\\/impactocastex.com.ar\\\/?p=16954#primaryimage\"},\"thumbnailUrl\":\"https:\\\/\\\/impactocastex.com.ar\\\/wp-content\\\/uploads\\\/2026\\\/05\\\/UU5ONUOIMJE3DL3YIPDDL7LCTM-V4IrOE-scaled.jpg\",\"articleSection\":[\"NACIONALES\"],\"inLanguage\":\"es\"},{\"@type\":\"WebPage\",\"@id\":\"https:\\\/\\\/impactocastex.com.ar\\\/?p=16954\",\"url\":\"https:\\\/\\\/impactocastex.com.ar\\\/?p=16954\",\"name\":\"Franco Colapinto en la prueba de clasificaci\u00f3n para la carrera sprint del GP de Miami de F. 1, en vivo -\",\"isPartOf\":{\"@id\":\"https:\\\/\\\/impactocastex.com.ar\\\/#website\"},\"primaryImageOfPage\":{\"@id\":\"https:\\\/\\\/impactocastex.com.ar\\\/?p=16954#primaryimage\"},\"image\":{\"@id\":\"https:\\\/\\\/impactocastex.com.ar\\\/?p=16954#primaryimage\"},\"thumbnailUrl\":\"https:\\\/\\\/impactocastex.com.ar\\\/wp-content\\\/uploads\\\/2026\\\/05\\\/UU5ONUOIMJE3DL3YIPDDL7LCTM-V4IrOE-scaled.jpg\",\"datePublished\":\"2026-05-01T21:17:12+00:00\",\"breadcrumb\":{\"@id\":\"https:\\\/\\\/impactocastex.com.ar\\\/?p=16954#breadcrumb\"},\"inLanguage\":\"es\",\"potentialAction\":[{\"@type\":\"ReadAction\",\"target\":[\"https:\\\/\\\/impactocastex.com.ar\\\/?p=16954\"]}]},{\"@type\":\"ImageObject\",\"inLanguage\":\"es\",\"@id\":\"https:\\\/\\\/impactocastex.com.ar\\\/?p=16954#primaryimage\",\"url\":\"https:\\\/\\\/impactocastex.com.ar\\\/wp-content\\\/uploads\\\/2026\\\/05\\\/UU5ONUOIMJE3DL3YIPDDL7LCTM-V4IrOE-scaled.jpg\",\"contentUrl\":\"https:\\\/\\\/impactocastex.com.ar\\\/wp-content\\\/uploads\\\/2026\\\/05\\\/UU5ONUOIMJE3DL3YIPDDL7LCTM-V4IrOE-scaled.jpg\",\"width\":2560,\"height\":1707},{\"@type\":\"BreadcrumbList\",\"@id\":\"https:\\\/\\\/impactocastex.com.ar\\\/?p=16954#breadcrumb\",\"itemListElement\":[{\"@type\":\"ListItem\",\"position\":1,\"name\":\"Portada\",\"item\":\"https:\\\/\\\/impactocastex.com.ar\\\/\"},{\"@type\":\"ListItem\",\"position\":2,\"name\":\"Franco Colapinto en la prueba de clasificaci\u00f3n para la carrera sprint del GP de Miami de F. 1, en vivo\"}]},{\"@type\":\"WebSite\",\"@id\":\"https:\\\/\\\/impactocastex.com.ar\\\/#website\",\"url\":\"https:\\\/\\\/impactocastex.com.ar\\\/\",\"name\":\"Impacto Castex\",\"description\":\"\",\"publisher\":{\"@id\":\"https:\\\/\\\/impactocastex.com.ar\\\/#organization\"},\"potentialAction\":[{\"@type\":\"SearchAction\",\"target\":{\"@type\":\"EntryPoint\",\"urlTemplate\":\"https:\\\/\\\/impactocastex.com.ar\\\/?s={search_term_string}\"},\"query-input\":{\"@type\":\"PropertyValueSpecification\",\"valueRequired\":true,\"valueName\":\"search_term_string\"}}],\"inLanguage\":\"es\"},{\"@type\":\"Organization\",\"@id\":\"https:\\\/\\\/impactocastex.com.ar\\\/#organization\",\"name\":\"Impacto Castex\",\"url\":\"https:\\\/\\\/impactocastex.com.ar\\\/\",\"logo\":{\"@type\":\"ImageObject\",\"inLanguage\":\"es\",\"@id\":\"https:\\\/\\\/impactocastex.com.ar\\\/#\\\/schema\\\/logo\\\/image\\\/\",\"url\":\"https:\\\/\\\/impactocastex.com.ar\\\/wp-content\\\/uploads\\\/2025\\\/09\\\/cropped-icoweb.png\",\"contentUrl\":\"https:\\\/\\\/impactocastex.com.ar\\\/wp-content\\\/uploads\\\/2025\\\/09\\\/cropped-icoweb.png\",\"width\":512,\"height\":512,\"caption\":\"Impacto Castex\"},\"image\":{\"@id\":\"https:\\\/\\\/impactocastex.com.ar\\\/#\\\/schema\\\/logo\\\/image\\\/\"},\"sameAs\":[\"https:\\\/\\\/www.facebook.com\\\/impactocastexdiario\",\"https:\\\/\\\/www.instagram.com\\\/impactocastex.com.ar\\\/\"]},{\"@type\":\"Person\",\"@id\":\"https:\\\/\\\/impactocastex.com.ar\\\/#\\\/schema\\\/person\\\/86cb4f827fb5f87869a239b98a69c6e3\",\"name\":\"impactocastex\",\"image\":{\"@type\":\"ImageObject\",\"inLanguage\":\"es\",\"@id\":\"https:\\\/\\\/secure.gravatar.com\\\/avatar\\\/9a87ee051ca8c77f5d4070843ce2c78cdf95b858b950fb039151de955122f5f5?s=96&d=mm&r=g\",\"url\":\"https:\\\/\\\/secure.gravatar.com\\\/avatar\\\/9a87ee051ca8c77f5d4070843ce2c78cdf95b858b950fb039151de955122f5f5?s=96&d=mm&r=g\",\"contentUrl\":\"https:\\\/\\\/secure.gravatar.com\\\/avatar\\\/9a87ee051ca8c77f5d4070843ce2c78cdf95b858b950fb039151de955122f5f5?s=96&d=mm&r=g\",\"caption\":\"impactocastex\"},\"sameAs\":[\"https:\\\/\\\/impactocastex.com.ar\"],\"url\":\"https:\\\/\\\/impactocastex.com.ar\\\/?author=1\"}]}<\/script>\n<!-- \/ Yoast SEO plugin. -->","yoast_head_json":{"title":"Franco Colapinto en la prueba de clasificaci\u00f3n para la carrera sprint del GP de Miami de F. 1, en vivo -","robots":{"index":"index","follow":"follow","max-snippet":"max-snippet:-1","max-image-preview":"max-image-preview:large","max-video-preview":"max-video-preview:-1"},"canonical":"https:\/\/impactocastex.com.ar\/?p=16954","og_locale":"es_ES","og_type":"article","og_title":"Franco Colapinto en la prueba de clasificaci\u00f3n para la carrera sprint del GP de Miami de F. 1, en vivo -","og_description":"Franco Colapinto finaliza octavo en la clasificaci\u00f3n sprint en Miami y completa una gran actuaci\u00f3n,...","og_url":"https:\/\/impactocastex.com.ar\/?p=16954","article_publisher":"https:\/\/www.facebook.com\/impactocastexdiario","article_published_time":"2026-05-01T21:17:12+00:00","og_image":[{"url":"https:\/\/resizer.glanacion.com\/resizer\/v2\/4QU2VVQCJVC7FDVC67BEAGQ5DQ.JPG?auth=8e40a37cf4e07b682784faffda01e3e758a0714b6956690aba72c267fa397f63&amp;smart=true&amp;width=5675&amp;height=3784","type":"","width":"","height":""}],"author":"impactocastex","twitter_card":"summary_large_image","twitter_misc":{"Escrito por":"impactocastex","Tiempo de lectura":"7 minutos"},"schema":{"@context":"https:\/\/schema.org","@graph":[{"@type":"Article","@id":"https:\/\/impactocastex.com.ar\/?p=16954#article","isPartOf":{"@id":"https:\/\/impactocastex.com.ar\/?p=16954"},"author":{"name":"impactocastex","@id":"https:\/\/impactocastex.com.ar\/#\/schema\/person\/86cb4f827fb5f87869a239b98a69c6e3"},"headline":"Franco Colapinto en la prueba de clasificaci\u00f3n para la carrera sprint del GP de Miami de F. 1, en vivo","datePublished":"2026-05-01T21:17:12+00:00","mainEntityOfPage":{"@id":"https:\/\/impactocastex.com.ar\/?p=16954"},"wordCount":1440,"publisher":{"@id":"https:\/\/impactocastex.com.ar\/#organization"},"image":{"@id":"https:\/\/impactocastex.com.ar\/?p=16954#primaryimage"},"thumbnailUrl":"https:\/\/impactocastex.com.ar\/wp-content\/uploads\/2026\/05\/UU5ONUOIMJE3DL3YIPDDL7LCTM-V4IrOE-scaled.jpg","articleSection":["NACIONALES"],"inLanguage":"es"},{"@type":"WebPage","@id":"https:\/\/impactocastex.com.ar\/?p=16954","url":"https:\/\/impactocastex.com.ar\/?p=16954","name":"Franco Colapinto en la prueba de clasificaci\u00f3n para la carrera sprint del GP de Miami de F. 1, en vivo -","isPartOf":{"@id":"https:\/\/impactocastex.com.ar\/#website"},"primaryImageOfPage":{"@id":"https:\/\/impactocastex.com.ar\/?p=16954#primaryimage"},"image":{"@id":"https:\/\/impactocastex.com.ar\/?p=16954#primaryimage"},"thumbnailUrl":"https:\/\/impactocastex.com.ar\/wp-content\/uploads\/2026\/05\/UU5ONUOIMJE3DL3YIPDDL7LCTM-V4IrOE-scaled.jpg","datePublished":"2026-05-01T21:17:12+00:00","breadcrumb":{"@id":"https:\/\/impactocastex.com.ar\/?p=16954#breadcrumb"},"inLanguage":"es","potentialAction":[{"@type":"ReadAction","target":["https:\/\/impactocastex.com.ar\/?p=16954"]}]},{"@type":"ImageObject","inLanguage":"es","@id":"https:\/\/impactocastex.com.ar\/?p=16954#primaryimage","url":"https:\/\/impactocastex.com.ar\/wp-content\/uploads\/2026\/05\/UU5ONUOIMJE3DL3YIPDDL7LCTM-V4IrOE-scaled.jpg","contentUrl":"https:\/\/impactocastex.com.ar\/wp-content\/uploads\/2026\/05\/UU5ONUOIMJE3DL3YIPDDL7LCTM-V4IrOE-scaled.jpg","width":2560,"height":1707},{"@type":"BreadcrumbList","@id":"https:\/\/impactocastex.com.ar\/?p=16954#breadcrumb","itemListElement":[{"@type":"ListItem","position":1,"name":"Portada","item":"https:\/\/impactocastex.com.ar\/"},{"@type":"ListItem","position":2,"name":"Franco Colapinto en la prueba de clasificaci\u00f3n para la carrera sprint del GP de Miami de F. 1, en vivo"}]},{"@type":"WebSite","@id":"https:\/\/impactocastex.com.ar\/#website","url":"https:\/\/impactocastex.com.ar\/","name":"Impacto Castex","description":"","publisher":{"@id":"https:\/\/impactocastex.com.ar\/#organization"},"potentialAction":[{"@type":"SearchAction","target":{"@type":"EntryPoint","urlTemplate":"https:\/\/impactocastex.com.ar\/?s={search_term_string}"},"query-input":{"@type":"PropertyValueSpecification","valueRequired":true,"valueName":"search_term_string"}}],"inLanguage":"es"},{"@type":"Organization","@id":"https:\/\/impactocastex.com.ar\/#organization","name":"Impacto Castex","url":"https:\/\/impactocastex.com.ar\/","logo":{"@type":"ImageObject","inLanguage":"es","@id":"https:\/\/impactocastex.com.ar\/#\/schema\/logo\/image\/","url":"https:\/\/impactocastex.com.ar\/wp-content\/uploads\/2025\/09\/cropped-icoweb.png","contentUrl":"https:\/\/impactocastex.com.ar\/wp-content\/uploads\/2025\/09\/cropped-icoweb.png","width":512,"height":512,"caption":"Impacto Castex"},"image":{"@id":"https:\/\/impactocastex.com.ar\/#\/schema\/logo\/image\/"},"sameAs":["https:\/\/www.facebook.com\/impactocastexdiario","https:\/\/www.instagram.com\/impactocastex.com.ar\/"]},{"@type":"Person","@id":"https:\/\/impactocastex.com.ar\/#\/schema\/person\/86cb4f827fb5f87869a239b98a69c6e3","name":"impactocastex","image":{"@type":"ImageObject","inLanguage":"es","@id":"https:\/\/secure.gravatar.com\/avatar\/9a87ee051ca8c77f5d4070843ce2c78cdf95b858b950fb039151de955122f5f5?s=96&d=mm&r=g","url":"https:\/\/secure.gravatar.com\/avatar\/9a87ee051ca8c77f5d4070843ce2c78cdf95b858b950fb039151de955122f5f5?s=96&d=mm&r=g","contentUrl":"https:\/\/secure.gravatar.com\/avatar\/9a87ee051ca8c77f5d4070843ce2c78cdf95b858b950fb039151de955122f5f5?s=96&d=mm&r=g","caption":"impactocastex"},"sameAs":["https:\/\/impactocastex.com.ar"],"url":"https:\/\/impactocastex.com.ar\/?author=1"}]}},"jetpack_publicize_connections":[],"featured_image_urls":{"full":["https:\/\/impactocastex.com.ar\/wp-content\/uploads\/2026\/05\/UU5ONUOIMJE3DL3YIPDDL7LCTM-V4IrOE-scaled.jpg",2560,1707,false],"thumbnail":["https:\/\/impactocastex.com.ar\/wp-content\/uploads\/2026\/05\/UU5ONUOIMJE3DL3YIPDDL7LCTM-V4IrOE-150x150.jpg",150,150,true],"medium":["https:\/\/impactocastex.com.ar\/wp-content\/uploads\/2026\/05\/UU5ONUOIMJE3DL3YIPDDL7LCTM-V4IrOE-300x200.jpg",300,200,true],"medium_large":["https:\/\/impactocastex.com.ar\/wp-content\/uploads\/2026\/05\/UU5ONUOIMJE3DL3YIPDDL7LCTM-V4IrOE-768x512.jpg",640,427,true],"large":["https:\/\/impactocastex.com.ar\/wp-content\/uploads\/2026\/05\/UU5ONUOIMJE3DL3YIPDDL7LCTM-V4IrOE-1024x683.jpg",640,427,true],"1536x1536":["https:\/\/impactocastex.com.ar\/wp-content\/uploads\/2026\/05\/UU5ONUOIMJE3DL3YIPDDL7LCTM-V4IrOE-1536x1024.jpg",1536,1024,true],"2048x2048":["https:\/\/impactocastex.com.ar\/wp-content\/uploads\/2026\/05\/UU5ONUOIMJE3DL3YIPDDL7LCTM-V4IrOE-2048x1365.jpg",2048,1365,true],"newsever-slider-full":["https:\/\/impactocastex.com.ar\/wp-content\/uploads\/2026\/05\/UU5ONUOIMJE3DL3YIPDDL7LCTM-V4IrOE-1280x845.jpg",1280,845,true],"newsever-featured":["https:\/\/impactocastex.com.ar\/wp-content\/uploads\/2026\/05\/UU5ONUOIMJE3DL3YIPDDL7LCTM-V4IrOE-1024x683.jpg",1024,683,true],"newsever-medium":["https:\/\/impactocastex.com.ar\/wp-content\/uploads\/2026\/05\/UU5ONUOIMJE3DL3YIPDDL7LCTM-V4IrOE-720x475.jpg",720,475,true]},"author_info":{"info":["impactocastex"]},"category_info":"<a href=\"https:\/\/impactocastex.com.ar\/?cat=89\" rel=\"category\">NACIONALES<\/a>","tag_info":"NACIONALES","comment_count":0,"jetpack_featured_media_url":"https:\/\/impactocastex.com.ar\/wp-content\/uploads\/2026\/05\/UU5ONUOIMJE3DL3YIPDDL7LCTM-V4IrOE-scaled.jpg","jetpack_sharing_enabled":true,"jetpack_likes_enabled":true,"jetpack_shortlink":"https:\/\/wp.me\/p7sopA-4ps","_links":{"self":[{"href":"https:\/\/impactocastex.com.ar\/index.php?rest_route=\/wp\/v2\/posts\/16954","targetHints":{"allow":["GET"]}}],"collection":[{"href":"https:\/\/impactocastex.com.ar\/index.php?rest_route=\/wp\/v2\/posts"}],"about":[{"href":"https:\/\/impactocastex.com.ar\/index.php?rest_route=\/wp\/v2\/types\/post"}],"author":[{"embeddable":true,"href":"https:\/\/impactocastex.com.ar\/index.php?rest_route=\/wp\/v2\/users\/1"}],"replies":[{"embeddable":true,"href":"https:\/\/impactocastex.com.ar\/index.php?rest_route=%2Fwp%2Fv2%2Fcomments&post=16954"}],"version-history":[{"count":0,"href":"https:\/\/impactocastex.com.ar\/index.php?rest_route=\/wp\/v2\/posts\/16954\/revisions"}],"wp:featuredmedia":[{"embeddable":true,"href":"https:\/\/impactocastex.com.ar\/index.php?rest_route=\/wp\/v2\/media\/16955"}],"wp:attachment":[{"href":"https:\/\/impactocastex.com.ar\/index.php?rest_route=%2Fwp%2Fv2%2Fmedia&parent=16954"}],"wp:term":[{"taxonomy":"category","embeddable":true,"href":"https:\/\/impactocastex.com.ar\/index.php?rest_route=%2Fwp%2Fv2%2Fcategories&post=16954"},{"taxonomy":"post_tag","embeddable":true,"href":"https:\/\/impactocastex.com.ar\/index.php?rest_route=%2Fwp%2Fv2%2Ftags&post=16954"}],"curies":[{"name":"wp","href":"https:\/\/api.w.org\/{rel}","templated":true}]}}