{"id":16952,"date":"2026-05-01T16:20:13","date_gmt":"2026-05-01T19:20:13","guid":{"rendered":"https:\/\/impactocastex.com.ar\/?p=16952"},"modified":"2026-05-01T16:20:13","modified_gmt":"2026-05-01T19:20:13","slug":"bajan-las-temperaturas-en-buenos-aires-como-estara-el-tiempo-este-fin-de-semana-largo-en-caba","status":"publish","type":"post","link":"https:\/\/impactocastex.com.ar\/?p=16952","title":{"rendered":"Bajan las temperaturas en Buenos Aires: c\u00f3mo estar\u00e1 el tiempo este fin de semana largo en CABA"},"content":{"rendered":"<p>Tras varios d\u00edas de fluctuaci\u00f3n entre altas y bajas temperaturas, este <a href=\"https:\/\/www.lanacion.com.ar\/feriados\/llega-la-feria-del-alfajor-este-es-un-plan-divertido-para-disfrutar-del-fin-de-semana-largo-cerca-de-nid30042026\/\" target=\"_blank\" rel=\"noreferrer\" title=\"https:\/\/www.lanacion.com.ar\/feriados\/llega-la-feria-del-alfajor-este-es-un-plan-divertido-para-disfrutar-del-fin-de-semana-largo-cerca-de-nid30042026\/\">fin de semana largo<\/a> se puede esperar un claro descenso, con <b>un clima fr\u00edo acompa\u00f1ado de posibles precipitaciones <\/b>para este viernes por la tarde en la ciudad de Buenos Aires. <\/p>\n<p>En paralelo, se espera que el s\u00e1bado y el domingo la temperatura <b>contin\u00fae disminuyendo hasta llegar a una m\u00ednima de seis grados<\/b>. <\/p>\n<p>El pron\u00f3stico del tiempo para <a href=\"https:\/\/www.lanacion.com.ar\/sociedad\/el-gobierno-nacional-advirtio-a-la-ciudad-que-no-puede-privatizar-sus-medios-publicos-nid01052026\/\" target=\"_blank\" rel=\"noreferrer\" title=\"https:\/\/www.lanacion.com.ar\/sociedad\/el-gobierno-nacional-advirtio-a-la-ciudad-que-no-puede-privatizar-sus-medios-publicos-nid01052026\/\">la ciudad de Buenos Aires<\/a>, indica que este viernes el cielo estar\u00e1 <b>parcialmente nublado con una temperatura m\u00e1xima de 25\u00b0C y una m\u00ednima de 13\u00b0C<\/b>. El <a href=\"https:\/\/www.lanacion.com.ar\/politica\/el-centro-argentino-de-meteorologos-salio-al-cruce-de-los-dichos-de-sturzenegger-sobre-el-conflicto-nid27042026\/\" target=\"_blank\" rel=\"noreferrer\" title=\"https:\/\/www.lanacion.com.ar\/politica\/el-centro-argentino-de-meteorologos-salio-al-cruce-de-los-dichos-de-sturzenegger-sobre-el-conflicto-nid27042026\/\">Servicio Meteorol\u00f3gico Nacional (SMN)<\/a> advirti\u00f3 que durante la tarde habr\u00e1 <b>lluvias aisladas<\/b> y los vientos del sector sudoeste tendr\u00e1n velocidades estimadas entre 13 y 22 kil\u00f3metros por hora. <\/p>\n<p><img loading=\"lazy\" decoding=\"async\" src=\"https:\/\/resizer.glanacion.com\/resizer\/v2\/CEYU3CTS3VAJNDGCSQUEYVJZ2A.png?auth=a49eb62a0bd149a8a88644b0fb5ca6632170df1ea4497a70ff13a9e06f59a1ad&amp;smart=true&amp;width=907&amp;height=275\" alt=\"El pron\u00f3stico para el fin de semana largo y la semana entrante, seg\u00fan el Servicio Meteorol\u00f3gico Nacional\" height=\"275\" width=\"907\" \/><\/p>\n<p>En tanto, los del noroeste correr\u00e1n a una velocidad de entre 7 y 12 kil\u00f3metros por hora. La humedad ser\u00e1 del 66%, y la visibilidad ser\u00eda buena. <b>A la noche, el clima rondar\u00e1 los 19\u00b0C<\/b>, mientras que los vientos ser\u00e1n del sur a una velocidad de 13 y 22 kil\u00f3metros por hora.<\/p>\n<p>El <b>s\u00e1bado<\/b> la temperatura ya disminuir\u00e1 y habr\u00e1 <b>una m\u00e1xima de 18\u00b0C y una m\u00ednima de 10\u00b0C<\/b>. Se espera un cielo <b>parcialmente nublado<\/b>, acompa\u00f1ado con r\u00e1fagas que oscilen entre <b>los 42 y 50 kil\u00f3metros por hora<\/b>, lo que har\u00e1 que el fresco se sienta con mayor potencia.<\/p>\n<p><img loading=\"lazy\" decoding=\"async\" src=\"https:\/\/resizer.glanacion.com\/resizer\/v2\/ZMQ7IEMOKRHCPFGR46G4CGMEZQ.jpg?auth=460b1b1998be98fd09fbc6a52af4ae9820c998884a8c381d053513428fee7661&amp;smart=true&amp;width=4151&amp;height=2767\" alt=\"La temperatura m\u00ednima llegar\u00e1 a los 6\u00b0C\" height=\"2767\" width=\"4151\" \/><\/p>\n<p>El <b>domingo<\/b> se producir\u00e1 el mayor descenso, con <b>una m\u00e1xima de 18\u00b0C y una m\u00ednima de 6\u00b0C<\/b>. Estar\u00e1 <b>parcialmente nublado<\/b>, sin r\u00e1fagas de viento. <\/p>\n<p>Sin embargo, se espera que <b>las temperaturas vuelvan a subir para el resto de la semana<\/b>: el lunes la m\u00ednima ser\u00e1 de 12\u00b0C y la m\u00e1xima de 23\u00b0C, mientras que el martes y mi\u00e9rcoles ser\u00e1n de 23\u00b0C y 14\u00b0C. <\/p>\n<h1>El clima para el AMBA<\/h1>\n<p>En paralelo, para el <b>\u00c1rea Metropolitana de Buenos Aires<\/b> se espera que haya <a href=\"https:\/\/www.lanacion.com.ar\/sociedad\/primavera-otono-e-invierno-en-tres-dias-el-tiempo-para-el-fin-de-semana-largo-en-el-amba-nid30042026\/\" target=\"_blank\" rel=\"noreferrer\" title=\"https:\/\/www.lanacion.com.ar\/sociedad\/primavera-otono-e-invierno-en-tres-dias-el-tiempo-para-el-fin-de-semana-largo-en-el-amba-nid30042026\/\">un desplazamiento de un frente fr\u00edo de gran intensidad<\/a> sobre el centro del territorio nacional, que modificar\u00e1 las condiciones meteorol\u00f3gicas, seg\u00fan el sitio <i>Meteored<\/i>. <\/p>\n<p>La masa de aire polar afectar\u00e1 al AMBA, que vivir\u00e1 <b>un frente fr\u00edo que irrumpir\u00e1 en la madrugada del s\u00e1bado<\/b>. En pocas horas se pasar\u00e1 de m\u00e1ximas cercanas a los 25\u00b0C a m\u00ednimas que podr\u00edan rozar los 2\u00b0C en sectores del conurbano, con viento sur y sensaci\u00f3n t\u00e9rmica marcadamente m\u00e1s baja que la temperatura real, indic\u00f3 Cindy Fern\u00e1ndez, meteor\u00f3loga de Meteored.<\/p>\n<p><img loading=\"lazy\" decoding=\"async\" src=\"https:\/\/resizer.glanacion.com\/resizer\/v2\/MNPLE2LTDNGALE5XT3X3K2FCRI.jpg?auth=a82dc28272bbea2d055385878f3727277fe3cd2a2b044eca538218f3fcbd25b2&amp;smart=true&amp;width=5237&amp;height=3491\" alt=\"Primavera, oto\u00f1o e invierno en tres d\u00edas: el tiempo para el fin de semana largo en el AMBA\" height=\"3491\" width=\"5237\" \/><\/p>\n<p>Durante la ma\u00f1ana del s\u00e1bado se esperan <b>m\u00ednimas de 7\u00b0C en el conurbano bonaerense y una m\u00e1xima de 18\u00b0C<\/b>. El <b>domingo<\/b>, por otro lado, <b>combinar\u00e1 sol y nubes<\/b>, pero continuar\u00e1 el fr\u00edo: las m\u00ednimas podr\u00edan acercarse a 5 o 6\u00b0C y bajar hasta 2 o 3\u00b0C en \u00e1reas suburbanas.<\/p>\n<h1>Ola de fr\u00edo en el pa\u00eds<\/h1>\n<p>La baja de temperaturas <a href=\"https:\/\/www.lanacion.com.ar\/clima\/sigue-el-frio-y-podria-llover-asi-estara-el-clima-en-el-amba-esta-semana-nid27042026\/\" target=\"_blank\" rel=\"noreferrer\" title=\"https:\/\/www.lanacion.com.ar\/clima\/sigue-el-frio-y-podria-llover-asi-estara-el-clima-en-el-amba-esta-semana-nid27042026\/\">se experiment\u00f3 en gran parte del pa\u00eds<\/a> esta semana y <b>dej\u00f3 un \u201cranking bajo cero\u201d<\/b> en distintas regiones, de acuerdo con los datos del Servicio Meteorol\u00f3gico Nacional (SMN). <\/p>\n<p>Las condiciones m\u00e1s extremas se registraron en\u00a0el sur y el oeste del territorio nacional, donde las marcas t\u00e9rmicas y la sensaci\u00f3n t\u00e9rmica <b>profundizaron el impacto del frente polar<\/b>.<\/p>\n<p>Entre las zonas m\u00e1s fr\u00edas del pa\u00eds, se encontraron <b>La Quiaca, Jujuy, con -1.8\u00b0C<\/b>; <b>Bah\u00eda Blanca<\/b>, provincia de Buenos Aires, <b>con 2.8\u00b0C y una sensaci\u00f3n t\u00e9rmica de -0.6\u00b0C<\/b>; y en <b>Viedma<\/b>, R\u00edo Negro, con <b>2.4\u00b0C y una sensaci\u00f3n t\u00e9rmica de -0.2\u00b0C<\/b>.<\/p>\n<p>Estas cifras reflejan la intensidad del fen\u00f3meno, con <b>registros bajo cero en algunas zonas<\/b> y sensaciones t\u00e9rmicas negativas en varias localidades.<\/p>\n<p>\u200bA partir de esta tarde comenzar\u00e1 un clima m\u00e1s fresco, acompa\u00f1ado por r\u00e1fagas de viento y posibles precipitaciones\u00a0\u00a0<\/p>","protected":false},"excerpt":{"rendered":"<p>Tras varios d\u00edas de fluctuaci\u00f3n entre altas y bajas temperaturas, este fin de semana largo&#8230;<\/p>\n","protected":false},"author":1,"featured_media":16953,"comment_status":"closed","ping_status":"closed","sticky":false,"template":"","format":"standard","meta":{"_jetpack_memberships_contains_paid_content":false,"footnotes":"","jetpack_publicize_message":"","jetpack_publicize_feature_enabled":true,"jetpack_social_post_already_shared":true,"jetpack_social_options":{"image_generator_settings":{"template":"highway","default_image_id":0,"font":"","enabled":false},"version":2}},"categories":[89],"tags":[],"class_list":["post-16952","post","type-post","status-publish","format-standard","has-post-thumbnail","hentry","category-nacionales"],"yoast_head":"<!-- This site is optimized with the Yoast SEO plugin v27.4 - https:\/\/yoast.com\/product\/yoast-seo-wordpress\/ -->\n<title>Bajan las temperaturas en Buenos Aires: c\u00f3mo estar\u00e1 el tiempo este fin de semana largo en CABA -<\/title>\n<meta name=\"robots\" content=\"index, follow, max-snippet:-1, max-image-preview:large, max-video-preview:-1\" \/>\n<link rel=\"canonical\" href=\"https:\/\/impactocastex.com.ar\/?p=16952\" \/>\n<meta property=\"og:locale\" content=\"es_ES\" \/>\n<meta property=\"og:type\" content=\"article\" \/>\n<meta property=\"og:title\" content=\"Bajan las temperaturas en Buenos Aires: c\u00f3mo estar\u00e1 el tiempo este fin de semana largo en CABA -\" \/>\n<meta property=\"og:description\" content=\"Tras varios d\u00edas de fluctuaci\u00f3n entre altas y bajas temperaturas, este fin de semana largo...\" \/>\n<meta property=\"og:url\" content=\"https:\/\/impactocastex.com.ar\/?p=16952\" \/>\n<meta property=\"article:publisher\" content=\"https:\/\/www.facebook.com\/impactocastexdiario\" \/>\n<meta property=\"article:published_time\" content=\"2026-05-01T19:20:13+00:00\" \/>\n<meta property=\"og:image\" content=\"https:\/\/resizer.glanacion.com\/resizer\/v2\/CEYU3CTS3VAJNDGCSQUEYVJZ2A.png?auth=a49eb62a0bd149a8a88644b0fb5ca6632170df1ea4497a70ff13a9e06f59a1ad&amp;smart=true&amp;width=907&amp;height=275\" \/>\n<meta name=\"author\" content=\"impactocastex\" \/>\n<meta name=\"twitter:card\" content=\"summary_large_image\" \/>\n<meta name=\"twitter:label1\" content=\"Escrito por\" \/>\n\t<meta name=\"twitter:data1\" content=\"impactocastex\" \/>\n\t<meta name=\"twitter:label2\" content=\"Tiempo de lectura\" \/>\n\t<meta name=\"twitter:data2\" content=\"3 minutos\" \/>\n<script type=\"application\/ld+json\" class=\"yoast-schema-graph\">{\"@context\":\"https:\\\/\\\/schema.org\",\"@graph\":[{\"@type\":\"Article\",\"@id\":\"https:\\\/\\\/impactocastex.com.ar\\\/?p=16952#article\",\"isPartOf\":{\"@id\":\"https:\\\/\\\/impactocastex.com.ar\\\/?p=16952\"},\"author\":{\"name\":\"impactocastex\",\"@id\":\"https:\\\/\\\/impactocastex.com.ar\\\/#\\\/schema\\\/person\\\/86cb4f827fb5f87869a239b98a69c6e3\"},\"headline\":\"Bajan las temperaturas en Buenos Aires: c\u00f3mo estar\u00e1 el tiempo este fin de semana largo en CABA\",\"datePublished\":\"2026-05-01T19:20:13+00:00\",\"mainEntityOfPage\":{\"@id\":\"https:\\\/\\\/impactocastex.com.ar\\\/?p=16952\"},\"wordCount\":666,\"publisher\":{\"@id\":\"https:\\\/\\\/impactocastex.com.ar\\\/#organization\"},\"image\":{\"@id\":\"https:\\\/\\\/impactocastex.com.ar\\\/?p=16952#primaryimage\"},\"thumbnailUrl\":\"https:\\\/\\\/impactocastex.com.ar\\\/wp-content\\\/uploads\\\/2026\\\/05\\\/3XQJWPCWPNAR5MCURN6LHNBWIE-aRPhUG.jpg\",\"articleSection\":[\"NACIONALES\"],\"inLanguage\":\"es\"},{\"@type\":\"WebPage\",\"@id\":\"https:\\\/\\\/impactocastex.com.ar\\\/?p=16952\",\"url\":\"https:\\\/\\\/impactocastex.com.ar\\\/?p=16952\",\"name\":\"Bajan las temperaturas en Buenos Aires: c\u00f3mo estar\u00e1 el tiempo este fin de semana largo en CABA -\",\"isPartOf\":{\"@id\":\"https:\\\/\\\/impactocastex.com.ar\\\/#website\"},\"primaryImageOfPage\":{\"@id\":\"https:\\\/\\\/impactocastex.com.ar\\\/?p=16952#primaryimage\"},\"image\":{\"@id\":\"https:\\\/\\\/impactocastex.com.ar\\\/?p=16952#primaryimage\"},\"thumbnailUrl\":\"https:\\\/\\\/impactocastex.com.ar\\\/wp-content\\\/uploads\\\/2026\\\/05\\\/3XQJWPCWPNAR5MCURN6LHNBWIE-aRPhUG.jpg\",\"datePublished\":\"2026-05-01T19:20:13+00:00\",\"breadcrumb\":{\"@id\":\"https:\\\/\\\/impactocastex.com.ar\\\/?p=16952#breadcrumb\"},\"inLanguage\":\"es\",\"potentialAction\":[{\"@type\":\"ReadAction\",\"target\":[\"https:\\\/\\\/impactocastex.com.ar\\\/?p=16952\"]}]},{\"@type\":\"ImageObject\",\"inLanguage\":\"es\",\"@id\":\"https:\\\/\\\/impactocastex.com.ar\\\/?p=16952#primaryimage\",\"url\":\"https:\\\/\\\/impactocastex.com.ar\\\/wp-content\\\/uploads\\\/2026\\\/05\\\/3XQJWPCWPNAR5MCURN6LHNBWIE-aRPhUG.jpg\",\"contentUrl\":\"https:\\\/\\\/impactocastex.com.ar\\\/wp-content\\\/uploads\\\/2026\\\/05\\\/3XQJWPCWPNAR5MCURN6LHNBWIE-aRPhUG.jpg\",\"width\":2000,\"height\":1312},{\"@type\":\"BreadcrumbList\",\"@id\":\"https:\\\/\\\/impactocastex.com.ar\\\/?p=16952#breadcrumb\",\"itemListElement\":[{\"@type\":\"ListItem\",\"position\":1,\"name\":\"Portada\",\"item\":\"https:\\\/\\\/impactocastex.com.ar\\\/\"},{\"@type\":\"ListItem\",\"position\":2,\"name\":\"Bajan las temperaturas en Buenos Aires: c\u00f3mo estar\u00e1 el tiempo este fin de semana largo en CABA\"}]},{\"@type\":\"WebSite\",\"@id\":\"https:\\\/\\\/impactocastex.com.ar\\\/#website\",\"url\":\"https:\\\/\\\/impactocastex.com.ar\\\/\",\"name\":\"Impacto Castex\",\"description\":\"\",\"publisher\":{\"@id\":\"https:\\\/\\\/impactocastex.com.ar\\\/#organization\"},\"potentialAction\":[{\"@type\":\"SearchAction\",\"target\":{\"@type\":\"EntryPoint\",\"urlTemplate\":\"https:\\\/\\\/impactocastex.com.ar\\\/?s={search_term_string}\"},\"query-input\":{\"@type\":\"PropertyValueSpecification\",\"valueRequired\":true,\"valueName\":\"search_term_string\"}}],\"inLanguage\":\"es\"},{\"@type\":\"Organization\",\"@id\":\"https:\\\/\\\/impactocastex.com.ar\\\/#organization\",\"name\":\"Impacto Castex\",\"url\":\"https:\\\/\\\/impactocastex.com.ar\\\/\",\"logo\":{\"@type\":\"ImageObject\",\"inLanguage\":\"es\",\"@id\":\"https:\\\/\\\/impactocastex.com.ar\\\/#\\\/schema\\\/logo\\\/image\\\/\",\"url\":\"https:\\\/\\\/impactocastex.com.ar\\\/wp-content\\\/uploads\\\/2025\\\/09\\\/cropped-icoweb.png\",\"contentUrl\":\"https:\\\/\\\/impactocastex.com.ar\\\/wp-content\\\/uploads\\\/2025\\\/09\\\/cropped-icoweb.png\",\"width\":512,\"height\":512,\"caption\":\"Impacto Castex\"},\"image\":{\"@id\":\"https:\\\/\\\/impactocastex.com.ar\\\/#\\\/schema\\\/logo\\\/image\\\/\"},\"sameAs\":[\"https:\\\/\\\/www.facebook.com\\\/impactocastexdiario\",\"https:\\\/\\\/www.instagram.com\\\/impactocastex.com.ar\\\/\"]},{\"@type\":\"Person\",\"@id\":\"https:\\\/\\\/impactocastex.com.ar\\\/#\\\/schema\\\/person\\\/86cb4f827fb5f87869a239b98a69c6e3\",\"name\":\"impactocastex\",\"image\":{\"@type\":\"ImageObject\",\"inLanguage\":\"es\",\"@id\":\"https:\\\/\\\/secure.gravatar.com\\\/avatar\\\/9a87ee051ca8c77f5d4070843ce2c78cdf95b858b950fb039151de955122f5f5?s=96&d=mm&r=g\",\"url\":\"https:\\\/\\\/secure.gravatar.com\\\/avatar\\\/9a87ee051ca8c77f5d4070843ce2c78cdf95b858b950fb039151de955122f5f5?s=96&d=mm&r=g\",\"contentUrl\":\"https:\\\/\\\/secure.gravatar.com\\\/avatar\\\/9a87ee051ca8c77f5d4070843ce2c78cdf95b858b950fb039151de955122f5f5?s=96&d=mm&r=g\",\"caption\":\"impactocastex\"},\"sameAs\":[\"https:\\\/\\\/impactocastex.com.ar\"],\"url\":\"https:\\\/\\\/impactocastex.com.ar\\\/?author=1\"}]}<\/script>\n<!-- \/ Yoast SEO plugin. -->","yoast_head_json":{"title":"Bajan las temperaturas en Buenos Aires: c\u00f3mo estar\u00e1 el tiempo este fin de semana largo en CABA -","robots":{"index":"index","follow":"follow","max-snippet":"max-snippet:-1","max-image-preview":"max-image-preview:large","max-video-preview":"max-video-preview:-1"},"canonical":"https:\/\/impactocastex.com.ar\/?p=16952","og_locale":"es_ES","og_type":"article","og_title":"Bajan las temperaturas en Buenos Aires: c\u00f3mo estar\u00e1 el tiempo este fin de semana largo en CABA -","og_description":"Tras varios d\u00edas de fluctuaci\u00f3n entre altas y bajas temperaturas, este fin de semana largo...","og_url":"https:\/\/impactocastex.com.ar\/?p=16952","article_publisher":"https:\/\/www.facebook.com\/impactocastexdiario","article_published_time":"2026-05-01T19:20:13+00:00","og_image":[{"url":"https:\/\/resizer.glanacion.com\/resizer\/v2\/CEYU3CTS3VAJNDGCSQUEYVJZ2A.png?auth=a49eb62a0bd149a8a88644b0fb5ca6632170df1ea4497a70ff13a9e06f59a1ad&amp;smart=true&amp;width=907&amp;height=275","type":"","width":"","height":""}],"author":"impactocastex","twitter_card":"summary_large_image","twitter_misc":{"Escrito por":"impactocastex","Tiempo de lectura":"3 minutos"},"schema":{"@context":"https:\/\/schema.org","@graph":[{"@type":"Article","@id":"https:\/\/impactocastex.com.ar\/?p=16952#article","isPartOf":{"@id":"https:\/\/impactocastex.com.ar\/?p=16952"},"author":{"name":"impactocastex","@id":"https:\/\/impactocastex.com.ar\/#\/schema\/person\/86cb4f827fb5f87869a239b98a69c6e3"},"headline":"Bajan las temperaturas en Buenos Aires: c\u00f3mo estar\u00e1 el tiempo este fin de semana largo en CABA","datePublished":"2026-05-01T19:20:13+00:00","mainEntityOfPage":{"@id":"https:\/\/impactocastex.com.ar\/?p=16952"},"wordCount":666,"publisher":{"@id":"https:\/\/impactocastex.com.ar\/#organization"},"image":{"@id":"https:\/\/impactocastex.com.ar\/?p=16952#primaryimage"},"thumbnailUrl":"https:\/\/impactocastex.com.ar\/wp-content\/uploads\/2026\/05\/3XQJWPCWPNAR5MCURN6LHNBWIE-aRPhUG.jpg","articleSection":["NACIONALES"],"inLanguage":"es"},{"@type":"WebPage","@id":"https:\/\/impactocastex.com.ar\/?p=16952","url":"https:\/\/impactocastex.com.ar\/?p=16952","name":"Bajan las temperaturas en Buenos Aires: c\u00f3mo estar\u00e1 el tiempo este fin de semana largo en CABA -","isPartOf":{"@id":"https:\/\/impactocastex.com.ar\/#website"},"primaryImageOfPage":{"@id":"https:\/\/impactocastex.com.ar\/?p=16952#primaryimage"},"image":{"@id":"https:\/\/impactocastex.com.ar\/?p=16952#primaryimage"},"thumbnailUrl":"https:\/\/impactocastex.com.ar\/wp-content\/uploads\/2026\/05\/3XQJWPCWPNAR5MCURN6LHNBWIE-aRPhUG.jpg","datePublished":"2026-05-01T19:20:13+00:00","breadcrumb":{"@id":"https:\/\/impactocastex.com.ar\/?p=16952#breadcrumb"},"inLanguage":"es","potentialAction":[{"@type":"ReadAction","target":["https:\/\/impactocastex.com.ar\/?p=16952"]}]},{"@type":"ImageObject","inLanguage":"es","@id":"https:\/\/impactocastex.com.ar\/?p=16952#primaryimage","url":"https:\/\/impactocastex.com.ar\/wp-content\/uploads\/2026\/05\/3XQJWPCWPNAR5MCURN6LHNBWIE-aRPhUG.jpg","contentUrl":"https:\/\/impactocastex.com.ar\/wp-content\/uploads\/2026\/05\/3XQJWPCWPNAR5MCURN6LHNBWIE-aRPhUG.jpg","width":2000,"height":1312},{"@type":"BreadcrumbList","@id":"https:\/\/impactocastex.com.ar\/?p=16952#breadcrumb","itemListElement":[{"@type":"ListItem","position":1,"name":"Portada","item":"https:\/\/impactocastex.com.ar\/"},{"@type":"ListItem","position":2,"name":"Bajan las temperaturas en Buenos Aires: c\u00f3mo estar\u00e1 el tiempo este fin de semana largo en CABA"}]},{"@type":"WebSite","@id":"https:\/\/impactocastex.com.ar\/#website","url":"https:\/\/impactocastex.com.ar\/","name":"Impacto Castex","description":"","publisher":{"@id":"https:\/\/impactocastex.com.ar\/#organization"},"potentialAction":[{"@type":"SearchAction","target":{"@type":"EntryPoint","urlTemplate":"https:\/\/impactocastex.com.ar\/?s={search_term_string}"},"query-input":{"@type":"PropertyValueSpecification","valueRequired":true,"valueName":"search_term_string"}}],"inLanguage":"es"},{"@type":"Organization","@id":"https:\/\/impactocastex.com.ar\/#organization","name":"Impacto Castex","url":"https:\/\/impactocastex.com.ar\/","logo":{"@type":"ImageObject","inLanguage":"es","@id":"https:\/\/impactocastex.com.ar\/#\/schema\/logo\/image\/","url":"https:\/\/impactocastex.com.ar\/wp-content\/uploads\/2025\/09\/cropped-icoweb.png","contentUrl":"https:\/\/impactocastex.com.ar\/wp-content\/uploads\/2025\/09\/cropped-icoweb.png","width":512,"height":512,"caption":"Impacto Castex"},"image":{"@id":"https:\/\/impactocastex.com.ar\/#\/schema\/logo\/image\/"},"sameAs":["https:\/\/www.facebook.com\/impactocastexdiario","https:\/\/www.instagram.com\/impactocastex.com.ar\/"]},{"@type":"Person","@id":"https:\/\/impactocastex.com.ar\/#\/schema\/person\/86cb4f827fb5f87869a239b98a69c6e3","name":"impactocastex","image":{"@type":"ImageObject","inLanguage":"es","@id":"https:\/\/secure.gravatar.com\/avatar\/9a87ee051ca8c77f5d4070843ce2c78cdf95b858b950fb039151de955122f5f5?s=96&d=mm&r=g","url":"https:\/\/secure.gravatar.com\/avatar\/9a87ee051ca8c77f5d4070843ce2c78cdf95b858b950fb039151de955122f5f5?s=96&d=mm&r=g","contentUrl":"https:\/\/secure.gravatar.com\/avatar\/9a87ee051ca8c77f5d4070843ce2c78cdf95b858b950fb039151de955122f5f5?s=96&d=mm&r=g","caption":"impactocastex"},"sameAs":["https:\/\/impactocastex.com.ar"],"url":"https:\/\/impactocastex.com.ar\/?author=1"}]}},"jetpack_publicize_connections":[],"featured_image_urls":{"full":["https:\/\/impactocastex.com.ar\/wp-content\/uploads\/2026\/05\/3XQJWPCWPNAR5MCURN6LHNBWIE-aRPhUG.jpg",2000,1312,false],"thumbnail":["https:\/\/impactocastex.com.ar\/wp-content\/uploads\/2026\/05\/3XQJWPCWPNAR5MCURN6LHNBWIE-aRPhUG-150x150.jpg",150,150,true],"medium":["https:\/\/impactocastex.com.ar\/wp-content\/uploads\/2026\/05\/3XQJWPCWPNAR5MCURN6LHNBWIE-aRPhUG-300x197.jpg",300,197,true],"medium_large":["https:\/\/impactocastex.com.ar\/wp-content\/uploads\/2026\/05\/3XQJWPCWPNAR5MCURN6LHNBWIE-aRPhUG-768x504.jpg",640,420,true],"large":["https:\/\/impactocastex.com.ar\/wp-content\/uploads\/2026\/05\/3XQJWPCWPNAR5MCURN6LHNBWIE-aRPhUG-1024x672.jpg",640,420,true],"1536x1536":["https:\/\/impactocastex.com.ar\/wp-content\/uploads\/2026\/05\/3XQJWPCWPNAR5MCURN6LHNBWIE-aRPhUG-1536x1008.jpg",1536,1008,true],"2048x2048":["https:\/\/impactocastex.com.ar\/wp-content\/uploads\/2026\/05\/3XQJWPCWPNAR5MCURN6LHNBWIE-aRPhUG.jpg",2000,1312,false],"newsever-slider-full":["https:\/\/impactocastex.com.ar\/wp-content\/uploads\/2026\/05\/3XQJWPCWPNAR5MCURN6LHNBWIE-aRPhUG-1280x845.jpg",1280,845,true],"newsever-featured":["https:\/\/impactocastex.com.ar\/wp-content\/uploads\/2026\/05\/3XQJWPCWPNAR5MCURN6LHNBWIE-aRPhUG-1024x672.jpg",1024,672,true],"newsever-medium":["https:\/\/impactocastex.com.ar\/wp-content\/uploads\/2026\/05\/3XQJWPCWPNAR5MCURN6LHNBWIE-aRPhUG-720x475.jpg",720,475,true]},"author_info":{"info":["impactocastex"]},"category_info":"<a href=\"https:\/\/impactocastex.com.ar\/?cat=89\" rel=\"category\">NACIONALES<\/a>","tag_info":"NACIONALES","comment_count":0,"jetpack_featured_media_url":"https:\/\/impactocastex.com.ar\/wp-content\/uploads\/2026\/05\/3XQJWPCWPNAR5MCURN6LHNBWIE-aRPhUG.jpg","jetpack_sharing_enabled":true,"jetpack_likes_enabled":true,"jetpack_shortlink":"https:\/\/wp.me\/p7sopA-4pq","_links":{"self":[{"href":"https:\/\/impactocastex.com.ar\/index.php?rest_route=\/wp\/v2\/posts\/16952","targetHints":{"allow":["GET"]}}],"collection":[{"href":"https:\/\/impactocastex.com.ar\/index.php?rest_route=\/wp\/v2\/posts"}],"about":[{"href":"https:\/\/impactocastex.com.ar\/index.php?rest_route=\/wp\/v2\/types\/post"}],"author":[{"embeddable":true,"href":"https:\/\/impactocastex.com.ar\/index.php?rest_route=\/wp\/v2\/users\/1"}],"replies":[{"embeddable":true,"href":"https:\/\/impactocastex.com.ar\/index.php?rest_route=%2Fwp%2Fv2%2Fcomments&post=16952"}],"version-history":[{"count":0,"href":"https:\/\/impactocastex.com.ar\/index.php?rest_route=\/wp\/v2\/posts\/16952\/revisions"}],"wp:featuredmedia":[{"embeddable":true,"href":"https:\/\/impactocastex.com.ar\/index.php?rest_route=\/wp\/v2\/media\/16953"}],"wp:attachment":[{"href":"https:\/\/impactocastex.com.ar\/index.php?rest_route=%2Fwp%2Fv2%2Fmedia&parent=16952"}],"wp:term":[{"taxonomy":"category","embeddable":true,"href":"https:\/\/impactocastex.com.ar\/index.php?rest_route=%2Fwp%2Fv2%2Fcategories&post=16952"},{"taxonomy":"post_tag","embeddable":true,"href":"https:\/\/impactocastex.com.ar\/index.php?rest_route=%2Fwp%2Fv2%2Ftags&post=16952"}],"curies":[{"name":"wp","href":"https:\/\/api.w.org\/{rel}","templated":true}]}}