{"id":16950,"date":"2026-05-01T14:17:05","date_gmt":"2026-05-01T17:17:05","guid":{"rendered":"https:\/\/impactocastex.com.ar\/?p=16950"},"modified":"2026-05-01T14:17:05","modified_gmt":"2026-05-01T17:17:05","slug":"trump-redobla-sus-ataques-contra-los-lideres-europeos-y-anuncia-que-elevara-los-aranceles-de-autos-y-camiones-de-la-ue","status":"publish","type":"post","link":"https:\/\/impactocastex.com.ar\/?p=16950","title":{"rendered":"Trump redobla sus ataques contra los l\u00edderes europeos y anuncia que elevar\u00e1 los aranceles de autos y camiones de la UE"},"content":{"rendered":"<p>WASHINGTON.- Pese a los intentos de <b>Europa <\/b>por eludir su complicada relaci\u00f3n con el presidente norteamericano,<b> Donald Trunp, <\/b>la<a href=\"https:\/\/www.lanacion.com.ar\/el-mundo\/guerra-de-estados-unidos-e-israel-contra-iran-en-vivo-tension-en-medio-oriente-hoy-viernes-1-de-mayo-nid01052026\/\" target=\"_self\" rel=\"\" title=\"https:\/\/www.lanacion.com.ar\/el-mundo\/guerra-de-estados-unidos-e-israel-contra-iran-en-vivo-tension-en-medio-oriente-hoy-viernes-1-de-mayo-nid01052026\/\"> guerra en Medio Oriente<\/a> no ha hecho m\u00e1s que poner de manifiesto las tensiones latentes entre los aliados transatl\u00e1nticos. Prueba de ello, el reciente anuncio del mandatario republicano quien asegur\u00f3 que<b> elevar\u00e1 los aranceles de autos y camiones de la Uni\u00f3n Europea (UE) al 25%. <\/b><\/p>\n<p><b>\u201cDado que la Uni\u00f3n Europea no est\u00e1 cumpliendo con el acuerdo comercial que acordamos plenamente, la pr\u00f3xima semana aumentar\u00e9 los aranceles que se aplican a la Uni\u00f3n Europea por los autom\u00f3viles y camiones<\/b> que entran en Estados Unidos. El arancel se incrementar\u00e1 al 25 %\u201d, apunt\u00f3 Trump desde su red social Truth.<\/p>\n<p>Sus declaraciones se dan tras una semana cargada de reproches a Europa, entre los que destacan sus amenazas a <b>Alemania. El presidente<\/b> republicano <a href=\"https:\/\/www.lanacion.com.ar\/el-mundo\/el-enfrentamiento-de-trump-con-merz-demuestra-lo-dificil-que-es-mantener-la-amistad-con-el-nid30042026\/\" target=\"_self\" rel=\"\" title=\"https:\/\/www.lanacion.com.ar\/el-mundo\/el-enfrentamiento-de-trump-con-merz-demuestra-lo-dificil-que-es-mantener-la-amistad-con-el-nid30042026\/\">arremeti\u00f3 contra el canciller alem\u00e1n Friedrich Merz<\/a> por sus cr\u00edticas a la guerra contra Ir\u00e1n, calific\u00e1ndolo de <b>\u201ctotalmente ineficaz\u201d.<\/b> El mandatario republicano amenaz\u00f3, as\u00ed, con <b>reducir el n\u00famero de soldados estadounidenses desplegados<\/b> en el pa\u00eds, que asciende a 36.400. <\/p>\n<p><img loading=\"lazy\" decoding=\"async\" src=\"https:\/\/resizer.glanacion.com\/resizer\/v2\/XDRLLEWXUBFCVET5JWQCVFD4ZY.png?auth=565069dbbc0cb98181bfe6bb5db8d6633d60b41457e87c3aa146b573cb3f544f&amp;smart=true&amp;width=663&amp;height=469\" alt=\"Posteo de Trump\" height=\"469\" width=\"663\" \/><\/p>\n<p>Pero Merz no fue el \u00fanico. Trump cruz\u00f3 tambi\u00e9n al primer ministro brit\u00e1nico, <b>Keir Starmer, <\/b>en t\u00e9rminos sorprendentemente personales, diciendo que <b>\u201cno es Winston Churchill\u201d<\/b> y <b>amenazando con imponer un \u201carancel elevado\u201d a las importaciones procedentes del Reino Unido.<\/b> <\/p>\n<p>Sin embargo, lo que encendi\u00f3 algunas alarmas en Europa fue que el Departamento de Defensa de Trump haya deslizado la posibilidad <a href=\"https:\/\/www.reuters.com\/world\/pentagon-email-floats-suspending-spain-nato-other-steps-over-iran-rift-source-2026-04-24\/\" rel=\"\">de castigar a los aliados de la OTAN<\/a> que, a su juicio, no apoyan las operaciones estadounidenses en la guerra contra Ir\u00e1n, incluyendo la suspensi\u00f3n de Espa\u00f1a como miembro y la revisi\u00f3n del reconocimiento estadounidense de las Islas Malvinas como posesi\u00f3n brit\u00e1nica.<\/p>\n<p>El mes pasado, Trump amenaz\u00f3 con imponer <b>un embargo comercial total a Espa\u00f1a <\/b>despu\u00e9s de que su aliado europeo se neg\u00f3 a permitir que el Ej\u00e9rcito estadounidense usara sus bases para misiones relacionadas con ataques contra Ir\u00e1n.<\/p>\n<p><img loading=\"lazy\" decoding=\"async\" src=\"https:\/\/resizer.glanacion.com\/resizer\/v2\/V3WT5QZ2NRCVBDV5HLQFBTFCUI.JPG?auth=66a1f165e463b159bc5355f702b6c68e4ae5cd908398eab70f807e9a85f2457e&amp;smart=true&amp;width=3000&amp;height=2001\" alt=\"El presidente Donald Trump conversa con el canciller alem\u00e1n, Friedrich Merz, durante una reuni\u00f3n en el Despacho Oval de la Casa Blanca, el martes 3 de marzo de 2026, en Washington (AP\/Mark Schiefelbein)\" height=\"2001\" width=\"3000\" \/><\/p>\n<p><b>\u201cEs inquietante, por lo menos\u201d, <\/b>se\u00f1al\u00f3 un diplom\u00e1tico europeo. <b>\u201cEstamos preparados para cualquier eventualidad, en cualquier momento\u201d, admiti\u00f3. <\/b><\/p>\n<p>Los \u00faltimos ataques estadounidenses, lanzados a ra\u00edz de desacuerdos sobre la guerra con Ir\u00e1n, parecen haber hecho retroceder las relaciones entre Estados Unidos y Europa a los primeros d\u00edas de la segunda administraci\u00f3n Trump y plantean nuevos interrogantes sobre la mejor manera de tratar con un aliado tan vol\u00e1til.<\/p>\n<p>Un segundo diplom\u00e1tico europeo afirm\u00f3 que la excanciller alemana Angela Merkel, que mantuvo una relaci\u00f3n tensa con Trump durante su primer mandato, hab\u00eda dado ejemplo del enfoque correcto.<\/p>\n<p>\u201cA estas alturas, todos hemos aprendido un poco c\u00f3mo lidiar con Trump. No hay que reaccionar de inmediato, hay que dejar que pase la tormenta, sin descuidar las propias posturas\u201d, indic\u00f3.<\/p>\n<p>Incluso quienes trataron de halagar a Trump se enfrentaron a su ira. \u201cTodos los que lo intentaron recibieron su merecida lluvia de insultos, igual que los dem\u00e1s. As\u00ed que ahora se dan cuenta de que la adulaci\u00f3n tampoco funciona\u201d, agreg\u00f3 el diplom\u00e1tico. <\/p>\n<h1>La presi\u00f3n de Trump<\/h1>\n<p>El a\u00f1o pasado, los aranceles estadounidenses, el empe\u00f1o de Trump por adquirir Groenlandia y el recorte de la ayuda estadounidense a Ucrania desestabilizaron profundamente las relaciones transatl\u00e1nticas.<\/p>\n<p>Algunos l\u00edderes, entre ellos Starmer, Merz y la primera ministra italiana Giorgia Meloni, trabajaron para estabilizar las relaciones mediante visitas regulares, acuerdos comerciales y cambios de pol\u00edtica, algunos de los cuales han sido impopulares a nivel nacional, solo para encontrarse nuevamente en el punto de mira tras el inicio de la guerra con Ir\u00e1n en febrero.<\/p>\n<p>Incluso <a href=\"https:\/\/www.reuters.com\/world\/americas\/trump-meets-nato-chief-iran-war-strains-alliance-2026-04-08\/\" rel=\"\">el secretario general de la OTAN, Mark Rutte,<\/a> conocido en Europa como un \u201casesor de Trump\u201d, recibi\u00f3 una reprimenda de Trump durante una reuni\u00f3n en la Casa Blanca este mes. <\/p>\n<p><img loading=\"lazy\" decoding=\"async\" src=\"https:\/\/resizer.glanacion.com\/resizer\/v2\/A4GGJQLEFNBMHMNN6ECANL3HQM.jpg?auth=a07a2e8cdaab56cb90261e91664b94869e9f896da1c91eee3971e237b7fe98ce&amp;smart=true&amp;width=2000&amp;height=1333\" alt=\"El presidente Donald Trump junto a la premier de Italia, Giorgia Meloni  (AP\/Evan Vucci)\" height=\"1333\" width=\"2000\" \/><\/p>\n<p>El presidente estadounidense carg\u00f3 adem\u00e1s contra <a href=\"https:\/\/www.reuters.com\/world\/europe\/trump-turns-meloni-says-he-is-shocked-by-italian-leader-2026-04-14\/\" rel=\"\">Meloni<\/a>, quien fuera su l\u00edder europea favorita, despu\u00e9s de que ella criticara la guerra de Ir\u00e1n y cuestionara a Trump por lo que calific\u00f3 de ataque verbal \u201cinaceptable\u201d contra el papa Le\u00f3n XIII.<\/p>\n<p>Si bien muchos miembros de la administraci\u00f3n estadounidense se muestran profundamente esc\u00e9pticos respecto a Europa, no todos los miembros del Partido Republicano del presidente apoyan el enfoque de Trump.<\/p>\n<p>\u201cLos continuos ataques contra los aliados de la OTAN son contraproducentes y los comentarios hieren a los estadounidenses\u201d, escribi\u00f3 el representante republicano Don Bacon en<i> X <\/i>el jueves, tras la amenaza de Trump de reducir el n\u00famero de tropas en Alemania.<\/p>\n<p>\u201cLos dos grandes aer\u00f3dromos de Alemania nos dan un excelente acceso a tres continentes. Nos estamos disparando en el pie\u201d, sentenci\u00f3. <\/p>\n<p><i><b>Agencia Reuters<\/b><\/i><\/p>\n<p>\u200bEl impuesto se incrementar\u00e1 al 25%; la medida llega despu\u00e9s de cuestionar la falta de apoyo de los aliados de la OTAN para abrir el estrecho de Ormuz; amenaz\u00f3 con reducir el n\u00famero de tropas estadounidenses en Alemania, Italia y Espa\u00f1a\u00a0\u00a0<\/p>","protected":false},"excerpt":{"rendered":"<p>WASHINGTON.- Pese a los intentos de Europa por eludir su complicada relaci\u00f3n con el presidente&#8230;<\/p>\n","protected":false},"author":1,"featured_media":16951,"comment_status":"closed","ping_status":"closed","sticky":false,"template":"","format":"standard","meta":{"_jetpack_memberships_contains_paid_content":false,"footnotes":"","jetpack_publicize_message":"","jetpack_publicize_feature_enabled":true,"jetpack_social_post_already_shared":true,"jetpack_social_options":{"image_generator_settings":{"template":"highway","default_image_id":0,"font":"","enabled":false},"version":2}},"categories":[89],"tags":[],"class_list":["post-16950","post","type-post","status-publish","format-standard","has-post-thumbnail","hentry","category-nacionales"],"yoast_head":"<!-- This site is optimized with the Yoast SEO plugin v27.4 - https:\/\/yoast.com\/product\/yoast-seo-wordpress\/ -->\n<title>Trump redobla sus ataques contra los l\u00edderes europeos y anuncia que elevar\u00e1 los aranceles de autos y camiones de la UE -<\/title>\n<meta name=\"robots\" content=\"index, follow, max-snippet:-1, max-image-preview:large, max-video-preview:-1\" \/>\n<link rel=\"canonical\" href=\"https:\/\/impactocastex.com.ar\/?p=16950\" \/>\n<meta property=\"og:locale\" content=\"es_ES\" \/>\n<meta property=\"og:type\" content=\"article\" \/>\n<meta property=\"og:title\" content=\"Trump redobla sus ataques contra los l\u00edderes europeos y anuncia que elevar\u00e1 los aranceles de autos y camiones de la UE -\" \/>\n<meta property=\"og:description\" content=\"WASHINGTON.- Pese a los intentos de Europa por eludir su complicada relaci\u00f3n con el presidente...\" \/>\n<meta property=\"og:url\" content=\"https:\/\/impactocastex.com.ar\/?p=16950\" \/>\n<meta property=\"article:publisher\" content=\"https:\/\/www.facebook.com\/impactocastexdiario\" \/>\n<meta property=\"article:published_time\" content=\"2026-05-01T17:17:05+00:00\" \/>\n<meta property=\"og:image\" content=\"https:\/\/resizer.glanacion.com\/resizer\/v2\/XDRLLEWXUBFCVET5JWQCVFD4ZY.png?auth=565069dbbc0cb98181bfe6bb5db8d6633d60b41457e87c3aa146b573cb3f544f&amp;smart=true&amp;width=663&amp;height=469\" \/>\n<meta name=\"author\" content=\"impactocastex\" \/>\n<meta name=\"twitter:card\" content=\"summary_large_image\" \/>\n<meta name=\"twitter:label1\" content=\"Escrito por\" \/>\n\t<meta name=\"twitter:data1\" content=\"impactocastex\" \/>\n\t<meta name=\"twitter:label2\" content=\"Tiempo de lectura\" \/>\n\t<meta name=\"twitter:data2\" content=\"4 minutos\" \/>\n<script type=\"application\/ld+json\" class=\"yoast-schema-graph\">{\"@context\":\"https:\\\/\\\/schema.org\",\"@graph\":[{\"@type\":\"Article\",\"@id\":\"https:\\\/\\\/impactocastex.com.ar\\\/?p=16950#article\",\"isPartOf\":{\"@id\":\"https:\\\/\\\/impactocastex.com.ar\\\/?p=16950\"},\"author\":{\"name\":\"impactocastex\",\"@id\":\"https:\\\/\\\/impactocastex.com.ar\\\/#\\\/schema\\\/person\\\/86cb4f827fb5f87869a239b98a69c6e3\"},\"headline\":\"Trump redobla sus ataques contra los l\u00edderes europeos y anuncia que elevar\u00e1 los aranceles de autos y camiones de la UE\",\"datePublished\":\"2026-05-01T17:17:05+00:00\",\"mainEntityOfPage\":{\"@id\":\"https:\\\/\\\/impactocastex.com.ar\\\/?p=16950\"},\"wordCount\":855,\"publisher\":{\"@id\":\"https:\\\/\\\/impactocastex.com.ar\\\/#organization\"},\"image\":{\"@id\":\"https:\\\/\\\/impactocastex.com.ar\\\/?p=16950#primaryimage\"},\"thumbnailUrl\":\"https:\\\/\\\/impactocastex.com.ar\\\/wp-content\\\/uploads\\\/2026\\\/05\\\/MF3EJFJKI5AYNLBHCH3SUNV5GQ-k0ucFD-scaled.jpg\",\"articleSection\":[\"NACIONALES\"],\"inLanguage\":\"es\"},{\"@type\":\"WebPage\",\"@id\":\"https:\\\/\\\/impactocastex.com.ar\\\/?p=16950\",\"url\":\"https:\\\/\\\/impactocastex.com.ar\\\/?p=16950\",\"name\":\"Trump redobla sus ataques contra los l\u00edderes europeos y anuncia que elevar\u00e1 los aranceles de autos y camiones de la UE -\",\"isPartOf\":{\"@id\":\"https:\\\/\\\/impactocastex.com.ar\\\/#website\"},\"primaryImageOfPage\":{\"@id\":\"https:\\\/\\\/impactocastex.com.ar\\\/?p=16950#primaryimage\"},\"image\":{\"@id\":\"https:\\\/\\\/impactocastex.com.ar\\\/?p=16950#primaryimage\"},\"thumbnailUrl\":\"https:\\\/\\\/impactocastex.com.ar\\\/wp-content\\\/uploads\\\/2026\\\/05\\\/MF3EJFJKI5AYNLBHCH3SUNV5GQ-k0ucFD-scaled.jpg\",\"datePublished\":\"2026-05-01T17:17:05+00:00\",\"breadcrumb\":{\"@id\":\"https:\\\/\\\/impactocastex.com.ar\\\/?p=16950#breadcrumb\"},\"inLanguage\":\"es\",\"potentialAction\":[{\"@type\":\"ReadAction\",\"target\":[\"https:\\\/\\\/impactocastex.com.ar\\\/?p=16950\"]}]},{\"@type\":\"ImageObject\",\"inLanguage\":\"es\",\"@id\":\"https:\\\/\\\/impactocastex.com.ar\\\/?p=16950#primaryimage\",\"url\":\"https:\\\/\\\/impactocastex.com.ar\\\/wp-content\\\/uploads\\\/2026\\\/05\\\/MF3EJFJKI5AYNLBHCH3SUNV5GQ-k0ucFD-scaled.jpg\",\"contentUrl\":\"https:\\\/\\\/impactocastex.com.ar\\\/wp-content\\\/uploads\\\/2026\\\/05\\\/MF3EJFJKI5AYNLBHCH3SUNV5GQ-k0ucFD-scaled.jpg\",\"width\":2560,\"height\":1823},{\"@type\":\"BreadcrumbList\",\"@id\":\"https:\\\/\\\/impactocastex.com.ar\\\/?p=16950#breadcrumb\",\"itemListElement\":[{\"@type\":\"ListItem\",\"position\":1,\"name\":\"Portada\",\"item\":\"https:\\\/\\\/impactocastex.com.ar\\\/\"},{\"@type\":\"ListItem\",\"position\":2,\"name\":\"Trump redobla sus ataques contra los l\u00edderes europeos y anuncia que elevar\u00e1 los aranceles de autos y camiones de la UE\"}]},{\"@type\":\"WebSite\",\"@id\":\"https:\\\/\\\/impactocastex.com.ar\\\/#website\",\"url\":\"https:\\\/\\\/impactocastex.com.ar\\\/\",\"name\":\"Impacto Castex\",\"description\":\"\",\"publisher\":{\"@id\":\"https:\\\/\\\/impactocastex.com.ar\\\/#organization\"},\"potentialAction\":[{\"@type\":\"SearchAction\",\"target\":{\"@type\":\"EntryPoint\",\"urlTemplate\":\"https:\\\/\\\/impactocastex.com.ar\\\/?s={search_term_string}\"},\"query-input\":{\"@type\":\"PropertyValueSpecification\",\"valueRequired\":true,\"valueName\":\"search_term_string\"}}],\"inLanguage\":\"es\"},{\"@type\":\"Organization\",\"@id\":\"https:\\\/\\\/impactocastex.com.ar\\\/#organization\",\"name\":\"Impacto Castex\",\"url\":\"https:\\\/\\\/impactocastex.com.ar\\\/\",\"logo\":{\"@type\":\"ImageObject\",\"inLanguage\":\"es\",\"@id\":\"https:\\\/\\\/impactocastex.com.ar\\\/#\\\/schema\\\/logo\\\/image\\\/\",\"url\":\"https:\\\/\\\/impactocastex.com.ar\\\/wp-content\\\/uploads\\\/2025\\\/09\\\/cropped-icoweb.png\",\"contentUrl\":\"https:\\\/\\\/impactocastex.com.ar\\\/wp-content\\\/uploads\\\/2025\\\/09\\\/cropped-icoweb.png\",\"width\":512,\"height\":512,\"caption\":\"Impacto Castex\"},\"image\":{\"@id\":\"https:\\\/\\\/impactocastex.com.ar\\\/#\\\/schema\\\/logo\\\/image\\\/\"},\"sameAs\":[\"https:\\\/\\\/www.facebook.com\\\/impactocastexdiario\",\"https:\\\/\\\/www.instagram.com\\\/impactocastex.com.ar\\\/\"]},{\"@type\":\"Person\",\"@id\":\"https:\\\/\\\/impactocastex.com.ar\\\/#\\\/schema\\\/person\\\/86cb4f827fb5f87869a239b98a69c6e3\",\"name\":\"impactocastex\",\"image\":{\"@type\":\"ImageObject\",\"inLanguage\":\"es\",\"@id\":\"https:\\\/\\\/secure.gravatar.com\\\/avatar\\\/9a87ee051ca8c77f5d4070843ce2c78cdf95b858b950fb039151de955122f5f5?s=96&d=mm&r=g\",\"url\":\"https:\\\/\\\/secure.gravatar.com\\\/avatar\\\/9a87ee051ca8c77f5d4070843ce2c78cdf95b858b950fb039151de955122f5f5?s=96&d=mm&r=g\",\"contentUrl\":\"https:\\\/\\\/secure.gravatar.com\\\/avatar\\\/9a87ee051ca8c77f5d4070843ce2c78cdf95b858b950fb039151de955122f5f5?s=96&d=mm&r=g\",\"caption\":\"impactocastex\"},\"sameAs\":[\"https:\\\/\\\/impactocastex.com.ar\"],\"url\":\"https:\\\/\\\/impactocastex.com.ar\\\/?author=1\"}]}<\/script>\n<!-- \/ Yoast SEO plugin. -->","yoast_head_json":{"title":"Trump redobla sus ataques contra los l\u00edderes europeos y anuncia que elevar\u00e1 los aranceles de autos y camiones de la UE -","robots":{"index":"index","follow":"follow","max-snippet":"max-snippet:-1","max-image-preview":"max-image-preview:large","max-video-preview":"max-video-preview:-1"},"canonical":"https:\/\/impactocastex.com.ar\/?p=16950","og_locale":"es_ES","og_type":"article","og_title":"Trump redobla sus ataques contra los l\u00edderes europeos y anuncia que elevar\u00e1 los aranceles de autos y camiones de la UE -","og_description":"WASHINGTON.- Pese a los intentos de Europa por eludir su complicada relaci\u00f3n con el presidente...","og_url":"https:\/\/impactocastex.com.ar\/?p=16950","article_publisher":"https:\/\/www.facebook.com\/impactocastexdiario","article_published_time":"2026-05-01T17:17:05+00:00","og_image":[{"url":"https:\/\/resizer.glanacion.com\/resizer\/v2\/XDRLLEWXUBFCVET5JWQCVFD4ZY.png?auth=565069dbbc0cb98181bfe6bb5db8d6633d60b41457e87c3aa146b573cb3f544f&amp;smart=true&amp;width=663&amp;height=469","type":"","width":"","height":""}],"author":"impactocastex","twitter_card":"summary_large_image","twitter_misc":{"Escrito por":"impactocastex","Tiempo de lectura":"4 minutos"},"schema":{"@context":"https:\/\/schema.org","@graph":[{"@type":"Article","@id":"https:\/\/impactocastex.com.ar\/?p=16950#article","isPartOf":{"@id":"https:\/\/impactocastex.com.ar\/?p=16950"},"author":{"name":"impactocastex","@id":"https:\/\/impactocastex.com.ar\/#\/schema\/person\/86cb4f827fb5f87869a239b98a69c6e3"},"headline":"Trump redobla sus ataques contra los l\u00edderes europeos y anuncia que elevar\u00e1 los aranceles de autos y camiones de la UE","datePublished":"2026-05-01T17:17:05+00:00","mainEntityOfPage":{"@id":"https:\/\/impactocastex.com.ar\/?p=16950"},"wordCount":855,"publisher":{"@id":"https:\/\/impactocastex.com.ar\/#organization"},"image":{"@id":"https:\/\/impactocastex.com.ar\/?p=16950#primaryimage"},"thumbnailUrl":"https:\/\/impactocastex.com.ar\/wp-content\/uploads\/2026\/05\/MF3EJFJKI5AYNLBHCH3SUNV5GQ-k0ucFD-scaled.jpg","articleSection":["NACIONALES"],"inLanguage":"es"},{"@type":"WebPage","@id":"https:\/\/impactocastex.com.ar\/?p=16950","url":"https:\/\/impactocastex.com.ar\/?p=16950","name":"Trump redobla sus ataques contra los l\u00edderes europeos y anuncia que elevar\u00e1 los aranceles de autos y camiones de la UE -","isPartOf":{"@id":"https:\/\/impactocastex.com.ar\/#website"},"primaryImageOfPage":{"@id":"https:\/\/impactocastex.com.ar\/?p=16950#primaryimage"},"image":{"@id":"https:\/\/impactocastex.com.ar\/?p=16950#primaryimage"},"thumbnailUrl":"https:\/\/impactocastex.com.ar\/wp-content\/uploads\/2026\/05\/MF3EJFJKI5AYNLBHCH3SUNV5GQ-k0ucFD-scaled.jpg","datePublished":"2026-05-01T17:17:05+00:00","breadcrumb":{"@id":"https:\/\/impactocastex.com.ar\/?p=16950#breadcrumb"},"inLanguage":"es","potentialAction":[{"@type":"ReadAction","target":["https:\/\/impactocastex.com.ar\/?p=16950"]}]},{"@type":"ImageObject","inLanguage":"es","@id":"https:\/\/impactocastex.com.ar\/?p=16950#primaryimage","url":"https:\/\/impactocastex.com.ar\/wp-content\/uploads\/2026\/05\/MF3EJFJKI5AYNLBHCH3SUNV5GQ-k0ucFD-scaled.jpg","contentUrl":"https:\/\/impactocastex.com.ar\/wp-content\/uploads\/2026\/05\/MF3EJFJKI5AYNLBHCH3SUNV5GQ-k0ucFD-scaled.jpg","width":2560,"height":1823},{"@type":"BreadcrumbList","@id":"https:\/\/impactocastex.com.ar\/?p=16950#breadcrumb","itemListElement":[{"@type":"ListItem","position":1,"name":"Portada","item":"https:\/\/impactocastex.com.ar\/"},{"@type":"ListItem","position":2,"name":"Trump redobla sus ataques contra los l\u00edderes europeos y anuncia que elevar\u00e1 los aranceles de autos y camiones de la UE"}]},{"@type":"WebSite","@id":"https:\/\/impactocastex.com.ar\/#website","url":"https:\/\/impactocastex.com.ar\/","name":"Impacto Castex","description":"","publisher":{"@id":"https:\/\/impactocastex.com.ar\/#organization"},"potentialAction":[{"@type":"SearchAction","target":{"@type":"EntryPoint","urlTemplate":"https:\/\/impactocastex.com.ar\/?s={search_term_string}"},"query-input":{"@type":"PropertyValueSpecification","valueRequired":true,"valueName":"search_term_string"}}],"inLanguage":"es"},{"@type":"Organization","@id":"https:\/\/impactocastex.com.ar\/#organization","name":"Impacto Castex","url":"https:\/\/impactocastex.com.ar\/","logo":{"@type":"ImageObject","inLanguage":"es","@id":"https:\/\/impactocastex.com.ar\/#\/schema\/logo\/image\/","url":"https:\/\/impactocastex.com.ar\/wp-content\/uploads\/2025\/09\/cropped-icoweb.png","contentUrl":"https:\/\/impactocastex.com.ar\/wp-content\/uploads\/2025\/09\/cropped-icoweb.png","width":512,"height":512,"caption":"Impacto Castex"},"image":{"@id":"https:\/\/impactocastex.com.ar\/#\/schema\/logo\/image\/"},"sameAs":["https:\/\/www.facebook.com\/impactocastexdiario","https:\/\/www.instagram.com\/impactocastex.com.ar\/"]},{"@type":"Person","@id":"https:\/\/impactocastex.com.ar\/#\/schema\/person\/86cb4f827fb5f87869a239b98a69c6e3","name":"impactocastex","image":{"@type":"ImageObject","inLanguage":"es","@id":"https:\/\/secure.gravatar.com\/avatar\/9a87ee051ca8c77f5d4070843ce2c78cdf95b858b950fb039151de955122f5f5?s=96&d=mm&r=g","url":"https:\/\/secure.gravatar.com\/avatar\/9a87ee051ca8c77f5d4070843ce2c78cdf95b858b950fb039151de955122f5f5?s=96&d=mm&r=g","contentUrl":"https:\/\/secure.gravatar.com\/avatar\/9a87ee051ca8c77f5d4070843ce2c78cdf95b858b950fb039151de955122f5f5?s=96&d=mm&r=g","caption":"impactocastex"},"sameAs":["https:\/\/impactocastex.com.ar"],"url":"https:\/\/impactocastex.com.ar\/?author=1"}]}},"jetpack_publicize_connections":[],"featured_image_urls":{"full":["https:\/\/impactocastex.com.ar\/wp-content\/uploads\/2026\/05\/MF3EJFJKI5AYNLBHCH3SUNV5GQ-k0ucFD-scaled.jpg",2560,1823,false],"thumbnail":["https:\/\/impactocastex.com.ar\/wp-content\/uploads\/2026\/05\/MF3EJFJKI5AYNLBHCH3SUNV5GQ-k0ucFD-150x150.jpg",150,150,true],"medium":["https:\/\/impactocastex.com.ar\/wp-content\/uploads\/2026\/05\/MF3EJFJKI5AYNLBHCH3SUNV5GQ-k0ucFD-300x214.jpg",300,214,true],"medium_large":["https:\/\/impactocastex.com.ar\/wp-content\/uploads\/2026\/05\/MF3EJFJKI5AYNLBHCH3SUNV5GQ-k0ucFD-768x547.jpg",640,456,true],"large":["https:\/\/impactocastex.com.ar\/wp-content\/uploads\/2026\/05\/MF3EJFJKI5AYNLBHCH3SUNV5GQ-k0ucFD-1024x729.jpg",640,456,true],"1536x1536":["https:\/\/impactocastex.com.ar\/wp-content\/uploads\/2026\/05\/MF3EJFJKI5AYNLBHCH3SUNV5GQ-k0ucFD-1536x1094.jpg",1536,1094,true],"2048x2048":["https:\/\/impactocastex.com.ar\/wp-content\/uploads\/2026\/05\/MF3EJFJKI5AYNLBHCH3SUNV5GQ-k0ucFD-2048x1458.jpg",2048,1458,true],"newsever-slider-full":["https:\/\/impactocastex.com.ar\/wp-content\/uploads\/2026\/05\/MF3EJFJKI5AYNLBHCH3SUNV5GQ-k0ucFD-1280x845.jpg",1280,845,true],"newsever-featured":["https:\/\/impactocastex.com.ar\/wp-content\/uploads\/2026\/05\/MF3EJFJKI5AYNLBHCH3SUNV5GQ-k0ucFD-1024x729.jpg",1024,729,true],"newsever-medium":["https:\/\/impactocastex.com.ar\/wp-content\/uploads\/2026\/05\/MF3EJFJKI5AYNLBHCH3SUNV5GQ-k0ucFD-720x475.jpg",720,475,true]},"author_info":{"info":["impactocastex"]},"category_info":"<a href=\"https:\/\/impactocastex.com.ar\/?cat=89\" rel=\"category\">NACIONALES<\/a>","tag_info":"NACIONALES","comment_count":0,"jetpack_featured_media_url":"https:\/\/impactocastex.com.ar\/wp-content\/uploads\/2026\/05\/MF3EJFJKI5AYNLBHCH3SUNV5GQ-k0ucFD-scaled.jpg","jetpack_sharing_enabled":true,"jetpack_likes_enabled":true,"jetpack_shortlink":"https:\/\/wp.me\/p7sopA-4po","_links":{"self":[{"href":"https:\/\/impactocastex.com.ar\/index.php?rest_route=\/wp\/v2\/posts\/16950","targetHints":{"allow":["GET"]}}],"collection":[{"href":"https:\/\/impactocastex.com.ar\/index.php?rest_route=\/wp\/v2\/posts"}],"about":[{"href":"https:\/\/impactocastex.com.ar\/index.php?rest_route=\/wp\/v2\/types\/post"}],"author":[{"embeddable":true,"href":"https:\/\/impactocastex.com.ar\/index.php?rest_route=\/wp\/v2\/users\/1"}],"replies":[{"embeddable":true,"href":"https:\/\/impactocastex.com.ar\/index.php?rest_route=%2Fwp%2Fv2%2Fcomments&post=16950"}],"version-history":[{"count":0,"href":"https:\/\/impactocastex.com.ar\/index.php?rest_route=\/wp\/v2\/posts\/16950\/revisions"}],"wp:featuredmedia":[{"embeddable":true,"href":"https:\/\/impactocastex.com.ar\/index.php?rest_route=\/wp\/v2\/media\/16951"}],"wp:attachment":[{"href":"https:\/\/impactocastex.com.ar\/index.php?rest_route=%2Fwp%2Fv2%2Fmedia&parent=16950"}],"wp:term":[{"taxonomy":"category","embeddable":true,"href":"https:\/\/impactocastex.com.ar\/index.php?rest_route=%2Fwp%2Fv2%2Fcategories&post=16950"},{"taxonomy":"post_tag","embeddable":true,"href":"https:\/\/impactocastex.com.ar\/index.php?rest_route=%2Fwp%2Fv2%2Ftags&post=16950"}],"curies":[{"name":"wp","href":"https:\/\/api.w.org\/{rel}","templated":true}]}}