{"id":16946,"date":"2026-05-01T12:15:49","date_gmt":"2026-05-01T15:15:49","guid":{"rendered":"https:\/\/impactocastex.com.ar\/?p=16946"},"modified":"2026-05-01T12:15:49","modified_gmt":"2026-05-01T15:15:49","slug":"allanaron-la-sede-del-tc-en-caballito-y-los-talleres-de-ocho-equipos","status":"publish","type":"post","link":"https:\/\/impactocastex.com.ar\/?p=16946","title":{"rendered":"Allanaron la sede del TC en Caballito y los talleres de ocho equipos"},"content":{"rendered":"<p>La <b>Polic\u00eda Federal Argentina<\/b> (PFA) allan\u00f3 la sede de la entidad que agrupa a propietarios y pilotos de la categor\u00eda m\u00e1s popular del automovilismo argentino: el <b>Turismo Carretera<\/b>.<\/p>\n<p>El operativo fue ordenado por el <b>juez federal Daniel Rafecas <\/b>que <b>investiga a los directivos de la Asociaci\u00f3n de Corredores de Turismo Carretera (ACTC) por la presunta violaci\u00f3n de la ley de marcas<\/b>.<\/p>\n<p>Seg\u00fan fuentes de la investigaci\u00f3n, la causa comenz\u00f3 a partir de una denuncia en la que se expuso la<b> disputa empresarial relacionada por tema de marcas de repuestos que se usan en los autos de competici\u00f3n<\/b>.<\/p>\n<p>A partir de las pruebas incorporadas en el expediente y las maniobras imputadas a la entidad rectora de la categor\u00eda m\u00e1s popular del automovilismo nacional, se determinar\u00e1 si hubo responsabilidad de los dirigentes en la maniobra denunciada.<\/p>\n<p>Ayer por la tarde los detectives de la Divisi\u00f3n Delitos Fiscales de la PFA irrumpieron en la sede la ACTC, situada en Bogot\u00e1 166, en Caballito, y secuestraron documentaci\u00f3n guardada en archivos digitales y de papel, adem\u00e1s de computadoras. Con esos elementos, los funcionarios judiciales y policiales se enfocar\u00e1n en tratar de reconstruir y establecer los posibles circuitos de los repuestos con marcas ap\u00f3crifas.<\/p>\n<p>La orden de requisa incluy\u00f3 las oficinas de la Asociaci\u00f3n de Corredores y Propietarios de Autom\u00f3viles de Competici\u00f3n (Acpac).<\/p>\n<p>La investigaci\u00f3n tambi\u00e9n sum\u00f3 allanamientos en ocho talleres de equipos de competici\u00f3n del TC, situados en Malague\u00f1o, en General Baldissera, C\u00f3rdoba; Esteban Echeverr\u00eda, Mar del Plata, Ramos Mej\u00eda, Arrecifes y Gualeguaych\u00fa.<\/p>\n<p>No se trata del \u00fanico expediente contra los m\u00e1ximos responsables de la entidad rectora de la categor\u00eda m\u00e1s popular del automovilismo argentino.<\/p>\n<p><img loading=\"lazy\" decoding=\"async\" src=\"https:\/\/resizer.glanacion.com\/resizer\/v2\/OHS4TXVIYFDB7M77MOLS46MMQY.jpeg?auth=76e21a177c4222929498535464b6aaf16c048679fb9e9618deaec606462c87d1&amp;smart=true&amp;width=1360&amp;height=910\" alt=\"Los allanamientos estuvieron a cargo de la Policia Federal Argentina\" height=\"910\" width=\"1360\" \/><\/p>\n<p>Hace 15 d\u00edas, en otro sumario, pero que se instruye en un juzgado federal de La Plata, el<b> juez Alejo Ramos Padilla<\/b>, dict\u00f3 los procesamientos de <a href=\"https:\/\/www.lanacion.com.ar\/deportes\/procesaron-al-piloto-de-tc-gaston-mazzacane-y-a-su-padre-por-evasion-tributaria-e-insolvencia-fiscal-nid15042026\/\" target=\"_self\" rel=\"\" title=\"https:\/\/www.lanacion.com.ar\/deportes\/procesaron-al-piloto-de-tc-gaston-mazzacane-y-a-su-padre-por-evasion-tributaria-e-insolvencia-fiscal-nid15042026\/\">Hugo H\u00e9ctor Mazzacane, actual presidente de la ACTC y de su hijo, Gast\u00f3n Hugo Mazzacane<\/a>, piloto de la categor\u00eda y a otros integrantes de la familia y empresarios por su presunta responsabilidad en el delito de <b>evasi\u00f3n tributaria e insolvencia fiscal fraudulenta.<\/b><\/p>\n<p>Seg\u00fan fuentes judiciales, la deuda investigada superaba $5500 millones, en el per\u00edodo 2021 a 2023 y llegar\u00eda a m\u00e1s de $8000 millones, si se agrega el per\u00edodo 2024.<\/p>\n<p>Seg\u00fan un dictamen del Ministerio P\u00fablico Fiscal, la maniobra investigada consist\u00eda en usar empresas vinculadas, contabilidad paralela y operaciones en efectivo para ocultar ingresos y vaciar la empresa principal.<\/p>\n<p><b>El objetivo habr\u00eda sido evitar el pago de impuestos y frustrar el cobro por parte del Estado generando una \u201caparente insolvencia\u201d<\/b>, seg\u00fan se consign\u00f3 en la resoluci\u00f3n.<\/p>\n<p>Adem\u00e1s de ser la categor\u00eda m\u00e1s popular del automovilismo argentino, el TC fue considerado en el Libro Guinness de los r\u00e9cords como el campeonato de autom\u00f3viles de competici\u00f3n m\u00e1s antiguo del mundo, debido a que se realiza desde 1939 en forma oficial con la actual denominaci\u00f3n.<\/p>\n<p>\u200bSe trata de una causa que instruye el juez federal Daniel Rafecas; los operativos estuvieron a cargo de la Polic\u00eda Federal Argentina\u00a0\u00a0<\/p>","protected":false},"excerpt":{"rendered":"<p>La Polic\u00eda Federal Argentina (PFA) allan\u00f3 la sede de la entidad que agrupa a propietarios&#8230;<\/p>\n","protected":false},"author":1,"featured_media":16947,"comment_status":"closed","ping_status":"closed","sticky":false,"template":"","format":"standard","meta":{"_jetpack_memberships_contains_paid_content":false,"footnotes":"","jetpack_publicize_message":"","jetpack_publicize_feature_enabled":true,"jetpack_social_post_already_shared":true,"jetpack_social_options":{"image_generator_settings":{"template":"highway","default_image_id":0,"font":"","enabled":false},"version":2}},"categories":[89],"tags":[],"class_list":["post-16946","post","type-post","status-publish","format-standard","has-post-thumbnail","hentry","category-nacionales"],"yoast_head":"<!-- This site is optimized with the Yoast SEO plugin v27.4 - https:\/\/yoast.com\/product\/yoast-seo-wordpress\/ -->\n<title>Allanaron la sede del TC en Caballito y los talleres de ocho equipos -<\/title>\n<meta name=\"robots\" content=\"index, follow, max-snippet:-1, max-image-preview:large, max-video-preview:-1\" \/>\n<link rel=\"canonical\" href=\"https:\/\/impactocastex.com.ar\/?p=16946\" \/>\n<meta property=\"og:locale\" content=\"es_ES\" \/>\n<meta property=\"og:type\" content=\"article\" \/>\n<meta property=\"og:title\" content=\"Allanaron la sede del TC en Caballito y los talleres de ocho equipos -\" \/>\n<meta property=\"og:description\" content=\"La Polic\u00eda Federal Argentina (PFA) allan\u00f3 la sede de la entidad que agrupa a propietarios...\" \/>\n<meta property=\"og:url\" content=\"https:\/\/impactocastex.com.ar\/?p=16946\" \/>\n<meta property=\"article:publisher\" content=\"https:\/\/www.facebook.com\/impactocastexdiario\" \/>\n<meta property=\"article:published_time\" content=\"2026-05-01T15:15:49+00:00\" \/>\n<meta property=\"og:image\" content=\"https:\/\/resizer.glanacion.com\/resizer\/v2\/OHS4TXVIYFDB7M77MOLS46MMQY.jpeg?auth=76e21a177c4222929498535464b6aaf16c048679fb9e9618deaec606462c87d1&amp;smart=true&amp;width=1360&amp;height=910\" \/>\n<meta name=\"author\" content=\"impactocastex\" \/>\n<meta name=\"twitter:card\" content=\"summary_large_image\" \/>\n<meta name=\"twitter:label1\" content=\"Escrito por\" \/>\n\t<meta name=\"twitter:data1\" content=\"impactocastex\" \/>\n\t<meta name=\"twitter:label2\" content=\"Tiempo de lectura\" \/>\n\t<meta name=\"twitter:data2\" content=\"3 minutos\" \/>\n<script type=\"application\/ld+json\" class=\"yoast-schema-graph\">{\"@context\":\"https:\\\/\\\/schema.org\",\"@graph\":[{\"@type\":\"Article\",\"@id\":\"https:\\\/\\\/impactocastex.com.ar\\\/?p=16946#article\",\"isPartOf\":{\"@id\":\"https:\\\/\\\/impactocastex.com.ar\\\/?p=16946\"},\"author\":{\"name\":\"impactocastex\",\"@id\":\"https:\\\/\\\/impactocastex.com.ar\\\/#\\\/schema\\\/person\\\/86cb4f827fb5f87869a239b98a69c6e3\"},\"headline\":\"Allanaron la sede del TC en Caballito y los talleres de ocho equipos\",\"datePublished\":\"2026-05-01T15:15:49+00:00\",\"mainEntityOfPage\":{\"@id\":\"https:\\\/\\\/impactocastex.com.ar\\\/?p=16946\"},\"wordCount\":548,\"publisher\":{\"@id\":\"https:\\\/\\\/impactocastex.com.ar\\\/#organization\"},\"image\":{\"@id\":\"https:\\\/\\\/impactocastex.com.ar\\\/?p=16946#primaryimage\"},\"thumbnailUrl\":\"https:\\\/\\\/impactocastex.com.ar\\\/wp-content\\\/uploads\\\/2026\\\/05\\\/T4FEVD6H3RGV3GMTCQIXHDLHBE-Bkf3XH.jpg\",\"articleSection\":[\"NACIONALES\"],\"inLanguage\":\"es\"},{\"@type\":\"WebPage\",\"@id\":\"https:\\\/\\\/impactocastex.com.ar\\\/?p=16946\",\"url\":\"https:\\\/\\\/impactocastex.com.ar\\\/?p=16946\",\"name\":\"Allanaron la sede del TC en Caballito y los talleres de ocho equipos -\",\"isPartOf\":{\"@id\":\"https:\\\/\\\/impactocastex.com.ar\\\/#website\"},\"primaryImageOfPage\":{\"@id\":\"https:\\\/\\\/impactocastex.com.ar\\\/?p=16946#primaryimage\"},\"image\":{\"@id\":\"https:\\\/\\\/impactocastex.com.ar\\\/?p=16946#primaryimage\"},\"thumbnailUrl\":\"https:\\\/\\\/impactocastex.com.ar\\\/wp-content\\\/uploads\\\/2026\\\/05\\\/T4FEVD6H3RGV3GMTCQIXHDLHBE-Bkf3XH.jpg\",\"datePublished\":\"2026-05-01T15:15:49+00:00\",\"breadcrumb\":{\"@id\":\"https:\\\/\\\/impactocastex.com.ar\\\/?p=16946#breadcrumb\"},\"inLanguage\":\"es\",\"potentialAction\":[{\"@type\":\"ReadAction\",\"target\":[\"https:\\\/\\\/impactocastex.com.ar\\\/?p=16946\"]}]},{\"@type\":\"ImageObject\",\"inLanguage\":\"es\",\"@id\":\"https:\\\/\\\/impactocastex.com.ar\\\/?p=16946#primaryimage\",\"url\":\"https:\\\/\\\/impactocastex.com.ar\\\/wp-content\\\/uploads\\\/2026\\\/05\\\/T4FEVD6H3RGV3GMTCQIXHDLHBE-Bkf3XH.jpg\",\"contentUrl\":\"https:\\\/\\\/impactocastex.com.ar\\\/wp-content\\\/uploads\\\/2026\\\/05\\\/T4FEVD6H3RGV3GMTCQIXHDLHBE-Bkf3XH.jpg\",\"width\":1360,\"height\":910},{\"@type\":\"BreadcrumbList\",\"@id\":\"https:\\\/\\\/impactocastex.com.ar\\\/?p=16946#breadcrumb\",\"itemListElement\":[{\"@type\":\"ListItem\",\"position\":1,\"name\":\"Portada\",\"item\":\"https:\\\/\\\/impactocastex.com.ar\\\/\"},{\"@type\":\"ListItem\",\"position\":2,\"name\":\"Allanaron la sede del TC en Caballito y los talleres de ocho equipos\"}]},{\"@type\":\"WebSite\",\"@id\":\"https:\\\/\\\/impactocastex.com.ar\\\/#website\",\"url\":\"https:\\\/\\\/impactocastex.com.ar\\\/\",\"name\":\"Impacto Castex\",\"description\":\"\",\"publisher\":{\"@id\":\"https:\\\/\\\/impactocastex.com.ar\\\/#organization\"},\"potentialAction\":[{\"@type\":\"SearchAction\",\"target\":{\"@type\":\"EntryPoint\",\"urlTemplate\":\"https:\\\/\\\/impactocastex.com.ar\\\/?s={search_term_string}\"},\"query-input\":{\"@type\":\"PropertyValueSpecification\",\"valueRequired\":true,\"valueName\":\"search_term_string\"}}],\"inLanguage\":\"es\"},{\"@type\":\"Organization\",\"@id\":\"https:\\\/\\\/impactocastex.com.ar\\\/#organization\",\"name\":\"Impacto Castex\",\"url\":\"https:\\\/\\\/impactocastex.com.ar\\\/\",\"logo\":{\"@type\":\"ImageObject\",\"inLanguage\":\"es\",\"@id\":\"https:\\\/\\\/impactocastex.com.ar\\\/#\\\/schema\\\/logo\\\/image\\\/\",\"url\":\"https:\\\/\\\/impactocastex.com.ar\\\/wp-content\\\/uploads\\\/2025\\\/09\\\/cropped-icoweb.png\",\"contentUrl\":\"https:\\\/\\\/impactocastex.com.ar\\\/wp-content\\\/uploads\\\/2025\\\/09\\\/cropped-icoweb.png\",\"width\":512,\"height\":512,\"caption\":\"Impacto Castex\"},\"image\":{\"@id\":\"https:\\\/\\\/impactocastex.com.ar\\\/#\\\/schema\\\/logo\\\/image\\\/\"},\"sameAs\":[\"https:\\\/\\\/www.facebook.com\\\/impactocastexdiario\",\"https:\\\/\\\/www.instagram.com\\\/impactocastex.com.ar\\\/\"]},{\"@type\":\"Person\",\"@id\":\"https:\\\/\\\/impactocastex.com.ar\\\/#\\\/schema\\\/person\\\/86cb4f827fb5f87869a239b98a69c6e3\",\"name\":\"impactocastex\",\"image\":{\"@type\":\"ImageObject\",\"inLanguage\":\"es\",\"@id\":\"https:\\\/\\\/secure.gravatar.com\\\/avatar\\\/9a87ee051ca8c77f5d4070843ce2c78cdf95b858b950fb039151de955122f5f5?s=96&d=mm&r=g\",\"url\":\"https:\\\/\\\/secure.gravatar.com\\\/avatar\\\/9a87ee051ca8c77f5d4070843ce2c78cdf95b858b950fb039151de955122f5f5?s=96&d=mm&r=g\",\"contentUrl\":\"https:\\\/\\\/secure.gravatar.com\\\/avatar\\\/9a87ee051ca8c77f5d4070843ce2c78cdf95b858b950fb039151de955122f5f5?s=96&d=mm&r=g\",\"caption\":\"impactocastex\"},\"sameAs\":[\"https:\\\/\\\/impactocastex.com.ar\"],\"url\":\"https:\\\/\\\/impactocastex.com.ar\\\/?author=1\"}]}<\/script>\n<!-- \/ Yoast SEO plugin. -->","yoast_head_json":{"title":"Allanaron la sede del TC en Caballito y los talleres de ocho equipos -","robots":{"index":"index","follow":"follow","max-snippet":"max-snippet:-1","max-image-preview":"max-image-preview:large","max-video-preview":"max-video-preview:-1"},"canonical":"https:\/\/impactocastex.com.ar\/?p=16946","og_locale":"es_ES","og_type":"article","og_title":"Allanaron la sede del TC en Caballito y los talleres de ocho equipos -","og_description":"La Polic\u00eda Federal Argentina (PFA) allan\u00f3 la sede de la entidad que agrupa a propietarios...","og_url":"https:\/\/impactocastex.com.ar\/?p=16946","article_publisher":"https:\/\/www.facebook.com\/impactocastexdiario","article_published_time":"2026-05-01T15:15:49+00:00","og_image":[{"url":"https:\/\/resizer.glanacion.com\/resizer\/v2\/OHS4TXVIYFDB7M77MOLS46MMQY.jpeg?auth=76e21a177c4222929498535464b6aaf16c048679fb9e9618deaec606462c87d1&amp;smart=true&amp;width=1360&amp;height=910","type":"","width":"","height":""}],"author":"impactocastex","twitter_card":"summary_large_image","twitter_misc":{"Escrito por":"impactocastex","Tiempo de lectura":"3 minutos"},"schema":{"@context":"https:\/\/schema.org","@graph":[{"@type":"Article","@id":"https:\/\/impactocastex.com.ar\/?p=16946#article","isPartOf":{"@id":"https:\/\/impactocastex.com.ar\/?p=16946"},"author":{"name":"impactocastex","@id":"https:\/\/impactocastex.com.ar\/#\/schema\/person\/86cb4f827fb5f87869a239b98a69c6e3"},"headline":"Allanaron la sede del TC en Caballito y los talleres de ocho equipos","datePublished":"2026-05-01T15:15:49+00:00","mainEntityOfPage":{"@id":"https:\/\/impactocastex.com.ar\/?p=16946"},"wordCount":548,"publisher":{"@id":"https:\/\/impactocastex.com.ar\/#organization"},"image":{"@id":"https:\/\/impactocastex.com.ar\/?p=16946#primaryimage"},"thumbnailUrl":"https:\/\/impactocastex.com.ar\/wp-content\/uploads\/2026\/05\/T4FEVD6H3RGV3GMTCQIXHDLHBE-Bkf3XH.jpg","articleSection":["NACIONALES"],"inLanguage":"es"},{"@type":"WebPage","@id":"https:\/\/impactocastex.com.ar\/?p=16946","url":"https:\/\/impactocastex.com.ar\/?p=16946","name":"Allanaron la sede del TC en Caballito y los talleres de ocho equipos -","isPartOf":{"@id":"https:\/\/impactocastex.com.ar\/#website"},"primaryImageOfPage":{"@id":"https:\/\/impactocastex.com.ar\/?p=16946#primaryimage"},"image":{"@id":"https:\/\/impactocastex.com.ar\/?p=16946#primaryimage"},"thumbnailUrl":"https:\/\/impactocastex.com.ar\/wp-content\/uploads\/2026\/05\/T4FEVD6H3RGV3GMTCQIXHDLHBE-Bkf3XH.jpg","datePublished":"2026-05-01T15:15:49+00:00","breadcrumb":{"@id":"https:\/\/impactocastex.com.ar\/?p=16946#breadcrumb"},"inLanguage":"es","potentialAction":[{"@type":"ReadAction","target":["https:\/\/impactocastex.com.ar\/?p=16946"]}]},{"@type":"ImageObject","inLanguage":"es","@id":"https:\/\/impactocastex.com.ar\/?p=16946#primaryimage","url":"https:\/\/impactocastex.com.ar\/wp-content\/uploads\/2026\/05\/T4FEVD6H3RGV3GMTCQIXHDLHBE-Bkf3XH.jpg","contentUrl":"https:\/\/impactocastex.com.ar\/wp-content\/uploads\/2026\/05\/T4FEVD6H3RGV3GMTCQIXHDLHBE-Bkf3XH.jpg","width":1360,"height":910},{"@type":"BreadcrumbList","@id":"https:\/\/impactocastex.com.ar\/?p=16946#breadcrumb","itemListElement":[{"@type":"ListItem","position":1,"name":"Portada","item":"https:\/\/impactocastex.com.ar\/"},{"@type":"ListItem","position":2,"name":"Allanaron la sede del TC en Caballito y los talleres de ocho equipos"}]},{"@type":"WebSite","@id":"https:\/\/impactocastex.com.ar\/#website","url":"https:\/\/impactocastex.com.ar\/","name":"Impacto Castex","description":"","publisher":{"@id":"https:\/\/impactocastex.com.ar\/#organization"},"potentialAction":[{"@type":"SearchAction","target":{"@type":"EntryPoint","urlTemplate":"https:\/\/impactocastex.com.ar\/?s={search_term_string}"},"query-input":{"@type":"PropertyValueSpecification","valueRequired":true,"valueName":"search_term_string"}}],"inLanguage":"es"},{"@type":"Organization","@id":"https:\/\/impactocastex.com.ar\/#organization","name":"Impacto Castex","url":"https:\/\/impactocastex.com.ar\/","logo":{"@type":"ImageObject","inLanguage":"es","@id":"https:\/\/impactocastex.com.ar\/#\/schema\/logo\/image\/","url":"https:\/\/impactocastex.com.ar\/wp-content\/uploads\/2025\/09\/cropped-icoweb.png","contentUrl":"https:\/\/impactocastex.com.ar\/wp-content\/uploads\/2025\/09\/cropped-icoweb.png","width":512,"height":512,"caption":"Impacto Castex"},"image":{"@id":"https:\/\/impactocastex.com.ar\/#\/schema\/logo\/image\/"},"sameAs":["https:\/\/www.facebook.com\/impactocastexdiario","https:\/\/www.instagram.com\/impactocastex.com.ar\/"]},{"@type":"Person","@id":"https:\/\/impactocastex.com.ar\/#\/schema\/person\/86cb4f827fb5f87869a239b98a69c6e3","name":"impactocastex","image":{"@type":"ImageObject","inLanguage":"es","@id":"https:\/\/secure.gravatar.com\/avatar\/9a87ee051ca8c77f5d4070843ce2c78cdf95b858b950fb039151de955122f5f5?s=96&d=mm&r=g","url":"https:\/\/secure.gravatar.com\/avatar\/9a87ee051ca8c77f5d4070843ce2c78cdf95b858b950fb039151de955122f5f5?s=96&d=mm&r=g","contentUrl":"https:\/\/secure.gravatar.com\/avatar\/9a87ee051ca8c77f5d4070843ce2c78cdf95b858b950fb039151de955122f5f5?s=96&d=mm&r=g","caption":"impactocastex"},"sameAs":["https:\/\/impactocastex.com.ar"],"url":"https:\/\/impactocastex.com.ar\/?author=1"}]}},"jetpack_publicize_connections":[],"featured_image_urls":{"full":["https:\/\/impactocastex.com.ar\/wp-content\/uploads\/2026\/05\/T4FEVD6H3RGV3GMTCQIXHDLHBE-Bkf3XH.jpg",1360,910,false],"thumbnail":["https:\/\/impactocastex.com.ar\/wp-content\/uploads\/2026\/05\/T4FEVD6H3RGV3GMTCQIXHDLHBE-Bkf3XH-150x150.jpg",150,150,true],"medium":["https:\/\/impactocastex.com.ar\/wp-content\/uploads\/2026\/05\/T4FEVD6H3RGV3GMTCQIXHDLHBE-Bkf3XH-300x201.jpg",300,201,true],"medium_large":["https:\/\/impactocastex.com.ar\/wp-content\/uploads\/2026\/05\/T4FEVD6H3RGV3GMTCQIXHDLHBE-Bkf3XH-768x514.jpg",640,428,true],"large":["https:\/\/impactocastex.com.ar\/wp-content\/uploads\/2026\/05\/T4FEVD6H3RGV3GMTCQIXHDLHBE-Bkf3XH-1024x685.jpg",640,428,true],"1536x1536":["https:\/\/impactocastex.com.ar\/wp-content\/uploads\/2026\/05\/T4FEVD6H3RGV3GMTCQIXHDLHBE-Bkf3XH.jpg",1360,910,false],"2048x2048":["https:\/\/impactocastex.com.ar\/wp-content\/uploads\/2026\/05\/T4FEVD6H3RGV3GMTCQIXHDLHBE-Bkf3XH.jpg",1360,910,false],"newsever-slider-full":["https:\/\/impactocastex.com.ar\/wp-content\/uploads\/2026\/05\/T4FEVD6H3RGV3GMTCQIXHDLHBE-Bkf3XH-1280x845.jpg",1280,845,true],"newsever-featured":["https:\/\/impactocastex.com.ar\/wp-content\/uploads\/2026\/05\/T4FEVD6H3RGV3GMTCQIXHDLHBE-Bkf3XH-1024x685.jpg",1024,685,true],"newsever-medium":["https:\/\/impactocastex.com.ar\/wp-content\/uploads\/2026\/05\/T4FEVD6H3RGV3GMTCQIXHDLHBE-Bkf3XH-720x475.jpg",720,475,true]},"author_info":{"info":["impactocastex"]},"category_info":"<a href=\"https:\/\/impactocastex.com.ar\/?cat=89\" rel=\"category\">NACIONALES<\/a>","tag_info":"NACIONALES","comment_count":0,"jetpack_featured_media_url":"https:\/\/impactocastex.com.ar\/wp-content\/uploads\/2026\/05\/T4FEVD6H3RGV3GMTCQIXHDLHBE-Bkf3XH.jpg","jetpack_sharing_enabled":true,"jetpack_likes_enabled":true,"jetpack_shortlink":"https:\/\/wp.me\/p7sopA-4pk","_links":{"self":[{"href":"https:\/\/impactocastex.com.ar\/index.php?rest_route=\/wp\/v2\/posts\/16946","targetHints":{"allow":["GET"]}}],"collection":[{"href":"https:\/\/impactocastex.com.ar\/index.php?rest_route=\/wp\/v2\/posts"}],"about":[{"href":"https:\/\/impactocastex.com.ar\/index.php?rest_route=\/wp\/v2\/types\/post"}],"author":[{"embeddable":true,"href":"https:\/\/impactocastex.com.ar\/index.php?rest_route=\/wp\/v2\/users\/1"}],"replies":[{"embeddable":true,"href":"https:\/\/impactocastex.com.ar\/index.php?rest_route=%2Fwp%2Fv2%2Fcomments&post=16946"}],"version-history":[{"count":0,"href":"https:\/\/impactocastex.com.ar\/index.php?rest_route=\/wp\/v2\/posts\/16946\/revisions"}],"wp:featuredmedia":[{"embeddable":true,"href":"https:\/\/impactocastex.com.ar\/index.php?rest_route=\/wp\/v2\/media\/16947"}],"wp:attachment":[{"href":"https:\/\/impactocastex.com.ar\/index.php?rest_route=%2Fwp%2Fv2%2Fmedia&parent=16946"}],"wp:term":[{"taxonomy":"category","embeddable":true,"href":"https:\/\/impactocastex.com.ar\/index.php?rest_route=%2Fwp%2Fv2%2Fcategories&post=16946"},{"taxonomy":"post_tag","embeddable":true,"href":"https:\/\/impactocastex.com.ar\/index.php?rest_route=%2Fwp%2Fv2%2Ftags&post=16946"}],"curies":[{"name":"wp","href":"https:\/\/api.w.org\/{rel}","templated":true}]}}