{"id":16938,"date":"2026-05-01T10:22:51","date_gmt":"2026-05-01T13:22:51","guid":{"rendered":"https:\/\/impactocastex.com.ar\/?p=16938"},"modified":"2026-05-01T10:22:51","modified_gmt":"2026-05-01T13:22:51","slug":"franco-colapinto-vuelve-a-correr-en-la-formula-1-horarios-y-tv-de-la-primera-practica-libre","status":"publish","type":"post","link":"https:\/\/impactocastex.com.ar\/?p=16938","title":{"rendered":"Franco Colapinto vuelve a correr en la F\u00f3rmula 1: horarios y TV de la primera pr\u00e1ctica libre"},"content":{"rendered":"<p><b>Este viernes, a partir de las 13.30 (hora argentina), Franco Colapinto saldr\u00e1 a la pista por primera vez en el Gran Premio de Miami de la F\u00f3rmula 1 2026. <\/b>El argentino se encuentra en la Ciudad M\u00e1gica para un nuevo fin de semana con formato sprint, en el que la \u00fanica pr\u00e1ctica libre ser\u00e1 clave para entender el circuito. Todas las instancias se pueden ver en vivo por televisi\u00f3n a trav\u00e9s de <b>Fox Sports, <\/b>como as\u00ed tambi\u00e9n por streaming por intermedio del plan premium de <b>Disney+ <\/b>y <b>F1 Pro TV.<\/b><\/p>\n<p><b>La 2026 es su primera temporada como piloto titular desde el comienzo <\/b>del a\u00f1o en la m\u00e1xima categor\u00eda del automovilismo a nivel internacional. Al igual que en 2025, es compa\u00f1ero del franc\u00e9s Pierre Gasly en Alpine, aunque esta vez tiene la ilusi\u00f3n de ser mucho m\u00e1s competitivo que el a\u00f1o pasado. <b>El pilarense,<\/b> que el fin de semana pasado realiz\u00f3 un <a href=\"https:\/\/www.lanacion.com.ar\/deportes\/automovilismo\/a-que-hora-corre-franco-colapinto-en-buenos-aires-y-por-donde-se-puede-ver-en-vivo-la-exhibicion-nid26042026\/\" target=\"_blank\" rel=\"noreferrer\" title=\"https:\/\/www.lanacion.com.ar\/deportes\/automovilismo\/a-que-hora-corre-franco-colapinto-en-buenos-aires-y-por-donde-se-puede-ver-en-vivo-la-exhibicion-nid26042026\/\">Road Show<\/a> en la Ciudad Aut\u00f3noma de Buenos Aires, <b>intentar\u00e1 mejorar lo hecho en el GP de Jap\u00f3n, donde finaliz\u00f3 en el 16\u00b0 lugar <\/b>muy lejos de Gasly, que sum\u00f3 seis puntos al terminar s\u00e9ptimo.<\/p>\n<p><img loading=\"lazy\" decoding=\"async\" src=\"https:\/\/resizer.glanacion.com\/resizer\/v2\/5VNIQJRQNFD6FERTG7ZLPN5PBM.JPG?auth=30d615c0c07318be053bced27af6bccd4fcf6eb9a5204e96ea68bff68f564185&amp;smart=true&amp;width=7004&amp;height=4669\" alt=\"Franco Colapinto viene de realizar un Road Show en Buenos Aires; ahora volver\u00e1 a correr en la F1\" height=\"4669\" width=\"7004\" \/><\/p>\n<h1>Cronograma del GP de Miami 2026<\/h1>\n<h2>Viernes 1\u00b0 de mayo<\/h2>\n<ul>\n<li>13.30: Pr\u00e1ctica 1.<\/li>\n<li>17.30: Clasificaci\u00f3n para la carrera sprint.<\/li>\n<\/ul>\n<h2>S\u00e1bado 2 de mayo<\/h2>\n<ul>\n<li>13: Carrera sprint.<\/li>\n<li>17: Clasificaci\u00f3n para la carrera.<\/li>\n<\/ul>\n<h2>Domingo 3 de mayo<\/h2>\n<ul>\n<li>17: Carrera.<\/li>\n<\/ul>\n<p><i><b>*Todos los horarios corresponden a la Argentina.<\/b><\/i><\/p>\n<blockquote class=\"instagram-media\" data-instgrm-captioned data-instgrm-permalink=\"https:\/\/www.instagram.com\/p\/DXyysC6Cf4G\/?utm_source=ig_embed&amp;utm_campaign=loading\" data-instgrm-version=\"14\">\n<div> <a href=\"https:\/\/www.instagram.com\/p\/DXyysC6Cf4G\/?utm_source=ig_embed&amp;utm_campaign=loading\" target=\"_blank\"> \n<div>\n<div><\/div>\n<div>\n<div><\/div>\n<div><\/div>\n<\/div>\n<\/div>\n<div><\/div>\n<div><\/div>\n<div>\n<div>View this post on Instagram<\/div>\n<\/div>\n<div><\/div>\n<div>\n<div>\n<div><\/div>\n<div><\/div>\n<div><\/div>\n<\/div>\n<div>\n<div><\/div>\n<div><\/div>\n<\/div>\n<div>\n<div><\/div>\n<div><\/div>\n<div><\/div>\n<\/div>\n<\/div>\n<div>\n<div><\/div>\n<div><\/div>\n<\/div>\n<p><\/p><\/a><\/div>\n<\/blockquote>\n<h1>C\u00f3mo ver online el Gran Premio de Miami<\/h1>\n<p>El Gran Premio de Miami se disputa este fin de semana en el Aut\u00f3dromo Internacional de la Ciudad M\u00e1gica, con<b> la clasificaci\u00f3n programada para este s\u00e1bado a las 17 (horario argentino), despu\u00e9s del sprint -que se corre a las 13-, y la carrera para el domingo a la misma hora.<\/b> Todas las instancias de este fin de semana se pueden ver en vivo por televisi\u00f3n a trav\u00e9s de Fox Sports, como as\u00ed tambi\u00e9n por streaming por intermedio del plan premium de <b>Disney+ <\/b>y <b>F1 Pro TV<\/b> (en ambos casos se requiere una suscripci\u00f3n activa).<\/p>\n<ul>\n<li>Fox Sports.<\/li>\n<li>F1 TV Pro.<\/li>\n<li><a href=\"https:\/\/www.disneyplus.com\/home\" target=\"_blank\" rel=\"nofollow\" title=\"Disney+.\">Disney+.<\/a><\/li>\n<\/ul>\n<h1>Todos los ganadores del GP de Miami<\/h1>\n<p><b>En 2025, <\/b>el australiano <b>Oscar Piastri (McLaren) se qued\u00f3 con la victoria <\/b>con 4.630s de ventaja sobre el brit\u00e1nico Lando Norris (McLaren). <b>El GP de Miami se realiz\u00f3 apenas cuatro veces y <\/b>el neerland\u00e9s <b>Max Verstappen <\/b>(Red Bull) <b>es el \u00fanico que gan\u00f3 la carrera en dos ocasiones, <\/b>en 2022 y 2023. Los otros ganadores fueron Norris en 2024 y, justamente, Piastri en 2025.<\/p>\n<p><img loading=\"lazy\" decoding=\"async\" src=\"https:\/\/resizer.glanacion.com\/resizer\/v2\/7LR43Y74C5G3TEFOUMI4Z4GVZQ.JPG?auth=3de62fa2ea07aeff4c209eaae6095ffe1a9d45a2e14c7f2ac5ce2a8ec86bcfb1&amp;smart=true&amp;width=2981&amp;height=1988\" alt=\"Oscar Piastri gan\u00f3 el Gran Premio de Miami por primera y \u00fanica vez en 2025; quiere repetirlo\" height=\"1988\" width=\"2981\" \/><\/p>\n<ul>\n<li><b>2022<\/b>: Max Verstappen (Red Bull)<\/li>\n<li><b>2023<\/b>: Max Verstappen (Red Bull)<\/li>\n<li><b>2024<\/b>: Lando Norris (McLaren)<\/li>\n<li><b>2025<\/b>: Oscar Piastri (McLaren)<\/li>\n<\/ul>\n<p>\u200bLa sexta fecha de esta temporada se disputa en el Aut\u00f3dromo Internacional de la Ciudad M\u00e1gica, con la presencia del piloto argentino de Alpine\u00a0\u00a0<\/p>","protected":false},"excerpt":{"rendered":"<p>Este viernes, a partir de las 13.30 (hora argentina), Franco Colapinto saldr\u00e1 a la pista&#8230;<\/p>\n","protected":false},"author":1,"featured_media":16939,"comment_status":"closed","ping_status":"closed","sticky":false,"template":"","format":"standard","meta":{"_jetpack_memberships_contains_paid_content":false,"footnotes":"","jetpack_publicize_message":"","jetpack_publicize_feature_enabled":true,"jetpack_social_post_already_shared":true,"jetpack_social_options":{"image_generator_settings":{"template":"highway","default_image_id":0,"font":"","enabled":false},"version":2}},"categories":[89],"tags":[],"class_list":["post-16938","post","type-post","status-publish","format-standard","has-post-thumbnail","hentry","category-nacionales"],"yoast_head":"<!-- This site is optimized with the Yoast SEO plugin v27.4 - https:\/\/yoast.com\/product\/yoast-seo-wordpress\/ -->\n<title>Franco Colapinto vuelve a correr en la F\u00f3rmula 1: horarios y TV de la primera pr\u00e1ctica libre -<\/title>\n<meta name=\"robots\" content=\"index, follow, max-snippet:-1, max-image-preview:large, max-video-preview:-1\" \/>\n<link rel=\"canonical\" href=\"https:\/\/impactocastex.com.ar\/?p=16938\" \/>\n<meta property=\"og:locale\" content=\"es_ES\" \/>\n<meta property=\"og:type\" content=\"article\" \/>\n<meta property=\"og:title\" content=\"Franco Colapinto vuelve a correr en la F\u00f3rmula 1: horarios y TV de la primera pr\u00e1ctica libre -\" \/>\n<meta property=\"og:description\" content=\"Este viernes, a partir de las 13.30 (hora argentina), Franco Colapinto saldr\u00e1 a la pista...\" \/>\n<meta property=\"og:url\" content=\"https:\/\/impactocastex.com.ar\/?p=16938\" \/>\n<meta property=\"article:publisher\" content=\"https:\/\/www.facebook.com\/impactocastexdiario\" \/>\n<meta property=\"article:published_time\" content=\"2026-05-01T13:22:51+00:00\" \/>\n<meta property=\"og:image\" content=\"https:\/\/resizer.glanacion.com\/resizer\/v2\/5VNIQJRQNFD6FERTG7ZLPN5PBM.JPG?auth=30d615c0c07318be053bced27af6bccd4fcf6eb9a5204e96ea68bff68f564185&amp;smart=true&amp;width=7004&amp;height=4669\" \/>\n<meta name=\"author\" content=\"impactocastex\" \/>\n<meta name=\"twitter:card\" content=\"summary_large_image\" \/>\n<meta name=\"twitter:label1\" content=\"Escrito por\" \/>\n\t<meta name=\"twitter:data1\" content=\"impactocastex\" \/>\n\t<meta name=\"twitter:label2\" content=\"Tiempo de lectura\" \/>\n\t<meta name=\"twitter:data2\" content=\"2 minutos\" \/>\n<script type=\"application\/ld+json\" class=\"yoast-schema-graph\">{\"@context\":\"https:\\\/\\\/schema.org\",\"@graph\":[{\"@type\":\"Article\",\"@id\":\"https:\\\/\\\/impactocastex.com.ar\\\/?p=16938#article\",\"isPartOf\":{\"@id\":\"https:\\\/\\\/impactocastex.com.ar\\\/?p=16938\"},\"author\":{\"name\":\"impactocastex\",\"@id\":\"https:\\\/\\\/impactocastex.com.ar\\\/#\\\/schema\\\/person\\\/86cb4f827fb5f87869a239b98a69c6e3\"},\"headline\":\"Franco Colapinto vuelve a correr en la F\u00f3rmula 1: horarios y TV de la primera pr\u00e1ctica libre\",\"datePublished\":\"2026-05-01T13:22:51+00:00\",\"mainEntityOfPage\":{\"@id\":\"https:\\\/\\\/impactocastex.com.ar\\\/?p=16938\"},\"wordCount\":483,\"publisher\":{\"@id\":\"https:\\\/\\\/impactocastex.com.ar\\\/#organization\"},\"image\":{\"@id\":\"https:\\\/\\\/impactocastex.com.ar\\\/?p=16938#primaryimage\"},\"thumbnailUrl\":\"https:\\\/\\\/impactocastex.com.ar\\\/wp-content\\\/uploads\\\/2026\\\/05\\\/S5EETFUJTFCFZDO7QRYEN7MGJI-gnxW53-scaled.jpg\",\"articleSection\":[\"NACIONALES\"],\"inLanguage\":\"es\"},{\"@type\":\"WebPage\",\"@id\":\"https:\\\/\\\/impactocastex.com.ar\\\/?p=16938\",\"url\":\"https:\\\/\\\/impactocastex.com.ar\\\/?p=16938\",\"name\":\"Franco Colapinto vuelve a correr en la F\u00f3rmula 1: horarios y TV de la primera pr\u00e1ctica libre -\",\"isPartOf\":{\"@id\":\"https:\\\/\\\/impactocastex.com.ar\\\/#website\"},\"primaryImageOfPage\":{\"@id\":\"https:\\\/\\\/impactocastex.com.ar\\\/?p=16938#primaryimage\"},\"image\":{\"@id\":\"https:\\\/\\\/impactocastex.com.ar\\\/?p=16938#primaryimage\"},\"thumbnailUrl\":\"https:\\\/\\\/impactocastex.com.ar\\\/wp-content\\\/uploads\\\/2026\\\/05\\\/S5EETFUJTFCFZDO7QRYEN7MGJI-gnxW53-scaled.jpg\",\"datePublished\":\"2026-05-01T13:22:51+00:00\",\"breadcrumb\":{\"@id\":\"https:\\\/\\\/impactocastex.com.ar\\\/?p=16938#breadcrumb\"},\"inLanguage\":\"es\",\"potentialAction\":[{\"@type\":\"ReadAction\",\"target\":[\"https:\\\/\\\/impactocastex.com.ar\\\/?p=16938\"]}]},{\"@type\":\"ImageObject\",\"inLanguage\":\"es\",\"@id\":\"https:\\\/\\\/impactocastex.com.ar\\\/?p=16938#primaryimage\",\"url\":\"https:\\\/\\\/impactocastex.com.ar\\\/wp-content\\\/uploads\\\/2026\\\/05\\\/S5EETFUJTFCFZDO7QRYEN7MGJI-gnxW53-scaled.jpg\",\"contentUrl\":\"https:\\\/\\\/impactocastex.com.ar\\\/wp-content\\\/uploads\\\/2026\\\/05\\\/S5EETFUJTFCFZDO7QRYEN7MGJI-gnxW53-scaled.jpg\",\"width\":2560,\"height\":1707},{\"@type\":\"BreadcrumbList\",\"@id\":\"https:\\\/\\\/impactocastex.com.ar\\\/?p=16938#breadcrumb\",\"itemListElement\":[{\"@type\":\"ListItem\",\"position\":1,\"name\":\"Portada\",\"item\":\"https:\\\/\\\/impactocastex.com.ar\\\/\"},{\"@type\":\"ListItem\",\"position\":2,\"name\":\"Franco Colapinto vuelve a correr en la F\u00f3rmula 1: horarios y TV de la primera pr\u00e1ctica libre\"}]},{\"@type\":\"WebSite\",\"@id\":\"https:\\\/\\\/impactocastex.com.ar\\\/#website\",\"url\":\"https:\\\/\\\/impactocastex.com.ar\\\/\",\"name\":\"Impacto Castex\",\"description\":\"\",\"publisher\":{\"@id\":\"https:\\\/\\\/impactocastex.com.ar\\\/#organization\"},\"potentialAction\":[{\"@type\":\"SearchAction\",\"target\":{\"@type\":\"EntryPoint\",\"urlTemplate\":\"https:\\\/\\\/impactocastex.com.ar\\\/?s={search_term_string}\"},\"query-input\":{\"@type\":\"PropertyValueSpecification\",\"valueRequired\":true,\"valueName\":\"search_term_string\"}}],\"inLanguage\":\"es\"},{\"@type\":\"Organization\",\"@id\":\"https:\\\/\\\/impactocastex.com.ar\\\/#organization\",\"name\":\"Impacto Castex\",\"url\":\"https:\\\/\\\/impactocastex.com.ar\\\/\",\"logo\":{\"@type\":\"ImageObject\",\"inLanguage\":\"es\",\"@id\":\"https:\\\/\\\/impactocastex.com.ar\\\/#\\\/schema\\\/logo\\\/image\\\/\",\"url\":\"https:\\\/\\\/impactocastex.com.ar\\\/wp-content\\\/uploads\\\/2025\\\/09\\\/cropped-icoweb.png\",\"contentUrl\":\"https:\\\/\\\/impactocastex.com.ar\\\/wp-content\\\/uploads\\\/2025\\\/09\\\/cropped-icoweb.png\",\"width\":512,\"height\":512,\"caption\":\"Impacto Castex\"},\"image\":{\"@id\":\"https:\\\/\\\/impactocastex.com.ar\\\/#\\\/schema\\\/logo\\\/image\\\/\"},\"sameAs\":[\"https:\\\/\\\/www.facebook.com\\\/impactocastexdiario\",\"https:\\\/\\\/www.instagram.com\\\/impactocastex.com.ar\\\/\"]},{\"@type\":\"Person\",\"@id\":\"https:\\\/\\\/impactocastex.com.ar\\\/#\\\/schema\\\/person\\\/86cb4f827fb5f87869a239b98a69c6e3\",\"name\":\"impactocastex\",\"image\":{\"@type\":\"ImageObject\",\"inLanguage\":\"es\",\"@id\":\"https:\\\/\\\/secure.gravatar.com\\\/avatar\\\/9a87ee051ca8c77f5d4070843ce2c78cdf95b858b950fb039151de955122f5f5?s=96&d=mm&r=g\",\"url\":\"https:\\\/\\\/secure.gravatar.com\\\/avatar\\\/9a87ee051ca8c77f5d4070843ce2c78cdf95b858b950fb039151de955122f5f5?s=96&d=mm&r=g\",\"contentUrl\":\"https:\\\/\\\/secure.gravatar.com\\\/avatar\\\/9a87ee051ca8c77f5d4070843ce2c78cdf95b858b950fb039151de955122f5f5?s=96&d=mm&r=g\",\"caption\":\"impactocastex\"},\"sameAs\":[\"https:\\\/\\\/impactocastex.com.ar\"],\"url\":\"https:\\\/\\\/impactocastex.com.ar\\\/?author=1\"}]}<\/script>\n<!-- \/ Yoast SEO plugin. -->","yoast_head_json":{"title":"Franco Colapinto vuelve a correr en la F\u00f3rmula 1: horarios y TV de la primera pr\u00e1ctica libre -","robots":{"index":"index","follow":"follow","max-snippet":"max-snippet:-1","max-image-preview":"max-image-preview:large","max-video-preview":"max-video-preview:-1"},"canonical":"https:\/\/impactocastex.com.ar\/?p=16938","og_locale":"es_ES","og_type":"article","og_title":"Franco Colapinto vuelve a correr en la F\u00f3rmula 1: horarios y TV de la primera pr\u00e1ctica libre -","og_description":"Este viernes, a partir de las 13.30 (hora argentina), Franco Colapinto saldr\u00e1 a la pista...","og_url":"https:\/\/impactocastex.com.ar\/?p=16938","article_publisher":"https:\/\/www.facebook.com\/impactocastexdiario","article_published_time":"2026-05-01T13:22:51+00:00","og_image":[{"url":"https:\/\/resizer.glanacion.com\/resizer\/v2\/5VNIQJRQNFD6FERTG7ZLPN5PBM.JPG?auth=30d615c0c07318be053bced27af6bccd4fcf6eb9a5204e96ea68bff68f564185&amp;smart=true&amp;width=7004&amp;height=4669","type":"","width":"","height":""}],"author":"impactocastex","twitter_card":"summary_large_image","twitter_misc":{"Escrito por":"impactocastex","Tiempo de lectura":"2 minutos"},"schema":{"@context":"https:\/\/schema.org","@graph":[{"@type":"Article","@id":"https:\/\/impactocastex.com.ar\/?p=16938#article","isPartOf":{"@id":"https:\/\/impactocastex.com.ar\/?p=16938"},"author":{"name":"impactocastex","@id":"https:\/\/impactocastex.com.ar\/#\/schema\/person\/86cb4f827fb5f87869a239b98a69c6e3"},"headline":"Franco Colapinto vuelve a correr en la F\u00f3rmula 1: horarios y TV de la primera pr\u00e1ctica libre","datePublished":"2026-05-01T13:22:51+00:00","mainEntityOfPage":{"@id":"https:\/\/impactocastex.com.ar\/?p=16938"},"wordCount":483,"publisher":{"@id":"https:\/\/impactocastex.com.ar\/#organization"},"image":{"@id":"https:\/\/impactocastex.com.ar\/?p=16938#primaryimage"},"thumbnailUrl":"https:\/\/impactocastex.com.ar\/wp-content\/uploads\/2026\/05\/S5EETFUJTFCFZDO7QRYEN7MGJI-gnxW53-scaled.jpg","articleSection":["NACIONALES"],"inLanguage":"es"},{"@type":"WebPage","@id":"https:\/\/impactocastex.com.ar\/?p=16938","url":"https:\/\/impactocastex.com.ar\/?p=16938","name":"Franco Colapinto vuelve a correr en la F\u00f3rmula 1: horarios y TV de la primera pr\u00e1ctica libre -","isPartOf":{"@id":"https:\/\/impactocastex.com.ar\/#website"},"primaryImageOfPage":{"@id":"https:\/\/impactocastex.com.ar\/?p=16938#primaryimage"},"image":{"@id":"https:\/\/impactocastex.com.ar\/?p=16938#primaryimage"},"thumbnailUrl":"https:\/\/impactocastex.com.ar\/wp-content\/uploads\/2026\/05\/S5EETFUJTFCFZDO7QRYEN7MGJI-gnxW53-scaled.jpg","datePublished":"2026-05-01T13:22:51+00:00","breadcrumb":{"@id":"https:\/\/impactocastex.com.ar\/?p=16938#breadcrumb"},"inLanguage":"es","potentialAction":[{"@type":"ReadAction","target":["https:\/\/impactocastex.com.ar\/?p=16938"]}]},{"@type":"ImageObject","inLanguage":"es","@id":"https:\/\/impactocastex.com.ar\/?p=16938#primaryimage","url":"https:\/\/impactocastex.com.ar\/wp-content\/uploads\/2026\/05\/S5EETFUJTFCFZDO7QRYEN7MGJI-gnxW53-scaled.jpg","contentUrl":"https:\/\/impactocastex.com.ar\/wp-content\/uploads\/2026\/05\/S5EETFUJTFCFZDO7QRYEN7MGJI-gnxW53-scaled.jpg","width":2560,"height":1707},{"@type":"BreadcrumbList","@id":"https:\/\/impactocastex.com.ar\/?p=16938#breadcrumb","itemListElement":[{"@type":"ListItem","position":1,"name":"Portada","item":"https:\/\/impactocastex.com.ar\/"},{"@type":"ListItem","position":2,"name":"Franco Colapinto vuelve a correr en la F\u00f3rmula 1: horarios y TV de la primera pr\u00e1ctica libre"}]},{"@type":"WebSite","@id":"https:\/\/impactocastex.com.ar\/#website","url":"https:\/\/impactocastex.com.ar\/","name":"Impacto Castex","description":"","publisher":{"@id":"https:\/\/impactocastex.com.ar\/#organization"},"potentialAction":[{"@type":"SearchAction","target":{"@type":"EntryPoint","urlTemplate":"https:\/\/impactocastex.com.ar\/?s={search_term_string}"},"query-input":{"@type":"PropertyValueSpecification","valueRequired":true,"valueName":"search_term_string"}}],"inLanguage":"es"},{"@type":"Organization","@id":"https:\/\/impactocastex.com.ar\/#organization","name":"Impacto Castex","url":"https:\/\/impactocastex.com.ar\/","logo":{"@type":"ImageObject","inLanguage":"es","@id":"https:\/\/impactocastex.com.ar\/#\/schema\/logo\/image\/","url":"https:\/\/impactocastex.com.ar\/wp-content\/uploads\/2025\/09\/cropped-icoweb.png","contentUrl":"https:\/\/impactocastex.com.ar\/wp-content\/uploads\/2025\/09\/cropped-icoweb.png","width":512,"height":512,"caption":"Impacto Castex"},"image":{"@id":"https:\/\/impactocastex.com.ar\/#\/schema\/logo\/image\/"},"sameAs":["https:\/\/www.facebook.com\/impactocastexdiario","https:\/\/www.instagram.com\/impactocastex.com.ar\/"]},{"@type":"Person","@id":"https:\/\/impactocastex.com.ar\/#\/schema\/person\/86cb4f827fb5f87869a239b98a69c6e3","name":"impactocastex","image":{"@type":"ImageObject","inLanguage":"es","@id":"https:\/\/secure.gravatar.com\/avatar\/9a87ee051ca8c77f5d4070843ce2c78cdf95b858b950fb039151de955122f5f5?s=96&d=mm&r=g","url":"https:\/\/secure.gravatar.com\/avatar\/9a87ee051ca8c77f5d4070843ce2c78cdf95b858b950fb039151de955122f5f5?s=96&d=mm&r=g","contentUrl":"https:\/\/secure.gravatar.com\/avatar\/9a87ee051ca8c77f5d4070843ce2c78cdf95b858b950fb039151de955122f5f5?s=96&d=mm&r=g","caption":"impactocastex"},"sameAs":["https:\/\/impactocastex.com.ar"],"url":"https:\/\/impactocastex.com.ar\/?author=1"}]}},"jetpack_publicize_connections":[],"featured_image_urls":{"full":["https:\/\/impactocastex.com.ar\/wp-content\/uploads\/2026\/05\/S5EETFUJTFCFZDO7QRYEN7MGJI-gnxW53-scaled.jpg",2560,1707,false],"thumbnail":["https:\/\/impactocastex.com.ar\/wp-content\/uploads\/2026\/05\/S5EETFUJTFCFZDO7QRYEN7MGJI-gnxW53-150x150.jpg",150,150,true],"medium":["https:\/\/impactocastex.com.ar\/wp-content\/uploads\/2026\/05\/S5EETFUJTFCFZDO7QRYEN7MGJI-gnxW53-300x200.jpg",300,200,true],"medium_large":["https:\/\/impactocastex.com.ar\/wp-content\/uploads\/2026\/05\/S5EETFUJTFCFZDO7QRYEN7MGJI-gnxW53-768x512.jpg",640,427,true],"large":["https:\/\/impactocastex.com.ar\/wp-content\/uploads\/2026\/05\/S5EETFUJTFCFZDO7QRYEN7MGJI-gnxW53-1024x683.jpg",640,427,true],"1536x1536":["https:\/\/impactocastex.com.ar\/wp-content\/uploads\/2026\/05\/S5EETFUJTFCFZDO7QRYEN7MGJI-gnxW53-1536x1024.jpg",1536,1024,true],"2048x2048":["https:\/\/impactocastex.com.ar\/wp-content\/uploads\/2026\/05\/S5EETFUJTFCFZDO7QRYEN7MGJI-gnxW53-2048x1365.jpg",2048,1365,true],"newsever-slider-full":["https:\/\/impactocastex.com.ar\/wp-content\/uploads\/2026\/05\/S5EETFUJTFCFZDO7QRYEN7MGJI-gnxW53-1280x845.jpg",1280,845,true],"newsever-featured":["https:\/\/impactocastex.com.ar\/wp-content\/uploads\/2026\/05\/S5EETFUJTFCFZDO7QRYEN7MGJI-gnxW53-1024x683.jpg",1024,683,true],"newsever-medium":["https:\/\/impactocastex.com.ar\/wp-content\/uploads\/2026\/05\/S5EETFUJTFCFZDO7QRYEN7MGJI-gnxW53-720x475.jpg",720,475,true]},"author_info":{"info":["impactocastex"]},"category_info":"<a href=\"https:\/\/impactocastex.com.ar\/?cat=89\" rel=\"category\">NACIONALES<\/a>","tag_info":"NACIONALES","comment_count":0,"jetpack_featured_media_url":"https:\/\/impactocastex.com.ar\/wp-content\/uploads\/2026\/05\/S5EETFUJTFCFZDO7QRYEN7MGJI-gnxW53-scaled.jpg","jetpack_sharing_enabled":true,"jetpack_likes_enabled":true,"jetpack_shortlink":"https:\/\/wp.me\/p7sopA-4pc","_links":{"self":[{"href":"https:\/\/impactocastex.com.ar\/index.php?rest_route=\/wp\/v2\/posts\/16938","targetHints":{"allow":["GET"]}}],"collection":[{"href":"https:\/\/impactocastex.com.ar\/index.php?rest_route=\/wp\/v2\/posts"}],"about":[{"href":"https:\/\/impactocastex.com.ar\/index.php?rest_route=\/wp\/v2\/types\/post"}],"author":[{"embeddable":true,"href":"https:\/\/impactocastex.com.ar\/index.php?rest_route=\/wp\/v2\/users\/1"}],"replies":[{"embeddable":true,"href":"https:\/\/impactocastex.com.ar\/index.php?rest_route=%2Fwp%2Fv2%2Fcomments&post=16938"}],"version-history":[{"count":0,"href":"https:\/\/impactocastex.com.ar\/index.php?rest_route=\/wp\/v2\/posts\/16938\/revisions"}],"wp:featuredmedia":[{"embeddable":true,"href":"https:\/\/impactocastex.com.ar\/index.php?rest_route=\/wp\/v2\/media\/16939"}],"wp:attachment":[{"href":"https:\/\/impactocastex.com.ar\/index.php?rest_route=%2Fwp%2Fv2%2Fmedia&parent=16938"}],"wp:term":[{"taxonomy":"category","embeddable":true,"href":"https:\/\/impactocastex.com.ar\/index.php?rest_route=%2Fwp%2Fv2%2Fcategories&post=16938"},{"taxonomy":"post_tag","embeddable":true,"href":"https:\/\/impactocastex.com.ar\/index.php?rest_route=%2Fwp%2Fv2%2Ftags&post=16938"}],"curies":[{"name":"wp","href":"https:\/\/api.w.org\/{rel}","templated":true}]}}