{"id":16932,"date":"2026-05-01T08:19:29","date_gmt":"2026-05-01T11:19:29","guid":{"rendered":"https:\/\/impactocastex.com.ar\/?p=16932"},"modified":"2026-05-01T08:19:29","modified_gmt":"2026-05-01T11:19:29","slug":"oriana-sabatini-revelo-por-que-catherine-fulop-es-fundamental-para-ella-desde-que-nacio-su-hija-gia","status":"publish","type":"post","link":"https:\/\/impactocastex.com.ar\/?p=16932","title":{"rendered":"Oriana Sabatini revel\u00f3 por qu\u00e9 Catherine Fulop es fundamental para ella desde que naci\u00f3 su hija Gia"},"content":{"rendered":"<p><b>Oriana Sabatini <\/b>vive un momento muy especial a nivel profesional: lanz\u00f3 su primera novela, <i>Podr\u00eda quedarme ac\u00e1<\/i> (Penguin Argentina), la cual presentar\u00e1 el domingo 3 de mayo en la <b>Feria Internacional del Libro de Buenos Aires<\/b>. A nivel personal, fueron dos meses de alegr\u00edas, cambios, ajustes y pocas horas de sue\u00f1o tras el<a href=\"https:\/\/www.lanacion.com.ar\/espectaculos\/oriana-sabatini-conto-como-transito-el-embarazo-tuve-pubalgia-desde-el-quinto-mes-nid30042026\/\" target=\"_self\" rel=\"\" title=\"https:\/\/www.lanacion.com.ar\/espectaculos\/oriana-sabatini-conto-como-transito-el-embarazo-tuve-pubalgia-desde-el-quinto-mes-nid30042026\/\"> nacimiento de su hija Gia<\/a>. Desde que hizo p\u00fablica la noticia de que se convertir\u00eda en mam\u00e1, la cantante hizo part\u00edcipe al p\u00fablico de los avances del embarazo y no dud\u00f3 en mantenerlos al tanto tambi\u00e9n despu\u00e9s del parto. Fue en este contexto que se sincer\u00f3 sobre <b>el rol fundamental que ocupa hoy su propia madre, Catherine Fulop, en esta nueva etapa de su vida<\/b>.<\/p>\n<p>Antes de la llegada de Gia, <b>Catherine Fulop y Osvaldo Sabatini <\/b>se instalaron en Roma, Italia, para acompa\u00f1ar a Oriana, junto a su hija Tiziana, t\u00eda y madrina de la beb\u00e9. Y fiel a su estilo, la actriz venezolana fue la primera en gritar a los cuatro vientos su felicidad por <a href=\"https:\/\/www.lanacion.com.ar\/espectaculos\/catherine-fulop-mostro-su-alegria-por-convertirse-en-abuela-y-revelo-detalles-del-nacimiento-de-gia-nid03032026\/\" target=\"_self\" rel=\"\" title=\"https:\/\/www.lanacion.com.ar\/espectaculos\/catherine-fulop-mostro-su-alegria-por-convertirse-en-abuela-y-revelo-detalles-del-nacimiento-de-gia-nid03032026\/\">el nacimiento de Gia<\/a>. \u201c\u00a1Oficialmente soy abuela! Gracias Ori y Paulo por este regalo tan perfecto. Prometo malcriarla con amor y devolverla ba\u00f1adita\u00bb, expres\u00f3 en sus redes sociales.<\/p>\n<p><img loading=\"lazy\" decoding=\"async\" src=\"https:\/\/resizer.glanacion.com\/resizer\/v2\/WG5PD2FSTRGGFGJSSG2YAX35NQ.jpg?auth=9ce674e9ad398b2c28769569c2ab42b455cad45b6ba469770d011383c18d85f7&amp;smart=true&amp;width=1080&amp;height=1440\" alt=\"Gia, la hija de Oriana Sabatini y Paulo Dybala naci\u00f3 el 2 de marzo en Roma (Foto: Instagram @orianasabatini)\" height=\"1440\" width=\"1080\" \/><\/p>\n<p>Ahora, Oriana revel\u00f3 detalles de c\u00f3mo es Cathy en su nuevo rol de abuela. \u201cMi mam\u00e1 los tiene a todos muy cortitos\u201d, asegur\u00f3 en <i>Vuelta y media <\/i>(Urbana Play). Explic\u00f3 que establecieron una rutina con Gia, la cual se respeta \u201ca rajatabla\u201d, y su madre \u201cse volvi\u00f3 medio osa\u201d con la peque\u00f1a.<\/p>\n<p><img loading=\"lazy\" decoding=\"async\" src=\"https:\/\/resizer.glanacion.com\/resizer\/v2\/4XBU6J3C6NGRDP2Q4RNFVAMN3M.jpg?auth=66ddc71f034d3f49d2b6caea8696674a1970b212e4e67bbf3bf621e5c08d87bf&amp;smart=true&amp;width=1080&amp;height=1440\" alt=\"Oriana asegur\u00f3 que Cathy es una abuela \" height=\"1440\" width=\"1080\" \/><\/p>\n<p>\u201cNo es muy buena abuela, lo que sigue. <b>Es incre\u00edble, excelente<\/b>. Yo no podr\u00eda estar haciendo nada de esto si no fuese por mi madre\u201d, se sincer\u00f3 la cantante. \u201cDe verdad. Uno se imagina que la puede necesitar a su propia madre en el posparto, pero no a este nivel. <b>\u201cRealmente es gracias a ella que puedo disfrutar de este sue\u00f1o<\/b> que estoy cumpliendo\u00bb, sostuvo. Si bien remarc\u00f3 que su madre la acompa\u00f1\u00f3 incondicionalmente durante toda su vida, actualmente ese apoyo se nota a\u00fan m\u00e1s. <\/p>\n<p>\u200bLa cantante cont\u00f3 detalles del rol de su madre como abuela de Gia y habl\u00f3 de c\u00f3mo la acompa\u00f1a en este momento tan especial de su vida\u00a0\u00a0<\/p>","protected":false},"excerpt":{"rendered":"<p>Oriana Sabatini vive un momento muy especial a nivel profesional: lanz\u00f3 su primera novela, Podr\u00eda&#8230;<\/p>\n","protected":false},"author":1,"featured_media":16933,"comment_status":"closed","ping_status":"closed","sticky":false,"template":"","format":"standard","meta":{"_jetpack_memberships_contains_paid_content":false,"footnotes":"","jetpack_publicize_message":"","jetpack_publicize_feature_enabled":true,"jetpack_social_post_already_shared":true,"jetpack_social_options":{"image_generator_settings":{"template":"highway","default_image_id":0,"font":"","enabled":false},"version":2}},"categories":[89],"tags":[],"class_list":["post-16932","post","type-post","status-publish","format-standard","has-post-thumbnail","hentry","category-nacionales"],"yoast_head":"<!-- This site is optimized with the Yoast SEO plugin v27.4 - https:\/\/yoast.com\/product\/yoast-seo-wordpress\/ -->\n<title>Oriana Sabatini revel\u00f3 por qu\u00e9 Catherine Fulop es fundamental para ella desde que naci\u00f3 su hija Gia -<\/title>\n<meta name=\"robots\" content=\"index, follow, max-snippet:-1, max-image-preview:large, max-video-preview:-1\" \/>\n<link rel=\"canonical\" href=\"https:\/\/impactocastex.com.ar\/?p=16932\" \/>\n<meta property=\"og:locale\" content=\"es_ES\" \/>\n<meta property=\"og:type\" content=\"article\" \/>\n<meta property=\"og:title\" content=\"Oriana Sabatini revel\u00f3 por qu\u00e9 Catherine Fulop es fundamental para ella desde que naci\u00f3 su hija Gia -\" \/>\n<meta property=\"og:description\" content=\"Oriana Sabatini vive un momento muy especial a nivel profesional: lanz\u00f3 su primera novela, Podr\u00eda...\" \/>\n<meta property=\"og:url\" content=\"https:\/\/impactocastex.com.ar\/?p=16932\" \/>\n<meta property=\"article:publisher\" content=\"https:\/\/www.facebook.com\/impactocastexdiario\" \/>\n<meta property=\"article:published_time\" content=\"2026-05-01T11:19:29+00:00\" \/>\n<meta property=\"og:image\" content=\"https:\/\/resizer.glanacion.com\/resizer\/v2\/WG5PD2FSTRGGFGJSSG2YAX35NQ.jpg?auth=9ce674e9ad398b2c28769569c2ab42b455cad45b6ba469770d011383c18d85f7&amp;smart=true&amp;width=1080&amp;height=1440\" \/>\n<meta name=\"author\" content=\"impactocastex\" \/>\n<meta name=\"twitter:card\" content=\"summary_large_image\" \/>\n<meta name=\"twitter:label1\" content=\"Escrito por\" \/>\n\t<meta name=\"twitter:data1\" content=\"impactocastex\" \/>\n\t<meta name=\"twitter:label2\" content=\"Tiempo de lectura\" \/>\n\t<meta name=\"twitter:data2\" content=\"2 minutos\" \/>\n<script type=\"application\/ld+json\" class=\"yoast-schema-graph\">{\"@context\":\"https:\\\/\\\/schema.org\",\"@graph\":[{\"@type\":\"Article\",\"@id\":\"https:\\\/\\\/impactocastex.com.ar\\\/?p=16932#article\",\"isPartOf\":{\"@id\":\"https:\\\/\\\/impactocastex.com.ar\\\/?p=16932\"},\"author\":{\"name\":\"impactocastex\",\"@id\":\"https:\\\/\\\/impactocastex.com.ar\\\/#\\\/schema\\\/person\\\/86cb4f827fb5f87869a239b98a69c6e3\"},\"headline\":\"Oriana Sabatini revel\u00f3 por qu\u00e9 Catherine Fulop es fundamental para ella desde que naci\u00f3 su hija Gia\",\"datePublished\":\"2026-05-01T11:19:29+00:00\",\"mainEntityOfPage\":{\"@id\":\"https:\\\/\\\/impactocastex.com.ar\\\/?p=16932\"},\"wordCount\":398,\"publisher\":{\"@id\":\"https:\\\/\\\/impactocastex.com.ar\\\/#organization\"},\"image\":{\"@id\":\"https:\\\/\\\/impactocastex.com.ar\\\/?p=16932#primaryimage\"},\"thumbnailUrl\":\"https:\\\/\\\/impactocastex.com.ar\\\/wp-content\\\/uploads\\\/2026\\\/05\\\/U6OQQW6TOJAEBLHSOUCGM2HRYM-EzGgIR.jpg\",\"articleSection\":[\"NACIONALES\"],\"inLanguage\":\"es\"},{\"@type\":\"WebPage\",\"@id\":\"https:\\\/\\\/impactocastex.com.ar\\\/?p=16932\",\"url\":\"https:\\\/\\\/impactocastex.com.ar\\\/?p=16932\",\"name\":\"Oriana Sabatini revel\u00f3 por qu\u00e9 Catherine Fulop es fundamental para ella desde que naci\u00f3 su hija Gia -\",\"isPartOf\":{\"@id\":\"https:\\\/\\\/impactocastex.com.ar\\\/#website\"},\"primaryImageOfPage\":{\"@id\":\"https:\\\/\\\/impactocastex.com.ar\\\/?p=16932#primaryimage\"},\"image\":{\"@id\":\"https:\\\/\\\/impactocastex.com.ar\\\/?p=16932#primaryimage\"},\"thumbnailUrl\":\"https:\\\/\\\/impactocastex.com.ar\\\/wp-content\\\/uploads\\\/2026\\\/05\\\/U6OQQW6TOJAEBLHSOUCGM2HRYM-EzGgIR.jpg\",\"datePublished\":\"2026-05-01T11:19:29+00:00\",\"breadcrumb\":{\"@id\":\"https:\\\/\\\/impactocastex.com.ar\\\/?p=16932#breadcrumb\"},\"inLanguage\":\"es\",\"potentialAction\":[{\"@type\":\"ReadAction\",\"target\":[\"https:\\\/\\\/impactocastex.com.ar\\\/?p=16932\"]}]},{\"@type\":\"ImageObject\",\"inLanguage\":\"es\",\"@id\":\"https:\\\/\\\/impactocastex.com.ar\\\/?p=16932#primaryimage\",\"url\":\"https:\\\/\\\/impactocastex.com.ar\\\/wp-content\\\/uploads\\\/2026\\\/05\\\/U6OQQW6TOJAEBLHSOUCGM2HRYM-EzGgIR.jpg\",\"contentUrl\":\"https:\\\/\\\/impactocastex.com.ar\\\/wp-content\\\/uploads\\\/2026\\\/05\\\/U6OQQW6TOJAEBLHSOUCGM2HRYM-EzGgIR.jpg\",\"width\":2000,\"height\":1333},{\"@type\":\"BreadcrumbList\",\"@id\":\"https:\\\/\\\/impactocastex.com.ar\\\/?p=16932#breadcrumb\",\"itemListElement\":[{\"@type\":\"ListItem\",\"position\":1,\"name\":\"Portada\",\"item\":\"https:\\\/\\\/impactocastex.com.ar\\\/\"},{\"@type\":\"ListItem\",\"position\":2,\"name\":\"Oriana Sabatini revel\u00f3 por qu\u00e9 Catherine Fulop es fundamental para ella desde que naci\u00f3 su hija Gia\"}]},{\"@type\":\"WebSite\",\"@id\":\"https:\\\/\\\/impactocastex.com.ar\\\/#website\",\"url\":\"https:\\\/\\\/impactocastex.com.ar\\\/\",\"name\":\"Impacto Castex\",\"description\":\"\",\"publisher\":{\"@id\":\"https:\\\/\\\/impactocastex.com.ar\\\/#organization\"},\"potentialAction\":[{\"@type\":\"SearchAction\",\"target\":{\"@type\":\"EntryPoint\",\"urlTemplate\":\"https:\\\/\\\/impactocastex.com.ar\\\/?s={search_term_string}\"},\"query-input\":{\"@type\":\"PropertyValueSpecification\",\"valueRequired\":true,\"valueName\":\"search_term_string\"}}],\"inLanguage\":\"es\"},{\"@type\":\"Organization\",\"@id\":\"https:\\\/\\\/impactocastex.com.ar\\\/#organization\",\"name\":\"Impacto Castex\",\"url\":\"https:\\\/\\\/impactocastex.com.ar\\\/\",\"logo\":{\"@type\":\"ImageObject\",\"inLanguage\":\"es\",\"@id\":\"https:\\\/\\\/impactocastex.com.ar\\\/#\\\/schema\\\/logo\\\/image\\\/\",\"url\":\"https:\\\/\\\/impactocastex.com.ar\\\/wp-content\\\/uploads\\\/2025\\\/09\\\/cropped-icoweb.png\",\"contentUrl\":\"https:\\\/\\\/impactocastex.com.ar\\\/wp-content\\\/uploads\\\/2025\\\/09\\\/cropped-icoweb.png\",\"width\":512,\"height\":512,\"caption\":\"Impacto Castex\"},\"image\":{\"@id\":\"https:\\\/\\\/impactocastex.com.ar\\\/#\\\/schema\\\/logo\\\/image\\\/\"},\"sameAs\":[\"https:\\\/\\\/www.facebook.com\\\/impactocastexdiario\",\"https:\\\/\\\/www.instagram.com\\\/impactocastex.com.ar\\\/\"]},{\"@type\":\"Person\",\"@id\":\"https:\\\/\\\/impactocastex.com.ar\\\/#\\\/schema\\\/person\\\/86cb4f827fb5f87869a239b98a69c6e3\",\"name\":\"impactocastex\",\"image\":{\"@type\":\"ImageObject\",\"inLanguage\":\"es\",\"@id\":\"https:\\\/\\\/secure.gravatar.com\\\/avatar\\\/9a87ee051ca8c77f5d4070843ce2c78cdf95b858b950fb039151de955122f5f5?s=96&d=mm&r=g\",\"url\":\"https:\\\/\\\/secure.gravatar.com\\\/avatar\\\/9a87ee051ca8c77f5d4070843ce2c78cdf95b858b950fb039151de955122f5f5?s=96&d=mm&r=g\",\"contentUrl\":\"https:\\\/\\\/secure.gravatar.com\\\/avatar\\\/9a87ee051ca8c77f5d4070843ce2c78cdf95b858b950fb039151de955122f5f5?s=96&d=mm&r=g\",\"caption\":\"impactocastex\"},\"sameAs\":[\"https:\\\/\\\/impactocastex.com.ar\"],\"url\":\"https:\\\/\\\/impactocastex.com.ar\\\/?author=1\"}]}<\/script>\n<!-- \/ Yoast SEO plugin. -->","yoast_head_json":{"title":"Oriana Sabatini revel\u00f3 por qu\u00e9 Catherine Fulop es fundamental para ella desde que naci\u00f3 su hija Gia -","robots":{"index":"index","follow":"follow","max-snippet":"max-snippet:-1","max-image-preview":"max-image-preview:large","max-video-preview":"max-video-preview:-1"},"canonical":"https:\/\/impactocastex.com.ar\/?p=16932","og_locale":"es_ES","og_type":"article","og_title":"Oriana Sabatini revel\u00f3 por qu\u00e9 Catherine Fulop es fundamental para ella desde que naci\u00f3 su hija Gia -","og_description":"Oriana Sabatini vive un momento muy especial a nivel profesional: lanz\u00f3 su primera novela, Podr\u00eda...","og_url":"https:\/\/impactocastex.com.ar\/?p=16932","article_publisher":"https:\/\/www.facebook.com\/impactocastexdiario","article_published_time":"2026-05-01T11:19:29+00:00","og_image":[{"url":"https:\/\/resizer.glanacion.com\/resizer\/v2\/WG5PD2FSTRGGFGJSSG2YAX35NQ.jpg?auth=9ce674e9ad398b2c28769569c2ab42b455cad45b6ba469770d011383c18d85f7&amp;smart=true&amp;width=1080&amp;height=1440","type":"","width":"","height":""}],"author":"impactocastex","twitter_card":"summary_large_image","twitter_misc":{"Escrito por":"impactocastex","Tiempo de lectura":"2 minutos"},"schema":{"@context":"https:\/\/schema.org","@graph":[{"@type":"Article","@id":"https:\/\/impactocastex.com.ar\/?p=16932#article","isPartOf":{"@id":"https:\/\/impactocastex.com.ar\/?p=16932"},"author":{"name":"impactocastex","@id":"https:\/\/impactocastex.com.ar\/#\/schema\/person\/86cb4f827fb5f87869a239b98a69c6e3"},"headline":"Oriana Sabatini revel\u00f3 por qu\u00e9 Catherine Fulop es fundamental para ella desde que naci\u00f3 su hija Gia","datePublished":"2026-05-01T11:19:29+00:00","mainEntityOfPage":{"@id":"https:\/\/impactocastex.com.ar\/?p=16932"},"wordCount":398,"publisher":{"@id":"https:\/\/impactocastex.com.ar\/#organization"},"image":{"@id":"https:\/\/impactocastex.com.ar\/?p=16932#primaryimage"},"thumbnailUrl":"https:\/\/impactocastex.com.ar\/wp-content\/uploads\/2026\/05\/U6OQQW6TOJAEBLHSOUCGM2HRYM-EzGgIR.jpg","articleSection":["NACIONALES"],"inLanguage":"es"},{"@type":"WebPage","@id":"https:\/\/impactocastex.com.ar\/?p=16932","url":"https:\/\/impactocastex.com.ar\/?p=16932","name":"Oriana Sabatini revel\u00f3 por qu\u00e9 Catherine Fulop es fundamental para ella desde que naci\u00f3 su hija Gia -","isPartOf":{"@id":"https:\/\/impactocastex.com.ar\/#website"},"primaryImageOfPage":{"@id":"https:\/\/impactocastex.com.ar\/?p=16932#primaryimage"},"image":{"@id":"https:\/\/impactocastex.com.ar\/?p=16932#primaryimage"},"thumbnailUrl":"https:\/\/impactocastex.com.ar\/wp-content\/uploads\/2026\/05\/U6OQQW6TOJAEBLHSOUCGM2HRYM-EzGgIR.jpg","datePublished":"2026-05-01T11:19:29+00:00","breadcrumb":{"@id":"https:\/\/impactocastex.com.ar\/?p=16932#breadcrumb"},"inLanguage":"es","potentialAction":[{"@type":"ReadAction","target":["https:\/\/impactocastex.com.ar\/?p=16932"]}]},{"@type":"ImageObject","inLanguage":"es","@id":"https:\/\/impactocastex.com.ar\/?p=16932#primaryimage","url":"https:\/\/impactocastex.com.ar\/wp-content\/uploads\/2026\/05\/U6OQQW6TOJAEBLHSOUCGM2HRYM-EzGgIR.jpg","contentUrl":"https:\/\/impactocastex.com.ar\/wp-content\/uploads\/2026\/05\/U6OQQW6TOJAEBLHSOUCGM2HRYM-EzGgIR.jpg","width":2000,"height":1333},{"@type":"BreadcrumbList","@id":"https:\/\/impactocastex.com.ar\/?p=16932#breadcrumb","itemListElement":[{"@type":"ListItem","position":1,"name":"Portada","item":"https:\/\/impactocastex.com.ar\/"},{"@type":"ListItem","position":2,"name":"Oriana Sabatini revel\u00f3 por qu\u00e9 Catherine Fulop es fundamental para ella desde que naci\u00f3 su hija Gia"}]},{"@type":"WebSite","@id":"https:\/\/impactocastex.com.ar\/#website","url":"https:\/\/impactocastex.com.ar\/","name":"Impacto Castex","description":"","publisher":{"@id":"https:\/\/impactocastex.com.ar\/#organization"},"potentialAction":[{"@type":"SearchAction","target":{"@type":"EntryPoint","urlTemplate":"https:\/\/impactocastex.com.ar\/?s={search_term_string}"},"query-input":{"@type":"PropertyValueSpecification","valueRequired":true,"valueName":"search_term_string"}}],"inLanguage":"es"},{"@type":"Organization","@id":"https:\/\/impactocastex.com.ar\/#organization","name":"Impacto Castex","url":"https:\/\/impactocastex.com.ar\/","logo":{"@type":"ImageObject","inLanguage":"es","@id":"https:\/\/impactocastex.com.ar\/#\/schema\/logo\/image\/","url":"https:\/\/impactocastex.com.ar\/wp-content\/uploads\/2025\/09\/cropped-icoweb.png","contentUrl":"https:\/\/impactocastex.com.ar\/wp-content\/uploads\/2025\/09\/cropped-icoweb.png","width":512,"height":512,"caption":"Impacto Castex"},"image":{"@id":"https:\/\/impactocastex.com.ar\/#\/schema\/logo\/image\/"},"sameAs":["https:\/\/www.facebook.com\/impactocastexdiario","https:\/\/www.instagram.com\/impactocastex.com.ar\/"]},{"@type":"Person","@id":"https:\/\/impactocastex.com.ar\/#\/schema\/person\/86cb4f827fb5f87869a239b98a69c6e3","name":"impactocastex","image":{"@type":"ImageObject","inLanguage":"es","@id":"https:\/\/secure.gravatar.com\/avatar\/9a87ee051ca8c77f5d4070843ce2c78cdf95b858b950fb039151de955122f5f5?s=96&d=mm&r=g","url":"https:\/\/secure.gravatar.com\/avatar\/9a87ee051ca8c77f5d4070843ce2c78cdf95b858b950fb039151de955122f5f5?s=96&d=mm&r=g","contentUrl":"https:\/\/secure.gravatar.com\/avatar\/9a87ee051ca8c77f5d4070843ce2c78cdf95b858b950fb039151de955122f5f5?s=96&d=mm&r=g","caption":"impactocastex"},"sameAs":["https:\/\/impactocastex.com.ar"],"url":"https:\/\/impactocastex.com.ar\/?author=1"}]}},"jetpack_publicize_connections":[],"featured_image_urls":{"full":["https:\/\/impactocastex.com.ar\/wp-content\/uploads\/2026\/05\/U6OQQW6TOJAEBLHSOUCGM2HRYM-EzGgIR.jpg",2000,1333,false],"thumbnail":["https:\/\/impactocastex.com.ar\/wp-content\/uploads\/2026\/05\/U6OQQW6TOJAEBLHSOUCGM2HRYM-EzGgIR-150x150.jpg",150,150,true],"medium":["https:\/\/impactocastex.com.ar\/wp-content\/uploads\/2026\/05\/U6OQQW6TOJAEBLHSOUCGM2HRYM-EzGgIR-300x200.jpg",300,200,true],"medium_large":["https:\/\/impactocastex.com.ar\/wp-content\/uploads\/2026\/05\/U6OQQW6TOJAEBLHSOUCGM2HRYM-EzGgIR-768x512.jpg",640,427,true],"large":["https:\/\/impactocastex.com.ar\/wp-content\/uploads\/2026\/05\/U6OQQW6TOJAEBLHSOUCGM2HRYM-EzGgIR-1024x682.jpg",640,426,true],"1536x1536":["https:\/\/impactocastex.com.ar\/wp-content\/uploads\/2026\/05\/U6OQQW6TOJAEBLHSOUCGM2HRYM-EzGgIR-1536x1024.jpg",1536,1024,true],"2048x2048":["https:\/\/impactocastex.com.ar\/wp-content\/uploads\/2026\/05\/U6OQQW6TOJAEBLHSOUCGM2HRYM-EzGgIR.jpg",2000,1333,false],"newsever-slider-full":["https:\/\/impactocastex.com.ar\/wp-content\/uploads\/2026\/05\/U6OQQW6TOJAEBLHSOUCGM2HRYM-EzGgIR-1280x845.jpg",1280,845,true],"newsever-featured":["https:\/\/impactocastex.com.ar\/wp-content\/uploads\/2026\/05\/U6OQQW6TOJAEBLHSOUCGM2HRYM-EzGgIR-1024x682.jpg",1024,682,true],"newsever-medium":["https:\/\/impactocastex.com.ar\/wp-content\/uploads\/2026\/05\/U6OQQW6TOJAEBLHSOUCGM2HRYM-EzGgIR-720x475.jpg",720,475,true]},"author_info":{"info":["impactocastex"]},"category_info":"<a href=\"https:\/\/impactocastex.com.ar\/?cat=89\" rel=\"category\">NACIONALES<\/a>","tag_info":"NACIONALES","comment_count":0,"jetpack_featured_media_url":"https:\/\/impactocastex.com.ar\/wp-content\/uploads\/2026\/05\/U6OQQW6TOJAEBLHSOUCGM2HRYM-EzGgIR.jpg","jetpack_sharing_enabled":true,"jetpack_likes_enabled":true,"jetpack_shortlink":"https:\/\/wp.me\/p7sopA-4p6","_links":{"self":[{"href":"https:\/\/impactocastex.com.ar\/index.php?rest_route=\/wp\/v2\/posts\/16932","targetHints":{"allow":["GET"]}}],"collection":[{"href":"https:\/\/impactocastex.com.ar\/index.php?rest_route=\/wp\/v2\/posts"}],"about":[{"href":"https:\/\/impactocastex.com.ar\/index.php?rest_route=\/wp\/v2\/types\/post"}],"author":[{"embeddable":true,"href":"https:\/\/impactocastex.com.ar\/index.php?rest_route=\/wp\/v2\/users\/1"}],"replies":[{"embeddable":true,"href":"https:\/\/impactocastex.com.ar\/index.php?rest_route=%2Fwp%2Fv2%2Fcomments&post=16932"}],"version-history":[{"count":0,"href":"https:\/\/impactocastex.com.ar\/index.php?rest_route=\/wp\/v2\/posts\/16932\/revisions"}],"wp:featuredmedia":[{"embeddable":true,"href":"https:\/\/impactocastex.com.ar\/index.php?rest_route=\/wp\/v2\/media\/16933"}],"wp:attachment":[{"href":"https:\/\/impactocastex.com.ar\/index.php?rest_route=%2Fwp%2Fv2%2Fmedia&parent=16932"}],"wp:term":[{"taxonomy":"category","embeddable":true,"href":"https:\/\/impactocastex.com.ar\/index.php?rest_route=%2Fwp%2Fv2%2Fcategories&post=16932"},{"taxonomy":"post_tag","embeddable":true,"href":"https:\/\/impactocastex.com.ar\/index.php?rest_route=%2Fwp%2Fv2%2Ftags&post=16932"}],"curies":[{"name":"wp","href":"https:\/\/api.w.org\/{rel}","templated":true}]}}