{"id":16930,"date":"2026-05-01T08:20:03","date_gmt":"2026-05-01T11:20:03","guid":{"rendered":"https:\/\/impactocastex.com.ar\/?p=16930"},"modified":"2026-05-01T08:20:03","modified_gmt":"2026-05-01T11:20:03","slug":"larreta-cruzo-a-fernando-de-andreis-luego-de-que-lo-acusara-de-haber-llevado-al-pro-hacia-el-socialismo","status":"publish","type":"post","link":"https:\/\/impactocastex.com.ar\/?p=16930","title":{"rendered":"Larreta cruz\u00f3 a Fernando de Andreis luego de que lo acusara de haber llevado al Pro hacia el socialismo"},"content":{"rendered":"<p>El exjefe de Gobierno porte\u00f1o<a href=\"https:\/\/www.lanacion.com.ar\/politica\/rodriguez-larreta-comparo-a-la-argentina-con-iran-corea-del-norte-venezuela-y-cuba-por-la-libertad-nid23042026\/\" target=\"_blank\" rel=\"noreferrer\" title=\"https:\/\/www.lanacion.com.ar\/politica\/rodriguez-larreta-comparo-a-la-argentina-con-iran-corea-del-norte-venezuela-y-cuba-por-la-libertad-nid23042026\/\"> <b>Horacio Rodr\u00edguez Larreta<\/b><\/a> cruz\u00f3 al diputado nacional y dirigente de <b>Pro Fernando de Andreis<\/b>, quien lo acus\u00f3 de haber llevado al partido hacia el socialismo durante sus ocho a\u00f1os al frente de la ciudad de Buenos Aires. \u201c<b>Es una joda que digan eso<\/b>\u201d, respondi\u00f3.<\/p>\n<p>\u201cDurante la \u00faltima semana el dirigente m\u00e1s cercano a <b>Mauricio Macri <\/b>[en alusi\u00f3n a De Andreis] dijo que en el Pro hay un murmullo socialista: \u00bfsos vos?\u201d, le preguntaron a Larreta en una entrevista televisiva el jueves por la noche, lo que gener\u00f3 una en\u00e9rgica respuesta por parte del exalcalde de la ciudad.<\/p>\n<p><b>\u201cNo, no: le puso nombre y apellido\u201d<\/b>, devolvi\u00f3 Larreta en la entrevista realizada en la se\u00f1al TN y record\u00f3: \u201cMir\u00e1, en el a\u00f1o 2009 se vot\u00f3 en la Legislatura de la Ciudad la ley para iniciar el proyecto de integraci\u00f3n y urbanizaci\u00f3n de la Villa 31: bien socialista si quer\u00e9s\u201d. Y sigui\u00f3: \u201c<b>\u00bfSab\u00e9s qui\u00e9n era el jefe de Gobierno? Mauricio Macri. <\/b>\u00bfSab\u00e9s qui\u00e9n era legislador? Fernando De Andreis. \u00bfSab\u00e9s c\u00f3mo vot\u00f3? Positivo. Es una joda que digan eso\u201c.<\/p>\n<p><img loading=\"lazy\" decoding=\"async\" src=\"https:\/\/resizer.glanacion.com\/resizer\/v2\/Z6QTZX7NYVDNLAQ6QE5JJTO62Q.png?auth=9007fb960827e962bc337bb9539f90c3214a8203dab72fc628b5f41f6b54d42f&amp;smart=true&amp;width=975&amp;height=567\" alt=\"El exjefe de Gobierno porte\u00f1o Horacio Rodr\u00edguez Larreta\" height=\"567\" width=\"975\" \/><\/p>\n<p>La pregunta a Larreta surgi\u00f3 a ra\u00edz de sus explicaciones sobre c\u00f3mo integrar la Villa 31 a los barrios de la ciudad. \u201c<b>Hay que seguir con el proceso de integraci\u00f3n para que termine de ser definitivamente el Barrio 31. Se avanz\u00f3 mucho, falta<\/b>\u201d, sostuvo el exalcalde. \u201c\u00bfCon la plata de los contribuyentes?\u201c, le repreguntaron. \u201d60\/70% se financi\u00f3 con la venta de los terrenos de Catalinas: 290millones de d\u00f3lares, que se pudieron vender porque se inici\u00f3 la integraci\u00f3n. <b>Se financia solo.<\/b> Se genera un circulo virtuoso\u00bb, contest\u00f3.<\/p>\n<p>En su posteo publicado el domingo 26 de abril, De Andreis hizo referencia a las supuestas internas que hay y hubo en Pro, y dispar\u00f3 contra Larreta: \u201cYo tambi\u00e9n creo que hay ruido en lo que dice el Pro. Pero ese ruido no es t\u00e9cnico, para mi no es algo que podemos arreglar haciendo lo mismo pero en otro orden, es m\u00e1s bien un ruido de creencias. <b>Hay conceptos mezclados y hasta contradictorios que hace muy dif\u00edcil que la gente nos reconozca<\/b>\u201d. <\/p>\n<p><img loading=\"lazy\" decoding=\"async\" src=\"https:\/\/resizer.glanacion.com\/resizer\/v2\/ZNW73IDQBZHDBKN7IQHHHN3XBA.png?auth=60e067e41a904f38ac1a55c6f4b2c2b4e075a76b37f2f33d8d476d87855c46cf&amp;smart=true&amp;width=453&amp;height=402\" alt=\"Larreta como jefe de Gobierno Porte\u00f1o y De Andreis en su rol de Secretario General de la Presidencia, en una imagen de 2019\" height=\"402\" width=\"453\" \/><\/p>\n<p>M\u00e1s abajo, agreg\u00f3: \u201cCasi como una anticipaci\u00f3n de esa falta de un mensaje claro, hace unos meses llam\u00e9 <b>\u201cmurmullo socialista\u201d<\/b> a algunas ideas que todav\u00eda se escuchan dentro del Pro. Dije murmullo, como ese ruido molesto, continuo y confuso; y socialista por sus inclinaciones progresistas\u00bb.<\/p>\n<p>\u201cEl Pro tuvo una desviaci\u00f3n lamentable hacia esa visi\u00f3n socialista de la pol\u00edtica que nos hizo mucho da\u00f1o. <b>Digamos que hubo un Pro de izquierda, representado principalmente por Horacio, que hoy parece sentirse m\u00e1s cerca y c\u00f3modo con el peronismo.<\/b> Tambi\u00e9n, ese PRO fue afectado durante el per\u00edodo 2019-2023 por la coalici\u00f3n que form\u00f3 con Juntos por el Cambio, una ingenier\u00eda gen\u00e9tica fallida que nos transformo en un monstruo de muchas cabezas\u00bb, acus\u00f3 De Andreis. <\/p>\n<p><img loading=\"lazy\" decoding=\"async\" src=\"https:\/\/resizer.glanacion.com\/resizer\/v2\/WZTJAXLGAJBGJDUYH2RTZ3VM5Y.png?auth=a2ca65b416318f80e738e7aa19788ba6791177742138750956959b28a5a38dfb&amp;smart=true&amp;width=596&amp;height=714\" alt=\"Parte del extenso posteo del exlegislador porte\u00f1o\" height=\"714\" width=\"596\" \/><\/p>\n<p>En otro tramo de la entrevista, Larreta hizo hincapi\u00e9 en que no tiene pensado volver a unirse con el partido amarillo. \u201c<b>Ya me lanc\u00e9 solo<\/b>\u201d, insisti\u00f3. En tanto, revel\u00f3 que no se ha comunicado con el expresidente desde \u201chace m\u00e1s de un a\u00f1o\u201d y que tampoco habl\u00f3 recientemente con Patricia Bullrich. Y volvi\u00f3 a adelantar que se presentar\u00e1 como candidato en la ciudad en 2027.<\/p>\n<p>No obstante, ese \u201cruido\u201d al que hizo alusi\u00f3n De Andreis en su posteo de X<i>,<\/i> qued\u00f3 explicitado el \u00faltimo mi\u00e9rcoles cuando, durante la visita del jefe de Gabinete, <b>Manuel Adorni<\/b>, al Congreso, donde brind\u00f3 su primer informe de gesti\u00f3n: <b>el \u00fanico bloque que no hizo ninguna pregunta fue el Pro<\/b>. A partir de ah\u00ed, los diques de contenci\u00f3n se agrietaron y varios dirigentes y exdirigentes de la fuerza amarilla salieron a criticar esa decisi\u00f3n.<\/p>\n<p><img loading=\"lazy\" decoding=\"async\" src=\"https:\/\/resizer.glanacion.com\/resizer\/v2\/OYTGFQUTW5D5PDG34Q7E2UB4CM.png?auth=c088a489246f3949a4e90e6d7e008be9ab3ec1bc1bed795b2ba0ffb39eaa0d33&amp;smart=true&amp;width=592&amp;height=829\" alt=\"El remate de la publicaci\u00f3n de De Andreis con una imagen m\u00e1s que alusiva\" height=\"829\" width=\"592\" \/><\/p>\n<p>En ese marco, l<a href=\"https:\/\/www.lanacion.com.ar\/politica\/los-aliados-legislativos-evitaron-el-frente-judicial-de-adorni-y-solo-hicieron-reclamos-provinciales-nid29042026\/\" target=\"_self\" rel=\"\" title=\"https:\/\/www.lanacion.com.ar\/politica\/los-aliados-legislativos-evitaron-el-frente-judicial-de-adorni-y-solo-hicieron-reclamos-provinciales-nid29042026\/\">a disputa interna de Pro volvi\u00f3 a exponer algo m\u00e1s profundo<\/a> que una simple puja de liderazgos: una posible discusi\u00f3n sobre su identidad. Las cr\u00edticas de De Andreis -que tambi\u00e9n breg\u00f3 por un \u201c<b>Pro 100% liberal<\/b>\u201d- no s\u00f3lo tensaron el clima puertas adentro, sino que dejaron al descubierto la dificultad del espacio para ordenar un rumbo com\u00fan. <\/p>\n<p>Entre acusaciones cruzadas y reproches ideol\u00f3gicos, <b>el partido fundado por Mauricio Macri enfrenta el desaf\u00edo de redefinirse sin romperse<\/b>. La inc\u00f3gnita ya no es s\u00f3lo qui\u00e9n conduce, sino qu\u00e9 Pro pretende sobrevivir a esta interna. Uno que profundice su perfil liberal o uno que mantenga la vocaci\u00f3n de amplitud que hoy est\u00e1 en el centro de la disputa.<\/p>\n<p>\u200bEl exjefe de Gobierno porte\u00f1o respondi\u00f3 a las acusaciones del diputado nacional y habl\u00f3 sobre la integraci\u00f3n de la Villa 31\u00a0\u00a0<\/p>","protected":false},"excerpt":{"rendered":"<p>El exjefe de Gobierno porte\u00f1o Horacio Rodr\u00edguez Larreta cruz\u00f3 al diputado nacional y dirigente de&#8230;<\/p>\n","protected":false},"author":1,"featured_media":16931,"comment_status":"closed","ping_status":"closed","sticky":false,"template":"","format":"standard","meta":{"_jetpack_memberships_contains_paid_content":false,"footnotes":"","jetpack_publicize_message":"","jetpack_publicize_feature_enabled":true,"jetpack_social_post_already_shared":true,"jetpack_social_options":{"image_generator_settings":{"template":"highway","default_image_id":0,"font":"","enabled":false},"version":2}},"categories":[89],"tags":[],"class_list":["post-16930","post","type-post","status-publish","format-standard","has-post-thumbnail","hentry","category-nacionales"],"yoast_head":"<!-- This site is optimized with the Yoast SEO plugin v27.4 - https:\/\/yoast.com\/product\/yoast-seo-wordpress\/ -->\n<title>Larreta cruz\u00f3 a Fernando de Andreis luego de que lo acusara de haber llevado al Pro hacia el socialismo -<\/title>\n<meta name=\"robots\" content=\"index, follow, max-snippet:-1, max-image-preview:large, max-video-preview:-1\" \/>\n<link rel=\"canonical\" href=\"https:\/\/impactocastex.com.ar\/?p=16930\" \/>\n<meta property=\"og:locale\" content=\"es_ES\" \/>\n<meta property=\"og:type\" content=\"article\" \/>\n<meta property=\"og:title\" content=\"Larreta cruz\u00f3 a Fernando de Andreis luego de que lo acusara de haber llevado al Pro hacia el socialismo -\" \/>\n<meta property=\"og:description\" content=\"El exjefe de Gobierno porte\u00f1o Horacio Rodr\u00edguez Larreta cruz\u00f3 al diputado nacional y dirigente de...\" \/>\n<meta property=\"og:url\" content=\"https:\/\/impactocastex.com.ar\/?p=16930\" \/>\n<meta property=\"article:publisher\" content=\"https:\/\/www.facebook.com\/impactocastexdiario\" \/>\n<meta property=\"article:published_time\" content=\"2026-05-01T11:20:03+00:00\" \/>\n<meta property=\"og:image\" content=\"https:\/\/resizer.glanacion.com\/resizer\/v2\/Z6QTZX7NYVDNLAQ6QE5JJTO62Q.png?auth=9007fb960827e962bc337bb9539f90c3214a8203dab72fc628b5f41f6b54d42f&amp;smart=true&amp;width=975&amp;height=567\" \/>\n<meta name=\"author\" content=\"impactocastex\" \/>\n<meta name=\"twitter:card\" content=\"summary_large_image\" \/>\n<meta name=\"twitter:label1\" content=\"Escrito por\" \/>\n\t<meta name=\"twitter:data1\" content=\"impactocastex\" \/>\n\t<meta name=\"twitter:label2\" content=\"Tiempo de lectura\" \/>\n\t<meta name=\"twitter:data2\" content=\"4 minutos\" \/>\n<script type=\"application\/ld+json\" class=\"yoast-schema-graph\">{\"@context\":\"https:\\\/\\\/schema.org\",\"@graph\":[{\"@type\":\"Article\",\"@id\":\"https:\\\/\\\/impactocastex.com.ar\\\/?p=16930#article\",\"isPartOf\":{\"@id\":\"https:\\\/\\\/impactocastex.com.ar\\\/?p=16930\"},\"author\":{\"name\":\"impactocastex\",\"@id\":\"https:\\\/\\\/impactocastex.com.ar\\\/#\\\/schema\\\/person\\\/86cb4f827fb5f87869a239b98a69c6e3\"},\"headline\":\"Larreta cruz\u00f3 a Fernando de Andreis luego de que lo acusara de haber llevado al Pro hacia el socialismo\",\"datePublished\":\"2026-05-01T11:20:03+00:00\",\"mainEntityOfPage\":{\"@id\":\"https:\\\/\\\/impactocastex.com.ar\\\/?p=16930\"},\"wordCount\":818,\"publisher\":{\"@id\":\"https:\\\/\\\/impactocastex.com.ar\\\/#organization\"},\"image\":{\"@id\":\"https:\\\/\\\/impactocastex.com.ar\\\/?p=16930#primaryimage\"},\"thumbnailUrl\":\"https:\\\/\\\/impactocastex.com.ar\\\/wp-content\\\/uploads\\\/2026\\\/05\\\/2DWPK2N7HRFV7PANUKFLTGBXFY-5miyLd.jpg\",\"articleSection\":[\"NACIONALES\"],\"inLanguage\":\"es\"},{\"@type\":\"WebPage\",\"@id\":\"https:\\\/\\\/impactocastex.com.ar\\\/?p=16930\",\"url\":\"https:\\\/\\\/impactocastex.com.ar\\\/?p=16930\",\"name\":\"Larreta cruz\u00f3 a Fernando de Andreis luego de que lo acusara de haber llevado al Pro hacia el socialismo -\",\"isPartOf\":{\"@id\":\"https:\\\/\\\/impactocastex.com.ar\\\/#website\"},\"primaryImageOfPage\":{\"@id\":\"https:\\\/\\\/impactocastex.com.ar\\\/?p=16930#primaryimage\"},\"image\":{\"@id\":\"https:\\\/\\\/impactocastex.com.ar\\\/?p=16930#primaryimage\"},\"thumbnailUrl\":\"https:\\\/\\\/impactocastex.com.ar\\\/wp-content\\\/uploads\\\/2026\\\/05\\\/2DWPK2N7HRFV7PANUKFLTGBXFY-5miyLd.jpg\",\"datePublished\":\"2026-05-01T11:20:03+00:00\",\"breadcrumb\":{\"@id\":\"https:\\\/\\\/impactocastex.com.ar\\\/?p=16930#breadcrumb\"},\"inLanguage\":\"es\",\"potentialAction\":[{\"@type\":\"ReadAction\",\"target\":[\"https:\\\/\\\/impactocastex.com.ar\\\/?p=16930\"]}]},{\"@type\":\"ImageObject\",\"inLanguage\":\"es\",\"@id\":\"https:\\\/\\\/impactocastex.com.ar\\\/?p=16930#primaryimage\",\"url\":\"https:\\\/\\\/impactocastex.com.ar\\\/wp-content\\\/uploads\\\/2026\\\/05\\\/2DWPK2N7HRFV7PANUKFLTGBXFY-5miyLd.jpg\",\"contentUrl\":\"https:\\\/\\\/impactocastex.com.ar\\\/wp-content\\\/uploads\\\/2026\\\/05\\\/2DWPK2N7HRFV7PANUKFLTGBXFY-5miyLd.jpg\",\"width\":1155,\"height\":624},{\"@type\":\"BreadcrumbList\",\"@id\":\"https:\\\/\\\/impactocastex.com.ar\\\/?p=16930#breadcrumb\",\"itemListElement\":[{\"@type\":\"ListItem\",\"position\":1,\"name\":\"Portada\",\"item\":\"https:\\\/\\\/impactocastex.com.ar\\\/\"},{\"@type\":\"ListItem\",\"position\":2,\"name\":\"Larreta cruz\u00f3 a Fernando de Andreis luego de que lo acusara de haber llevado al Pro hacia el socialismo\"}]},{\"@type\":\"WebSite\",\"@id\":\"https:\\\/\\\/impactocastex.com.ar\\\/#website\",\"url\":\"https:\\\/\\\/impactocastex.com.ar\\\/\",\"name\":\"Impacto Castex\",\"description\":\"\",\"publisher\":{\"@id\":\"https:\\\/\\\/impactocastex.com.ar\\\/#organization\"},\"potentialAction\":[{\"@type\":\"SearchAction\",\"target\":{\"@type\":\"EntryPoint\",\"urlTemplate\":\"https:\\\/\\\/impactocastex.com.ar\\\/?s={search_term_string}\"},\"query-input\":{\"@type\":\"PropertyValueSpecification\",\"valueRequired\":true,\"valueName\":\"search_term_string\"}}],\"inLanguage\":\"es\"},{\"@type\":\"Organization\",\"@id\":\"https:\\\/\\\/impactocastex.com.ar\\\/#organization\",\"name\":\"Impacto Castex\",\"url\":\"https:\\\/\\\/impactocastex.com.ar\\\/\",\"logo\":{\"@type\":\"ImageObject\",\"inLanguage\":\"es\",\"@id\":\"https:\\\/\\\/impactocastex.com.ar\\\/#\\\/schema\\\/logo\\\/image\\\/\",\"url\":\"https:\\\/\\\/impactocastex.com.ar\\\/wp-content\\\/uploads\\\/2025\\\/09\\\/cropped-icoweb.png\",\"contentUrl\":\"https:\\\/\\\/impactocastex.com.ar\\\/wp-content\\\/uploads\\\/2025\\\/09\\\/cropped-icoweb.png\",\"width\":512,\"height\":512,\"caption\":\"Impacto Castex\"},\"image\":{\"@id\":\"https:\\\/\\\/impactocastex.com.ar\\\/#\\\/schema\\\/logo\\\/image\\\/\"},\"sameAs\":[\"https:\\\/\\\/www.facebook.com\\\/impactocastexdiario\",\"https:\\\/\\\/www.instagram.com\\\/impactocastex.com.ar\\\/\"]},{\"@type\":\"Person\",\"@id\":\"https:\\\/\\\/impactocastex.com.ar\\\/#\\\/schema\\\/person\\\/86cb4f827fb5f87869a239b98a69c6e3\",\"name\":\"impactocastex\",\"image\":{\"@type\":\"ImageObject\",\"inLanguage\":\"es\",\"@id\":\"https:\\\/\\\/secure.gravatar.com\\\/avatar\\\/9a87ee051ca8c77f5d4070843ce2c78cdf95b858b950fb039151de955122f5f5?s=96&d=mm&r=g\",\"url\":\"https:\\\/\\\/secure.gravatar.com\\\/avatar\\\/9a87ee051ca8c77f5d4070843ce2c78cdf95b858b950fb039151de955122f5f5?s=96&d=mm&r=g\",\"contentUrl\":\"https:\\\/\\\/secure.gravatar.com\\\/avatar\\\/9a87ee051ca8c77f5d4070843ce2c78cdf95b858b950fb039151de955122f5f5?s=96&d=mm&r=g\",\"caption\":\"impactocastex\"},\"sameAs\":[\"https:\\\/\\\/impactocastex.com.ar\"],\"url\":\"https:\\\/\\\/impactocastex.com.ar\\\/?author=1\"}]}<\/script>\n<!-- \/ Yoast SEO plugin. -->","yoast_head_json":{"title":"Larreta cruz\u00f3 a Fernando de Andreis luego de que lo acusara de haber llevado al Pro hacia el socialismo -","robots":{"index":"index","follow":"follow","max-snippet":"max-snippet:-1","max-image-preview":"max-image-preview:large","max-video-preview":"max-video-preview:-1"},"canonical":"https:\/\/impactocastex.com.ar\/?p=16930","og_locale":"es_ES","og_type":"article","og_title":"Larreta cruz\u00f3 a Fernando de Andreis luego de que lo acusara de haber llevado al Pro hacia el socialismo -","og_description":"El exjefe de Gobierno porte\u00f1o Horacio Rodr\u00edguez Larreta cruz\u00f3 al diputado nacional y dirigente de...","og_url":"https:\/\/impactocastex.com.ar\/?p=16930","article_publisher":"https:\/\/www.facebook.com\/impactocastexdiario","article_published_time":"2026-05-01T11:20:03+00:00","og_image":[{"url":"https:\/\/resizer.glanacion.com\/resizer\/v2\/Z6QTZX7NYVDNLAQ6QE5JJTO62Q.png?auth=9007fb960827e962bc337bb9539f90c3214a8203dab72fc628b5f41f6b54d42f&amp;smart=true&amp;width=975&amp;height=567","type":"","width":"","height":""}],"author":"impactocastex","twitter_card":"summary_large_image","twitter_misc":{"Escrito por":"impactocastex","Tiempo de lectura":"4 minutos"},"schema":{"@context":"https:\/\/schema.org","@graph":[{"@type":"Article","@id":"https:\/\/impactocastex.com.ar\/?p=16930#article","isPartOf":{"@id":"https:\/\/impactocastex.com.ar\/?p=16930"},"author":{"name":"impactocastex","@id":"https:\/\/impactocastex.com.ar\/#\/schema\/person\/86cb4f827fb5f87869a239b98a69c6e3"},"headline":"Larreta cruz\u00f3 a Fernando de Andreis luego de que lo acusara de haber llevado al Pro hacia el socialismo","datePublished":"2026-05-01T11:20:03+00:00","mainEntityOfPage":{"@id":"https:\/\/impactocastex.com.ar\/?p=16930"},"wordCount":818,"publisher":{"@id":"https:\/\/impactocastex.com.ar\/#organization"},"image":{"@id":"https:\/\/impactocastex.com.ar\/?p=16930#primaryimage"},"thumbnailUrl":"https:\/\/impactocastex.com.ar\/wp-content\/uploads\/2026\/05\/2DWPK2N7HRFV7PANUKFLTGBXFY-5miyLd.jpg","articleSection":["NACIONALES"],"inLanguage":"es"},{"@type":"WebPage","@id":"https:\/\/impactocastex.com.ar\/?p=16930","url":"https:\/\/impactocastex.com.ar\/?p=16930","name":"Larreta cruz\u00f3 a Fernando de Andreis luego de que lo acusara de haber llevado al Pro hacia el socialismo -","isPartOf":{"@id":"https:\/\/impactocastex.com.ar\/#website"},"primaryImageOfPage":{"@id":"https:\/\/impactocastex.com.ar\/?p=16930#primaryimage"},"image":{"@id":"https:\/\/impactocastex.com.ar\/?p=16930#primaryimage"},"thumbnailUrl":"https:\/\/impactocastex.com.ar\/wp-content\/uploads\/2026\/05\/2DWPK2N7HRFV7PANUKFLTGBXFY-5miyLd.jpg","datePublished":"2026-05-01T11:20:03+00:00","breadcrumb":{"@id":"https:\/\/impactocastex.com.ar\/?p=16930#breadcrumb"},"inLanguage":"es","potentialAction":[{"@type":"ReadAction","target":["https:\/\/impactocastex.com.ar\/?p=16930"]}]},{"@type":"ImageObject","inLanguage":"es","@id":"https:\/\/impactocastex.com.ar\/?p=16930#primaryimage","url":"https:\/\/impactocastex.com.ar\/wp-content\/uploads\/2026\/05\/2DWPK2N7HRFV7PANUKFLTGBXFY-5miyLd.jpg","contentUrl":"https:\/\/impactocastex.com.ar\/wp-content\/uploads\/2026\/05\/2DWPK2N7HRFV7PANUKFLTGBXFY-5miyLd.jpg","width":1155,"height":624},{"@type":"BreadcrumbList","@id":"https:\/\/impactocastex.com.ar\/?p=16930#breadcrumb","itemListElement":[{"@type":"ListItem","position":1,"name":"Portada","item":"https:\/\/impactocastex.com.ar\/"},{"@type":"ListItem","position":2,"name":"Larreta cruz\u00f3 a Fernando de Andreis luego de que lo acusara de haber llevado al Pro hacia el socialismo"}]},{"@type":"WebSite","@id":"https:\/\/impactocastex.com.ar\/#website","url":"https:\/\/impactocastex.com.ar\/","name":"Impacto Castex","description":"","publisher":{"@id":"https:\/\/impactocastex.com.ar\/#organization"},"potentialAction":[{"@type":"SearchAction","target":{"@type":"EntryPoint","urlTemplate":"https:\/\/impactocastex.com.ar\/?s={search_term_string}"},"query-input":{"@type":"PropertyValueSpecification","valueRequired":true,"valueName":"search_term_string"}}],"inLanguage":"es"},{"@type":"Organization","@id":"https:\/\/impactocastex.com.ar\/#organization","name":"Impacto Castex","url":"https:\/\/impactocastex.com.ar\/","logo":{"@type":"ImageObject","inLanguage":"es","@id":"https:\/\/impactocastex.com.ar\/#\/schema\/logo\/image\/","url":"https:\/\/impactocastex.com.ar\/wp-content\/uploads\/2025\/09\/cropped-icoweb.png","contentUrl":"https:\/\/impactocastex.com.ar\/wp-content\/uploads\/2025\/09\/cropped-icoweb.png","width":512,"height":512,"caption":"Impacto Castex"},"image":{"@id":"https:\/\/impactocastex.com.ar\/#\/schema\/logo\/image\/"},"sameAs":["https:\/\/www.facebook.com\/impactocastexdiario","https:\/\/www.instagram.com\/impactocastex.com.ar\/"]},{"@type":"Person","@id":"https:\/\/impactocastex.com.ar\/#\/schema\/person\/86cb4f827fb5f87869a239b98a69c6e3","name":"impactocastex","image":{"@type":"ImageObject","inLanguage":"es","@id":"https:\/\/secure.gravatar.com\/avatar\/9a87ee051ca8c77f5d4070843ce2c78cdf95b858b950fb039151de955122f5f5?s=96&d=mm&r=g","url":"https:\/\/secure.gravatar.com\/avatar\/9a87ee051ca8c77f5d4070843ce2c78cdf95b858b950fb039151de955122f5f5?s=96&d=mm&r=g","contentUrl":"https:\/\/secure.gravatar.com\/avatar\/9a87ee051ca8c77f5d4070843ce2c78cdf95b858b950fb039151de955122f5f5?s=96&d=mm&r=g","caption":"impactocastex"},"sameAs":["https:\/\/impactocastex.com.ar"],"url":"https:\/\/impactocastex.com.ar\/?author=1"}]}},"jetpack_publicize_connections":[],"featured_image_urls":{"full":["https:\/\/impactocastex.com.ar\/wp-content\/uploads\/2026\/05\/2DWPK2N7HRFV7PANUKFLTGBXFY-5miyLd.jpg",1155,624,false],"thumbnail":["https:\/\/impactocastex.com.ar\/wp-content\/uploads\/2026\/05\/2DWPK2N7HRFV7PANUKFLTGBXFY-5miyLd-150x150.jpg",150,150,true],"medium":["https:\/\/impactocastex.com.ar\/wp-content\/uploads\/2026\/05\/2DWPK2N7HRFV7PANUKFLTGBXFY-5miyLd-300x162.jpg",300,162,true],"medium_large":["https:\/\/impactocastex.com.ar\/wp-content\/uploads\/2026\/05\/2DWPK2N7HRFV7PANUKFLTGBXFY-5miyLd-768x415.jpg",640,346,true],"large":["https:\/\/impactocastex.com.ar\/wp-content\/uploads\/2026\/05\/2DWPK2N7HRFV7PANUKFLTGBXFY-5miyLd-1024x553.jpg",640,346,true],"1536x1536":["https:\/\/impactocastex.com.ar\/wp-content\/uploads\/2026\/05\/2DWPK2N7HRFV7PANUKFLTGBXFY-5miyLd.jpg",1155,624,false],"2048x2048":["https:\/\/impactocastex.com.ar\/wp-content\/uploads\/2026\/05\/2DWPK2N7HRFV7PANUKFLTGBXFY-5miyLd.jpg",1155,624,false],"newsever-slider-full":["https:\/\/impactocastex.com.ar\/wp-content\/uploads\/2026\/05\/2DWPK2N7HRFV7PANUKFLTGBXFY-5miyLd.jpg",1155,624,false],"newsever-featured":["https:\/\/impactocastex.com.ar\/wp-content\/uploads\/2026\/05\/2DWPK2N7HRFV7PANUKFLTGBXFY-5miyLd-1024x553.jpg",1024,553,true],"newsever-medium":["https:\/\/impactocastex.com.ar\/wp-content\/uploads\/2026\/05\/2DWPK2N7HRFV7PANUKFLTGBXFY-5miyLd-720x475.jpg",720,475,true]},"author_info":{"info":["impactocastex"]},"category_info":"<a href=\"https:\/\/impactocastex.com.ar\/?cat=89\" rel=\"category\">NACIONALES<\/a>","tag_info":"NACIONALES","comment_count":0,"jetpack_featured_media_url":"https:\/\/impactocastex.com.ar\/wp-content\/uploads\/2026\/05\/2DWPK2N7HRFV7PANUKFLTGBXFY-5miyLd.jpg","jetpack_sharing_enabled":true,"jetpack_likes_enabled":true,"jetpack_shortlink":"https:\/\/wp.me\/p7sopA-4p4","_links":{"self":[{"href":"https:\/\/impactocastex.com.ar\/index.php?rest_route=\/wp\/v2\/posts\/16930","targetHints":{"allow":["GET"]}}],"collection":[{"href":"https:\/\/impactocastex.com.ar\/index.php?rest_route=\/wp\/v2\/posts"}],"about":[{"href":"https:\/\/impactocastex.com.ar\/index.php?rest_route=\/wp\/v2\/types\/post"}],"author":[{"embeddable":true,"href":"https:\/\/impactocastex.com.ar\/index.php?rest_route=\/wp\/v2\/users\/1"}],"replies":[{"embeddable":true,"href":"https:\/\/impactocastex.com.ar\/index.php?rest_route=%2Fwp%2Fv2%2Fcomments&post=16930"}],"version-history":[{"count":0,"href":"https:\/\/impactocastex.com.ar\/index.php?rest_route=\/wp\/v2\/posts\/16930\/revisions"}],"wp:featuredmedia":[{"embeddable":true,"href":"https:\/\/impactocastex.com.ar\/index.php?rest_route=\/wp\/v2\/media\/16931"}],"wp:attachment":[{"href":"https:\/\/impactocastex.com.ar\/index.php?rest_route=%2Fwp%2Fv2%2Fmedia&parent=16930"}],"wp:term":[{"taxonomy":"category","embeddable":true,"href":"https:\/\/impactocastex.com.ar\/index.php?rest_route=%2Fwp%2Fv2%2Fcategories&post=16930"},{"taxonomy":"post_tag","embeddable":true,"href":"https:\/\/impactocastex.com.ar\/index.php?rest_route=%2Fwp%2Fv2%2Ftags&post=16930"}],"curies":[{"name":"wp","href":"https:\/\/api.w.org\/{rel}","templated":true}]}}