{"id":16924,"date":"2026-05-01T05:00:00","date_gmt":"2026-05-01T08:00:00","guid":{"rendered":"https:\/\/impactocastex.com.ar\/?p=16924"},"modified":"2026-05-01T05:00:00","modified_gmt":"2026-05-01T08:00:00","slug":"se-aproxima-un-fin-de-semana-largo-con-aire-polar-rafagas-de-50-km-h-y-minimas-de-2c-las-zonas-afectadas","status":"publish","type":"post","link":"https:\/\/impactocastex.com.ar\/?p=16924","title":{"rendered":"Se aproxima un fin de semana largo con aire polar, r\u00e1fagas de 50 km\/ h y m\u00ednimas de 2\u00b0C: las zonas afectadas"},"content":{"rendered":"<p>El desplazamiento de un <b>frente fr\u00edo<\/b> de gran intensidad sobre el centro del territorio nacional modificar\u00e1 las condiciones meteorol\u00f3gicas durante el fin de semana largo. <\/p>\n<p>Este <b>fen\u00f3meno atmosf\u00e9rico<\/b> suceder\u00e1 tras los valores m\u00ednimos de principios de semana y la masa de aire polar afectar\u00e1 de manera directa la Ciudad de Buenos Aires y las zonas vecinas. <\/p>\n<figure><video height=\"720\" width=\"1280\" poster=\"https:\/\/cdn.jwplayer.com\/v2\/media\/4btvPRAV\/poster.jpg?width=1280\" preload=\"none\"><\/video><figcaption>El pronostico del tiempo<\/figcaption><\/figure>\n<h1>Cu\u00e1ndo llega el cambio de temperatura <\/h1>\n<p>Seg\u00fan <a href=\"https:\/\/www.meteored.com.ar\/noticias\/prediccion\/el-tiempo-en-buenos-aires-este-sera-el-momento-del-fin-de-semana-largo-en-que-volvera-el-frio-invernal.html\" target=\"_self\" rel=\"\" title=\"https:\/\/www.meteored.com.ar\/noticias\/prediccion\/el-tiempo-en-buenos-aires-este-sera-el-momento-del-fin-de-semana-largo-en-que-volvera-el-frio-invernal.html\"><i>Meteored<\/i><\/a>, el sistema frontal m\u00e1s fuerte avanzar\u00e1 sobre el centro del pa\u00eds durante el viernes, un fen\u00f3meno que provocar\u00e1 una rotaci\u00f3n inmediata del viento hacia el sector sur en el \u00c1rea Metropolitana de Buenos Aires. <\/p>\n<p>La atm\u00f3sfera presentar\u00e1 un per\u00edodo breve de inestabilidad entre la ma\u00f1ana y la tarde, con una baja probabilidad de lluvias aisladas para esa jornada. Las temperaturas m\u00e1ximas alcanzar\u00e1n los <b>24\u00b0C y m\u00ednimas que rondaran los 12\u00b0C<\/b> previo al ingreso definitivo de la masa de aire fr\u00edo. <\/p>\n<p><img loading=\"lazy\" decoding=\"async\" src=\"https:\/\/resizer.glanacion.com\/resizer\/v2\/ZEA2DRGV5ZAOBAILGNXUG3EFBY.png?auth=68deb3c336d3cd5907f67ccc6b3a7b3f3502ba6910811d313146f1d44977d990&amp;smart=true&amp;width=444&amp;height=175\" alt=\"Pron\u00f3stico del tiempo\" height=\"175\" width=\"444\" \/><\/p>\n<h1>Las zonas afectadas<\/h1>\n<p>El ingreso de aire polar se consolidar\u00e1 entre el s\u00e1bado y el domingo con <b>condiciones propias de la estaci\u00f3n invernal<\/b>, ya que para el s\u00e1bado el cielo permanecer\u00e1 parcialmente nublado con r\u00e1fagas de viento constantes. <\/p>\n<p>El aire fr\u00edo m\u00e1s intenso llegar\u00e1 durante la ma\u00f1ana del s\u00e1bado, con m\u00ednimas que rondaran entre los<b> 10\u00b0C<\/b> en zonas urbanas y los <b>7\u00b0C<\/b> en zonas mas abiertas. Con el correr del d\u00eda, la temperatura marcar\u00e1 los <b>18\u00b0C <\/b>por la tarde, con <b>r\u00e1fagas de viento de 50 kil\u00f3metros por hora<\/b>.<\/p>\n<p>Para el domingo el fr\u00edo se intensificar\u00e1 con m\u00ednimas que rondaran los <b>6 \u00b0C en zonas urbanas, mientras que en zonas suburbanas podr\u00edan alcanzar los 2 o 3 \u00b0C. <\/b><\/p>\n<h1>Medidas de prevenci\u00f3n del SMN<\/h1>\n<ul>\n<li>Evit\u00e1 salir.<\/li>\n<li>No saques la basura y limpi\u00e1 desag\u00fces y sumideros.<\/li>\n<li>Desconect\u00e1 los electrodom\u00e9sticos y cort\u00e1 el suministro el\u00e9ctrico si ingresa agua.<\/li>\n<li>Cerr\u00e1 y alejate de puertas y ventanas.<\/li>\n<li>Retir\u00e1 o asegur\u00e1 objetos que puedan ser arrastrados por el viento.<\/li>\n<li>Si est\u00e1s al aire libre, busc\u00e1 refugio inmediato en un edificio, casa o veh\u00edculo cerrado.<\/li>\n<\/ul>\n<p>\u200bEl ingreso de aire polar y ventoso impactar\u00e1 sobre la regi\u00f3n central del pa\u00eds; las temperaturas m\u00ednimas perforar\u00e1n el umbral de los 5\u00b0C en sectores del conurbano bonaerense\u00a0\u00a0<\/p>","protected":false},"excerpt":{"rendered":"<p>El desplazamiento de un frente fr\u00edo de gran intensidad sobre el centro del territorio nacional&#8230;<\/p>\n","protected":false},"author":1,"featured_media":16925,"comment_status":"closed","ping_status":"closed","sticky":false,"template":"","format":"standard","meta":{"_jetpack_memberships_contains_paid_content":false,"footnotes":"","jetpack_publicize_message":"","jetpack_publicize_feature_enabled":true,"jetpack_social_post_already_shared":true,"jetpack_social_options":{"image_generator_settings":{"template":"highway","default_image_id":0,"font":"","enabled":false},"version":2}},"categories":[89],"tags":[],"class_list":["post-16924","post","type-post","status-publish","format-standard","has-post-thumbnail","hentry","category-nacionales"],"yoast_head":"<!-- This site is optimized with the Yoast SEO plugin v27.4 - https:\/\/yoast.com\/product\/yoast-seo-wordpress\/ -->\n<title>Se aproxima un fin de semana largo con aire polar, r\u00e1fagas de 50 km\/ h y m\u00ednimas de 2\u00b0C: las zonas afectadas -<\/title>\n<meta name=\"robots\" content=\"index, follow, max-snippet:-1, max-image-preview:large, max-video-preview:-1\" \/>\n<link rel=\"canonical\" href=\"https:\/\/impactocastex.com.ar\/?p=16924\" \/>\n<meta property=\"og:locale\" content=\"es_ES\" \/>\n<meta property=\"og:type\" content=\"article\" \/>\n<meta property=\"og:title\" content=\"Se aproxima un fin de semana largo con aire polar, r\u00e1fagas de 50 km\/ h y m\u00ednimas de 2\u00b0C: las zonas afectadas -\" \/>\n<meta property=\"og:description\" content=\"El desplazamiento de un frente fr\u00edo de gran intensidad sobre el centro del territorio nacional...\" \/>\n<meta property=\"og:url\" content=\"https:\/\/impactocastex.com.ar\/?p=16924\" \/>\n<meta property=\"article:publisher\" content=\"https:\/\/www.facebook.com\/impactocastexdiario\" \/>\n<meta property=\"article:published_time\" content=\"2026-05-01T08:00:00+00:00\" \/>\n<meta property=\"og:image\" content=\"https:\/\/resizer.glanacion.com\/resizer\/v2\/ZEA2DRGV5ZAOBAILGNXUG3EFBY.png?auth=68deb3c336d3cd5907f67ccc6b3a7b3f3502ba6910811d313146f1d44977d990&amp;smart=true&amp;width=444&amp;height=175\" \/>\n<meta name=\"author\" content=\"impactocastex\" \/>\n<meta name=\"twitter:card\" content=\"summary_large_image\" \/>\n<meta name=\"twitter:label1\" content=\"Escrito por\" \/>\n\t<meta name=\"twitter:data1\" content=\"impactocastex\" \/>\n\t<meta name=\"twitter:label2\" content=\"Tiempo de lectura\" \/>\n\t<meta name=\"twitter:data2\" content=\"2 minutos\" \/>\n<script type=\"application\/ld+json\" class=\"yoast-schema-graph\">{\"@context\":\"https:\\\/\\\/schema.org\",\"@graph\":[{\"@type\":\"Article\",\"@id\":\"https:\\\/\\\/impactocastex.com.ar\\\/?p=16924#article\",\"isPartOf\":{\"@id\":\"https:\\\/\\\/impactocastex.com.ar\\\/?p=16924\"},\"author\":{\"name\":\"impactocastex\",\"@id\":\"https:\\\/\\\/impactocastex.com.ar\\\/#\\\/schema\\\/person\\\/86cb4f827fb5f87869a239b98a69c6e3\"},\"headline\":\"Se aproxima un fin de semana largo con aire polar, r\u00e1fagas de 50 km\\\/ h y m\u00ednimas de 2\u00b0C: las zonas afectadas\",\"datePublished\":\"2026-05-01T08:00:00+00:00\",\"mainEntityOfPage\":{\"@id\":\"https:\\\/\\\/impactocastex.com.ar\\\/?p=16924\"},\"wordCount\":415,\"publisher\":{\"@id\":\"https:\\\/\\\/impactocastex.com.ar\\\/#organization\"},\"image\":{\"@id\":\"https:\\\/\\\/impactocastex.com.ar\\\/?p=16924#primaryimage\"},\"thumbnailUrl\":\"https:\\\/\\\/impactocastex.com.ar\\\/wp-content\\\/uploads\\\/2026\\\/05\\\/G76ENBIPFZFZHMXJSCGDACCDKY-vX7VFa-scaled.jpg\",\"articleSection\":[\"NACIONALES\"],\"inLanguage\":\"es\"},{\"@type\":\"WebPage\",\"@id\":\"https:\\\/\\\/impactocastex.com.ar\\\/?p=16924\",\"url\":\"https:\\\/\\\/impactocastex.com.ar\\\/?p=16924\",\"name\":\"Se aproxima un fin de semana largo con aire polar, r\u00e1fagas de 50 km\\\/ h y m\u00ednimas de 2\u00b0C: las zonas afectadas -\",\"isPartOf\":{\"@id\":\"https:\\\/\\\/impactocastex.com.ar\\\/#website\"},\"primaryImageOfPage\":{\"@id\":\"https:\\\/\\\/impactocastex.com.ar\\\/?p=16924#primaryimage\"},\"image\":{\"@id\":\"https:\\\/\\\/impactocastex.com.ar\\\/?p=16924#primaryimage\"},\"thumbnailUrl\":\"https:\\\/\\\/impactocastex.com.ar\\\/wp-content\\\/uploads\\\/2026\\\/05\\\/G76ENBIPFZFZHMXJSCGDACCDKY-vX7VFa-scaled.jpg\",\"datePublished\":\"2026-05-01T08:00:00+00:00\",\"breadcrumb\":{\"@id\":\"https:\\\/\\\/impactocastex.com.ar\\\/?p=16924#breadcrumb\"},\"inLanguage\":\"es\",\"potentialAction\":[{\"@type\":\"ReadAction\",\"target\":[\"https:\\\/\\\/impactocastex.com.ar\\\/?p=16924\"]}]},{\"@type\":\"ImageObject\",\"inLanguage\":\"es\",\"@id\":\"https:\\\/\\\/impactocastex.com.ar\\\/?p=16924#primaryimage\",\"url\":\"https:\\\/\\\/impactocastex.com.ar\\\/wp-content\\\/uploads\\\/2026\\\/05\\\/G76ENBIPFZFZHMXJSCGDACCDKY-vX7VFa-scaled.jpg\",\"contentUrl\":\"https:\\\/\\\/impactocastex.com.ar\\\/wp-content\\\/uploads\\\/2026\\\/05\\\/G76ENBIPFZFZHMXJSCGDACCDKY-vX7VFa-scaled.jpg\",\"width\":2560,\"height\":1663},{\"@type\":\"BreadcrumbList\",\"@id\":\"https:\\\/\\\/impactocastex.com.ar\\\/?p=16924#breadcrumb\",\"itemListElement\":[{\"@type\":\"ListItem\",\"position\":1,\"name\":\"Portada\",\"item\":\"https:\\\/\\\/impactocastex.com.ar\\\/\"},{\"@type\":\"ListItem\",\"position\":2,\"name\":\"Se aproxima un fin de semana largo con aire polar, r\u00e1fagas de 50 km\\\/ h y m\u00ednimas de 2\u00b0C: las zonas afectadas\"}]},{\"@type\":\"WebSite\",\"@id\":\"https:\\\/\\\/impactocastex.com.ar\\\/#website\",\"url\":\"https:\\\/\\\/impactocastex.com.ar\\\/\",\"name\":\"Impacto Castex\",\"description\":\"\",\"publisher\":{\"@id\":\"https:\\\/\\\/impactocastex.com.ar\\\/#organization\"},\"potentialAction\":[{\"@type\":\"SearchAction\",\"target\":{\"@type\":\"EntryPoint\",\"urlTemplate\":\"https:\\\/\\\/impactocastex.com.ar\\\/?s={search_term_string}\"},\"query-input\":{\"@type\":\"PropertyValueSpecification\",\"valueRequired\":true,\"valueName\":\"search_term_string\"}}],\"inLanguage\":\"es\"},{\"@type\":\"Organization\",\"@id\":\"https:\\\/\\\/impactocastex.com.ar\\\/#organization\",\"name\":\"Impacto Castex\",\"url\":\"https:\\\/\\\/impactocastex.com.ar\\\/\",\"logo\":{\"@type\":\"ImageObject\",\"inLanguage\":\"es\",\"@id\":\"https:\\\/\\\/impactocastex.com.ar\\\/#\\\/schema\\\/logo\\\/image\\\/\",\"url\":\"https:\\\/\\\/impactocastex.com.ar\\\/wp-content\\\/uploads\\\/2025\\\/09\\\/cropped-icoweb.png\",\"contentUrl\":\"https:\\\/\\\/impactocastex.com.ar\\\/wp-content\\\/uploads\\\/2025\\\/09\\\/cropped-icoweb.png\",\"width\":512,\"height\":512,\"caption\":\"Impacto Castex\"},\"image\":{\"@id\":\"https:\\\/\\\/impactocastex.com.ar\\\/#\\\/schema\\\/logo\\\/image\\\/\"},\"sameAs\":[\"https:\\\/\\\/www.facebook.com\\\/impactocastexdiario\",\"https:\\\/\\\/www.instagram.com\\\/impactocastex.com.ar\\\/\"]},{\"@type\":\"Person\",\"@id\":\"https:\\\/\\\/impactocastex.com.ar\\\/#\\\/schema\\\/person\\\/86cb4f827fb5f87869a239b98a69c6e3\",\"name\":\"impactocastex\",\"image\":{\"@type\":\"ImageObject\",\"inLanguage\":\"es\",\"@id\":\"https:\\\/\\\/secure.gravatar.com\\\/avatar\\\/9a87ee051ca8c77f5d4070843ce2c78cdf95b858b950fb039151de955122f5f5?s=96&d=mm&r=g\",\"url\":\"https:\\\/\\\/secure.gravatar.com\\\/avatar\\\/9a87ee051ca8c77f5d4070843ce2c78cdf95b858b950fb039151de955122f5f5?s=96&d=mm&r=g\",\"contentUrl\":\"https:\\\/\\\/secure.gravatar.com\\\/avatar\\\/9a87ee051ca8c77f5d4070843ce2c78cdf95b858b950fb039151de955122f5f5?s=96&d=mm&r=g\",\"caption\":\"impactocastex\"},\"sameAs\":[\"https:\\\/\\\/impactocastex.com.ar\"],\"url\":\"https:\\\/\\\/impactocastex.com.ar\\\/?author=1\"}]}<\/script>\n<!-- \/ Yoast SEO plugin. -->","yoast_head_json":{"title":"Se aproxima un fin de semana largo con aire polar, r\u00e1fagas de 50 km\/ h y m\u00ednimas de 2\u00b0C: las zonas afectadas -","robots":{"index":"index","follow":"follow","max-snippet":"max-snippet:-1","max-image-preview":"max-image-preview:large","max-video-preview":"max-video-preview:-1"},"canonical":"https:\/\/impactocastex.com.ar\/?p=16924","og_locale":"es_ES","og_type":"article","og_title":"Se aproxima un fin de semana largo con aire polar, r\u00e1fagas de 50 km\/ h y m\u00ednimas de 2\u00b0C: las zonas afectadas -","og_description":"El desplazamiento de un frente fr\u00edo de gran intensidad sobre el centro del territorio nacional...","og_url":"https:\/\/impactocastex.com.ar\/?p=16924","article_publisher":"https:\/\/www.facebook.com\/impactocastexdiario","article_published_time":"2026-05-01T08:00:00+00:00","og_image":[{"url":"https:\/\/resizer.glanacion.com\/resizer\/v2\/ZEA2DRGV5ZAOBAILGNXUG3EFBY.png?auth=68deb3c336d3cd5907f67ccc6b3a7b3f3502ba6910811d313146f1d44977d990&amp;smart=true&amp;width=444&amp;height=175","type":"","width":"","height":""}],"author":"impactocastex","twitter_card":"summary_large_image","twitter_misc":{"Escrito por":"impactocastex","Tiempo de lectura":"2 minutos"},"schema":{"@context":"https:\/\/schema.org","@graph":[{"@type":"Article","@id":"https:\/\/impactocastex.com.ar\/?p=16924#article","isPartOf":{"@id":"https:\/\/impactocastex.com.ar\/?p=16924"},"author":{"name":"impactocastex","@id":"https:\/\/impactocastex.com.ar\/#\/schema\/person\/86cb4f827fb5f87869a239b98a69c6e3"},"headline":"Se aproxima un fin de semana largo con aire polar, r\u00e1fagas de 50 km\/ h y m\u00ednimas de 2\u00b0C: las zonas afectadas","datePublished":"2026-05-01T08:00:00+00:00","mainEntityOfPage":{"@id":"https:\/\/impactocastex.com.ar\/?p=16924"},"wordCount":415,"publisher":{"@id":"https:\/\/impactocastex.com.ar\/#organization"},"image":{"@id":"https:\/\/impactocastex.com.ar\/?p=16924#primaryimage"},"thumbnailUrl":"https:\/\/impactocastex.com.ar\/wp-content\/uploads\/2026\/05\/G76ENBIPFZFZHMXJSCGDACCDKY-vX7VFa-scaled.jpg","articleSection":["NACIONALES"],"inLanguage":"es"},{"@type":"WebPage","@id":"https:\/\/impactocastex.com.ar\/?p=16924","url":"https:\/\/impactocastex.com.ar\/?p=16924","name":"Se aproxima un fin de semana largo con aire polar, r\u00e1fagas de 50 km\/ h y m\u00ednimas de 2\u00b0C: las zonas afectadas -","isPartOf":{"@id":"https:\/\/impactocastex.com.ar\/#website"},"primaryImageOfPage":{"@id":"https:\/\/impactocastex.com.ar\/?p=16924#primaryimage"},"image":{"@id":"https:\/\/impactocastex.com.ar\/?p=16924#primaryimage"},"thumbnailUrl":"https:\/\/impactocastex.com.ar\/wp-content\/uploads\/2026\/05\/G76ENBIPFZFZHMXJSCGDACCDKY-vX7VFa-scaled.jpg","datePublished":"2026-05-01T08:00:00+00:00","breadcrumb":{"@id":"https:\/\/impactocastex.com.ar\/?p=16924#breadcrumb"},"inLanguage":"es","potentialAction":[{"@type":"ReadAction","target":["https:\/\/impactocastex.com.ar\/?p=16924"]}]},{"@type":"ImageObject","inLanguage":"es","@id":"https:\/\/impactocastex.com.ar\/?p=16924#primaryimage","url":"https:\/\/impactocastex.com.ar\/wp-content\/uploads\/2026\/05\/G76ENBIPFZFZHMXJSCGDACCDKY-vX7VFa-scaled.jpg","contentUrl":"https:\/\/impactocastex.com.ar\/wp-content\/uploads\/2026\/05\/G76ENBIPFZFZHMXJSCGDACCDKY-vX7VFa-scaled.jpg","width":2560,"height":1663},{"@type":"BreadcrumbList","@id":"https:\/\/impactocastex.com.ar\/?p=16924#breadcrumb","itemListElement":[{"@type":"ListItem","position":1,"name":"Portada","item":"https:\/\/impactocastex.com.ar\/"},{"@type":"ListItem","position":2,"name":"Se aproxima un fin de semana largo con aire polar, r\u00e1fagas de 50 km\/ h y m\u00ednimas de 2\u00b0C: las zonas afectadas"}]},{"@type":"WebSite","@id":"https:\/\/impactocastex.com.ar\/#website","url":"https:\/\/impactocastex.com.ar\/","name":"Impacto Castex","description":"","publisher":{"@id":"https:\/\/impactocastex.com.ar\/#organization"},"potentialAction":[{"@type":"SearchAction","target":{"@type":"EntryPoint","urlTemplate":"https:\/\/impactocastex.com.ar\/?s={search_term_string}"},"query-input":{"@type":"PropertyValueSpecification","valueRequired":true,"valueName":"search_term_string"}}],"inLanguage":"es"},{"@type":"Organization","@id":"https:\/\/impactocastex.com.ar\/#organization","name":"Impacto Castex","url":"https:\/\/impactocastex.com.ar\/","logo":{"@type":"ImageObject","inLanguage":"es","@id":"https:\/\/impactocastex.com.ar\/#\/schema\/logo\/image\/","url":"https:\/\/impactocastex.com.ar\/wp-content\/uploads\/2025\/09\/cropped-icoweb.png","contentUrl":"https:\/\/impactocastex.com.ar\/wp-content\/uploads\/2025\/09\/cropped-icoweb.png","width":512,"height":512,"caption":"Impacto Castex"},"image":{"@id":"https:\/\/impactocastex.com.ar\/#\/schema\/logo\/image\/"},"sameAs":["https:\/\/www.facebook.com\/impactocastexdiario","https:\/\/www.instagram.com\/impactocastex.com.ar\/"]},{"@type":"Person","@id":"https:\/\/impactocastex.com.ar\/#\/schema\/person\/86cb4f827fb5f87869a239b98a69c6e3","name":"impactocastex","image":{"@type":"ImageObject","inLanguage":"es","@id":"https:\/\/secure.gravatar.com\/avatar\/9a87ee051ca8c77f5d4070843ce2c78cdf95b858b950fb039151de955122f5f5?s=96&d=mm&r=g","url":"https:\/\/secure.gravatar.com\/avatar\/9a87ee051ca8c77f5d4070843ce2c78cdf95b858b950fb039151de955122f5f5?s=96&d=mm&r=g","contentUrl":"https:\/\/secure.gravatar.com\/avatar\/9a87ee051ca8c77f5d4070843ce2c78cdf95b858b950fb039151de955122f5f5?s=96&d=mm&r=g","caption":"impactocastex"},"sameAs":["https:\/\/impactocastex.com.ar"],"url":"https:\/\/impactocastex.com.ar\/?author=1"}]}},"jetpack_publicize_connections":[],"featured_image_urls":{"full":["https:\/\/impactocastex.com.ar\/wp-content\/uploads\/2026\/05\/G76ENBIPFZFZHMXJSCGDACCDKY-vX7VFa-scaled.jpg",2560,1663,false],"thumbnail":["https:\/\/impactocastex.com.ar\/wp-content\/uploads\/2026\/05\/G76ENBIPFZFZHMXJSCGDACCDKY-vX7VFa-150x150.jpg",150,150,true],"medium":["https:\/\/impactocastex.com.ar\/wp-content\/uploads\/2026\/05\/G76ENBIPFZFZHMXJSCGDACCDKY-vX7VFa-300x195.jpg",300,195,true],"medium_large":["https:\/\/impactocastex.com.ar\/wp-content\/uploads\/2026\/05\/G76ENBIPFZFZHMXJSCGDACCDKY-vX7VFa-768x499.jpg",640,416,true],"large":["https:\/\/impactocastex.com.ar\/wp-content\/uploads\/2026\/05\/G76ENBIPFZFZHMXJSCGDACCDKY-vX7VFa-1024x665.jpg",640,416,true],"1536x1536":["https:\/\/impactocastex.com.ar\/wp-content\/uploads\/2026\/05\/G76ENBIPFZFZHMXJSCGDACCDKY-vX7VFa-1536x998.jpg",1536,998,true],"2048x2048":["https:\/\/impactocastex.com.ar\/wp-content\/uploads\/2026\/05\/G76ENBIPFZFZHMXJSCGDACCDKY-vX7VFa-2048x1331.jpg",2048,1331,true],"newsever-slider-full":["https:\/\/impactocastex.com.ar\/wp-content\/uploads\/2026\/05\/G76ENBIPFZFZHMXJSCGDACCDKY-vX7VFa-1280x845.jpg",1280,845,true],"newsever-featured":["https:\/\/impactocastex.com.ar\/wp-content\/uploads\/2026\/05\/G76ENBIPFZFZHMXJSCGDACCDKY-vX7VFa-1024x665.jpg",1024,665,true],"newsever-medium":["https:\/\/impactocastex.com.ar\/wp-content\/uploads\/2026\/05\/G76ENBIPFZFZHMXJSCGDACCDKY-vX7VFa-720x475.jpg",720,475,true]},"author_info":{"info":["impactocastex"]},"category_info":"<a href=\"https:\/\/impactocastex.com.ar\/?cat=89\" rel=\"category\">NACIONALES<\/a>","tag_info":"NACIONALES","comment_count":0,"jetpack_featured_media_url":"https:\/\/impactocastex.com.ar\/wp-content\/uploads\/2026\/05\/G76ENBIPFZFZHMXJSCGDACCDKY-vX7VFa-scaled.jpg","jetpack_sharing_enabled":true,"jetpack_likes_enabled":true,"jetpack_shortlink":"https:\/\/wp.me\/p7sopA-4oY","_links":{"self":[{"href":"https:\/\/impactocastex.com.ar\/index.php?rest_route=\/wp\/v2\/posts\/16924","targetHints":{"allow":["GET"]}}],"collection":[{"href":"https:\/\/impactocastex.com.ar\/index.php?rest_route=\/wp\/v2\/posts"}],"about":[{"href":"https:\/\/impactocastex.com.ar\/index.php?rest_route=\/wp\/v2\/types\/post"}],"author":[{"embeddable":true,"href":"https:\/\/impactocastex.com.ar\/index.php?rest_route=\/wp\/v2\/users\/1"}],"replies":[{"embeddable":true,"href":"https:\/\/impactocastex.com.ar\/index.php?rest_route=%2Fwp%2Fv2%2Fcomments&post=16924"}],"version-history":[{"count":0,"href":"https:\/\/impactocastex.com.ar\/index.php?rest_route=\/wp\/v2\/posts\/16924\/revisions"}],"wp:featuredmedia":[{"embeddable":true,"href":"https:\/\/impactocastex.com.ar\/index.php?rest_route=\/wp\/v2\/media\/16925"}],"wp:attachment":[{"href":"https:\/\/impactocastex.com.ar\/index.php?rest_route=%2Fwp%2Fv2%2Fmedia&parent=16924"}],"wp:term":[{"taxonomy":"category","embeddable":true,"href":"https:\/\/impactocastex.com.ar\/index.php?rest_route=%2Fwp%2Fv2%2Fcategories&post=16924"},{"taxonomy":"post_tag","embeddable":true,"href":"https:\/\/impactocastex.com.ar\/index.php?rest_route=%2Fwp%2Fv2%2Ftags&post=16924"}],"curies":[{"name":"wp","href":"https:\/\/api.w.org\/{rel}","templated":true}]}}