{"id":16918,"date":"2026-05-01T03:05:00","date_gmt":"2026-05-01T06:05:00","guid":{"rendered":"https:\/\/impactocastex.com.ar\/?p=16918"},"modified":"2026-05-01T03:05:00","modified_gmt":"2026-05-01T06:05:00","slug":"guerra-de-estados-unidos-e-israel-contra-iran-en-vivo-tension-en-medio-oriente-hoy-viernes-1-de-mayo","status":"publish","type":"post","link":"https:\/\/impactocastex.com.ar\/?p=16918","title":{"rendered":"Guerra de Estados Unidos e Israel contra Ir\u00e1n, en vivo: tensi\u00f3n en Medio Oriente hoy, viernes 1\u00b0 de mayo"},"content":{"rendered":"<p>El presidente norteamericano declar\u00f3 este jueves que est\u00e1 considerando <b>reducir el n\u00famero de tropas estadounidenses <\/b>en esas naciones aliadas en medio de desacuerdos sobre la guerra con Ir\u00e1n.<\/p>\n<p><img loading=\"lazy\" decoding=\"async\" src=\"https:\/\/resizer.glanacion.com\/resizer\/v2\/XTO3QTZKUJC4NFPPJJ5OHRAUWQ.jpg?auth=5a6c7f72617a7cfba1b4095e4edad57fd2bedd91aa026d769b6fce58241d8e6c&amp;smart=true&amp;width=4572&amp;height=3048\" alt=\"Donald Trump mantiene desacuerdos con algunas naciones de la UE\" height=\"3048\" width=\"4572\" \/><\/p>\n<p>\u201cProbablemente lo har\u00e9. \u00bfPor qu\u00e9 no deber\u00eda? <b>Italia no ha sido de ninguna ayuda. Espa\u00f1a ha sido horrible<\/b>. Absolutamente\u201d, manifest\u00f3 desde el Despacho Oval.<\/p>\n<p>\u201cEn vista de los acontecimientos que se est\u00e1n produciendo en la regi\u00f3n, el Ministerio de Asuntos Exteriores anuncia<b> la prohibici\u00f3n de viajar para los ciudadanos<\/b> de los Emiratos \u00c1rabes Unidos a la Rep\u00fablica Isl\u00e1mica de <b>Ir\u00e1n, la Rep\u00fablica Libanesa y la Rep\u00fablica de Irak<\/b>\u201d, public\u00f3 el Ministerio de Asuntos Exteriores de los EAU en <i>X<\/i>.<\/p>\n<p><img loading=\"lazy\" decoding=\"async\" src=\"https:\/\/resizer.glanacion.com\/resizer\/v2\/MURJLQI3LNBGTOE5VCGMDPB264.jpg?auth=cad1044354c9957960e78e50fc2b2fc6992f38594b704c64f28b60b9eae8b54b&amp;smart=true&amp;width=4000&amp;height=2656\" alt=\"Ministerio de Asuntos Exteriores anuncia la prohibici\u00f3n de viajar para los ciudadanos a la Rep\u00fablica Isl\u00e1mica de Ir\u00e1n, la Rep\u00fablica Libanesa y la Rep\u00fablica de Irak\" height=\"2656\" width=\"4000\" \/><\/p>\n<p>El ministerio inst\u00f3 a los ciudadanos \u201cactualmente presentes en estos pa\u00edses\u201d a <b>marcharse de inmediato <\/b>y regresar a los Emiratos \u00c1rabes Unidos <b>\u201ca la mayor brevedad posible\u201d<\/b>, citando el compromiso del gobierno \u201cde vigilar el bienestar de sus ciudadanos en el extranjero y garantizar su seguridad\u201d.<\/p>\n<p>Si el presidente <b>Donald Trump <\/b>vuela a <a href=\"https:\/\/www.lanacion.com.ar\/el-mundo\/estados-unidos-planta-bandera-en-brasil-y-disputa-con-china-el-control-de-minerales-clave-nid25042026\/\" rel=\"\" title=\"https:\/\/www.lanacion.com.ar\/el-mundo\/estados-unidos-planta-bandera-en-brasil-y-disputa-con-china-el-control-de-minerales-clave-nid25042026\/\">China<\/a> como est\u00e1 previsto en mayo, el tema principal ser\u00e1 claramente <b>el impacto econ\u00f3mico en cadena de <\/b><a href=\"https:\/\/www.lanacion.com.ar\/el-mundo\/donald-trump-celebro-que-china-acepto-no-enviarle-mas-armas-a-iran-nid15042026\/\" rel=\"\" title=\"https:\/\/www.lanacion.com.ar\/el-mundo\/donald-trump-celebro-que-china-acepto-no-enviarle-mas-armas-a-iran-nid15042026\/\"><b>una guerra<\/b><\/a><b> que Pek\u00edn ha dejado en claro que considera innecesaria<\/b>.<\/p>\n<p>El anuncio del presidente Trump de que est\u00e1 dispuesto a mantener un bloqueo sobre el transporte mar\u00edtimo iran\u00ed hasta que Ir\u00e1n ceda a sus exigencias pr\u00e1cticamente garantiza que el <b>estrecho de Ormuz<\/b> <b>seguir\u00e1 cerrado cuando llegue a Pek\u00edn <\/b>dentro de dos semanas.<\/p>\n<p><img loading=\"lazy\" decoding=\"async\" src=\"https:\/\/resizer.glanacion.com\/resizer\/v2\/LAKAY2F7ZZEZRKKQJOVDL2OZZA.JPG?auth=9b842cb9258e08fca003d8598c8f21d75dd7c5f776a1e5fe48d4019eab68f9c7&amp;smart=true&amp;width=5000&amp;height=3333\" alt=\"Trump y Xi Jinping se dan la mano antes de su reuni\u00f3n en el Aeropuerto Internacional de Gimhae en Busan, Corea del Sur\" height=\"3333\" width=\"5000\" \/><\/p>\n<p>Eso es precisamente lo que Trump buscaba evitar cuando pospuso su viaje a China seis semanas atr\u00e1s. Y complica enormemente<b> una reuni\u00f3n clave con el presidente Xi Jinping<\/b>, obligando a los funcionarios de la Casa Blanca a replantear c\u00f3mo encarar el intento de acercamiento con China.<\/p>\n<p><a href=\"https:\/\/www.lanacion.com.ar\/el-mundo\/como-el-bloqueo-de-trump-a-iran-puede-complicar-un-viaje-de-alto-riesgo-a-china-nid30042026\/\">LEE LA NOTA COMPLETA ACA<\/a><\/p>\n<p> El primer ministro brit\u00e1nico, <a href=\"https:\/\/www.lanacion.com.ar\/el-mundo\/el-ataque-terrorista-en-londres-refuerza-la-alerta-en-la-comunidad-judia-britanica-por-el-aumento-nid30042026\/\" rel=\"\" title=\"https:\/\/www.lanacion.com.ar\/el-mundo\/el-ataque-terrorista-en-londres-refuerza-la-alerta-en-la-comunidad-judia-britanica-por-el-aumento-nid30042026\/\"><b>Keir Starmer<\/b><\/a>, lanz\u00f3 una acusaci\u00f3n directa contra el r\u00e9gimen de <b>Ir\u00e1n<\/b>, al que responsabiliz\u00f3 de un plan sistem\u00e1tico para <b>da\u00f1ar a los <\/b><a href=\"https:\/\/www.lanacion.com.ar\/el-mundo\/apunalan-a-dos-hombres-en-un-barrio-judio-de-londres-y-detienen-a-un-sospechoso-por-intento-de-nid29042026\/\" rel=\"\" title=\"https:\/\/www.lanacion.com.ar\/el-mundo\/apunalan-a-dos-hombres-en-un-barrio-judio-de-londres-y-detienen-a-un-sospechoso-por-intento-de-nid29042026\/\"><b>jud\u00edos brit\u00e1nicos<\/b><\/a>. La denuncia ocurri\u00f3 pocas horas despu\u00e9s de un violento <b>ataque antisemita<\/b> en Londres que culmin\u00f3 con dos personas heridas.<\/p>\n<p><img loading=\"lazy\" decoding=\"async\" src=\"https:\/\/resizer.glanacion.com\/resizer\/v2\/2LECKKOQL5FAZKQEOK6G7N2PNE.JPG?auth=cc9c256224e7832d0cfb08bf2c2d66e80b5d1ca28b83a022aa8d1472217c8d66&amp;smart=true&amp;width=5000&amp;height=3333\" alt=\"Agentes de la Polic\u00eda Metropolitana permanecen de guardia mientras personas asisten a una manifestaci\u00f3n organizada por la Campa\u00f1a contra el Antisemitismo, frente a Downing Street, en el centro de Londres\" height=\"3333\" width=\"5000\" \/><\/p>\n<p>El mandatario brit\u00e1nico enfatiz\u00f3 la necesidad de obtener <b>poderes de seguridad<\/b> m\u00e1s robustos para neutralizar la <b>amenaza maligna<\/b> que representan Estados extranjeros con intenciones hostiles hacia la poblaci\u00f3n civil en suelo brit\u00e1nico.<\/p>\n<p>El incidente que desencaden\u00f3 esta crisis pol\u00edtica tuvo lugar en el barrio de <b>Golders Green<\/b>, una zona clave para la <b>comunidad jud\u00eda<\/b> en el norte de la capital. All\u00ed, dos hombres de 76 y 34 a\u00f1os sufrieron heridas tras un ataque con <b>arma blanca<\/b>.<\/p>\n<p>DUB\u00c1I (AP).- El l\u00edder supremo de <a href=\"https:\/\/www.lanacion.com.ar\/el-mundo\/guerra-de-estados-unidos-e-israel-contra-iran-en-vivo-tension-en-medio-oriente-hoy-jueves-30-de-nid30042026\/\" rel=\"\" title=\"https:\/\/www.lanacion.com.ar\/el-mundo\/guerra-de-estados-unidos-e-israel-contra-iran-en-vivo-tension-en-medio-oriente-hoy-jueves-30-de-nid30042026\/\"><b>Ir\u00e1n<\/b><\/a>, el ayatollah<a href=\"https:\/\/www.lanacion.com.ar\/el-mundo\/el-nuevo-lider-supremo-de-iran-presenta-heridas-graves-y-esta-desfigurado-segun-fuentes-cercanas-nid11042026\/\" rel=\"\" title=\"https:\/\/www.lanacion.com.ar\/el-mundo\/el-nuevo-lider-supremo-de-iran-presenta-heridas-graves-y-esta-desfigurado-segun-fuentes-cercanas-nid11042026\/\"> <b>Mojtaba Khamenei, <\/b><\/a>afirm\u00f3 este jueves que la Rep\u00fablica Isl\u00e1mica proteger\u00e1 sus \u201ccapacidades nucleares y de misiles\u201d como un activo nacional, mientras el presidente de Estados Unidos, <a href=\"https:\/\/www.lanacion.com.ar\/el-mundo\/trump-lanzo-una-amenaza-a-iran-y-compartio-una-imagen-suya-con-un-fusil-creada-con-ia-nid29042026\/\" rel=\"\" title=\"https:\/\/www.lanacion.com.ar\/el-mundo\/trump-lanzo-una-amenaza-a-iran-y-compartio-una-imagen-suya-con-un-fusil-creada-con-ia-nid29042026\/\"><b>Donald Trump<\/b><\/a>, busca alcanzar un acuerdo para dar fin a la guerra que ya lleva dos meses. Adem\u00e1s, sobre el <b>estrecho de Ormuz<\/b>, el titular del r\u00e9gimen adopt\u00f3 un tono desafiante y dijo que el \u00fanico lugar de los estadounidenses en el golfo P\u00e9rsico es <b>\u201cen el fondo de sus aguas\u201d.<\/b><\/p>\n<p>El <b>ayatollah <\/b>se pronunci\u00f3 en una declaraci\u00f3n le\u00edda en la televisora estatal iran\u00ed, como hizo desde que asumi\u00f3 el poder tras el ataque a\u00e9reo del <b>28 de febrero que mat\u00f3 a su padre, el Ali Khamenei, de 86 a\u00f1os.<\/b><\/p>\n<p>La embajada estadounidense en Beirut afirm\u00f3 que el L\u00edbano se enfrenta a una \u201c<b>oportunidad hist\u00f3rica para recuperar<\/b>\u201d su soberan\u00eda y pidi\u00f3 un di\u00e1logo directo entre el L\u00edbano e Israel, argumentando que podr\u00eda marcar el inicio de un renacimiento nacional.<\/p>\n<p><img loading=\"lazy\" decoding=\"async\" src=\"https:\/\/resizer.glanacion.com\/resizer\/v2\/XI6SY77SQBDEXPTRPJHT3UWDKM.png?auth=2d1228a57ec098b99b25557a605f1f5cf30dd7ecc116f0f7686a78f3b8dffae6&amp;smart=true&amp;width=596&amp;height=720\" alt=\"El posteo de la embajada en Beirut\" height=\"720\" width=\"596\" \/><\/p>\n<p>En un comunicado publicado hoy en <i>X<\/i>, la embajada afirm\u00f3 que un \u201ccese prolongado de hostilidades\u201d entre los dos pa\u00edses \u2014que, seg\u00fan se describe, se logr\u00f3 a petici\u00f3n personal del presidente estadounidense Donald Trump\u2014 \u201cha dado al L\u00edbano el espacio y la oportunidad de poner sobre la mesa todas sus demandas leg\u00edtimas con la plena atenci\u00f3n del gobierno de Estados Unidos\u201d.<\/p>\n<p>Seg\u00fan public\u00f3 la <i>CNN<\/i>, <b>los alemanes perdieron la confianza en que Estados Unidos les ayude a mantenerse seguros<\/b>, declar\u00f3 este jueves el eurodiputado alem\u00e1n <b>Marie-Agnes Strack-Zimmermann<\/b>, al ser consultado sobre los comentarios del presidente estadounidense Donald Trump acerca de una posible reducci\u00f3n del n\u00famero de tropas estadounidenses en el pa\u00eds.<\/p>\n<p>\u201c<b>Yo dir\u00eda que [Trump] est\u00e1 enfadado por muchas cosas<\/b>\u201d, dijo Strack-Zimmermann. \u201cEl problema es que cada ma\u00f1ana podr\u00edamos leer un mensaje nuevo\u2026 y quiz\u00e1s ma\u00f1ana sea otro diferente. As\u00ed que creo que realmente tenemos que calmarnos\u00bb, remat\u00f3.<\/p>\n<p>Inform\u00f3 la agencia <i>AP<\/i>, que el presidente de Estados Unidos, <b>Donald Trump<\/b>, otorg\u00f3 el jueves una aprobaci\u00f3n clave para un importante nuevo oleoducto de Canad\u00e1 hacia Estados Unidos, que ha sido llamado \u201c<b>Keystone Light<\/b>\u201d por sus similitudes con un pol\u00e9mico proyecto bloqueado por el gobierno del expresidente Joe Biden. <\/p>\n<p>La ampliaci\u00f3n del oleoducto Bridger, de un metro de ancho, transportar\u00eda hasta <b>550.000 barriles<\/b> de petr\u00f3leo al d\u00eda desde Canad\u00e1 a trav\u00e9s de Montana y Wyoming, donde se conectar\u00eda con otro oleoducto.<\/p>\n<p>El presidente de la Asociaci\u00f3n Palestina de F\u00fatbol, <b>Jibril Rajoub<\/b>, se neg\u00f3 el jueves a estrechar la mano de <b>Basim Sheikh Suliman<\/b>, vicepresidente del organismo rector del f\u00fatbol de Israel, durante un tenso momento en el Congreso de la FIFA, inform\u00f3 la agencia <i>AP.<\/i><\/p>\n<p>Despu\u00e9s de que ambos se dirigieran al congreso, el presidente de la FIFA, <b>Gianni Infantino<\/b>, los llam\u00f3 al escenario. Se mantuvieron muy separados el uno del otro y Rajoub protest\u00f3 en voz alta, lejos de los micr\u00f3fonos, antes de abandonar el escenario.<\/p>\n<p><i>AP<\/i> inform\u00f3 tambi\u00e9n que, al hablar ante el congreso, Rajoub inst\u00f3 a la FIFA a abordar las acusaciones de la Asociaci\u00f3n Palestina de F\u00fatbol de que Israel ha incumplido la normativa contra la discriminaci\u00f3n al permitir clubes con sede en los asentamientos de Cisjordania.<\/p>\n<p>Varios soldados israel\u00edes<b> resultaron heridos<\/b> en ataques de Hezbollah en el sur de L\u00edbano, dijeron este jueves a<i> CNN<\/i> las Fuerzas de Defensa de Israel (FDI).<\/p>\n<p>Hezbollah afirm\u00f3 en comunicados anteriores que llev\u00f3 a cabo ataques con drones contra concentraciones de soldados israel\u00edes en las localidades de <b>Taybeh y Qantara<\/b>, y sostuvo que las acciones fueron en respuesta a<b> presuntas violaciones del alto el fuego<\/b> por parte de Israel y bombardeos contra aldeas en el sur de L\u00edbano que, seg\u00fan el grupo, causaron v\u00edctimas civiles. <\/p>\n<p>.<\/p>\n<p>\u200bCobertura en tiempo real con las novedades m\u00e1s importantes del conflicto y las acciones del mandatario estadounidense, Donald Trump\u00a0\u00a0<\/p>","protected":false},"excerpt":{"rendered":"<p>El presidente norteamericano declar\u00f3 este jueves que est\u00e1 considerando reducir el n\u00famero de tropas estadounidenses&#8230;<\/p>\n","protected":false},"author":1,"featured_media":16919,"comment_status":"closed","ping_status":"closed","sticky":false,"template":"","format":"standard","meta":{"_jetpack_memberships_contains_paid_content":false,"footnotes":"","jetpack_publicize_message":"","jetpack_publicize_feature_enabled":true,"jetpack_social_post_already_shared":true,"jetpack_social_options":{"image_generator_settings":{"template":"highway","default_image_id":0,"font":"","enabled":false},"version":2}},"categories":[89],"tags":[],"class_list":["post-16918","post","type-post","status-publish","format-standard","has-post-thumbnail","hentry","category-nacionales"],"yoast_head":"<!-- This site is optimized with the Yoast SEO plugin v27.4 - https:\/\/yoast.com\/product\/yoast-seo-wordpress\/ -->\n<title>Guerra de Estados Unidos e Israel contra Ir\u00e1n, en vivo: tensi\u00f3n en Medio Oriente hoy, viernes 1\u00b0 de mayo -<\/title>\n<meta name=\"robots\" content=\"index, follow, max-snippet:-1, max-image-preview:large, max-video-preview:-1\" \/>\n<link rel=\"canonical\" href=\"https:\/\/impactocastex.com.ar\/?p=16918\" \/>\n<meta property=\"og:locale\" content=\"es_ES\" \/>\n<meta property=\"og:type\" content=\"article\" \/>\n<meta property=\"og:title\" content=\"Guerra de Estados Unidos e Israel contra Ir\u00e1n, en vivo: tensi\u00f3n en Medio Oriente hoy, viernes 1\u00b0 de mayo -\" \/>\n<meta property=\"og:description\" content=\"El presidente norteamericano declar\u00f3 este jueves que est\u00e1 considerando reducir el n\u00famero de tropas estadounidenses...\" \/>\n<meta property=\"og:url\" content=\"https:\/\/impactocastex.com.ar\/?p=16918\" \/>\n<meta property=\"article:publisher\" content=\"https:\/\/www.facebook.com\/impactocastexdiario\" \/>\n<meta property=\"article:published_time\" content=\"2026-05-01T06:05:00+00:00\" \/>\n<meta property=\"og:image\" content=\"https:\/\/resizer.glanacion.com\/resizer\/v2\/XTO3QTZKUJC4NFPPJJ5OHRAUWQ.jpg?auth=5a6c7f72617a7cfba1b4095e4edad57fd2bedd91aa026d769b6fce58241d8e6c&amp;smart=true&amp;width=4572&amp;height=3048\" \/>\n<meta name=\"author\" content=\"impactocastex\" \/>\n<meta name=\"twitter:card\" content=\"summary_large_image\" \/>\n<meta name=\"twitter:label1\" content=\"Escrito por\" \/>\n\t<meta name=\"twitter:data1\" content=\"impactocastex\" \/>\n\t<meta name=\"twitter:label2\" content=\"Tiempo de lectura\" \/>\n\t<meta name=\"twitter:data2\" content=\"6 minutos\" \/>\n<script type=\"application\/ld+json\" class=\"yoast-schema-graph\">{\"@context\":\"https:\\\/\\\/schema.org\",\"@graph\":[{\"@type\":\"Article\",\"@id\":\"https:\\\/\\\/impactocastex.com.ar\\\/?p=16918#article\",\"isPartOf\":{\"@id\":\"https:\\\/\\\/impactocastex.com.ar\\\/?p=16918\"},\"author\":{\"name\":\"impactocastex\",\"@id\":\"https:\\\/\\\/impactocastex.com.ar\\\/#\\\/schema\\\/person\\\/86cb4f827fb5f87869a239b98a69c6e3\"},\"headline\":\"Guerra de Estados Unidos e Israel contra Ir\u00e1n, en vivo: tensi\u00f3n en Medio Oriente hoy, viernes 1\u00b0 de mayo\",\"datePublished\":\"2026-05-01T06:05:00+00:00\",\"mainEntityOfPage\":{\"@id\":\"https:\\\/\\\/impactocastex.com.ar\\\/?p=16918\"},\"wordCount\":1143,\"publisher\":{\"@id\":\"https:\\\/\\\/impactocastex.com.ar\\\/#organization\"},\"image\":{\"@id\":\"https:\\\/\\\/impactocastex.com.ar\\\/?p=16918#primaryimage\"},\"thumbnailUrl\":\"https:\\\/\\\/impactocastex.com.ar\\\/wp-content\\\/uploads\\\/2026\\\/05\\\/AJQQWNRJAJANTEFZWDPVOP7PAM-grWjGI-scaled.jpg\",\"articleSection\":[\"NACIONALES\"],\"inLanguage\":\"es\"},{\"@type\":\"WebPage\",\"@id\":\"https:\\\/\\\/impactocastex.com.ar\\\/?p=16918\",\"url\":\"https:\\\/\\\/impactocastex.com.ar\\\/?p=16918\",\"name\":\"Guerra de Estados Unidos e Israel contra Ir\u00e1n, en vivo: tensi\u00f3n en Medio Oriente hoy, viernes 1\u00b0 de mayo -\",\"isPartOf\":{\"@id\":\"https:\\\/\\\/impactocastex.com.ar\\\/#website\"},\"primaryImageOfPage\":{\"@id\":\"https:\\\/\\\/impactocastex.com.ar\\\/?p=16918#primaryimage\"},\"image\":{\"@id\":\"https:\\\/\\\/impactocastex.com.ar\\\/?p=16918#primaryimage\"},\"thumbnailUrl\":\"https:\\\/\\\/impactocastex.com.ar\\\/wp-content\\\/uploads\\\/2026\\\/05\\\/AJQQWNRJAJANTEFZWDPVOP7PAM-grWjGI-scaled.jpg\",\"datePublished\":\"2026-05-01T06:05:00+00:00\",\"breadcrumb\":{\"@id\":\"https:\\\/\\\/impactocastex.com.ar\\\/?p=16918#breadcrumb\"},\"inLanguage\":\"es\",\"potentialAction\":[{\"@type\":\"ReadAction\",\"target\":[\"https:\\\/\\\/impactocastex.com.ar\\\/?p=16918\"]}]},{\"@type\":\"ImageObject\",\"inLanguage\":\"es\",\"@id\":\"https:\\\/\\\/impactocastex.com.ar\\\/?p=16918#primaryimage\",\"url\":\"https:\\\/\\\/impactocastex.com.ar\\\/wp-content\\\/uploads\\\/2026\\\/05\\\/AJQQWNRJAJANTEFZWDPVOP7PAM-grWjGI-scaled.jpg\",\"contentUrl\":\"https:\\\/\\\/impactocastex.com.ar\\\/wp-content\\\/uploads\\\/2026\\\/05\\\/AJQQWNRJAJANTEFZWDPVOP7PAM-grWjGI-scaled.jpg\",\"width\":2560,\"height\":1706},{\"@type\":\"BreadcrumbList\",\"@id\":\"https:\\\/\\\/impactocastex.com.ar\\\/?p=16918#breadcrumb\",\"itemListElement\":[{\"@type\":\"ListItem\",\"position\":1,\"name\":\"Portada\",\"item\":\"https:\\\/\\\/impactocastex.com.ar\\\/\"},{\"@type\":\"ListItem\",\"position\":2,\"name\":\"Guerra de Estados Unidos e Israel contra Ir\u00e1n, en vivo: tensi\u00f3n en Medio Oriente hoy, viernes 1\u00b0 de mayo\"}]},{\"@type\":\"WebSite\",\"@id\":\"https:\\\/\\\/impactocastex.com.ar\\\/#website\",\"url\":\"https:\\\/\\\/impactocastex.com.ar\\\/\",\"name\":\"Impacto Castex\",\"description\":\"\",\"publisher\":{\"@id\":\"https:\\\/\\\/impactocastex.com.ar\\\/#organization\"},\"potentialAction\":[{\"@type\":\"SearchAction\",\"target\":{\"@type\":\"EntryPoint\",\"urlTemplate\":\"https:\\\/\\\/impactocastex.com.ar\\\/?s={search_term_string}\"},\"query-input\":{\"@type\":\"PropertyValueSpecification\",\"valueRequired\":true,\"valueName\":\"search_term_string\"}}],\"inLanguage\":\"es\"},{\"@type\":\"Organization\",\"@id\":\"https:\\\/\\\/impactocastex.com.ar\\\/#organization\",\"name\":\"Impacto Castex\",\"url\":\"https:\\\/\\\/impactocastex.com.ar\\\/\",\"logo\":{\"@type\":\"ImageObject\",\"inLanguage\":\"es\",\"@id\":\"https:\\\/\\\/impactocastex.com.ar\\\/#\\\/schema\\\/logo\\\/image\\\/\",\"url\":\"https:\\\/\\\/impactocastex.com.ar\\\/wp-content\\\/uploads\\\/2025\\\/09\\\/cropped-icoweb.png\",\"contentUrl\":\"https:\\\/\\\/impactocastex.com.ar\\\/wp-content\\\/uploads\\\/2025\\\/09\\\/cropped-icoweb.png\",\"width\":512,\"height\":512,\"caption\":\"Impacto Castex\"},\"image\":{\"@id\":\"https:\\\/\\\/impactocastex.com.ar\\\/#\\\/schema\\\/logo\\\/image\\\/\"},\"sameAs\":[\"https:\\\/\\\/www.facebook.com\\\/impactocastexdiario\",\"https:\\\/\\\/www.instagram.com\\\/impactocastex.com.ar\\\/\"]},{\"@type\":\"Person\",\"@id\":\"https:\\\/\\\/impactocastex.com.ar\\\/#\\\/schema\\\/person\\\/86cb4f827fb5f87869a239b98a69c6e3\",\"name\":\"impactocastex\",\"image\":{\"@type\":\"ImageObject\",\"inLanguage\":\"es\",\"@id\":\"https:\\\/\\\/secure.gravatar.com\\\/avatar\\\/9a87ee051ca8c77f5d4070843ce2c78cdf95b858b950fb039151de955122f5f5?s=96&d=mm&r=g\",\"url\":\"https:\\\/\\\/secure.gravatar.com\\\/avatar\\\/9a87ee051ca8c77f5d4070843ce2c78cdf95b858b950fb039151de955122f5f5?s=96&d=mm&r=g\",\"contentUrl\":\"https:\\\/\\\/secure.gravatar.com\\\/avatar\\\/9a87ee051ca8c77f5d4070843ce2c78cdf95b858b950fb039151de955122f5f5?s=96&d=mm&r=g\",\"caption\":\"impactocastex\"},\"sameAs\":[\"https:\\\/\\\/impactocastex.com.ar\"],\"url\":\"https:\\\/\\\/impactocastex.com.ar\\\/?author=1\"}]}<\/script>\n<!-- \/ Yoast SEO plugin. -->","yoast_head_json":{"title":"Guerra de Estados Unidos e Israel contra Ir\u00e1n, en vivo: tensi\u00f3n en Medio Oriente hoy, viernes 1\u00b0 de mayo -","robots":{"index":"index","follow":"follow","max-snippet":"max-snippet:-1","max-image-preview":"max-image-preview:large","max-video-preview":"max-video-preview:-1"},"canonical":"https:\/\/impactocastex.com.ar\/?p=16918","og_locale":"es_ES","og_type":"article","og_title":"Guerra de Estados Unidos e Israel contra Ir\u00e1n, en vivo: tensi\u00f3n en Medio Oriente hoy, viernes 1\u00b0 de mayo -","og_description":"El presidente norteamericano declar\u00f3 este jueves que est\u00e1 considerando reducir el n\u00famero de tropas estadounidenses...","og_url":"https:\/\/impactocastex.com.ar\/?p=16918","article_publisher":"https:\/\/www.facebook.com\/impactocastexdiario","article_published_time":"2026-05-01T06:05:00+00:00","og_image":[{"url":"https:\/\/resizer.glanacion.com\/resizer\/v2\/XTO3QTZKUJC4NFPPJJ5OHRAUWQ.jpg?auth=5a6c7f72617a7cfba1b4095e4edad57fd2bedd91aa026d769b6fce58241d8e6c&amp;smart=true&amp;width=4572&amp;height=3048","type":"","width":"","height":""}],"author":"impactocastex","twitter_card":"summary_large_image","twitter_misc":{"Escrito por":"impactocastex","Tiempo de lectura":"6 minutos"},"schema":{"@context":"https:\/\/schema.org","@graph":[{"@type":"Article","@id":"https:\/\/impactocastex.com.ar\/?p=16918#article","isPartOf":{"@id":"https:\/\/impactocastex.com.ar\/?p=16918"},"author":{"name":"impactocastex","@id":"https:\/\/impactocastex.com.ar\/#\/schema\/person\/86cb4f827fb5f87869a239b98a69c6e3"},"headline":"Guerra de Estados Unidos e Israel contra Ir\u00e1n, en vivo: tensi\u00f3n en Medio Oriente hoy, viernes 1\u00b0 de mayo","datePublished":"2026-05-01T06:05:00+00:00","mainEntityOfPage":{"@id":"https:\/\/impactocastex.com.ar\/?p=16918"},"wordCount":1143,"publisher":{"@id":"https:\/\/impactocastex.com.ar\/#organization"},"image":{"@id":"https:\/\/impactocastex.com.ar\/?p=16918#primaryimage"},"thumbnailUrl":"https:\/\/impactocastex.com.ar\/wp-content\/uploads\/2026\/05\/AJQQWNRJAJANTEFZWDPVOP7PAM-grWjGI-scaled.jpg","articleSection":["NACIONALES"],"inLanguage":"es"},{"@type":"WebPage","@id":"https:\/\/impactocastex.com.ar\/?p=16918","url":"https:\/\/impactocastex.com.ar\/?p=16918","name":"Guerra de Estados Unidos e Israel contra Ir\u00e1n, en vivo: tensi\u00f3n en Medio Oriente hoy, viernes 1\u00b0 de mayo -","isPartOf":{"@id":"https:\/\/impactocastex.com.ar\/#website"},"primaryImageOfPage":{"@id":"https:\/\/impactocastex.com.ar\/?p=16918#primaryimage"},"image":{"@id":"https:\/\/impactocastex.com.ar\/?p=16918#primaryimage"},"thumbnailUrl":"https:\/\/impactocastex.com.ar\/wp-content\/uploads\/2026\/05\/AJQQWNRJAJANTEFZWDPVOP7PAM-grWjGI-scaled.jpg","datePublished":"2026-05-01T06:05:00+00:00","breadcrumb":{"@id":"https:\/\/impactocastex.com.ar\/?p=16918#breadcrumb"},"inLanguage":"es","potentialAction":[{"@type":"ReadAction","target":["https:\/\/impactocastex.com.ar\/?p=16918"]}]},{"@type":"ImageObject","inLanguage":"es","@id":"https:\/\/impactocastex.com.ar\/?p=16918#primaryimage","url":"https:\/\/impactocastex.com.ar\/wp-content\/uploads\/2026\/05\/AJQQWNRJAJANTEFZWDPVOP7PAM-grWjGI-scaled.jpg","contentUrl":"https:\/\/impactocastex.com.ar\/wp-content\/uploads\/2026\/05\/AJQQWNRJAJANTEFZWDPVOP7PAM-grWjGI-scaled.jpg","width":2560,"height":1706},{"@type":"BreadcrumbList","@id":"https:\/\/impactocastex.com.ar\/?p=16918#breadcrumb","itemListElement":[{"@type":"ListItem","position":1,"name":"Portada","item":"https:\/\/impactocastex.com.ar\/"},{"@type":"ListItem","position":2,"name":"Guerra de Estados Unidos e Israel contra Ir\u00e1n, en vivo: tensi\u00f3n en Medio Oriente hoy, viernes 1\u00b0 de mayo"}]},{"@type":"WebSite","@id":"https:\/\/impactocastex.com.ar\/#website","url":"https:\/\/impactocastex.com.ar\/","name":"Impacto Castex","description":"","publisher":{"@id":"https:\/\/impactocastex.com.ar\/#organization"},"potentialAction":[{"@type":"SearchAction","target":{"@type":"EntryPoint","urlTemplate":"https:\/\/impactocastex.com.ar\/?s={search_term_string}"},"query-input":{"@type":"PropertyValueSpecification","valueRequired":true,"valueName":"search_term_string"}}],"inLanguage":"es"},{"@type":"Organization","@id":"https:\/\/impactocastex.com.ar\/#organization","name":"Impacto Castex","url":"https:\/\/impactocastex.com.ar\/","logo":{"@type":"ImageObject","inLanguage":"es","@id":"https:\/\/impactocastex.com.ar\/#\/schema\/logo\/image\/","url":"https:\/\/impactocastex.com.ar\/wp-content\/uploads\/2025\/09\/cropped-icoweb.png","contentUrl":"https:\/\/impactocastex.com.ar\/wp-content\/uploads\/2025\/09\/cropped-icoweb.png","width":512,"height":512,"caption":"Impacto Castex"},"image":{"@id":"https:\/\/impactocastex.com.ar\/#\/schema\/logo\/image\/"},"sameAs":["https:\/\/www.facebook.com\/impactocastexdiario","https:\/\/www.instagram.com\/impactocastex.com.ar\/"]},{"@type":"Person","@id":"https:\/\/impactocastex.com.ar\/#\/schema\/person\/86cb4f827fb5f87869a239b98a69c6e3","name":"impactocastex","image":{"@type":"ImageObject","inLanguage":"es","@id":"https:\/\/secure.gravatar.com\/avatar\/9a87ee051ca8c77f5d4070843ce2c78cdf95b858b950fb039151de955122f5f5?s=96&d=mm&r=g","url":"https:\/\/secure.gravatar.com\/avatar\/9a87ee051ca8c77f5d4070843ce2c78cdf95b858b950fb039151de955122f5f5?s=96&d=mm&r=g","contentUrl":"https:\/\/secure.gravatar.com\/avatar\/9a87ee051ca8c77f5d4070843ce2c78cdf95b858b950fb039151de955122f5f5?s=96&d=mm&r=g","caption":"impactocastex"},"sameAs":["https:\/\/impactocastex.com.ar"],"url":"https:\/\/impactocastex.com.ar\/?author=1"}]}},"jetpack_publicize_connections":[],"featured_image_urls":{"full":["https:\/\/impactocastex.com.ar\/wp-content\/uploads\/2026\/05\/AJQQWNRJAJANTEFZWDPVOP7PAM-grWjGI-scaled.jpg",2560,1706,false],"thumbnail":["https:\/\/impactocastex.com.ar\/wp-content\/uploads\/2026\/05\/AJQQWNRJAJANTEFZWDPVOP7PAM-grWjGI-150x150.jpg",150,150,true],"medium":["https:\/\/impactocastex.com.ar\/wp-content\/uploads\/2026\/05\/AJQQWNRJAJANTEFZWDPVOP7PAM-grWjGI-300x200.jpg",300,200,true],"medium_large":["https:\/\/impactocastex.com.ar\/wp-content\/uploads\/2026\/05\/AJQQWNRJAJANTEFZWDPVOP7PAM-grWjGI-768x512.jpg",640,427,true],"large":["https:\/\/impactocastex.com.ar\/wp-content\/uploads\/2026\/05\/AJQQWNRJAJANTEFZWDPVOP7PAM-grWjGI-1024x683.jpg",640,427,true],"1536x1536":["https:\/\/impactocastex.com.ar\/wp-content\/uploads\/2026\/05\/AJQQWNRJAJANTEFZWDPVOP7PAM-grWjGI-1536x1024.jpg",1536,1024,true],"2048x2048":["https:\/\/impactocastex.com.ar\/wp-content\/uploads\/2026\/05\/AJQQWNRJAJANTEFZWDPVOP7PAM-grWjGI-2048x1365.jpg",2048,1365,true],"newsever-slider-full":["https:\/\/impactocastex.com.ar\/wp-content\/uploads\/2026\/05\/AJQQWNRJAJANTEFZWDPVOP7PAM-grWjGI-1280x845.jpg",1280,845,true],"newsever-featured":["https:\/\/impactocastex.com.ar\/wp-content\/uploads\/2026\/05\/AJQQWNRJAJANTEFZWDPVOP7PAM-grWjGI-1024x683.jpg",1024,683,true],"newsever-medium":["https:\/\/impactocastex.com.ar\/wp-content\/uploads\/2026\/05\/AJQQWNRJAJANTEFZWDPVOP7PAM-grWjGI-720x475.jpg",720,475,true]},"author_info":{"info":["impactocastex"]},"category_info":"<a href=\"https:\/\/impactocastex.com.ar\/?cat=89\" rel=\"category\">NACIONALES<\/a>","tag_info":"NACIONALES","comment_count":0,"jetpack_featured_media_url":"https:\/\/impactocastex.com.ar\/wp-content\/uploads\/2026\/05\/AJQQWNRJAJANTEFZWDPVOP7PAM-grWjGI-scaled.jpg","jetpack_sharing_enabled":true,"jetpack_likes_enabled":true,"jetpack_shortlink":"https:\/\/wp.me\/p7sopA-4oS","_links":{"self":[{"href":"https:\/\/impactocastex.com.ar\/index.php?rest_route=\/wp\/v2\/posts\/16918","targetHints":{"allow":["GET"]}}],"collection":[{"href":"https:\/\/impactocastex.com.ar\/index.php?rest_route=\/wp\/v2\/posts"}],"about":[{"href":"https:\/\/impactocastex.com.ar\/index.php?rest_route=\/wp\/v2\/types\/post"}],"author":[{"embeddable":true,"href":"https:\/\/impactocastex.com.ar\/index.php?rest_route=\/wp\/v2\/users\/1"}],"replies":[{"embeddable":true,"href":"https:\/\/impactocastex.com.ar\/index.php?rest_route=%2Fwp%2Fv2%2Fcomments&post=16918"}],"version-history":[{"count":0,"href":"https:\/\/impactocastex.com.ar\/index.php?rest_route=\/wp\/v2\/posts\/16918\/revisions"}],"wp:featuredmedia":[{"embeddable":true,"href":"https:\/\/impactocastex.com.ar\/index.php?rest_route=\/wp\/v2\/media\/16919"}],"wp:attachment":[{"href":"https:\/\/impactocastex.com.ar\/index.php?rest_route=%2Fwp%2Fv2%2Fmedia&parent=16918"}],"wp:term":[{"taxonomy":"category","embeddable":true,"href":"https:\/\/impactocastex.com.ar\/index.php?rest_route=%2Fwp%2Fv2%2Fcategories&post=16918"},{"taxonomy":"post_tag","embeddable":true,"href":"https:\/\/impactocastex.com.ar\/index.php?rest_route=%2Fwp%2Fv2%2Ftags&post=16918"}],"curies":[{"name":"wp","href":"https:\/\/api.w.org\/{rel}","templated":true}]}}