{"id":16916,"date":"2026-05-01T01:12:45","date_gmt":"2026-05-01T04:12:45","guid":{"rendered":"https:\/\/impactocastex.com.ar\/?p=16916"},"modified":"2026-05-01T01:12:45","modified_gmt":"2026-05-01T04:12:45","slug":"carlos-tevez-no-se-olvido-de-boca-su-anhelo-de-ser-dt-o-presidente-y-su-anecdota-con-mauricio-macri","status":"publish","type":"post","link":"https:\/\/impactocastex.com.ar\/?p=16916","title":{"rendered":"Carlos Tevez no se olvid\u00f3 de Boca: su anhelo de ser DT o presidente y su an\u00e9cdota con Mauricio Macri"},"content":{"rendered":"<p><b>Carlos Tevez<\/b> no conoce de frases hechas. Con seriedad absoluta o con tono m\u00e1s distendido, se hace escuchar. Este jueves adelant\u00f3 lo encaminada que est\u00e1 su renovaci\u00f3n como entrenador de <b>Talleres<\/b> pero fue ineludible que se refiriera a su casa de siempre, <b>Boca<\/b>. Desde <b>Mauricio Macri<\/b>, pasando por <b>Claudio Ubeda<\/b> y sus principales figuras, hasta el sue\u00f1o de llegar al cargo que hoy ocupa <b>Juan Rom\u00e1n Riquelme<\/b>.<\/p>\n<p>No quiso ahondar mucho sobre su anhelo de dirigir al conjunto xeneize. Primero, por respeto a su actual club, que apost\u00f3 por \u00e9l en el momento delicado de la lucha por salir del descenso; Tevez lo rescat\u00f3 del fondo y lo llev\u00f3 a pelear hoy en el <b>Torneo Apertura<\/b> por los primeros lugares de la zona A (desde el cuarto puesto, puede en la \u00faltima fecha igualar al puntero, Estudiantes de La Plata). El combo convence al presidente de la T, <b>Andr\u00e9s Fassi<\/b>, al punto de que tiene ya casi acordada su renovaci\u00f3n como director t\u00e9cnico.<\/p>\n<p><img loading=\"lazy\" decoding=\"async\" src=\"https:\/\/resizer.glanacion.com\/resizer\/v2\/7XEAE4JELJCH7NC7EXI7K5L6FQ.JPG?auth=c13bc37920d4104b900268fd7bbcc01828f7bd9137efb909425ec9de55ce8edf&amp;smart=true&amp;width=1999&amp;height=1333\" alt=\"Tevez en la Bombonera como DT de Talleres, en noviembre, cuando los hinchas lo ovacionaron; \u00bflo ver\u00e1n con el buzo azul y oro en un futuro?\" height=\"1333\" width=\"1999\" \/><\/p>\n<p>Segundo, Carlitos no se involucr\u00f3 en el tema DT azul y oro por consideraci\u00f3n a quien se encuentra ahora al mando del equipo, Ubeda. \u201cMe gustar\u00eda respetar a quien est\u00e1 hoy. Lo bueno ser\u00eda respetarlo. No es f\u00e1cil que un \u00eddolo diga que quiere dirigir. Adem\u00e1s, yo estoy totalmente comprometido en Talleres, y <b>Ubeda est\u00e1 haci\u00e9ndolo bien\u201d<\/b>, manifest\u00f3 ante <i>L\u00edbero<\/i>, programa de <i>TyC Sports<\/i>.<\/p>\n<p><img loading=\"lazy\" decoding=\"async\" src=\"https:\/\/resizer.glanacion.com\/resizer\/v2\/RGE3E5UW3NERHGBLQ3QWB45EKE.jpg?auth=d8813ea6b26ac62a1c75805e1af15a1531841e4411ca3440b99e81edb2532a24&amp;smart=true&amp;width=1688&amp;height=1125\" alt=\"El saludo entre Tevez y Claudio Ubeda de cuando Boca venci\u00f3 a Talleres en el Mario Alberto Kempes, en abril; Carlos fue prudente al hablar de la direcci\u00f3n t\u00e9cnica de Boca, por respeto a Claudio.\" height=\"1125\" width=\"1688\" \/><\/p>\n<p>S\u00ed fue un paso m\u00e1s adelante en su opini\u00f3n sobre la conducci\u00f3n de la entidad xeneize, aunque tambi\u00e9n con prudencia. \u201c\u00bfEl coqueteo con ser presidente? <b>Nunca estuvo<\/b>. Siempre quisieron ponerme ah\u00ed. Fue m\u00e1s period\u00edstico o, en este caso, <b>m\u00e1s pol\u00edtico que otra cosa<\/b>. Pero yo en ning\u00fan momento dije eso. <b>\u00bfMe gustar\u00eda ser presidente de Boca en el d\u00eda de ma\u00f1ana? Obvio que s\u00ed<\/b>, \u00bfa qui\u00e9n no? <b>Es un sue\u00f1o que tengo.<\/b> Hoy tengo 42 a\u00f1os&#8230; Ser\u00eda la <b>frutillita del postre<\/b> habiendo sido jugador de Boca\u201d, revel\u00f3 Tevez.<\/p>\n<p>Que mantuvo rispideces con Riquelme desde que el ex 10 asumi\u00f3 como uno de los vicepresidentes en 2019, entre egos y la pol\u00edtica misma. El delantero lleva a\u00f1os identificado con el macrismo. En su \u00faltima \u00e9poca como futbolista xeneize intent\u00f3 desligarse lo m\u00e1ximo posible del poder en el club, previendo el favoritismo de la gente en los comicios y priorizando no apagar el cari\u00f1o mutuo con la parcialidad.<\/p>\n<p><img loading=\"lazy\" decoding=\"async\" src=\"https:\/\/resizer.glanacion.com\/resizer\/v2\/7NXOYZJWNZE73J6G6G27KYA4G4.jpg?auth=cdee5b8bbe438b17d01bfbb3e7fdcc5b925771dfe545463746bbd462485570f0&amp;smart=true&amp;width=2000&amp;height=1333\" alt=\"Un Tevez alcanzapelotas con un Riquelme jugador, a mediados de los noventas, y un Carlos recientemente retirado con un Rom\u00e1n dirigente en 2021, cuando \u00e9ste lo acompa\u00f1\u00f3 a la salida tras su decisi\u00f3n de dejar el f\u00fatbol.\" height=\"1333\" width=\"2000\" \/><\/p>\n<p>A prop\u00f3sito de presidentes, y con su forma c\u00f3mica de relatar an\u00e9cdotas, refiri\u00f3 al propio Macri de una particular manera. Mientras le consultaban sobre la pesadez de sus relaciones con <b>Kia Joorabchian<\/b> (el intermediario brit\u00e1nico que intervino en sus pases a Corinthians, de Brasil, y clubes ingleses), los \u00e1rabes propietarios de <b>Manchester City<\/b> y los chinos que lo llevaron a <b>Shangh\u00e1i Shenhua<\/b> en 2017, Tevez interrumpi\u00f3: \u201cY Macri&#8230; No te olvid\u00e9s de Macri, <b>terrible hijo de p&#8230;<\/b>\u201d, caus\u00f3 risa en el estudio. Y activ\u00f3 una an\u00e9cdota.<\/p>\n<p>\u201cChicos, la primera vez que yo me voy de Boca ganando la Copa Libertadores y gan\u00e1ndole a Milan, \u00bfsab\u00e9s cu\u00e1nto ten\u00eda en la cuenta? <b>Yo le deb\u00eda a \u00e9l<\/b>, una locura. Compra las casas para mis viejos, para sacarme del Fuerte [Apache]. Y no fue que me las compr\u00f3 Boca. \u00a1No! <b>Despu\u00e9s, cuando viene la venta<\/b> [a Corinthians, en 2005],<b> yo ten\u00eda que pagar eso<\/b>, ja. \u00a1Qu\u00e9 va a regalar! Ja. En cero me voy a Corinthians, o en menos 15&#8230; No s\u00e9 cu\u00e1nto era. <b>Mauricio es una cosa incre\u00edble, nunca vista\u00bb<\/b>, relat\u00f3 con soltura.<\/p>\n<blockquote class=\"twitter-tweet\">\n<p lang=\"es\" dir=\"ltr\">\u00abMACRI, TERRIBLE HIJO DE P&#8230;\u00bb \ud83d\ude05<\/p>\n<p>Carlitos Tevez record\u00f3 las negociaciones con el ex presidente de Boca y la deuda que le qued\u00f3 cuando se fue al Corinthians. \u00abLe hab\u00edamos ganado al Mil\u00e1n y yo le deb\u00eda plata a Boca. Mauricio es una cosa incre\u00edble, nunca vista\u00bb.<\/p>\n<p>\ud83c\udf99\ufe0f <a href=\"https:\/\/twitter.com\/Liberotyc?ref_src=twsrc%5Etfw\">@Liberotyc<\/a> <a href=\"https:\/\/t.co\/h5aPf3adpO\">pic.twitter.com\/h5aPf3adpO<\/a><\/p>\n<p>\u2014 TyC Sports (@TyCSports) <a href=\"https:\/\/twitter.com\/TyCSports\/status\/2049927445751406687?ref_src=twsrc%5Etfw\">April 30, 2026<\/a><\/p><\/blockquote>\n<p>Aprovechando su postura de hablar abiertamente sobre el club de sus amores, las consultas pasaron a lo futbol\u00edstico, espec\u00edficamente a su m\u00e1xima figura actual, <b>Leandro Paredes<\/b>, y a la aparici\u00f3n de <b>Tom\u00e1s Aranda<\/b>.<\/p>\n<p>\u201c<b>A Boca siempre se vuelve en plenitud\u00bb<\/b>, opin\u00f3 Carlos, que regres\u00f3 en 2015, a los 31 a\u00f1os, desde Juventus.<b> \u00ab<\/b>Si quer\u00e9s ser \u00eddolo; si no, vas a pasar\u00bb, alcar\u00f3. Y abund\u00f3 sobre Paredes: \u201c<b>Lea lo hizo muy bien.<\/b> En el casi peor momento de Boca, supo dar una vuelta de rosca. Salvo por el \u00faltimo partido, el envi\u00f3n ven\u00eda siendo muy importante y <b>es gracias a \u00e9l<\/b>. Le dio al equipo la impronta. Lo que se ve en la cancha es que \u00e9l hizo crecer much\u00edsimo a sus compa\u00f1eros de al lado, y se est\u00e1 hablando de que es el mejor mediocampo de Boca en mucho tiempo\u201d, resalt\u00f3.<\/p>\n<blockquote class=\"twitter-tweet\">\n<p lang=\"es\" dir=\"ltr\">\u00abSI QUER\u00c9S SER \u00cdDOLO, A BOCA SE VUELVE EN PLENITUD&#8230; PAREDES HIZO CRECER MUCH\u00cdSIMO A LOS COMPA\u00d1EROS DE AL LADO\u00bb<\/p>\n<p>En un mano a mano imperdible con <a href=\"https:\/\/twitter.com\/Liberotyc?ref_src=twsrc%5Etfw\">@liberotyc<\/a>, Carlitos Tevez elogi\u00f3 a Paredes y al pibe Aranda: \u00abEs cosa seria\u00bb. <a href=\"https:\/\/t.co\/8tw4xs7sq8\">pic.twitter.com\/8tw4xs7sq8<\/a><\/p>\n<p>\u2014 TyC Sports (@TyCSports) <a href=\"https:\/\/twitter.com\/TyCSports\/status\/2049914591551857152?ref_src=twsrc%5Etfw\">April 30, 2026<\/a><\/p><\/blockquote>\n<p>En Aranda, en tanto, vislumbra mucho futuro: \u201cLe veo cosas diferentes. <b>Es cosa seria.<\/b> El mundo Boca no es f\u00e1cil. Est\u00e1 rodeado de buenos compa\u00f1eros con mucha experiencia. Y no es un Boca cualquiera; eso va a ayudarlo much\u00edsimo, va a hacerlo crecer\u201d, opin\u00f3 sobre el enganche de 18 a\u00f1os.<\/p>\n<p>En lo que respecta a su inmediato futuro en Talleres, Tevez precis\u00f3 que \u201clas negociaciones para la renovaci\u00f3n est\u00e1n avanzadas\u201d. Al punto de que cree que el tema \u201cest\u00e1 encaminado para cerrarlo esta semana\u201d. Eso se da por, entre otros motivos, su relaci\u00f3n con Fassi. \u201cTiene 40 a\u00f1os de dirigente. Pod\u00e9s sentarte con \u00e9l a hablar de f\u00fatbol y no va a imponer nada. Sabe qu\u00e9 rol cumple. Deja trabajar tranquilo y ayudar en todo momento. Tenemos una visiones similares en lo que queremos para Talleres. Se hace mucho m\u00e1s f\u00e1cil\u201d, coment\u00f3, antes de admitir su pr\u00f3xima ambici\u00f3n: <b>\u201cEstoy prepar\u00e1ndome para dirigir en Europa<\/b>. Creo que estoy creciendo muy r\u00e1pido como entrenador\u201d.<\/p>\n<blockquote class=\"twitter-tweet\">\n<p lang=\"es\" dir=\"ltr\">TEVEZ Y LA EMOCI\u00d3N POR EL RECUERDO DE MARADONA<\/p>\n<p>En di\u00e1logo con <a href=\"https:\/\/twitter.com\/Liberotyc?ref_src=twsrc%5Etfw\">@liberotyc<\/a>, Carlitos se emocion\u00f3 al recordar a Diego: \u00abSe me hace dif\u00edcil hablar de \u00e9l. A m\u00ed me hace muy feliz poder decir que fui y soy amigo de Diego Armando Maradona\u00bb. <a href=\"https:\/\/t.co\/YSZRzX4o3K\">pic.twitter.com\/YSZRzX4o3K<\/a><\/p>\n<p>\u2014 TyC Sports (@TyCSports) <a href=\"https:\/\/twitter.com\/TyCSports\/status\/2049913530174906551?ref_src=twsrc%5Etfw\">April 30, 2026<\/a><\/p><\/blockquote>\n<p>Por \u00faltimo, se quebr\u00f3 al recordar a <b>Diego Maradona<\/b>, en d\u00edas en los que se lleva adelante el juicio a los m\u00e9dicos que estuvieron a cargo de su atenci\u00f3n y en medio de pedidos de justicia por su fallecimiento. \u201cCada vez que uno lo recuerda, no es f\u00e1cil. Se hace dif\u00edcil hablar y expresar lo que uno siente por Diego. Me hace muy feliz poder decir que fui y soy amigo de Diego Armando Maradona\u201d, se conmovi\u00f3 Tevez.<\/p>\n<p>\u200bMientras est\u00e1 a punto de renovar su v\u00ednculo como entrenador de Talleres, se refiri\u00f3 al club con el que m\u00e1s se identifica\u00a0\u00a0<\/p>","protected":false},"excerpt":{"rendered":"<p>Carlos Tevez no conoce de frases hechas. Con seriedad absoluta o con tono m\u00e1s distendido,&#8230;<\/p>\n","protected":false},"author":1,"featured_media":16917,"comment_status":"closed","ping_status":"closed","sticky":false,"template":"","format":"standard","meta":{"_jetpack_memberships_contains_paid_content":false,"footnotes":"","jetpack_publicize_message":"","jetpack_publicize_feature_enabled":true,"jetpack_social_post_already_shared":true,"jetpack_social_options":{"image_generator_settings":{"template":"highway","default_image_id":0,"font":"","enabled":false},"version":2}},"categories":[89],"tags":[],"class_list":["post-16916","post","type-post","status-publish","format-standard","has-post-thumbnail","hentry","category-nacionales"],"yoast_head":"<!-- This site is optimized with the Yoast SEO plugin v27.4 - https:\/\/yoast.com\/product\/yoast-seo-wordpress\/ -->\n<title>Carlos Tevez no se olvid\u00f3 de Boca: su anhelo de ser DT o presidente y su an\u00e9cdota con Mauricio Macri -<\/title>\n<meta name=\"robots\" content=\"index, follow, max-snippet:-1, max-image-preview:large, max-video-preview:-1\" \/>\n<link rel=\"canonical\" href=\"https:\/\/impactocastex.com.ar\/?p=16916\" \/>\n<meta property=\"og:locale\" content=\"es_ES\" \/>\n<meta property=\"og:type\" content=\"article\" \/>\n<meta property=\"og:title\" content=\"Carlos Tevez no se olvid\u00f3 de Boca: su anhelo de ser DT o presidente y su an\u00e9cdota con Mauricio Macri -\" \/>\n<meta property=\"og:description\" content=\"Carlos Tevez no conoce de frases hechas. Con seriedad absoluta o con tono m\u00e1s distendido,...\" \/>\n<meta property=\"og:url\" content=\"https:\/\/impactocastex.com.ar\/?p=16916\" \/>\n<meta property=\"article:publisher\" content=\"https:\/\/www.facebook.com\/impactocastexdiario\" \/>\n<meta property=\"article:published_time\" content=\"2026-05-01T04:12:45+00:00\" \/>\n<meta property=\"og:image\" content=\"https:\/\/resizer.glanacion.com\/resizer\/v2\/7XEAE4JELJCH7NC7EXI7K5L6FQ.JPG?auth=c13bc37920d4104b900268fd7bbcc01828f7bd9137efb909425ec9de55ce8edf&amp;smart=true&amp;width=1999&amp;height=1333\" \/>\n<meta name=\"author\" content=\"impactocastex\" \/>\n<meta name=\"twitter:card\" content=\"summary_large_image\" \/>\n<meta name=\"twitter:label1\" content=\"Escrito por\" \/>\n\t<meta name=\"twitter:data1\" content=\"impactocastex\" \/>\n\t<meta name=\"twitter:label2\" content=\"Tiempo de lectura\" \/>\n\t<meta name=\"twitter:data2\" content=\"6 minutos\" \/>\n<script type=\"application\/ld+json\" class=\"yoast-schema-graph\">{\"@context\":\"https:\\\/\\\/schema.org\",\"@graph\":[{\"@type\":\"Article\",\"@id\":\"https:\\\/\\\/impactocastex.com.ar\\\/?p=16916#article\",\"isPartOf\":{\"@id\":\"https:\\\/\\\/impactocastex.com.ar\\\/?p=16916\"},\"author\":{\"name\":\"impactocastex\",\"@id\":\"https:\\\/\\\/impactocastex.com.ar\\\/#\\\/schema\\\/person\\\/86cb4f827fb5f87869a239b98a69c6e3\"},\"headline\":\"Carlos Tevez no se olvid\u00f3 de Boca: su anhelo de ser DT o presidente y su an\u00e9cdota con Mauricio Macri\",\"datePublished\":\"2026-05-01T04:12:45+00:00\",\"mainEntityOfPage\":{\"@id\":\"https:\\\/\\\/impactocastex.com.ar\\\/?p=16916\"},\"wordCount\":1233,\"publisher\":{\"@id\":\"https:\\\/\\\/impactocastex.com.ar\\\/#organization\"},\"image\":{\"@id\":\"https:\\\/\\\/impactocastex.com.ar\\\/?p=16916#primaryimage\"},\"thumbnailUrl\":\"https:\\\/\\\/impactocastex.com.ar\\\/wp-content\\\/uploads\\\/2026\\\/05\\\/IF5NJV6LFZFI7EJTSUEWFLHFOA-S6AxUb.jpg\",\"articleSection\":[\"NACIONALES\"],\"inLanguage\":\"es\"},{\"@type\":\"WebPage\",\"@id\":\"https:\\\/\\\/impactocastex.com.ar\\\/?p=16916\",\"url\":\"https:\\\/\\\/impactocastex.com.ar\\\/?p=16916\",\"name\":\"Carlos Tevez no se olvid\u00f3 de Boca: su anhelo de ser DT o presidente y su an\u00e9cdota con Mauricio Macri -\",\"isPartOf\":{\"@id\":\"https:\\\/\\\/impactocastex.com.ar\\\/#website\"},\"primaryImageOfPage\":{\"@id\":\"https:\\\/\\\/impactocastex.com.ar\\\/?p=16916#primaryimage\"},\"image\":{\"@id\":\"https:\\\/\\\/impactocastex.com.ar\\\/?p=16916#primaryimage\"},\"thumbnailUrl\":\"https:\\\/\\\/impactocastex.com.ar\\\/wp-content\\\/uploads\\\/2026\\\/05\\\/IF5NJV6LFZFI7EJTSUEWFLHFOA-S6AxUb.jpg\",\"datePublished\":\"2026-05-01T04:12:45+00:00\",\"breadcrumb\":{\"@id\":\"https:\\\/\\\/impactocastex.com.ar\\\/?p=16916#breadcrumb\"},\"inLanguage\":\"es\",\"potentialAction\":[{\"@type\":\"ReadAction\",\"target\":[\"https:\\\/\\\/impactocastex.com.ar\\\/?p=16916\"]}]},{\"@type\":\"ImageObject\",\"inLanguage\":\"es\",\"@id\":\"https:\\\/\\\/impactocastex.com.ar\\\/?p=16916#primaryimage\",\"url\":\"https:\\\/\\\/impactocastex.com.ar\\\/wp-content\\\/uploads\\\/2026\\\/05\\\/IF5NJV6LFZFI7EJTSUEWFLHFOA-S6AxUb.jpg\",\"contentUrl\":\"https:\\\/\\\/impactocastex.com.ar\\\/wp-content\\\/uploads\\\/2026\\\/05\\\/IF5NJV6LFZFI7EJTSUEWFLHFOA-S6AxUb.jpg\",\"width\":960,\"height\":540},{\"@type\":\"BreadcrumbList\",\"@id\":\"https:\\\/\\\/impactocastex.com.ar\\\/?p=16916#breadcrumb\",\"itemListElement\":[{\"@type\":\"ListItem\",\"position\":1,\"name\":\"Portada\",\"item\":\"https:\\\/\\\/impactocastex.com.ar\\\/\"},{\"@type\":\"ListItem\",\"position\":2,\"name\":\"Carlos Tevez no se olvid\u00f3 de Boca: su anhelo de ser DT o presidente y su an\u00e9cdota con Mauricio Macri\"}]},{\"@type\":\"WebSite\",\"@id\":\"https:\\\/\\\/impactocastex.com.ar\\\/#website\",\"url\":\"https:\\\/\\\/impactocastex.com.ar\\\/\",\"name\":\"Impacto Castex\",\"description\":\"\",\"publisher\":{\"@id\":\"https:\\\/\\\/impactocastex.com.ar\\\/#organization\"},\"potentialAction\":[{\"@type\":\"SearchAction\",\"target\":{\"@type\":\"EntryPoint\",\"urlTemplate\":\"https:\\\/\\\/impactocastex.com.ar\\\/?s={search_term_string}\"},\"query-input\":{\"@type\":\"PropertyValueSpecification\",\"valueRequired\":true,\"valueName\":\"search_term_string\"}}],\"inLanguage\":\"es\"},{\"@type\":\"Organization\",\"@id\":\"https:\\\/\\\/impactocastex.com.ar\\\/#organization\",\"name\":\"Impacto Castex\",\"url\":\"https:\\\/\\\/impactocastex.com.ar\\\/\",\"logo\":{\"@type\":\"ImageObject\",\"inLanguage\":\"es\",\"@id\":\"https:\\\/\\\/impactocastex.com.ar\\\/#\\\/schema\\\/logo\\\/image\\\/\",\"url\":\"https:\\\/\\\/impactocastex.com.ar\\\/wp-content\\\/uploads\\\/2025\\\/09\\\/cropped-icoweb.png\",\"contentUrl\":\"https:\\\/\\\/impactocastex.com.ar\\\/wp-content\\\/uploads\\\/2025\\\/09\\\/cropped-icoweb.png\",\"width\":512,\"height\":512,\"caption\":\"Impacto Castex\"},\"image\":{\"@id\":\"https:\\\/\\\/impactocastex.com.ar\\\/#\\\/schema\\\/logo\\\/image\\\/\"},\"sameAs\":[\"https:\\\/\\\/www.facebook.com\\\/impactocastexdiario\",\"https:\\\/\\\/www.instagram.com\\\/impactocastex.com.ar\\\/\"]},{\"@type\":\"Person\",\"@id\":\"https:\\\/\\\/impactocastex.com.ar\\\/#\\\/schema\\\/person\\\/86cb4f827fb5f87869a239b98a69c6e3\",\"name\":\"impactocastex\",\"image\":{\"@type\":\"ImageObject\",\"inLanguage\":\"es\",\"@id\":\"https:\\\/\\\/secure.gravatar.com\\\/avatar\\\/9a87ee051ca8c77f5d4070843ce2c78cdf95b858b950fb039151de955122f5f5?s=96&d=mm&r=g\",\"url\":\"https:\\\/\\\/secure.gravatar.com\\\/avatar\\\/9a87ee051ca8c77f5d4070843ce2c78cdf95b858b950fb039151de955122f5f5?s=96&d=mm&r=g\",\"contentUrl\":\"https:\\\/\\\/secure.gravatar.com\\\/avatar\\\/9a87ee051ca8c77f5d4070843ce2c78cdf95b858b950fb039151de955122f5f5?s=96&d=mm&r=g\",\"caption\":\"impactocastex\"},\"sameAs\":[\"https:\\\/\\\/impactocastex.com.ar\"],\"url\":\"https:\\\/\\\/impactocastex.com.ar\\\/?author=1\"}]}<\/script>\n<!-- \/ Yoast SEO plugin. -->","yoast_head_json":{"title":"Carlos Tevez no se olvid\u00f3 de Boca: su anhelo de ser DT o presidente y su an\u00e9cdota con Mauricio Macri -","robots":{"index":"index","follow":"follow","max-snippet":"max-snippet:-1","max-image-preview":"max-image-preview:large","max-video-preview":"max-video-preview:-1"},"canonical":"https:\/\/impactocastex.com.ar\/?p=16916","og_locale":"es_ES","og_type":"article","og_title":"Carlos Tevez no se olvid\u00f3 de Boca: su anhelo de ser DT o presidente y su an\u00e9cdota con Mauricio Macri -","og_description":"Carlos Tevez no conoce de frases hechas. Con seriedad absoluta o con tono m\u00e1s distendido,...","og_url":"https:\/\/impactocastex.com.ar\/?p=16916","article_publisher":"https:\/\/www.facebook.com\/impactocastexdiario","article_published_time":"2026-05-01T04:12:45+00:00","og_image":[{"url":"https:\/\/resizer.glanacion.com\/resizer\/v2\/7XEAE4JELJCH7NC7EXI7K5L6FQ.JPG?auth=c13bc37920d4104b900268fd7bbcc01828f7bd9137efb909425ec9de55ce8edf&amp;smart=true&amp;width=1999&amp;height=1333","type":"","width":"","height":""}],"author":"impactocastex","twitter_card":"summary_large_image","twitter_misc":{"Escrito por":"impactocastex","Tiempo de lectura":"6 minutos"},"schema":{"@context":"https:\/\/schema.org","@graph":[{"@type":"Article","@id":"https:\/\/impactocastex.com.ar\/?p=16916#article","isPartOf":{"@id":"https:\/\/impactocastex.com.ar\/?p=16916"},"author":{"name":"impactocastex","@id":"https:\/\/impactocastex.com.ar\/#\/schema\/person\/86cb4f827fb5f87869a239b98a69c6e3"},"headline":"Carlos Tevez no se olvid\u00f3 de Boca: su anhelo de ser DT o presidente y su an\u00e9cdota con Mauricio Macri","datePublished":"2026-05-01T04:12:45+00:00","mainEntityOfPage":{"@id":"https:\/\/impactocastex.com.ar\/?p=16916"},"wordCount":1233,"publisher":{"@id":"https:\/\/impactocastex.com.ar\/#organization"},"image":{"@id":"https:\/\/impactocastex.com.ar\/?p=16916#primaryimage"},"thumbnailUrl":"https:\/\/impactocastex.com.ar\/wp-content\/uploads\/2026\/05\/IF5NJV6LFZFI7EJTSUEWFLHFOA-S6AxUb.jpg","articleSection":["NACIONALES"],"inLanguage":"es"},{"@type":"WebPage","@id":"https:\/\/impactocastex.com.ar\/?p=16916","url":"https:\/\/impactocastex.com.ar\/?p=16916","name":"Carlos Tevez no se olvid\u00f3 de Boca: su anhelo de ser DT o presidente y su an\u00e9cdota con Mauricio Macri -","isPartOf":{"@id":"https:\/\/impactocastex.com.ar\/#website"},"primaryImageOfPage":{"@id":"https:\/\/impactocastex.com.ar\/?p=16916#primaryimage"},"image":{"@id":"https:\/\/impactocastex.com.ar\/?p=16916#primaryimage"},"thumbnailUrl":"https:\/\/impactocastex.com.ar\/wp-content\/uploads\/2026\/05\/IF5NJV6LFZFI7EJTSUEWFLHFOA-S6AxUb.jpg","datePublished":"2026-05-01T04:12:45+00:00","breadcrumb":{"@id":"https:\/\/impactocastex.com.ar\/?p=16916#breadcrumb"},"inLanguage":"es","potentialAction":[{"@type":"ReadAction","target":["https:\/\/impactocastex.com.ar\/?p=16916"]}]},{"@type":"ImageObject","inLanguage":"es","@id":"https:\/\/impactocastex.com.ar\/?p=16916#primaryimage","url":"https:\/\/impactocastex.com.ar\/wp-content\/uploads\/2026\/05\/IF5NJV6LFZFI7EJTSUEWFLHFOA-S6AxUb.jpg","contentUrl":"https:\/\/impactocastex.com.ar\/wp-content\/uploads\/2026\/05\/IF5NJV6LFZFI7EJTSUEWFLHFOA-S6AxUb.jpg","width":960,"height":540},{"@type":"BreadcrumbList","@id":"https:\/\/impactocastex.com.ar\/?p=16916#breadcrumb","itemListElement":[{"@type":"ListItem","position":1,"name":"Portada","item":"https:\/\/impactocastex.com.ar\/"},{"@type":"ListItem","position":2,"name":"Carlos Tevez no se olvid\u00f3 de Boca: su anhelo de ser DT o presidente y su an\u00e9cdota con Mauricio Macri"}]},{"@type":"WebSite","@id":"https:\/\/impactocastex.com.ar\/#website","url":"https:\/\/impactocastex.com.ar\/","name":"Impacto Castex","description":"","publisher":{"@id":"https:\/\/impactocastex.com.ar\/#organization"},"potentialAction":[{"@type":"SearchAction","target":{"@type":"EntryPoint","urlTemplate":"https:\/\/impactocastex.com.ar\/?s={search_term_string}"},"query-input":{"@type":"PropertyValueSpecification","valueRequired":true,"valueName":"search_term_string"}}],"inLanguage":"es"},{"@type":"Organization","@id":"https:\/\/impactocastex.com.ar\/#organization","name":"Impacto Castex","url":"https:\/\/impactocastex.com.ar\/","logo":{"@type":"ImageObject","inLanguage":"es","@id":"https:\/\/impactocastex.com.ar\/#\/schema\/logo\/image\/","url":"https:\/\/impactocastex.com.ar\/wp-content\/uploads\/2025\/09\/cropped-icoweb.png","contentUrl":"https:\/\/impactocastex.com.ar\/wp-content\/uploads\/2025\/09\/cropped-icoweb.png","width":512,"height":512,"caption":"Impacto Castex"},"image":{"@id":"https:\/\/impactocastex.com.ar\/#\/schema\/logo\/image\/"},"sameAs":["https:\/\/www.facebook.com\/impactocastexdiario","https:\/\/www.instagram.com\/impactocastex.com.ar\/"]},{"@type":"Person","@id":"https:\/\/impactocastex.com.ar\/#\/schema\/person\/86cb4f827fb5f87869a239b98a69c6e3","name":"impactocastex","image":{"@type":"ImageObject","inLanguage":"es","@id":"https:\/\/secure.gravatar.com\/avatar\/9a87ee051ca8c77f5d4070843ce2c78cdf95b858b950fb039151de955122f5f5?s=96&d=mm&r=g","url":"https:\/\/secure.gravatar.com\/avatar\/9a87ee051ca8c77f5d4070843ce2c78cdf95b858b950fb039151de955122f5f5?s=96&d=mm&r=g","contentUrl":"https:\/\/secure.gravatar.com\/avatar\/9a87ee051ca8c77f5d4070843ce2c78cdf95b858b950fb039151de955122f5f5?s=96&d=mm&r=g","caption":"impactocastex"},"sameAs":["https:\/\/impactocastex.com.ar"],"url":"https:\/\/impactocastex.com.ar\/?author=1"}]}},"jetpack_publicize_connections":[],"featured_image_urls":{"full":["https:\/\/impactocastex.com.ar\/wp-content\/uploads\/2026\/05\/IF5NJV6LFZFI7EJTSUEWFLHFOA-S6AxUb.jpg",960,540,false],"thumbnail":["https:\/\/impactocastex.com.ar\/wp-content\/uploads\/2026\/05\/IF5NJV6LFZFI7EJTSUEWFLHFOA-S6AxUb-150x150.jpg",150,150,true],"medium":["https:\/\/impactocastex.com.ar\/wp-content\/uploads\/2026\/05\/IF5NJV6LFZFI7EJTSUEWFLHFOA-S6AxUb-300x169.jpg",300,169,true],"medium_large":["https:\/\/impactocastex.com.ar\/wp-content\/uploads\/2026\/05\/IF5NJV6LFZFI7EJTSUEWFLHFOA-S6AxUb-768x432.jpg",640,360,true],"large":["https:\/\/impactocastex.com.ar\/wp-content\/uploads\/2026\/05\/IF5NJV6LFZFI7EJTSUEWFLHFOA-S6AxUb.jpg",640,360,false],"1536x1536":["https:\/\/impactocastex.com.ar\/wp-content\/uploads\/2026\/05\/IF5NJV6LFZFI7EJTSUEWFLHFOA-S6AxUb.jpg",960,540,false],"2048x2048":["https:\/\/impactocastex.com.ar\/wp-content\/uploads\/2026\/05\/IF5NJV6LFZFI7EJTSUEWFLHFOA-S6AxUb.jpg",960,540,false],"newsever-slider-full":["https:\/\/impactocastex.com.ar\/wp-content\/uploads\/2026\/05\/IF5NJV6LFZFI7EJTSUEWFLHFOA-S6AxUb.jpg",960,540,false],"newsever-featured":["https:\/\/impactocastex.com.ar\/wp-content\/uploads\/2026\/05\/IF5NJV6LFZFI7EJTSUEWFLHFOA-S6AxUb.jpg",960,540,false],"newsever-medium":["https:\/\/impactocastex.com.ar\/wp-content\/uploads\/2026\/05\/IF5NJV6LFZFI7EJTSUEWFLHFOA-S6AxUb-720x475.jpg",720,475,true]},"author_info":{"info":["impactocastex"]},"category_info":"<a href=\"https:\/\/impactocastex.com.ar\/?cat=89\" rel=\"category\">NACIONALES<\/a>","tag_info":"NACIONALES","comment_count":0,"jetpack_featured_media_url":"https:\/\/impactocastex.com.ar\/wp-content\/uploads\/2026\/05\/IF5NJV6LFZFI7EJTSUEWFLHFOA-S6AxUb.jpg","jetpack_sharing_enabled":true,"jetpack_likes_enabled":true,"jetpack_shortlink":"https:\/\/wp.me\/p7sopA-4oQ","_links":{"self":[{"href":"https:\/\/impactocastex.com.ar\/index.php?rest_route=\/wp\/v2\/posts\/16916","targetHints":{"allow":["GET"]}}],"collection":[{"href":"https:\/\/impactocastex.com.ar\/index.php?rest_route=\/wp\/v2\/posts"}],"about":[{"href":"https:\/\/impactocastex.com.ar\/index.php?rest_route=\/wp\/v2\/types\/post"}],"author":[{"embeddable":true,"href":"https:\/\/impactocastex.com.ar\/index.php?rest_route=\/wp\/v2\/users\/1"}],"replies":[{"embeddable":true,"href":"https:\/\/impactocastex.com.ar\/index.php?rest_route=%2Fwp%2Fv2%2Fcomments&post=16916"}],"version-history":[{"count":0,"href":"https:\/\/impactocastex.com.ar\/index.php?rest_route=\/wp\/v2\/posts\/16916\/revisions"}],"wp:featuredmedia":[{"embeddable":true,"href":"https:\/\/impactocastex.com.ar\/index.php?rest_route=\/wp\/v2\/media\/16917"}],"wp:attachment":[{"href":"https:\/\/impactocastex.com.ar\/index.php?rest_route=%2Fwp%2Fv2%2Fmedia&parent=16916"}],"wp:term":[{"taxonomy":"category","embeddable":true,"href":"https:\/\/impactocastex.com.ar\/index.php?rest_route=%2Fwp%2Fv2%2Fcategories&post=16916"},{"taxonomy":"post_tag","embeddable":true,"href":"https:\/\/impactocastex.com.ar\/index.php?rest_route=%2Fwp%2Fv2%2Ftags&post=16916"}],"curies":[{"name":"wp","href":"https:\/\/api.w.org\/{rel}","templated":true}]}}