{"id":16913,"date":"2026-05-01T00:10:00","date_gmt":"2026-05-01T03:10:00","guid":{"rendered":"https:\/\/impactocastex.com.ar\/?p=16913"},"modified":"2026-05-01T00:10:00","modified_gmt":"2026-05-01T03:10:00","slug":"la-agenda-de-la-tv-del-viernes-vuelve-la-formula-1-futbol-de-europa-y-las-semifinales-del-tenis-en-madrid","status":"publish","type":"post","link":"https:\/\/impactocastex.com.ar\/?p=16913","title":{"rendered":"La agenda de la TV del viernes: vuelve la F\u00f3rmula 1, f\u00fatbol de Europa y las semifinales del tenis en Madrid"},"content":{"rendered":"<p>La siguiente es la programaci\u00f3n de la televisaci\u00f3n de los acontecimientos deportivos del viernes 1\u00b0 de mayo de 2026.<\/p>\n<h1>F\u00daTBOL<\/h1>\n<h2>Serie A<\/h2>\n<ul>\n<li>15:30 Pisa vs. Lecce. Disney+<\/li>\n<\/ul>\n<h2>Ligue 1<\/h2>\n<ul>\n<li>15:30 Nantes vs. Olympique de Marsella. Disney+<\/li>\n<\/ul>\n<h2>Premier League<\/h2>\n<ul>\n<li>15:50 Leeds vs. Burnley. Disney+<\/li>\n<\/ul>\n<h2>Liga de Espa\u00f1a<\/h2>\n<ul>\n<li>16 Girona vs. Mallorca. DSports 2<\/li>\n<\/ul>\n<p><img loading=\"lazy\" decoding=\"async\" src=\"https:\/\/resizer.glanacion.com\/resizer\/v2\/QPFNYN6KRZF73PPMLSL7IOV34Y.jpg?auth=c11a59856264208e5f0fab8b19aa9908696d6699f14b6f5479b8047e6f310822&amp;smart=true&amp;width=2000&amp;height=1333\" alt=\"Mart\u00edn Demichelis, entrenador de Mallorca \" height=\"1333\" width=\"2000\" \/><\/p>\n<h1>AUTOMOVILISMO<\/h1>\n<h2>F\u00f3rmula 1<\/h2>\n<ul>\n<li>13:25 Pr\u00e1ctica 1 del Gran Premio de Miami. Fox Sports y Disney+<\/li>\n<li>17:25 Clasificaci\u00f3n sprint del Gran Premio de Miami. Fox Sports y Disney+<\/li>\n<\/ul>\n<h1>TENIS<\/h1>\n<h2>El ATP Masters 1000 de Madrid<\/h2>\n<ul>\n<li>11 La primera semifinal masculina, con Jannik Sinner vs. Arhut Fils. ESPN 2 y Disney+<\/li>\n<li>15 La segunda semifinal masculina, con Alexander Zverev vs. Alexander Blockx. ESPN 2 y Disney+<\/li>\n<\/ul>\n<p><img loading=\"lazy\" decoding=\"async\" src=\"https:\/\/resizer.glanacion.com\/resizer\/v2\/4D3HCORBBBGARHRISSASL3DVOI.jpg?auth=f033ee017d63e3316b24203a1ae5d496f4192cd70cf7ff6912d72c4919c96815&amp;smart=true&amp;width=3746&amp;height=2497\" alt=\"Jannik Sinner busca ser finalista en el Abierto de Madrid \" height=\"2497\" width=\"3746\" \/><\/p>\n<h1>RUGBY<\/h1>\n<h2>Super Rugby Am\u00e9ricas<\/h2>\n<ul>\n<li>17 Capibaras XV vs. Pampas. ESPN 3<\/li>\n<li>20 Yacar\u00e9 XV vs. Cobras. ESPN 3<\/li>\n<\/ul>\n<h1>GOLF<\/h1>\n<ul>\n<li>16 Cadillac Championship. La segunda vuelta. ESPN 4<\/li>\n<\/ul>\n<p><img loading=\"lazy\" decoding=\"async\" src=\"https:\/\/resizer.glanacion.com\/resizer\/v2\/HPICX3UD6VBBVOIPBJJMOXAQX4.JPG?auth=c3a470641cb57548f73f12bdaffc30d7a4cf644af8fdb78e1ea62877a9b4667e&amp;smart=true&amp;width=4031&amp;height=2687\" alt=\"Jordan Spieth, uno de los protagonistas del Cadillac Championship \" height=\"2687\" width=\"4031\" \/><\/p>\n<h1>TURF<\/h1>\n<ul>\n<li>18 Gran Premio Rep\u00fablica. Fox Sports 3<\/li>\n<\/ul>\n<h1>B\u00c1SQUETBOL<\/h1>\n<h2>Los playoffs de la Euroliga<\/h2>\n<ul>\n<li>15:45 Real Madrid vs. Hapoel Tel Aviv. Juego 2. DSports (1615)<\/li>\n<\/ul>\n<p>\u200bLa actividad deportiva en el fin de la semana, disponible a trav\u00e9s de las pantallas\u00a0\u00a0<\/p>","protected":false},"excerpt":{"rendered":"<p>La siguiente es la programaci\u00f3n de la televisaci\u00f3n de los acontecimientos deportivos del viernes 1\u00b0&#8230;<\/p>\n","protected":false},"author":1,"featured_media":16914,"comment_status":"closed","ping_status":"closed","sticky":false,"template":"","format":"standard","meta":{"_jetpack_memberships_contains_paid_content":false,"footnotes":"","jetpack_publicize_message":"","jetpack_publicize_feature_enabled":true,"jetpack_social_post_already_shared":true,"jetpack_social_options":{"image_generator_settings":{"template":"highway","default_image_id":0,"font":"","enabled":false},"version":2}},"categories":[89],"tags":[],"class_list":["post-16913","post","type-post","status-publish","format-standard","has-post-thumbnail","hentry","category-nacionales"],"yoast_head":"<!-- This site is optimized with the Yoast SEO plugin v27.4 - https:\/\/yoast.com\/product\/yoast-seo-wordpress\/ -->\n<title>La agenda de la TV del viernes: vuelve la F\u00f3rmula 1, f\u00fatbol de Europa y las semifinales del tenis en Madrid -<\/title>\n<meta name=\"robots\" content=\"index, follow, max-snippet:-1, max-image-preview:large, max-video-preview:-1\" \/>\n<link rel=\"canonical\" href=\"https:\/\/impactocastex.com.ar\/?p=16913\" \/>\n<meta property=\"og:locale\" content=\"es_ES\" \/>\n<meta property=\"og:type\" content=\"article\" \/>\n<meta property=\"og:title\" content=\"La agenda de la TV del viernes: vuelve la F\u00f3rmula 1, f\u00fatbol de Europa y las semifinales del tenis en Madrid -\" \/>\n<meta property=\"og:description\" content=\"La siguiente es la programaci\u00f3n de la televisaci\u00f3n de los acontecimientos deportivos del viernes 1\u00b0...\" \/>\n<meta property=\"og:url\" content=\"https:\/\/impactocastex.com.ar\/?p=16913\" \/>\n<meta property=\"article:publisher\" content=\"https:\/\/www.facebook.com\/impactocastexdiario\" \/>\n<meta property=\"article:published_time\" content=\"2026-05-01T03:10:00+00:00\" \/>\n<meta property=\"og:image\" content=\"https:\/\/resizer.glanacion.com\/resizer\/v2\/QPFNYN6KRZF73PPMLSL7IOV34Y.jpg?auth=c11a59856264208e5f0fab8b19aa9908696d6699f14b6f5479b8047e6f310822&amp;smart=true&amp;width=2000&amp;height=1333\" \/>\n<meta name=\"author\" content=\"impactocastex\" \/>\n<meta name=\"twitter:card\" content=\"summary_large_image\" \/>\n<meta name=\"twitter:label1\" content=\"Escrito por\" \/>\n\t<meta name=\"twitter:data1\" content=\"impactocastex\" \/>\n\t<meta name=\"twitter:label2\" content=\"Tiempo de lectura\" \/>\n\t<meta name=\"twitter:data2\" content=\"1 minuto\" \/>\n<script type=\"application\/ld+json\" class=\"yoast-schema-graph\">{\"@context\":\"https:\\\/\\\/schema.org\",\"@graph\":[{\"@type\":\"Article\",\"@id\":\"https:\\\/\\\/impactocastex.com.ar\\\/?p=16913#article\",\"isPartOf\":{\"@id\":\"https:\\\/\\\/impactocastex.com.ar\\\/?p=16913\"},\"author\":{\"name\":\"impactocastex\",\"@id\":\"https:\\\/\\\/impactocastex.com.ar\\\/#\\\/schema\\\/person\\\/86cb4f827fb5f87869a239b98a69c6e3\"},\"headline\":\"La agenda de la TV del viernes: vuelve la F\u00f3rmula 1, f\u00fatbol de Europa y las semifinales del tenis en Madrid\",\"datePublished\":\"2026-05-01T03:10:00+00:00\",\"mainEntityOfPage\":{\"@id\":\"https:\\\/\\\/impactocastex.com.ar\\\/?p=16913\"},\"wordCount\":188,\"publisher\":{\"@id\":\"https:\\\/\\\/impactocastex.com.ar\\\/#organization\"},\"image\":{\"@id\":\"https:\\\/\\\/impactocastex.com.ar\\\/?p=16913#primaryimage\"},\"thumbnailUrl\":\"https:\\\/\\\/impactocastex.com.ar\\\/wp-content\\\/uploads\\\/2026\\\/05\\\/VPR3PQJSDFCY3NRTLCISA3THCM-3AAb5X-scaled.jpg\",\"articleSection\":[\"NACIONALES\"],\"inLanguage\":\"es\"},{\"@type\":\"WebPage\",\"@id\":\"https:\\\/\\\/impactocastex.com.ar\\\/?p=16913\",\"url\":\"https:\\\/\\\/impactocastex.com.ar\\\/?p=16913\",\"name\":\"La agenda de la TV del viernes: vuelve la F\u00f3rmula 1, f\u00fatbol de Europa y las semifinales del tenis en Madrid -\",\"isPartOf\":{\"@id\":\"https:\\\/\\\/impactocastex.com.ar\\\/#website\"},\"primaryImageOfPage\":{\"@id\":\"https:\\\/\\\/impactocastex.com.ar\\\/?p=16913#primaryimage\"},\"image\":{\"@id\":\"https:\\\/\\\/impactocastex.com.ar\\\/?p=16913#primaryimage\"},\"thumbnailUrl\":\"https:\\\/\\\/impactocastex.com.ar\\\/wp-content\\\/uploads\\\/2026\\\/05\\\/VPR3PQJSDFCY3NRTLCISA3THCM-3AAb5X-scaled.jpg\",\"datePublished\":\"2026-05-01T03:10:00+00:00\",\"breadcrumb\":{\"@id\":\"https:\\\/\\\/impactocastex.com.ar\\\/?p=16913#breadcrumb\"},\"inLanguage\":\"es\",\"potentialAction\":[{\"@type\":\"ReadAction\",\"target\":[\"https:\\\/\\\/impactocastex.com.ar\\\/?p=16913\"]}]},{\"@type\":\"ImageObject\",\"inLanguage\":\"es\",\"@id\":\"https:\\\/\\\/impactocastex.com.ar\\\/?p=16913#primaryimage\",\"url\":\"https:\\\/\\\/impactocastex.com.ar\\\/wp-content\\\/uploads\\\/2026\\\/05\\\/VPR3PQJSDFCY3NRTLCISA3THCM-3AAb5X-scaled.jpg\",\"contentUrl\":\"https:\\\/\\\/impactocastex.com.ar\\\/wp-content\\\/uploads\\\/2026\\\/05\\\/VPR3PQJSDFCY3NRTLCISA3THCM-3AAb5X-scaled.jpg\",\"width\":2560,\"height\":1707},{\"@type\":\"BreadcrumbList\",\"@id\":\"https:\\\/\\\/impactocastex.com.ar\\\/?p=16913#breadcrumb\",\"itemListElement\":[{\"@type\":\"ListItem\",\"position\":1,\"name\":\"Portada\",\"item\":\"https:\\\/\\\/impactocastex.com.ar\\\/\"},{\"@type\":\"ListItem\",\"position\":2,\"name\":\"La agenda de la TV del viernes: vuelve la F\u00f3rmula 1, f\u00fatbol de Europa y las semifinales del tenis en Madrid\"}]},{\"@type\":\"WebSite\",\"@id\":\"https:\\\/\\\/impactocastex.com.ar\\\/#website\",\"url\":\"https:\\\/\\\/impactocastex.com.ar\\\/\",\"name\":\"Impacto Castex\",\"description\":\"\",\"publisher\":{\"@id\":\"https:\\\/\\\/impactocastex.com.ar\\\/#organization\"},\"potentialAction\":[{\"@type\":\"SearchAction\",\"target\":{\"@type\":\"EntryPoint\",\"urlTemplate\":\"https:\\\/\\\/impactocastex.com.ar\\\/?s={search_term_string}\"},\"query-input\":{\"@type\":\"PropertyValueSpecification\",\"valueRequired\":true,\"valueName\":\"search_term_string\"}}],\"inLanguage\":\"es\"},{\"@type\":\"Organization\",\"@id\":\"https:\\\/\\\/impactocastex.com.ar\\\/#organization\",\"name\":\"Impacto Castex\",\"url\":\"https:\\\/\\\/impactocastex.com.ar\\\/\",\"logo\":{\"@type\":\"ImageObject\",\"inLanguage\":\"es\",\"@id\":\"https:\\\/\\\/impactocastex.com.ar\\\/#\\\/schema\\\/logo\\\/image\\\/\",\"url\":\"https:\\\/\\\/impactocastex.com.ar\\\/wp-content\\\/uploads\\\/2025\\\/09\\\/cropped-icoweb.png\",\"contentUrl\":\"https:\\\/\\\/impactocastex.com.ar\\\/wp-content\\\/uploads\\\/2025\\\/09\\\/cropped-icoweb.png\",\"width\":512,\"height\":512,\"caption\":\"Impacto Castex\"},\"image\":{\"@id\":\"https:\\\/\\\/impactocastex.com.ar\\\/#\\\/schema\\\/logo\\\/image\\\/\"},\"sameAs\":[\"https:\\\/\\\/www.facebook.com\\\/impactocastexdiario\",\"https:\\\/\\\/www.instagram.com\\\/impactocastex.com.ar\\\/\"]},{\"@type\":\"Person\",\"@id\":\"https:\\\/\\\/impactocastex.com.ar\\\/#\\\/schema\\\/person\\\/86cb4f827fb5f87869a239b98a69c6e3\",\"name\":\"impactocastex\",\"image\":{\"@type\":\"ImageObject\",\"inLanguage\":\"es\",\"@id\":\"https:\\\/\\\/secure.gravatar.com\\\/avatar\\\/9a87ee051ca8c77f5d4070843ce2c78cdf95b858b950fb039151de955122f5f5?s=96&d=mm&r=g\",\"url\":\"https:\\\/\\\/secure.gravatar.com\\\/avatar\\\/9a87ee051ca8c77f5d4070843ce2c78cdf95b858b950fb039151de955122f5f5?s=96&d=mm&r=g\",\"contentUrl\":\"https:\\\/\\\/secure.gravatar.com\\\/avatar\\\/9a87ee051ca8c77f5d4070843ce2c78cdf95b858b950fb039151de955122f5f5?s=96&d=mm&r=g\",\"caption\":\"impactocastex\"},\"sameAs\":[\"https:\\\/\\\/impactocastex.com.ar\"],\"url\":\"https:\\\/\\\/impactocastex.com.ar\\\/?author=1\"}]}<\/script>\n<!-- \/ Yoast SEO plugin. -->","yoast_head_json":{"title":"La agenda de la TV del viernes: vuelve la F\u00f3rmula 1, f\u00fatbol de Europa y las semifinales del tenis en Madrid -","robots":{"index":"index","follow":"follow","max-snippet":"max-snippet:-1","max-image-preview":"max-image-preview:large","max-video-preview":"max-video-preview:-1"},"canonical":"https:\/\/impactocastex.com.ar\/?p=16913","og_locale":"es_ES","og_type":"article","og_title":"La agenda de la TV del viernes: vuelve la F\u00f3rmula 1, f\u00fatbol de Europa y las semifinales del tenis en Madrid -","og_description":"La siguiente es la programaci\u00f3n de la televisaci\u00f3n de los acontecimientos deportivos del viernes 1\u00b0...","og_url":"https:\/\/impactocastex.com.ar\/?p=16913","article_publisher":"https:\/\/www.facebook.com\/impactocastexdiario","article_published_time":"2026-05-01T03:10:00+00:00","og_image":[{"url":"https:\/\/resizer.glanacion.com\/resizer\/v2\/QPFNYN6KRZF73PPMLSL7IOV34Y.jpg?auth=c11a59856264208e5f0fab8b19aa9908696d6699f14b6f5479b8047e6f310822&amp;smart=true&amp;width=2000&amp;height=1333","type":"","width":"","height":""}],"author":"impactocastex","twitter_card":"summary_large_image","twitter_misc":{"Escrito por":"impactocastex","Tiempo de lectura":"1 minuto"},"schema":{"@context":"https:\/\/schema.org","@graph":[{"@type":"Article","@id":"https:\/\/impactocastex.com.ar\/?p=16913#article","isPartOf":{"@id":"https:\/\/impactocastex.com.ar\/?p=16913"},"author":{"name":"impactocastex","@id":"https:\/\/impactocastex.com.ar\/#\/schema\/person\/86cb4f827fb5f87869a239b98a69c6e3"},"headline":"La agenda de la TV del viernes: vuelve la F\u00f3rmula 1, f\u00fatbol de Europa y las semifinales del tenis en Madrid","datePublished":"2026-05-01T03:10:00+00:00","mainEntityOfPage":{"@id":"https:\/\/impactocastex.com.ar\/?p=16913"},"wordCount":188,"publisher":{"@id":"https:\/\/impactocastex.com.ar\/#organization"},"image":{"@id":"https:\/\/impactocastex.com.ar\/?p=16913#primaryimage"},"thumbnailUrl":"https:\/\/impactocastex.com.ar\/wp-content\/uploads\/2026\/05\/VPR3PQJSDFCY3NRTLCISA3THCM-3AAb5X-scaled.jpg","articleSection":["NACIONALES"],"inLanguage":"es"},{"@type":"WebPage","@id":"https:\/\/impactocastex.com.ar\/?p=16913","url":"https:\/\/impactocastex.com.ar\/?p=16913","name":"La agenda de la TV del viernes: vuelve la F\u00f3rmula 1, f\u00fatbol de Europa y las semifinales del tenis en Madrid -","isPartOf":{"@id":"https:\/\/impactocastex.com.ar\/#website"},"primaryImageOfPage":{"@id":"https:\/\/impactocastex.com.ar\/?p=16913#primaryimage"},"image":{"@id":"https:\/\/impactocastex.com.ar\/?p=16913#primaryimage"},"thumbnailUrl":"https:\/\/impactocastex.com.ar\/wp-content\/uploads\/2026\/05\/VPR3PQJSDFCY3NRTLCISA3THCM-3AAb5X-scaled.jpg","datePublished":"2026-05-01T03:10:00+00:00","breadcrumb":{"@id":"https:\/\/impactocastex.com.ar\/?p=16913#breadcrumb"},"inLanguage":"es","potentialAction":[{"@type":"ReadAction","target":["https:\/\/impactocastex.com.ar\/?p=16913"]}]},{"@type":"ImageObject","inLanguage":"es","@id":"https:\/\/impactocastex.com.ar\/?p=16913#primaryimage","url":"https:\/\/impactocastex.com.ar\/wp-content\/uploads\/2026\/05\/VPR3PQJSDFCY3NRTLCISA3THCM-3AAb5X-scaled.jpg","contentUrl":"https:\/\/impactocastex.com.ar\/wp-content\/uploads\/2026\/05\/VPR3PQJSDFCY3NRTLCISA3THCM-3AAb5X-scaled.jpg","width":2560,"height":1707},{"@type":"BreadcrumbList","@id":"https:\/\/impactocastex.com.ar\/?p=16913#breadcrumb","itemListElement":[{"@type":"ListItem","position":1,"name":"Portada","item":"https:\/\/impactocastex.com.ar\/"},{"@type":"ListItem","position":2,"name":"La agenda de la TV del viernes: vuelve la F\u00f3rmula 1, f\u00fatbol de Europa y las semifinales del tenis en Madrid"}]},{"@type":"WebSite","@id":"https:\/\/impactocastex.com.ar\/#website","url":"https:\/\/impactocastex.com.ar\/","name":"Impacto Castex","description":"","publisher":{"@id":"https:\/\/impactocastex.com.ar\/#organization"},"potentialAction":[{"@type":"SearchAction","target":{"@type":"EntryPoint","urlTemplate":"https:\/\/impactocastex.com.ar\/?s={search_term_string}"},"query-input":{"@type":"PropertyValueSpecification","valueRequired":true,"valueName":"search_term_string"}}],"inLanguage":"es"},{"@type":"Organization","@id":"https:\/\/impactocastex.com.ar\/#organization","name":"Impacto Castex","url":"https:\/\/impactocastex.com.ar\/","logo":{"@type":"ImageObject","inLanguage":"es","@id":"https:\/\/impactocastex.com.ar\/#\/schema\/logo\/image\/","url":"https:\/\/impactocastex.com.ar\/wp-content\/uploads\/2025\/09\/cropped-icoweb.png","contentUrl":"https:\/\/impactocastex.com.ar\/wp-content\/uploads\/2025\/09\/cropped-icoweb.png","width":512,"height":512,"caption":"Impacto Castex"},"image":{"@id":"https:\/\/impactocastex.com.ar\/#\/schema\/logo\/image\/"},"sameAs":["https:\/\/www.facebook.com\/impactocastexdiario","https:\/\/www.instagram.com\/impactocastex.com.ar\/"]},{"@type":"Person","@id":"https:\/\/impactocastex.com.ar\/#\/schema\/person\/86cb4f827fb5f87869a239b98a69c6e3","name":"impactocastex","image":{"@type":"ImageObject","inLanguage":"es","@id":"https:\/\/secure.gravatar.com\/avatar\/9a87ee051ca8c77f5d4070843ce2c78cdf95b858b950fb039151de955122f5f5?s=96&d=mm&r=g","url":"https:\/\/secure.gravatar.com\/avatar\/9a87ee051ca8c77f5d4070843ce2c78cdf95b858b950fb039151de955122f5f5?s=96&d=mm&r=g","contentUrl":"https:\/\/secure.gravatar.com\/avatar\/9a87ee051ca8c77f5d4070843ce2c78cdf95b858b950fb039151de955122f5f5?s=96&d=mm&r=g","caption":"impactocastex"},"sameAs":["https:\/\/impactocastex.com.ar"],"url":"https:\/\/impactocastex.com.ar\/?author=1"}]}},"jetpack_publicize_connections":[],"featured_image_urls":{"full":["https:\/\/impactocastex.com.ar\/wp-content\/uploads\/2026\/05\/VPR3PQJSDFCY3NRTLCISA3THCM-3AAb5X-scaled.jpg",2560,1707,false],"thumbnail":["https:\/\/impactocastex.com.ar\/wp-content\/uploads\/2026\/05\/VPR3PQJSDFCY3NRTLCISA3THCM-3AAb5X-150x150.jpg",150,150,true],"medium":["https:\/\/impactocastex.com.ar\/wp-content\/uploads\/2026\/05\/VPR3PQJSDFCY3NRTLCISA3THCM-3AAb5X-300x200.jpg",300,200,true],"medium_large":["https:\/\/impactocastex.com.ar\/wp-content\/uploads\/2026\/05\/VPR3PQJSDFCY3NRTLCISA3THCM-3AAb5X-768x512.jpg",640,427,true],"large":["https:\/\/impactocastex.com.ar\/wp-content\/uploads\/2026\/05\/VPR3PQJSDFCY3NRTLCISA3THCM-3AAb5X-1024x683.jpg",640,427,true],"1536x1536":["https:\/\/impactocastex.com.ar\/wp-content\/uploads\/2026\/05\/VPR3PQJSDFCY3NRTLCISA3THCM-3AAb5X-1536x1024.jpg",1536,1024,true],"2048x2048":["https:\/\/impactocastex.com.ar\/wp-content\/uploads\/2026\/05\/VPR3PQJSDFCY3NRTLCISA3THCM-3AAb5X-2048x1366.jpg",2048,1366,true],"newsever-slider-full":["https:\/\/impactocastex.com.ar\/wp-content\/uploads\/2026\/05\/VPR3PQJSDFCY3NRTLCISA3THCM-3AAb5X-1280x845.jpg",1280,845,true],"newsever-featured":["https:\/\/impactocastex.com.ar\/wp-content\/uploads\/2026\/05\/VPR3PQJSDFCY3NRTLCISA3THCM-3AAb5X-1024x683.jpg",1024,683,true],"newsever-medium":["https:\/\/impactocastex.com.ar\/wp-content\/uploads\/2026\/05\/VPR3PQJSDFCY3NRTLCISA3THCM-3AAb5X-720x475.jpg",720,475,true]},"author_info":{"info":["impactocastex"]},"category_info":"<a href=\"https:\/\/impactocastex.com.ar\/?cat=89\" rel=\"category\">NACIONALES<\/a>","tag_info":"NACIONALES","comment_count":0,"jetpack_featured_media_url":"https:\/\/impactocastex.com.ar\/wp-content\/uploads\/2026\/05\/VPR3PQJSDFCY3NRTLCISA3THCM-3AAb5X-scaled.jpg","jetpack_sharing_enabled":true,"jetpack_likes_enabled":true,"jetpack_shortlink":"https:\/\/wp.me\/p7sopA-4oN","_links":{"self":[{"href":"https:\/\/impactocastex.com.ar\/index.php?rest_route=\/wp\/v2\/posts\/16913","targetHints":{"allow":["GET"]}}],"collection":[{"href":"https:\/\/impactocastex.com.ar\/index.php?rest_route=\/wp\/v2\/posts"}],"about":[{"href":"https:\/\/impactocastex.com.ar\/index.php?rest_route=\/wp\/v2\/types\/post"}],"author":[{"embeddable":true,"href":"https:\/\/impactocastex.com.ar\/index.php?rest_route=\/wp\/v2\/users\/1"}],"replies":[{"embeddable":true,"href":"https:\/\/impactocastex.com.ar\/index.php?rest_route=%2Fwp%2Fv2%2Fcomments&post=16913"}],"version-history":[{"count":0,"href":"https:\/\/impactocastex.com.ar\/index.php?rest_route=\/wp\/v2\/posts\/16913\/revisions"}],"wp:featuredmedia":[{"embeddable":true,"href":"https:\/\/impactocastex.com.ar\/index.php?rest_route=\/wp\/v2\/media\/16914"}],"wp:attachment":[{"href":"https:\/\/impactocastex.com.ar\/index.php?rest_route=%2Fwp%2Fv2%2Fmedia&parent=16913"}],"wp:term":[{"taxonomy":"category","embeddable":true,"href":"https:\/\/impactocastex.com.ar\/index.php?rest_route=%2Fwp%2Fv2%2Fcategories&post=16913"},{"taxonomy":"post_tag","embeddable":true,"href":"https:\/\/impactocastex.com.ar\/index.php?rest_route=%2Fwp%2Fv2%2Ftags&post=16913"}],"curies":[{"name":"wp","href":"https:\/\/api.w.org\/{rel}","templated":true}]}}