{"id":16911,"date":"2026-04-30T20:31:06","date_gmt":"2026-04-30T23:31:06","guid":{"rendered":"https:\/\/impactocastex.com.ar\/?p=16911"},"modified":"2026-04-30T20:31:06","modified_gmt":"2026-04-30T23:31:06","slug":"luis-caputo-se-reunio-con-maxima-zorreguieta-de-visita-a-en-la-argentina-para-participar-del-foro-llao-llao","status":"publish","type":"post","link":"https:\/\/impactocastex.com.ar\/?p=16911","title":{"rendered":"Luis Caputo se reuni\u00f3 con M\u00e1xima Zorreguieta, de visita a en la Argentina para participar del Foro Llao Llao"},"content":{"rendered":"<div><img decoding=\"async\" src=\"https:\/\/www.clarin.com\/img\/2026\/04\/30\/INRN80ZtD_2000x1500__1.jpg\" class=\"ff-og-image-inserted\" \/><\/div>\n<div>\n<p>En medio de su participaci\u00f3n en el Foro Llao Llao,<strong> Luis Caputo<\/strong> <strong>se reuni\u00f3 con la reina M\u00e1xima de Pa\u00edses Bajos<\/strong>, quien <a href=\"https:\/\/www.clarin.com\/economia\/maxima-zorreguieta-invitada-especial-foro-llao-llao-bariloche_0_2mpWkAOW9n.html\" target=\"_blank\" title=\"asisti\u00f3 como invitada especia\">asisti\u00f3 como invitada especia<\/a>l a la und\u00e9cima edici\u00f3n del evento econ\u00f3mico que cada a\u00f1o se lleva adelante en la ciudad rionegrina de <strong>Bariloche<\/strong>.<\/p>\n<\/div>\n<div>\n<p>El encuentro qued\u00f3 plasmado en <strong>una foto que el ministro comparti\u00f3 en sus redes sociales<\/strong>, donde cont\u00f3 que fue \u201cun placer charlar con la reina M\u00e1xima sobre econom\u00eda e inclusi\u00f3n financiera\u201d.<\/p>\n<\/div>\n<div>\n<p><strong>\u201cNunca deja de sorprenderme su nivel de conocimiento y su pasi\u00f3n por mejorar el bienestar de las personas\u201d,<\/strong> agreg\u00f3 en alusi\u00f3n a Zorreguieta.<\/p>\n<\/div>\n<div>\n<p>La monarca fue convocada al ya tradicional foro en su condici\u00f3n de defensora especial del <strong>secretaria General de las Naciones Unidas para la Salud Financiera <\/strong>(UNSGSA).<\/p>\n<\/div>\n<div>\n<p>Seg\u00fan lo inform\u00f3 el sitio web oficial de la<strong> Casa Real holandesa<\/strong>, estaba previsto que el mi\u00e9rcoles mantuviera<strong> varias conversaciones bilaterales <\/strong>con altos representantes de bancos, el sector fintech y agr\u00edcola, empresas y plataformas tecnol\u00f3gicas de locales y del resto de Sudam\u00e9rica.<\/p>\n<\/div>\n<div>\n<blockquote class=\"twitter-tweet\">\n<p lang=\"es\" dir=\"ltr\">Un placer charlar con la reina M\u00e1xima sobre econom\u00eda e inclusi\u00f3n financiera. Nunca deja de sorprenderme su nivel de conocimiento y su pasi\u00f3n por mejorar el bienestar de las personas. <a href=\"https:\/\/twitter.com\/koninklijkhuis?ref_src=twsrc%5Etfw\">@koninklijkhuis<\/a> <a href=\"https:\/\/t.co\/R8UQRwDRuy\">pic.twitter.com\/R8UQRwDRuy<\/a><\/p>\n<p>\u2014 totocaputo (@LuisCaputoAR) <a href=\"https:\/\/twitter.com\/LuisCaputoAR\/status\/2049967170969383215?ref_src=twsrc%5Etfw\">April 30, 2026<\/a><\/p><\/blockquote>\n<\/div>\n<div>\n<p>\u201cAbordar\u00e1 con ellos <strong>el papel que pueden desempe\u00f1ar para mejorar la salud financiera de los hogares<\/strong>\u201d, dice el texto, que explica que la convocatoria \u201cse centra en las oportunidades de desarrollo econ\u00f3mico para Argentina y la regi\u00f3n.<\/p>\n<\/div>\n<div>\n<p>De acuerdo con el cronograma previsto, la reina M\u00e1xima particip\u00f3 este jueves en <strong>una charla informal sobre salud financiera<\/strong>, en la que estar\u00eda acompa\u00f1ada por el presidente del consejo de administraci\u00f3n de La An\u00f3nima, una de las cadenas de supermercados m\u00e1s grandes del pa\u00eds,<strong> Federico Braun<\/strong>. El empresario, adem\u00e1s, es el cofundador del Foro Llao Llao.<\/p>\n<\/div>\n<div>\n<p>Durante la jornada, indicaba la agenda, se abordar\u00edan temas alusivos a la <strong>\u201cresiliencia financiera de los hogares, que puede fortalecerse mediante el ahorro y los seguros<\/strong>, los pr\u00e9stamos accesibles que permiten invertir en un futuro mejor y el papel que pueden desempe\u00f1ar los empleadores en la salud financiera de sus empleados\u201d. <\/p>\n<\/div>\n<div>\n<blockquote class=\"twitter-tweet\">\n<p lang=\"nl\" dir=\"ltr\">Het jaarlijkse Llao Llao Forum in Bariloche gaat over economische ontwikkelingskansen voor Argentini\u00eb en de regio. Koningin M\u00e1xima spreekt daar als <a href=\"https:\/\/twitter.com\/UNSGSA?ref_src=twsrc%5Etfw\">@UNSGSA<\/a> over financi\u00eble gezondheid en hoe onder meer werkgevers hier een bijdrage aan kunnen leveren.<a href=\"https:\/\/t.co\/xQWo0h6QNf\">https:\/\/t.co\/xQWo0h6QNf<\/a> <a href=\"https:\/\/t.co\/HARqIPpaPj\">pic.twitter.com\/HARqIPpaPj<\/a><\/p>\n<p>\u2014 Koninklijk Huis (@koninklijkhuis) <a href=\"https:\/\/twitter.com\/koninklijkhuis\/status\/2049935575679901983?ref_src=twsrc%5Etfw\">April 30, 2026<\/a><\/p><\/blockquote>\n<\/div>\n<div>\n<p>Entre los participantes del foro estuvieron la venezolana<strong> Adriana Cisneros<\/strong>, directora ejecutiva del conglomerado de medios Grupo Cisneros; el chileno Andr\u00f3nico Luksic, presidente del Grupo Qui\u00f1enco (con activos en banca, energ\u00eda, miner\u00eda e industria); y Manfred Paulmann, miembro de la familia fundadora de la chilena Cencosud.<\/p>\n<\/div>\n<div>\n<p>El evento <strong>naci\u00f3 en 2011<\/strong>, luego de que Bariloche quedara devastada por las cenizas del volc\u00e1n Puyehue y el hotel Llao Llao permanec\u00eda cerrado. En aquel entonces, <strong>Eduardo Elsztain <\/strong>decidi\u00f3 reabrirlo y reunir all\u00ed a empresarios y emprendedores<strong> \u00abpara conversar y establecer puentes con la nueva guardia\u00bb.<\/strong><\/p>\n<\/div>\n<div>\n<p>All\u00ed confluyeron los hijos de los due\u00f1os de varias de las principales empresas, como Karina Roman, los Otero Monsegur, los Eurnekian, los hermanos Bag\u00f3 o las hermanas Andreani. Y as\u00ed surgi\u00f3 el Foro Llao Llao con cita cada a\u00f1o en la ciudad patag\u00f3nica \u00aby con la caracter\u00edstica de la confidencialidad que atraviesa cada charla o encuentro de debate\u00bb.<\/p>\n<\/div>\n<p><strong><a href=\"https:\/\/blockads.fivefilters.org\/\">Adblock test<\/a><\/strong> <a href=\"https:\/\/blockads.fivefilters.org\/acceptable.html\">(Why?)<\/a><\/p>\n<p>\u200b\u00a0\u00a0\u200b<\/p>","protected":false},"excerpt":{"rendered":"<p>En medio de su participaci\u00f3n en el Foro Llao Llao, Luis Caputo se reuni\u00f3 con&#8230;<\/p>\n","protected":false},"author":1,"featured_media":16912,"comment_status":"closed","ping_status":"closed","sticky":false,"template":"","format":"standard","meta":{"_jetpack_memberships_contains_paid_content":false,"footnotes":"","jetpack_publicize_message":"","jetpack_publicize_feature_enabled":true,"jetpack_social_post_already_shared":true,"jetpack_social_options":{"image_generator_settings":{"template":"highway","default_image_id":0,"font":"","enabled":false},"version":2}},"categories":[122],"tags":[],"class_list":["post-16911","post","type-post","status-publish","format-standard","has-post-thumbnail","hentry","category-politica"],"yoast_head":"<!-- This site is optimized with the Yoast SEO plugin v27.4 - https:\/\/yoast.com\/product\/yoast-seo-wordpress\/ -->\n<title>Luis Caputo se reuni\u00f3 con M\u00e1xima Zorreguieta, de visita a en la Argentina para participar del Foro Llao Llao -<\/title>\n<meta name=\"robots\" content=\"index, follow, max-snippet:-1, max-image-preview:large, max-video-preview:-1\" \/>\n<link rel=\"canonical\" href=\"https:\/\/impactocastex.com.ar\/?p=16911\" \/>\n<meta property=\"og:locale\" content=\"es_ES\" \/>\n<meta property=\"og:type\" content=\"article\" \/>\n<meta property=\"og:title\" content=\"Luis Caputo se reuni\u00f3 con M\u00e1xima Zorreguieta, de visita a en la Argentina para participar del Foro Llao Llao -\" \/>\n<meta property=\"og:description\" content=\"En medio de su participaci\u00f3n en el Foro Llao Llao, Luis Caputo se reuni\u00f3 con...\" \/>\n<meta property=\"og:url\" content=\"https:\/\/impactocastex.com.ar\/?p=16911\" \/>\n<meta property=\"article:publisher\" content=\"https:\/\/www.facebook.com\/impactocastexdiario\" \/>\n<meta property=\"article:published_time\" content=\"2026-04-30T23:31:06+00:00\" \/>\n<meta property=\"og:image\" content=\"https:\/\/www.clarin.com\/img\/2026\/04\/30\/INRN80ZtD_2000x1500__1.jpg\" \/>\n<meta name=\"author\" content=\"impactocastex\" \/>\n<meta name=\"twitter:card\" content=\"summary_large_image\" \/>\n<meta name=\"twitter:label1\" content=\"Escrito por\" \/>\n\t<meta name=\"twitter:data1\" content=\"impactocastex\" \/>\n\t<meta name=\"twitter:label2\" content=\"Tiempo de lectura\" \/>\n\t<meta name=\"twitter:data2\" content=\"3 minutos\" \/>\n<script type=\"application\/ld+json\" class=\"yoast-schema-graph\">{\"@context\":\"https:\\\/\\\/schema.org\",\"@graph\":[{\"@type\":\"Article\",\"@id\":\"https:\\\/\\\/impactocastex.com.ar\\\/?p=16911#article\",\"isPartOf\":{\"@id\":\"https:\\\/\\\/impactocastex.com.ar\\\/?p=16911\"},\"author\":{\"name\":\"impactocastex\",\"@id\":\"https:\\\/\\\/impactocastex.com.ar\\\/#\\\/schema\\\/person\\\/86cb4f827fb5f87869a239b98a69c6e3\"},\"headline\":\"Luis Caputo se reuni\u00f3 con M\u00e1xima Zorreguieta, de visita a en la Argentina para participar del Foro Llao Llao\",\"datePublished\":\"2026-04-30T23:31:06+00:00\",\"mainEntityOfPage\":{\"@id\":\"https:\\\/\\\/impactocastex.com.ar\\\/?p=16911\"},\"wordCount\":621,\"publisher\":{\"@id\":\"https:\\\/\\\/impactocastex.com.ar\\\/#organization\"},\"image\":{\"@id\":\"https:\\\/\\\/impactocastex.com.ar\\\/?p=16911#primaryimage\"},\"thumbnailUrl\":\"https:\\\/\\\/impactocastex.com.ar\\\/wp-content\\\/uploads\\\/2026\\\/04\\\/INRN80ZtD_1200x630__1-oqqjP5.jpg\",\"articleSection\":[\"POLITICA\"],\"inLanguage\":\"es\"},{\"@type\":\"WebPage\",\"@id\":\"https:\\\/\\\/impactocastex.com.ar\\\/?p=16911\",\"url\":\"https:\\\/\\\/impactocastex.com.ar\\\/?p=16911\",\"name\":\"Luis Caputo se reuni\u00f3 con M\u00e1xima Zorreguieta, de visita a en la Argentina para participar del Foro Llao Llao -\",\"isPartOf\":{\"@id\":\"https:\\\/\\\/impactocastex.com.ar\\\/#website\"},\"primaryImageOfPage\":{\"@id\":\"https:\\\/\\\/impactocastex.com.ar\\\/?p=16911#primaryimage\"},\"image\":{\"@id\":\"https:\\\/\\\/impactocastex.com.ar\\\/?p=16911#primaryimage\"},\"thumbnailUrl\":\"https:\\\/\\\/impactocastex.com.ar\\\/wp-content\\\/uploads\\\/2026\\\/04\\\/INRN80ZtD_1200x630__1-oqqjP5.jpg\",\"datePublished\":\"2026-04-30T23:31:06+00:00\",\"breadcrumb\":{\"@id\":\"https:\\\/\\\/impactocastex.com.ar\\\/?p=16911#breadcrumb\"},\"inLanguage\":\"es\",\"potentialAction\":[{\"@type\":\"ReadAction\",\"target\":[\"https:\\\/\\\/impactocastex.com.ar\\\/?p=16911\"]}]},{\"@type\":\"ImageObject\",\"inLanguage\":\"es\",\"@id\":\"https:\\\/\\\/impactocastex.com.ar\\\/?p=16911#primaryimage\",\"url\":\"https:\\\/\\\/impactocastex.com.ar\\\/wp-content\\\/uploads\\\/2026\\\/04\\\/INRN80ZtD_1200x630__1-oqqjP5.jpg\",\"contentUrl\":\"https:\\\/\\\/impactocastex.com.ar\\\/wp-content\\\/uploads\\\/2026\\\/04\\\/INRN80ZtD_1200x630__1-oqqjP5.jpg\",\"width\":1200,\"height\":630},{\"@type\":\"BreadcrumbList\",\"@id\":\"https:\\\/\\\/impactocastex.com.ar\\\/?p=16911#breadcrumb\",\"itemListElement\":[{\"@type\":\"ListItem\",\"position\":1,\"name\":\"Portada\",\"item\":\"https:\\\/\\\/impactocastex.com.ar\\\/\"},{\"@type\":\"ListItem\",\"position\":2,\"name\":\"Luis Caputo se reuni\u00f3 con M\u00e1xima Zorreguieta, de visita a en la Argentina para participar del Foro Llao Llao\"}]},{\"@type\":\"WebSite\",\"@id\":\"https:\\\/\\\/impactocastex.com.ar\\\/#website\",\"url\":\"https:\\\/\\\/impactocastex.com.ar\\\/\",\"name\":\"Impacto Castex\",\"description\":\"\",\"publisher\":{\"@id\":\"https:\\\/\\\/impactocastex.com.ar\\\/#organization\"},\"potentialAction\":[{\"@type\":\"SearchAction\",\"target\":{\"@type\":\"EntryPoint\",\"urlTemplate\":\"https:\\\/\\\/impactocastex.com.ar\\\/?s={search_term_string}\"},\"query-input\":{\"@type\":\"PropertyValueSpecification\",\"valueRequired\":true,\"valueName\":\"search_term_string\"}}],\"inLanguage\":\"es\"},{\"@type\":\"Organization\",\"@id\":\"https:\\\/\\\/impactocastex.com.ar\\\/#organization\",\"name\":\"Impacto Castex\",\"url\":\"https:\\\/\\\/impactocastex.com.ar\\\/\",\"logo\":{\"@type\":\"ImageObject\",\"inLanguage\":\"es\",\"@id\":\"https:\\\/\\\/impactocastex.com.ar\\\/#\\\/schema\\\/logo\\\/image\\\/\",\"url\":\"https:\\\/\\\/impactocastex.com.ar\\\/wp-content\\\/uploads\\\/2025\\\/09\\\/cropped-icoweb.png\",\"contentUrl\":\"https:\\\/\\\/impactocastex.com.ar\\\/wp-content\\\/uploads\\\/2025\\\/09\\\/cropped-icoweb.png\",\"width\":512,\"height\":512,\"caption\":\"Impacto Castex\"},\"image\":{\"@id\":\"https:\\\/\\\/impactocastex.com.ar\\\/#\\\/schema\\\/logo\\\/image\\\/\"},\"sameAs\":[\"https:\\\/\\\/www.facebook.com\\\/impactocastexdiario\",\"https:\\\/\\\/www.instagram.com\\\/impactocastex.com.ar\\\/\"]},{\"@type\":\"Person\",\"@id\":\"https:\\\/\\\/impactocastex.com.ar\\\/#\\\/schema\\\/person\\\/86cb4f827fb5f87869a239b98a69c6e3\",\"name\":\"impactocastex\",\"image\":{\"@type\":\"ImageObject\",\"inLanguage\":\"es\",\"@id\":\"https:\\\/\\\/secure.gravatar.com\\\/avatar\\\/9a87ee051ca8c77f5d4070843ce2c78cdf95b858b950fb039151de955122f5f5?s=96&d=mm&r=g\",\"url\":\"https:\\\/\\\/secure.gravatar.com\\\/avatar\\\/9a87ee051ca8c77f5d4070843ce2c78cdf95b858b950fb039151de955122f5f5?s=96&d=mm&r=g\",\"contentUrl\":\"https:\\\/\\\/secure.gravatar.com\\\/avatar\\\/9a87ee051ca8c77f5d4070843ce2c78cdf95b858b950fb039151de955122f5f5?s=96&d=mm&r=g\",\"caption\":\"impactocastex\"},\"sameAs\":[\"https:\\\/\\\/impactocastex.com.ar\"],\"url\":\"https:\\\/\\\/impactocastex.com.ar\\\/?author=1\"}]}<\/script>\n<!-- \/ Yoast SEO plugin. -->","yoast_head_json":{"title":"Luis Caputo se reuni\u00f3 con M\u00e1xima Zorreguieta, de visita a en la Argentina para participar del Foro Llao Llao -","robots":{"index":"index","follow":"follow","max-snippet":"max-snippet:-1","max-image-preview":"max-image-preview:large","max-video-preview":"max-video-preview:-1"},"canonical":"https:\/\/impactocastex.com.ar\/?p=16911","og_locale":"es_ES","og_type":"article","og_title":"Luis Caputo se reuni\u00f3 con M\u00e1xima Zorreguieta, de visita a en la Argentina para participar del Foro Llao Llao -","og_description":"En medio de su participaci\u00f3n en el Foro Llao Llao, Luis Caputo se reuni\u00f3 con...","og_url":"https:\/\/impactocastex.com.ar\/?p=16911","article_publisher":"https:\/\/www.facebook.com\/impactocastexdiario","article_published_time":"2026-04-30T23:31:06+00:00","og_image":[{"url":"https:\/\/www.clarin.com\/img\/2026\/04\/30\/INRN80ZtD_2000x1500__1.jpg","type":"","width":"","height":""}],"author":"impactocastex","twitter_card":"summary_large_image","twitter_misc":{"Escrito por":"impactocastex","Tiempo de lectura":"3 minutos"},"schema":{"@context":"https:\/\/schema.org","@graph":[{"@type":"Article","@id":"https:\/\/impactocastex.com.ar\/?p=16911#article","isPartOf":{"@id":"https:\/\/impactocastex.com.ar\/?p=16911"},"author":{"name":"impactocastex","@id":"https:\/\/impactocastex.com.ar\/#\/schema\/person\/86cb4f827fb5f87869a239b98a69c6e3"},"headline":"Luis Caputo se reuni\u00f3 con M\u00e1xima Zorreguieta, de visita a en la Argentina para participar del Foro Llao Llao","datePublished":"2026-04-30T23:31:06+00:00","mainEntityOfPage":{"@id":"https:\/\/impactocastex.com.ar\/?p=16911"},"wordCount":621,"publisher":{"@id":"https:\/\/impactocastex.com.ar\/#organization"},"image":{"@id":"https:\/\/impactocastex.com.ar\/?p=16911#primaryimage"},"thumbnailUrl":"https:\/\/impactocastex.com.ar\/wp-content\/uploads\/2026\/04\/INRN80ZtD_1200x630__1-oqqjP5.jpg","articleSection":["POLITICA"],"inLanguage":"es"},{"@type":"WebPage","@id":"https:\/\/impactocastex.com.ar\/?p=16911","url":"https:\/\/impactocastex.com.ar\/?p=16911","name":"Luis Caputo se reuni\u00f3 con M\u00e1xima Zorreguieta, de visita a en la Argentina para participar del Foro Llao Llao -","isPartOf":{"@id":"https:\/\/impactocastex.com.ar\/#website"},"primaryImageOfPage":{"@id":"https:\/\/impactocastex.com.ar\/?p=16911#primaryimage"},"image":{"@id":"https:\/\/impactocastex.com.ar\/?p=16911#primaryimage"},"thumbnailUrl":"https:\/\/impactocastex.com.ar\/wp-content\/uploads\/2026\/04\/INRN80ZtD_1200x630__1-oqqjP5.jpg","datePublished":"2026-04-30T23:31:06+00:00","breadcrumb":{"@id":"https:\/\/impactocastex.com.ar\/?p=16911#breadcrumb"},"inLanguage":"es","potentialAction":[{"@type":"ReadAction","target":["https:\/\/impactocastex.com.ar\/?p=16911"]}]},{"@type":"ImageObject","inLanguage":"es","@id":"https:\/\/impactocastex.com.ar\/?p=16911#primaryimage","url":"https:\/\/impactocastex.com.ar\/wp-content\/uploads\/2026\/04\/INRN80ZtD_1200x630__1-oqqjP5.jpg","contentUrl":"https:\/\/impactocastex.com.ar\/wp-content\/uploads\/2026\/04\/INRN80ZtD_1200x630__1-oqqjP5.jpg","width":1200,"height":630},{"@type":"BreadcrumbList","@id":"https:\/\/impactocastex.com.ar\/?p=16911#breadcrumb","itemListElement":[{"@type":"ListItem","position":1,"name":"Portada","item":"https:\/\/impactocastex.com.ar\/"},{"@type":"ListItem","position":2,"name":"Luis Caputo se reuni\u00f3 con M\u00e1xima Zorreguieta, de visita a en la Argentina para participar del Foro Llao Llao"}]},{"@type":"WebSite","@id":"https:\/\/impactocastex.com.ar\/#website","url":"https:\/\/impactocastex.com.ar\/","name":"Impacto Castex","description":"","publisher":{"@id":"https:\/\/impactocastex.com.ar\/#organization"},"potentialAction":[{"@type":"SearchAction","target":{"@type":"EntryPoint","urlTemplate":"https:\/\/impactocastex.com.ar\/?s={search_term_string}"},"query-input":{"@type":"PropertyValueSpecification","valueRequired":true,"valueName":"search_term_string"}}],"inLanguage":"es"},{"@type":"Organization","@id":"https:\/\/impactocastex.com.ar\/#organization","name":"Impacto Castex","url":"https:\/\/impactocastex.com.ar\/","logo":{"@type":"ImageObject","inLanguage":"es","@id":"https:\/\/impactocastex.com.ar\/#\/schema\/logo\/image\/","url":"https:\/\/impactocastex.com.ar\/wp-content\/uploads\/2025\/09\/cropped-icoweb.png","contentUrl":"https:\/\/impactocastex.com.ar\/wp-content\/uploads\/2025\/09\/cropped-icoweb.png","width":512,"height":512,"caption":"Impacto Castex"},"image":{"@id":"https:\/\/impactocastex.com.ar\/#\/schema\/logo\/image\/"},"sameAs":["https:\/\/www.facebook.com\/impactocastexdiario","https:\/\/www.instagram.com\/impactocastex.com.ar\/"]},{"@type":"Person","@id":"https:\/\/impactocastex.com.ar\/#\/schema\/person\/86cb4f827fb5f87869a239b98a69c6e3","name":"impactocastex","image":{"@type":"ImageObject","inLanguage":"es","@id":"https:\/\/secure.gravatar.com\/avatar\/9a87ee051ca8c77f5d4070843ce2c78cdf95b858b950fb039151de955122f5f5?s=96&d=mm&r=g","url":"https:\/\/secure.gravatar.com\/avatar\/9a87ee051ca8c77f5d4070843ce2c78cdf95b858b950fb039151de955122f5f5?s=96&d=mm&r=g","contentUrl":"https:\/\/secure.gravatar.com\/avatar\/9a87ee051ca8c77f5d4070843ce2c78cdf95b858b950fb039151de955122f5f5?s=96&d=mm&r=g","caption":"impactocastex"},"sameAs":["https:\/\/impactocastex.com.ar"],"url":"https:\/\/impactocastex.com.ar\/?author=1"}]}},"jetpack_publicize_connections":[],"featured_image_urls":{"full":["https:\/\/impactocastex.com.ar\/wp-content\/uploads\/2026\/04\/INRN80ZtD_1200x630__1-oqqjP5.jpg",1200,630,false],"thumbnail":["https:\/\/impactocastex.com.ar\/wp-content\/uploads\/2026\/04\/INRN80ZtD_1200x630__1-oqqjP5-150x150.jpg",150,150,true],"medium":["https:\/\/impactocastex.com.ar\/wp-content\/uploads\/2026\/04\/INRN80ZtD_1200x630__1-oqqjP5-300x158.jpg",300,158,true],"medium_large":["https:\/\/impactocastex.com.ar\/wp-content\/uploads\/2026\/04\/INRN80ZtD_1200x630__1-oqqjP5-768x403.jpg",640,336,true],"large":["https:\/\/impactocastex.com.ar\/wp-content\/uploads\/2026\/04\/INRN80ZtD_1200x630__1-oqqjP5-1024x538.jpg",640,336,true],"1536x1536":["https:\/\/impactocastex.com.ar\/wp-content\/uploads\/2026\/04\/INRN80ZtD_1200x630__1-oqqjP5.jpg",1200,630,false],"2048x2048":["https:\/\/impactocastex.com.ar\/wp-content\/uploads\/2026\/04\/INRN80ZtD_1200x630__1-oqqjP5.jpg",1200,630,false],"newsever-slider-full":["https:\/\/impactocastex.com.ar\/wp-content\/uploads\/2026\/04\/INRN80ZtD_1200x630__1-oqqjP5.jpg",1200,630,false],"newsever-featured":["https:\/\/impactocastex.com.ar\/wp-content\/uploads\/2026\/04\/INRN80ZtD_1200x630__1-oqqjP5-1024x538.jpg",1024,538,true],"newsever-medium":["https:\/\/impactocastex.com.ar\/wp-content\/uploads\/2026\/04\/INRN80ZtD_1200x630__1-oqqjP5-720x475.jpg",720,475,true]},"author_info":{"info":["impactocastex"]},"category_info":"<a href=\"https:\/\/impactocastex.com.ar\/?cat=122\" rel=\"category\">POLITICA<\/a>","tag_info":"POLITICA","comment_count":0,"jetpack_featured_media_url":"https:\/\/impactocastex.com.ar\/wp-content\/uploads\/2026\/04\/INRN80ZtD_1200x630__1-oqqjP5.jpg","jetpack_sharing_enabled":true,"jetpack_likes_enabled":true,"jetpack_shortlink":"https:\/\/wp.me\/p7sopA-4oL","_links":{"self":[{"href":"https:\/\/impactocastex.com.ar\/index.php?rest_route=\/wp\/v2\/posts\/16911","targetHints":{"allow":["GET"]}}],"collection":[{"href":"https:\/\/impactocastex.com.ar\/index.php?rest_route=\/wp\/v2\/posts"}],"about":[{"href":"https:\/\/impactocastex.com.ar\/index.php?rest_route=\/wp\/v2\/types\/post"}],"author":[{"embeddable":true,"href":"https:\/\/impactocastex.com.ar\/index.php?rest_route=\/wp\/v2\/users\/1"}],"replies":[{"embeddable":true,"href":"https:\/\/impactocastex.com.ar\/index.php?rest_route=%2Fwp%2Fv2%2Fcomments&post=16911"}],"version-history":[{"count":0,"href":"https:\/\/impactocastex.com.ar\/index.php?rest_route=\/wp\/v2\/posts\/16911\/revisions"}],"wp:featuredmedia":[{"embeddable":true,"href":"https:\/\/impactocastex.com.ar\/index.php?rest_route=\/wp\/v2\/media\/16912"}],"wp:attachment":[{"href":"https:\/\/impactocastex.com.ar\/index.php?rest_route=%2Fwp%2Fv2%2Fmedia&parent=16911"}],"wp:term":[{"taxonomy":"category","embeddable":true,"href":"https:\/\/impactocastex.com.ar\/index.php?rest_route=%2Fwp%2Fv2%2Fcategories&post=16911"},{"taxonomy":"post_tag","embeddable":true,"href":"https:\/\/impactocastex.com.ar\/index.php?rest_route=%2Fwp%2Fv2%2Ftags&post=16911"}],"curies":[{"name":"wp","href":"https:\/\/api.w.org\/{rel}","templated":true}]}}