{"id":16899,"date":"2026-04-30T17:40:11","date_gmt":"2026-04-30T20:40:11","guid":{"rendered":"https:\/\/impactocastex.com.ar\/?p=16899"},"modified":"2026-04-30T17:40:11","modified_gmt":"2026-04-30T20:40:11","slug":"el-candidato-del-gobierno-de-petro-encabeza-una-nueva-encuesta-a-un-mes-de-las-elecciones-presidenciales-en-colombia","status":"publish","type":"post","link":"https:\/\/impactocastex.com.ar\/?p=16899","title":{"rendered":"El candidato del gobierno de Petro encabeza una nueva encuesta a un mes de las elecciones presidenciales en Colombia"},"content":{"rendered":"<div><img decoding=\"async\" src=\"https:\/\/www.clarin.com\/img\/2026\/04\/30\/Nu_j2JChd_2000x1500__1.jpg\" class=\"ff-og-image-inserted\" \/><\/div>\n<div>\n<p>El senador Iv\u00e1n Cepeda, candidato presidencial de la izquierda gobernante en Colombia<strong>, marcha como favorito a un mes de las elecciones del 31 de mayo, <\/strong>seg\u00fan una encuesta publicada este jueves.<\/p>\n<\/div>\n<div>\n<p>El aliado del mandatario Gustavo Petro <strong>mantiene la delantera en las predicciones desde el inicio de la campa\u00f1a electoral,<\/strong> que transcurre en medio de graves alteraciones del orden p\u00fablico por el conflicto armado.<\/p>\n<\/div>\n<div>\n<p>Una encuesta de la firma Guarumo publicada por el peri\u00f3dico <strong>El Tiempo<\/strong> indica que Cepeda <strong>cuenta con el 38% de la intenci\u00f3n de voto<\/strong>, por delante del abogado de derecha Abelardo de la Espriella (23,9 %) y la senadora opositora Paloma Valencia (22,8 %).<\/p>\n<\/div>\n<div>\n<p>El fil\u00f3sofo y defensor de derechos humanos de 63 a\u00f1os tambi\u00e9n aparece como favorito en otras encuestas publicadas en las \u00faltimas semanas.<\/p>\n<\/div>\n<div>\n<p>La medici\u00f3n del jueves indica un empate t\u00e9cnico en un eventual balotaje con De la Espriella pero una derrota con Valencia, delf\u00edn del influyente exmandatario \u00c1lvaro Uribe (2002-2010).<\/p>\n<\/div>\n<div>\n<p>Si uno de los candidatos consigue m\u00e1s del 50 % de los votos en la primera vuelta, se convertir\u00eda en presidente electo.<\/p>\n<\/div>\n<div>\n<p>Despu\u00e9s de llegar por primera vez al poder en 2022 con Petro, la izquierda se enfrenta a una nueva prueba electoral en un pa\u00eds golpeado por el repunte de la violencia.<\/p>\n<\/div>\n<div>\n<p><strong>De la Espriella y Valencia son fuertes cr\u00edticos de la pol\u00edtica del presidente Petro <\/strong>de negociar la paz con todos los grupos armados ilegales, que a cuatro meses del fin de su mandato no avanza.<\/p>\n<\/div>\n<div>\n<p>Guerrillas y grupos de origen paramilitar desafiaron esa voluntad de paz y continuaron operando gracias a las rentas del narcotr\u00e1fico, la miner\u00eda ilegal y la extorsi\u00f3n.<\/p>\n<\/div>\n<div>\n<p>El fin de semana<strong> unos rebeldes mataron con explosivos a 21 civiles<\/strong>, el ataque m\u00e1s mortal contra la poblaci\u00f3n en d\u00e9cadas.<\/p>\n<\/div>\n<div>\n<p>De la Espriella y Valencia son cr\u00edticos de la llamada \u00abpaz total\u00bb de Petro y prometen mano dura contra el crimen si llegan a la presidencia. L<strong>a derecha defiende una pol\u00edtica de persecuci\u00f3n contra los grupos armados <\/strong>como la que aplic\u00f3 Uribe junto a Estados Unidos al llegar al poder a principios de siglo.<\/p>\n<\/div>\n<div>\n<p><strong>Cepeda, en tanto, apuesta por continuar las pol\u00edticas sociales de Petro<\/strong> que durante su gobierno orden\u00f3 un aumento r\u00e9cord del salario m\u00ednimo, ampli\u00f3 los derechos de los trabajadores, entre otras reformas progresistas.<\/p>\n<\/div>\n<p><strong><a href=\"https:\/\/blockads.fivefilters.org\/\">Adblock test<\/a><\/strong> <a href=\"https:\/\/blockads.fivefilters.org\/acceptable.html\">(Why?)<\/a><\/p>\n<p>\u200b\u00a0\u00a0<\/p>","protected":false},"excerpt":{"rendered":"<p>El senador Iv\u00e1n Cepeda, candidato presidencial de la izquierda gobernante en Colombia, marcha como favorito&#8230;<\/p>\n","protected":false},"author":1,"featured_media":16900,"comment_status":"closed","ping_status":"closed","sticky":false,"template":"","format":"standard","meta":{"_jetpack_memberships_contains_paid_content":false,"footnotes":"","jetpack_publicize_message":"","jetpack_publicize_feature_enabled":true,"jetpack_social_post_already_shared":true,"jetpack_social_options":{"image_generator_settings":{"template":"highway","default_image_id":0,"font":"","enabled":false},"version":2}},"categories":[91],"tags":[],"class_list":["post-16899","post","type-post","status-publish","format-standard","has-post-thumbnail","hentry","category-internacionales"],"yoast_head":"<!-- This site is optimized with the Yoast SEO plugin v27.4 - https:\/\/yoast.com\/product\/yoast-seo-wordpress\/ -->\n<title>El candidato del gobierno de Petro encabeza una nueva encuesta a un mes de las elecciones presidenciales en Colombia -<\/title>\n<meta name=\"robots\" content=\"index, follow, max-snippet:-1, max-image-preview:large, max-video-preview:-1\" \/>\n<link rel=\"canonical\" href=\"https:\/\/impactocastex.com.ar\/?p=16899\" \/>\n<meta property=\"og:locale\" content=\"es_ES\" \/>\n<meta property=\"og:type\" content=\"article\" \/>\n<meta property=\"og:title\" content=\"El candidato del gobierno de Petro encabeza una nueva encuesta a un mes de las elecciones presidenciales en Colombia -\" \/>\n<meta property=\"og:description\" content=\"El senador Iv\u00e1n Cepeda, candidato presidencial de la izquierda gobernante en Colombia, marcha como favorito...\" \/>\n<meta property=\"og:url\" content=\"https:\/\/impactocastex.com.ar\/?p=16899\" \/>\n<meta property=\"article:publisher\" content=\"https:\/\/www.facebook.com\/impactocastexdiario\" \/>\n<meta property=\"article:published_time\" content=\"2026-04-30T20:40:11+00:00\" \/>\n<meta property=\"og:image\" content=\"https:\/\/www.clarin.com\/img\/2026\/04\/30\/Nu_j2JChd_2000x1500__1.jpg\" \/>\n<meta name=\"author\" content=\"impactocastex\" \/>\n<meta name=\"twitter:card\" content=\"summary_large_image\" \/>\n<meta name=\"twitter:label1\" content=\"Escrito por\" \/>\n\t<meta name=\"twitter:data1\" content=\"impactocastex\" \/>\n\t<meta name=\"twitter:label2\" content=\"Tiempo de lectura\" \/>\n\t<meta name=\"twitter:data2\" content=\"2 minutos\" \/>\n<script type=\"application\/ld+json\" class=\"yoast-schema-graph\">{\"@context\":\"https:\\\/\\\/schema.org\",\"@graph\":[{\"@type\":\"Article\",\"@id\":\"https:\\\/\\\/impactocastex.com.ar\\\/?p=16899#article\",\"isPartOf\":{\"@id\":\"https:\\\/\\\/impactocastex.com.ar\\\/?p=16899\"},\"author\":{\"name\":\"impactocastex\",\"@id\":\"https:\\\/\\\/impactocastex.com.ar\\\/#\\\/schema\\\/person\\\/86cb4f827fb5f87869a239b98a69c6e3\"},\"headline\":\"El candidato del gobierno de Petro encabeza una nueva encuesta a un mes de las elecciones presidenciales en Colombia\",\"datePublished\":\"2026-04-30T20:40:11+00:00\",\"mainEntityOfPage\":{\"@id\":\"https:\\\/\\\/impactocastex.com.ar\\\/?p=16899\"},\"wordCount\":420,\"publisher\":{\"@id\":\"https:\\\/\\\/impactocastex.com.ar\\\/#organization\"},\"image\":{\"@id\":\"https:\\\/\\\/impactocastex.com.ar\\\/?p=16899#primaryimage\"},\"thumbnailUrl\":\"https:\\\/\\\/impactocastex.com.ar\\\/wp-content\\\/uploads\\\/2026\\\/04\\\/Nu_j2JChd_1200x630__1-6kptti.jpg\",\"articleSection\":[\"INTERNACIONALES\"],\"inLanguage\":\"es\"},{\"@type\":\"WebPage\",\"@id\":\"https:\\\/\\\/impactocastex.com.ar\\\/?p=16899\",\"url\":\"https:\\\/\\\/impactocastex.com.ar\\\/?p=16899\",\"name\":\"El candidato del gobierno de Petro encabeza una nueva encuesta a un mes de las elecciones presidenciales en Colombia -\",\"isPartOf\":{\"@id\":\"https:\\\/\\\/impactocastex.com.ar\\\/#website\"},\"primaryImageOfPage\":{\"@id\":\"https:\\\/\\\/impactocastex.com.ar\\\/?p=16899#primaryimage\"},\"image\":{\"@id\":\"https:\\\/\\\/impactocastex.com.ar\\\/?p=16899#primaryimage\"},\"thumbnailUrl\":\"https:\\\/\\\/impactocastex.com.ar\\\/wp-content\\\/uploads\\\/2026\\\/04\\\/Nu_j2JChd_1200x630__1-6kptti.jpg\",\"datePublished\":\"2026-04-30T20:40:11+00:00\",\"breadcrumb\":{\"@id\":\"https:\\\/\\\/impactocastex.com.ar\\\/?p=16899#breadcrumb\"},\"inLanguage\":\"es\",\"potentialAction\":[{\"@type\":\"ReadAction\",\"target\":[\"https:\\\/\\\/impactocastex.com.ar\\\/?p=16899\"]}]},{\"@type\":\"ImageObject\",\"inLanguage\":\"es\",\"@id\":\"https:\\\/\\\/impactocastex.com.ar\\\/?p=16899#primaryimage\",\"url\":\"https:\\\/\\\/impactocastex.com.ar\\\/wp-content\\\/uploads\\\/2026\\\/04\\\/Nu_j2JChd_1200x630__1-6kptti.jpg\",\"contentUrl\":\"https:\\\/\\\/impactocastex.com.ar\\\/wp-content\\\/uploads\\\/2026\\\/04\\\/Nu_j2JChd_1200x630__1-6kptti.jpg\",\"width\":1200,\"height\":630},{\"@type\":\"BreadcrumbList\",\"@id\":\"https:\\\/\\\/impactocastex.com.ar\\\/?p=16899#breadcrumb\",\"itemListElement\":[{\"@type\":\"ListItem\",\"position\":1,\"name\":\"Portada\",\"item\":\"https:\\\/\\\/impactocastex.com.ar\\\/\"},{\"@type\":\"ListItem\",\"position\":2,\"name\":\"El candidato del gobierno de Petro encabeza una nueva encuesta a un mes de las elecciones presidenciales en Colombia\"}]},{\"@type\":\"WebSite\",\"@id\":\"https:\\\/\\\/impactocastex.com.ar\\\/#website\",\"url\":\"https:\\\/\\\/impactocastex.com.ar\\\/\",\"name\":\"Impacto Castex\",\"description\":\"\",\"publisher\":{\"@id\":\"https:\\\/\\\/impactocastex.com.ar\\\/#organization\"},\"potentialAction\":[{\"@type\":\"SearchAction\",\"target\":{\"@type\":\"EntryPoint\",\"urlTemplate\":\"https:\\\/\\\/impactocastex.com.ar\\\/?s={search_term_string}\"},\"query-input\":{\"@type\":\"PropertyValueSpecification\",\"valueRequired\":true,\"valueName\":\"search_term_string\"}}],\"inLanguage\":\"es\"},{\"@type\":\"Organization\",\"@id\":\"https:\\\/\\\/impactocastex.com.ar\\\/#organization\",\"name\":\"Impacto Castex\",\"url\":\"https:\\\/\\\/impactocastex.com.ar\\\/\",\"logo\":{\"@type\":\"ImageObject\",\"inLanguage\":\"es\",\"@id\":\"https:\\\/\\\/impactocastex.com.ar\\\/#\\\/schema\\\/logo\\\/image\\\/\",\"url\":\"https:\\\/\\\/impactocastex.com.ar\\\/wp-content\\\/uploads\\\/2025\\\/09\\\/cropped-icoweb.png\",\"contentUrl\":\"https:\\\/\\\/impactocastex.com.ar\\\/wp-content\\\/uploads\\\/2025\\\/09\\\/cropped-icoweb.png\",\"width\":512,\"height\":512,\"caption\":\"Impacto Castex\"},\"image\":{\"@id\":\"https:\\\/\\\/impactocastex.com.ar\\\/#\\\/schema\\\/logo\\\/image\\\/\"},\"sameAs\":[\"https:\\\/\\\/www.facebook.com\\\/impactocastexdiario\",\"https:\\\/\\\/www.instagram.com\\\/impactocastex.com.ar\\\/\"]},{\"@type\":\"Person\",\"@id\":\"https:\\\/\\\/impactocastex.com.ar\\\/#\\\/schema\\\/person\\\/86cb4f827fb5f87869a239b98a69c6e3\",\"name\":\"impactocastex\",\"image\":{\"@type\":\"ImageObject\",\"inLanguage\":\"es\",\"@id\":\"https:\\\/\\\/secure.gravatar.com\\\/avatar\\\/9a87ee051ca8c77f5d4070843ce2c78cdf95b858b950fb039151de955122f5f5?s=96&d=mm&r=g\",\"url\":\"https:\\\/\\\/secure.gravatar.com\\\/avatar\\\/9a87ee051ca8c77f5d4070843ce2c78cdf95b858b950fb039151de955122f5f5?s=96&d=mm&r=g\",\"contentUrl\":\"https:\\\/\\\/secure.gravatar.com\\\/avatar\\\/9a87ee051ca8c77f5d4070843ce2c78cdf95b858b950fb039151de955122f5f5?s=96&d=mm&r=g\",\"caption\":\"impactocastex\"},\"sameAs\":[\"https:\\\/\\\/impactocastex.com.ar\"],\"url\":\"https:\\\/\\\/impactocastex.com.ar\\\/?author=1\"}]}<\/script>\n<!-- \/ Yoast SEO plugin. -->","yoast_head_json":{"title":"El candidato del gobierno de Petro encabeza una nueva encuesta a un mes de las elecciones presidenciales en Colombia -","robots":{"index":"index","follow":"follow","max-snippet":"max-snippet:-1","max-image-preview":"max-image-preview:large","max-video-preview":"max-video-preview:-1"},"canonical":"https:\/\/impactocastex.com.ar\/?p=16899","og_locale":"es_ES","og_type":"article","og_title":"El candidato del gobierno de Petro encabeza una nueva encuesta a un mes de las elecciones presidenciales en Colombia -","og_description":"El senador Iv\u00e1n Cepeda, candidato presidencial de la izquierda gobernante en Colombia, marcha como favorito...","og_url":"https:\/\/impactocastex.com.ar\/?p=16899","article_publisher":"https:\/\/www.facebook.com\/impactocastexdiario","article_published_time":"2026-04-30T20:40:11+00:00","og_image":[{"url":"https:\/\/www.clarin.com\/img\/2026\/04\/30\/Nu_j2JChd_2000x1500__1.jpg","type":"","width":"","height":""}],"author":"impactocastex","twitter_card":"summary_large_image","twitter_misc":{"Escrito por":"impactocastex","Tiempo de lectura":"2 minutos"},"schema":{"@context":"https:\/\/schema.org","@graph":[{"@type":"Article","@id":"https:\/\/impactocastex.com.ar\/?p=16899#article","isPartOf":{"@id":"https:\/\/impactocastex.com.ar\/?p=16899"},"author":{"name":"impactocastex","@id":"https:\/\/impactocastex.com.ar\/#\/schema\/person\/86cb4f827fb5f87869a239b98a69c6e3"},"headline":"El candidato del gobierno de Petro encabeza una nueva encuesta a un mes de las elecciones presidenciales en Colombia","datePublished":"2026-04-30T20:40:11+00:00","mainEntityOfPage":{"@id":"https:\/\/impactocastex.com.ar\/?p=16899"},"wordCount":420,"publisher":{"@id":"https:\/\/impactocastex.com.ar\/#organization"},"image":{"@id":"https:\/\/impactocastex.com.ar\/?p=16899#primaryimage"},"thumbnailUrl":"https:\/\/impactocastex.com.ar\/wp-content\/uploads\/2026\/04\/Nu_j2JChd_1200x630__1-6kptti.jpg","articleSection":["INTERNACIONALES"],"inLanguage":"es"},{"@type":"WebPage","@id":"https:\/\/impactocastex.com.ar\/?p=16899","url":"https:\/\/impactocastex.com.ar\/?p=16899","name":"El candidato del gobierno de Petro encabeza una nueva encuesta a un mes de las elecciones presidenciales en Colombia -","isPartOf":{"@id":"https:\/\/impactocastex.com.ar\/#website"},"primaryImageOfPage":{"@id":"https:\/\/impactocastex.com.ar\/?p=16899#primaryimage"},"image":{"@id":"https:\/\/impactocastex.com.ar\/?p=16899#primaryimage"},"thumbnailUrl":"https:\/\/impactocastex.com.ar\/wp-content\/uploads\/2026\/04\/Nu_j2JChd_1200x630__1-6kptti.jpg","datePublished":"2026-04-30T20:40:11+00:00","breadcrumb":{"@id":"https:\/\/impactocastex.com.ar\/?p=16899#breadcrumb"},"inLanguage":"es","potentialAction":[{"@type":"ReadAction","target":["https:\/\/impactocastex.com.ar\/?p=16899"]}]},{"@type":"ImageObject","inLanguage":"es","@id":"https:\/\/impactocastex.com.ar\/?p=16899#primaryimage","url":"https:\/\/impactocastex.com.ar\/wp-content\/uploads\/2026\/04\/Nu_j2JChd_1200x630__1-6kptti.jpg","contentUrl":"https:\/\/impactocastex.com.ar\/wp-content\/uploads\/2026\/04\/Nu_j2JChd_1200x630__1-6kptti.jpg","width":1200,"height":630},{"@type":"BreadcrumbList","@id":"https:\/\/impactocastex.com.ar\/?p=16899#breadcrumb","itemListElement":[{"@type":"ListItem","position":1,"name":"Portada","item":"https:\/\/impactocastex.com.ar\/"},{"@type":"ListItem","position":2,"name":"El candidato del gobierno de Petro encabeza una nueva encuesta a un mes de las elecciones presidenciales en Colombia"}]},{"@type":"WebSite","@id":"https:\/\/impactocastex.com.ar\/#website","url":"https:\/\/impactocastex.com.ar\/","name":"Impacto Castex","description":"","publisher":{"@id":"https:\/\/impactocastex.com.ar\/#organization"},"potentialAction":[{"@type":"SearchAction","target":{"@type":"EntryPoint","urlTemplate":"https:\/\/impactocastex.com.ar\/?s={search_term_string}"},"query-input":{"@type":"PropertyValueSpecification","valueRequired":true,"valueName":"search_term_string"}}],"inLanguage":"es"},{"@type":"Organization","@id":"https:\/\/impactocastex.com.ar\/#organization","name":"Impacto Castex","url":"https:\/\/impactocastex.com.ar\/","logo":{"@type":"ImageObject","inLanguage":"es","@id":"https:\/\/impactocastex.com.ar\/#\/schema\/logo\/image\/","url":"https:\/\/impactocastex.com.ar\/wp-content\/uploads\/2025\/09\/cropped-icoweb.png","contentUrl":"https:\/\/impactocastex.com.ar\/wp-content\/uploads\/2025\/09\/cropped-icoweb.png","width":512,"height":512,"caption":"Impacto Castex"},"image":{"@id":"https:\/\/impactocastex.com.ar\/#\/schema\/logo\/image\/"},"sameAs":["https:\/\/www.facebook.com\/impactocastexdiario","https:\/\/www.instagram.com\/impactocastex.com.ar\/"]},{"@type":"Person","@id":"https:\/\/impactocastex.com.ar\/#\/schema\/person\/86cb4f827fb5f87869a239b98a69c6e3","name":"impactocastex","image":{"@type":"ImageObject","inLanguage":"es","@id":"https:\/\/secure.gravatar.com\/avatar\/9a87ee051ca8c77f5d4070843ce2c78cdf95b858b950fb039151de955122f5f5?s=96&d=mm&r=g","url":"https:\/\/secure.gravatar.com\/avatar\/9a87ee051ca8c77f5d4070843ce2c78cdf95b858b950fb039151de955122f5f5?s=96&d=mm&r=g","contentUrl":"https:\/\/secure.gravatar.com\/avatar\/9a87ee051ca8c77f5d4070843ce2c78cdf95b858b950fb039151de955122f5f5?s=96&d=mm&r=g","caption":"impactocastex"},"sameAs":["https:\/\/impactocastex.com.ar"],"url":"https:\/\/impactocastex.com.ar\/?author=1"}]}},"jetpack_publicize_connections":[],"featured_image_urls":{"full":["https:\/\/impactocastex.com.ar\/wp-content\/uploads\/2026\/04\/Nu_j2JChd_1200x630__1-6kptti.jpg",1200,630,false],"thumbnail":["https:\/\/impactocastex.com.ar\/wp-content\/uploads\/2026\/04\/Nu_j2JChd_1200x630__1-6kptti-150x150.jpg",150,150,true],"medium":["https:\/\/impactocastex.com.ar\/wp-content\/uploads\/2026\/04\/Nu_j2JChd_1200x630__1-6kptti-300x158.jpg",300,158,true],"medium_large":["https:\/\/impactocastex.com.ar\/wp-content\/uploads\/2026\/04\/Nu_j2JChd_1200x630__1-6kptti-768x403.jpg",640,336,true],"large":["https:\/\/impactocastex.com.ar\/wp-content\/uploads\/2026\/04\/Nu_j2JChd_1200x630__1-6kptti-1024x538.jpg",640,336,true],"1536x1536":["https:\/\/impactocastex.com.ar\/wp-content\/uploads\/2026\/04\/Nu_j2JChd_1200x630__1-6kptti.jpg",1200,630,false],"2048x2048":["https:\/\/impactocastex.com.ar\/wp-content\/uploads\/2026\/04\/Nu_j2JChd_1200x630__1-6kptti.jpg",1200,630,false],"newsever-slider-full":["https:\/\/impactocastex.com.ar\/wp-content\/uploads\/2026\/04\/Nu_j2JChd_1200x630__1-6kptti.jpg",1200,630,false],"newsever-featured":["https:\/\/impactocastex.com.ar\/wp-content\/uploads\/2026\/04\/Nu_j2JChd_1200x630__1-6kptti-1024x538.jpg",1024,538,true],"newsever-medium":["https:\/\/impactocastex.com.ar\/wp-content\/uploads\/2026\/04\/Nu_j2JChd_1200x630__1-6kptti-720x475.jpg",720,475,true]},"author_info":{"info":["impactocastex"]},"category_info":"<a href=\"https:\/\/impactocastex.com.ar\/?cat=91\" rel=\"category\">INTERNACIONALES<\/a>","tag_info":"INTERNACIONALES","comment_count":0,"jetpack_featured_media_url":"https:\/\/impactocastex.com.ar\/wp-content\/uploads\/2026\/04\/Nu_j2JChd_1200x630__1-6kptti.jpg","jetpack_sharing_enabled":true,"jetpack_likes_enabled":true,"jetpack_shortlink":"https:\/\/wp.me\/p7sopA-4oz","_links":{"self":[{"href":"https:\/\/impactocastex.com.ar\/index.php?rest_route=\/wp\/v2\/posts\/16899","targetHints":{"allow":["GET"]}}],"collection":[{"href":"https:\/\/impactocastex.com.ar\/index.php?rest_route=\/wp\/v2\/posts"}],"about":[{"href":"https:\/\/impactocastex.com.ar\/index.php?rest_route=\/wp\/v2\/types\/post"}],"author":[{"embeddable":true,"href":"https:\/\/impactocastex.com.ar\/index.php?rest_route=\/wp\/v2\/users\/1"}],"replies":[{"embeddable":true,"href":"https:\/\/impactocastex.com.ar\/index.php?rest_route=%2Fwp%2Fv2%2Fcomments&post=16899"}],"version-history":[{"count":0,"href":"https:\/\/impactocastex.com.ar\/index.php?rest_route=\/wp\/v2\/posts\/16899\/revisions"}],"wp:featuredmedia":[{"embeddable":true,"href":"https:\/\/impactocastex.com.ar\/index.php?rest_route=\/wp\/v2\/media\/16900"}],"wp:attachment":[{"href":"https:\/\/impactocastex.com.ar\/index.php?rest_route=%2Fwp%2Fv2%2Fmedia&parent=16899"}],"wp:term":[{"taxonomy":"category","embeddable":true,"href":"https:\/\/impactocastex.com.ar\/index.php?rest_route=%2Fwp%2Fv2%2Fcategories&post=16899"},{"taxonomy":"post_tag","embeddable":true,"href":"https:\/\/impactocastex.com.ar\/index.php?rest_route=%2Fwp%2Fv2%2Ftags&post=16899"}],"curies":[{"name":"wp","href":"https:\/\/api.w.org\/{rel}","templated":true}]}}