{"id":16895,"date":"2026-04-30T18:18:39","date_gmt":"2026-04-30T21:18:39","guid":{"rendered":"https:\/\/impactocastex.com.ar\/?p=16895"},"modified":"2026-04-30T18:18:39","modified_gmt":"2026-04-30T21:18:39","slug":"una-nueva-moto-llega-a-la-argentina-y-busca-competir-en-el-segmento-mas-alto","status":"publish","type":"post","link":"https:\/\/impactocastex.com.ar\/?p=16895","title":{"rendered":"Una nueva moto llega a la Argentina y busca competir en el segmento m\u00e1s alto"},"content":{"rendered":"<p>En el <b>marco del <\/b><i><b>Travel Fest<\/b><\/i><b>,<\/b> uno de los encuentros m\u00e1s convocantes del mundo de las dos ruedas,<b> KTM Argentina present\u00f3 la nueva l\u00ednea 1390 Super Adventure, <\/b>una generaci\u00f3n que marca un salto evolutivo dentro del segmento <i>big trail<\/i>. <\/p>\n<p><a href=\"https:\/\/www.lanacion.com.ar\/economia\/negocios\/el-nino-con-el-coeficiente-intelectual-mas-alto-del-pais-sorprendio-en-management-2030-nid29042026\/\">El ni\u00f1o con el coeficiente intelectual m\u00e1s alto del pa\u00eds sorprendi\u00f3 con un pedido a Colapinto en Management 2030<\/a><\/p>\n<p>La nueva generaci\u00f3n de la familia Adventure de la marca llega con una evoluci\u00f3n: m\u00e1s eficiencia en la entrega de potencia, avances en los sistemas de asistencia al piloto y un salto en el confort general de manejo. <b>El objetivo es ofrecer una experiencia renovada tanto en ruta como en condiciones fuera del asfalto, <\/b>incluso en usos prolongados o exigentes.<\/p>\n<p>La l\u00ednea<b> est\u00e1 compuesta por tres modelos diferenciados, <\/b>cada uno con una propuesta espec\u00edfica dentro del universo<i> adventure<\/i>.<\/p>\n<p><img loading=\"lazy\" decoding=\"async\" src=\"https:\/\/resizer.glanacion.com\/resizer\/v2\/GNHVDCGRBRCD3JRVXGIA7Y7HFA.jpg?auth=5dc23c347fa73ecfabb0131fff031d4619bd1fd18b1a4c08575869f66eb9f9d9&amp;smart=true&amp;width=7400&amp;height=4936\" alt=\"Esta nueva l\u00ednea cuenta con tres modelos \" height=\"4936\" width=\"7400\" \/><\/p>\n<p>\u201c<b>La llegada de la nueva l\u00ednea 1390 representa un paso m\u00e1s en la evoluci\u00f3n de KTM dentro del segmento Adventure. <\/b>Es una propuesta que combina desarrollo global, tecnolog\u00eda de \u00faltima generaci\u00f3n y nuestro ADN <i>racer<\/i>, aplicada a una experiencia de manejo cada vez m\u00e1s completa y exigente\u201d, expres\u00f3 Leandro Panaggio, Business Manager de la divisi\u00f3n Rodados de Grupo Simpa. <\/p>\n<h1>Una gama para distintos perfiles<\/h1>\n<p><b>La KTM 1390 Super Adventure S se posiciona como la opci\u00f3n m\u00e1s orientada al uso en ruta, con un enfoque <\/b><i><b>sport touring<\/b><\/i><b>. <\/b>Combina confort y rendimiento gracias a una suspensi\u00f3n semi-activa que se adapta constantemente al terreno, garantizando estabilidad incluso a alta velocidad. <\/p>\n<p>Est\u00e1 pensada para un usuario experimentado que busca viajar sin resignar adrenalina, <b>apoyado en una configuraci\u00f3n de ruedas 19\/17 <\/b>que logra un equilibrio entre versatilidad y confort. No es una<i> touring<\/i> convencional, sino una interpretaci\u00f3n m\u00e1s radical del segmento.<\/p>\n<p><img loading=\"lazy\" decoding=\"async\" src=\"https:\/\/resizer.glanacion.com\/resizer\/v2\/55MBRNCF4FFQJFH7ECJS55KD4Q.jpg?auth=2e8fe43a43d2605e0ffa9042d5e7587f91a50a81feba3c0677c64780df34267c&amp;smart=true&amp;width=8192&amp;height=5464\" alt=\"KTM 1390 Super Adventure S\" height=\"5464\" width=\"8192\" \/><\/p>\n<p><b>Por encima se ubica la KTM 1390 Super Adventure S EVO,<\/b> que representa el m\u00e1ximo nivel tecnol\u00f3gico de la gama. Suma innovaciones como el sistema AMT y el Adaptive Cruise, elevando el nivel de asistencia y precisi\u00f3n en la conducci\u00f3n.<\/p>\n<p>Apunta a un usuario que<b> prioriza la tecnolog\u00eda y la comodidad en viajes largos, con un concepto de manejo m\u00e1s inteligente y asistido <\/b>frente al car\u00e1cter m\u00e1s purista de la versi\u00f3n S.<\/p>\n<p><img loading=\"lazy\" decoding=\"async\" src=\"https:\/\/resizer.glanacion.com\/resizer\/v2\/D4FTXOKGXRD75KH7ZHYRI3RU3A.jpg?auth=190481b0b01d54b3422a3b8fc9751a929f746031a7956e57063a6271e5ed52c0&amp;smart=true&amp;width=7919&amp;height=5282\" alt=\"KTM 1390 Super Adventure S EVO\" height=\"5282\" width=\"7919\" \/><\/p>\n<p><b>En el extremo opuesto aparece la KTM 1390 Super Adventure R, <\/b>dise\u00f1ada para el <i>off-road<\/i> m\u00e1s exigente. Con ruedas 21\/18, 240 mm de recorrido de suspensi\u00f3n y una geometr\u00eda claramente orientada al manejo fuera del asfalto, ofrece m\u00e1xima autonom\u00eda y control en terrenos complejos.<\/p>\n<p>Est\u00e1 dirigida a <i>riders<\/i> avanzados o expertos que buscan una experiencia sin concesiones en condiciones extremas.<\/p>\n<p><img loading=\"lazy\" decoding=\"async\" src=\"https:\/\/resizer.glanacion.com\/resizer\/v2\/HWBKOBQRZNFG3GM5SX5PVZB4TI.jpg?auth=8680cc20daf21d0f3c00acb0e15387a6589b2909ee92dbef5e243f8a65c428f2&amp;smart=true&amp;width=946&amp;height=622\" alt=\"KTM 1390 Super Adventure R\" height=\"622\" width=\"946\" \/><\/p>\n<p><b>Toda la nueva familia incorpora una garant\u00eda de cuatro a\u00f1os sin costo adicional, <\/b>en l\u00ednea con una pol\u00edtica que la marca viene extendiendo a distintos modelos de su portfolio como parte de la evoluci\u00f3n de sus productos.<\/p>\n<p>M\u00e1s all\u00e1 de las diferencias entre versiones,<b> la nueva gama Adventure est\u00e1 pensada para un usuario que prioriza la versatilidad.<\/b> Son motos desarrolladas para responder con solidez ante cambios de terreno y condiciones, manteniendo un alto nivel de rendimiento en cualquier escenario.<\/p>\n<p>Los precios de lanzamiento son los siguientes: <\/p>\n<ul>\n<li><b>1390 Super Adventure S:<\/b> $55.190.160<\/li>\n<li><b>1390 Super Adventure S EVO: <\/b>$59.734.260<\/li>\n<li><b>1390 Super Adventure R: <\/b>$57.503.520<\/li>\n<\/ul>\n<p>\u200bKTM Argentina present\u00f3 su nueva l\u00ednea 1390 Super Adventure con tres propuestas diferentes entre s\u00ed\u00a0\u00a0<\/p>","protected":false},"excerpt":{"rendered":"<p>En el marco del Travel Fest, uno de los encuentros m\u00e1s convocantes del mundo de&#8230;<\/p>\n","protected":false},"author":1,"featured_media":16896,"comment_status":"closed","ping_status":"closed","sticky":false,"template":"","format":"standard","meta":{"_jetpack_memberships_contains_paid_content":false,"footnotes":"","jetpack_publicize_message":"","jetpack_publicize_feature_enabled":true,"jetpack_social_post_already_shared":true,"jetpack_social_options":{"image_generator_settings":{"template":"highway","default_image_id":0,"font":"","enabled":false},"version":2}},"categories":[89],"tags":[],"class_list":["post-16895","post","type-post","status-publish","format-standard","has-post-thumbnail","hentry","category-nacionales"],"yoast_head":"<!-- This site is optimized with the Yoast SEO plugin v27.4 - https:\/\/yoast.com\/product\/yoast-seo-wordpress\/ -->\n<title>Una nueva moto llega a la Argentina y busca competir en el segmento m\u00e1s alto -<\/title>\n<meta name=\"robots\" content=\"index, follow, max-snippet:-1, max-image-preview:large, max-video-preview:-1\" \/>\n<link rel=\"canonical\" href=\"https:\/\/impactocastex.com.ar\/?p=16895\" \/>\n<meta property=\"og:locale\" content=\"es_ES\" \/>\n<meta property=\"og:type\" content=\"article\" \/>\n<meta property=\"og:title\" content=\"Una nueva moto llega a la Argentina y busca competir en el segmento m\u00e1s alto -\" \/>\n<meta property=\"og:description\" content=\"En el marco del Travel Fest, uno de los encuentros m\u00e1s convocantes del mundo de...\" \/>\n<meta property=\"og:url\" content=\"https:\/\/impactocastex.com.ar\/?p=16895\" \/>\n<meta property=\"article:publisher\" content=\"https:\/\/www.facebook.com\/impactocastexdiario\" \/>\n<meta property=\"article:published_time\" content=\"2026-04-30T21:18:39+00:00\" \/>\n<meta property=\"og:image\" content=\"https:\/\/resizer.glanacion.com\/resizer\/v2\/GNHVDCGRBRCD3JRVXGIA7Y7HFA.jpg?auth=5dc23c347fa73ecfabb0131fff031d4619bd1fd18b1a4c08575869f66eb9f9d9&amp;smart=true&amp;width=7400&amp;height=4936\" \/>\n<meta name=\"author\" content=\"impactocastex\" \/>\n<meta name=\"twitter:card\" content=\"summary_large_image\" \/>\n<meta name=\"twitter:label1\" content=\"Escrito por\" \/>\n\t<meta name=\"twitter:data1\" content=\"impactocastex\" \/>\n\t<meta name=\"twitter:label2\" content=\"Tiempo de lectura\" \/>\n\t<meta name=\"twitter:data2\" content=\"3 minutos\" \/>\n<script type=\"application\/ld+json\" class=\"yoast-schema-graph\">{\"@context\":\"https:\\\/\\\/schema.org\",\"@graph\":[{\"@type\":\"Article\",\"@id\":\"https:\\\/\\\/impactocastex.com.ar\\\/?p=16895#article\",\"isPartOf\":{\"@id\":\"https:\\\/\\\/impactocastex.com.ar\\\/?p=16895\"},\"author\":{\"name\":\"impactocastex\",\"@id\":\"https:\\\/\\\/impactocastex.com.ar\\\/#\\\/schema\\\/person\\\/86cb4f827fb5f87869a239b98a69c6e3\"},\"headline\":\"Una nueva moto llega a la Argentina y busca competir en el segmento m\u00e1s alto\",\"datePublished\":\"2026-04-30T21:18:39+00:00\",\"mainEntityOfPage\":{\"@id\":\"https:\\\/\\\/impactocastex.com.ar\\\/?p=16895\"},\"wordCount\":577,\"publisher\":{\"@id\":\"https:\\\/\\\/impactocastex.com.ar\\\/#organization\"},\"image\":{\"@id\":\"https:\\\/\\\/impactocastex.com.ar\\\/?p=16895#primaryimage\"},\"thumbnailUrl\":\"https:\\\/\\\/impactocastex.com.ar\\\/wp-content\\\/uploads\\\/2026\\\/04\\\/BCXHJOZ5F5GVLE575BUFEIXHEA-1GlcGB-scaled.jpg\",\"articleSection\":[\"NACIONALES\"],\"inLanguage\":\"es\"},{\"@type\":\"WebPage\",\"@id\":\"https:\\\/\\\/impactocastex.com.ar\\\/?p=16895\",\"url\":\"https:\\\/\\\/impactocastex.com.ar\\\/?p=16895\",\"name\":\"Una nueva moto llega a la Argentina y busca competir en el segmento m\u00e1s alto -\",\"isPartOf\":{\"@id\":\"https:\\\/\\\/impactocastex.com.ar\\\/#website\"},\"primaryImageOfPage\":{\"@id\":\"https:\\\/\\\/impactocastex.com.ar\\\/?p=16895#primaryimage\"},\"image\":{\"@id\":\"https:\\\/\\\/impactocastex.com.ar\\\/?p=16895#primaryimage\"},\"thumbnailUrl\":\"https:\\\/\\\/impactocastex.com.ar\\\/wp-content\\\/uploads\\\/2026\\\/04\\\/BCXHJOZ5F5GVLE575BUFEIXHEA-1GlcGB-scaled.jpg\",\"datePublished\":\"2026-04-30T21:18:39+00:00\",\"breadcrumb\":{\"@id\":\"https:\\\/\\\/impactocastex.com.ar\\\/?p=16895#breadcrumb\"},\"inLanguage\":\"es\",\"potentialAction\":[{\"@type\":\"ReadAction\",\"target\":[\"https:\\\/\\\/impactocastex.com.ar\\\/?p=16895\"]}]},{\"@type\":\"ImageObject\",\"inLanguage\":\"es\",\"@id\":\"https:\\\/\\\/impactocastex.com.ar\\\/?p=16895#primaryimage\",\"url\":\"https:\\\/\\\/impactocastex.com.ar\\\/wp-content\\\/uploads\\\/2026\\\/04\\\/BCXHJOZ5F5GVLE575BUFEIXHEA-1GlcGB-scaled.jpg\",\"contentUrl\":\"https:\\\/\\\/impactocastex.com.ar\\\/wp-content\\\/uploads\\\/2026\\\/04\\\/BCXHJOZ5F5GVLE575BUFEIXHEA-1GlcGB-scaled.jpg\",\"width\":2560,\"height\":1708},{\"@type\":\"BreadcrumbList\",\"@id\":\"https:\\\/\\\/impactocastex.com.ar\\\/?p=16895#breadcrumb\",\"itemListElement\":[{\"@type\":\"ListItem\",\"position\":1,\"name\":\"Portada\",\"item\":\"https:\\\/\\\/impactocastex.com.ar\\\/\"},{\"@type\":\"ListItem\",\"position\":2,\"name\":\"Una nueva moto llega a la Argentina y busca competir en el segmento m\u00e1s alto\"}]},{\"@type\":\"WebSite\",\"@id\":\"https:\\\/\\\/impactocastex.com.ar\\\/#website\",\"url\":\"https:\\\/\\\/impactocastex.com.ar\\\/\",\"name\":\"Impacto Castex\",\"description\":\"\",\"publisher\":{\"@id\":\"https:\\\/\\\/impactocastex.com.ar\\\/#organization\"},\"potentialAction\":[{\"@type\":\"SearchAction\",\"target\":{\"@type\":\"EntryPoint\",\"urlTemplate\":\"https:\\\/\\\/impactocastex.com.ar\\\/?s={search_term_string}\"},\"query-input\":{\"@type\":\"PropertyValueSpecification\",\"valueRequired\":true,\"valueName\":\"search_term_string\"}}],\"inLanguage\":\"es\"},{\"@type\":\"Organization\",\"@id\":\"https:\\\/\\\/impactocastex.com.ar\\\/#organization\",\"name\":\"Impacto Castex\",\"url\":\"https:\\\/\\\/impactocastex.com.ar\\\/\",\"logo\":{\"@type\":\"ImageObject\",\"inLanguage\":\"es\",\"@id\":\"https:\\\/\\\/impactocastex.com.ar\\\/#\\\/schema\\\/logo\\\/image\\\/\",\"url\":\"https:\\\/\\\/impactocastex.com.ar\\\/wp-content\\\/uploads\\\/2025\\\/09\\\/cropped-icoweb.png\",\"contentUrl\":\"https:\\\/\\\/impactocastex.com.ar\\\/wp-content\\\/uploads\\\/2025\\\/09\\\/cropped-icoweb.png\",\"width\":512,\"height\":512,\"caption\":\"Impacto Castex\"},\"image\":{\"@id\":\"https:\\\/\\\/impactocastex.com.ar\\\/#\\\/schema\\\/logo\\\/image\\\/\"},\"sameAs\":[\"https:\\\/\\\/www.facebook.com\\\/impactocastexdiario\",\"https:\\\/\\\/www.instagram.com\\\/impactocastex.com.ar\\\/\"]},{\"@type\":\"Person\",\"@id\":\"https:\\\/\\\/impactocastex.com.ar\\\/#\\\/schema\\\/person\\\/86cb4f827fb5f87869a239b98a69c6e3\",\"name\":\"impactocastex\",\"image\":{\"@type\":\"ImageObject\",\"inLanguage\":\"es\",\"@id\":\"https:\\\/\\\/secure.gravatar.com\\\/avatar\\\/9a87ee051ca8c77f5d4070843ce2c78cdf95b858b950fb039151de955122f5f5?s=96&d=mm&r=g\",\"url\":\"https:\\\/\\\/secure.gravatar.com\\\/avatar\\\/9a87ee051ca8c77f5d4070843ce2c78cdf95b858b950fb039151de955122f5f5?s=96&d=mm&r=g\",\"contentUrl\":\"https:\\\/\\\/secure.gravatar.com\\\/avatar\\\/9a87ee051ca8c77f5d4070843ce2c78cdf95b858b950fb039151de955122f5f5?s=96&d=mm&r=g\",\"caption\":\"impactocastex\"},\"sameAs\":[\"https:\\\/\\\/impactocastex.com.ar\"],\"url\":\"https:\\\/\\\/impactocastex.com.ar\\\/?author=1\"}]}<\/script>\n<!-- \/ Yoast SEO plugin. -->","yoast_head_json":{"title":"Una nueva moto llega a la Argentina y busca competir en el segmento m\u00e1s alto -","robots":{"index":"index","follow":"follow","max-snippet":"max-snippet:-1","max-image-preview":"max-image-preview:large","max-video-preview":"max-video-preview:-1"},"canonical":"https:\/\/impactocastex.com.ar\/?p=16895","og_locale":"es_ES","og_type":"article","og_title":"Una nueva moto llega a la Argentina y busca competir en el segmento m\u00e1s alto -","og_description":"En el marco del Travel Fest, uno de los encuentros m\u00e1s convocantes del mundo de...","og_url":"https:\/\/impactocastex.com.ar\/?p=16895","article_publisher":"https:\/\/www.facebook.com\/impactocastexdiario","article_published_time":"2026-04-30T21:18:39+00:00","og_image":[{"url":"https:\/\/resizer.glanacion.com\/resizer\/v2\/GNHVDCGRBRCD3JRVXGIA7Y7HFA.jpg?auth=5dc23c347fa73ecfabb0131fff031d4619bd1fd18b1a4c08575869f66eb9f9d9&amp;smart=true&amp;width=7400&amp;height=4936","type":"","width":"","height":""}],"author":"impactocastex","twitter_card":"summary_large_image","twitter_misc":{"Escrito por":"impactocastex","Tiempo de lectura":"3 minutos"},"schema":{"@context":"https:\/\/schema.org","@graph":[{"@type":"Article","@id":"https:\/\/impactocastex.com.ar\/?p=16895#article","isPartOf":{"@id":"https:\/\/impactocastex.com.ar\/?p=16895"},"author":{"name":"impactocastex","@id":"https:\/\/impactocastex.com.ar\/#\/schema\/person\/86cb4f827fb5f87869a239b98a69c6e3"},"headline":"Una nueva moto llega a la Argentina y busca competir en el segmento m\u00e1s alto","datePublished":"2026-04-30T21:18:39+00:00","mainEntityOfPage":{"@id":"https:\/\/impactocastex.com.ar\/?p=16895"},"wordCount":577,"publisher":{"@id":"https:\/\/impactocastex.com.ar\/#organization"},"image":{"@id":"https:\/\/impactocastex.com.ar\/?p=16895#primaryimage"},"thumbnailUrl":"https:\/\/impactocastex.com.ar\/wp-content\/uploads\/2026\/04\/BCXHJOZ5F5GVLE575BUFEIXHEA-1GlcGB-scaled.jpg","articleSection":["NACIONALES"],"inLanguage":"es"},{"@type":"WebPage","@id":"https:\/\/impactocastex.com.ar\/?p=16895","url":"https:\/\/impactocastex.com.ar\/?p=16895","name":"Una nueva moto llega a la Argentina y busca competir en el segmento m\u00e1s alto -","isPartOf":{"@id":"https:\/\/impactocastex.com.ar\/#website"},"primaryImageOfPage":{"@id":"https:\/\/impactocastex.com.ar\/?p=16895#primaryimage"},"image":{"@id":"https:\/\/impactocastex.com.ar\/?p=16895#primaryimage"},"thumbnailUrl":"https:\/\/impactocastex.com.ar\/wp-content\/uploads\/2026\/04\/BCXHJOZ5F5GVLE575BUFEIXHEA-1GlcGB-scaled.jpg","datePublished":"2026-04-30T21:18:39+00:00","breadcrumb":{"@id":"https:\/\/impactocastex.com.ar\/?p=16895#breadcrumb"},"inLanguage":"es","potentialAction":[{"@type":"ReadAction","target":["https:\/\/impactocastex.com.ar\/?p=16895"]}]},{"@type":"ImageObject","inLanguage":"es","@id":"https:\/\/impactocastex.com.ar\/?p=16895#primaryimage","url":"https:\/\/impactocastex.com.ar\/wp-content\/uploads\/2026\/04\/BCXHJOZ5F5GVLE575BUFEIXHEA-1GlcGB-scaled.jpg","contentUrl":"https:\/\/impactocastex.com.ar\/wp-content\/uploads\/2026\/04\/BCXHJOZ5F5GVLE575BUFEIXHEA-1GlcGB-scaled.jpg","width":2560,"height":1708},{"@type":"BreadcrumbList","@id":"https:\/\/impactocastex.com.ar\/?p=16895#breadcrumb","itemListElement":[{"@type":"ListItem","position":1,"name":"Portada","item":"https:\/\/impactocastex.com.ar\/"},{"@type":"ListItem","position":2,"name":"Una nueva moto llega a la Argentina y busca competir en el segmento m\u00e1s alto"}]},{"@type":"WebSite","@id":"https:\/\/impactocastex.com.ar\/#website","url":"https:\/\/impactocastex.com.ar\/","name":"Impacto Castex","description":"","publisher":{"@id":"https:\/\/impactocastex.com.ar\/#organization"},"potentialAction":[{"@type":"SearchAction","target":{"@type":"EntryPoint","urlTemplate":"https:\/\/impactocastex.com.ar\/?s={search_term_string}"},"query-input":{"@type":"PropertyValueSpecification","valueRequired":true,"valueName":"search_term_string"}}],"inLanguage":"es"},{"@type":"Organization","@id":"https:\/\/impactocastex.com.ar\/#organization","name":"Impacto Castex","url":"https:\/\/impactocastex.com.ar\/","logo":{"@type":"ImageObject","inLanguage":"es","@id":"https:\/\/impactocastex.com.ar\/#\/schema\/logo\/image\/","url":"https:\/\/impactocastex.com.ar\/wp-content\/uploads\/2025\/09\/cropped-icoweb.png","contentUrl":"https:\/\/impactocastex.com.ar\/wp-content\/uploads\/2025\/09\/cropped-icoweb.png","width":512,"height":512,"caption":"Impacto Castex"},"image":{"@id":"https:\/\/impactocastex.com.ar\/#\/schema\/logo\/image\/"},"sameAs":["https:\/\/www.facebook.com\/impactocastexdiario","https:\/\/www.instagram.com\/impactocastex.com.ar\/"]},{"@type":"Person","@id":"https:\/\/impactocastex.com.ar\/#\/schema\/person\/86cb4f827fb5f87869a239b98a69c6e3","name":"impactocastex","image":{"@type":"ImageObject","inLanguage":"es","@id":"https:\/\/secure.gravatar.com\/avatar\/9a87ee051ca8c77f5d4070843ce2c78cdf95b858b950fb039151de955122f5f5?s=96&d=mm&r=g","url":"https:\/\/secure.gravatar.com\/avatar\/9a87ee051ca8c77f5d4070843ce2c78cdf95b858b950fb039151de955122f5f5?s=96&d=mm&r=g","contentUrl":"https:\/\/secure.gravatar.com\/avatar\/9a87ee051ca8c77f5d4070843ce2c78cdf95b858b950fb039151de955122f5f5?s=96&d=mm&r=g","caption":"impactocastex"},"sameAs":["https:\/\/impactocastex.com.ar"],"url":"https:\/\/impactocastex.com.ar\/?author=1"}]}},"jetpack_publicize_connections":[],"featured_image_urls":{"full":["https:\/\/impactocastex.com.ar\/wp-content\/uploads\/2026\/04\/BCXHJOZ5F5GVLE575BUFEIXHEA-1GlcGB-scaled.jpg",2560,1708,false],"thumbnail":["https:\/\/impactocastex.com.ar\/wp-content\/uploads\/2026\/04\/BCXHJOZ5F5GVLE575BUFEIXHEA-1GlcGB-150x150.jpg",150,150,true],"medium":["https:\/\/impactocastex.com.ar\/wp-content\/uploads\/2026\/04\/BCXHJOZ5F5GVLE575BUFEIXHEA-1GlcGB-300x200.jpg",300,200,true],"medium_large":["https:\/\/impactocastex.com.ar\/wp-content\/uploads\/2026\/04\/BCXHJOZ5F5GVLE575BUFEIXHEA-1GlcGB-768x512.jpg",640,427,true],"large":["https:\/\/impactocastex.com.ar\/wp-content\/uploads\/2026\/04\/BCXHJOZ5F5GVLE575BUFEIXHEA-1GlcGB-1024x683.jpg",640,427,true],"1536x1536":["https:\/\/impactocastex.com.ar\/wp-content\/uploads\/2026\/04\/BCXHJOZ5F5GVLE575BUFEIXHEA-1GlcGB-1536x1025.jpg",1536,1025,true],"2048x2048":["https:\/\/impactocastex.com.ar\/wp-content\/uploads\/2026\/04\/BCXHJOZ5F5GVLE575BUFEIXHEA-1GlcGB-2048x1366.jpg",2048,1366,true],"newsever-slider-full":["https:\/\/impactocastex.com.ar\/wp-content\/uploads\/2026\/04\/BCXHJOZ5F5GVLE575BUFEIXHEA-1GlcGB-1280x845.jpg",1280,845,true],"newsever-featured":["https:\/\/impactocastex.com.ar\/wp-content\/uploads\/2026\/04\/BCXHJOZ5F5GVLE575BUFEIXHEA-1GlcGB-1024x683.jpg",1024,683,true],"newsever-medium":["https:\/\/impactocastex.com.ar\/wp-content\/uploads\/2026\/04\/BCXHJOZ5F5GVLE575BUFEIXHEA-1GlcGB-720x475.jpg",720,475,true]},"author_info":{"info":["impactocastex"]},"category_info":"<a href=\"https:\/\/impactocastex.com.ar\/?cat=89\" rel=\"category\">NACIONALES<\/a>","tag_info":"NACIONALES","comment_count":0,"jetpack_featured_media_url":"https:\/\/impactocastex.com.ar\/wp-content\/uploads\/2026\/04\/BCXHJOZ5F5GVLE575BUFEIXHEA-1GlcGB-scaled.jpg","jetpack_sharing_enabled":true,"jetpack_likes_enabled":true,"jetpack_shortlink":"https:\/\/wp.me\/p7sopA-4ov","_links":{"self":[{"href":"https:\/\/impactocastex.com.ar\/index.php?rest_route=\/wp\/v2\/posts\/16895","targetHints":{"allow":["GET"]}}],"collection":[{"href":"https:\/\/impactocastex.com.ar\/index.php?rest_route=\/wp\/v2\/posts"}],"about":[{"href":"https:\/\/impactocastex.com.ar\/index.php?rest_route=\/wp\/v2\/types\/post"}],"author":[{"embeddable":true,"href":"https:\/\/impactocastex.com.ar\/index.php?rest_route=\/wp\/v2\/users\/1"}],"replies":[{"embeddable":true,"href":"https:\/\/impactocastex.com.ar\/index.php?rest_route=%2Fwp%2Fv2%2Fcomments&post=16895"}],"version-history":[{"count":0,"href":"https:\/\/impactocastex.com.ar\/index.php?rest_route=\/wp\/v2\/posts\/16895\/revisions"}],"wp:featuredmedia":[{"embeddable":true,"href":"https:\/\/impactocastex.com.ar\/index.php?rest_route=\/wp\/v2\/media\/16896"}],"wp:attachment":[{"href":"https:\/\/impactocastex.com.ar\/index.php?rest_route=%2Fwp%2Fv2%2Fmedia&parent=16895"}],"wp:term":[{"taxonomy":"category","embeddable":true,"href":"https:\/\/impactocastex.com.ar\/index.php?rest_route=%2Fwp%2Fv2%2Fcategories&post=16895"},{"taxonomy":"post_tag","embeddable":true,"href":"https:\/\/impactocastex.com.ar\/index.php?rest_route=%2Fwp%2Fv2%2Ftags&post=16895"}],"curies":[{"name":"wp","href":"https:\/\/api.w.org\/{rel}","templated":true}]}}