{"id":16893,"date":"2026-04-30T18:19:51","date_gmt":"2026-04-30T21:19:51","guid":{"rendered":"https:\/\/impactocastex.com.ar\/?p=16893"},"modified":"2026-04-30T18:19:51","modified_gmt":"2026-04-30T21:19:51","slug":"dirigentes-del-pj-buscan-construir-una-alternativa-a-kicillof-y-al-kirchnerismo-para-2027","status":"publish","type":"post","link":"https:\/\/impactocastex.com.ar\/?p=16893","title":{"rendered":"Dirigentes del PJ buscan construir una alternativa a Kicillof y al kirchnerismo para 2027"},"content":{"rendered":"<p>Sin liderazgos definidos ni una hoja de ruta consolidada, <b>un sector del peronismo comenz\u00f3 a ensayar su reconfiguraci\u00f3n con la mirada puesta en 2027<\/b>. Se trata de un grupo de dirigentes de distintos puntos del pa\u00eds que impulsa un debate interno para redefinir las bases del PJ y construir una alternativa tanto a <b>Axel Kicillof<\/b> como a <b>Cristina Kirchner<\/b>, hoy las dos principales figuras que disputan el liderazgo partidario.<\/p>\n<p>El puntapi\u00e9 inicial ser\u00e1 este viernes 1\u00b0 de mayo, desde las 9.30, en un encuentro en Parque Norte. La convocatoria, que busca tener car\u00e1cter <b>transversal<\/b>, es impulsada por el apoderado nacional del PJ y titular de la Auditor\u00eda General de la Naci\u00f3n (AGN), <b>Juan Manuel Olmos<\/b>, junto a los legisladores nacionales <b>Victoria Tolosa Paz<\/b> (Buenos Aires), <b>Guillermo Michel <\/b>(Entre R\u00edos) y <b>Emir F\u00e9lix<\/b> (Mendoza), adem\u00e1s de intendentes de distintos puntos del pa\u00eds como <b>Federico Ach\u00e1val<\/b>, de Pilar.<\/p>\n<p><img loading=\"lazy\" decoding=\"async\" src=\"https:\/\/resizer.glanacion.com\/resizer\/v2\/FN4VQ4D74ZCFNOQQMDPRZ7K7GY.JPG?auth=e3b7f5b28b1850edf9ec42ae51e6a7a9c0833339548140796436839cf4e13a50&amp;smart=true&amp;width=2000&amp;height=1332\" alt=\"Juan Manuel Olmos, presidente de la Auditor\u00eda General de la Naci\u00f3n y apoderado nacional del PJ \" height=\"1332\" width=\"2000\" \/><\/p>\n<p>Los organizadores hablan de un \u201cencuentro transversal para pensar al peronismo\u201d. No habr\u00e1 gobernadores, pero s\u00ed intendentes y funcionarios de distintos niveles de gesti\u00f3n. Tampoco estar\u00e1n figuras centrales del espacio: no fueron invitados <b>Axel Kicillof<\/b> (Movimiento Derecho al Futuro), Sergio Massa (Frente Renovador), <b>Juan Grabois<\/b> (Frente Patria Grande) ni <b>M\u00e1ximo Kirchner<\/b> (La C\u00e1mpora). \u201cTodos ellos tienen sus propias agrupaciones dentro del PJ. Eso ya es una definici\u00f3n y para nosotros es un limitante. Muchos compa\u00f1eros no quieren encasillarse\u201d, explican en el entorno de un organizador, donde insisten en la necesidad de \u201cmirar hacia adelante\u201d.<\/p>\n<p>S\u00ed participar\u00e1n, en cambio, referentes sindicales \u2212entre ellos integrantes del triunvirato de la CGT como <b>Jorge Sola<\/b> y <b>Cristian Jer\u00f3nimo<\/b>\u2212, en un intento por sumar volumen pol\u00edtico y anclaje territorial. Tambi\u00e9n dir\u00e1 presente una treintena de intendentes cordobeses alineados con el gobernador <b>Mart\u00edn Llaryora<\/b>, a quien, seg\u00fan aseguran los organizadores, le avisaron de la convocatoria.<\/p>\n<p><img loading=\"lazy\" decoding=\"async\" src=\"https:\/\/resizer.glanacion.com\/resizer\/v2\/POIEZ2U5W5ANXJ4H2X4FTULRTM.JPG?auth=40dd07e3a4c650ed9336b5da18b235ca5027ec72ebfd4bcd059e662c01bba9e8&amp;smart=true&amp;width=2000&amp;height=1333\" alt=\"El triunvirato de la CGT: Octavio Arguello (Camioneros), Cristian Jer\u00f3nimo (Vidrio) y Jorge Sola (Seguros)\" height=\"1333\" width=\"2000\" \/><\/p>\n<p>Pese a los nombres ausentes, quienes impulsan el espacio aclaran que el esquema en construcci\u00f3n \u201cno es contra nadie\u201d. Por el contrario, sostienen que mantienen di\u00e1logo con todos los sectores del peronismo e incluso buscan ampliar su base m\u00e1s all\u00e1 del partido. <b>\u201cTenemos que crecer en el universo no peronista\u201d<\/b>, se\u00f1al\u00f3 un dirigente nacional involucrado en la organizaci\u00f3n.<\/p>\n<p>La elecci\u00f3n del D\u00eda del Trabajador no es casual. Se trata de una fecha cargada de simbolismo para un movimiento que se forj\u00f3 al calor del v\u00ednculo entre Juan Domingo Per\u00f3n y la clase obrera industrial. Bajo el lema \u201cel peronismo debate para ser alternativa nacional\u201d, la jornada se organizar\u00e1 en comisiones tem\u00e1ticas, con exposiciones finales y un cierre colectivo.<\/p>\n<blockquote class=\"twitter-tweet\">\n<p lang=\"es\" dir=\"ltr\">\ud83c\udde6\ud83c\uddf7 El peronismo siempre fue protagonista de los procesos de reconstrucci\u00f3n econ\u00f3mica y social de la Argentina, despu\u00e9s de los  gobiernos que han pensado un pa\u00eds para pocos perjudicando la vida de millones de argentinos. <\/p>\n<p>Hoy m\u00e1s que nunca tenemos el deber de aportar en la\u2026 <a href=\"https:\/\/t.co\/OtPHdr1it3\">pic.twitter.com\/OtPHdr1it3<\/a><\/p>\n<p>\u2014 Victoria Tolosa Paz (@vtolosapaz) <a href=\"https:\/\/twitter.com\/vtolosapaz\/status\/2048794299345539340?ref_src=twsrc%5Etfw\">April 27, 2026<\/a><\/p><\/blockquote>\n<p><b>El diagn\u00f3stico que comparten es que el peronismo hoy no logra ofrecer certezas<\/b>. \u201cComo conjunto necesitamos dar respuestas que hoy no estamos dando\u201d, plante\u00f3 uno de los referentes del espacio. En esa l\u00ednea, advierten que el partido no puede asociarse a \u201cmiedo, zozobra o falta de previsibilidad\u201d. La premisa que repiten es que el debate debe construirse \u201cde abajo hacia arriba y de la periferia al centro\u201d, con la idea de que <b>primero emerjan las ideas y luego los liderazgos<\/b>. \u201cNo hay que poner el carro delante del caballo\u201d, sintetizan.<\/p>\n<p>Con ese enfoque, el objetivo es construir mayor\u00edas que permitan volver al poder. Reconocen errores del pasado y se muestran dispuestos a dar una discusi\u00f3n interna \u201csincera\u201d, basada en el aprendizaje.<\/p>\n<p>En t\u00e9rminos econ\u00f3micos, plantean como eje la necesidad de un <b>\u201corden macroecon\u00f3mico\u201d<\/b> que \u2212subrayan\u2212 no debe leerse como una definici\u00f3n ideol\u00f3gica, sino como una herramienta de gesti\u00f3n. En esa l\u00ednea,<b> la generaci\u00f3n de riqueza a partir de la producci\u00f3n y la industria<\/b> aparece como uno de los pilares de esta porci\u00f3n de la dirigencia peronista.<\/p>\n<blockquote class=\"twitter-tweet\">\n<p lang=\"es\" dir=\"ltr\">Participamos del encuentro Construyendo el Nodo Industrial Patagonia Austral 2026, en Comodoro Rivadavia.<\/p>\n<p>Necesitamos un pa\u00eds con industria fuerte y salarios con poder adquisitivo.<\/p>\n<p>Y tenemos que construir, desde un espacio pol\u00edtico amplio, una propuesta con orden macroecon\u00f3mico\u2026 <a href=\"https:\/\/t.co\/qQXOXHQntQ\">pic.twitter.com\/qQXOXHQntQ<\/a><\/p>\n<p>\u2014 Guillermo Michel (@MichelGuilleOK) <a href=\"https:\/\/twitter.com\/MichelGuilleOK\/status\/2045607814060728660?ref_src=twsrc%5Etfw\">April 18, 2026<\/a><\/p><\/blockquote>\n<p>A la par, promueven un peronismo menos dogm\u00e1tico, capaz de procesar sus diferencias sin fracturarse. Tambi\u00e9n insisten en reequilibrar el peso territorial del partido, con mayor protagonismo de las provincias, cuyos intereses \u2212reconocen\u2212 quedaron relegados en etapas anteriores frente a la centralidad del AMBA, hist\u00f3rico basti\u00f3n del PJ.<\/p>\n<p>Entienden a la redefinici\u00f3n interna como parte de un proceso natural. <b>\u201cEn a\u00f1os pares el peronismo discute para ordenarse y ganar\u201d<\/b>, repiten como mantra.<\/p>\n<p>En ese esquema, consideran clave <b>sostener las Primarias Abiertas, Simult\u00e1neas y Obligatorias (PASO)<\/b> como herramienta para canalizar la diversidad y confluir en una gran interna partidaria.<\/p>\n<p>Como antecedente, mencionan el <b>trabajo legislativo de los \u00faltimos dos a\u00f1os<\/b>, donde se logr\u00f3 articular posiciones en torno a temas como discapacidad, universidades, jubilaciones y salud p\u00fablica.<\/p>\n<p><img loading=\"lazy\" decoding=\"async\" src=\"https:\/\/resizer.glanacion.com\/resizer\/v2\/I3IGNP47WZECZINZIJ5KDXNGIE.JPG?auth=8520207869deada6a5b84669e2d0b1f9b0a6cde808089b34b2e6f5770e5e6608&amp;smart=true&amp;width=2000&amp;height=1333\" alt=\"Jorge Taiana y Kelly Olmos, del PJ\" height=\"1333\" width=\"2000\" \/><\/p>\n<p>Sin embargo, el punto de inflexi\u00f3n que aceler\u00f3 esta discusi\u00f3n fue el <b>debate sobre el acuerdo Mercosur-UE<\/b>, ratificado por el Congreso.<b> <\/b>En la C\u00e1mara de Diputados, casi la mitad del bloque de Uni\u00f3n por la Patria vot\u00f3 a favor, mientras que el resto se pronunci\u00f3 en contra. En el Senado, en cambio, con m\u00e1s tiempo para el debate, el bloque peronista termin\u00f3 mayoritariamente alineado con el apoyo: solo tres senadores rechazaron la iniciativa.<\/p>\n<p>De ese contraste \u2212explican\u2212 surgi\u00f3 la conclusi\u00f3n de que era necesario ordenar las diferencias y discutir con mayor profundidad qu\u00e9 ideas deben estructurar una nueva propuesta de gobierno.<\/p>\n<p>\u200bImpulsan un encuentro en Parque Norte, este viernes, para debatir el rumbo del peronismo con eje en el \u201corden macroecon\u00f3mico\u201d; los nombres detr\u00e1s del armado\u00a0\u00a0<\/p>","protected":false},"excerpt":{"rendered":"<p>Sin liderazgos definidos ni una hoja de ruta consolidada, un sector del peronismo comenz\u00f3 a&#8230;<\/p>\n","protected":false},"author":1,"featured_media":16894,"comment_status":"closed","ping_status":"closed","sticky":false,"template":"","format":"standard","meta":{"_jetpack_memberships_contains_paid_content":false,"footnotes":"","jetpack_publicize_message":"","jetpack_publicize_feature_enabled":true,"jetpack_social_post_already_shared":true,"jetpack_social_options":{"image_generator_settings":{"template":"highway","default_image_id":0,"font":"","enabled":false},"version":2}},"categories":[89],"tags":[],"class_list":["post-16893","post","type-post","status-publish","format-standard","has-post-thumbnail","hentry","category-nacionales"],"yoast_head":"<!-- This site is optimized with the Yoast SEO plugin v27.4 - https:\/\/yoast.com\/product\/yoast-seo-wordpress\/ -->\n<title>Dirigentes del PJ buscan construir una alternativa a Kicillof y al kirchnerismo para 2027 -<\/title>\n<meta name=\"robots\" content=\"index, follow, max-snippet:-1, max-image-preview:large, max-video-preview:-1\" \/>\n<link rel=\"canonical\" href=\"https:\/\/impactocastex.com.ar\/?p=16893\" \/>\n<meta property=\"og:locale\" content=\"es_ES\" \/>\n<meta property=\"og:type\" content=\"article\" \/>\n<meta property=\"og:title\" content=\"Dirigentes del PJ buscan construir una alternativa a Kicillof y al kirchnerismo para 2027 -\" \/>\n<meta property=\"og:description\" content=\"Sin liderazgos definidos ni una hoja de ruta consolidada, un sector del peronismo comenz\u00f3 a...\" \/>\n<meta property=\"og:url\" content=\"https:\/\/impactocastex.com.ar\/?p=16893\" \/>\n<meta property=\"article:publisher\" content=\"https:\/\/www.facebook.com\/impactocastexdiario\" \/>\n<meta property=\"article:published_time\" content=\"2026-04-30T21:19:51+00:00\" \/>\n<meta property=\"og:image\" content=\"https:\/\/resizer.glanacion.com\/resizer\/v2\/FN4VQ4D74ZCFNOQQMDPRZ7K7GY.JPG?auth=e3b7f5b28b1850edf9ec42ae51e6a7a9c0833339548140796436839cf4e13a50&amp;smart=true&amp;width=2000&amp;height=1332\" \/>\n<meta name=\"author\" content=\"impactocastex\" \/>\n<meta name=\"twitter:card\" content=\"summary_large_image\" \/>\n<meta name=\"twitter:label1\" content=\"Escrito por\" \/>\n\t<meta name=\"twitter:data1\" content=\"impactocastex\" \/>\n\t<meta name=\"twitter:label2\" content=\"Tiempo de lectura\" \/>\n\t<meta name=\"twitter:data2\" content=\"5 minutos\" \/>\n<script type=\"application\/ld+json\" class=\"yoast-schema-graph\">{\"@context\":\"https:\\\/\\\/schema.org\",\"@graph\":[{\"@type\":\"Article\",\"@id\":\"https:\\\/\\\/impactocastex.com.ar\\\/?p=16893#article\",\"isPartOf\":{\"@id\":\"https:\\\/\\\/impactocastex.com.ar\\\/?p=16893\"},\"author\":{\"name\":\"impactocastex\",\"@id\":\"https:\\\/\\\/impactocastex.com.ar\\\/#\\\/schema\\\/person\\\/86cb4f827fb5f87869a239b98a69c6e3\"},\"headline\":\"Dirigentes del PJ buscan construir una alternativa a Kicillof y al kirchnerismo para 2027\",\"datePublished\":\"2026-04-30T21:19:51+00:00\",\"mainEntityOfPage\":{\"@id\":\"https:\\\/\\\/impactocastex.com.ar\\\/?p=16893\"},\"wordCount\":1021,\"publisher\":{\"@id\":\"https:\\\/\\\/impactocastex.com.ar\\\/#organization\"},\"image\":{\"@id\":\"https:\\\/\\\/impactocastex.com.ar\\\/?p=16893#primaryimage\"},\"thumbnailUrl\":\"https:\\\/\\\/impactocastex.com.ar\\\/wp-content\\\/uploads\\\/2026\\\/04\\\/XRRF4F52OZH7RF7KD7OLXHY5VU-nQicZH.jpg\",\"articleSection\":[\"NACIONALES\"],\"inLanguage\":\"es\"},{\"@type\":\"WebPage\",\"@id\":\"https:\\\/\\\/impactocastex.com.ar\\\/?p=16893\",\"url\":\"https:\\\/\\\/impactocastex.com.ar\\\/?p=16893\",\"name\":\"Dirigentes del PJ buscan construir una alternativa a Kicillof y al kirchnerismo para 2027 -\",\"isPartOf\":{\"@id\":\"https:\\\/\\\/impactocastex.com.ar\\\/#website\"},\"primaryImageOfPage\":{\"@id\":\"https:\\\/\\\/impactocastex.com.ar\\\/?p=16893#primaryimage\"},\"image\":{\"@id\":\"https:\\\/\\\/impactocastex.com.ar\\\/?p=16893#primaryimage\"},\"thumbnailUrl\":\"https:\\\/\\\/impactocastex.com.ar\\\/wp-content\\\/uploads\\\/2026\\\/04\\\/XRRF4F52OZH7RF7KD7OLXHY5VU-nQicZH.jpg\",\"datePublished\":\"2026-04-30T21:19:51+00:00\",\"breadcrumb\":{\"@id\":\"https:\\\/\\\/impactocastex.com.ar\\\/?p=16893#breadcrumb\"},\"inLanguage\":\"es\",\"potentialAction\":[{\"@type\":\"ReadAction\",\"target\":[\"https:\\\/\\\/impactocastex.com.ar\\\/?p=16893\"]}]},{\"@type\":\"ImageObject\",\"inLanguage\":\"es\",\"@id\":\"https:\\\/\\\/impactocastex.com.ar\\\/?p=16893#primaryimage\",\"url\":\"https:\\\/\\\/impactocastex.com.ar\\\/wp-content\\\/uploads\\\/2026\\\/04\\\/XRRF4F52OZH7RF7KD7OLXHY5VU-nQicZH.jpg\",\"contentUrl\":\"https:\\\/\\\/impactocastex.com.ar\\\/wp-content\\\/uploads\\\/2026\\\/04\\\/XRRF4F52OZH7RF7KD7OLXHY5VU-nQicZH.jpg\",\"width\":1600,\"height\":1066},{\"@type\":\"BreadcrumbList\",\"@id\":\"https:\\\/\\\/impactocastex.com.ar\\\/?p=16893#breadcrumb\",\"itemListElement\":[{\"@type\":\"ListItem\",\"position\":1,\"name\":\"Portada\",\"item\":\"https:\\\/\\\/impactocastex.com.ar\\\/\"},{\"@type\":\"ListItem\",\"position\":2,\"name\":\"Dirigentes del PJ buscan construir una alternativa a Kicillof y al kirchnerismo para 2027\"}]},{\"@type\":\"WebSite\",\"@id\":\"https:\\\/\\\/impactocastex.com.ar\\\/#website\",\"url\":\"https:\\\/\\\/impactocastex.com.ar\\\/\",\"name\":\"Impacto Castex\",\"description\":\"\",\"publisher\":{\"@id\":\"https:\\\/\\\/impactocastex.com.ar\\\/#organization\"},\"potentialAction\":[{\"@type\":\"SearchAction\",\"target\":{\"@type\":\"EntryPoint\",\"urlTemplate\":\"https:\\\/\\\/impactocastex.com.ar\\\/?s={search_term_string}\"},\"query-input\":{\"@type\":\"PropertyValueSpecification\",\"valueRequired\":true,\"valueName\":\"search_term_string\"}}],\"inLanguage\":\"es\"},{\"@type\":\"Organization\",\"@id\":\"https:\\\/\\\/impactocastex.com.ar\\\/#organization\",\"name\":\"Impacto Castex\",\"url\":\"https:\\\/\\\/impactocastex.com.ar\\\/\",\"logo\":{\"@type\":\"ImageObject\",\"inLanguage\":\"es\",\"@id\":\"https:\\\/\\\/impactocastex.com.ar\\\/#\\\/schema\\\/logo\\\/image\\\/\",\"url\":\"https:\\\/\\\/impactocastex.com.ar\\\/wp-content\\\/uploads\\\/2025\\\/09\\\/cropped-icoweb.png\",\"contentUrl\":\"https:\\\/\\\/impactocastex.com.ar\\\/wp-content\\\/uploads\\\/2025\\\/09\\\/cropped-icoweb.png\",\"width\":512,\"height\":512,\"caption\":\"Impacto Castex\"},\"image\":{\"@id\":\"https:\\\/\\\/impactocastex.com.ar\\\/#\\\/schema\\\/logo\\\/image\\\/\"},\"sameAs\":[\"https:\\\/\\\/www.facebook.com\\\/impactocastexdiario\",\"https:\\\/\\\/www.instagram.com\\\/impactocastex.com.ar\\\/\"]},{\"@type\":\"Person\",\"@id\":\"https:\\\/\\\/impactocastex.com.ar\\\/#\\\/schema\\\/person\\\/86cb4f827fb5f87869a239b98a69c6e3\",\"name\":\"impactocastex\",\"image\":{\"@type\":\"ImageObject\",\"inLanguage\":\"es\",\"@id\":\"https:\\\/\\\/secure.gravatar.com\\\/avatar\\\/9a87ee051ca8c77f5d4070843ce2c78cdf95b858b950fb039151de955122f5f5?s=96&d=mm&r=g\",\"url\":\"https:\\\/\\\/secure.gravatar.com\\\/avatar\\\/9a87ee051ca8c77f5d4070843ce2c78cdf95b858b950fb039151de955122f5f5?s=96&d=mm&r=g\",\"contentUrl\":\"https:\\\/\\\/secure.gravatar.com\\\/avatar\\\/9a87ee051ca8c77f5d4070843ce2c78cdf95b858b950fb039151de955122f5f5?s=96&d=mm&r=g\",\"caption\":\"impactocastex\"},\"sameAs\":[\"https:\\\/\\\/impactocastex.com.ar\"],\"url\":\"https:\\\/\\\/impactocastex.com.ar\\\/?author=1\"}]}<\/script>\n<!-- \/ Yoast SEO plugin. -->","yoast_head_json":{"title":"Dirigentes del PJ buscan construir una alternativa a Kicillof y al kirchnerismo para 2027 -","robots":{"index":"index","follow":"follow","max-snippet":"max-snippet:-1","max-image-preview":"max-image-preview:large","max-video-preview":"max-video-preview:-1"},"canonical":"https:\/\/impactocastex.com.ar\/?p=16893","og_locale":"es_ES","og_type":"article","og_title":"Dirigentes del PJ buscan construir una alternativa a Kicillof y al kirchnerismo para 2027 -","og_description":"Sin liderazgos definidos ni una hoja de ruta consolidada, un sector del peronismo comenz\u00f3 a...","og_url":"https:\/\/impactocastex.com.ar\/?p=16893","article_publisher":"https:\/\/www.facebook.com\/impactocastexdiario","article_published_time":"2026-04-30T21:19:51+00:00","og_image":[{"url":"https:\/\/resizer.glanacion.com\/resizer\/v2\/FN4VQ4D74ZCFNOQQMDPRZ7K7GY.JPG?auth=e3b7f5b28b1850edf9ec42ae51e6a7a9c0833339548140796436839cf4e13a50&amp;smart=true&amp;width=2000&amp;height=1332","type":"","width":"","height":""}],"author":"impactocastex","twitter_card":"summary_large_image","twitter_misc":{"Escrito por":"impactocastex","Tiempo de lectura":"5 minutos"},"schema":{"@context":"https:\/\/schema.org","@graph":[{"@type":"Article","@id":"https:\/\/impactocastex.com.ar\/?p=16893#article","isPartOf":{"@id":"https:\/\/impactocastex.com.ar\/?p=16893"},"author":{"name":"impactocastex","@id":"https:\/\/impactocastex.com.ar\/#\/schema\/person\/86cb4f827fb5f87869a239b98a69c6e3"},"headline":"Dirigentes del PJ buscan construir una alternativa a Kicillof y al kirchnerismo para 2027","datePublished":"2026-04-30T21:19:51+00:00","mainEntityOfPage":{"@id":"https:\/\/impactocastex.com.ar\/?p=16893"},"wordCount":1021,"publisher":{"@id":"https:\/\/impactocastex.com.ar\/#organization"},"image":{"@id":"https:\/\/impactocastex.com.ar\/?p=16893#primaryimage"},"thumbnailUrl":"https:\/\/impactocastex.com.ar\/wp-content\/uploads\/2026\/04\/XRRF4F52OZH7RF7KD7OLXHY5VU-nQicZH.jpg","articleSection":["NACIONALES"],"inLanguage":"es"},{"@type":"WebPage","@id":"https:\/\/impactocastex.com.ar\/?p=16893","url":"https:\/\/impactocastex.com.ar\/?p=16893","name":"Dirigentes del PJ buscan construir una alternativa a Kicillof y al kirchnerismo para 2027 -","isPartOf":{"@id":"https:\/\/impactocastex.com.ar\/#website"},"primaryImageOfPage":{"@id":"https:\/\/impactocastex.com.ar\/?p=16893#primaryimage"},"image":{"@id":"https:\/\/impactocastex.com.ar\/?p=16893#primaryimage"},"thumbnailUrl":"https:\/\/impactocastex.com.ar\/wp-content\/uploads\/2026\/04\/XRRF4F52OZH7RF7KD7OLXHY5VU-nQicZH.jpg","datePublished":"2026-04-30T21:19:51+00:00","breadcrumb":{"@id":"https:\/\/impactocastex.com.ar\/?p=16893#breadcrumb"},"inLanguage":"es","potentialAction":[{"@type":"ReadAction","target":["https:\/\/impactocastex.com.ar\/?p=16893"]}]},{"@type":"ImageObject","inLanguage":"es","@id":"https:\/\/impactocastex.com.ar\/?p=16893#primaryimage","url":"https:\/\/impactocastex.com.ar\/wp-content\/uploads\/2026\/04\/XRRF4F52OZH7RF7KD7OLXHY5VU-nQicZH.jpg","contentUrl":"https:\/\/impactocastex.com.ar\/wp-content\/uploads\/2026\/04\/XRRF4F52OZH7RF7KD7OLXHY5VU-nQicZH.jpg","width":1600,"height":1066},{"@type":"BreadcrumbList","@id":"https:\/\/impactocastex.com.ar\/?p=16893#breadcrumb","itemListElement":[{"@type":"ListItem","position":1,"name":"Portada","item":"https:\/\/impactocastex.com.ar\/"},{"@type":"ListItem","position":2,"name":"Dirigentes del PJ buscan construir una alternativa a Kicillof y al kirchnerismo para 2027"}]},{"@type":"WebSite","@id":"https:\/\/impactocastex.com.ar\/#website","url":"https:\/\/impactocastex.com.ar\/","name":"Impacto Castex","description":"","publisher":{"@id":"https:\/\/impactocastex.com.ar\/#organization"},"potentialAction":[{"@type":"SearchAction","target":{"@type":"EntryPoint","urlTemplate":"https:\/\/impactocastex.com.ar\/?s={search_term_string}"},"query-input":{"@type":"PropertyValueSpecification","valueRequired":true,"valueName":"search_term_string"}}],"inLanguage":"es"},{"@type":"Organization","@id":"https:\/\/impactocastex.com.ar\/#organization","name":"Impacto Castex","url":"https:\/\/impactocastex.com.ar\/","logo":{"@type":"ImageObject","inLanguage":"es","@id":"https:\/\/impactocastex.com.ar\/#\/schema\/logo\/image\/","url":"https:\/\/impactocastex.com.ar\/wp-content\/uploads\/2025\/09\/cropped-icoweb.png","contentUrl":"https:\/\/impactocastex.com.ar\/wp-content\/uploads\/2025\/09\/cropped-icoweb.png","width":512,"height":512,"caption":"Impacto Castex"},"image":{"@id":"https:\/\/impactocastex.com.ar\/#\/schema\/logo\/image\/"},"sameAs":["https:\/\/www.facebook.com\/impactocastexdiario","https:\/\/www.instagram.com\/impactocastex.com.ar\/"]},{"@type":"Person","@id":"https:\/\/impactocastex.com.ar\/#\/schema\/person\/86cb4f827fb5f87869a239b98a69c6e3","name":"impactocastex","image":{"@type":"ImageObject","inLanguage":"es","@id":"https:\/\/secure.gravatar.com\/avatar\/9a87ee051ca8c77f5d4070843ce2c78cdf95b858b950fb039151de955122f5f5?s=96&d=mm&r=g","url":"https:\/\/secure.gravatar.com\/avatar\/9a87ee051ca8c77f5d4070843ce2c78cdf95b858b950fb039151de955122f5f5?s=96&d=mm&r=g","contentUrl":"https:\/\/secure.gravatar.com\/avatar\/9a87ee051ca8c77f5d4070843ce2c78cdf95b858b950fb039151de955122f5f5?s=96&d=mm&r=g","caption":"impactocastex"},"sameAs":["https:\/\/impactocastex.com.ar"],"url":"https:\/\/impactocastex.com.ar\/?author=1"}]}},"jetpack_publicize_connections":[],"featured_image_urls":{"full":["https:\/\/impactocastex.com.ar\/wp-content\/uploads\/2026\/04\/XRRF4F52OZH7RF7KD7OLXHY5VU-nQicZH.jpg",1600,1066,false],"thumbnail":["https:\/\/impactocastex.com.ar\/wp-content\/uploads\/2026\/04\/XRRF4F52OZH7RF7KD7OLXHY5VU-nQicZH-150x150.jpg",150,150,true],"medium":["https:\/\/impactocastex.com.ar\/wp-content\/uploads\/2026\/04\/XRRF4F52OZH7RF7KD7OLXHY5VU-nQicZH-300x200.jpg",300,200,true],"medium_large":["https:\/\/impactocastex.com.ar\/wp-content\/uploads\/2026\/04\/XRRF4F52OZH7RF7KD7OLXHY5VU-nQicZH-768x512.jpg",640,427,true],"large":["https:\/\/impactocastex.com.ar\/wp-content\/uploads\/2026\/04\/XRRF4F52OZH7RF7KD7OLXHY5VU-nQicZH-1024x682.jpg",640,426,true],"1536x1536":["https:\/\/impactocastex.com.ar\/wp-content\/uploads\/2026\/04\/XRRF4F52OZH7RF7KD7OLXHY5VU-nQicZH-1536x1023.jpg",1536,1023,true],"2048x2048":["https:\/\/impactocastex.com.ar\/wp-content\/uploads\/2026\/04\/XRRF4F52OZH7RF7KD7OLXHY5VU-nQicZH.jpg",1600,1066,false],"newsever-slider-full":["https:\/\/impactocastex.com.ar\/wp-content\/uploads\/2026\/04\/XRRF4F52OZH7RF7KD7OLXHY5VU-nQicZH-1280x845.jpg",1280,845,true],"newsever-featured":["https:\/\/impactocastex.com.ar\/wp-content\/uploads\/2026\/04\/XRRF4F52OZH7RF7KD7OLXHY5VU-nQicZH-1024x682.jpg",1024,682,true],"newsever-medium":["https:\/\/impactocastex.com.ar\/wp-content\/uploads\/2026\/04\/XRRF4F52OZH7RF7KD7OLXHY5VU-nQicZH-720x475.jpg",720,475,true]},"author_info":{"info":["impactocastex"]},"category_info":"<a href=\"https:\/\/impactocastex.com.ar\/?cat=89\" rel=\"category\">NACIONALES<\/a>","tag_info":"NACIONALES","comment_count":0,"jetpack_featured_media_url":"https:\/\/impactocastex.com.ar\/wp-content\/uploads\/2026\/04\/XRRF4F52OZH7RF7KD7OLXHY5VU-nQicZH.jpg","jetpack_sharing_enabled":true,"jetpack_likes_enabled":true,"jetpack_shortlink":"https:\/\/wp.me\/p7sopA-4ot","_links":{"self":[{"href":"https:\/\/impactocastex.com.ar\/index.php?rest_route=\/wp\/v2\/posts\/16893","targetHints":{"allow":["GET"]}}],"collection":[{"href":"https:\/\/impactocastex.com.ar\/index.php?rest_route=\/wp\/v2\/posts"}],"about":[{"href":"https:\/\/impactocastex.com.ar\/index.php?rest_route=\/wp\/v2\/types\/post"}],"author":[{"embeddable":true,"href":"https:\/\/impactocastex.com.ar\/index.php?rest_route=\/wp\/v2\/users\/1"}],"replies":[{"embeddable":true,"href":"https:\/\/impactocastex.com.ar\/index.php?rest_route=%2Fwp%2Fv2%2Fcomments&post=16893"}],"version-history":[{"count":0,"href":"https:\/\/impactocastex.com.ar\/index.php?rest_route=\/wp\/v2\/posts\/16893\/revisions"}],"wp:featuredmedia":[{"embeddable":true,"href":"https:\/\/impactocastex.com.ar\/index.php?rest_route=\/wp\/v2\/media\/16894"}],"wp:attachment":[{"href":"https:\/\/impactocastex.com.ar\/index.php?rest_route=%2Fwp%2Fv2%2Fmedia&parent=16893"}],"wp:term":[{"taxonomy":"category","embeddable":true,"href":"https:\/\/impactocastex.com.ar\/index.php?rest_route=%2Fwp%2Fv2%2Fcategories&post=16893"},{"taxonomy":"post_tag","embeddable":true,"href":"https:\/\/impactocastex.com.ar\/index.php?rest_route=%2Fwp%2Fv2%2Ftags&post=16893"}],"curies":[{"name":"wp","href":"https:\/\/api.w.org\/{rel}","templated":true}]}}