{"id":16885,"date":"2026-04-30T13:21:03","date_gmt":"2026-04-30T16:21:03","guid":{"rendered":"https:\/\/impactocastex.com.ar\/?p=16885"},"modified":"2026-04-30T13:21:03","modified_gmt":"2026-04-30T16:21:03","slug":"que-es-la-medicina-frecuencial-el-metodo-que-combina-biofisica-energia-y-conciencia","status":"publish","type":"post","link":"https:\/\/impactocastex.com.ar\/?p=16885","title":{"rendered":"Qu\u00e9 es la medicina frecuencial: el m\u00e9todo que combina biof\u00edsica, energ\u00eda y conciencia"},"content":{"rendered":"<p>Nikola Tesla (1856-1943) vio en su tiempo lo que nos sorprende en nuestro presente. \u201c<b>Si quieres encontrar los secretos del universo, piensa en t\u00e9rminos de energ\u00eda, frecuencia y <\/b><a href=\"https:\/\/www.lanacion.com.ar\/salud\/vida_sana\/la-practica-que-utiliza-vibraciones-y-frecuencias-para-aliviar-dolores-nid04032025\/\" target=\"_blank\" rel=\"noreferrer\" title=\"https:\/\/www.lanacion.com.ar\/salud\/vida_sana\/la-practica-que-utiliza-vibraciones-y-frecuencias-para-aliviar-dolores-nid04032025\/\"><b>vibraci\u00f3n<\/b><\/a><b>\u201d<\/b> es una de sus frases que suele citarse como inspiraci\u00f3n futurista. En el campo del <a href=\"https:\/\/www.lanacion.com.ar\/salud\/las-cuatro-tendencias-que-marcan-la-reevolucion-del-bienestar-nid08012025\/\" target=\"_blank\" rel=\"noreferrer\" title=\"https:\/\/www.lanacion.com.ar\/salud\/las-cuatro-tendencias-que-marcan-la-reevolucion-del-bienestar-nid08012025\/\">bienestar <\/a>empieza a funcionar como marco conceptual. Desde esa perspectiva surge la medicina frecuencial, un enfoque que propone comprender el cuerpo como un sistema de informaci\u00f3n organizada y no \u00fanicamente como una estructura bioqu\u00edmica.<\/p>\n<p>El planteo parte de una premisa sencilla y a la vez disruptiva:<b> cada \u00f3rgano, tejido y c\u00e9lula emite y recibe se\u00f1ales electromagn\u00e9ticas<\/b>. La biolog\u00eda no se sostiene solo en reacciones qu\u00edmicas, sino tambi\u00e9n en patrones vibratorios que coordinan funciones. \u201cCuando esas frecuencias est\u00e1n sincronizadas, el sistema opera en armon\u00eda. Cuando se desajustan, aparece la disonancia que luego reconocemos como <a href=\"https:\/\/www.lanacion.com.ar\/salud\/mente\/la-neurocientifica-canadiense-explica-que-ocurre-en-el-cerebro-cuando-el-estres-se-vuelve-cronico-nid02032026\/\" target=\"_blank\" rel=\"noreferrer\" title=\"https:\/\/www.lanacion.com.ar\/salud\/mente\/la-neurocientifica-canadiense-explica-que-ocurre-en-el-cerebro-cuando-el-estres-se-vuelve-cronico-nid02032026\/\">malestar<\/a>\u201d, se\u00f1ala Laura G\u00e1mez, m\u00e9dica formada tambi\u00e9n en psicolog\u00eda y especializada en biof\u00edsica cu\u00e1ntica, quien desarroll\u00f3 el m\u00e9todo de medicina frecuencial a partir de un recorrido acad\u00e9mico que integra cl\u00ednica, estudio del comportamiento humano e investigaci\u00f3n en campos electromagn\u00e9ticos biol\u00f3gicos.<\/p>\n<p><a href=\"https:\/\/www.lanacion.com.ar\/salud\/mente\/12-preguntas-para-hablar-con-tus-padres-y-abrir-conversaciones-profundas-nid19042026\/\">12 preguntas sencillas para hacer una vez en la vida con los padres<\/a><\/p>\n<p>Lejos de limitarse a combatir el s\u00edntoma, la medicina frecuencial busca restaurar la coherencia. \u201c<b>El cuerpo humano no es solo una estructura f\u00edsica, sino un sistema de informaci\u00f3n, energ\u00eda y conciencia en interacci\u00f3n constante\u201d<\/b>, explica G\u00e1mez. Su planteo corre el eje del s\u00edntoma hacia la coherencia. La enfermedad deja de leerse exclusivamente como falla mec\u00e1nica y comienza a interpretarse como p\u00e9rdida de organizaci\u00f3n interna. <a href=\"https:\/\/www.lanacion.com.ar\/salud\/mente\/la-neurocientifica-canadiense-explica-que-ocurre-en-el-cerebro-cuando-el-estres-se-vuelve-cronico-nid02032026\/\" target=\"_blank\" rel=\"noreferrer\" title=\"https:\/\/www.lanacion.com.ar\/salud\/mente\/la-neurocientifica-canadiense-explica-que-ocurre-en-el-cerebro-cuando-el-estres-se-vuelve-cronico-nid02032026\/\">Estr\u00e9s cr\u00f3nico<\/a>, emociones sostenidas, h\u00e1bitos desalineados, sobreexposici\u00f3n a est\u00edmulos artificiales o experiencias traum\u00e1ticas pueden alterar la comunicaci\u00f3n celular. En ese contexto, el cuerpo activa respuestas compensatorias que, mantenidas en el tiempo, se traducen en enfermedad.<\/p>\n<p>La coherencia vibracional es el n\u00facleo del enfoque. En estado saludable, coraz\u00f3n, cerebro y sistemas hormonales trabajan en sincron\u00eda medible. \u201c<b>La salud no es solamente ausencia de <\/b><a href=\"https:\/\/www.lanacion.com.ar\/salud\/vida_sana\/salud-que-hay-que-hacer-en-el-dia-a-dia-para-tener-menos-riesgo-de-enfermarse-nid06042022\/\" target=\"_blank\" rel=\"noreferrer\" title=\"https:\/\/www.lanacion.com.ar\/salud\/vida_sana\/salud-que-hay-que-hacer-en-el-dia-a-dia-para-tener-menos-riesgo-de-enfermarse-nid06042022\/\"><b>enfermedad<\/b><\/a><b>, es un estado din\u00e1mico de coherencia<\/b>\u201d, define G\u00e1mez.<\/p>\n<p><b>\u201cLas emociones no son solo experiencias subjetivas, tienen una traducci\u00f3n bioel\u00e9ctrica concreta<\/b>\u201d, afirma. Miedo persistente o angustia prolongada modifican la variabilidad card\u00edaca y el equilibrio del sistema nervioso. Gratitud, serenidad o compasi\u00f3n inducen patrones m\u00e1s arm\u00f3nicos.<\/p>\n<p>El m\u00e9todo no propone ignorar la medicina convencional. <b>\u201cNo se trata de sustituir lo existente, sino de ampliarlo. El s\u00edntoma es una se\u00f1al que invita a observar qu\u00e9 informaci\u00f3n se ha desorganizado<\/b>\u201d, explica. Restaurar coherencia implica trabajar sobre esa informaci\u00f3n antes que silenciar la manifestaci\u00f3n f\u00edsica.<\/p>\n<p><img loading=\"lazy\" decoding=\"async\" src=\"https:\/\/resizer.glanacion.com\/resizer\/v2\/OT26J6VUKJHJJIAZVD72BTZKEE.JPG?auth=475f18087bf310670670cc4130c34ea2dbfc9d6888bb4c44b1e29d7fbfb62f0e&amp;smart=true&amp;width=2000&amp;height=1333\" alt=\"Respiraci\u00f3n consciente, regulaci\u00f3n del sistema nervioso, descanso, naturaleza y sonido aparecen como herramientas para favorecer el equilibrio del organismo \" height=\"1333\" width=\"2000\" \/><\/p>\n<p>La participaci\u00f3n activa ocupa un lugar central. <b>\u201cSoberan\u00eda en salud significa asumir un rol consciente en el propio bienestar<\/b>. Cada pensamiento, cada emoci\u00f3n y cada decisi\u00f3n impactan en nuestro estado vibracional\u201d, sostiene. <a href=\"https:\/\/www.lanacion.com.ar\/salud\/vida_sana\/hustle-culture-las-secuelas-fisicas-de-vivir-para-rendir-en-el-trabajo-nid25042025\/\" target=\"_blank\" rel=\"noreferrer\" title=\"https:\/\/www.lanacion.com.ar\/salud\/vida_sana\/hustle-culture-las-secuelas-fisicas-de-vivir-para-rendir-en-el-trabajo-nid25042025\/\">Responsabilidad <\/a>no equivale a culpa, sino a capacidad de acci\u00f3n.<\/p>\n<p>La recalibraci\u00f3n se apoya en <b>pr\u00e1cticas accesibles. <\/b>Respiraci\u00f3n consciente, regulaci\u00f3n del ritmo card\u00edaco, exposici\u00f3n a la naturaleza y orden en los ciclos de sue\u00f1o forman parte del entrenamiento b\u00e1sico. <b>\u201cCuando el <\/b><a href=\"https:\/\/www.lanacion.com.ar\/salud\/mente\/la-neurocientifica-canadiense-explica-que-ocurre-en-el-cerebro-cuando-el-estres-se-vuelve-cronico-nid02032026\/\" target=\"_blank\" rel=\"noreferrer\" title=\"https:\/\/www.lanacion.com.ar\/salud\/mente\/la-neurocientifica-canadiense-explica-que-ocurre-en-el-cerebro-cuando-el-estres-se-vuelve-cronico-nid02032026\/\"><b>sistema nervioso<\/b><\/a><b> se regula, el campo electromagn\u00e9tico del coraz\u00f3n recupera coherencia y el resto del organismo lo sigue<\/b>\u201d, explica.<\/p>\n<p>El sonido ocupa un espacio destacado dentro del m\u00e9todo. <b>\u201cLa m\u00fasica es vibraci\u00f3n organizada.<\/b> Determinadas frecuencias pueden inducir sincronizaci\u00f3n entre ondas cerebrales y ritmo card\u00edaco\u201d, afirma. Ese fen\u00f3meno de arrastre vibracional act\u00faa como recordatorio de la frecuencia original del sistema.<\/p>\n<p>La alimentaci\u00f3n se integra desde la escucha individual. <b>\u201cEl cuerpo habla. Escucharlo permite ajustar la nutrici\u00f3n a las necesidades reales del momento\u201d<\/b>, se\u00f1ala. La pr\u00e1ctica meditativa tambi\u00e9n cumple una funci\u00f3n estructural.<\/p>\n<p>La dimensi\u00f3n informacional atraviesa todo el proceso. \u201cLas c\u00e9lulas no solo responden a la bioqu\u00edmica, tambi\u00e9n intercambian se\u00f1ales electromagn\u00e9ticas. <b>Cuando la informaci\u00f3n est\u00e1 clara, el cuerpo activa sus propios mecanismos de autorregulaci\u00f3n<\/b>\u201d, explica. <\/p>\n<p><a href=\"https:\/\/www.lanacion.com.ar\/salud\/mente\/pueden-ser-amigos-un-hombre-y-una-mujer-la-ciencia-revela-la-verdad-sobre-esta-relacion-nid21042026\/\">\u00bfPueden ser amigos un hombre y una mujer? La ciencia revela la verdad sobre esta relaci\u00f3n<\/a><\/p>\n<p>La medicina frecuencial plantea que el bienestar no depende \u00fanicamente de intervenciones externas. \u201c<b>Cuando el campo vuelve a organizarse, el cuerpo f\u00edsico acompa\u00f1a.<\/b> Recuperar coherencia es recordar que somos sistemas inteligentes capaces de autorregularnos\u201d, concluye.<\/p>\n<p>A diferencia de otros enfoques centrados en protocolos estandarizados, la medicina frecuencial plantea procesos personalizados y progresivos. Busca transformaciones sostenibles en el tiempo, acompa\u00f1ando los ritmos biol\u00f3gicos propios de cada persona. La observaci\u00f3n continua y el ajuste fino forman parte del m\u00e9todo, que entiende la salud como un proceso din\u00e1mico m\u00e1s que como una meta fija. En ese sentido, propone una relaci\u00f3n m\u00e1s consciente y menos reactiva con el propio cuerpo. <b>La salud se redefine como armon\u00eda entre frecuencia interna y entorno.<\/b><\/p>\n<p>\u200bUn abordaje que integra biof\u00edsica, conciencia y pr\u00e1cticas concretas propone leer la enfermedad como p\u00e9rdida de organizaci\u00f3n interna\u00a0\u00a0<\/p>","protected":false},"excerpt":{"rendered":"<p>Nikola Tesla (1856-1943) vio en su tiempo lo que nos sorprende en nuestro presente. \u201cSi&#8230;<\/p>\n","protected":false},"author":1,"featured_media":16886,"comment_status":"closed","ping_status":"closed","sticky":false,"template":"","format":"standard","meta":{"_jetpack_memberships_contains_paid_content":false,"footnotes":"","jetpack_publicize_message":"","jetpack_publicize_feature_enabled":true,"jetpack_social_post_already_shared":true,"jetpack_social_options":{"image_generator_settings":{"template":"highway","default_image_id":0,"font":"","enabled":false},"version":2}},"categories":[89],"tags":[],"class_list":["post-16885","post","type-post","status-publish","format-standard","has-post-thumbnail","hentry","category-nacionales"],"yoast_head":"<!-- This site is optimized with the Yoast SEO plugin v27.4 - https:\/\/yoast.com\/product\/yoast-seo-wordpress\/ -->\n<title>Qu\u00e9 es la medicina frecuencial: el m\u00e9todo que combina biof\u00edsica, energ\u00eda y conciencia -<\/title>\n<meta name=\"robots\" content=\"index, follow, max-snippet:-1, max-image-preview:large, max-video-preview:-1\" \/>\n<link rel=\"canonical\" href=\"https:\/\/impactocastex.com.ar\/?p=16885\" \/>\n<meta property=\"og:locale\" content=\"es_ES\" \/>\n<meta property=\"og:type\" content=\"article\" \/>\n<meta property=\"og:title\" content=\"Qu\u00e9 es la medicina frecuencial: el m\u00e9todo que combina biof\u00edsica, energ\u00eda y conciencia -\" \/>\n<meta property=\"og:description\" content=\"Nikola Tesla (1856-1943) vio en su tiempo lo que nos sorprende en nuestro presente. \u201cSi...\" \/>\n<meta property=\"og:url\" content=\"https:\/\/impactocastex.com.ar\/?p=16885\" \/>\n<meta property=\"article:publisher\" content=\"https:\/\/www.facebook.com\/impactocastexdiario\" \/>\n<meta property=\"article:published_time\" content=\"2026-04-30T16:21:03+00:00\" \/>\n<meta property=\"og:image\" content=\"https:\/\/resizer.glanacion.com\/resizer\/v2\/OT26J6VUKJHJJIAZVD72BTZKEE.JPG?auth=475f18087bf310670670cc4130c34ea2dbfc9d6888bb4c44b1e29d7fbfb62f0e&amp;smart=true&amp;width=2000&amp;height=1333\" \/>\n<meta name=\"author\" content=\"impactocastex\" \/>\n<meta name=\"twitter:card\" content=\"summary_large_image\" \/>\n<meta name=\"twitter:label1\" content=\"Escrito por\" \/>\n\t<meta name=\"twitter:data1\" content=\"impactocastex\" \/>\n\t<meta name=\"twitter:label2\" content=\"Tiempo de lectura\" \/>\n\t<meta name=\"twitter:data2\" content=\"4 minutos\" \/>\n<script type=\"application\/ld+json\" class=\"yoast-schema-graph\">{\"@context\":\"https:\\\/\\\/schema.org\",\"@graph\":[{\"@type\":\"Article\",\"@id\":\"https:\\\/\\\/impactocastex.com.ar\\\/?p=16885#article\",\"isPartOf\":{\"@id\":\"https:\\\/\\\/impactocastex.com.ar\\\/?p=16885\"},\"author\":{\"name\":\"impactocastex\",\"@id\":\"https:\\\/\\\/impactocastex.com.ar\\\/#\\\/schema\\\/person\\\/86cb4f827fb5f87869a239b98a69c6e3\"},\"headline\":\"Qu\u00e9 es la medicina frecuencial: el m\u00e9todo que combina biof\u00edsica, energ\u00eda y conciencia\",\"datePublished\":\"2026-04-30T16:21:03+00:00\",\"mainEntityOfPage\":{\"@id\":\"https:\\\/\\\/impactocastex.com.ar\\\/?p=16885\"},\"wordCount\":883,\"publisher\":{\"@id\":\"https:\\\/\\\/impactocastex.com.ar\\\/#organization\"},\"image\":{\"@id\":\"https:\\\/\\\/impactocastex.com.ar\\\/?p=16885#primaryimage\"},\"thumbnailUrl\":\"https:\\\/\\\/impactocastex.com.ar\\\/wp-content\\\/uploads\\\/2026\\\/04\\\/4WI53HEX7VAWZCVSKN4CUD5YGQ-zzU6wl.jpg\",\"articleSection\":[\"NACIONALES\"],\"inLanguage\":\"es\"},{\"@type\":\"WebPage\",\"@id\":\"https:\\\/\\\/impactocastex.com.ar\\\/?p=16885\",\"url\":\"https:\\\/\\\/impactocastex.com.ar\\\/?p=16885\",\"name\":\"Qu\u00e9 es la medicina frecuencial: el m\u00e9todo que combina biof\u00edsica, energ\u00eda y conciencia -\",\"isPartOf\":{\"@id\":\"https:\\\/\\\/impactocastex.com.ar\\\/#website\"},\"primaryImageOfPage\":{\"@id\":\"https:\\\/\\\/impactocastex.com.ar\\\/?p=16885#primaryimage\"},\"image\":{\"@id\":\"https:\\\/\\\/impactocastex.com.ar\\\/?p=16885#primaryimage\"},\"thumbnailUrl\":\"https:\\\/\\\/impactocastex.com.ar\\\/wp-content\\\/uploads\\\/2026\\\/04\\\/4WI53HEX7VAWZCVSKN4CUD5YGQ-zzU6wl.jpg\",\"datePublished\":\"2026-04-30T16:21:03+00:00\",\"breadcrumb\":{\"@id\":\"https:\\\/\\\/impactocastex.com.ar\\\/?p=16885#breadcrumb\"},\"inLanguage\":\"es\",\"potentialAction\":[{\"@type\":\"ReadAction\",\"target\":[\"https:\\\/\\\/impactocastex.com.ar\\\/?p=16885\"]}]},{\"@type\":\"ImageObject\",\"inLanguage\":\"es\",\"@id\":\"https:\\\/\\\/impactocastex.com.ar\\\/?p=16885#primaryimage\",\"url\":\"https:\\\/\\\/impactocastex.com.ar\\\/wp-content\\\/uploads\\\/2026\\\/04\\\/4WI53HEX7VAWZCVSKN4CUD5YGQ-zzU6wl.jpg\",\"contentUrl\":\"https:\\\/\\\/impactocastex.com.ar\\\/wp-content\\\/uploads\\\/2026\\\/04\\\/4WI53HEX7VAWZCVSKN4CUD5YGQ-zzU6wl.jpg\",\"width\":2000,\"height\":1333},{\"@type\":\"BreadcrumbList\",\"@id\":\"https:\\\/\\\/impactocastex.com.ar\\\/?p=16885#breadcrumb\",\"itemListElement\":[{\"@type\":\"ListItem\",\"position\":1,\"name\":\"Portada\",\"item\":\"https:\\\/\\\/impactocastex.com.ar\\\/\"},{\"@type\":\"ListItem\",\"position\":2,\"name\":\"Qu\u00e9 es la medicina frecuencial: el m\u00e9todo que combina biof\u00edsica, energ\u00eda y conciencia\"}]},{\"@type\":\"WebSite\",\"@id\":\"https:\\\/\\\/impactocastex.com.ar\\\/#website\",\"url\":\"https:\\\/\\\/impactocastex.com.ar\\\/\",\"name\":\"Impacto Castex\",\"description\":\"\",\"publisher\":{\"@id\":\"https:\\\/\\\/impactocastex.com.ar\\\/#organization\"},\"potentialAction\":[{\"@type\":\"SearchAction\",\"target\":{\"@type\":\"EntryPoint\",\"urlTemplate\":\"https:\\\/\\\/impactocastex.com.ar\\\/?s={search_term_string}\"},\"query-input\":{\"@type\":\"PropertyValueSpecification\",\"valueRequired\":true,\"valueName\":\"search_term_string\"}}],\"inLanguage\":\"es\"},{\"@type\":\"Organization\",\"@id\":\"https:\\\/\\\/impactocastex.com.ar\\\/#organization\",\"name\":\"Impacto Castex\",\"url\":\"https:\\\/\\\/impactocastex.com.ar\\\/\",\"logo\":{\"@type\":\"ImageObject\",\"inLanguage\":\"es\",\"@id\":\"https:\\\/\\\/impactocastex.com.ar\\\/#\\\/schema\\\/logo\\\/image\\\/\",\"url\":\"https:\\\/\\\/impactocastex.com.ar\\\/wp-content\\\/uploads\\\/2025\\\/09\\\/cropped-icoweb.png\",\"contentUrl\":\"https:\\\/\\\/impactocastex.com.ar\\\/wp-content\\\/uploads\\\/2025\\\/09\\\/cropped-icoweb.png\",\"width\":512,\"height\":512,\"caption\":\"Impacto Castex\"},\"image\":{\"@id\":\"https:\\\/\\\/impactocastex.com.ar\\\/#\\\/schema\\\/logo\\\/image\\\/\"},\"sameAs\":[\"https:\\\/\\\/www.facebook.com\\\/impactocastexdiario\",\"https:\\\/\\\/www.instagram.com\\\/impactocastex.com.ar\\\/\"]},{\"@type\":\"Person\",\"@id\":\"https:\\\/\\\/impactocastex.com.ar\\\/#\\\/schema\\\/person\\\/86cb4f827fb5f87869a239b98a69c6e3\",\"name\":\"impactocastex\",\"image\":{\"@type\":\"ImageObject\",\"inLanguage\":\"es\",\"@id\":\"https:\\\/\\\/secure.gravatar.com\\\/avatar\\\/9a87ee051ca8c77f5d4070843ce2c78cdf95b858b950fb039151de955122f5f5?s=96&d=mm&r=g\",\"url\":\"https:\\\/\\\/secure.gravatar.com\\\/avatar\\\/9a87ee051ca8c77f5d4070843ce2c78cdf95b858b950fb039151de955122f5f5?s=96&d=mm&r=g\",\"contentUrl\":\"https:\\\/\\\/secure.gravatar.com\\\/avatar\\\/9a87ee051ca8c77f5d4070843ce2c78cdf95b858b950fb039151de955122f5f5?s=96&d=mm&r=g\",\"caption\":\"impactocastex\"},\"sameAs\":[\"https:\\\/\\\/impactocastex.com.ar\"],\"url\":\"https:\\\/\\\/impactocastex.com.ar\\\/?author=1\"}]}<\/script>\n<!-- \/ Yoast SEO plugin. -->","yoast_head_json":{"title":"Qu\u00e9 es la medicina frecuencial: el m\u00e9todo que combina biof\u00edsica, energ\u00eda y conciencia -","robots":{"index":"index","follow":"follow","max-snippet":"max-snippet:-1","max-image-preview":"max-image-preview:large","max-video-preview":"max-video-preview:-1"},"canonical":"https:\/\/impactocastex.com.ar\/?p=16885","og_locale":"es_ES","og_type":"article","og_title":"Qu\u00e9 es la medicina frecuencial: el m\u00e9todo que combina biof\u00edsica, energ\u00eda y conciencia -","og_description":"Nikola Tesla (1856-1943) vio en su tiempo lo que nos sorprende en nuestro presente. \u201cSi...","og_url":"https:\/\/impactocastex.com.ar\/?p=16885","article_publisher":"https:\/\/www.facebook.com\/impactocastexdiario","article_published_time":"2026-04-30T16:21:03+00:00","og_image":[{"url":"https:\/\/resizer.glanacion.com\/resizer\/v2\/OT26J6VUKJHJJIAZVD72BTZKEE.JPG?auth=475f18087bf310670670cc4130c34ea2dbfc9d6888bb4c44b1e29d7fbfb62f0e&amp;smart=true&amp;width=2000&amp;height=1333","type":"","width":"","height":""}],"author":"impactocastex","twitter_card":"summary_large_image","twitter_misc":{"Escrito por":"impactocastex","Tiempo de lectura":"4 minutos"},"schema":{"@context":"https:\/\/schema.org","@graph":[{"@type":"Article","@id":"https:\/\/impactocastex.com.ar\/?p=16885#article","isPartOf":{"@id":"https:\/\/impactocastex.com.ar\/?p=16885"},"author":{"name":"impactocastex","@id":"https:\/\/impactocastex.com.ar\/#\/schema\/person\/86cb4f827fb5f87869a239b98a69c6e3"},"headline":"Qu\u00e9 es la medicina frecuencial: el m\u00e9todo que combina biof\u00edsica, energ\u00eda y conciencia","datePublished":"2026-04-30T16:21:03+00:00","mainEntityOfPage":{"@id":"https:\/\/impactocastex.com.ar\/?p=16885"},"wordCount":883,"publisher":{"@id":"https:\/\/impactocastex.com.ar\/#organization"},"image":{"@id":"https:\/\/impactocastex.com.ar\/?p=16885#primaryimage"},"thumbnailUrl":"https:\/\/impactocastex.com.ar\/wp-content\/uploads\/2026\/04\/4WI53HEX7VAWZCVSKN4CUD5YGQ-zzU6wl.jpg","articleSection":["NACIONALES"],"inLanguage":"es"},{"@type":"WebPage","@id":"https:\/\/impactocastex.com.ar\/?p=16885","url":"https:\/\/impactocastex.com.ar\/?p=16885","name":"Qu\u00e9 es la medicina frecuencial: el m\u00e9todo que combina biof\u00edsica, energ\u00eda y conciencia -","isPartOf":{"@id":"https:\/\/impactocastex.com.ar\/#website"},"primaryImageOfPage":{"@id":"https:\/\/impactocastex.com.ar\/?p=16885#primaryimage"},"image":{"@id":"https:\/\/impactocastex.com.ar\/?p=16885#primaryimage"},"thumbnailUrl":"https:\/\/impactocastex.com.ar\/wp-content\/uploads\/2026\/04\/4WI53HEX7VAWZCVSKN4CUD5YGQ-zzU6wl.jpg","datePublished":"2026-04-30T16:21:03+00:00","breadcrumb":{"@id":"https:\/\/impactocastex.com.ar\/?p=16885#breadcrumb"},"inLanguage":"es","potentialAction":[{"@type":"ReadAction","target":["https:\/\/impactocastex.com.ar\/?p=16885"]}]},{"@type":"ImageObject","inLanguage":"es","@id":"https:\/\/impactocastex.com.ar\/?p=16885#primaryimage","url":"https:\/\/impactocastex.com.ar\/wp-content\/uploads\/2026\/04\/4WI53HEX7VAWZCVSKN4CUD5YGQ-zzU6wl.jpg","contentUrl":"https:\/\/impactocastex.com.ar\/wp-content\/uploads\/2026\/04\/4WI53HEX7VAWZCVSKN4CUD5YGQ-zzU6wl.jpg","width":2000,"height":1333},{"@type":"BreadcrumbList","@id":"https:\/\/impactocastex.com.ar\/?p=16885#breadcrumb","itemListElement":[{"@type":"ListItem","position":1,"name":"Portada","item":"https:\/\/impactocastex.com.ar\/"},{"@type":"ListItem","position":2,"name":"Qu\u00e9 es la medicina frecuencial: el m\u00e9todo que combina biof\u00edsica, energ\u00eda y conciencia"}]},{"@type":"WebSite","@id":"https:\/\/impactocastex.com.ar\/#website","url":"https:\/\/impactocastex.com.ar\/","name":"Impacto Castex","description":"","publisher":{"@id":"https:\/\/impactocastex.com.ar\/#organization"},"potentialAction":[{"@type":"SearchAction","target":{"@type":"EntryPoint","urlTemplate":"https:\/\/impactocastex.com.ar\/?s={search_term_string}"},"query-input":{"@type":"PropertyValueSpecification","valueRequired":true,"valueName":"search_term_string"}}],"inLanguage":"es"},{"@type":"Organization","@id":"https:\/\/impactocastex.com.ar\/#organization","name":"Impacto Castex","url":"https:\/\/impactocastex.com.ar\/","logo":{"@type":"ImageObject","inLanguage":"es","@id":"https:\/\/impactocastex.com.ar\/#\/schema\/logo\/image\/","url":"https:\/\/impactocastex.com.ar\/wp-content\/uploads\/2025\/09\/cropped-icoweb.png","contentUrl":"https:\/\/impactocastex.com.ar\/wp-content\/uploads\/2025\/09\/cropped-icoweb.png","width":512,"height":512,"caption":"Impacto Castex"},"image":{"@id":"https:\/\/impactocastex.com.ar\/#\/schema\/logo\/image\/"},"sameAs":["https:\/\/www.facebook.com\/impactocastexdiario","https:\/\/www.instagram.com\/impactocastex.com.ar\/"]},{"@type":"Person","@id":"https:\/\/impactocastex.com.ar\/#\/schema\/person\/86cb4f827fb5f87869a239b98a69c6e3","name":"impactocastex","image":{"@type":"ImageObject","inLanguage":"es","@id":"https:\/\/secure.gravatar.com\/avatar\/9a87ee051ca8c77f5d4070843ce2c78cdf95b858b950fb039151de955122f5f5?s=96&d=mm&r=g","url":"https:\/\/secure.gravatar.com\/avatar\/9a87ee051ca8c77f5d4070843ce2c78cdf95b858b950fb039151de955122f5f5?s=96&d=mm&r=g","contentUrl":"https:\/\/secure.gravatar.com\/avatar\/9a87ee051ca8c77f5d4070843ce2c78cdf95b858b950fb039151de955122f5f5?s=96&d=mm&r=g","caption":"impactocastex"},"sameAs":["https:\/\/impactocastex.com.ar"],"url":"https:\/\/impactocastex.com.ar\/?author=1"}]}},"jetpack_publicize_connections":[],"featured_image_urls":{"full":["https:\/\/impactocastex.com.ar\/wp-content\/uploads\/2026\/04\/4WI53HEX7VAWZCVSKN4CUD5YGQ-zzU6wl.jpg",2000,1333,false],"thumbnail":["https:\/\/impactocastex.com.ar\/wp-content\/uploads\/2026\/04\/4WI53HEX7VAWZCVSKN4CUD5YGQ-zzU6wl-150x150.jpg",150,150,true],"medium":["https:\/\/impactocastex.com.ar\/wp-content\/uploads\/2026\/04\/4WI53HEX7VAWZCVSKN4CUD5YGQ-zzU6wl-300x200.jpg",300,200,true],"medium_large":["https:\/\/impactocastex.com.ar\/wp-content\/uploads\/2026\/04\/4WI53HEX7VAWZCVSKN4CUD5YGQ-zzU6wl-768x512.jpg",640,427,true],"large":["https:\/\/impactocastex.com.ar\/wp-content\/uploads\/2026\/04\/4WI53HEX7VAWZCVSKN4CUD5YGQ-zzU6wl-1024x682.jpg",640,426,true],"1536x1536":["https:\/\/impactocastex.com.ar\/wp-content\/uploads\/2026\/04\/4WI53HEX7VAWZCVSKN4CUD5YGQ-zzU6wl-1536x1024.jpg",1536,1024,true],"2048x2048":["https:\/\/impactocastex.com.ar\/wp-content\/uploads\/2026\/04\/4WI53HEX7VAWZCVSKN4CUD5YGQ-zzU6wl.jpg",2000,1333,false],"newsever-slider-full":["https:\/\/impactocastex.com.ar\/wp-content\/uploads\/2026\/04\/4WI53HEX7VAWZCVSKN4CUD5YGQ-zzU6wl-1280x845.jpg",1280,845,true],"newsever-featured":["https:\/\/impactocastex.com.ar\/wp-content\/uploads\/2026\/04\/4WI53HEX7VAWZCVSKN4CUD5YGQ-zzU6wl-1024x682.jpg",1024,682,true],"newsever-medium":["https:\/\/impactocastex.com.ar\/wp-content\/uploads\/2026\/04\/4WI53HEX7VAWZCVSKN4CUD5YGQ-zzU6wl-720x475.jpg",720,475,true]},"author_info":{"info":["impactocastex"]},"category_info":"<a href=\"https:\/\/impactocastex.com.ar\/?cat=89\" rel=\"category\">NACIONALES<\/a>","tag_info":"NACIONALES","comment_count":0,"jetpack_featured_media_url":"https:\/\/impactocastex.com.ar\/wp-content\/uploads\/2026\/04\/4WI53HEX7VAWZCVSKN4CUD5YGQ-zzU6wl.jpg","jetpack_sharing_enabled":true,"jetpack_likes_enabled":true,"jetpack_shortlink":"https:\/\/wp.me\/p7sopA-4ol","_links":{"self":[{"href":"https:\/\/impactocastex.com.ar\/index.php?rest_route=\/wp\/v2\/posts\/16885","targetHints":{"allow":["GET"]}}],"collection":[{"href":"https:\/\/impactocastex.com.ar\/index.php?rest_route=\/wp\/v2\/posts"}],"about":[{"href":"https:\/\/impactocastex.com.ar\/index.php?rest_route=\/wp\/v2\/types\/post"}],"author":[{"embeddable":true,"href":"https:\/\/impactocastex.com.ar\/index.php?rest_route=\/wp\/v2\/users\/1"}],"replies":[{"embeddable":true,"href":"https:\/\/impactocastex.com.ar\/index.php?rest_route=%2Fwp%2Fv2%2Fcomments&post=16885"}],"version-history":[{"count":0,"href":"https:\/\/impactocastex.com.ar\/index.php?rest_route=\/wp\/v2\/posts\/16885\/revisions"}],"wp:featuredmedia":[{"embeddable":true,"href":"https:\/\/impactocastex.com.ar\/index.php?rest_route=\/wp\/v2\/media\/16886"}],"wp:attachment":[{"href":"https:\/\/impactocastex.com.ar\/index.php?rest_route=%2Fwp%2Fv2%2Fmedia&parent=16885"}],"wp:term":[{"taxonomy":"category","embeddable":true,"href":"https:\/\/impactocastex.com.ar\/index.php?rest_route=%2Fwp%2Fv2%2Fcategories&post=16885"},{"taxonomy":"post_tag","embeddable":true,"href":"https:\/\/impactocastex.com.ar\/index.php?rest_route=%2Fwp%2Fv2%2Ftags&post=16885"}],"curies":[{"name":"wp","href":"https:\/\/api.w.org\/{rel}","templated":true}]}}