{"id":16881,"date":"2026-04-30T10:30:39","date_gmt":"2026-04-30T13:30:39","guid":{"rendered":"https:\/\/impactocastex.com.ar\/?p=16881"},"modified":"2026-04-30T10:30:39","modified_gmt":"2026-04-30T13:30:39","slug":"el-encargado-llego-un-dia-antes-de-lo-previsto-sin-dar-demasiadas-explicaciones","status":"publish","type":"post","link":"https:\/\/impactocastex.com.ar\/?p=16881","title":{"rendered":"El Encargado lleg\u00f3 un d\u00eda antes de lo previsto sin dar demasiadas explicaciones"},"content":{"rendered":"<div><img decoding=\"async\" src=\"https:\/\/www.clarin.com\/img\/2026\/04\/30\/8ZyY2CU0c_2000x1500__1.jpg\" class=\"ff-og-image-inserted\" \/><\/div>\n<div>\n<p>La estrategia de expectativa que hab\u00eda desplegado Disney+ para el estreno de la cuarta temporada de<strong> El encargado <\/strong>dio un giro inesperado en la madrugada de este jueves. Sin previo aviso, <strong>la plataforma liber\u00f3 todos los episodios a las 4 de la ma\u00f1ana, adelant\u00e1ndose a la fecha anunciada del viernes 1\u00b0 de mayo.<\/strong><\/p>\n<\/div>\n<div>\n<p>La decisi\u00f3n no s\u00f3lo sorprendi\u00f3 a los fan\u00e1ticos de la serie protagonizada por <strong>Guillermo Francella<\/strong>, sino que tambi\u00e9n rompe con una de las tendencias m\u00e1s instaladas del<em> streaming<\/em> en el \u00faltimo tiempo: <strong>el estreno semanal o escalonado.<\/strong> <\/p>\n<\/div>\n<div>\n<p>En este caso, la apuesta fue opuesta: <strong>disponibilidad total de la cuarta temporada completa desde el primer minuto<\/strong> para incentivar una conversaci\u00f3n inmediata en redes.<\/p>\n<\/div>\n<div>\n<p>El movimiento<strong> forma parte de una jugada de marketing que busca amplificar el impacto del lanzamiento,<\/strong> apelando al efecto sorpresa y a <strong>la viralizaci\u00f3n espont\u00e1nea entre los seguidores de la historia de Eliseo<\/strong>, el encargado m\u00e1s inquietante y estratega de la televisi\u00f3n argentina.<\/p>\n<\/div>\n<div>\n<p>\u00abFiel al estilo impredecible de su protagonista,\u00a0<strong>Eliseo no s\u00f3lo\u00a0enga\u00f1\u00f3 a\u00a0todos<\/strong>,\u00a0sino que tambi\u00e9n logr\u00f3 que\u00a0los nuevos episodios\u00a0llegaran\u00a0a la plataforma\u00a0de\u00a0streaming\u00a0un d\u00eda antes de su estreno\u00bb, informa el comunicado, <strong>como si los personajes de ficci\u00f3n interfirieran en la realidad<\/strong>.<\/p>\n<\/div>\n<div>\n<p>Pero no es la \u00fanica novedad. <strong>Desde la plataforma confirmaron que la temporada incluye una escena post cr\u00e9ditos en el \u00faltimo episodio<\/strong>, un gui\u00f1o pensado especialmente para los fans m\u00e1s atentos del universo de la serie.<\/p>\n<\/div>\n<div>\n<p>Adem\u00e1s, la experiencia trasciende la pantalla. En la Ciudad de Buenos Aires, quienes quieran sumarse al fen\u00f3meno de esta serie nacida de la usina <strong>Mariano Cohn &amp; Gast\u00f3n Duprat<\/strong> podr\u00e1n acercarse a<strong> una activaci\u00f3n especial en Barrancas de Belgrano, donde se instal\u00f3 una estatua del personaje interpretado por Francella.<\/strong><\/p>\n<\/div>\n<div>\n<div class=\"sc-e1444937-1 cndXWK videoText videoText\" aria-hidden=\"true\">\n<h2>Video<\/h2>\n<p>El Encargado tendr\u00e1 su propia estatua en Buenos Aires<\/p>\n<\/div>\n<\/div>\n<div>\n<p>La propuesta estar\u00e1 disponible <strong>desde el 30 de abril hasta el 3 de mayo, entre las 11 y las 19<\/strong>, y permitir\u00e1 a los seguidores sacarse fotos con una r\u00e9plica del emblem\u00e1tico Eliseo.<\/p>\n<\/div>\n<div>\n<p>En la nueva temporada el personaje de Francella <strong>se convierte en la persona m\u00e1s influyente del pa\u00eds<\/strong>, pero una conspiraci\u00f3n encabezada por su hist\u00f3rico rival, Mat\u00edas Zambrano (<strong>Gabriel Goity<\/strong>), amenaza con llevar a Eliseo a la ruina. <strong>El duelo entre ambos personajes cruzar\u00e1 todo tipo de l\u00edmites. Eliseo juega a todo o nada<\/strong>, poniendo en riesgo su propia vida.<\/p>\n<\/div>\n<div>\n<p>Y, como todo en la vida de Eliseo,<strong> incluso el final\u2026 puede no ser el final<\/strong>. El episodio 7, el \u00faltimo de esta tanda, <strong>guarda una sorpresa despu\u00e9s de los cr\u00e9ditos<\/strong>.<\/p>\n<\/div>\n<div>\n<p>Los nuevos episodios de la serie marcan el regreso de Manuel Vicente (G\u00f3mez), Gast\u00f3n Cocchiarale (Miguel) y la incorporaci\u00f3n de <strong>Arturo Puig <\/strong>(presidente). Tambi\u00e9n participan Daniel Ar\u00e1oz (Froil\u00e1n), Miriam Odorico (Susana Barreto), Micaela Riera (Marina), Agostina Inella (Lola), Mart\u00edn Slipak (Maxi), M\u00f3nica Raiola (Martucha), Azul Fern\u00e1ndez (Chiara Di Lella), Viviana Puerta (Romina Zambrano), Alan Sabbagh (Nacho Barreto), Jos\u00e9 Mar\u00eda Listorti (Quico Morales) y Alejandro Paker (Messina) regresan en esta nueva temporada.<\/p>\n<\/div>\n<div>\n<p>Y, <strong>a diez d\u00edas de su muerte, se podr\u00e1 ver la participaci\u00f3n de Luis Brandoni (Polaco)<\/strong>, en un pu\u00f1adito de escenas a modo de gui\u00f1o que \u00e9l y Francella ten\u00edan como ritual: uno aparece un ratito en la historia protagonizada por el otro (como Francella en<strong> Nada<\/strong>).<\/p>\n<\/div>\n<div>\n<p>Y tambi\u00e9n se ver\u00e1 a otros grandes actores como <strong>Benjam\u00edn Vicu\u00f1a <\/strong>(Gaspar Schuster), Diego Vel\u00e1zquez (jefe de Gabinete), Miguel Varoni (Pedro Coral),<strong> Claudia Font\u00e1n <\/strong>(Clarita), <strong>Adriana\u202fAizemberg <\/strong>(Consuelo\u202fSalustri), Jorge\u202fD&#8217;El\u00eda\u202f(General\u202fSalustri), <strong>Norman\u202fBriski<\/strong> (Rom\u00e1n Loyola) y Mirta\u202fBusnelli (Tatiana).<\/p>\n<\/div>\n<p><strong><a href=\"https:\/\/blockads.fivefilters.org\/\">Adblock test<\/a><\/strong> <a href=\"https:\/\/blockads.fivefilters.org\/acceptable.html\">(Why?)<\/a><\/p>\n<p>\u200b\u00a0\u00a0<\/p>","protected":false},"excerpt":{"rendered":"<p>La estrategia de expectativa que hab\u00eda desplegado Disney+ para el estreno de la cuarta temporada&#8230;<\/p>\n","protected":false},"author":1,"featured_media":16882,"comment_status":"closed","ping_status":"closed","sticky":false,"template":"","format":"standard","meta":{"_jetpack_memberships_contains_paid_content":false,"footnotes":"","jetpack_publicize_message":"","jetpack_publicize_feature_enabled":true,"jetpack_social_post_already_shared":true,"jetpack_social_options":{"image_generator_settings":{"template":"highway","default_image_id":0,"font":"","enabled":false},"version":2}},"categories":[88],"tags":[],"class_list":["post-16881","post","type-post","status-publish","format-standard","has-post-thumbnail","hentry","category-espectaculos"],"yoast_head":"<!-- This site is optimized with the Yoast SEO plugin v27.4 - https:\/\/yoast.com\/product\/yoast-seo-wordpress\/ -->\n<title>El Encargado lleg\u00f3 un d\u00eda antes de lo previsto sin dar demasiadas explicaciones -<\/title>\n<meta name=\"robots\" content=\"index, follow, max-snippet:-1, max-image-preview:large, max-video-preview:-1\" \/>\n<link rel=\"canonical\" href=\"https:\/\/impactocastex.com.ar\/?p=16881\" \/>\n<meta property=\"og:locale\" content=\"es_ES\" \/>\n<meta property=\"og:type\" content=\"article\" \/>\n<meta property=\"og:title\" content=\"El Encargado lleg\u00f3 un d\u00eda antes de lo previsto sin dar demasiadas explicaciones -\" \/>\n<meta property=\"og:description\" content=\"La estrategia de expectativa que hab\u00eda desplegado Disney+ para el estreno de la cuarta temporada...\" \/>\n<meta property=\"og:url\" content=\"https:\/\/impactocastex.com.ar\/?p=16881\" \/>\n<meta property=\"article:publisher\" content=\"https:\/\/www.facebook.com\/impactocastexdiario\" \/>\n<meta property=\"article:published_time\" content=\"2026-04-30T13:30:39+00:00\" \/>\n<meta property=\"og:image\" content=\"https:\/\/www.clarin.com\/img\/2026\/04\/30\/8ZyY2CU0c_2000x1500__1.jpg\" \/>\n<meta name=\"author\" content=\"impactocastex\" \/>\n<meta name=\"twitter:card\" content=\"summary_large_image\" \/>\n<meta name=\"twitter:label1\" content=\"Escrito por\" \/>\n\t<meta name=\"twitter:data1\" content=\"impactocastex\" \/>\n\t<meta name=\"twitter:label2\" content=\"Tiempo de lectura\" \/>\n\t<meta name=\"twitter:data2\" content=\"3 minutos\" \/>\n<script type=\"application\/ld+json\" class=\"yoast-schema-graph\">{\"@context\":\"https:\\\/\\\/schema.org\",\"@graph\":[{\"@type\":\"Article\",\"@id\":\"https:\\\/\\\/impactocastex.com.ar\\\/?p=16881#article\",\"isPartOf\":{\"@id\":\"https:\\\/\\\/impactocastex.com.ar\\\/?p=16881\"},\"author\":{\"name\":\"impactocastex\",\"@id\":\"https:\\\/\\\/impactocastex.com.ar\\\/#\\\/schema\\\/person\\\/86cb4f827fb5f87869a239b98a69c6e3\"},\"headline\":\"El Encargado lleg\u00f3 un d\u00eda antes de lo previsto sin dar demasiadas explicaciones\",\"datePublished\":\"2026-04-30T13:30:39+00:00\",\"mainEntityOfPage\":{\"@id\":\"https:\\\/\\\/impactocastex.com.ar\\\/?p=16881\"},\"wordCount\":649,\"publisher\":{\"@id\":\"https:\\\/\\\/impactocastex.com.ar\\\/#organization\"},\"image\":{\"@id\":\"https:\\\/\\\/impactocastex.com.ar\\\/?p=16881#primaryimage\"},\"thumbnailUrl\":\"https:\\\/\\\/impactocastex.com.ar\\\/wp-content\\\/uploads\\\/2026\\\/04\\\/ZkLoAHowO_1200x630__1-O6y2bY.jpg\",\"articleSection\":[\"ESPECTACULOS\"],\"inLanguage\":\"es\"},{\"@type\":\"WebPage\",\"@id\":\"https:\\\/\\\/impactocastex.com.ar\\\/?p=16881\",\"url\":\"https:\\\/\\\/impactocastex.com.ar\\\/?p=16881\",\"name\":\"El Encargado lleg\u00f3 un d\u00eda antes de lo previsto sin dar demasiadas explicaciones -\",\"isPartOf\":{\"@id\":\"https:\\\/\\\/impactocastex.com.ar\\\/#website\"},\"primaryImageOfPage\":{\"@id\":\"https:\\\/\\\/impactocastex.com.ar\\\/?p=16881#primaryimage\"},\"image\":{\"@id\":\"https:\\\/\\\/impactocastex.com.ar\\\/?p=16881#primaryimage\"},\"thumbnailUrl\":\"https:\\\/\\\/impactocastex.com.ar\\\/wp-content\\\/uploads\\\/2026\\\/04\\\/ZkLoAHowO_1200x630__1-O6y2bY.jpg\",\"datePublished\":\"2026-04-30T13:30:39+00:00\",\"breadcrumb\":{\"@id\":\"https:\\\/\\\/impactocastex.com.ar\\\/?p=16881#breadcrumb\"},\"inLanguage\":\"es\",\"potentialAction\":[{\"@type\":\"ReadAction\",\"target\":[\"https:\\\/\\\/impactocastex.com.ar\\\/?p=16881\"]}]},{\"@type\":\"ImageObject\",\"inLanguage\":\"es\",\"@id\":\"https:\\\/\\\/impactocastex.com.ar\\\/?p=16881#primaryimage\",\"url\":\"https:\\\/\\\/impactocastex.com.ar\\\/wp-content\\\/uploads\\\/2026\\\/04\\\/ZkLoAHowO_1200x630__1-O6y2bY.jpg\",\"contentUrl\":\"https:\\\/\\\/impactocastex.com.ar\\\/wp-content\\\/uploads\\\/2026\\\/04\\\/ZkLoAHowO_1200x630__1-O6y2bY.jpg\",\"width\":1200,\"height\":630},{\"@type\":\"BreadcrumbList\",\"@id\":\"https:\\\/\\\/impactocastex.com.ar\\\/?p=16881#breadcrumb\",\"itemListElement\":[{\"@type\":\"ListItem\",\"position\":1,\"name\":\"Portada\",\"item\":\"https:\\\/\\\/impactocastex.com.ar\\\/\"},{\"@type\":\"ListItem\",\"position\":2,\"name\":\"El Encargado lleg\u00f3 un d\u00eda antes de lo previsto sin dar demasiadas explicaciones\"}]},{\"@type\":\"WebSite\",\"@id\":\"https:\\\/\\\/impactocastex.com.ar\\\/#website\",\"url\":\"https:\\\/\\\/impactocastex.com.ar\\\/\",\"name\":\"Impacto Castex\",\"description\":\"\",\"publisher\":{\"@id\":\"https:\\\/\\\/impactocastex.com.ar\\\/#organization\"},\"potentialAction\":[{\"@type\":\"SearchAction\",\"target\":{\"@type\":\"EntryPoint\",\"urlTemplate\":\"https:\\\/\\\/impactocastex.com.ar\\\/?s={search_term_string}\"},\"query-input\":{\"@type\":\"PropertyValueSpecification\",\"valueRequired\":true,\"valueName\":\"search_term_string\"}}],\"inLanguage\":\"es\"},{\"@type\":\"Organization\",\"@id\":\"https:\\\/\\\/impactocastex.com.ar\\\/#organization\",\"name\":\"Impacto Castex\",\"url\":\"https:\\\/\\\/impactocastex.com.ar\\\/\",\"logo\":{\"@type\":\"ImageObject\",\"inLanguage\":\"es\",\"@id\":\"https:\\\/\\\/impactocastex.com.ar\\\/#\\\/schema\\\/logo\\\/image\\\/\",\"url\":\"https:\\\/\\\/impactocastex.com.ar\\\/wp-content\\\/uploads\\\/2025\\\/09\\\/cropped-icoweb.png\",\"contentUrl\":\"https:\\\/\\\/impactocastex.com.ar\\\/wp-content\\\/uploads\\\/2025\\\/09\\\/cropped-icoweb.png\",\"width\":512,\"height\":512,\"caption\":\"Impacto Castex\"},\"image\":{\"@id\":\"https:\\\/\\\/impactocastex.com.ar\\\/#\\\/schema\\\/logo\\\/image\\\/\"},\"sameAs\":[\"https:\\\/\\\/www.facebook.com\\\/impactocastexdiario\",\"https:\\\/\\\/www.instagram.com\\\/impactocastex.com.ar\\\/\"]},{\"@type\":\"Person\",\"@id\":\"https:\\\/\\\/impactocastex.com.ar\\\/#\\\/schema\\\/person\\\/86cb4f827fb5f87869a239b98a69c6e3\",\"name\":\"impactocastex\",\"image\":{\"@type\":\"ImageObject\",\"inLanguage\":\"es\",\"@id\":\"https:\\\/\\\/secure.gravatar.com\\\/avatar\\\/9a87ee051ca8c77f5d4070843ce2c78cdf95b858b950fb039151de955122f5f5?s=96&d=mm&r=g\",\"url\":\"https:\\\/\\\/secure.gravatar.com\\\/avatar\\\/9a87ee051ca8c77f5d4070843ce2c78cdf95b858b950fb039151de955122f5f5?s=96&d=mm&r=g\",\"contentUrl\":\"https:\\\/\\\/secure.gravatar.com\\\/avatar\\\/9a87ee051ca8c77f5d4070843ce2c78cdf95b858b950fb039151de955122f5f5?s=96&d=mm&r=g\",\"caption\":\"impactocastex\"},\"sameAs\":[\"https:\\\/\\\/impactocastex.com.ar\"],\"url\":\"https:\\\/\\\/impactocastex.com.ar\\\/?author=1\"}]}<\/script>\n<!-- \/ Yoast SEO plugin. -->","yoast_head_json":{"title":"El Encargado lleg\u00f3 un d\u00eda antes de lo previsto sin dar demasiadas explicaciones -","robots":{"index":"index","follow":"follow","max-snippet":"max-snippet:-1","max-image-preview":"max-image-preview:large","max-video-preview":"max-video-preview:-1"},"canonical":"https:\/\/impactocastex.com.ar\/?p=16881","og_locale":"es_ES","og_type":"article","og_title":"El Encargado lleg\u00f3 un d\u00eda antes de lo previsto sin dar demasiadas explicaciones -","og_description":"La estrategia de expectativa que hab\u00eda desplegado Disney+ para el estreno de la cuarta temporada...","og_url":"https:\/\/impactocastex.com.ar\/?p=16881","article_publisher":"https:\/\/www.facebook.com\/impactocastexdiario","article_published_time":"2026-04-30T13:30:39+00:00","og_image":[{"url":"https:\/\/www.clarin.com\/img\/2026\/04\/30\/8ZyY2CU0c_2000x1500__1.jpg","type":"","width":"","height":""}],"author":"impactocastex","twitter_card":"summary_large_image","twitter_misc":{"Escrito por":"impactocastex","Tiempo de lectura":"3 minutos"},"schema":{"@context":"https:\/\/schema.org","@graph":[{"@type":"Article","@id":"https:\/\/impactocastex.com.ar\/?p=16881#article","isPartOf":{"@id":"https:\/\/impactocastex.com.ar\/?p=16881"},"author":{"name":"impactocastex","@id":"https:\/\/impactocastex.com.ar\/#\/schema\/person\/86cb4f827fb5f87869a239b98a69c6e3"},"headline":"El Encargado lleg\u00f3 un d\u00eda antes de lo previsto sin dar demasiadas explicaciones","datePublished":"2026-04-30T13:30:39+00:00","mainEntityOfPage":{"@id":"https:\/\/impactocastex.com.ar\/?p=16881"},"wordCount":649,"publisher":{"@id":"https:\/\/impactocastex.com.ar\/#organization"},"image":{"@id":"https:\/\/impactocastex.com.ar\/?p=16881#primaryimage"},"thumbnailUrl":"https:\/\/impactocastex.com.ar\/wp-content\/uploads\/2026\/04\/ZkLoAHowO_1200x630__1-O6y2bY.jpg","articleSection":["ESPECTACULOS"],"inLanguage":"es"},{"@type":"WebPage","@id":"https:\/\/impactocastex.com.ar\/?p=16881","url":"https:\/\/impactocastex.com.ar\/?p=16881","name":"El Encargado lleg\u00f3 un d\u00eda antes de lo previsto sin dar demasiadas explicaciones -","isPartOf":{"@id":"https:\/\/impactocastex.com.ar\/#website"},"primaryImageOfPage":{"@id":"https:\/\/impactocastex.com.ar\/?p=16881#primaryimage"},"image":{"@id":"https:\/\/impactocastex.com.ar\/?p=16881#primaryimage"},"thumbnailUrl":"https:\/\/impactocastex.com.ar\/wp-content\/uploads\/2026\/04\/ZkLoAHowO_1200x630__1-O6y2bY.jpg","datePublished":"2026-04-30T13:30:39+00:00","breadcrumb":{"@id":"https:\/\/impactocastex.com.ar\/?p=16881#breadcrumb"},"inLanguage":"es","potentialAction":[{"@type":"ReadAction","target":["https:\/\/impactocastex.com.ar\/?p=16881"]}]},{"@type":"ImageObject","inLanguage":"es","@id":"https:\/\/impactocastex.com.ar\/?p=16881#primaryimage","url":"https:\/\/impactocastex.com.ar\/wp-content\/uploads\/2026\/04\/ZkLoAHowO_1200x630__1-O6y2bY.jpg","contentUrl":"https:\/\/impactocastex.com.ar\/wp-content\/uploads\/2026\/04\/ZkLoAHowO_1200x630__1-O6y2bY.jpg","width":1200,"height":630},{"@type":"BreadcrumbList","@id":"https:\/\/impactocastex.com.ar\/?p=16881#breadcrumb","itemListElement":[{"@type":"ListItem","position":1,"name":"Portada","item":"https:\/\/impactocastex.com.ar\/"},{"@type":"ListItem","position":2,"name":"El Encargado lleg\u00f3 un d\u00eda antes de lo previsto sin dar demasiadas explicaciones"}]},{"@type":"WebSite","@id":"https:\/\/impactocastex.com.ar\/#website","url":"https:\/\/impactocastex.com.ar\/","name":"Impacto Castex","description":"","publisher":{"@id":"https:\/\/impactocastex.com.ar\/#organization"},"potentialAction":[{"@type":"SearchAction","target":{"@type":"EntryPoint","urlTemplate":"https:\/\/impactocastex.com.ar\/?s={search_term_string}"},"query-input":{"@type":"PropertyValueSpecification","valueRequired":true,"valueName":"search_term_string"}}],"inLanguage":"es"},{"@type":"Organization","@id":"https:\/\/impactocastex.com.ar\/#organization","name":"Impacto Castex","url":"https:\/\/impactocastex.com.ar\/","logo":{"@type":"ImageObject","inLanguage":"es","@id":"https:\/\/impactocastex.com.ar\/#\/schema\/logo\/image\/","url":"https:\/\/impactocastex.com.ar\/wp-content\/uploads\/2025\/09\/cropped-icoweb.png","contentUrl":"https:\/\/impactocastex.com.ar\/wp-content\/uploads\/2025\/09\/cropped-icoweb.png","width":512,"height":512,"caption":"Impacto Castex"},"image":{"@id":"https:\/\/impactocastex.com.ar\/#\/schema\/logo\/image\/"},"sameAs":["https:\/\/www.facebook.com\/impactocastexdiario","https:\/\/www.instagram.com\/impactocastex.com.ar\/"]},{"@type":"Person","@id":"https:\/\/impactocastex.com.ar\/#\/schema\/person\/86cb4f827fb5f87869a239b98a69c6e3","name":"impactocastex","image":{"@type":"ImageObject","inLanguage":"es","@id":"https:\/\/secure.gravatar.com\/avatar\/9a87ee051ca8c77f5d4070843ce2c78cdf95b858b950fb039151de955122f5f5?s=96&d=mm&r=g","url":"https:\/\/secure.gravatar.com\/avatar\/9a87ee051ca8c77f5d4070843ce2c78cdf95b858b950fb039151de955122f5f5?s=96&d=mm&r=g","contentUrl":"https:\/\/secure.gravatar.com\/avatar\/9a87ee051ca8c77f5d4070843ce2c78cdf95b858b950fb039151de955122f5f5?s=96&d=mm&r=g","caption":"impactocastex"},"sameAs":["https:\/\/impactocastex.com.ar"],"url":"https:\/\/impactocastex.com.ar\/?author=1"}]}},"jetpack_publicize_connections":[],"featured_image_urls":{"full":["https:\/\/impactocastex.com.ar\/wp-content\/uploads\/2026\/04\/ZkLoAHowO_1200x630__1-O6y2bY.jpg",1200,630,false],"thumbnail":["https:\/\/impactocastex.com.ar\/wp-content\/uploads\/2026\/04\/ZkLoAHowO_1200x630__1-O6y2bY-150x150.jpg",150,150,true],"medium":["https:\/\/impactocastex.com.ar\/wp-content\/uploads\/2026\/04\/ZkLoAHowO_1200x630__1-O6y2bY-300x158.jpg",300,158,true],"medium_large":["https:\/\/impactocastex.com.ar\/wp-content\/uploads\/2026\/04\/ZkLoAHowO_1200x630__1-O6y2bY-768x403.jpg",640,336,true],"large":["https:\/\/impactocastex.com.ar\/wp-content\/uploads\/2026\/04\/ZkLoAHowO_1200x630__1-O6y2bY-1024x538.jpg",640,336,true],"1536x1536":["https:\/\/impactocastex.com.ar\/wp-content\/uploads\/2026\/04\/ZkLoAHowO_1200x630__1-O6y2bY.jpg",1200,630,false],"2048x2048":["https:\/\/impactocastex.com.ar\/wp-content\/uploads\/2026\/04\/ZkLoAHowO_1200x630__1-O6y2bY.jpg",1200,630,false],"newsever-slider-full":["https:\/\/impactocastex.com.ar\/wp-content\/uploads\/2026\/04\/ZkLoAHowO_1200x630__1-O6y2bY.jpg",1200,630,false],"newsever-featured":["https:\/\/impactocastex.com.ar\/wp-content\/uploads\/2026\/04\/ZkLoAHowO_1200x630__1-O6y2bY-1024x538.jpg",1024,538,true],"newsever-medium":["https:\/\/impactocastex.com.ar\/wp-content\/uploads\/2026\/04\/ZkLoAHowO_1200x630__1-O6y2bY-720x475.jpg",720,475,true]},"author_info":{"info":["impactocastex"]},"category_info":"<a href=\"https:\/\/impactocastex.com.ar\/?cat=88\" rel=\"category\">ESPECTACULOS<\/a>","tag_info":"ESPECTACULOS","comment_count":0,"jetpack_featured_media_url":"https:\/\/impactocastex.com.ar\/wp-content\/uploads\/2026\/04\/ZkLoAHowO_1200x630__1-O6y2bY.jpg","jetpack_sharing_enabled":true,"jetpack_likes_enabled":true,"jetpack_shortlink":"https:\/\/wp.me\/p7sopA-4oh","_links":{"self":[{"href":"https:\/\/impactocastex.com.ar\/index.php?rest_route=\/wp\/v2\/posts\/16881","targetHints":{"allow":["GET"]}}],"collection":[{"href":"https:\/\/impactocastex.com.ar\/index.php?rest_route=\/wp\/v2\/posts"}],"about":[{"href":"https:\/\/impactocastex.com.ar\/index.php?rest_route=\/wp\/v2\/types\/post"}],"author":[{"embeddable":true,"href":"https:\/\/impactocastex.com.ar\/index.php?rest_route=\/wp\/v2\/users\/1"}],"replies":[{"embeddable":true,"href":"https:\/\/impactocastex.com.ar\/index.php?rest_route=%2Fwp%2Fv2%2Fcomments&post=16881"}],"version-history":[{"count":0,"href":"https:\/\/impactocastex.com.ar\/index.php?rest_route=\/wp\/v2\/posts\/16881\/revisions"}],"wp:featuredmedia":[{"embeddable":true,"href":"https:\/\/impactocastex.com.ar\/index.php?rest_route=\/wp\/v2\/media\/16882"}],"wp:attachment":[{"href":"https:\/\/impactocastex.com.ar\/index.php?rest_route=%2Fwp%2Fv2%2Fmedia&parent=16881"}],"wp:term":[{"taxonomy":"category","embeddable":true,"href":"https:\/\/impactocastex.com.ar\/index.php?rest_route=%2Fwp%2Fv2%2Fcategories&post=16881"},{"taxonomy":"post_tag","embeddable":true,"href":"https:\/\/impactocastex.com.ar\/index.php?rest_route=%2Fwp%2Fv2%2Ftags&post=16881"}],"curies":[{"name":"wp","href":"https:\/\/api.w.org\/{rel}","templated":true}]}}