{"id":16873,"date":"2026-04-30T11:18:53","date_gmt":"2026-04-30T14:18:53","guid":{"rendered":"https:\/\/impactocastex.com.ar\/?p=16873"},"modified":"2026-04-30T11:18:53","modified_gmt":"2026-04-30T14:18:53","slug":"prat-gay-volvio-a-cuestionar-el-programa-de-milei-estamos-en-mitad-del-rio-y-no-hay-ninguna-garantia-de-que-termine-bien","status":"publish","type":"post","link":"https:\/\/impactocastex.com.ar\/?p=16873","title":{"rendered":"Prat-Gay volvi\u00f3 a cuestionar el programa de Milei: \u201cEstamos en mitad del r\u00edo y no hay ninguna garant\u00eda de que termine bien\u201d"},"content":{"rendered":"<p>Alfonso Prat-Gay volvi\u00f3 a ser duro con el gobierno de Javier Milei. El exministro de Econom\u00eda habl\u00f3 en ExpoEFI y traz\u00f3 un diagn\u00f3stico opuesto al optimismo del equipo econ\u00f3mico. <b>Dijo que hay un programa sin garant\u00edas de \u00e9xito<\/b>, sin plan financiero expl\u00edcito, sin crecimiento suficiente y con el ancla fiscal cada vez m\u00e1s amenazada por la ca\u00edda de la recaudaci\u00f3n.<\/p>\n<p><mark class=\"hl_yellow\">\u201cEstamos en mitad del r\u00edo en un proceso de cambio muy fuerte, que esperemos que termine bien, pero no hay ninguna garant\u00eda de que termine bien<\/mark>\u201d, dijo el exfuncionario, quien durante el gobierno de Mauricio Macri fue jefe del actual ministro de Econom\u00eda, Luis Caputo, y del presidente del Banco Central, Santiago Bausili.<\/p>\n<p>Para Prat-Gay, <b>el principal d\u00e9ficit del programa es el crecimiento. <\/b>Y lo plante\u00f3 como una necesidad que opera en varios frentes a la vez. El primero es pol\u00edtico: sin mejoras en la calidad de vida, el capital de apoyo social se erosiona. \u201cNo se le puede pedir a la gente sacrificio toda la vida. <b>Tiene que haber mejoras en la calidad de vida, <\/b>es lo que est\u00e1 haciendo clic ahora cuando uno ve las encuestas\u201d, se\u00f1al\u00f3. Y fue m\u00e1s directo: \u201cSi la reacci\u00f3n del Gobierno ante ese aparente cambio de humor es seguir insultando, no est\u00e1 tomando nota.\u201d<\/p>\n<p><img loading=\"lazy\" decoding=\"async\" src=\"https:\/\/resizer.glanacion.com\/resizer\/v2\/EYZISXTBGNDUNEFOQKEMOEYFCI.jpeg?auth=7196060d27571e9e0288622467518b5c19a66a56b49741bad9eb95ff0d3e9f57&amp;smart=true&amp;width=2000&amp;height=1333\" alt=\"El exministro de Econom\u00eda y expresidente del Banco Central volvi\u00f3 a cuestionar la solidez del programa de Milei en el mismo foro donde antes hab\u00eda expuesto Bausili con un tono opuesto\" height=\"1333\" width=\"2000\" \/><\/p>\n<p>El segundo frente es fiscal. Prat-Gay advirti\u00f3 que la ca\u00edda de la recaudaci\u00f3n \u2014consecuencia directa de un crecimiento insuficiente\u2014 amenaza el ancla que el propio Gobierno considera intocable. \u201c<b>La manta sagrada del Gobierno es el ancla fiscal, pero est\u00e1 amenazada con menor recaudaci\u00f3n<\/b>. Si el Gobierno la mantiene, tiene que bajar el gasto, y eso repercute en las perspectivas de crecimiento\u201d. El c\u00edrculo, seg\u00fan describi\u00f3, se cierra sobre s\u00ed mismo.<\/p>\n<p>El tercero es monetario. Sin crecimiento no hay demanda de dinero, sin demanda de dinero no hay remonetizaci\u00f3n, y <b>sin remonetizaci\u00f3n el programa no puede consolidarse<\/b>, dijo en l\u00ednea con lo que ya hab\u00eda <a href=\"https:\/\/www.lanacion.com.ar\/economia\/allfonso-prat-gay-no-hay-ningun-programa-economico-que-enamore-si-no-genera-empleo-nid08042026\/\" target=\"_self\" rel=\"\" title=\"https:\/\/www.lanacion.com.ar\/economia\/allfonso-prat-gay-no-hay-ningun-programa-economico-que-enamore-si-no-genera-empleo-nid08042026\/\">dicho semanas atr\u00e1s en el Rotary Club<\/a>.<\/p>\n<h1>La paradoja del acceso al mercado<\/h1>\n<p>Prat-Gay volvi\u00f3 a se\u00f1alar lo que considera la principal contradicci\u00f3n del momento:<b> un gobierno con altas credenciales en t\u00e9rminos de ajuste fiscal que, sin embargo, no logra acceder al mercado internacional<\/b> de deuda ni reducir el riesgo pa\u00eds a los niveles que su propio discurso promet\u00eda.<\/p>\n<p><img loading=\"lazy\" decoding=\"async\" src=\"https:\/\/resizer.glanacion.com\/resizer\/v2\/ILS4UEUHWVEFDO53QR63YNVNCI.jpeg?auth=37c1b76607b7aa55a111738480ccb9b42e4f3a70787145e7290c3e513ce2f5aa&amp;smart=true&amp;width=2000&amp;height=1333\" alt=\"Prat-Gay fue duro con el Gobierno en ExpoEFI: advirti\u00f3 que el ancla fiscal est\u00e1 amenazada y que el programa no tiene plan financiero\" height=\"1333\" width=\"2000\" \/><\/p>\n<p>\u201cEl inversor externo mira eso y no est\u00e1 tan seguro de invertir si no le explican c\u00f3mo van refinanciando y renovando la deuda\u201d, dijo. Y diagnostic\u00f3:<b> \u201cEl Gobierno tiene un programa econ\u00f3mico que no tiene un plan financiero\u201d<\/b>. Para el exministro, esa ausencia explica en buena medida por qu\u00e9 no se recupera la demanda de dinero y por qu\u00e9 la confianza \u2014tanto interna como externa\u2014 sigue sin cuajar del todo.<\/p>\n<p>Tambi\u00e9n apunt\u00f3 a un problema de foco pol\u00edtico. \u201cEl presidente Milei ayer habl\u00f3 de la teor\u00eda del pensamiento econ\u00f3mico cuando estar\u00eda bueno que se ocupe mejor de otras cosas. <b>En vez de pelearse con quien no resuelve nada, mejor que ponga el foco en c\u00f3mo va a crecer el pa\u00eds de manera sostenida<\/b>\u201d, dijo. Y agreg\u00f3 que el crecimiento de sectores como la miner\u00eda no alcanza si los rubros m\u00e1s intensivos en mano de obra \u2014los que m\u00e1s empleo generan\u2014 siguen siendo los m\u00e1s golpeados.<\/p>\n<p>Sobre el futuro pol\u00edtico, Prat-Gay plante\u00f3 una pregunta que consider\u00f3 todav\u00eda sin respuesta: qu\u00e9 viene despu\u00e9s de Milei, m\u00e1s all\u00e1 de si el Presidente logra la reelecci\u00f3n. <b>\u201cMilei es un proceso muy disruptivo que naci\u00f3 de fracasos anteriores.<\/b> La pol\u00edtica est\u00e1 muy polarizada y es el mismo Gobierno el que fomenta esa polarizaci\u00f3n hablando del \u2018riesgo kuka\u2019\u201d, se\u00f1al\u00f3.<\/p>\n<p>En ese marco, hizo una cr\u00edtica institucional: el Gobierno nunca modific\u00f3 la carta org\u00e1nica del Banco Central. \u201c<b>Dijo que iba a eliminar el BCRA y termin\u00f3 usando el mismo esquema de la carta org\u00e1nica que modific\u00f3 Cristina Kirchner.<\/b> Hoy Bausili opera bajo una carta org\u00e1nica de Cristina Kirchner\u201d, afirm\u00f3. <\/p>\n<p>Para Prat-Gay, volver a la carta org\u00e1nica original \u2014que garantiza mayor independencia del Central respecto del poder pol\u00edtico\u2014 ser\u00eda \u201cun paso inmenso a la institucionalidad\u201d. Y record\u00f3 c\u00f3mo concibe ese v\u00ednculo: <b>\u201cCrec\u00ed en un esquema donde el ministro y el presidente del BCRA se pelean, porque son tareas totalmente diferentes\u201d.<\/b><\/p>\n<p>\u200bEl exjefe de Caputo y Bausili advirti\u00f3 que la ca\u00edda de la recaudaci\u00f3n amenaza el equilibrio fiscal y que sin crecimiento el el plan no puede consolidarse; tambi\u00e9n record\u00f3 que el Gobierno nunca modific\u00f3 la carta org\u00e1nica del Banco Central\u00a0\u00a0<\/p>","protected":false},"excerpt":{"rendered":"<p>Alfonso Prat-Gay volvi\u00f3 a ser duro con el gobierno de Javier Milei. El exministro de&#8230;<\/p>\n","protected":false},"author":1,"featured_media":16874,"comment_status":"closed","ping_status":"closed","sticky":false,"template":"","format":"standard","meta":{"_jetpack_memberships_contains_paid_content":false,"footnotes":"","jetpack_publicize_message":"","jetpack_publicize_feature_enabled":true,"jetpack_social_post_already_shared":true,"jetpack_social_options":{"image_generator_settings":{"template":"highway","default_image_id":0,"font":"","enabled":false},"version":2}},"categories":[89],"tags":[],"class_list":["post-16873","post","type-post","status-publish","format-standard","has-post-thumbnail","hentry","category-nacionales"],"yoast_head":"<!-- This site is optimized with the Yoast SEO plugin v27.4 - https:\/\/yoast.com\/product\/yoast-seo-wordpress\/ -->\n<title>Prat-Gay volvi\u00f3 a cuestionar el programa de Milei: \u201cEstamos en mitad del r\u00edo y no hay ninguna garant\u00eda de que termine bien\u201d -<\/title>\n<meta name=\"robots\" content=\"index, follow, max-snippet:-1, max-image-preview:large, max-video-preview:-1\" \/>\n<link rel=\"canonical\" href=\"https:\/\/impactocastex.com.ar\/?p=16873\" \/>\n<meta property=\"og:locale\" content=\"es_ES\" \/>\n<meta property=\"og:type\" content=\"article\" \/>\n<meta property=\"og:title\" content=\"Prat-Gay volvi\u00f3 a cuestionar el programa de Milei: \u201cEstamos en mitad del r\u00edo y no hay ninguna garant\u00eda de que termine bien\u201d -\" \/>\n<meta property=\"og:description\" content=\"Alfonso Prat-Gay volvi\u00f3 a ser duro con el gobierno de Javier Milei. El exministro de...\" \/>\n<meta property=\"og:url\" content=\"https:\/\/impactocastex.com.ar\/?p=16873\" \/>\n<meta property=\"article:publisher\" content=\"https:\/\/www.facebook.com\/impactocastexdiario\" \/>\n<meta property=\"article:published_time\" content=\"2026-04-30T14:18:53+00:00\" \/>\n<meta property=\"og:image\" content=\"https:\/\/resizer.glanacion.com\/resizer\/v2\/EYZISXTBGNDUNEFOQKEMOEYFCI.jpeg?auth=7196060d27571e9e0288622467518b5c19a66a56b49741bad9eb95ff0d3e9f57&amp;smart=true&amp;width=2000&amp;height=1333\" \/>\n<meta name=\"author\" content=\"impactocastex\" \/>\n<meta name=\"twitter:card\" content=\"summary_large_image\" \/>\n<meta name=\"twitter:label1\" content=\"Escrito por\" \/>\n\t<meta name=\"twitter:data1\" content=\"impactocastex\" \/>\n\t<meta name=\"twitter:label2\" content=\"Tiempo de lectura\" \/>\n\t<meta name=\"twitter:data2\" content=\"4 minutos\" \/>\n<script type=\"application\/ld+json\" class=\"yoast-schema-graph\">{\"@context\":\"https:\\\/\\\/schema.org\",\"@graph\":[{\"@type\":\"Article\",\"@id\":\"https:\\\/\\\/impactocastex.com.ar\\\/?p=16873#article\",\"isPartOf\":{\"@id\":\"https:\\\/\\\/impactocastex.com.ar\\\/?p=16873\"},\"author\":{\"name\":\"impactocastex\",\"@id\":\"https:\\\/\\\/impactocastex.com.ar\\\/#\\\/schema\\\/person\\\/86cb4f827fb5f87869a239b98a69c6e3\"},\"headline\":\"Prat-Gay volvi\u00f3 a cuestionar el programa de Milei: \u201cEstamos en mitad del r\u00edo y no hay ninguna garant\u00eda de que termine bien\u201d\",\"datePublished\":\"2026-04-30T14:18:53+00:00\",\"mainEntityOfPage\":{\"@id\":\"https:\\\/\\\/impactocastex.com.ar\\\/?p=16873\"},\"wordCount\":815,\"publisher\":{\"@id\":\"https:\\\/\\\/impactocastex.com.ar\\\/#organization\"},\"image\":{\"@id\":\"https:\\\/\\\/impactocastex.com.ar\\\/?p=16873#primaryimage\"},\"thumbnailUrl\":\"https:\\\/\\\/impactocastex.com.ar\\\/wp-content\\\/uploads\\\/2026\\\/04\\\/34QO6B3TNFDYTBYBHJ5YQOWFS4-rH3Iuf.jpg\",\"articleSection\":[\"NACIONALES\"],\"inLanguage\":\"es\"},{\"@type\":\"WebPage\",\"@id\":\"https:\\\/\\\/impactocastex.com.ar\\\/?p=16873\",\"url\":\"https:\\\/\\\/impactocastex.com.ar\\\/?p=16873\",\"name\":\"Prat-Gay volvi\u00f3 a cuestionar el programa de Milei: \u201cEstamos en mitad del r\u00edo y no hay ninguna garant\u00eda de que termine bien\u201d -\",\"isPartOf\":{\"@id\":\"https:\\\/\\\/impactocastex.com.ar\\\/#website\"},\"primaryImageOfPage\":{\"@id\":\"https:\\\/\\\/impactocastex.com.ar\\\/?p=16873#primaryimage\"},\"image\":{\"@id\":\"https:\\\/\\\/impactocastex.com.ar\\\/?p=16873#primaryimage\"},\"thumbnailUrl\":\"https:\\\/\\\/impactocastex.com.ar\\\/wp-content\\\/uploads\\\/2026\\\/04\\\/34QO6B3TNFDYTBYBHJ5YQOWFS4-rH3Iuf.jpg\",\"datePublished\":\"2026-04-30T14:18:53+00:00\",\"breadcrumb\":{\"@id\":\"https:\\\/\\\/impactocastex.com.ar\\\/?p=16873#breadcrumb\"},\"inLanguage\":\"es\",\"potentialAction\":[{\"@type\":\"ReadAction\",\"target\":[\"https:\\\/\\\/impactocastex.com.ar\\\/?p=16873\"]}]},{\"@type\":\"ImageObject\",\"inLanguage\":\"es\",\"@id\":\"https:\\\/\\\/impactocastex.com.ar\\\/?p=16873#primaryimage\",\"url\":\"https:\\\/\\\/impactocastex.com.ar\\\/wp-content\\\/uploads\\\/2026\\\/04\\\/34QO6B3TNFDYTBYBHJ5YQOWFS4-rH3Iuf.jpg\",\"contentUrl\":\"https:\\\/\\\/impactocastex.com.ar\\\/wp-content\\\/uploads\\\/2026\\\/04\\\/34QO6B3TNFDYTBYBHJ5YQOWFS4-rH3Iuf.jpg\",\"width\":1280,\"height\":854},{\"@type\":\"BreadcrumbList\",\"@id\":\"https:\\\/\\\/impactocastex.com.ar\\\/?p=16873#breadcrumb\",\"itemListElement\":[{\"@type\":\"ListItem\",\"position\":1,\"name\":\"Portada\",\"item\":\"https:\\\/\\\/impactocastex.com.ar\\\/\"},{\"@type\":\"ListItem\",\"position\":2,\"name\":\"Prat-Gay volvi\u00f3 a cuestionar el programa de Milei: \u201cEstamos en mitad del r\u00edo y no hay ninguna garant\u00eda de que termine bien\u201d\"}]},{\"@type\":\"WebSite\",\"@id\":\"https:\\\/\\\/impactocastex.com.ar\\\/#website\",\"url\":\"https:\\\/\\\/impactocastex.com.ar\\\/\",\"name\":\"Impacto Castex\",\"description\":\"\",\"publisher\":{\"@id\":\"https:\\\/\\\/impactocastex.com.ar\\\/#organization\"},\"potentialAction\":[{\"@type\":\"SearchAction\",\"target\":{\"@type\":\"EntryPoint\",\"urlTemplate\":\"https:\\\/\\\/impactocastex.com.ar\\\/?s={search_term_string}\"},\"query-input\":{\"@type\":\"PropertyValueSpecification\",\"valueRequired\":true,\"valueName\":\"search_term_string\"}}],\"inLanguage\":\"es\"},{\"@type\":\"Organization\",\"@id\":\"https:\\\/\\\/impactocastex.com.ar\\\/#organization\",\"name\":\"Impacto Castex\",\"url\":\"https:\\\/\\\/impactocastex.com.ar\\\/\",\"logo\":{\"@type\":\"ImageObject\",\"inLanguage\":\"es\",\"@id\":\"https:\\\/\\\/impactocastex.com.ar\\\/#\\\/schema\\\/logo\\\/image\\\/\",\"url\":\"https:\\\/\\\/impactocastex.com.ar\\\/wp-content\\\/uploads\\\/2025\\\/09\\\/cropped-icoweb.png\",\"contentUrl\":\"https:\\\/\\\/impactocastex.com.ar\\\/wp-content\\\/uploads\\\/2025\\\/09\\\/cropped-icoweb.png\",\"width\":512,\"height\":512,\"caption\":\"Impacto Castex\"},\"image\":{\"@id\":\"https:\\\/\\\/impactocastex.com.ar\\\/#\\\/schema\\\/logo\\\/image\\\/\"},\"sameAs\":[\"https:\\\/\\\/www.facebook.com\\\/impactocastexdiario\",\"https:\\\/\\\/www.instagram.com\\\/impactocastex.com.ar\\\/\"]},{\"@type\":\"Person\",\"@id\":\"https:\\\/\\\/impactocastex.com.ar\\\/#\\\/schema\\\/person\\\/86cb4f827fb5f87869a239b98a69c6e3\",\"name\":\"impactocastex\",\"image\":{\"@type\":\"ImageObject\",\"inLanguage\":\"es\",\"@id\":\"https:\\\/\\\/secure.gravatar.com\\\/avatar\\\/9a87ee051ca8c77f5d4070843ce2c78cdf95b858b950fb039151de955122f5f5?s=96&d=mm&r=g\",\"url\":\"https:\\\/\\\/secure.gravatar.com\\\/avatar\\\/9a87ee051ca8c77f5d4070843ce2c78cdf95b858b950fb039151de955122f5f5?s=96&d=mm&r=g\",\"contentUrl\":\"https:\\\/\\\/secure.gravatar.com\\\/avatar\\\/9a87ee051ca8c77f5d4070843ce2c78cdf95b858b950fb039151de955122f5f5?s=96&d=mm&r=g\",\"caption\":\"impactocastex\"},\"sameAs\":[\"https:\\\/\\\/impactocastex.com.ar\"],\"url\":\"https:\\\/\\\/impactocastex.com.ar\\\/?author=1\"}]}<\/script>\n<!-- \/ Yoast SEO plugin. -->","yoast_head_json":{"title":"Prat-Gay volvi\u00f3 a cuestionar el programa de Milei: \u201cEstamos en mitad del r\u00edo y no hay ninguna garant\u00eda de que termine bien\u201d -","robots":{"index":"index","follow":"follow","max-snippet":"max-snippet:-1","max-image-preview":"max-image-preview:large","max-video-preview":"max-video-preview:-1"},"canonical":"https:\/\/impactocastex.com.ar\/?p=16873","og_locale":"es_ES","og_type":"article","og_title":"Prat-Gay volvi\u00f3 a cuestionar el programa de Milei: \u201cEstamos en mitad del r\u00edo y no hay ninguna garant\u00eda de que termine bien\u201d -","og_description":"Alfonso Prat-Gay volvi\u00f3 a ser duro con el gobierno de Javier Milei. El exministro de...","og_url":"https:\/\/impactocastex.com.ar\/?p=16873","article_publisher":"https:\/\/www.facebook.com\/impactocastexdiario","article_published_time":"2026-04-30T14:18:53+00:00","og_image":[{"url":"https:\/\/resizer.glanacion.com\/resizer\/v2\/EYZISXTBGNDUNEFOQKEMOEYFCI.jpeg?auth=7196060d27571e9e0288622467518b5c19a66a56b49741bad9eb95ff0d3e9f57&amp;smart=true&amp;width=2000&amp;height=1333","type":"","width":"","height":""}],"author":"impactocastex","twitter_card":"summary_large_image","twitter_misc":{"Escrito por":"impactocastex","Tiempo de lectura":"4 minutos"},"schema":{"@context":"https:\/\/schema.org","@graph":[{"@type":"Article","@id":"https:\/\/impactocastex.com.ar\/?p=16873#article","isPartOf":{"@id":"https:\/\/impactocastex.com.ar\/?p=16873"},"author":{"name":"impactocastex","@id":"https:\/\/impactocastex.com.ar\/#\/schema\/person\/86cb4f827fb5f87869a239b98a69c6e3"},"headline":"Prat-Gay volvi\u00f3 a cuestionar el programa de Milei: \u201cEstamos en mitad del r\u00edo y no hay ninguna garant\u00eda de que termine bien\u201d","datePublished":"2026-04-30T14:18:53+00:00","mainEntityOfPage":{"@id":"https:\/\/impactocastex.com.ar\/?p=16873"},"wordCount":815,"publisher":{"@id":"https:\/\/impactocastex.com.ar\/#organization"},"image":{"@id":"https:\/\/impactocastex.com.ar\/?p=16873#primaryimage"},"thumbnailUrl":"https:\/\/impactocastex.com.ar\/wp-content\/uploads\/2026\/04\/34QO6B3TNFDYTBYBHJ5YQOWFS4-rH3Iuf.jpg","articleSection":["NACIONALES"],"inLanguage":"es"},{"@type":"WebPage","@id":"https:\/\/impactocastex.com.ar\/?p=16873","url":"https:\/\/impactocastex.com.ar\/?p=16873","name":"Prat-Gay volvi\u00f3 a cuestionar el programa de Milei: \u201cEstamos en mitad del r\u00edo y no hay ninguna garant\u00eda de que termine bien\u201d -","isPartOf":{"@id":"https:\/\/impactocastex.com.ar\/#website"},"primaryImageOfPage":{"@id":"https:\/\/impactocastex.com.ar\/?p=16873#primaryimage"},"image":{"@id":"https:\/\/impactocastex.com.ar\/?p=16873#primaryimage"},"thumbnailUrl":"https:\/\/impactocastex.com.ar\/wp-content\/uploads\/2026\/04\/34QO6B3TNFDYTBYBHJ5YQOWFS4-rH3Iuf.jpg","datePublished":"2026-04-30T14:18:53+00:00","breadcrumb":{"@id":"https:\/\/impactocastex.com.ar\/?p=16873#breadcrumb"},"inLanguage":"es","potentialAction":[{"@type":"ReadAction","target":["https:\/\/impactocastex.com.ar\/?p=16873"]}]},{"@type":"ImageObject","inLanguage":"es","@id":"https:\/\/impactocastex.com.ar\/?p=16873#primaryimage","url":"https:\/\/impactocastex.com.ar\/wp-content\/uploads\/2026\/04\/34QO6B3TNFDYTBYBHJ5YQOWFS4-rH3Iuf.jpg","contentUrl":"https:\/\/impactocastex.com.ar\/wp-content\/uploads\/2026\/04\/34QO6B3TNFDYTBYBHJ5YQOWFS4-rH3Iuf.jpg","width":1280,"height":854},{"@type":"BreadcrumbList","@id":"https:\/\/impactocastex.com.ar\/?p=16873#breadcrumb","itemListElement":[{"@type":"ListItem","position":1,"name":"Portada","item":"https:\/\/impactocastex.com.ar\/"},{"@type":"ListItem","position":2,"name":"Prat-Gay volvi\u00f3 a cuestionar el programa de Milei: \u201cEstamos en mitad del r\u00edo y no hay ninguna garant\u00eda de que termine bien\u201d"}]},{"@type":"WebSite","@id":"https:\/\/impactocastex.com.ar\/#website","url":"https:\/\/impactocastex.com.ar\/","name":"Impacto Castex","description":"","publisher":{"@id":"https:\/\/impactocastex.com.ar\/#organization"},"potentialAction":[{"@type":"SearchAction","target":{"@type":"EntryPoint","urlTemplate":"https:\/\/impactocastex.com.ar\/?s={search_term_string}"},"query-input":{"@type":"PropertyValueSpecification","valueRequired":true,"valueName":"search_term_string"}}],"inLanguage":"es"},{"@type":"Organization","@id":"https:\/\/impactocastex.com.ar\/#organization","name":"Impacto Castex","url":"https:\/\/impactocastex.com.ar\/","logo":{"@type":"ImageObject","inLanguage":"es","@id":"https:\/\/impactocastex.com.ar\/#\/schema\/logo\/image\/","url":"https:\/\/impactocastex.com.ar\/wp-content\/uploads\/2025\/09\/cropped-icoweb.png","contentUrl":"https:\/\/impactocastex.com.ar\/wp-content\/uploads\/2025\/09\/cropped-icoweb.png","width":512,"height":512,"caption":"Impacto Castex"},"image":{"@id":"https:\/\/impactocastex.com.ar\/#\/schema\/logo\/image\/"},"sameAs":["https:\/\/www.facebook.com\/impactocastexdiario","https:\/\/www.instagram.com\/impactocastex.com.ar\/"]},{"@type":"Person","@id":"https:\/\/impactocastex.com.ar\/#\/schema\/person\/86cb4f827fb5f87869a239b98a69c6e3","name":"impactocastex","image":{"@type":"ImageObject","inLanguage":"es","@id":"https:\/\/secure.gravatar.com\/avatar\/9a87ee051ca8c77f5d4070843ce2c78cdf95b858b950fb039151de955122f5f5?s=96&d=mm&r=g","url":"https:\/\/secure.gravatar.com\/avatar\/9a87ee051ca8c77f5d4070843ce2c78cdf95b858b950fb039151de955122f5f5?s=96&d=mm&r=g","contentUrl":"https:\/\/secure.gravatar.com\/avatar\/9a87ee051ca8c77f5d4070843ce2c78cdf95b858b950fb039151de955122f5f5?s=96&d=mm&r=g","caption":"impactocastex"},"sameAs":["https:\/\/impactocastex.com.ar"],"url":"https:\/\/impactocastex.com.ar\/?author=1"}]}},"jetpack_publicize_connections":[],"featured_image_urls":{"full":["https:\/\/impactocastex.com.ar\/wp-content\/uploads\/2026\/04\/34QO6B3TNFDYTBYBHJ5YQOWFS4-rH3Iuf.jpg",1280,854,false],"thumbnail":["https:\/\/impactocastex.com.ar\/wp-content\/uploads\/2026\/04\/34QO6B3TNFDYTBYBHJ5YQOWFS4-rH3Iuf-150x150.jpg",150,150,true],"medium":["https:\/\/impactocastex.com.ar\/wp-content\/uploads\/2026\/04\/34QO6B3TNFDYTBYBHJ5YQOWFS4-rH3Iuf-300x200.jpg",300,200,true],"medium_large":["https:\/\/impactocastex.com.ar\/wp-content\/uploads\/2026\/04\/34QO6B3TNFDYTBYBHJ5YQOWFS4-rH3Iuf-768x512.jpg",640,427,true],"large":["https:\/\/impactocastex.com.ar\/wp-content\/uploads\/2026\/04\/34QO6B3TNFDYTBYBHJ5YQOWFS4-rH3Iuf-1024x683.jpg",640,427,true],"1536x1536":["https:\/\/impactocastex.com.ar\/wp-content\/uploads\/2026\/04\/34QO6B3TNFDYTBYBHJ5YQOWFS4-rH3Iuf.jpg",1280,854,false],"2048x2048":["https:\/\/impactocastex.com.ar\/wp-content\/uploads\/2026\/04\/34QO6B3TNFDYTBYBHJ5YQOWFS4-rH3Iuf.jpg",1280,854,false],"newsever-slider-full":["https:\/\/impactocastex.com.ar\/wp-content\/uploads\/2026\/04\/34QO6B3TNFDYTBYBHJ5YQOWFS4-rH3Iuf-1280x845.jpg",1280,845,true],"newsever-featured":["https:\/\/impactocastex.com.ar\/wp-content\/uploads\/2026\/04\/34QO6B3TNFDYTBYBHJ5YQOWFS4-rH3Iuf-1024x683.jpg",1024,683,true],"newsever-medium":["https:\/\/impactocastex.com.ar\/wp-content\/uploads\/2026\/04\/34QO6B3TNFDYTBYBHJ5YQOWFS4-rH3Iuf-720x475.jpg",720,475,true]},"author_info":{"info":["impactocastex"]},"category_info":"<a href=\"https:\/\/impactocastex.com.ar\/?cat=89\" rel=\"category\">NACIONALES<\/a>","tag_info":"NACIONALES","comment_count":0,"jetpack_featured_media_url":"https:\/\/impactocastex.com.ar\/wp-content\/uploads\/2026\/04\/34QO6B3TNFDYTBYBHJ5YQOWFS4-rH3Iuf.jpg","jetpack_sharing_enabled":true,"jetpack_likes_enabled":true,"jetpack_shortlink":"https:\/\/wp.me\/p7sopA-4o9","_links":{"self":[{"href":"https:\/\/impactocastex.com.ar\/index.php?rest_route=\/wp\/v2\/posts\/16873","targetHints":{"allow":["GET"]}}],"collection":[{"href":"https:\/\/impactocastex.com.ar\/index.php?rest_route=\/wp\/v2\/posts"}],"about":[{"href":"https:\/\/impactocastex.com.ar\/index.php?rest_route=\/wp\/v2\/types\/post"}],"author":[{"embeddable":true,"href":"https:\/\/impactocastex.com.ar\/index.php?rest_route=\/wp\/v2\/users\/1"}],"replies":[{"embeddable":true,"href":"https:\/\/impactocastex.com.ar\/index.php?rest_route=%2Fwp%2Fv2%2Fcomments&post=16873"}],"version-history":[{"count":0,"href":"https:\/\/impactocastex.com.ar\/index.php?rest_route=\/wp\/v2\/posts\/16873\/revisions"}],"wp:featuredmedia":[{"embeddable":true,"href":"https:\/\/impactocastex.com.ar\/index.php?rest_route=\/wp\/v2\/media\/16874"}],"wp:attachment":[{"href":"https:\/\/impactocastex.com.ar\/index.php?rest_route=%2Fwp%2Fv2%2Fmedia&parent=16873"}],"wp:term":[{"taxonomy":"category","embeddable":true,"href":"https:\/\/impactocastex.com.ar\/index.php?rest_route=%2Fwp%2Fv2%2Fcategories&post=16873"},{"taxonomy":"post_tag","embeddable":true,"href":"https:\/\/impactocastex.com.ar\/index.php?rest_route=%2Fwp%2Fv2%2Ftags&post=16873"}],"curies":[{"name":"wp","href":"https:\/\/api.w.org\/{rel}","templated":true}]}}