{"id":16867,"date":"2026-04-30T05:01:59","date_gmt":"2026-04-30T08:01:59","guid":{"rendered":"https:\/\/impactocastex.com.ar\/?p=16867"},"modified":"2026-04-30T05:01:59","modified_gmt":"2026-04-30T08:01:59","slug":"seis-medicamentos-comunes-que-pueden-reducir-el-riesgo-de-demencia","status":"publish","type":"post","link":"https:\/\/impactocastex.com.ar\/?p=16867","title":{"rendered":"Seis medicamentos comunes que pueden reducir el riesgo de demencia"},"content":{"rendered":"<div><img decoding=\"async\" src=\"https:\/\/www.clarin.com\/img\/2026\/04\/24\/cuOqlFYZU_2000x1500__1.jpg\" class=\"ff-og-image-inserted\" \/><\/div>\n<div class=\"sc-45461e9c-0 eqiBeF container-text text-embed \">\n<p>La vacuna anual contra la gripe puede tener un importante beneficio secundario: ayudar a proteger contra la demencia.<\/p>\n<\/div>\n<div class=\"sc-45461e9c-0 eqiBeF container-text text-embed \">\n<p>Numerosos estudios han descubierto que los adultos mayores\u00a0vacunados contra la\u00a0grip<strong>e ten\u00edan un riesgo menor de desarrollar demencia<\/strong> en los a\u00f1os siguientes que quienes no se hab\u00edan vacunado. En un estudio, el riesgo era\u00a0hasta un 40 por ciento\u00a0menor.<\/p>\n<\/div>\n<div class=\"sc-45461e9c-0 eqiBeF container-text text-embed \">\n<p><a href=\"https:\/\/pmc.ncbi.nlm.nih.gov\/articles\/PMC13051479\/\" target=\"_blank\" title=\"Una investigaci\u00f3n\" class=\"tac-player-processed\">Una investigaci\u00f3n<\/a>\u00a0publicada a principios de este mes\u00a0ha reforzado esos indicios, al demostrar que los adultos mayores que recibieron una dosis m\u00e1s alta de la vacuna contra la influenza \u2014com\u00fanmente recomendada para las personas de 65 a\u00f1os o m\u00e1s\u2014 ten\u00edan una probabilidad a\u00fan menor de desarrollar la enfermedad de Alzheimer en comparaci\u00f3n con quienes recibieron la dosis est\u00e1ndar.<\/p>\n<\/div>\n<div class=\"sc-45461e9c-0 eqiBeF container-text text-embed \">\n<p>Tambi\u00e9n se ha descubierto que otros medicamentos comunes disminuyen el riesgo de demencia de las personas. Sin embargo, el reto para los cient\u00edficos es determinar si los f\u00e1rmacos <strong>benefician directamente al cerebro o si solo existe una correlaci\u00f3n<\/strong> entre ellos.<\/p>\n<\/div>\n<div class=\"sc-45461e9c-0 eqiBeF container-text text-embed \">\n<p>La vacuna contra la influenza es un buen ejemplo de ello. \u201cLas personas que suelen vacunarse <strong>son las que van al m\u00e9dico<\/strong>, y luego siguen las indicaciones de tomar sus pastillas para la presi\u00f3n arterial y el colesterol, que tambi\u00e9n reducen el riesgo de Alzheimer\u201d, dijo Paul Schulz, profesor y neur\u00f3logo de la UTHealth en Houston que dirigi\u00f3 el nuevo estudio.<\/p>\n<\/div>\n<div class=\"sc-2edda1ab-0 hfyXWT\">\n<p class=\"DespieceTitle\">Suscribite a Buena Vida<\/p>\n<div>\n<p>Cada quince d\u00edas, Florencia Cunzolo te cuenta lo \u00faltimo para cuidar tu salud y sentirte bien. Registrate <a href=\"https:\/\/www.clarin.com\/newsletter\/buena-vida\">ac\u00e1<\/a>.\u00a0<\/p>\n<\/div>\n<\/div>\n<div class=\"sc-45461e9c-0 eqiBeF container-text text-embed \">\n<p>Pero como todos los participantes en ese estudio se vacunaron contra la influenza, y<strong> la dosis m\u00e1s alta ofrec\u00eda m\u00e1s protecci\u00f3n<\/strong>, los resultados sugieren que hay algo en la propia vacuna, y no en el comportamiento de las personas, que redujo el riesgo, dijo Schulz.<\/p>\n<\/div>\n<div class=\"sc-45461e9c-0 eqiBeF container-text text-embed \">\n<p>He aqu\u00ed algunos de los otros f\u00e1rmacos que los cient\u00edficos est\u00e1n investigando por su potencial para reducir el riesgo de demencia.<\/p>\n<\/div>\n<h3>Vacuna contra el herpes z\u00f3ster<\/h3>\n<div class=\"sc-45461e9c-0 eqiBeF container-text text-embed \">\n<p>Hay un entusiasmo particular por la\u00a0vacuna contra el herpes z\u00f3ster, que cuenta con algunas de las investigaciones m\u00e1s s\u00f3lidas. Estudios de todo el mundo han descubierto que las personas que recibieron la vacuna ten\u00edan un\u00a0menor riesgo\u00a0de desarrollar demencia, a menudo entre un 15 y un 20 por ciento. Gran parte de las investigaciones se han realizado sobre una forma m\u00e1s antigua de la vacuna, pero al menos un estudio indic\u00f3 que una versi\u00f3n m\u00e1s nueva que se prescribe con m\u00e1s frecuencia en Estados Unidos, llamada Shingrix, podr\u00eda\u00a0ofrecer un beneficio a\u00fan mayor. Parece que (junto con la vacuna de la influenza) protege de manera particular a las mujeres contra la demencia.<\/p>\n<\/div>\n<div class=\"sc-45461e9c-0 eqiBeF container-text text-embed \">\n<p>Los investigadores dicen que est\u00e1n relativamente seguros de que <strong>la vacuna en s\u00ed proporciona protecci\u00f3n<\/strong> porque\u00a0su lanzamiento inicial\u00a0en unos pocos pa\u00edses cre\u00f3 una especie de ensayo cl\u00ednico natural.<\/p>\n<\/div>\n<div class=\"sc-45461e9c-0 eqiBeF container-text text-embed \">\n<p>\u201cCreo que, en este momento, se trata de un conjunto de pruebas realmente convincentes de <strong>una relaci\u00f3n causa-efecto<\/strong>\u201d, dijo Pascal Geldsetzer, epidemi\u00f3logo de la Iniciativa Knight para la Resiliencia Cerebral de Stanford, quien dirigi\u00f3 parte de la investigaci\u00f3n.<\/p>\n<\/div>\n<div class=\"sc-45461e9c-0 eqiBeF container-text text-embed \">\n<p>Existen <strong>un par de teor\u00edas<\/strong> sobre c\u00f3mo las vacunas podr\u00edan reducir el riesgo de demencia. Una es que, al proteger a las personas de contraer una infecci\u00f3n, una vacuna <strong>evita la respuesta inmunitaria y especialmente la inflamaci\u00f3n<\/strong> que conlleva. (Se sabe que la inflamaci\u00f3n contribuye a la demencia). Esto puede ser relevante en especial para el herpes z\u00f3ster, ya que el virus se replica de inicio en el sistema nervioso y <strong>puede causar inflamaci\u00f3n en el cerebro<\/strong>.<\/p>\n<\/div>\n<div class=\"sc-45461e9c-0 eqiBeF container-text text-embed \">\n<p>Tambi\u00e9n es posible que las propias vacunas alteren el sistema inmunitario de un modo que afecte directamente al cerebro y lo proteja.<\/p>\n<\/div>\n<h2>Medicamentos para el colesterol y la presi\u00f3n<\/h2>\n<div class=\"sc-45461e9c-0 eqiBeF container-text text-embed \">\n<p>Varios estudios han descubierto que tanto\u00a0<strong>las estatinas<\/strong>\u00a0como los\u00a0f\u00e1rmacos que tratan la hipertensi\u00f3n\u00a0se asocian a una reducci\u00f3n del riesgo de demencia de entre el 10 y el 15 por ciento.<\/p>\n<\/div>\n<div class=\"sc-45461e9c-0 eqiBeF container-text text-embed \">\n<p>Muchos investigadores piensan que estos f\u00e1rmacos protegen el cerebro de las personas ayudando a controlar la presi\u00f3n arterial y el colesterol, que son\u00a0factores de riesgo de demencia. Sin embargo, al igual que ocurre con las vacunas, quien toma sistem\u00e1ticamente los medicamentos prescritos puede tener otros <strong>comportamientos saludables <\/strong>que tambi\u00e9n podr\u00edan reducir su riesgo.<\/p>\n<\/div>\n<div class=\"sc-45461e9c-0 eqiBeF container-text text-embed \">\n<p>La mayor parte de las investigaciones <strong>son de car\u00e1cter observacional<\/strong>, pero ha habido algunos ensayos cl\u00ednicos que han intentado estudiar m\u00e1s directamente la conexi\u00f3n entre estos f\u00e1rmacos y la demencia. Los resultados han sido desiguales. <\/p>\n<\/div>\n<div class=\"sc-45461e9c-0 eqiBeF container-text text-embed \">\n<p>Un\u00a0ensayo realizado en China en 2025\u00a0descubri\u00f3 que las personas con presi\u00f3n arterial alta a quienes se administr\u00f3 un medicamento para la hipertensi\u00f3n presentaban tasas m\u00e1s bajas de demencia cuatro a\u00f1os despu\u00e9s. Pero un\u00a0ensayo de 2009 que prob\u00f3 las estatinas\u00a0en personas que padec\u00edan enfermedad vascular o corr\u00edan un alto riesgo de padecerla no hall\u00f3 ning\u00fan beneficio en la prevenci\u00f3n del deterioro cognitivo.<\/p>\n<\/div>\n<div class=\"sc-45461e9c-0 eqiBeF container-text text-embed \">\n<p>Tambi\u00e9n queda abierta la cuesti\u00f3n de si las personas que no necesitan medicamentos para la salud card\u00edaca podr\u00edan tomarlos para prevenir la demencia, dijo Geoffrey Joyce, catedr\u00e1tico de Econom\u00eda Farmac\u00e9utica y Sanitaria de la Universidad del Sur de California.\u00a0Actualmente\u00a0<strong>hay\u00a0dos grandes ensayos\u00a0que investigan si las estatinas podr\u00edan ser \u00fatiles<\/strong> de este modo.<\/p>\n<\/div>\n<h2>Medicamentos antiinflamatorios<\/h2>\n<div class=\"sc-45461e9c-0 eqiBeF container-text text-embed \">\n<p>Debido a que se sabe que la inflamaci\u00f3n del cerebro\u00a0contribuye al Alzheimer, es posible que<strong> los medicamentos antiinflamatorios puedan brindar protecci\u00f3n<\/strong> ayudando a reducirla tanto en el cerebro como en todo el organismo. Un\u00a0art\u00edculo reciente de revisi\u00f3n a gran escala\u00a0enumeraba los antiinflamatorios como una de las clases de f\u00e1rmacos que pueden reducir el riesgo de demencia.<\/p>\n<\/div>\n<div class=\"sc-45461e9c-0 eqiBeF container-text text-embed \">\n<p>David Llewellyn, profesor de epidemiolog\u00eda cl\u00ednica y salud digital de la Facultad de Medicina de la Universidad de Exeter, Inglaterra, quien dirigi\u00f3 la revisi\u00f3n, dijo que pensaba que \u201cel historial de los antiinflamatorios\u201d ten\u00eda sentido desde el punto de vista cient\u00edfico.<\/p>\n<\/div>\n<div class=\"sc-45461e9c-0 eqiBeF container-text text-embed \">\n<p>Pero los estudios que analizan la conexi\u00f3n, especialmente con antiinflamatorios no esteroideos, fueron<strong> contradictorios<\/strong>. Algunos hallaron\u00a0un menor riesgo de demencia\u00a0por el uso de ibuprofeno, mientras que otros no mostraron\u00a0ninguna conexi\u00f3n\u00a0o incluso mostraron un\u00a0mayor riesgo. Y una\u00a0revisi\u00f3n de Cochrane\u00a0publicada en 2020 concluy\u00f3 que \u201cno hay pruebas que apoyen el uso\u201d de la aspirina u otros antiinflamatorios no esteroideos para prevenir la demencia.<\/p>\n<\/div>\n<h2>F\u00e1rmacos para la diabetes<\/h2>\n<div class=\"sc-45461e9c-0 eqiBeF container-text text-embed \">\n<p>La diabetes se asocia a un mayor riesgo de demencia, y algunos f\u00e1rmacos para la diabetes de tipo 2, como la metformina y una clase de medicamentos llamados inhibidores del cotransportador sodio-glucosa 2 (SGLT2), parecen\u00a0reducir ligeramente ese riesgo, aunque algunos estudios no muestran ning\u00fan efecto.<\/p>\n<\/div>\n<div class=\"sc-45461e9c-0 eqiBeF container-text text-embed \">\n<p>Se cree que el posible beneficio se debe en gran medida a la capacidad de estos medicamentos para ayudar a controlar los niveles de insulina y az\u00facar en sangre, que <strong>afectan a la salud de las c\u00e9lulas cerebrales<\/strong>. Tambi\u00e9n hay algunas pruebas, sobre todo en animales, de que los f\u00e1rmacos ayudan a\u00a0reducir la inflamaci\u00f3n\u00a0e incluso pueden\u00a0disminuir los niveles de beta amiloide\u00a0en el cerebro, una prote\u00edna clave implicada en el Alzheimer.<\/p>\n<\/div>\n<div class=\"sc-45461e9c-0 eqiBeF container-text text-embed \">\n<p>Se est\u00e1n llevando a cabo\u00a0ensayos cl\u00ednicos\u00a0que investigan si estos f\u00e1rmacos\u00a0para la diabetes\u00a0pueden ser beneficiosos en casos de demencia.<\/p>\n<\/div>\n<div class=\"sc-45461e9c-0 eqiBeF container-text text-embed \">\n<p>Algunos\u00a0estudios\u00a0observacionales\u00a0tambi\u00e9n han descubierto que las personas con diabetes que tomaban los nuevos medicamentos GLP-1 ten\u00edan un riesgo menor de desarrollar Alzheimer, incluso de hasta un 45 por ciento, seg\u00fan\u00a0algunos informes.<\/p>\n<\/div>\n<div class=\"sc-45461e9c-0 eqiBeF container-text text-embed \">\n<p>A partir de estas pruebas y de\u00a0<strong>investigaciones con ratones<\/strong>\u00a0que demuestran que los f\u00e1rmacos <strong>pueden revertir el deterioro cognitivo<\/strong>, dos ensayos cl\u00ednicos probaron recientemente si una forma de Ozempic en p\u00edldora tambi\u00e9n podr\u00eda ayudar a ralentizar el deterioro cognitivo en personas con Alzheimer. Pero los ensayos\u00a0no revelaron ning\u00fan beneficio, y el entusiasmo por el uso de los GLP-1 como tratamiento para la enfermedad de Alzheimer disminuy\u00f3 considerablemente. Se necesita m\u00e1s investigaci\u00f3n para determinar si realmente reducen el riesgo de demencia.<\/p>\n<\/div>\n<div class=\"sc-45461e9c-0 eqiBeF container-text text-embed \">\n<p>\u00a9The New York Times<\/p>\n<\/div>\n<div class=\"sc-45461e9c-0 eqiBeF container-text text-embed \">\n<p>\u27aa\u00bfTen\u00e9s alguna duda sobre salud y bienestar que te gustar\u00eda que abordemos en notas de la secci\u00f3n? Escribinos tu consulta a <strong>buenavida@clarin.com<\/strong><\/p>\n<\/div>\n<p><strong><a href=\"https:\/\/blockads.fivefilters.org\/\">Adblock test<\/a><\/strong> <a href=\"https:\/\/blockads.fivefilters.org\/acceptable.html\">(Why?)<\/a><\/p>\n<p>\u200b\u00a0\u00a0<\/p>","protected":false},"excerpt":{"rendered":"<p>La vacuna anual contra la gripe puede tener un importante beneficio secundario: ayudar a proteger&#8230;<\/p>\n","protected":false},"author":1,"featured_media":16868,"comment_status":"closed","ping_status":"closed","sticky":false,"template":"","format":"standard","meta":{"_jetpack_memberships_contains_paid_content":false,"footnotes":"","jetpack_publicize_message":"","jetpack_publicize_feature_enabled":true,"jetpack_social_post_already_shared":true,"jetpack_social_options":{"image_generator_settings":{"template":"highway","default_image_id":0,"font":"","enabled":false},"version":2}},"categories":[120],"tags":[],"class_list":["post-16867","post","type-post","status-publish","format-standard","has-post-thumbnail","hentry","category-salud"],"yoast_head":"<!-- This site is optimized with the Yoast SEO plugin v27.4 - https:\/\/yoast.com\/product\/yoast-seo-wordpress\/ -->\n<title>Seis medicamentos comunes que pueden reducir el riesgo de demencia -<\/title>\n<meta name=\"robots\" content=\"index, follow, max-snippet:-1, max-image-preview:large, max-video-preview:-1\" \/>\n<link rel=\"canonical\" href=\"https:\/\/impactocastex.com.ar\/?p=16867\" \/>\n<meta property=\"og:locale\" content=\"es_ES\" \/>\n<meta property=\"og:type\" content=\"article\" \/>\n<meta property=\"og:title\" content=\"Seis medicamentos comunes que pueden reducir el riesgo de demencia -\" \/>\n<meta property=\"og:description\" content=\"La vacuna anual contra la gripe puede tener un importante beneficio secundario: ayudar a proteger...\" \/>\n<meta property=\"og:url\" content=\"https:\/\/impactocastex.com.ar\/?p=16867\" \/>\n<meta property=\"article:publisher\" content=\"https:\/\/www.facebook.com\/impactocastexdiario\" \/>\n<meta property=\"article:published_time\" content=\"2026-04-30T08:01:59+00:00\" \/>\n<meta property=\"og:image\" content=\"https:\/\/www.clarin.com\/img\/2026\/04\/24\/cuOqlFYZU_2000x1500__1.jpg\" \/>\n<meta name=\"author\" content=\"impactocastex\" \/>\n<meta name=\"twitter:card\" content=\"summary_large_image\" \/>\n<meta name=\"twitter:label1\" content=\"Escrito por\" \/>\n\t<meta name=\"twitter:data1\" content=\"impactocastex\" \/>\n\t<meta name=\"twitter:label2\" content=\"Tiempo de lectura\" \/>\n\t<meta name=\"twitter:data2\" content=\"7 minutos\" \/>\n<script type=\"application\/ld+json\" class=\"yoast-schema-graph\">{\"@context\":\"https:\\\/\\\/schema.org\",\"@graph\":[{\"@type\":\"Article\",\"@id\":\"https:\\\/\\\/impactocastex.com.ar\\\/?p=16867#article\",\"isPartOf\":{\"@id\":\"https:\\\/\\\/impactocastex.com.ar\\\/?p=16867\"},\"author\":{\"name\":\"impactocastex\",\"@id\":\"https:\\\/\\\/impactocastex.com.ar\\\/#\\\/schema\\\/person\\\/86cb4f827fb5f87869a239b98a69c6e3\"},\"headline\":\"Seis medicamentos comunes que pueden reducir el riesgo de demencia\",\"datePublished\":\"2026-04-30T08:01:59+00:00\",\"mainEntityOfPage\":{\"@id\":\"https:\\\/\\\/impactocastex.com.ar\\\/?p=16867\"},\"wordCount\":1428,\"publisher\":{\"@id\":\"https:\\\/\\\/impactocastex.com.ar\\\/#organization\"},\"image\":{\"@id\":\"https:\\\/\\\/impactocastex.com.ar\\\/?p=16867#primaryimage\"},\"thumbnailUrl\":\"https:\\\/\\\/impactocastex.com.ar\\\/wp-content\\\/uploads\\\/2026\\\/04\\\/cuOqlFYZU_1200x630__1-PNVJe1.jpg\",\"articleSection\":[\"SALUD\"],\"inLanguage\":\"es\"},{\"@type\":\"WebPage\",\"@id\":\"https:\\\/\\\/impactocastex.com.ar\\\/?p=16867\",\"url\":\"https:\\\/\\\/impactocastex.com.ar\\\/?p=16867\",\"name\":\"Seis medicamentos comunes que pueden reducir el riesgo de demencia -\",\"isPartOf\":{\"@id\":\"https:\\\/\\\/impactocastex.com.ar\\\/#website\"},\"primaryImageOfPage\":{\"@id\":\"https:\\\/\\\/impactocastex.com.ar\\\/?p=16867#primaryimage\"},\"image\":{\"@id\":\"https:\\\/\\\/impactocastex.com.ar\\\/?p=16867#primaryimage\"},\"thumbnailUrl\":\"https:\\\/\\\/impactocastex.com.ar\\\/wp-content\\\/uploads\\\/2026\\\/04\\\/cuOqlFYZU_1200x630__1-PNVJe1.jpg\",\"datePublished\":\"2026-04-30T08:01:59+00:00\",\"breadcrumb\":{\"@id\":\"https:\\\/\\\/impactocastex.com.ar\\\/?p=16867#breadcrumb\"},\"inLanguage\":\"es\",\"potentialAction\":[{\"@type\":\"ReadAction\",\"target\":[\"https:\\\/\\\/impactocastex.com.ar\\\/?p=16867\"]}]},{\"@type\":\"ImageObject\",\"inLanguage\":\"es\",\"@id\":\"https:\\\/\\\/impactocastex.com.ar\\\/?p=16867#primaryimage\",\"url\":\"https:\\\/\\\/impactocastex.com.ar\\\/wp-content\\\/uploads\\\/2026\\\/04\\\/cuOqlFYZU_1200x630__1-PNVJe1.jpg\",\"contentUrl\":\"https:\\\/\\\/impactocastex.com.ar\\\/wp-content\\\/uploads\\\/2026\\\/04\\\/cuOqlFYZU_1200x630__1-PNVJe1.jpg\",\"width\":1200,\"height\":630},{\"@type\":\"BreadcrumbList\",\"@id\":\"https:\\\/\\\/impactocastex.com.ar\\\/?p=16867#breadcrumb\",\"itemListElement\":[{\"@type\":\"ListItem\",\"position\":1,\"name\":\"Portada\",\"item\":\"https:\\\/\\\/impactocastex.com.ar\\\/\"},{\"@type\":\"ListItem\",\"position\":2,\"name\":\"Seis medicamentos comunes que pueden reducir el riesgo de demencia\"}]},{\"@type\":\"WebSite\",\"@id\":\"https:\\\/\\\/impactocastex.com.ar\\\/#website\",\"url\":\"https:\\\/\\\/impactocastex.com.ar\\\/\",\"name\":\"Impacto Castex\",\"description\":\"\",\"publisher\":{\"@id\":\"https:\\\/\\\/impactocastex.com.ar\\\/#organization\"},\"potentialAction\":[{\"@type\":\"SearchAction\",\"target\":{\"@type\":\"EntryPoint\",\"urlTemplate\":\"https:\\\/\\\/impactocastex.com.ar\\\/?s={search_term_string}\"},\"query-input\":{\"@type\":\"PropertyValueSpecification\",\"valueRequired\":true,\"valueName\":\"search_term_string\"}}],\"inLanguage\":\"es\"},{\"@type\":\"Organization\",\"@id\":\"https:\\\/\\\/impactocastex.com.ar\\\/#organization\",\"name\":\"Impacto Castex\",\"url\":\"https:\\\/\\\/impactocastex.com.ar\\\/\",\"logo\":{\"@type\":\"ImageObject\",\"inLanguage\":\"es\",\"@id\":\"https:\\\/\\\/impactocastex.com.ar\\\/#\\\/schema\\\/logo\\\/image\\\/\",\"url\":\"https:\\\/\\\/impactocastex.com.ar\\\/wp-content\\\/uploads\\\/2025\\\/09\\\/cropped-icoweb.png\",\"contentUrl\":\"https:\\\/\\\/impactocastex.com.ar\\\/wp-content\\\/uploads\\\/2025\\\/09\\\/cropped-icoweb.png\",\"width\":512,\"height\":512,\"caption\":\"Impacto Castex\"},\"image\":{\"@id\":\"https:\\\/\\\/impactocastex.com.ar\\\/#\\\/schema\\\/logo\\\/image\\\/\"},\"sameAs\":[\"https:\\\/\\\/www.facebook.com\\\/impactocastexdiario\",\"https:\\\/\\\/www.instagram.com\\\/impactocastex.com.ar\\\/\"]},{\"@type\":\"Person\",\"@id\":\"https:\\\/\\\/impactocastex.com.ar\\\/#\\\/schema\\\/person\\\/86cb4f827fb5f87869a239b98a69c6e3\",\"name\":\"impactocastex\",\"image\":{\"@type\":\"ImageObject\",\"inLanguage\":\"es\",\"@id\":\"https:\\\/\\\/secure.gravatar.com\\\/avatar\\\/9a87ee051ca8c77f5d4070843ce2c78cdf95b858b950fb039151de955122f5f5?s=96&d=mm&r=g\",\"url\":\"https:\\\/\\\/secure.gravatar.com\\\/avatar\\\/9a87ee051ca8c77f5d4070843ce2c78cdf95b858b950fb039151de955122f5f5?s=96&d=mm&r=g\",\"contentUrl\":\"https:\\\/\\\/secure.gravatar.com\\\/avatar\\\/9a87ee051ca8c77f5d4070843ce2c78cdf95b858b950fb039151de955122f5f5?s=96&d=mm&r=g\",\"caption\":\"impactocastex\"},\"sameAs\":[\"https:\\\/\\\/impactocastex.com.ar\"],\"url\":\"https:\\\/\\\/impactocastex.com.ar\\\/?author=1\"}]}<\/script>\n<!-- \/ Yoast SEO plugin. -->","yoast_head_json":{"title":"Seis medicamentos comunes que pueden reducir el riesgo de demencia -","robots":{"index":"index","follow":"follow","max-snippet":"max-snippet:-1","max-image-preview":"max-image-preview:large","max-video-preview":"max-video-preview:-1"},"canonical":"https:\/\/impactocastex.com.ar\/?p=16867","og_locale":"es_ES","og_type":"article","og_title":"Seis medicamentos comunes que pueden reducir el riesgo de demencia -","og_description":"La vacuna anual contra la gripe puede tener un importante beneficio secundario: ayudar a proteger...","og_url":"https:\/\/impactocastex.com.ar\/?p=16867","article_publisher":"https:\/\/www.facebook.com\/impactocastexdiario","article_published_time":"2026-04-30T08:01:59+00:00","og_image":[{"url":"https:\/\/www.clarin.com\/img\/2026\/04\/24\/cuOqlFYZU_2000x1500__1.jpg","type":"","width":"","height":""}],"author":"impactocastex","twitter_card":"summary_large_image","twitter_misc":{"Escrito por":"impactocastex","Tiempo de lectura":"7 minutos"},"schema":{"@context":"https:\/\/schema.org","@graph":[{"@type":"Article","@id":"https:\/\/impactocastex.com.ar\/?p=16867#article","isPartOf":{"@id":"https:\/\/impactocastex.com.ar\/?p=16867"},"author":{"name":"impactocastex","@id":"https:\/\/impactocastex.com.ar\/#\/schema\/person\/86cb4f827fb5f87869a239b98a69c6e3"},"headline":"Seis medicamentos comunes que pueden reducir el riesgo de demencia","datePublished":"2026-04-30T08:01:59+00:00","mainEntityOfPage":{"@id":"https:\/\/impactocastex.com.ar\/?p=16867"},"wordCount":1428,"publisher":{"@id":"https:\/\/impactocastex.com.ar\/#organization"},"image":{"@id":"https:\/\/impactocastex.com.ar\/?p=16867#primaryimage"},"thumbnailUrl":"https:\/\/impactocastex.com.ar\/wp-content\/uploads\/2026\/04\/cuOqlFYZU_1200x630__1-PNVJe1.jpg","articleSection":["SALUD"],"inLanguage":"es"},{"@type":"WebPage","@id":"https:\/\/impactocastex.com.ar\/?p=16867","url":"https:\/\/impactocastex.com.ar\/?p=16867","name":"Seis medicamentos comunes que pueden reducir el riesgo de demencia -","isPartOf":{"@id":"https:\/\/impactocastex.com.ar\/#website"},"primaryImageOfPage":{"@id":"https:\/\/impactocastex.com.ar\/?p=16867#primaryimage"},"image":{"@id":"https:\/\/impactocastex.com.ar\/?p=16867#primaryimage"},"thumbnailUrl":"https:\/\/impactocastex.com.ar\/wp-content\/uploads\/2026\/04\/cuOqlFYZU_1200x630__1-PNVJe1.jpg","datePublished":"2026-04-30T08:01:59+00:00","breadcrumb":{"@id":"https:\/\/impactocastex.com.ar\/?p=16867#breadcrumb"},"inLanguage":"es","potentialAction":[{"@type":"ReadAction","target":["https:\/\/impactocastex.com.ar\/?p=16867"]}]},{"@type":"ImageObject","inLanguage":"es","@id":"https:\/\/impactocastex.com.ar\/?p=16867#primaryimage","url":"https:\/\/impactocastex.com.ar\/wp-content\/uploads\/2026\/04\/cuOqlFYZU_1200x630__1-PNVJe1.jpg","contentUrl":"https:\/\/impactocastex.com.ar\/wp-content\/uploads\/2026\/04\/cuOqlFYZU_1200x630__1-PNVJe1.jpg","width":1200,"height":630},{"@type":"BreadcrumbList","@id":"https:\/\/impactocastex.com.ar\/?p=16867#breadcrumb","itemListElement":[{"@type":"ListItem","position":1,"name":"Portada","item":"https:\/\/impactocastex.com.ar\/"},{"@type":"ListItem","position":2,"name":"Seis medicamentos comunes que pueden reducir el riesgo de demencia"}]},{"@type":"WebSite","@id":"https:\/\/impactocastex.com.ar\/#website","url":"https:\/\/impactocastex.com.ar\/","name":"Impacto Castex","description":"","publisher":{"@id":"https:\/\/impactocastex.com.ar\/#organization"},"potentialAction":[{"@type":"SearchAction","target":{"@type":"EntryPoint","urlTemplate":"https:\/\/impactocastex.com.ar\/?s={search_term_string}"},"query-input":{"@type":"PropertyValueSpecification","valueRequired":true,"valueName":"search_term_string"}}],"inLanguage":"es"},{"@type":"Organization","@id":"https:\/\/impactocastex.com.ar\/#organization","name":"Impacto Castex","url":"https:\/\/impactocastex.com.ar\/","logo":{"@type":"ImageObject","inLanguage":"es","@id":"https:\/\/impactocastex.com.ar\/#\/schema\/logo\/image\/","url":"https:\/\/impactocastex.com.ar\/wp-content\/uploads\/2025\/09\/cropped-icoweb.png","contentUrl":"https:\/\/impactocastex.com.ar\/wp-content\/uploads\/2025\/09\/cropped-icoweb.png","width":512,"height":512,"caption":"Impacto Castex"},"image":{"@id":"https:\/\/impactocastex.com.ar\/#\/schema\/logo\/image\/"},"sameAs":["https:\/\/www.facebook.com\/impactocastexdiario","https:\/\/www.instagram.com\/impactocastex.com.ar\/"]},{"@type":"Person","@id":"https:\/\/impactocastex.com.ar\/#\/schema\/person\/86cb4f827fb5f87869a239b98a69c6e3","name":"impactocastex","image":{"@type":"ImageObject","inLanguage":"es","@id":"https:\/\/secure.gravatar.com\/avatar\/9a87ee051ca8c77f5d4070843ce2c78cdf95b858b950fb039151de955122f5f5?s=96&d=mm&r=g","url":"https:\/\/secure.gravatar.com\/avatar\/9a87ee051ca8c77f5d4070843ce2c78cdf95b858b950fb039151de955122f5f5?s=96&d=mm&r=g","contentUrl":"https:\/\/secure.gravatar.com\/avatar\/9a87ee051ca8c77f5d4070843ce2c78cdf95b858b950fb039151de955122f5f5?s=96&d=mm&r=g","caption":"impactocastex"},"sameAs":["https:\/\/impactocastex.com.ar"],"url":"https:\/\/impactocastex.com.ar\/?author=1"}]}},"jetpack_publicize_connections":[],"featured_image_urls":{"full":["https:\/\/impactocastex.com.ar\/wp-content\/uploads\/2026\/04\/cuOqlFYZU_1200x630__1-PNVJe1.jpg",1200,630,false],"thumbnail":["https:\/\/impactocastex.com.ar\/wp-content\/uploads\/2026\/04\/cuOqlFYZU_1200x630__1-PNVJe1-150x150.jpg",150,150,true],"medium":["https:\/\/impactocastex.com.ar\/wp-content\/uploads\/2026\/04\/cuOqlFYZU_1200x630__1-PNVJe1-300x158.jpg",300,158,true],"medium_large":["https:\/\/impactocastex.com.ar\/wp-content\/uploads\/2026\/04\/cuOqlFYZU_1200x630__1-PNVJe1-768x403.jpg",640,336,true],"large":["https:\/\/impactocastex.com.ar\/wp-content\/uploads\/2026\/04\/cuOqlFYZU_1200x630__1-PNVJe1-1024x538.jpg",640,336,true],"1536x1536":["https:\/\/impactocastex.com.ar\/wp-content\/uploads\/2026\/04\/cuOqlFYZU_1200x630__1-PNVJe1.jpg",1200,630,false],"2048x2048":["https:\/\/impactocastex.com.ar\/wp-content\/uploads\/2026\/04\/cuOqlFYZU_1200x630__1-PNVJe1.jpg",1200,630,false],"newsever-slider-full":["https:\/\/impactocastex.com.ar\/wp-content\/uploads\/2026\/04\/cuOqlFYZU_1200x630__1-PNVJe1.jpg",1200,630,false],"newsever-featured":["https:\/\/impactocastex.com.ar\/wp-content\/uploads\/2026\/04\/cuOqlFYZU_1200x630__1-PNVJe1-1024x538.jpg",1024,538,true],"newsever-medium":["https:\/\/impactocastex.com.ar\/wp-content\/uploads\/2026\/04\/cuOqlFYZU_1200x630__1-PNVJe1-720x475.jpg",720,475,true]},"author_info":{"info":["impactocastex"]},"category_info":"<a href=\"https:\/\/impactocastex.com.ar\/?cat=120\" rel=\"category\">SALUD<\/a>","tag_info":"SALUD","comment_count":0,"jetpack_featured_media_url":"https:\/\/impactocastex.com.ar\/wp-content\/uploads\/2026\/04\/cuOqlFYZU_1200x630__1-PNVJe1.jpg","jetpack_sharing_enabled":true,"jetpack_likes_enabled":true,"jetpack_shortlink":"https:\/\/wp.me\/p7sopA-4o3","_links":{"self":[{"href":"https:\/\/impactocastex.com.ar\/index.php?rest_route=\/wp\/v2\/posts\/16867","targetHints":{"allow":["GET"]}}],"collection":[{"href":"https:\/\/impactocastex.com.ar\/index.php?rest_route=\/wp\/v2\/posts"}],"about":[{"href":"https:\/\/impactocastex.com.ar\/index.php?rest_route=\/wp\/v2\/types\/post"}],"author":[{"embeddable":true,"href":"https:\/\/impactocastex.com.ar\/index.php?rest_route=\/wp\/v2\/users\/1"}],"replies":[{"embeddable":true,"href":"https:\/\/impactocastex.com.ar\/index.php?rest_route=%2Fwp%2Fv2%2Fcomments&post=16867"}],"version-history":[{"count":0,"href":"https:\/\/impactocastex.com.ar\/index.php?rest_route=\/wp\/v2\/posts\/16867\/revisions"}],"wp:featuredmedia":[{"embeddable":true,"href":"https:\/\/impactocastex.com.ar\/index.php?rest_route=\/wp\/v2\/media\/16868"}],"wp:attachment":[{"href":"https:\/\/impactocastex.com.ar\/index.php?rest_route=%2Fwp%2Fv2%2Fmedia&parent=16867"}],"wp:term":[{"taxonomy":"category","embeddable":true,"href":"https:\/\/impactocastex.com.ar\/index.php?rest_route=%2Fwp%2Fv2%2Fcategories&post=16867"},{"taxonomy":"post_tag","embeddable":true,"href":"https:\/\/impactocastex.com.ar\/index.php?rest_route=%2Fwp%2Fv2%2Ftags&post=16867"}],"curies":[{"name":"wp","href":"https:\/\/api.w.org\/{rel}","templated":true}]}}