{"id":16834,"date":"2026-04-30T08:18:09","date_gmt":"2026-04-30T11:18:09","guid":{"rendered":"https:\/\/impactocastex.com.ar\/?p=16834"},"modified":"2026-04-30T08:18:09","modified_gmt":"2026-04-30T11:18:09","slug":"de-cuanto-es-el-monto-de-la-tarjeta-alimentar-en-mayo-de-2026","status":"publish","type":"post","link":"https:\/\/impactocastex.com.ar\/?p=16834","title":{"rendered":"De cu\u00e1nto es el monto de la Tarjeta Alimentar en mayo de 2026"},"content":{"rendered":"<p>Los titulares de la <b>Prestaci\u00f3n Alimentar<\/b>, tambi\u00e9n conocida como <a href=\"https:\/\/www.lanacion.com.ar\/economia\/de-cuanto-es-el-monto-de-la-tarjeta-alimentar-en-abril-de-2026-nid08042026\/\" target=\"_self\" rel=\"\" title=\"https:\/\/www.lanacion.com.ar\/economia\/de-cuanto-es-el-monto-de-la-tarjeta-alimentar-en-abril-de-2026-nid08042026\/\"><b>Tarjeta Alimentar<\/b> <\/a>reciben en mayo<b> la misma cifra que el mes anterior<\/b>, dado que esta asistencia econ\u00f3mica no se actualiza de manera mensual.<\/p>\n<p><img loading=\"lazy\" decoding=\"async\" src=\"https:\/\/resizer.glanacion.com\/resizer\/v2\/JNJYRGNFCVHEZARQZDAHIL6OKE.JPG?auth=248c793e5cc5741fe315522b1860d9a683fef7952b684ffee17a4c9c41597dc1&amp;smart=true&amp;width=2000&amp;height=1333\" alt=\"El monto de mayo para la Prestaci\u00f3n Alimentar\" height=\"1333\" width=\"2000\" \/><\/p>\n<p>Tal como confirmaron fuentes del <b>Ministerio de Capital Humano<\/b> a <b>LA NACION<\/b>, la<b> Tarjeta Alimentar del mes de mayo no tendr\u00e1 variantes<\/b> respecto de los valores de los meses anteriores, y de acuerdo a la conformaci\u00f3n del grupo familiar, oscila entre los $52.000 y los $108.000.<\/p>\n<p>Esta herramienta de asistencia estatal tuvo su \u00faltima actualizaci\u00f3n en junio de 2024, bajo la <a href=\"https:\/\/www.boletinoficial.gob.ar\/detalleAviso\/primera\/307628\/20240517\" rel=\"\" title=\"resoluci\u00f3n 181\/2024\">resoluci\u00f3n 181\/2024<\/a>, publicada en el <b>Bolet\u00edn Oficial.<\/b><\/p>\n<h1>De cu\u00e1nto es el monto de la Tarjeta Alimentar en mayo de 2026<\/h1>\n<p>En mayo, los <b>titulares de Prestaci\u00f3n Alimentar recibir\u00e1n los siguientes montos, <\/b>de acuerdo a la conformaci\u00f3n de su grupo familiar.<\/p>\n<table>\n<thead>\n<tr>\n<th>Conformaci\u00f3n grupo familiar<\/th>\n<th>Monto mayo<\/th>\n<\/tr>\n<\/thead>\n<tbody>\n<tr>\n<td>Familias con un hijo<\/td>\n<td>$52.250<\/td>\n<\/tr>\n<tr>\n<td>Titulares de AUE<\/td>\n<td>$52.250<\/td>\n<\/tr>\n<tr>\n<td>Familias con dos hijos<\/td>\n<td>$81.936<\/td>\n<\/tr>\n<tr>\n<td>Familias con tres o m\u00e1s hijos<\/td>\n<td>$108.062<\/td>\n<\/tr>\n<\/tbody>\n<\/table>\n<p>Esta herramienta de asistencia se abona junto a la<b> prestaci\u00f3n principal <\/b>que cobre cada titular del beneficio, por lo que no hay un calendario espec\u00edfico de la Prestaci\u00f3n Alimentar, y la fecha de acreditaci\u00f3n coincide con el <b>cronograma de la prestaci\u00f3n original que diagrama la Anses <\/b>(Administraci\u00f3n Nacional de la Seguridad Social)<b> <\/b>de manera mensual.<\/p>\n<p><img loading=\"lazy\" decoding=\"async\" src=\"https:\/\/resizer.glanacion.com\/resizer\/v2\/RU6TRQ27J5APBDLCGGUBDFOZ6M.jpg?auth=a5efc2c0565caa45e74b0c95090696ba28530f0c6dd66b8476a5756166645b9e&amp;smart=true&amp;width=2000&amp;height=1333\" alt=\"Se anunciaron ampliaciones en la Tarjeta Alimentar, cambios en los montos y un mayor alcance etario\" height=\"1333\" width=\"2000\" \/><\/p>\n<h1>Qui\u00e9nes acceden al cobro de la Tarjeta Alimentar<\/h1>\n<p>La asistencia alcanza a diversos grupos que ya cuentan con apoyo estatal previo. Los <b>padres con hijos de hasta 14 a\u00f1os <\/b>inclusive que perciben la <b>Asignaci\u00f3n Universal por Hijo<\/b> integran el padr\u00f3n principal. Las mujeres embarazadas con tres meses de gestaci\u00f3n bajo el r\u00e9gimen de la asignaci\u00f3n por embarazo tambi\u00e9n reciben el beneficio.<\/p>\n<p>El programa contempla a las <b>personas con discapacidad <\/b>que cobran la asistencia universal por hijo sin l\u00edmite de edad. Las madres con siete o m\u00e1s hijos que reciben <b>Pensiones No Contributivas<\/b> forman parte del esquema de pagos de este mes. El dinero sirve para la adquisici\u00f3n de todo tipo de productos alimenticios y proh\u00edbe de forma expresa la compra de bebidas alcoh\u00f3licas con estos fondos.<\/p>\n<h1>C\u00f3mo saber si corresponde el cobro de la Tarjeta Alimentar en mayo de 2026<\/h1>\n<p>Para saber si a alguien le corresponde o no el pago de la <b>Tarjeta Alimentar<\/b> de mayo, se puede consultar por la fecha de cobro en el <a href=\"https:\/\/www.lanacion.com.ar\/economia\/cuando-cobro-anses-el-calendario-completo-de-julio-2025-nid30062025\/\" rel=\"\" title=\"https:\/\/www.lanacion.com.ar\/economia\/cuando-cobro-anses-el-calendario-completo-de-julio-2025-nid30062025\/\"><b>calendario de pagos<\/b><\/a> que ofrece la Anses. Cabe recordar que esta prestaci\u00f3n se paga junto a los haberes de los beneficiarios de forma autom\u00e1tica, por lo que es necesario verificar la fecha de pago del beneficio principal para saber cu\u00e1ndo se cobra.<\/p>\n<figure><video height=\"720\" width=\"1280\" poster=\"https:\/\/cdn.jwplayer.com\/v2\/media\/ENqyERZD\/poster.jpg?width=1280\" preload=\"none\"><\/video><figcaption>\u00bfC\u00f3mo crear la Clave de la Seguridad Social de la Anses?<\/figcaption><\/figure>\n<p>Por otro lado, se puede chequear el cobro de la Prestaci\u00f3n Alimentar a trav\u00e9s de<a href=\"https:\/\/servicioscorp.anses.gob.ar\/clavelogon\/logon.aspx?system=miansesv2\" rel=\"\" title=\"mi ANSES\"><b>mi ANSES<\/b><\/a>. Para ello, hace falta ingresar a la secci\u00f3n \u00ab<b>Hijos<\/b>\u201c, en el apartado \u201c<b>Mis Asignaciones<\/b>\u201d con el CUIL y Clave de la Seguridad Social. All\u00ed se visualizar\u00e1n todos las prestaciones sociales que recibe el beneficiario en detalle.<\/p>\n<p>\u200bLa prestaci\u00f3n matiene el mismo monto de los meses previos; cu\u00e1ndo fue la \u00faltima actualizaci\u00f3n y qu\u00e9 cifra se distribuye seg\u00fan el grupo familiar\u00a0\u00a0<\/p>","protected":false},"excerpt":{"rendered":"<p>Los titulares de la Prestaci\u00f3n Alimentar, tambi\u00e9n conocida como Tarjeta Alimentar reciben en mayo la&#8230;<\/p>\n","protected":false},"author":1,"featured_media":16835,"comment_status":"closed","ping_status":"closed","sticky":false,"template":"","format":"standard","meta":{"_jetpack_memberships_contains_paid_content":false,"footnotes":"","jetpack_publicize_message":"","jetpack_publicize_feature_enabled":true,"jetpack_social_post_already_shared":true,"jetpack_social_options":{"image_generator_settings":{"template":"highway","default_image_id":0,"font":"","enabled":false},"version":2}},"categories":[89],"tags":[],"class_list":["post-16834","post","type-post","status-publish","format-standard","has-post-thumbnail","hentry","category-nacionales"],"yoast_head":"<!-- This site is optimized with the Yoast SEO plugin v27.4 - https:\/\/yoast.com\/product\/yoast-seo-wordpress\/ -->\n<title>De cu\u00e1nto es el monto de la Tarjeta Alimentar en mayo de 2026 -<\/title>\n<meta name=\"robots\" content=\"index, follow, max-snippet:-1, max-image-preview:large, max-video-preview:-1\" \/>\n<link rel=\"canonical\" href=\"https:\/\/impactocastex.com.ar\/?p=16834\" \/>\n<meta property=\"og:locale\" content=\"es_ES\" \/>\n<meta property=\"og:type\" content=\"article\" \/>\n<meta property=\"og:title\" content=\"De cu\u00e1nto es el monto de la Tarjeta Alimentar en mayo de 2026 -\" \/>\n<meta property=\"og:description\" content=\"Los titulares de la Prestaci\u00f3n Alimentar, tambi\u00e9n conocida como Tarjeta Alimentar reciben en mayo la...\" \/>\n<meta property=\"og:url\" content=\"https:\/\/impactocastex.com.ar\/?p=16834\" \/>\n<meta property=\"article:publisher\" content=\"https:\/\/www.facebook.com\/impactocastexdiario\" \/>\n<meta property=\"article:published_time\" content=\"2026-04-30T11:18:09+00:00\" \/>\n<meta property=\"og:image\" content=\"https:\/\/resizer.glanacion.com\/resizer\/v2\/JNJYRGNFCVHEZARQZDAHIL6OKE.JPG?auth=248c793e5cc5741fe315522b1860d9a683fef7952b684ffee17a4c9c41597dc1&amp;smart=true&amp;width=2000&amp;height=1333\" \/>\n<meta name=\"author\" content=\"impactocastex\" \/>\n<meta name=\"twitter:card\" content=\"summary_large_image\" \/>\n<meta name=\"twitter:label1\" content=\"Escrito por\" \/>\n\t<meta name=\"twitter:data1\" content=\"impactocastex\" \/>\n\t<meta name=\"twitter:label2\" content=\"Tiempo de lectura\" \/>\n\t<meta name=\"twitter:data2\" content=\"3 minutos\" \/>\n<script type=\"application\/ld+json\" class=\"yoast-schema-graph\">{\"@context\":\"https:\\\/\\\/schema.org\",\"@graph\":[{\"@type\":\"Article\",\"@id\":\"https:\\\/\\\/impactocastex.com.ar\\\/?p=16834#article\",\"isPartOf\":{\"@id\":\"https:\\\/\\\/impactocastex.com.ar\\\/?p=16834\"},\"author\":{\"name\":\"impactocastex\",\"@id\":\"https:\\\/\\\/impactocastex.com.ar\\\/#\\\/schema\\\/person\\\/86cb4f827fb5f87869a239b98a69c6e3\"},\"headline\":\"De cu\u00e1nto es el monto de la Tarjeta Alimentar en mayo de 2026\",\"datePublished\":\"2026-04-30T11:18:09+00:00\",\"mainEntityOfPage\":{\"@id\":\"https:\\\/\\\/impactocastex.com.ar\\\/?p=16834\"},\"wordCount\":558,\"publisher\":{\"@id\":\"https:\\\/\\\/impactocastex.com.ar\\\/#organization\"},\"image\":{\"@id\":\"https:\\\/\\\/impactocastex.com.ar\\\/?p=16834#primaryimage\"},\"thumbnailUrl\":\"https:\\\/\\\/impactocastex.com.ar\\\/wp-content\\\/uploads\\\/2026\\\/04\\\/MEJHB77VBJBEXDADXWUKO2VO7U-jEooah.jpg\",\"articleSection\":[\"NACIONALES\"],\"inLanguage\":\"es\"},{\"@type\":\"WebPage\",\"@id\":\"https:\\\/\\\/impactocastex.com.ar\\\/?p=16834\",\"url\":\"https:\\\/\\\/impactocastex.com.ar\\\/?p=16834\",\"name\":\"De cu\u00e1nto es el monto de la Tarjeta Alimentar en mayo de 2026 -\",\"isPartOf\":{\"@id\":\"https:\\\/\\\/impactocastex.com.ar\\\/#website\"},\"primaryImageOfPage\":{\"@id\":\"https:\\\/\\\/impactocastex.com.ar\\\/?p=16834#primaryimage\"},\"image\":{\"@id\":\"https:\\\/\\\/impactocastex.com.ar\\\/?p=16834#primaryimage\"},\"thumbnailUrl\":\"https:\\\/\\\/impactocastex.com.ar\\\/wp-content\\\/uploads\\\/2026\\\/04\\\/MEJHB77VBJBEXDADXWUKO2VO7U-jEooah.jpg\",\"datePublished\":\"2026-04-30T11:18:09+00:00\",\"breadcrumb\":{\"@id\":\"https:\\\/\\\/impactocastex.com.ar\\\/?p=16834#breadcrumb\"},\"inLanguage\":\"es\",\"potentialAction\":[{\"@type\":\"ReadAction\",\"target\":[\"https:\\\/\\\/impactocastex.com.ar\\\/?p=16834\"]}]},{\"@type\":\"ImageObject\",\"inLanguage\":\"es\",\"@id\":\"https:\\\/\\\/impactocastex.com.ar\\\/?p=16834#primaryimage\",\"url\":\"https:\\\/\\\/impactocastex.com.ar\\\/wp-content\\\/uploads\\\/2026\\\/04\\\/MEJHB77VBJBEXDADXWUKO2VO7U-jEooah.jpg\",\"contentUrl\":\"https:\\\/\\\/impactocastex.com.ar\\\/wp-content\\\/uploads\\\/2026\\\/04\\\/MEJHB77VBJBEXDADXWUKO2VO7U-jEooah.jpg\",\"width\":2000,\"height\":1333},{\"@type\":\"BreadcrumbList\",\"@id\":\"https:\\\/\\\/impactocastex.com.ar\\\/?p=16834#breadcrumb\",\"itemListElement\":[{\"@type\":\"ListItem\",\"position\":1,\"name\":\"Portada\",\"item\":\"https:\\\/\\\/impactocastex.com.ar\\\/\"},{\"@type\":\"ListItem\",\"position\":2,\"name\":\"De cu\u00e1nto es el monto de la Tarjeta Alimentar en mayo de 2026\"}]},{\"@type\":\"WebSite\",\"@id\":\"https:\\\/\\\/impactocastex.com.ar\\\/#website\",\"url\":\"https:\\\/\\\/impactocastex.com.ar\\\/\",\"name\":\"Impacto Castex\",\"description\":\"\",\"publisher\":{\"@id\":\"https:\\\/\\\/impactocastex.com.ar\\\/#organization\"},\"potentialAction\":[{\"@type\":\"SearchAction\",\"target\":{\"@type\":\"EntryPoint\",\"urlTemplate\":\"https:\\\/\\\/impactocastex.com.ar\\\/?s={search_term_string}\"},\"query-input\":{\"@type\":\"PropertyValueSpecification\",\"valueRequired\":true,\"valueName\":\"search_term_string\"}}],\"inLanguage\":\"es\"},{\"@type\":\"Organization\",\"@id\":\"https:\\\/\\\/impactocastex.com.ar\\\/#organization\",\"name\":\"Impacto Castex\",\"url\":\"https:\\\/\\\/impactocastex.com.ar\\\/\",\"logo\":{\"@type\":\"ImageObject\",\"inLanguage\":\"es\",\"@id\":\"https:\\\/\\\/impactocastex.com.ar\\\/#\\\/schema\\\/logo\\\/image\\\/\",\"url\":\"https:\\\/\\\/impactocastex.com.ar\\\/wp-content\\\/uploads\\\/2025\\\/09\\\/cropped-icoweb.png\",\"contentUrl\":\"https:\\\/\\\/impactocastex.com.ar\\\/wp-content\\\/uploads\\\/2025\\\/09\\\/cropped-icoweb.png\",\"width\":512,\"height\":512,\"caption\":\"Impacto Castex\"},\"image\":{\"@id\":\"https:\\\/\\\/impactocastex.com.ar\\\/#\\\/schema\\\/logo\\\/image\\\/\"},\"sameAs\":[\"https:\\\/\\\/www.facebook.com\\\/impactocastexdiario\",\"https:\\\/\\\/www.instagram.com\\\/impactocastex.com.ar\\\/\"]},{\"@type\":\"Person\",\"@id\":\"https:\\\/\\\/impactocastex.com.ar\\\/#\\\/schema\\\/person\\\/86cb4f827fb5f87869a239b98a69c6e3\",\"name\":\"impactocastex\",\"image\":{\"@type\":\"ImageObject\",\"inLanguage\":\"es\",\"@id\":\"https:\\\/\\\/secure.gravatar.com\\\/avatar\\\/9a87ee051ca8c77f5d4070843ce2c78cdf95b858b950fb039151de955122f5f5?s=96&d=mm&r=g\",\"url\":\"https:\\\/\\\/secure.gravatar.com\\\/avatar\\\/9a87ee051ca8c77f5d4070843ce2c78cdf95b858b950fb039151de955122f5f5?s=96&d=mm&r=g\",\"contentUrl\":\"https:\\\/\\\/secure.gravatar.com\\\/avatar\\\/9a87ee051ca8c77f5d4070843ce2c78cdf95b858b950fb039151de955122f5f5?s=96&d=mm&r=g\",\"caption\":\"impactocastex\"},\"sameAs\":[\"https:\\\/\\\/impactocastex.com.ar\"],\"url\":\"https:\\\/\\\/impactocastex.com.ar\\\/?author=1\"}]}<\/script>\n<!-- \/ Yoast SEO plugin. -->","yoast_head_json":{"title":"De cu\u00e1nto es el monto de la Tarjeta Alimentar en mayo de 2026 -","robots":{"index":"index","follow":"follow","max-snippet":"max-snippet:-1","max-image-preview":"max-image-preview:large","max-video-preview":"max-video-preview:-1"},"canonical":"https:\/\/impactocastex.com.ar\/?p=16834","og_locale":"es_ES","og_type":"article","og_title":"De cu\u00e1nto es el monto de la Tarjeta Alimentar en mayo de 2026 -","og_description":"Los titulares de la Prestaci\u00f3n Alimentar, tambi\u00e9n conocida como Tarjeta Alimentar reciben en mayo la...","og_url":"https:\/\/impactocastex.com.ar\/?p=16834","article_publisher":"https:\/\/www.facebook.com\/impactocastexdiario","article_published_time":"2026-04-30T11:18:09+00:00","og_image":[{"url":"https:\/\/resizer.glanacion.com\/resizer\/v2\/JNJYRGNFCVHEZARQZDAHIL6OKE.JPG?auth=248c793e5cc5741fe315522b1860d9a683fef7952b684ffee17a4c9c41597dc1&amp;smart=true&amp;width=2000&amp;height=1333","type":"","width":"","height":""}],"author":"impactocastex","twitter_card":"summary_large_image","twitter_misc":{"Escrito por":"impactocastex","Tiempo de lectura":"3 minutos"},"schema":{"@context":"https:\/\/schema.org","@graph":[{"@type":"Article","@id":"https:\/\/impactocastex.com.ar\/?p=16834#article","isPartOf":{"@id":"https:\/\/impactocastex.com.ar\/?p=16834"},"author":{"name":"impactocastex","@id":"https:\/\/impactocastex.com.ar\/#\/schema\/person\/86cb4f827fb5f87869a239b98a69c6e3"},"headline":"De cu\u00e1nto es el monto de la Tarjeta Alimentar en mayo de 2026","datePublished":"2026-04-30T11:18:09+00:00","mainEntityOfPage":{"@id":"https:\/\/impactocastex.com.ar\/?p=16834"},"wordCount":558,"publisher":{"@id":"https:\/\/impactocastex.com.ar\/#organization"},"image":{"@id":"https:\/\/impactocastex.com.ar\/?p=16834#primaryimage"},"thumbnailUrl":"https:\/\/impactocastex.com.ar\/wp-content\/uploads\/2026\/04\/MEJHB77VBJBEXDADXWUKO2VO7U-jEooah.jpg","articleSection":["NACIONALES"],"inLanguage":"es"},{"@type":"WebPage","@id":"https:\/\/impactocastex.com.ar\/?p=16834","url":"https:\/\/impactocastex.com.ar\/?p=16834","name":"De cu\u00e1nto es el monto de la Tarjeta Alimentar en mayo de 2026 -","isPartOf":{"@id":"https:\/\/impactocastex.com.ar\/#website"},"primaryImageOfPage":{"@id":"https:\/\/impactocastex.com.ar\/?p=16834#primaryimage"},"image":{"@id":"https:\/\/impactocastex.com.ar\/?p=16834#primaryimage"},"thumbnailUrl":"https:\/\/impactocastex.com.ar\/wp-content\/uploads\/2026\/04\/MEJHB77VBJBEXDADXWUKO2VO7U-jEooah.jpg","datePublished":"2026-04-30T11:18:09+00:00","breadcrumb":{"@id":"https:\/\/impactocastex.com.ar\/?p=16834#breadcrumb"},"inLanguage":"es","potentialAction":[{"@type":"ReadAction","target":["https:\/\/impactocastex.com.ar\/?p=16834"]}]},{"@type":"ImageObject","inLanguage":"es","@id":"https:\/\/impactocastex.com.ar\/?p=16834#primaryimage","url":"https:\/\/impactocastex.com.ar\/wp-content\/uploads\/2026\/04\/MEJHB77VBJBEXDADXWUKO2VO7U-jEooah.jpg","contentUrl":"https:\/\/impactocastex.com.ar\/wp-content\/uploads\/2026\/04\/MEJHB77VBJBEXDADXWUKO2VO7U-jEooah.jpg","width":2000,"height":1333},{"@type":"BreadcrumbList","@id":"https:\/\/impactocastex.com.ar\/?p=16834#breadcrumb","itemListElement":[{"@type":"ListItem","position":1,"name":"Portada","item":"https:\/\/impactocastex.com.ar\/"},{"@type":"ListItem","position":2,"name":"De cu\u00e1nto es el monto de la Tarjeta Alimentar en mayo de 2026"}]},{"@type":"WebSite","@id":"https:\/\/impactocastex.com.ar\/#website","url":"https:\/\/impactocastex.com.ar\/","name":"Impacto Castex","description":"","publisher":{"@id":"https:\/\/impactocastex.com.ar\/#organization"},"potentialAction":[{"@type":"SearchAction","target":{"@type":"EntryPoint","urlTemplate":"https:\/\/impactocastex.com.ar\/?s={search_term_string}"},"query-input":{"@type":"PropertyValueSpecification","valueRequired":true,"valueName":"search_term_string"}}],"inLanguage":"es"},{"@type":"Organization","@id":"https:\/\/impactocastex.com.ar\/#organization","name":"Impacto Castex","url":"https:\/\/impactocastex.com.ar\/","logo":{"@type":"ImageObject","inLanguage":"es","@id":"https:\/\/impactocastex.com.ar\/#\/schema\/logo\/image\/","url":"https:\/\/impactocastex.com.ar\/wp-content\/uploads\/2025\/09\/cropped-icoweb.png","contentUrl":"https:\/\/impactocastex.com.ar\/wp-content\/uploads\/2025\/09\/cropped-icoweb.png","width":512,"height":512,"caption":"Impacto Castex"},"image":{"@id":"https:\/\/impactocastex.com.ar\/#\/schema\/logo\/image\/"},"sameAs":["https:\/\/www.facebook.com\/impactocastexdiario","https:\/\/www.instagram.com\/impactocastex.com.ar\/"]},{"@type":"Person","@id":"https:\/\/impactocastex.com.ar\/#\/schema\/person\/86cb4f827fb5f87869a239b98a69c6e3","name":"impactocastex","image":{"@type":"ImageObject","inLanguage":"es","@id":"https:\/\/secure.gravatar.com\/avatar\/9a87ee051ca8c77f5d4070843ce2c78cdf95b858b950fb039151de955122f5f5?s=96&d=mm&r=g","url":"https:\/\/secure.gravatar.com\/avatar\/9a87ee051ca8c77f5d4070843ce2c78cdf95b858b950fb039151de955122f5f5?s=96&d=mm&r=g","contentUrl":"https:\/\/secure.gravatar.com\/avatar\/9a87ee051ca8c77f5d4070843ce2c78cdf95b858b950fb039151de955122f5f5?s=96&d=mm&r=g","caption":"impactocastex"},"sameAs":["https:\/\/impactocastex.com.ar"],"url":"https:\/\/impactocastex.com.ar\/?author=1"}]}},"jetpack_publicize_connections":[],"featured_image_urls":{"full":["https:\/\/impactocastex.com.ar\/wp-content\/uploads\/2026\/04\/MEJHB77VBJBEXDADXWUKO2VO7U-jEooah.jpg",2000,1333,false],"thumbnail":["https:\/\/impactocastex.com.ar\/wp-content\/uploads\/2026\/04\/MEJHB77VBJBEXDADXWUKO2VO7U-jEooah-150x150.jpg",150,150,true],"medium":["https:\/\/impactocastex.com.ar\/wp-content\/uploads\/2026\/04\/MEJHB77VBJBEXDADXWUKO2VO7U-jEooah-300x200.jpg",300,200,true],"medium_large":["https:\/\/impactocastex.com.ar\/wp-content\/uploads\/2026\/04\/MEJHB77VBJBEXDADXWUKO2VO7U-jEooah-768x512.jpg",640,427,true],"large":["https:\/\/impactocastex.com.ar\/wp-content\/uploads\/2026\/04\/MEJHB77VBJBEXDADXWUKO2VO7U-jEooah-1024x682.jpg",640,426,true],"1536x1536":["https:\/\/impactocastex.com.ar\/wp-content\/uploads\/2026\/04\/MEJHB77VBJBEXDADXWUKO2VO7U-jEooah-1536x1024.jpg",1536,1024,true],"2048x2048":["https:\/\/impactocastex.com.ar\/wp-content\/uploads\/2026\/04\/MEJHB77VBJBEXDADXWUKO2VO7U-jEooah.jpg",2000,1333,false],"newsever-slider-full":["https:\/\/impactocastex.com.ar\/wp-content\/uploads\/2026\/04\/MEJHB77VBJBEXDADXWUKO2VO7U-jEooah-1280x845.jpg",1280,845,true],"newsever-featured":["https:\/\/impactocastex.com.ar\/wp-content\/uploads\/2026\/04\/MEJHB77VBJBEXDADXWUKO2VO7U-jEooah-1024x682.jpg",1024,682,true],"newsever-medium":["https:\/\/impactocastex.com.ar\/wp-content\/uploads\/2026\/04\/MEJHB77VBJBEXDADXWUKO2VO7U-jEooah-720x475.jpg",720,475,true]},"author_info":{"info":["impactocastex"]},"category_info":"<a href=\"https:\/\/impactocastex.com.ar\/?cat=89\" rel=\"category\">NACIONALES<\/a>","tag_info":"NACIONALES","comment_count":0,"jetpack_featured_media_url":"https:\/\/impactocastex.com.ar\/wp-content\/uploads\/2026\/04\/MEJHB77VBJBEXDADXWUKO2VO7U-jEooah.jpg","jetpack_sharing_enabled":true,"jetpack_likes_enabled":true,"jetpack_shortlink":"https:\/\/wp.me\/p7sopA-4nw","_links":{"self":[{"href":"https:\/\/impactocastex.com.ar\/index.php?rest_route=\/wp\/v2\/posts\/16834","targetHints":{"allow":["GET"]}}],"collection":[{"href":"https:\/\/impactocastex.com.ar\/index.php?rest_route=\/wp\/v2\/posts"}],"about":[{"href":"https:\/\/impactocastex.com.ar\/index.php?rest_route=\/wp\/v2\/types\/post"}],"author":[{"embeddable":true,"href":"https:\/\/impactocastex.com.ar\/index.php?rest_route=\/wp\/v2\/users\/1"}],"replies":[{"embeddable":true,"href":"https:\/\/impactocastex.com.ar\/index.php?rest_route=%2Fwp%2Fv2%2Fcomments&post=16834"}],"version-history":[{"count":0,"href":"https:\/\/impactocastex.com.ar\/index.php?rest_route=\/wp\/v2\/posts\/16834\/revisions"}],"wp:featuredmedia":[{"embeddable":true,"href":"https:\/\/impactocastex.com.ar\/index.php?rest_route=\/wp\/v2\/media\/16835"}],"wp:attachment":[{"href":"https:\/\/impactocastex.com.ar\/index.php?rest_route=%2Fwp%2Fv2%2Fmedia&parent=16834"}],"wp:term":[{"taxonomy":"category","embeddable":true,"href":"https:\/\/impactocastex.com.ar\/index.php?rest_route=%2Fwp%2Fv2%2Fcategories&post=16834"},{"taxonomy":"post_tag","embeddable":true,"href":"https:\/\/impactocastex.com.ar\/index.php?rest_route=%2Fwp%2Fv2%2Ftags&post=16834"}],"curies":[{"name":"wp","href":"https:\/\/api.w.org\/{rel}","templated":true}]}}