{"id":16832,"date":"2026-04-30T08:18:15","date_gmt":"2026-04-30T11:18:15","guid":{"rendered":"https:\/\/impactocastex.com.ar\/?p=16832"},"modified":"2026-04-30T08:18:15","modified_gmt":"2026-04-30T11:18:15","slug":"suaf-estos-son-los-montos-de-las-asignaciones-familiares-en-mayo-2026","status":"publish","type":"post","link":"https:\/\/impactocastex.com.ar\/?p=16832","title":{"rendered":"SUAF: estos son los montos de las Asignaciones Familiares en mayo 2026"},"content":{"rendered":"<p>Los <b>titulares de Anses<\/b> que mensualmente cobran alg\u00fan tipo de <b>Asignaci\u00f3n Familiar<\/b> tienen <a href=\"https:\/\/www.lanacion.com.ar\/economia\/asignacion-universal-por-hijo-de-cuanto-es-la-auh-en-mayo-de-2026-con-el-aumento-confirmado-nid16042026\/\" target=\"_self\" rel=\"\" title=\"https:\/\/www.lanacion.com.ar\/economia\/asignacion-universal-por-hijo-de-cuanto-es-la-auh-en-mayo-de-2026-con-el-aumento-confirmado-nid16042026\/\"><b>en mayo nuevos valores<\/b><\/a> para su prestaci\u00f3n, debido a que se realiza una actualizaci\u00f3n autom\u00e1tica , en l\u00ednea con el m\u00e1s reciente \u00edndice de inflaci\u00f3n.<\/p>\n<p><img loading=\"lazy\" decoding=\"async\" src=\"https:\/\/resizer.glanacion.com\/resizer\/v2\/GPLDYYEAFRAMXGRTGXGMTTEVQU.webp?auth=5ce282a1ba16d886a880e4ee0a16d634ddaf7580b8341f26966deb00d266a2bf&amp;smart=true&amp;width=740&amp;height=493\" alt=\"Las Asignaciones Familiares aumentan un 3,38% en mayo\" height=\"493\" width=\"740\" \/><\/p>\n<p><b>En el quinto mes del a\u00f1o se aplica una suba del 3,38%<\/b>, en concordancia con el aumento de precios registrado en marzo, que fue del 3,4%. Cabe aclarar que para las prestaciones que distribuye el organismo previsional se toman los porcentajes de incremento con dos decimales, y eso arroja el valor exacto actualizado.<\/p>\n<h1>A cu\u00e1nto llegan las Asignaciones Familiares en mayo 2026<\/h1>\n<p>El valor de la prestaci\u00f3n depende del <b>nivel de ingresos del grupo familiar<\/b>, que consiste en la suma de todos los ingresos de los integrantes del grupo. La segunda condici\u00f3n para percibir alguna de las asignaciones familiares es que <b>ninguno de los integrantes de manera individual supere el tope mensual<\/b>, ya que se excluye del cobro a todo el grupo familiar.<\/p>\n<p>En mayo, los valores son los siguientes:<\/p>\n<h2>Asignaci\u00f3n Familiar por Hijo<\/h2>\n<table>\n<thead>\n<tr>\n<th>Ingreso del Grupo Familiar (IGF)<\/th>\n<th>Valor General<\/th>\n<\/tr>\n<\/thead>\n<tbody>\n<tr>\n<td>Hasta $1.058.088 <\/td>\n<td>$70.649,90<\/td>\n<\/tr>\n<tr>\n<td>Entre $1.058.088,01 y $1.551.789<\/td>\n<td>$47.656,29<\/td>\n<\/tr>\n<tr>\n<td>Entre $1.551.789,01 y $1.791.592<\/td>\n<td>$28.825,25<\/td>\n<\/tr>\n<tr>\n<td>Entre $1.791.592,01 y $5.603.102 <\/td>\n<td>$14.871,65<\/td>\n<\/tr>\n<\/tbody>\n<\/table>\n<h2>Asignaciones Familiares por Hijo con discapacidad<\/h2>\n<table>\n<thead>\n<tr>\n<th>Ingreso del Grupo Familiar (IGF)<\/th>\n<th>Valor General<\/th>\n<\/tr>\n<\/thead>\n<tbody>\n<tr>\n<td>Hasta  $1.058.088 <\/td>\n<td>$222.510,62<\/td>\n<\/tr>\n<tr>\n<td>Entre  $1.058.088,01 y $1.551.789<\/td>\n<td>$157.411,28<\/td>\n<\/tr>\n<tr>\n<td>Desde $1.551.789,01 <\/td>\n<td>$99.346,86<\/td>\n<\/tr>\n<\/tbody>\n<\/table>\n<h2>Prenatal y Maternidad<\/h2>\n<table>\n<thead>\n<tr>\n<th>Ingreso del Grupo Familiar (IGF)<\/th>\n<th>Valor General<\/th>\n<\/tr>\n<\/thead>\n<tbody>\n<tr>\n<td>Hasta $1.058.088 <\/td>\n<td>$70.649,90<\/td>\n<\/tr>\n<tr>\n<td>Entre $1.058.088,01 y $1.551.789<\/td>\n<td>$47.656,29<\/td>\n<\/tr>\n<tr>\n<td>Entre $1.551.789,01 y $1.791.592<\/td>\n<td>$28.825,25<\/td>\n<\/tr>\n<tr>\n<td>Entre $1.791.592,01 y $5.603.102 <\/td>\n<td>$14.871,65<\/td>\n<\/tr>\n<\/tbody>\n<\/table>\n<h2>Asignaciones de Pago \u00danico<\/h2>\n<table>\n<thead>\n<tr>\n<th>Asignaci\u00f3n<\/th>\n<th>Ingreso Grupo Familiar (IGF)<\/th>\n<th>Valor General<\/th>\n<\/tr>\n<\/thead>\n<tbody>\n<tr>\n<td>Nacimiento<\/td>\n<td>Hasta $5.603.102<\/td>\n<td>$82.351,48<\/td>\n<\/tr>\n<tr>\n<td>Adopci\u00f3n<\/td>\n<td>Hasta $5.603.102<\/td>\n<td>$492.365,35<\/td>\n<\/tr>\n<tr>\n<td>Matrimonio<\/td>\n<td>Hasta $5.603.102<\/td>\n<td>$123.305,95<\/td>\n<\/tr>\n<tr>\n<td>C\u00f3nyuge<\/td>\n<td>Hasta $5.603.102<\/td>\n<td>$17.140,69<\/td>\n<\/tr>\n<\/tbody>\n<\/table>\n<p><img loading=\"lazy\" decoding=\"async\" src=\"https:\/\/resizer.glanacion.com\/resizer\/v2\/6OXV6BUGRJGH7EZL55RPVBXIRI.jpg?auth=f47d3bb821b5664bcb4ef430ba34659722819b7c514ec58504ea76754dbc841b&amp;smart=true&amp;width=869&amp;height=565\" alt=\"Los valores de mayo de las Asignaciones Familiares\" height=\"565\" width=\"869\" \/><\/p>\n<h1>C\u00f3mo saber si tengo que cobrar alguna prestaci\u00f3n de la Anses<\/h1>\n<p>Las personas que reciben <b>prestaciones sociales a trav\u00e9s de la Anses<\/b> pueden consultar d\u00f3nde y cu\u00e1ndo tienen el pr\u00f3ximo cobro, el cual est\u00e1 determinado por el <b>calendario de pagos<\/b> que se realiza cada mes.<\/p>\n<p>Para eso, deben seguir los siguientes pasos:<\/p>\n<ul>\n<li>Ingresar a la p\u00e1gina de la Anses<\/li>\n<li>Completar el formulario con el n\u00famero de beneficio o de CUIL<\/li>\n<li>Hacer clic en el bot\u00f3n \u201cConsulta\u201d<\/li>\n<li>Si corresponde, el sistema informar\u00e1 el lugar y la fecha de cobro (desde el primer d\u00eda hasta el \u00faltimo en que se puede cobrar la asistencia en cuesti\u00f3n).<\/li>\n<\/ul>\n<h1>C\u00f3mo elegir el medio de pago para las prestaciones de la Anses<\/h1>\n<ul>\n<li>Ingresar a\u00a0<a href=\"https:\/\/www.anses.gob.ar\/\" target=\"_blank\" rel=\"nofollow\" title=\"Mi Anses\">Mi Anses<\/a>\u00a0o descargar la\u00a0<a href=\"https:\/\/www.anses.gob.ar\/app-mi-anses\" target=\"_blank\" rel=\"nofollow\" title=\"aplicaci\u00f3n\">aplicaci\u00f3n<\/a>, con CUIL y Clave de la Seguridad Social.<\/li>\n<li>Seleccionar la opci\u00f3n\u00a0<i>Cobros<\/i><\/li>\n<li>Luego hacer click en la opci\u00f3n Cambiar medio de cobro jubilaciones y pensiones o Cambiar medio de cobro Asignaciones Familiares, seg\u00fan corresponda.<\/li>\n<li>Corroborar que los datos de contacto (correo electr\u00f3nico, celular y domicilio) est\u00e9n actualizados y verificados, lo que puede realizarse en el momento.<\/li>\n<li>Cargar el c\u00f3digo de validaci\u00f3n recibido por correo electr\u00f3nico o SMS y confirmar el DNI, ingresando el correspondiente n\u00famero de tr\u00e1mite.<\/li>\n<li>Una vez ingresado dicho c\u00f3digo, se podr\u00e1 optar por el nuevo medio de cobro dentro de las opciones habilitadas.<\/li>\n<li>En el caso de las asignaciones, podr\u00e1n consultar el medio de cobro actual y seleccionar el nuevo.<\/li>\n<\/ul>\n<p>Cabe destacar que quienes residan en <b>zona austral<\/b> deben optar por una <b>sucursal<\/b> <b>bancaria<\/b> para poder mantener el adicional correspondiente a dicha zona.<\/p>\n<p>Para todos los casos, la elecci\u00f3n estar\u00e1 vigente a partir de los 60 d\u00edas de solicitada.<\/p>\n<p>\u200bLas prestaciones se ajustan en un 3,38%; cu\u00e1l es la cifra excata de cada una de ellas con el aumento\u00a0\u00a0<\/p>","protected":false},"excerpt":{"rendered":"<p>Los titulares de Anses que mensualmente cobran alg\u00fan tipo de Asignaci\u00f3n Familiar tienen en mayo&#8230;<\/p>\n","protected":false},"author":1,"featured_media":16833,"comment_status":"closed","ping_status":"closed","sticky":false,"template":"","format":"standard","meta":{"_jetpack_memberships_contains_paid_content":false,"footnotes":"","jetpack_publicize_message":"","jetpack_publicize_feature_enabled":true,"jetpack_social_post_already_shared":true,"jetpack_social_options":{"image_generator_settings":{"template":"highway","default_image_id":0,"font":"","enabled":false},"version":2}},"categories":[89],"tags":[],"class_list":["post-16832","post","type-post","status-publish","format-standard","has-post-thumbnail","hentry","category-nacionales"],"yoast_head":"<!-- This site is optimized with the Yoast SEO plugin v27.4 - https:\/\/yoast.com\/product\/yoast-seo-wordpress\/ -->\n<title>SUAF: estos son los montos de las Asignaciones Familiares en mayo 2026 -<\/title>\n<meta name=\"robots\" content=\"index, follow, max-snippet:-1, max-image-preview:large, max-video-preview:-1\" \/>\n<link rel=\"canonical\" href=\"https:\/\/impactocastex.com.ar\/?p=16832\" \/>\n<meta property=\"og:locale\" content=\"es_ES\" \/>\n<meta property=\"og:type\" content=\"article\" \/>\n<meta property=\"og:title\" content=\"SUAF: estos son los montos de las Asignaciones Familiares en mayo 2026 -\" \/>\n<meta property=\"og:description\" content=\"Los titulares de Anses que mensualmente cobran alg\u00fan tipo de Asignaci\u00f3n Familiar tienen en mayo...\" \/>\n<meta property=\"og:url\" content=\"https:\/\/impactocastex.com.ar\/?p=16832\" \/>\n<meta property=\"article:publisher\" content=\"https:\/\/www.facebook.com\/impactocastexdiario\" \/>\n<meta property=\"article:published_time\" content=\"2026-04-30T11:18:15+00:00\" \/>\n<meta property=\"og:image\" content=\"https:\/\/resizer.glanacion.com\/resizer\/v2\/GPLDYYEAFRAMXGRTGXGMTTEVQU.webp?auth=5ce282a1ba16d886a880e4ee0a16d634ddaf7580b8341f26966deb00d266a2bf&amp;smart=true&amp;width=740&amp;height=493\" \/>\n<meta name=\"author\" content=\"impactocastex\" \/>\n<meta name=\"twitter:card\" content=\"summary_large_image\" \/>\n<meta name=\"twitter:label1\" content=\"Escrito por\" \/>\n\t<meta name=\"twitter:data1\" content=\"impactocastex\" \/>\n\t<meta name=\"twitter:label2\" content=\"Tiempo de lectura\" \/>\n\t<meta name=\"twitter:data2\" content=\"3 minutos\" \/>\n<script type=\"application\/ld+json\" class=\"yoast-schema-graph\">{\"@context\":\"https:\\\/\\\/schema.org\",\"@graph\":[{\"@type\":\"Article\",\"@id\":\"https:\\\/\\\/impactocastex.com.ar\\\/?p=16832#article\",\"isPartOf\":{\"@id\":\"https:\\\/\\\/impactocastex.com.ar\\\/?p=16832\"},\"author\":{\"name\":\"impactocastex\",\"@id\":\"https:\\\/\\\/impactocastex.com.ar\\\/#\\\/schema\\\/person\\\/86cb4f827fb5f87869a239b98a69c6e3\"},\"headline\":\"SUAF: estos son los montos de las Asignaciones Familiares en mayo 2026\",\"datePublished\":\"2026-04-30T11:18:15+00:00\",\"mainEntityOfPage\":{\"@id\":\"https:\\\/\\\/impactocastex.com.ar\\\/?p=16832\"},\"wordCount\":584,\"publisher\":{\"@id\":\"https:\\\/\\\/impactocastex.com.ar\\\/#organization\"},\"image\":{\"@id\":\"https:\\\/\\\/impactocastex.com.ar\\\/?p=16832#primaryimage\"},\"thumbnailUrl\":\"https:\\\/\\\/impactocastex.com.ar\\\/wp-content\\\/uploads\\\/2026\\\/04\\\/4GNEQIYWRNG37BRAXOH4ULP4HE-zH0qcT.jpg\",\"articleSection\":[\"NACIONALES\"],\"inLanguage\":\"es\"},{\"@type\":\"WebPage\",\"@id\":\"https:\\\/\\\/impactocastex.com.ar\\\/?p=16832\",\"url\":\"https:\\\/\\\/impactocastex.com.ar\\\/?p=16832\",\"name\":\"SUAF: estos son los montos de las Asignaciones Familiares en mayo 2026 -\",\"isPartOf\":{\"@id\":\"https:\\\/\\\/impactocastex.com.ar\\\/#website\"},\"primaryImageOfPage\":{\"@id\":\"https:\\\/\\\/impactocastex.com.ar\\\/?p=16832#primaryimage\"},\"image\":{\"@id\":\"https:\\\/\\\/impactocastex.com.ar\\\/?p=16832#primaryimage\"},\"thumbnailUrl\":\"https:\\\/\\\/impactocastex.com.ar\\\/wp-content\\\/uploads\\\/2026\\\/04\\\/4GNEQIYWRNG37BRAXOH4ULP4HE-zH0qcT.jpg\",\"datePublished\":\"2026-04-30T11:18:15+00:00\",\"breadcrumb\":{\"@id\":\"https:\\\/\\\/impactocastex.com.ar\\\/?p=16832#breadcrumb\"},\"inLanguage\":\"es\",\"potentialAction\":[{\"@type\":\"ReadAction\",\"target\":[\"https:\\\/\\\/impactocastex.com.ar\\\/?p=16832\"]}]},{\"@type\":\"ImageObject\",\"inLanguage\":\"es\",\"@id\":\"https:\\\/\\\/impactocastex.com.ar\\\/?p=16832#primaryimage\",\"url\":\"https:\\\/\\\/impactocastex.com.ar\\\/wp-content\\\/uploads\\\/2026\\\/04\\\/4GNEQIYWRNG37BRAXOH4ULP4HE-zH0qcT.jpg\",\"contentUrl\":\"https:\\\/\\\/impactocastex.com.ar\\\/wp-content\\\/uploads\\\/2026\\\/04\\\/4GNEQIYWRNG37BRAXOH4ULP4HE-zH0qcT.jpg\",\"width\":2000,\"height\":1333},{\"@type\":\"BreadcrumbList\",\"@id\":\"https:\\\/\\\/impactocastex.com.ar\\\/?p=16832#breadcrumb\",\"itemListElement\":[{\"@type\":\"ListItem\",\"position\":1,\"name\":\"Portada\",\"item\":\"https:\\\/\\\/impactocastex.com.ar\\\/\"},{\"@type\":\"ListItem\",\"position\":2,\"name\":\"SUAF: estos son los montos de las Asignaciones Familiares en mayo 2026\"}]},{\"@type\":\"WebSite\",\"@id\":\"https:\\\/\\\/impactocastex.com.ar\\\/#website\",\"url\":\"https:\\\/\\\/impactocastex.com.ar\\\/\",\"name\":\"Impacto Castex\",\"description\":\"\",\"publisher\":{\"@id\":\"https:\\\/\\\/impactocastex.com.ar\\\/#organization\"},\"potentialAction\":[{\"@type\":\"SearchAction\",\"target\":{\"@type\":\"EntryPoint\",\"urlTemplate\":\"https:\\\/\\\/impactocastex.com.ar\\\/?s={search_term_string}\"},\"query-input\":{\"@type\":\"PropertyValueSpecification\",\"valueRequired\":true,\"valueName\":\"search_term_string\"}}],\"inLanguage\":\"es\"},{\"@type\":\"Organization\",\"@id\":\"https:\\\/\\\/impactocastex.com.ar\\\/#organization\",\"name\":\"Impacto Castex\",\"url\":\"https:\\\/\\\/impactocastex.com.ar\\\/\",\"logo\":{\"@type\":\"ImageObject\",\"inLanguage\":\"es\",\"@id\":\"https:\\\/\\\/impactocastex.com.ar\\\/#\\\/schema\\\/logo\\\/image\\\/\",\"url\":\"https:\\\/\\\/impactocastex.com.ar\\\/wp-content\\\/uploads\\\/2025\\\/09\\\/cropped-icoweb.png\",\"contentUrl\":\"https:\\\/\\\/impactocastex.com.ar\\\/wp-content\\\/uploads\\\/2025\\\/09\\\/cropped-icoweb.png\",\"width\":512,\"height\":512,\"caption\":\"Impacto Castex\"},\"image\":{\"@id\":\"https:\\\/\\\/impactocastex.com.ar\\\/#\\\/schema\\\/logo\\\/image\\\/\"},\"sameAs\":[\"https:\\\/\\\/www.facebook.com\\\/impactocastexdiario\",\"https:\\\/\\\/www.instagram.com\\\/impactocastex.com.ar\\\/\"]},{\"@type\":\"Person\",\"@id\":\"https:\\\/\\\/impactocastex.com.ar\\\/#\\\/schema\\\/person\\\/86cb4f827fb5f87869a239b98a69c6e3\",\"name\":\"impactocastex\",\"image\":{\"@type\":\"ImageObject\",\"inLanguage\":\"es\",\"@id\":\"https:\\\/\\\/secure.gravatar.com\\\/avatar\\\/9a87ee051ca8c77f5d4070843ce2c78cdf95b858b950fb039151de955122f5f5?s=96&d=mm&r=g\",\"url\":\"https:\\\/\\\/secure.gravatar.com\\\/avatar\\\/9a87ee051ca8c77f5d4070843ce2c78cdf95b858b950fb039151de955122f5f5?s=96&d=mm&r=g\",\"contentUrl\":\"https:\\\/\\\/secure.gravatar.com\\\/avatar\\\/9a87ee051ca8c77f5d4070843ce2c78cdf95b858b950fb039151de955122f5f5?s=96&d=mm&r=g\",\"caption\":\"impactocastex\"},\"sameAs\":[\"https:\\\/\\\/impactocastex.com.ar\"],\"url\":\"https:\\\/\\\/impactocastex.com.ar\\\/?author=1\"}]}<\/script>\n<!-- \/ Yoast SEO plugin. -->","yoast_head_json":{"title":"SUAF: estos son los montos de las Asignaciones Familiares en mayo 2026 -","robots":{"index":"index","follow":"follow","max-snippet":"max-snippet:-1","max-image-preview":"max-image-preview:large","max-video-preview":"max-video-preview:-1"},"canonical":"https:\/\/impactocastex.com.ar\/?p=16832","og_locale":"es_ES","og_type":"article","og_title":"SUAF: estos son los montos de las Asignaciones Familiares en mayo 2026 -","og_description":"Los titulares de Anses que mensualmente cobran alg\u00fan tipo de Asignaci\u00f3n Familiar tienen en mayo...","og_url":"https:\/\/impactocastex.com.ar\/?p=16832","article_publisher":"https:\/\/www.facebook.com\/impactocastexdiario","article_published_time":"2026-04-30T11:18:15+00:00","og_image":[{"url":"https:\/\/resizer.glanacion.com\/resizer\/v2\/GPLDYYEAFRAMXGRTGXGMTTEVQU.webp?auth=5ce282a1ba16d886a880e4ee0a16d634ddaf7580b8341f26966deb00d266a2bf&amp;smart=true&amp;width=740&amp;height=493","type":"","width":"","height":""}],"author":"impactocastex","twitter_card":"summary_large_image","twitter_misc":{"Escrito por":"impactocastex","Tiempo de lectura":"3 minutos"},"schema":{"@context":"https:\/\/schema.org","@graph":[{"@type":"Article","@id":"https:\/\/impactocastex.com.ar\/?p=16832#article","isPartOf":{"@id":"https:\/\/impactocastex.com.ar\/?p=16832"},"author":{"name":"impactocastex","@id":"https:\/\/impactocastex.com.ar\/#\/schema\/person\/86cb4f827fb5f87869a239b98a69c6e3"},"headline":"SUAF: estos son los montos de las Asignaciones Familiares en mayo 2026","datePublished":"2026-04-30T11:18:15+00:00","mainEntityOfPage":{"@id":"https:\/\/impactocastex.com.ar\/?p=16832"},"wordCount":584,"publisher":{"@id":"https:\/\/impactocastex.com.ar\/#organization"},"image":{"@id":"https:\/\/impactocastex.com.ar\/?p=16832#primaryimage"},"thumbnailUrl":"https:\/\/impactocastex.com.ar\/wp-content\/uploads\/2026\/04\/4GNEQIYWRNG37BRAXOH4ULP4HE-zH0qcT.jpg","articleSection":["NACIONALES"],"inLanguage":"es"},{"@type":"WebPage","@id":"https:\/\/impactocastex.com.ar\/?p=16832","url":"https:\/\/impactocastex.com.ar\/?p=16832","name":"SUAF: estos son los montos de las Asignaciones Familiares en mayo 2026 -","isPartOf":{"@id":"https:\/\/impactocastex.com.ar\/#website"},"primaryImageOfPage":{"@id":"https:\/\/impactocastex.com.ar\/?p=16832#primaryimage"},"image":{"@id":"https:\/\/impactocastex.com.ar\/?p=16832#primaryimage"},"thumbnailUrl":"https:\/\/impactocastex.com.ar\/wp-content\/uploads\/2026\/04\/4GNEQIYWRNG37BRAXOH4ULP4HE-zH0qcT.jpg","datePublished":"2026-04-30T11:18:15+00:00","breadcrumb":{"@id":"https:\/\/impactocastex.com.ar\/?p=16832#breadcrumb"},"inLanguage":"es","potentialAction":[{"@type":"ReadAction","target":["https:\/\/impactocastex.com.ar\/?p=16832"]}]},{"@type":"ImageObject","inLanguage":"es","@id":"https:\/\/impactocastex.com.ar\/?p=16832#primaryimage","url":"https:\/\/impactocastex.com.ar\/wp-content\/uploads\/2026\/04\/4GNEQIYWRNG37BRAXOH4ULP4HE-zH0qcT.jpg","contentUrl":"https:\/\/impactocastex.com.ar\/wp-content\/uploads\/2026\/04\/4GNEQIYWRNG37BRAXOH4ULP4HE-zH0qcT.jpg","width":2000,"height":1333},{"@type":"BreadcrumbList","@id":"https:\/\/impactocastex.com.ar\/?p=16832#breadcrumb","itemListElement":[{"@type":"ListItem","position":1,"name":"Portada","item":"https:\/\/impactocastex.com.ar\/"},{"@type":"ListItem","position":2,"name":"SUAF: estos son los montos de las Asignaciones Familiares en mayo 2026"}]},{"@type":"WebSite","@id":"https:\/\/impactocastex.com.ar\/#website","url":"https:\/\/impactocastex.com.ar\/","name":"Impacto Castex","description":"","publisher":{"@id":"https:\/\/impactocastex.com.ar\/#organization"},"potentialAction":[{"@type":"SearchAction","target":{"@type":"EntryPoint","urlTemplate":"https:\/\/impactocastex.com.ar\/?s={search_term_string}"},"query-input":{"@type":"PropertyValueSpecification","valueRequired":true,"valueName":"search_term_string"}}],"inLanguage":"es"},{"@type":"Organization","@id":"https:\/\/impactocastex.com.ar\/#organization","name":"Impacto Castex","url":"https:\/\/impactocastex.com.ar\/","logo":{"@type":"ImageObject","inLanguage":"es","@id":"https:\/\/impactocastex.com.ar\/#\/schema\/logo\/image\/","url":"https:\/\/impactocastex.com.ar\/wp-content\/uploads\/2025\/09\/cropped-icoweb.png","contentUrl":"https:\/\/impactocastex.com.ar\/wp-content\/uploads\/2025\/09\/cropped-icoweb.png","width":512,"height":512,"caption":"Impacto Castex"},"image":{"@id":"https:\/\/impactocastex.com.ar\/#\/schema\/logo\/image\/"},"sameAs":["https:\/\/www.facebook.com\/impactocastexdiario","https:\/\/www.instagram.com\/impactocastex.com.ar\/"]},{"@type":"Person","@id":"https:\/\/impactocastex.com.ar\/#\/schema\/person\/86cb4f827fb5f87869a239b98a69c6e3","name":"impactocastex","image":{"@type":"ImageObject","inLanguage":"es","@id":"https:\/\/secure.gravatar.com\/avatar\/9a87ee051ca8c77f5d4070843ce2c78cdf95b858b950fb039151de955122f5f5?s=96&d=mm&r=g","url":"https:\/\/secure.gravatar.com\/avatar\/9a87ee051ca8c77f5d4070843ce2c78cdf95b858b950fb039151de955122f5f5?s=96&d=mm&r=g","contentUrl":"https:\/\/secure.gravatar.com\/avatar\/9a87ee051ca8c77f5d4070843ce2c78cdf95b858b950fb039151de955122f5f5?s=96&d=mm&r=g","caption":"impactocastex"},"sameAs":["https:\/\/impactocastex.com.ar"],"url":"https:\/\/impactocastex.com.ar\/?author=1"}]}},"jetpack_publicize_connections":[],"featured_image_urls":{"full":["https:\/\/impactocastex.com.ar\/wp-content\/uploads\/2026\/04\/4GNEQIYWRNG37BRAXOH4ULP4HE-zH0qcT.jpg",2000,1333,false],"thumbnail":["https:\/\/impactocastex.com.ar\/wp-content\/uploads\/2026\/04\/4GNEQIYWRNG37BRAXOH4ULP4HE-zH0qcT-150x150.jpg",150,150,true],"medium":["https:\/\/impactocastex.com.ar\/wp-content\/uploads\/2026\/04\/4GNEQIYWRNG37BRAXOH4ULP4HE-zH0qcT-300x200.jpg",300,200,true],"medium_large":["https:\/\/impactocastex.com.ar\/wp-content\/uploads\/2026\/04\/4GNEQIYWRNG37BRAXOH4ULP4HE-zH0qcT-768x512.jpg",640,427,true],"large":["https:\/\/impactocastex.com.ar\/wp-content\/uploads\/2026\/04\/4GNEQIYWRNG37BRAXOH4ULP4HE-zH0qcT-1024x682.jpg",640,426,true],"1536x1536":["https:\/\/impactocastex.com.ar\/wp-content\/uploads\/2026\/04\/4GNEQIYWRNG37BRAXOH4ULP4HE-zH0qcT-1536x1024.jpg",1536,1024,true],"2048x2048":["https:\/\/impactocastex.com.ar\/wp-content\/uploads\/2026\/04\/4GNEQIYWRNG37BRAXOH4ULP4HE-zH0qcT.jpg",2000,1333,false],"newsever-slider-full":["https:\/\/impactocastex.com.ar\/wp-content\/uploads\/2026\/04\/4GNEQIYWRNG37BRAXOH4ULP4HE-zH0qcT-1280x845.jpg",1280,845,true],"newsever-featured":["https:\/\/impactocastex.com.ar\/wp-content\/uploads\/2026\/04\/4GNEQIYWRNG37BRAXOH4ULP4HE-zH0qcT-1024x682.jpg",1024,682,true],"newsever-medium":["https:\/\/impactocastex.com.ar\/wp-content\/uploads\/2026\/04\/4GNEQIYWRNG37BRAXOH4ULP4HE-zH0qcT-720x475.jpg",720,475,true]},"author_info":{"info":["impactocastex"]},"category_info":"<a href=\"https:\/\/impactocastex.com.ar\/?cat=89\" rel=\"category\">NACIONALES<\/a>","tag_info":"NACIONALES","comment_count":0,"jetpack_featured_media_url":"https:\/\/impactocastex.com.ar\/wp-content\/uploads\/2026\/04\/4GNEQIYWRNG37BRAXOH4ULP4HE-zH0qcT.jpg","jetpack_sharing_enabled":true,"jetpack_likes_enabled":true,"jetpack_shortlink":"https:\/\/wp.me\/p7sopA-4nu","_links":{"self":[{"href":"https:\/\/impactocastex.com.ar\/index.php?rest_route=\/wp\/v2\/posts\/16832","targetHints":{"allow":["GET"]}}],"collection":[{"href":"https:\/\/impactocastex.com.ar\/index.php?rest_route=\/wp\/v2\/posts"}],"about":[{"href":"https:\/\/impactocastex.com.ar\/index.php?rest_route=\/wp\/v2\/types\/post"}],"author":[{"embeddable":true,"href":"https:\/\/impactocastex.com.ar\/index.php?rest_route=\/wp\/v2\/users\/1"}],"replies":[{"embeddable":true,"href":"https:\/\/impactocastex.com.ar\/index.php?rest_route=%2Fwp%2Fv2%2Fcomments&post=16832"}],"version-history":[{"count":0,"href":"https:\/\/impactocastex.com.ar\/index.php?rest_route=\/wp\/v2\/posts\/16832\/revisions"}],"wp:featuredmedia":[{"embeddable":true,"href":"https:\/\/impactocastex.com.ar\/index.php?rest_route=\/wp\/v2\/media\/16833"}],"wp:attachment":[{"href":"https:\/\/impactocastex.com.ar\/index.php?rest_route=%2Fwp%2Fv2%2Fmedia&parent=16832"}],"wp:term":[{"taxonomy":"category","embeddable":true,"href":"https:\/\/impactocastex.com.ar\/index.php?rest_route=%2Fwp%2Fv2%2Fcategories&post=16832"},{"taxonomy":"post_tag","embeddable":true,"href":"https:\/\/impactocastex.com.ar\/index.php?rest_route=%2Fwp%2Fv2%2Ftags&post=16832"}],"curies":[{"name":"wp","href":"https:\/\/api.w.org\/{rel}","templated":true}]}}