{"id":16830,"date":"2026-04-29T19:46:28","date_gmt":"2026-04-29T22:46:28","guid":{"rendered":"https:\/\/impactocastex.com.ar\/?p=16830"},"modified":"2026-04-29T19:46:28","modified_gmt":"2026-04-29T22:46:28","slug":"derrota-para-lula-da-silva-el-senado-de-brasil-rechazo-a-su-candidato-para-la-corte-suprema","status":"publish","type":"post","link":"https:\/\/impactocastex.com.ar\/?p=16830","title":{"rendered":"Derrota para Lula da Silva: el Senado de Brasil rechaz\u00f3 a su candidato para la Corte Suprema"},"content":{"rendered":"<div><img decoding=\"async\" src=\"https:\/\/www.clarin.com\/img\/2026\/04\/29\/x5b1Q-bKA_2000x1500__1.jpg\" class=\"ff-og-image-inserted\" \/><\/div>\n<div>\n<p>El Senado de Brasil <strong>rechaz\u00f3 este mi\u00e9rcoles a Jorge Messias, candidato del presidente Luiz In\u00e1cio Lula da Silva<\/strong> para ocupar un asiento en la corte suprema, una derrota para el mandatario a meses de las elecciones presidenciales.<\/p>\n<\/div>\n<div>\n<p>La C\u00e1mara Alta registr\u00f3 42 votos en contra del candidato oficialista y 34 a favor. Messias <strong>es el primer nominado al tribunal supremo rechazado por el Senado en m\u00e1s de 100 a\u00f1os,<\/strong> seg\u00fan la prensa brasile\u00f1a.<\/p>\n<\/div>\n<div>\n<p><strong>Este traspi\u00e9 representa una severa derrota para Lula <\/strong>y una victoria de la oposici\u00f3n, encarnada por el senador y precandidato presidencial, Flavio Bolsonaro.<\/p>\n<\/div>\n<div>\n<p><strong>\u00abEsto es una se\u00f1al de que la democracia puede volver a respirar\u00bb<\/strong>, declar\u00f3 Flavio Bolsonaro, en medio de legisladores de la oposici\u00f3n que festejaban el resutado de la votaci\u00f3n al grito de \u00abBrasil, Brasil\u00bb.<\/p>\n<\/div>\n<div>\n<p>Esta es la primera vez desde 1994 que la C\u00e1mara Alta se manifiesta contra un el nombre de un postulante a ocupar un sill\u00f3n en la m\u00e1s alta Corte del pa\u00eds.<\/p>\n<\/div>\n<div>\n<p>Tras el rechazo, el mensaje que conten\u00eda la nominaci\u00f3n de Messias qued\u00f3 archivado, y el presidente Lula <strong>tendr\u00e1 que enviar un nuevo nombre para cubrir la vacante dejada por Luis Roberto Barroso<\/strong> en el Tribunal Supremo.<\/p>\n<\/div>\n<div>\n<p>Messias es el tercer nombramiento para el Tribunal Supremo por parte del gobierno de Lula durante esta legislatura. Antes que \u00e9l,<strong> Cristiano Zanin y Fl\u00e1vio Dino fueron designados para el Tribunal.<\/strong><\/p>\n<\/div>\n<div>\n<p>Anteriormente, la Comisi\u00f3n de Constituci\u00f3n y Justicia del Senado (CCJ) aprob\u00f3 la nominaci\u00f3n de Messias por 16 votos a favor y 11 en contra. El pleno del Senado a\u00fan deb\u00eda votar y aprobar la nominaci\u00f3n.<\/p>\n<\/div>\n<div>\n<p>Durante su audiencia de confirmaci\u00f3n ante la CCJ (Comisi\u00f3n de Constituci\u00f3n, Justicia y Ciudadan\u00eda), <strong>Messias reforz\u00f3 su oposici\u00f3n al aborto y critic\u00f3 decisiones individuales del STF <\/strong>(Tribunal Supremo Federal) que, seg\u00fan \u00e9l, disminuyen la dimensi\u00f3n institucional del Tribunal Supremo.<\/p>\n<\/div>\n<div>\n<p>Jorge Rodrigo Ara\u00fajo Messias, originario de Pernambuco, es el actual Fiscal General de Brasil. <strong>Forma parte del alto mando del gobierno desde el inicio del tercer mandato de Lula en 2023.<\/strong><\/p>\n<\/div>\n<div>\n<p>En el \u00e1mbito acad\u00e9mico, Messias es licenciado en Derecho por la Facultad de Derecho de Recife, perteneciente a la Universidad Federal de Pernambuco (UFPE). Adem\u00e1s, posee una maestr\u00eda y un doctorado por la Universidad de Brasilia (UnB).<\/p>\n<\/div>\n<div>\n<p>Messias, funcionario p\u00fablico desde 2007, ocup\u00f3 cargos estrat\u00e9gicos en el Poder Ejecutivo. <strong>Fue Subdirector de Asuntos Jur\u00eddicos en la Presidencia de la Rep\u00fablica<\/strong> y Secretario de Regulaci\u00f3n y Supervisi\u00f3n de la Educaci\u00f3n Superior en el Ministerio de Educaci\u00f3n.<\/p>\n<\/div>\n<div>\n<p>Tambi\u00e9n se desempe\u00f1\u00f3 como asesor legal de los Ministerios de Educaci\u00f3n y de Ciencia, Tecnolog\u00eda e Innovaci\u00f3n, as\u00ed como abogado del Banco Central y del Banco Nacional de Desarrollo Econ\u00f3mico y Social (BNDES).<\/p>\n<\/div>\n<div>\n<p><strong>Se incorpor\u00f3 a la Fiscal\u00eda General como Abogado del Tesoro Nacional<\/strong>, cargo responsable de recaudar las deudas tributarias que los contribuyentes tienen con la Uni\u00f3n. En 2022, Messias form\u00f3 parte del equipo de transici\u00f3n del presidente electo Lula.<\/p>\n<\/div>\n<div>\n<p>En diciembre de ese a\u00f1o, fue anunciado como presidente de la AGU y asumi\u00f3 el cargo en enero de 2023.<\/p>\n<\/div>\n<p><strong><a href=\"https:\/\/blockads.fivefilters.org\/\">Adblock test<\/a><\/strong> <a href=\"https:\/\/blockads.fivefilters.org\/acceptable.html\">(Why?)<\/a><\/p>\n<p>\u200b\u00a0\u00a0<\/p>","protected":false},"excerpt":{"rendered":"<p>El Senado de Brasil rechaz\u00f3 este mi\u00e9rcoles a Jorge Messias, candidato del presidente Luiz In\u00e1cio&#8230;<\/p>\n","protected":false},"author":1,"featured_media":16831,"comment_status":"closed","ping_status":"closed","sticky":false,"template":"","format":"standard","meta":{"_jetpack_memberships_contains_paid_content":false,"footnotes":"","jetpack_publicize_message":"","jetpack_publicize_feature_enabled":true,"jetpack_social_post_already_shared":true,"jetpack_social_options":{"image_generator_settings":{"template":"highway","default_image_id":0,"font":"","enabled":false},"version":2}},"categories":[91],"tags":[],"class_list":["post-16830","post","type-post","status-publish","format-standard","has-post-thumbnail","hentry","category-internacionales"],"yoast_head":"<!-- This site is optimized with the Yoast SEO plugin v27.4 - https:\/\/yoast.com\/product\/yoast-seo-wordpress\/ -->\n<title>Derrota para Lula da Silva: el Senado de Brasil rechaz\u00f3 a su candidato para la Corte Suprema -<\/title>\n<meta name=\"robots\" content=\"index, follow, max-snippet:-1, max-image-preview:large, max-video-preview:-1\" \/>\n<link rel=\"canonical\" href=\"https:\/\/impactocastex.com.ar\/?p=16830\" \/>\n<meta property=\"og:locale\" content=\"es_ES\" \/>\n<meta property=\"og:type\" content=\"article\" \/>\n<meta property=\"og:title\" content=\"Derrota para Lula da Silva: el Senado de Brasil rechaz\u00f3 a su candidato para la Corte Suprema -\" \/>\n<meta property=\"og:description\" content=\"El Senado de Brasil rechaz\u00f3 este mi\u00e9rcoles a Jorge Messias, candidato del presidente Luiz In\u00e1cio...\" \/>\n<meta property=\"og:url\" content=\"https:\/\/impactocastex.com.ar\/?p=16830\" \/>\n<meta property=\"article:publisher\" content=\"https:\/\/www.facebook.com\/impactocastexdiario\" \/>\n<meta property=\"article:published_time\" content=\"2026-04-29T22:46:28+00:00\" \/>\n<meta property=\"og:image\" content=\"https:\/\/www.clarin.com\/img\/2026\/04\/29\/x5b1Q-bKA_2000x1500__1.jpg\" \/>\n<meta name=\"author\" content=\"impactocastex\" \/>\n<meta name=\"twitter:card\" content=\"summary_large_image\" \/>\n<meta name=\"twitter:label1\" content=\"Escrito por\" \/>\n\t<meta name=\"twitter:data1\" content=\"impactocastex\" \/>\n\t<meta name=\"twitter:label2\" content=\"Tiempo de lectura\" \/>\n\t<meta name=\"twitter:data2\" content=\"3 minutos\" \/>\n<script type=\"application\/ld+json\" class=\"yoast-schema-graph\">{\"@context\":\"https:\\\/\\\/schema.org\",\"@graph\":[{\"@type\":\"Article\",\"@id\":\"https:\\\/\\\/impactocastex.com.ar\\\/?p=16830#article\",\"isPartOf\":{\"@id\":\"https:\\\/\\\/impactocastex.com.ar\\\/?p=16830\"},\"author\":{\"name\":\"impactocastex\",\"@id\":\"https:\\\/\\\/impactocastex.com.ar\\\/#\\\/schema\\\/person\\\/86cb4f827fb5f87869a239b98a69c6e3\"},\"headline\":\"Derrota para Lula da Silva: el Senado de Brasil rechaz\u00f3 a su candidato para la Corte Suprema\",\"datePublished\":\"2026-04-29T22:46:28+00:00\",\"mainEntityOfPage\":{\"@id\":\"https:\\\/\\\/impactocastex.com.ar\\\/?p=16830\"},\"wordCount\":561,\"publisher\":{\"@id\":\"https:\\\/\\\/impactocastex.com.ar\\\/#organization\"},\"image\":{\"@id\":\"https:\\\/\\\/impactocastex.com.ar\\\/?p=16830#primaryimage\"},\"thumbnailUrl\":\"https:\\\/\\\/impactocastex.com.ar\\\/wp-content\\\/uploads\\\/2026\\\/04\\\/x5b1Q-bKA_1200x630__1-3jlNB6.jpg\",\"articleSection\":[\"INTERNACIONALES\"],\"inLanguage\":\"es\"},{\"@type\":\"WebPage\",\"@id\":\"https:\\\/\\\/impactocastex.com.ar\\\/?p=16830\",\"url\":\"https:\\\/\\\/impactocastex.com.ar\\\/?p=16830\",\"name\":\"Derrota para Lula da Silva: el Senado de Brasil rechaz\u00f3 a su candidato para la Corte Suprema -\",\"isPartOf\":{\"@id\":\"https:\\\/\\\/impactocastex.com.ar\\\/#website\"},\"primaryImageOfPage\":{\"@id\":\"https:\\\/\\\/impactocastex.com.ar\\\/?p=16830#primaryimage\"},\"image\":{\"@id\":\"https:\\\/\\\/impactocastex.com.ar\\\/?p=16830#primaryimage\"},\"thumbnailUrl\":\"https:\\\/\\\/impactocastex.com.ar\\\/wp-content\\\/uploads\\\/2026\\\/04\\\/x5b1Q-bKA_1200x630__1-3jlNB6.jpg\",\"datePublished\":\"2026-04-29T22:46:28+00:00\",\"breadcrumb\":{\"@id\":\"https:\\\/\\\/impactocastex.com.ar\\\/?p=16830#breadcrumb\"},\"inLanguage\":\"es\",\"potentialAction\":[{\"@type\":\"ReadAction\",\"target\":[\"https:\\\/\\\/impactocastex.com.ar\\\/?p=16830\"]}]},{\"@type\":\"ImageObject\",\"inLanguage\":\"es\",\"@id\":\"https:\\\/\\\/impactocastex.com.ar\\\/?p=16830#primaryimage\",\"url\":\"https:\\\/\\\/impactocastex.com.ar\\\/wp-content\\\/uploads\\\/2026\\\/04\\\/x5b1Q-bKA_1200x630__1-3jlNB6.jpg\",\"contentUrl\":\"https:\\\/\\\/impactocastex.com.ar\\\/wp-content\\\/uploads\\\/2026\\\/04\\\/x5b1Q-bKA_1200x630__1-3jlNB6.jpg\",\"width\":1200,\"height\":630},{\"@type\":\"BreadcrumbList\",\"@id\":\"https:\\\/\\\/impactocastex.com.ar\\\/?p=16830#breadcrumb\",\"itemListElement\":[{\"@type\":\"ListItem\",\"position\":1,\"name\":\"Portada\",\"item\":\"https:\\\/\\\/impactocastex.com.ar\\\/\"},{\"@type\":\"ListItem\",\"position\":2,\"name\":\"Derrota para Lula da Silva: el Senado de Brasil rechaz\u00f3 a su candidato para la Corte Suprema\"}]},{\"@type\":\"WebSite\",\"@id\":\"https:\\\/\\\/impactocastex.com.ar\\\/#website\",\"url\":\"https:\\\/\\\/impactocastex.com.ar\\\/\",\"name\":\"Impacto Castex\",\"description\":\"\",\"publisher\":{\"@id\":\"https:\\\/\\\/impactocastex.com.ar\\\/#organization\"},\"potentialAction\":[{\"@type\":\"SearchAction\",\"target\":{\"@type\":\"EntryPoint\",\"urlTemplate\":\"https:\\\/\\\/impactocastex.com.ar\\\/?s={search_term_string}\"},\"query-input\":{\"@type\":\"PropertyValueSpecification\",\"valueRequired\":true,\"valueName\":\"search_term_string\"}}],\"inLanguage\":\"es\"},{\"@type\":\"Organization\",\"@id\":\"https:\\\/\\\/impactocastex.com.ar\\\/#organization\",\"name\":\"Impacto Castex\",\"url\":\"https:\\\/\\\/impactocastex.com.ar\\\/\",\"logo\":{\"@type\":\"ImageObject\",\"inLanguage\":\"es\",\"@id\":\"https:\\\/\\\/impactocastex.com.ar\\\/#\\\/schema\\\/logo\\\/image\\\/\",\"url\":\"https:\\\/\\\/impactocastex.com.ar\\\/wp-content\\\/uploads\\\/2025\\\/09\\\/cropped-icoweb.png\",\"contentUrl\":\"https:\\\/\\\/impactocastex.com.ar\\\/wp-content\\\/uploads\\\/2025\\\/09\\\/cropped-icoweb.png\",\"width\":512,\"height\":512,\"caption\":\"Impacto Castex\"},\"image\":{\"@id\":\"https:\\\/\\\/impactocastex.com.ar\\\/#\\\/schema\\\/logo\\\/image\\\/\"},\"sameAs\":[\"https:\\\/\\\/www.facebook.com\\\/impactocastexdiario\",\"https:\\\/\\\/www.instagram.com\\\/impactocastex.com.ar\\\/\"]},{\"@type\":\"Person\",\"@id\":\"https:\\\/\\\/impactocastex.com.ar\\\/#\\\/schema\\\/person\\\/86cb4f827fb5f87869a239b98a69c6e3\",\"name\":\"impactocastex\",\"image\":{\"@type\":\"ImageObject\",\"inLanguage\":\"es\",\"@id\":\"https:\\\/\\\/secure.gravatar.com\\\/avatar\\\/9a87ee051ca8c77f5d4070843ce2c78cdf95b858b950fb039151de955122f5f5?s=96&d=mm&r=g\",\"url\":\"https:\\\/\\\/secure.gravatar.com\\\/avatar\\\/9a87ee051ca8c77f5d4070843ce2c78cdf95b858b950fb039151de955122f5f5?s=96&d=mm&r=g\",\"contentUrl\":\"https:\\\/\\\/secure.gravatar.com\\\/avatar\\\/9a87ee051ca8c77f5d4070843ce2c78cdf95b858b950fb039151de955122f5f5?s=96&d=mm&r=g\",\"caption\":\"impactocastex\"},\"sameAs\":[\"https:\\\/\\\/impactocastex.com.ar\"],\"url\":\"https:\\\/\\\/impactocastex.com.ar\\\/?author=1\"}]}<\/script>\n<!-- \/ Yoast SEO plugin. -->","yoast_head_json":{"title":"Derrota para Lula da Silva: el Senado de Brasil rechaz\u00f3 a su candidato para la Corte Suprema -","robots":{"index":"index","follow":"follow","max-snippet":"max-snippet:-1","max-image-preview":"max-image-preview:large","max-video-preview":"max-video-preview:-1"},"canonical":"https:\/\/impactocastex.com.ar\/?p=16830","og_locale":"es_ES","og_type":"article","og_title":"Derrota para Lula da Silva: el Senado de Brasil rechaz\u00f3 a su candidato para la Corte Suprema -","og_description":"El Senado de Brasil rechaz\u00f3 este mi\u00e9rcoles a Jorge Messias, candidato del presidente Luiz In\u00e1cio...","og_url":"https:\/\/impactocastex.com.ar\/?p=16830","article_publisher":"https:\/\/www.facebook.com\/impactocastexdiario","article_published_time":"2026-04-29T22:46:28+00:00","og_image":[{"url":"https:\/\/www.clarin.com\/img\/2026\/04\/29\/x5b1Q-bKA_2000x1500__1.jpg","type":"","width":"","height":""}],"author":"impactocastex","twitter_card":"summary_large_image","twitter_misc":{"Escrito por":"impactocastex","Tiempo de lectura":"3 minutos"},"schema":{"@context":"https:\/\/schema.org","@graph":[{"@type":"Article","@id":"https:\/\/impactocastex.com.ar\/?p=16830#article","isPartOf":{"@id":"https:\/\/impactocastex.com.ar\/?p=16830"},"author":{"name":"impactocastex","@id":"https:\/\/impactocastex.com.ar\/#\/schema\/person\/86cb4f827fb5f87869a239b98a69c6e3"},"headline":"Derrota para Lula da Silva: el Senado de Brasil rechaz\u00f3 a su candidato para la Corte Suprema","datePublished":"2026-04-29T22:46:28+00:00","mainEntityOfPage":{"@id":"https:\/\/impactocastex.com.ar\/?p=16830"},"wordCount":561,"publisher":{"@id":"https:\/\/impactocastex.com.ar\/#organization"},"image":{"@id":"https:\/\/impactocastex.com.ar\/?p=16830#primaryimage"},"thumbnailUrl":"https:\/\/impactocastex.com.ar\/wp-content\/uploads\/2026\/04\/x5b1Q-bKA_1200x630__1-3jlNB6.jpg","articleSection":["INTERNACIONALES"],"inLanguage":"es"},{"@type":"WebPage","@id":"https:\/\/impactocastex.com.ar\/?p=16830","url":"https:\/\/impactocastex.com.ar\/?p=16830","name":"Derrota para Lula da Silva: el Senado de Brasil rechaz\u00f3 a su candidato para la Corte Suprema -","isPartOf":{"@id":"https:\/\/impactocastex.com.ar\/#website"},"primaryImageOfPage":{"@id":"https:\/\/impactocastex.com.ar\/?p=16830#primaryimage"},"image":{"@id":"https:\/\/impactocastex.com.ar\/?p=16830#primaryimage"},"thumbnailUrl":"https:\/\/impactocastex.com.ar\/wp-content\/uploads\/2026\/04\/x5b1Q-bKA_1200x630__1-3jlNB6.jpg","datePublished":"2026-04-29T22:46:28+00:00","breadcrumb":{"@id":"https:\/\/impactocastex.com.ar\/?p=16830#breadcrumb"},"inLanguage":"es","potentialAction":[{"@type":"ReadAction","target":["https:\/\/impactocastex.com.ar\/?p=16830"]}]},{"@type":"ImageObject","inLanguage":"es","@id":"https:\/\/impactocastex.com.ar\/?p=16830#primaryimage","url":"https:\/\/impactocastex.com.ar\/wp-content\/uploads\/2026\/04\/x5b1Q-bKA_1200x630__1-3jlNB6.jpg","contentUrl":"https:\/\/impactocastex.com.ar\/wp-content\/uploads\/2026\/04\/x5b1Q-bKA_1200x630__1-3jlNB6.jpg","width":1200,"height":630},{"@type":"BreadcrumbList","@id":"https:\/\/impactocastex.com.ar\/?p=16830#breadcrumb","itemListElement":[{"@type":"ListItem","position":1,"name":"Portada","item":"https:\/\/impactocastex.com.ar\/"},{"@type":"ListItem","position":2,"name":"Derrota para Lula da Silva: el Senado de Brasil rechaz\u00f3 a su candidato para la Corte Suprema"}]},{"@type":"WebSite","@id":"https:\/\/impactocastex.com.ar\/#website","url":"https:\/\/impactocastex.com.ar\/","name":"Impacto Castex","description":"","publisher":{"@id":"https:\/\/impactocastex.com.ar\/#organization"},"potentialAction":[{"@type":"SearchAction","target":{"@type":"EntryPoint","urlTemplate":"https:\/\/impactocastex.com.ar\/?s={search_term_string}"},"query-input":{"@type":"PropertyValueSpecification","valueRequired":true,"valueName":"search_term_string"}}],"inLanguage":"es"},{"@type":"Organization","@id":"https:\/\/impactocastex.com.ar\/#organization","name":"Impacto Castex","url":"https:\/\/impactocastex.com.ar\/","logo":{"@type":"ImageObject","inLanguage":"es","@id":"https:\/\/impactocastex.com.ar\/#\/schema\/logo\/image\/","url":"https:\/\/impactocastex.com.ar\/wp-content\/uploads\/2025\/09\/cropped-icoweb.png","contentUrl":"https:\/\/impactocastex.com.ar\/wp-content\/uploads\/2025\/09\/cropped-icoweb.png","width":512,"height":512,"caption":"Impacto Castex"},"image":{"@id":"https:\/\/impactocastex.com.ar\/#\/schema\/logo\/image\/"},"sameAs":["https:\/\/www.facebook.com\/impactocastexdiario","https:\/\/www.instagram.com\/impactocastex.com.ar\/"]},{"@type":"Person","@id":"https:\/\/impactocastex.com.ar\/#\/schema\/person\/86cb4f827fb5f87869a239b98a69c6e3","name":"impactocastex","image":{"@type":"ImageObject","inLanguage":"es","@id":"https:\/\/secure.gravatar.com\/avatar\/9a87ee051ca8c77f5d4070843ce2c78cdf95b858b950fb039151de955122f5f5?s=96&d=mm&r=g","url":"https:\/\/secure.gravatar.com\/avatar\/9a87ee051ca8c77f5d4070843ce2c78cdf95b858b950fb039151de955122f5f5?s=96&d=mm&r=g","contentUrl":"https:\/\/secure.gravatar.com\/avatar\/9a87ee051ca8c77f5d4070843ce2c78cdf95b858b950fb039151de955122f5f5?s=96&d=mm&r=g","caption":"impactocastex"},"sameAs":["https:\/\/impactocastex.com.ar"],"url":"https:\/\/impactocastex.com.ar\/?author=1"}]}},"jetpack_publicize_connections":[],"featured_image_urls":{"full":["https:\/\/impactocastex.com.ar\/wp-content\/uploads\/2026\/04\/x5b1Q-bKA_1200x630__1-3jlNB6.jpg",1200,630,false],"thumbnail":["https:\/\/impactocastex.com.ar\/wp-content\/uploads\/2026\/04\/x5b1Q-bKA_1200x630__1-3jlNB6-150x150.jpg",150,150,true],"medium":["https:\/\/impactocastex.com.ar\/wp-content\/uploads\/2026\/04\/x5b1Q-bKA_1200x630__1-3jlNB6-300x158.jpg",300,158,true],"medium_large":["https:\/\/impactocastex.com.ar\/wp-content\/uploads\/2026\/04\/x5b1Q-bKA_1200x630__1-3jlNB6-768x403.jpg",640,336,true],"large":["https:\/\/impactocastex.com.ar\/wp-content\/uploads\/2026\/04\/x5b1Q-bKA_1200x630__1-3jlNB6-1024x538.jpg",640,336,true],"1536x1536":["https:\/\/impactocastex.com.ar\/wp-content\/uploads\/2026\/04\/x5b1Q-bKA_1200x630__1-3jlNB6.jpg",1200,630,false],"2048x2048":["https:\/\/impactocastex.com.ar\/wp-content\/uploads\/2026\/04\/x5b1Q-bKA_1200x630__1-3jlNB6.jpg",1200,630,false],"newsever-slider-full":["https:\/\/impactocastex.com.ar\/wp-content\/uploads\/2026\/04\/x5b1Q-bKA_1200x630__1-3jlNB6.jpg",1200,630,false],"newsever-featured":["https:\/\/impactocastex.com.ar\/wp-content\/uploads\/2026\/04\/x5b1Q-bKA_1200x630__1-3jlNB6-1024x538.jpg",1024,538,true],"newsever-medium":["https:\/\/impactocastex.com.ar\/wp-content\/uploads\/2026\/04\/x5b1Q-bKA_1200x630__1-3jlNB6-720x475.jpg",720,475,true]},"author_info":{"info":["impactocastex"]},"category_info":"<a href=\"https:\/\/impactocastex.com.ar\/?cat=91\" rel=\"category\">INTERNACIONALES<\/a>","tag_info":"INTERNACIONALES","comment_count":0,"jetpack_featured_media_url":"https:\/\/impactocastex.com.ar\/wp-content\/uploads\/2026\/04\/x5b1Q-bKA_1200x630__1-3jlNB6.jpg","jetpack_sharing_enabled":true,"jetpack_likes_enabled":true,"jetpack_shortlink":"https:\/\/wp.me\/p7sopA-4ns","_links":{"self":[{"href":"https:\/\/impactocastex.com.ar\/index.php?rest_route=\/wp\/v2\/posts\/16830","targetHints":{"allow":["GET"]}}],"collection":[{"href":"https:\/\/impactocastex.com.ar\/index.php?rest_route=\/wp\/v2\/posts"}],"about":[{"href":"https:\/\/impactocastex.com.ar\/index.php?rest_route=\/wp\/v2\/types\/post"}],"author":[{"embeddable":true,"href":"https:\/\/impactocastex.com.ar\/index.php?rest_route=\/wp\/v2\/users\/1"}],"replies":[{"embeddable":true,"href":"https:\/\/impactocastex.com.ar\/index.php?rest_route=%2Fwp%2Fv2%2Fcomments&post=16830"}],"version-history":[{"count":0,"href":"https:\/\/impactocastex.com.ar\/index.php?rest_route=\/wp\/v2\/posts\/16830\/revisions"}],"wp:featuredmedia":[{"embeddable":true,"href":"https:\/\/impactocastex.com.ar\/index.php?rest_route=\/wp\/v2\/media\/16831"}],"wp:attachment":[{"href":"https:\/\/impactocastex.com.ar\/index.php?rest_route=%2Fwp%2Fv2%2Fmedia&parent=16830"}],"wp:term":[{"taxonomy":"category","embeddable":true,"href":"https:\/\/impactocastex.com.ar\/index.php?rest_route=%2Fwp%2Fv2%2Fcategories&post=16830"},{"taxonomy":"post_tag","embeddable":true,"href":"https:\/\/impactocastex.com.ar\/index.php?rest_route=%2Fwp%2Fv2%2Ftags&post=16830"}],"curies":[{"name":"wp","href":"https:\/\/api.w.org\/{rel}","templated":true}]}}