{"id":16828,"date":"2026-04-30T06:18:17","date_gmt":"2026-04-30T09:18:17","guid":{"rendered":"https:\/\/impactocastex.com.ar\/?p=16828"},"modified":"2026-04-30T06:18:17","modified_gmt":"2026-04-30T09:18:17","slug":"quien-era-juan-carlos-sandoval-el-hombre-que-murio-atacado-por-avispas-chaquetas-amarillas-en-neuquen","status":"publish","type":"post","link":"https:\/\/impactocastex.com.ar\/?p=16828","title":{"rendered":"Qui\u00e9n era Juan Carlos Sandoval, el hombre que muri\u00f3 atacado por avispas chaquetas amarillas en Neuqu\u00e9n"},"content":{"rendered":"<p>La muerte de un hombre de 67 a\u00f1os por el <a href=\"https:\/\/www.lanacion.com.ar\/sociedad\/cortaba-un-arbol-golpeo-un-panal-y-murio-por-picaduras-de-avispas-chaquetas-amarillas-nid29042026\/\" target=\"_blank\" rel=\"noreferrer\" title=\"https:\/\/www.lanacion.com.ar\/sociedad\/cortaba-un-arbol-golpeo-un-panal-y-murio-por-picaduras-de-avispas-chaquetas-amarillas-nid29042026\/\">ataque de un enjambre de avispas chaquetas amarillas<\/a> conmociona a la localidad de Loncopu\u00e9, en <b>Neuqu\u00e9n<\/b>. La v\u00edctima, que falleci\u00f3 el martes, fue identificada como <b>Juan Carlos Sandoval<\/b>, un reconocido vecino del pueblo que se dedicaba a realizar trabajos de corte de le\u00f1a.<\/p>\n<p>Sandoval muri\u00f3 como consecuencia de un <b>shock anafil\u00e1ctico <\/b>causado por la picadura de cientos de avispas en cuesti\u00f3n de minutos. El hombre, que estaba en compa\u00f1\u00eda de un amigo, golpe\u00f3 sin querer un panal de avispas, que lo atacaron en conjunto.<\/p>\n<p>Si bien alcanz\u00f3 a pedir auxilio a una l\u00ednea de emergencia, Sandoval presentaba factores de riesgo<b> <\/b>que habr\u00edan influido en la r\u00e1pida evoluci\u00f3n de su cuadro, seg\u00fan inform\u00f3 el medio local <a href=\"https:\/\/www.lmneuquen.com\/neuquen\/tragedia-y-conmocion-loncopue-un-hombre-murio-ser-atacado-un-enjambre-chaquetas-amarillas-n1236830\" target=\"_self\" rel=\"\" title=\"https:\/\/www.lmneuquen.com\/neuquen\/tragedia-y-conmocion-loncopue-un-hombre-murio-ser-atacado-un-enjambre-chaquetas-amarillas-n1236830\"><i>LM Neuqu\u00e9n<\/i><\/a>.<\/p>\n<p><img loading=\"lazy\" decoding=\"async\" src=\"https:\/\/resizer.glanacion.com\/resizer\/v2\/OIOIZZLRT5DIHHD6FKQO7K7NGM.webp?auth=db2127bf5cf76085fc2565c79a4d7569dad3ec4f6e953f2015a64de781e0a053&amp;smart=true&amp;width=770&amp;height=433\" alt=\"Estas avispas pueden picar varias veces y muerden\" height=\"433\" width=\"770\" \/><\/p>\n<p>En redes sociales, el hombre fue recordado por diferentes organizaciones barriales, que destacaron sus trabajos en la comunidad. Una de ellas fue la Comisi\u00f3n Directiva del Club Juventud Unida. \u201cEn nombre de toda la instituci\u00f3n, socios\/as, entrenadores\/as y jugadores, lamenta profundamente el fallecimiento de Sandoval Juan Carlos, t\u00edo de nuestro jugador Isaac Sandoval y hermano de su pap\u00e1, Jos\u00e9. La Instituci\u00f3n env\u00eda sus condolencias a familiares, amigos, allegados y los acompa\u00f1a en este dif\u00edcil momento\u201d, dicta el comunicado.<\/p>\n<p>A su vez, el <b>intendente Daniel Soto, lament\u00f3 la tr\u00e1gica muerte de Sandoval con un mensaje difundido <\/b>por el \u00e1rea de Ceremonial y Protocolo del municipio. \u201cEl Intendente Municipal y equipo acompa\u00f1an en este dif\u00edcil momento a toda la familia SANDOVAL-ALMAZA, amigos, conocidos, con tristeza y pesar elevando una oraci\u00f3n, por el eterno descanso de nuestro vecino de la localidad\u201d, se lee en el escrito.<\/p>\n<p>\u201cQue la luz de \u201cJuan Carlos\u201d iluminen eternamente en el coraz\u00f3n de todos aquellos que lo conocieron. Esperando puedan sobrellevar con resignaci\u00f3n tan doloroso momento\u00bb, agrega la publicaci\u00f3n municipal.<\/p>\n\n<p>Una vez que los m\u00e9dicos llegaron al lugar, confirmaron que la causa de muerte fue un <b>shock anafil\u00e1ctico<\/b>, una reacci\u00f3n al\u00e9rgica grave que puede desarrollarse en pocos minutos tras la exposici\u00f3n a un al\u00e9rgeno. <\/p>\n<p>Este tipo de cuadro provoca alteraciones circulatorias y respiratorias severas, con s\u00edntomas como dificultad para respirar, ca\u00edda de la presi\u00f3n arterial y p\u00e9rdida de conocimiento.<\/p>\n<p>Por otra parte, seg\u00fan consign\u00f3 <i>LM Neuqu\u00e9n<\/i>, las avispas involucradas en este episodio son un riesgo creciente para las personas que realizan actividad a la intemperie. Esto se debe a que cada vez est\u00e1n presente en zonas m\u00e1s extendidas del sur de la Argentina y a sus caracter\u00edsticas de comportamiento, que las vuelven particularmente peligrosas. <\/p>\n<p><img loading=\"lazy\" decoding=\"async\" src=\"https:\/\/resizer.glanacion.com\/resizer\/v2\/NTT7TZREDBGGTLT2BZMDOXKOKQ.jpg?auth=7a4d0e12a7504f1630ad7793f926f7f282395572fef6c475c6edae21feaa0ce8&amp;smart=true&amp;width=2000&amp;height=1333\" alt=\"A diferencia de las abejas, las avispas son capaces de picar en m\u00faltiples ocasiones (Pixabay)\" height=\"1333\" width=\"2000\" \/><\/p>\n<p>Se trata de un insecto de origen euroasi\u00e1tico y del norte de \u00c1frica, introducido en Chile en 1974 y actualmente presente en distintas regiones de la Patagonia y del resto del pa\u00eds.<\/p>\n<p>Estos insectos se caracterizan por su comportamiento social y la construcci\u00f3n de nidos colectivos que pueden ubicarse tanto bajo tierra como en la vegetaci\u00f3n. Aunque suele confundirse con una abeja, se distingue por su coloraci\u00f3n negra con bandas amarillas. <\/p>\n<p>Ante la perturbaci\u00f3n de sus nidos, <b>pueden reaccionar de forma agresiva<\/b> y atacar en grupo, lo que incrementa el riesgo de recibir m\u00faltiples picaduras en entornos rurales. Adem\u00e1s <b>pueden picar reiteradas veces y muerden<\/b>.<\/p>\n<p>\u200bLa v\u00edctima ten\u00eda 67 a\u00f1os y falleci\u00f3 por un shock anafil\u00e1ctico causado por las picaduras del enjambre; ten\u00eda antecedentes de salud que propiciaron la r\u00e1pida evoluci\u00f3n del cuadro\u00a0\u00a0<\/p>","protected":false},"excerpt":{"rendered":"<p>La muerte de un hombre de 67 a\u00f1os por el ataque de un enjambre de&#8230;<\/p>\n","protected":false},"author":1,"featured_media":16829,"comment_status":"closed","ping_status":"closed","sticky":false,"template":"","format":"standard","meta":{"_jetpack_memberships_contains_paid_content":false,"footnotes":"","jetpack_publicize_message":"","jetpack_publicize_feature_enabled":true,"jetpack_social_post_already_shared":true,"jetpack_social_options":{"image_generator_settings":{"template":"highway","default_image_id":0,"font":"","enabled":false},"version":2}},"categories":[89],"tags":[],"class_list":["post-16828","post","type-post","status-publish","format-standard","has-post-thumbnail","hentry","category-nacionales"],"yoast_head":"<!-- This site is optimized with the Yoast SEO plugin v27.4 - https:\/\/yoast.com\/product\/yoast-seo-wordpress\/ -->\n<title>Qui\u00e9n era Juan Carlos Sandoval, el hombre que muri\u00f3 atacado por avispas chaquetas amarillas en Neuqu\u00e9n -<\/title>\n<meta name=\"robots\" content=\"index, follow, max-snippet:-1, max-image-preview:large, max-video-preview:-1\" \/>\n<link rel=\"canonical\" href=\"https:\/\/impactocastex.com.ar\/?p=16828\" \/>\n<meta property=\"og:locale\" content=\"es_ES\" \/>\n<meta property=\"og:type\" content=\"article\" \/>\n<meta property=\"og:title\" content=\"Qui\u00e9n era Juan Carlos Sandoval, el hombre que muri\u00f3 atacado por avispas chaquetas amarillas en Neuqu\u00e9n -\" \/>\n<meta property=\"og:description\" content=\"La muerte de un hombre de 67 a\u00f1os por el ataque de un enjambre de...\" \/>\n<meta property=\"og:url\" content=\"https:\/\/impactocastex.com.ar\/?p=16828\" \/>\n<meta property=\"article:publisher\" content=\"https:\/\/www.facebook.com\/impactocastexdiario\" \/>\n<meta property=\"article:published_time\" content=\"2026-04-30T09:18:17+00:00\" \/>\n<meta property=\"og:image\" content=\"https:\/\/resizer.glanacion.com\/resizer\/v2\/OIOIZZLRT5DIHHD6FKQO7K7NGM.webp?auth=db2127bf5cf76085fc2565c79a4d7569dad3ec4f6e953f2015a64de781e0a053&amp;smart=true&amp;width=770&amp;height=433\" \/>\n<meta name=\"author\" content=\"impactocastex\" \/>\n<meta name=\"twitter:card\" content=\"summary_large_image\" \/>\n<meta name=\"twitter:label1\" content=\"Escrito por\" \/>\n\t<meta name=\"twitter:data1\" content=\"impactocastex\" \/>\n\t<meta name=\"twitter:label2\" content=\"Tiempo de lectura\" \/>\n\t<meta name=\"twitter:data2\" content=\"3 minutos\" \/>\n<script type=\"application\/ld+json\" class=\"yoast-schema-graph\">{\"@context\":\"https:\\\/\\\/schema.org\",\"@graph\":[{\"@type\":\"Article\",\"@id\":\"https:\\\/\\\/impactocastex.com.ar\\\/?p=16828#article\",\"isPartOf\":{\"@id\":\"https:\\\/\\\/impactocastex.com.ar\\\/?p=16828\"},\"author\":{\"name\":\"impactocastex\",\"@id\":\"https:\\\/\\\/impactocastex.com.ar\\\/#\\\/schema\\\/person\\\/86cb4f827fb5f87869a239b98a69c6e3\"},\"headline\":\"Qui\u00e9n era Juan Carlos Sandoval, el hombre que muri\u00f3 atacado por avispas chaquetas amarillas en Neuqu\u00e9n\",\"datePublished\":\"2026-04-30T09:18:17+00:00\",\"mainEntityOfPage\":{\"@id\":\"https:\\\/\\\/impactocastex.com.ar\\\/?p=16828\"},\"wordCount\":620,\"publisher\":{\"@id\":\"https:\\\/\\\/impactocastex.com.ar\\\/#organization\"},\"image\":{\"@id\":\"https:\\\/\\\/impactocastex.com.ar\\\/?p=16828#primaryimage\"},\"thumbnailUrl\":\"https:\\\/\\\/impactocastex.com.ar\\\/wp-content\\\/uploads\\\/2026\\\/04\\\/GPXR2DGFGZAOVE6XHZH4WUOQJU-4WQmSC.jpg\",\"articleSection\":[\"NACIONALES\"],\"inLanguage\":\"es\"},{\"@type\":\"WebPage\",\"@id\":\"https:\\\/\\\/impactocastex.com.ar\\\/?p=16828\",\"url\":\"https:\\\/\\\/impactocastex.com.ar\\\/?p=16828\",\"name\":\"Qui\u00e9n era Juan Carlos Sandoval, el hombre que muri\u00f3 atacado por avispas chaquetas amarillas en Neuqu\u00e9n -\",\"isPartOf\":{\"@id\":\"https:\\\/\\\/impactocastex.com.ar\\\/#website\"},\"primaryImageOfPage\":{\"@id\":\"https:\\\/\\\/impactocastex.com.ar\\\/?p=16828#primaryimage\"},\"image\":{\"@id\":\"https:\\\/\\\/impactocastex.com.ar\\\/?p=16828#primaryimage\"},\"thumbnailUrl\":\"https:\\\/\\\/impactocastex.com.ar\\\/wp-content\\\/uploads\\\/2026\\\/04\\\/GPXR2DGFGZAOVE6XHZH4WUOQJU-4WQmSC.jpg\",\"datePublished\":\"2026-04-30T09:18:17+00:00\",\"breadcrumb\":{\"@id\":\"https:\\\/\\\/impactocastex.com.ar\\\/?p=16828#breadcrumb\"},\"inLanguage\":\"es\",\"potentialAction\":[{\"@type\":\"ReadAction\",\"target\":[\"https:\\\/\\\/impactocastex.com.ar\\\/?p=16828\"]}]},{\"@type\":\"ImageObject\",\"inLanguage\":\"es\",\"@id\":\"https:\\\/\\\/impactocastex.com.ar\\\/?p=16828#primaryimage\",\"url\":\"https:\\\/\\\/impactocastex.com.ar\\\/wp-content\\\/uploads\\\/2026\\\/04\\\/GPXR2DGFGZAOVE6XHZH4WUOQJU-4WQmSC.jpg\",\"contentUrl\":\"https:\\\/\\\/impactocastex.com.ar\\\/wp-content\\\/uploads\\\/2026\\\/04\\\/GPXR2DGFGZAOVE6XHZH4WUOQJU-4WQmSC.jpg\",\"width\":770,\"height\":469},{\"@type\":\"BreadcrumbList\",\"@id\":\"https:\\\/\\\/impactocastex.com.ar\\\/?p=16828#breadcrumb\",\"itemListElement\":[{\"@type\":\"ListItem\",\"position\":1,\"name\":\"Portada\",\"item\":\"https:\\\/\\\/impactocastex.com.ar\\\/\"},{\"@type\":\"ListItem\",\"position\":2,\"name\":\"Qui\u00e9n era Juan Carlos Sandoval, el hombre que muri\u00f3 atacado por avispas chaquetas amarillas en Neuqu\u00e9n\"}]},{\"@type\":\"WebSite\",\"@id\":\"https:\\\/\\\/impactocastex.com.ar\\\/#website\",\"url\":\"https:\\\/\\\/impactocastex.com.ar\\\/\",\"name\":\"Impacto Castex\",\"description\":\"\",\"publisher\":{\"@id\":\"https:\\\/\\\/impactocastex.com.ar\\\/#organization\"},\"potentialAction\":[{\"@type\":\"SearchAction\",\"target\":{\"@type\":\"EntryPoint\",\"urlTemplate\":\"https:\\\/\\\/impactocastex.com.ar\\\/?s={search_term_string}\"},\"query-input\":{\"@type\":\"PropertyValueSpecification\",\"valueRequired\":true,\"valueName\":\"search_term_string\"}}],\"inLanguage\":\"es\"},{\"@type\":\"Organization\",\"@id\":\"https:\\\/\\\/impactocastex.com.ar\\\/#organization\",\"name\":\"Impacto Castex\",\"url\":\"https:\\\/\\\/impactocastex.com.ar\\\/\",\"logo\":{\"@type\":\"ImageObject\",\"inLanguage\":\"es\",\"@id\":\"https:\\\/\\\/impactocastex.com.ar\\\/#\\\/schema\\\/logo\\\/image\\\/\",\"url\":\"https:\\\/\\\/impactocastex.com.ar\\\/wp-content\\\/uploads\\\/2025\\\/09\\\/cropped-icoweb.png\",\"contentUrl\":\"https:\\\/\\\/impactocastex.com.ar\\\/wp-content\\\/uploads\\\/2025\\\/09\\\/cropped-icoweb.png\",\"width\":512,\"height\":512,\"caption\":\"Impacto Castex\"},\"image\":{\"@id\":\"https:\\\/\\\/impactocastex.com.ar\\\/#\\\/schema\\\/logo\\\/image\\\/\"},\"sameAs\":[\"https:\\\/\\\/www.facebook.com\\\/impactocastexdiario\",\"https:\\\/\\\/www.instagram.com\\\/impactocastex.com.ar\\\/\"]},{\"@type\":\"Person\",\"@id\":\"https:\\\/\\\/impactocastex.com.ar\\\/#\\\/schema\\\/person\\\/86cb4f827fb5f87869a239b98a69c6e3\",\"name\":\"impactocastex\",\"image\":{\"@type\":\"ImageObject\",\"inLanguage\":\"es\",\"@id\":\"https:\\\/\\\/secure.gravatar.com\\\/avatar\\\/9a87ee051ca8c77f5d4070843ce2c78cdf95b858b950fb039151de955122f5f5?s=96&d=mm&r=g\",\"url\":\"https:\\\/\\\/secure.gravatar.com\\\/avatar\\\/9a87ee051ca8c77f5d4070843ce2c78cdf95b858b950fb039151de955122f5f5?s=96&d=mm&r=g\",\"contentUrl\":\"https:\\\/\\\/secure.gravatar.com\\\/avatar\\\/9a87ee051ca8c77f5d4070843ce2c78cdf95b858b950fb039151de955122f5f5?s=96&d=mm&r=g\",\"caption\":\"impactocastex\"},\"sameAs\":[\"https:\\\/\\\/impactocastex.com.ar\"],\"url\":\"https:\\\/\\\/impactocastex.com.ar\\\/?author=1\"}]}<\/script>\n<!-- \/ Yoast SEO plugin. -->","yoast_head_json":{"title":"Qui\u00e9n era Juan Carlos Sandoval, el hombre que muri\u00f3 atacado por avispas chaquetas amarillas en Neuqu\u00e9n -","robots":{"index":"index","follow":"follow","max-snippet":"max-snippet:-1","max-image-preview":"max-image-preview:large","max-video-preview":"max-video-preview:-1"},"canonical":"https:\/\/impactocastex.com.ar\/?p=16828","og_locale":"es_ES","og_type":"article","og_title":"Qui\u00e9n era Juan Carlos Sandoval, el hombre que muri\u00f3 atacado por avispas chaquetas amarillas en Neuqu\u00e9n -","og_description":"La muerte de un hombre de 67 a\u00f1os por el ataque de un enjambre de...","og_url":"https:\/\/impactocastex.com.ar\/?p=16828","article_publisher":"https:\/\/www.facebook.com\/impactocastexdiario","article_published_time":"2026-04-30T09:18:17+00:00","og_image":[{"url":"https:\/\/resizer.glanacion.com\/resizer\/v2\/OIOIZZLRT5DIHHD6FKQO7K7NGM.webp?auth=db2127bf5cf76085fc2565c79a4d7569dad3ec4f6e953f2015a64de781e0a053&amp;smart=true&amp;width=770&amp;height=433","type":"","width":"","height":""}],"author":"impactocastex","twitter_card":"summary_large_image","twitter_misc":{"Escrito por":"impactocastex","Tiempo de lectura":"3 minutos"},"schema":{"@context":"https:\/\/schema.org","@graph":[{"@type":"Article","@id":"https:\/\/impactocastex.com.ar\/?p=16828#article","isPartOf":{"@id":"https:\/\/impactocastex.com.ar\/?p=16828"},"author":{"name":"impactocastex","@id":"https:\/\/impactocastex.com.ar\/#\/schema\/person\/86cb4f827fb5f87869a239b98a69c6e3"},"headline":"Qui\u00e9n era Juan Carlos Sandoval, el hombre que muri\u00f3 atacado por avispas chaquetas amarillas en Neuqu\u00e9n","datePublished":"2026-04-30T09:18:17+00:00","mainEntityOfPage":{"@id":"https:\/\/impactocastex.com.ar\/?p=16828"},"wordCount":620,"publisher":{"@id":"https:\/\/impactocastex.com.ar\/#organization"},"image":{"@id":"https:\/\/impactocastex.com.ar\/?p=16828#primaryimage"},"thumbnailUrl":"https:\/\/impactocastex.com.ar\/wp-content\/uploads\/2026\/04\/GPXR2DGFGZAOVE6XHZH4WUOQJU-4WQmSC.jpg","articleSection":["NACIONALES"],"inLanguage":"es"},{"@type":"WebPage","@id":"https:\/\/impactocastex.com.ar\/?p=16828","url":"https:\/\/impactocastex.com.ar\/?p=16828","name":"Qui\u00e9n era Juan Carlos Sandoval, el hombre que muri\u00f3 atacado por avispas chaquetas amarillas en Neuqu\u00e9n -","isPartOf":{"@id":"https:\/\/impactocastex.com.ar\/#website"},"primaryImageOfPage":{"@id":"https:\/\/impactocastex.com.ar\/?p=16828#primaryimage"},"image":{"@id":"https:\/\/impactocastex.com.ar\/?p=16828#primaryimage"},"thumbnailUrl":"https:\/\/impactocastex.com.ar\/wp-content\/uploads\/2026\/04\/GPXR2DGFGZAOVE6XHZH4WUOQJU-4WQmSC.jpg","datePublished":"2026-04-30T09:18:17+00:00","breadcrumb":{"@id":"https:\/\/impactocastex.com.ar\/?p=16828#breadcrumb"},"inLanguage":"es","potentialAction":[{"@type":"ReadAction","target":["https:\/\/impactocastex.com.ar\/?p=16828"]}]},{"@type":"ImageObject","inLanguage":"es","@id":"https:\/\/impactocastex.com.ar\/?p=16828#primaryimage","url":"https:\/\/impactocastex.com.ar\/wp-content\/uploads\/2026\/04\/GPXR2DGFGZAOVE6XHZH4WUOQJU-4WQmSC.jpg","contentUrl":"https:\/\/impactocastex.com.ar\/wp-content\/uploads\/2026\/04\/GPXR2DGFGZAOVE6XHZH4WUOQJU-4WQmSC.jpg","width":770,"height":469},{"@type":"BreadcrumbList","@id":"https:\/\/impactocastex.com.ar\/?p=16828#breadcrumb","itemListElement":[{"@type":"ListItem","position":1,"name":"Portada","item":"https:\/\/impactocastex.com.ar\/"},{"@type":"ListItem","position":2,"name":"Qui\u00e9n era Juan Carlos Sandoval, el hombre que muri\u00f3 atacado por avispas chaquetas amarillas en Neuqu\u00e9n"}]},{"@type":"WebSite","@id":"https:\/\/impactocastex.com.ar\/#website","url":"https:\/\/impactocastex.com.ar\/","name":"Impacto Castex","description":"","publisher":{"@id":"https:\/\/impactocastex.com.ar\/#organization"},"potentialAction":[{"@type":"SearchAction","target":{"@type":"EntryPoint","urlTemplate":"https:\/\/impactocastex.com.ar\/?s={search_term_string}"},"query-input":{"@type":"PropertyValueSpecification","valueRequired":true,"valueName":"search_term_string"}}],"inLanguage":"es"},{"@type":"Organization","@id":"https:\/\/impactocastex.com.ar\/#organization","name":"Impacto Castex","url":"https:\/\/impactocastex.com.ar\/","logo":{"@type":"ImageObject","inLanguage":"es","@id":"https:\/\/impactocastex.com.ar\/#\/schema\/logo\/image\/","url":"https:\/\/impactocastex.com.ar\/wp-content\/uploads\/2025\/09\/cropped-icoweb.png","contentUrl":"https:\/\/impactocastex.com.ar\/wp-content\/uploads\/2025\/09\/cropped-icoweb.png","width":512,"height":512,"caption":"Impacto Castex"},"image":{"@id":"https:\/\/impactocastex.com.ar\/#\/schema\/logo\/image\/"},"sameAs":["https:\/\/www.facebook.com\/impactocastexdiario","https:\/\/www.instagram.com\/impactocastex.com.ar\/"]},{"@type":"Person","@id":"https:\/\/impactocastex.com.ar\/#\/schema\/person\/86cb4f827fb5f87869a239b98a69c6e3","name":"impactocastex","image":{"@type":"ImageObject","inLanguage":"es","@id":"https:\/\/secure.gravatar.com\/avatar\/9a87ee051ca8c77f5d4070843ce2c78cdf95b858b950fb039151de955122f5f5?s=96&d=mm&r=g","url":"https:\/\/secure.gravatar.com\/avatar\/9a87ee051ca8c77f5d4070843ce2c78cdf95b858b950fb039151de955122f5f5?s=96&d=mm&r=g","contentUrl":"https:\/\/secure.gravatar.com\/avatar\/9a87ee051ca8c77f5d4070843ce2c78cdf95b858b950fb039151de955122f5f5?s=96&d=mm&r=g","caption":"impactocastex"},"sameAs":["https:\/\/impactocastex.com.ar"],"url":"https:\/\/impactocastex.com.ar\/?author=1"}]}},"jetpack_publicize_connections":[],"featured_image_urls":{"full":["https:\/\/impactocastex.com.ar\/wp-content\/uploads\/2026\/04\/GPXR2DGFGZAOVE6XHZH4WUOQJU-4WQmSC.jpg",770,469,false],"thumbnail":["https:\/\/impactocastex.com.ar\/wp-content\/uploads\/2026\/04\/GPXR2DGFGZAOVE6XHZH4WUOQJU-4WQmSC-150x150.jpg",150,150,true],"medium":["https:\/\/impactocastex.com.ar\/wp-content\/uploads\/2026\/04\/GPXR2DGFGZAOVE6XHZH4WUOQJU-4WQmSC-300x183.jpg",300,183,true],"medium_large":["https:\/\/impactocastex.com.ar\/wp-content\/uploads\/2026\/04\/GPXR2DGFGZAOVE6XHZH4WUOQJU-4WQmSC-768x468.jpg",640,390,true],"large":["https:\/\/impactocastex.com.ar\/wp-content\/uploads\/2026\/04\/GPXR2DGFGZAOVE6XHZH4WUOQJU-4WQmSC.jpg",640,390,false],"1536x1536":["https:\/\/impactocastex.com.ar\/wp-content\/uploads\/2026\/04\/GPXR2DGFGZAOVE6XHZH4WUOQJU-4WQmSC.jpg",770,469,false],"2048x2048":["https:\/\/impactocastex.com.ar\/wp-content\/uploads\/2026\/04\/GPXR2DGFGZAOVE6XHZH4WUOQJU-4WQmSC.jpg",770,469,false],"newsever-slider-full":["https:\/\/impactocastex.com.ar\/wp-content\/uploads\/2026\/04\/GPXR2DGFGZAOVE6XHZH4WUOQJU-4WQmSC.jpg",770,469,false],"newsever-featured":["https:\/\/impactocastex.com.ar\/wp-content\/uploads\/2026\/04\/GPXR2DGFGZAOVE6XHZH4WUOQJU-4WQmSC.jpg",770,469,false],"newsever-medium":["https:\/\/impactocastex.com.ar\/wp-content\/uploads\/2026\/04\/GPXR2DGFGZAOVE6XHZH4WUOQJU-4WQmSC-720x469.jpg",720,469,true]},"author_info":{"info":["impactocastex"]},"category_info":"<a href=\"https:\/\/impactocastex.com.ar\/?cat=89\" rel=\"category\">NACIONALES<\/a>","tag_info":"NACIONALES","comment_count":0,"jetpack_featured_media_url":"https:\/\/impactocastex.com.ar\/wp-content\/uploads\/2026\/04\/GPXR2DGFGZAOVE6XHZH4WUOQJU-4WQmSC.jpg","jetpack_sharing_enabled":true,"jetpack_likes_enabled":true,"jetpack_shortlink":"https:\/\/wp.me\/p7sopA-4nq","_links":{"self":[{"href":"https:\/\/impactocastex.com.ar\/index.php?rest_route=\/wp\/v2\/posts\/16828","targetHints":{"allow":["GET"]}}],"collection":[{"href":"https:\/\/impactocastex.com.ar\/index.php?rest_route=\/wp\/v2\/posts"}],"about":[{"href":"https:\/\/impactocastex.com.ar\/index.php?rest_route=\/wp\/v2\/types\/post"}],"author":[{"embeddable":true,"href":"https:\/\/impactocastex.com.ar\/index.php?rest_route=\/wp\/v2\/users\/1"}],"replies":[{"embeddable":true,"href":"https:\/\/impactocastex.com.ar\/index.php?rest_route=%2Fwp%2Fv2%2Fcomments&post=16828"}],"version-history":[{"count":0,"href":"https:\/\/impactocastex.com.ar\/index.php?rest_route=\/wp\/v2\/posts\/16828\/revisions"}],"wp:featuredmedia":[{"embeddable":true,"href":"https:\/\/impactocastex.com.ar\/index.php?rest_route=\/wp\/v2\/media\/16829"}],"wp:attachment":[{"href":"https:\/\/impactocastex.com.ar\/index.php?rest_route=%2Fwp%2Fv2%2Fmedia&parent=16828"}],"wp:term":[{"taxonomy":"category","embeddable":true,"href":"https:\/\/impactocastex.com.ar\/index.php?rest_route=%2Fwp%2Fv2%2Fcategories&post=16828"},{"taxonomy":"post_tag","embeddable":true,"href":"https:\/\/impactocastex.com.ar\/index.php?rest_route=%2Fwp%2Fv2%2Ftags&post=16828"}],"curies":[{"name":"wp","href":"https:\/\/api.w.org\/{rel}","templated":true}]}}