{"id":16824,"date":"2026-04-30T03:13:00","date_gmt":"2026-04-30T06:13:00","guid":{"rendered":"https:\/\/impactocastex.com.ar\/?p=16824"},"modified":"2026-04-30T03:13:00","modified_gmt":"2026-04-30T06:13:00","slug":"noticias-de-florida-es-oficial-el-nuevo-mapa-electoral-impulsado-por-desantis-y-celebra-trump","status":"publish","type":"post","link":"https:\/\/impactocastex.com.ar\/?p=16824","title":{"rendered":"Noticias de Florida: es oficial el nuevo mapa electoral impulsado por DeSantis y celebra Trump"},"content":{"rendered":"<p>La Legislatura de Florida dio luz verde a un<a href=\"https:\/\/www.lanacion.com.ar\/estados-unidos\/florida\/como-es-el-plan-de-desantis-en-florida-para-ganar-cuatro-escanos-republicanos-en-la-camara-de-nid28042026\/\" target=\"_blank\" rel=\"noreferrer\" title=\"https:\/\/www.lanacion.com.ar\/estados-unidos\/florida\/como-es-el-plan-de-desantis-en-florida-para-ganar-cuatro-escanos-republicanos-en-la-camara-de-nid28042026\/\"> <b>nuevo mapa de distritos del Congreso<\/b><\/a><b> dise\u00f1ado para maximizar la ventaja del<\/b> <b>Partido Republicano<\/b> en el estado, en el marco de la batalla nacional por la redistribuci\u00f3n de distritos impulsada por el <b>expresidente<\/b> Donald Trump. La votaci\u00f3n se produjo apenas dos d\u00edas despu\u00e9s de que la <b>administraci\u00f3n DeSantis<\/b> presentara su propuesta oficial, la cual busca alterar significativamente la representaci\u00f3n pol\u00edtica en el estado. <\/p>\n<p><img loading=\"lazy\" decoding=\"async\" src=\"https:\/\/resizer.glanacion.com\/resizer\/v2\/X6JTIJFAX5EYDM73PDLBYI4YHY.jpg?auth=497c72d544967818a19c3c3293c716b8570c7f49105587628527a3c8320dc717&amp;smart=true&amp;width=1440&amp;height=960\" alt=\"La Legislatura de Florida durante la votaci\u00f3n del redise\u00f1o electoral impulsado por DeSantis\" height=\"960\" width=\"1440\" \/><\/p>\n<p>Con este nuevo trazado, los republicanos<b> podr\u00edan aumentar su predominio en la delegaci\u00f3n de la C\u00e1mara de Representantes de Florida a 24 esca\u00f1os contra cuatro<\/b>,<b> frente a la divisi\u00f3n actual de 20 a 8<\/b>. Esta medida coincidi\u00f3 con una decisi\u00f3n de la Corte Suprema de <b>EE.UU.<\/b> que limit\u00f3 una disposici\u00f3n clave de la Ley de Derecho al Voto, lo que dificultar\u00eda las impugnaciones del <b>Partido Dem\u00f3crata<\/b> ante los esfuerzos por redise\u00f1ar distritos que limitan la influencia de los votantes no blancos. <\/p>\n<p>El plan de la administraci\u00f3n Trump de redistribuci\u00f3n de distritos obtuvo un gran avance con <b>la aprobaci\u00f3n del mapa de Florida, que proyecta una ganancia potencial de cuatro esca\u00f1os para el oficialismo estatal<\/b>. Esta cifra<b> iguala las expectativas de los dem\u00f3cratas en Virginia<\/b> tras un reciente refer\u00e9ndum de redistribuci\u00f3n de distritos, el cual se encuentra actualmente bajo disputa en los tribunales de ese estado. <\/p>\n<p>La reconfiguraci\u00f3n territorial en Florida se alinea con la estrategia nacional del <b>Partido Republicano<\/b> de cara a las elecciones de mitad de t\u00e9rmino.<b> El mapa aprobado por los legisladores locales sigue las directrices del gobernador Ron DeSantis<\/b>, quien present\u00f3 su iniciativa apenas 48 horas antes de la votaci\u00f3n definitiva en el recinto legislativo.<\/p>\n<p>El <b>Servicio Meteorol\u00f3gico Nacional (<\/b><a href=\"https:\/\/forecast.weather.gov\/MapClick.php?textField1=25.77&amp;textField2=-80.20\" target=\"_self\" rel=\"\" title=\"https:\/\/forecast.weather.gov\/MapClick.php?textField1=25.77&amp;textField2=-80.20\"><b>NWS<\/b><\/a>, por sus siglas en ingl\u00e9s) <b>prev\u00e9 temperaturas m\u00e1ximas de 87\u00b0F (30\u00b0C) para este jueves<\/b> 30 de abril en el sur de <a href=\"https:\/\/www.lanacion.com.ar\/estados-unidos\/florida\/alerta-en-florida-la-sequia-extrema-alcanza-su-nivel-mas-alto-y-podria-surgir-un-fenomeno-inesperado-nid15022026\/\" target=\"_self\" rel=\"\" title=\"https:\/\/www.lanacion.com.ar\/estados-unidos\/florida\/alerta-en-florida-la-sequia-extrema-alcanza-su-nivel-mas-alto-y-podria-surgir-un-fenomeno-inesperado-nid15022026\/\">Florida<\/a>. El flujo de viento desde el sur-suroeste provocar\u00e1 un aumento del calor en toda la regi\u00f3n.<\/p>\n<p><img loading=\"lazy\" decoding=\"async\" src=\"https:\/\/resizer.glanacion.com\/resizer\/v2\/3XNJB75MQFGCJBV6BI27TC3XRM.png?auth=b37f9ac005664edc0662e1515eda87b3b307a175eea4a486f90da926abf0e80c&amp;smart=true&amp;width=2000&amp;height=1333\" alt=\"Se espera una jornada soleada y calurosa en el sur de Florida para este jueves\" height=\"1333\" width=\"2000\" \/><\/p>\n<p><b>Un sistema de alta presi\u00f3n mantendr\u00e1 condiciones secas<\/b> y una<b> probabilidad de lluvia casi nula<\/b>. En paralelo, persiste una <a href=\"https:\/\/forecast.weather.gov\/product.php?site=NWS&amp;issuedby=MFL&amp;product=AFD&amp;format=ci&amp;version=1&amp;glossary=1\" target=\"_self\" rel=\"\" title=\"https:\/\/forecast.weather.gov\/product.php?site=NWS&amp;issuedby=MFL&amp;product=AFD&amp;format=ci&amp;version=1&amp;glossary=1\">alerta<\/a> por riesgo alto de corrientes de resaca en las playas del condado de Palm Beach durante el resto de la semana.<\/p>\n<p><a href=\"https:\/\/www.lanacion.com.ar\/estados-unidos\/florida\/el-record-de-elon-musk-en-florida-cuantos-lanzamientos-realizo-spacex-en-2025-y-su-nueva-meta-antes-nid24112025\/\" target=\"_self\" rel=\"\" title=\"https:\/\/www.lanacion.com.ar\/estados-unidos\/florida\/el-record-de-elon-musk-en-florida-cuantos-lanzamientos-realizo-spacex-en-2025-y-su-nueva-meta-antes-nid24112025\/\"><b>SpaceX<\/b><\/a><b> lanz\u00f3 su cohete Falcon Heavy <\/b>desde la plataforma 39-A del <b>Centro Espacial Kennedy de Florida<\/b> este mi\u00e9rcoles 29 de abril. Seg\u00fan <a href=\"https:\/\/www.orlandosentinel.com\/2026\/04\/29\/sonic-boom-chance-back-today-as-spacex-tries-for-falcon-heavy-launch\/\" target=\"_self\" rel=\"\" title=\"https:\/\/www.orlandosentinel.com\/2026\/04\/29\/sonic-boom-chance-back-today-as-spacex-tries-for-falcon-heavy-launch\/\"><i>Orlando Sentinel<\/i><\/a>, la misi\u00f3n, denominada ViaSat-3 F3, transport\u00f3 un sat\u00e9lite de comunicaciones hacia una \u00f3rbita de transferencia geoestacionaria para brindar cobertura en la regi\u00f3n de Asia-Pac\u00edfico.<\/p>\n<p><img loading=\"lazy\" decoding=\"async\" src=\"https:\/\/resizer.glanacion.com\/resizer\/v2\/IDDS2PXESZCBXNS2SIZHTIDPAI.jpg?auth=e4ec955af4126fb39d7950e83a04ecfa34666411183c852369abe24e1e8f316c&amp;smart=true&amp;width=3000&amp;height=2000\" alt=\"SpaceX tuvo un nuevo lanzamiento desde Florida\" height=\"2000\" width=\"3000\" \/><\/p>\n<p>El evento marc\u00f3 <b>el primer vuelo de este veh\u00edculo desde 2024<\/b> y gener\u00f3 <b>dos explosiones s\u00f3nicas audibles<\/b> en el centro del Estado del Sol tras el despegue. Mientras la etapa central se descart\u00f3 en el oc\u00e9ano Atl\u00e1ntico, los dos propulsores laterales completaron aterrizajes exitosos en zonas espec\u00edficas de la Estaci\u00f3n Espacial de Cabo Ca\u00f1averal.<\/p>\n<p><a href=\"https:\/\/www.lanacion.com.ar\/estados-unidos\/florida\/ley-y-orden-las-propuestas-de-byron-donalds-para-defender-el-florida-dream-nid25042026\/\" target=\"_self\" rel=\"\" title=\"https:\/\/www.lanacion.com.ar\/estados-unidos\/florida\/ley-y-orden-las-propuestas-de-byron-donalds-para-defender-el-florida-dream-nid25042026\/\"><b>Byron Donalds<\/b><\/a>, candidato a las primarias republicanas para gobernador de Florida que se realizar\u00e1n el 18 de agosto,<b> celebr\u00f3 la decisi\u00f3n de la Corte Suprema de eliminar el mapa congresional de Louisiana<\/b>. Seg\u00fan <a href=\"https:\/\/lailluminator.com\/2026\/04\/29\/supreme-court-callais\/\" target=\"_self\" rel=\"\" title=\"https:\/\/lailluminator.com\/2026\/04\/29\/supreme-court-callais\/\"><i>Louisiana Illuminator<\/i><\/a>, el fall\u00f3 se argument\u00f3 en que implementaba una \u201cmanipulaci\u00f3n electoral racial inconstitucional\u201c.<\/p>\n<p><img loading=\"lazy\" decoding=\"async\" src=\"https:\/\/resizer.glanacion.com\/resizer\/v2\/74GUVSTHWFBIJN43ZFXDBW32Z4.png?auth=dc29f4ac9c660a5d063abcdcee4b27ff6482f9e2a74bb9ee6d58600e6e040736&amp;smart=true&amp;width=598&amp;height=465\" alt=\"El mensaje de Donalds en redes sociales\" height=\"465\" width=\"598\" \/><\/p>\n<p>En ese contexto, <b>Donalds <\/b>sostuvo en la <a href=\"https:\/\/x.com\/ByronDonalds\/status\/2049555093364891852\" target=\"_self\" rel=\"\" title=\"https:\/\/x.com\/ByronDonalds\/status\/2049555093364891852\">red social X<\/a> que signific\u00f3 \u201cuna gran victoria para la Constituci\u00f3n\u201d. Luego, el congresista agreg\u00f3: \u201cAl invalidar el gerrymandering racial forzado, <b>la Corte est\u00e1 asegurando que los votantes sean vistos como individuos<\/b>, no solo como grupos demogr\u00e1ficos\u00bb.<\/p>\n<p><b>La C\u00e1mara de Representantes de Florida aprobaron este mi\u00e9rcoles un <\/b><a href=\"https:\/\/www.lanacion.com.ar\/estados-unidos\/florida\/como-es-el-plan-de-desantis-en-florida-para-ganar-cuatro-escanos-republicanos-en-la-camara-de-nid28042026\/\" target=\"_self\" rel=\"\" title=\"https:\/\/www.lanacion.com.ar\/estados-unidos\/florida\/como-es-el-plan-de-desantis-en-florida-para-ganar-cuatro-escanos-republicanos-en-la-camara-de-nid28042026\/\"><b>nuevo mapa de distritos<\/b><\/a> electorales, que es impulsado por el gobernador Ron DeSantis y todav\u00eda debe pasar por el Senado. Seg\u00fan <a href=\"https:\/\/cbs12.com\/news\/local\/florida-house-advances-map-eliminating-district-20-once-held-by-representative-sheila-cherfilus-mccormick-governor-ron-desantis-republican-controlled-democratic-leaning-backlash-gop-politics-government-tampa-bay-orlando-miami-dade-county-naacp\" target=\"_self\" rel=\"\" title=\"https:\/\/cbs12.com\/news\/local\/florida-house-advances-map-eliminating-district-20-once-held-by-representative-sheila-cherfilus-mccormick-governor-ron-desantis-republican-controlled-democratic-leaning-backlash-gop-politics-government-tampa-bay-orlando-miami-dade-county-naacp\"><i>CBS12 News<\/i><\/a>, uno de los cambios m\u00e1s relevantes consiste en <b>la eliminaci\u00f3n del Distrito 20<\/b>, que abarca partes de los <b>condados de Palm Beach y Broward<\/b>, un \u00e1rea con una representaci\u00f3n hist\u00f3rica de legisladores afroamericanos.<\/p>\n<p><img loading=\"lazy\" decoding=\"async\" src=\"https:\/\/resizer.glanacion.com\/resizer\/v2\/SHU2AB6UZ5FKPM6X6NTW24YZ64.jpg?auth=634ac741e960a9ee4183cb456299b3b22e4262b1c935cb59c68d0e8ccf9f7de5&amp;smart=true&amp;width=720&amp;height=405\" alt=\"El redise\u00f1o electoral de Florida permitir\u00eda una mejor distribuci\u00f3n para el Partido Republicano, como se observa en el mapa\" height=\"405\" width=\"720\" \/><\/p>\n<p>En ese marco, la Asociaci\u00f3n Nacional para el Progreso de las Personas de Color (NAACP, por sus siglas en ingl\u00e9s) denunci\u00f3 que <b>la medida debilita el poder de voto de las minor\u00edas<\/b> y viola protecciones legales vigentes. Se trata de un distrito que era representado por <b>Sheila Cherfilus-McCormick<\/b>, quien renunci\u00f3 a principios de 2026.<\/p>\n<p><b>Gabriela Lozano Sousa,<\/b><a href=\"https:\/\/www.lanacion.com.ar\/estados-unidos\/nueva-york\/el-sueno-americano-de-una-medica-venezolana-trabajo-como-mesera-y-hoy-ya-es-duena-de-dos-nid12042026\/\" target=\"_self\" rel=\"\" title=\"https:\/\/www.lanacion.com.ar\/estados-unidos\/nueva-york\/el-sueno-americano-de-una-medica-venezolana-trabajo-como-mesera-y-hoy-ya-es-duena-de-dos-nid12042026\/\"><b> migrante venezolana<\/b><\/a>, regres\u00f3 a su hogar en Hollywood, Florida, tras permanecer <b>seis meses en un centro de detenci\u00f3n migratoria <\/b>por haberse quedado m\u00e1s tiempo del permitido con su permiso humanitario. Seg\u00fan <a href=\"https:\/\/www.miamiherald.com\/news\/local\/immigration\/article315573227.html\" target=\"_self\" rel=\"\" title=\"https:\/\/www.miamiherald.com\/news\/local\/immigration\/article315573227.html\"><i>Miami Herald<\/i><\/a>, ahora un juez aprob\u00f3 una moci\u00f3n para archivar su caso, lo cual permiti\u00f3 su salida definitiva de la custodia del <b>Servicio de Inmigraci\u00f3n y Control de Aduanas (ICE<\/b>, por sus siglas en ingl\u00e9s).<\/p>\n<p>La mujer ingres\u00f3 a los Estados Unidos en 2023 y <b>contrajo matrimonio con un ciudadano estadounidense poco antes del vencimiento de su permiso humanitario.<\/b> Ahora su familia mantiene cautela ante posibles obst\u00e1culos legales futuros relacionados con su estatus migratorio.<\/p>\n<p><img loading=\"lazy\" decoding=\"async\" src=\"https:\/\/resizer.glanacion.com\/resizer\/v2\/OF5TBK5JFNHGZC2TUNWFT7O2QA.png?auth=590c4eb0adba64489359e7ab675296ef87058ffd51f4e800979cf61e52a24f86&amp;smart=true&amp;width=2000&amp;height=1333\" alt=\"La mujer estuvo seis meses bajo custodia del ICE\" height=\"1333\" width=\"2000\" \/><\/p>\n<p>Craig Ewers Jr., <b>residente de Los \u00c1ngeles<\/b>, enfrenta cargos por tr\u00e1fico tras un operativo que protagoniz\u00f3 en el <b>Aeropuerto Internacional de <\/b><a href=\"https:\/\/www.lanacion.com.ar\/estados-unidos\/florida\/para-venderse-en-miami-la-cbp-incauto-8500-perfumes-falsos-valuados-en-mas-de-us1-millon-nid22042026\/\" target=\"_self\" rel=\"\" title=\"https:\/\/www.lanacion.com.ar\/estados-unidos\/florida\/para-venderse-en-miami-la-cbp-incauto-8500-perfumes-falsos-valuados-en-mas-de-us1-millon-nid22042026\/\"><b>Miami<\/b><\/a>, donde fue interceptado con <b>18 kilos de cannabis en su equipaje<\/b>. Seg\u00fan <a href=\"https:\/\/www.nbcmiami.com\/news\/local\/los-angeles-man-arrived-at-mia-with-40-pounds-of-cannabis-in-luggage-cops-say\/3802768\/\" target=\"_self\" rel=\"\" title=\"https:\/\/www.nbcmiami.com\/news\/local\/los-angeles-man-arrived-at-mia-with-40-pounds-of-cannabis-in-luggage-cops-say\/3802768\/\"><i>NBC Miami<\/i><\/a>, un perro polic\u00eda <b>detect\u00f3 la sustancia dentro de dos maletas etiquetadas<\/b> a nombre del sospechoso de 34 a\u00f1os.<\/p>\n<p><img loading=\"lazy\" decoding=\"async\" src=\"https:\/\/resizer.glanacion.com\/resizer\/v2\/J52TP4XGMNFSTOELP2UWFYCOGQ.jpg?auth=b722d849df7cc6ffd2a1086ba7236e8730545a180eec9b548395d8caff5d5e5a&amp;smart=true&amp;width=720&amp;height=405\" alt=\"Los oficiales confiscaron de inmediato el contenido del equipaje\" height=\"405\" width=\"720\" \/><\/p>\n<p>El detenido admiti\u00f3 la presencia de la droga ante las autoridades, aunque aleg\u00f3 que un amigo le hab\u00eda preparado el equipaje en California. Los agentes hallaron cuatro bolsas selladas al vac\u00edo con el estupefaciente y <b>trasladaron al hombre a la c\u00e1rcel de Miami-Dade<\/b>.<\/p>\n<p>Hallaron sin vida a<b> Alejandro Jacomino Gonz\u00e1lez en Georgia<\/b>, tras su desaparici\u00f3n durante un viaje de transporte<b> rumbo a Miami<\/b>, seg\u00fan confirm\u00f3 su primo, aunque las autoridades a\u00fan no lo han respaldado oficialmente. De acuerdo con <a href=\"https:\/\/www.nbcmiami.com\/news\/local\/cuban-truck-driver-found-dead-family-says-after-vanishing-on-way-to-miami\/3802789\/\" target=\"_blank\" rel=\"noreferrer\" title=\"https:\/\/www.nbcmiami.com\/news\/local\/cuban-truck-driver-found-dead-family-says-after-vanishing-on-way-to-miami\/3802789\/\"><i>NBC Miami<\/i><\/a>, el<b> <\/b><a href=\"https:\/\/www.lanacion.com.ar\/estados-unidos\/florida\/que-se-sabe-del-conductor-de-camion-cubano-que-desaparecio-rumbo-a-miami-el-fbi-pide-ayuda-para-nid27042026\/\" target=\"_blank\" rel=\"noreferrer\" title=\"https:\/\/www.lanacion.com.ar\/estados-unidos\/florida\/que-se-sabe-del-conductor-de-camion-cubano-que-desaparecio-rumbo-a-miami-el-fbi-pide-ayuda-para-nid27042026\/\"><b>camionero cubano<\/b><\/a> dej\u00f3 de responder a los mensajes despu\u00e9s de una parada de descanso en el condado de Brevard.<\/p>\n<p><img loading=\"lazy\" decoding=\"async\" src=\"https:\/\/resizer.glanacion.com\/resizer\/v2\/UXP6Y735EZFHJNA3SEGUF4IOBE.jpeg?auth=5c4ae0b16c3264a918a7f388f374c6b2f03d5111d1bdbba1e73c2220d2fd6491&amp;smart=true&amp;width=717&amp;height=930\" alt=\"La divisi\u00f3n de Tampa de la Oficina Federal de Investigaci\u00f3n (FBI, por sus siglas en ingl\u00e9s) hab\u00eda lanzado una alerta para localizar a Alejandro Jacomino Gonz\u00e1lez\" height=\"930\" width=\"717\" \/><\/p>\n<p><b>El cami\u00f3n apareci\u00f3 sin el chofer ni la carga original en la localidad de Port Wentworth<\/b>. Los investigadores federales recuperaron tres de los veh\u00edculos robados en el estado de Florida, pero el caso contin\u00faa bajo investigaci\u00f3n.<\/p>\n<p><b>La temporada de reproducci\u00f3n de los <\/b><a href=\"https:\/\/www.lanacion.com.ar\/estados-unidos\/florida\/activan-el-programa-para-cazar-caimanes-en-florida-cuando-y-donde-es-legal-capturarlos-nid07052025\/\" target=\"_self\" rel=\"\" title=\"https:\/\/www.lanacion.com.ar\/estados-unidos\/florida\/activan-el-programa-para-cazar-caimanes-en-florida-cuando-y-donde-es-legal-capturarlos-nid07052025\/\"><b>caimanes<\/b><\/a><b> inici\u00f3 en Florida<\/b> y representa un riesgo para la seguridad de los residentes. Seg\u00fan <a href=\"https:\/\/www.clickorlando.com\/news\/local\/2026\/04\/29\/alligator-mating-season-kicks-off-in-florida-it-could-prove-deadly\/\" target=\"_self\" rel=\"\" title=\"https:\/\/www.clickorlando.com\/news\/local\/2026\/04\/29\/alligator-mating-season-kicks-off-in-florida-it-could-prove-deadly\/\"><i>Click Orlando<\/i><\/a>, el apareamiento sucede de forma habitual en los meses de mayo o junio.<\/p>\n<p><img loading=\"lazy\" decoding=\"async\" src=\"https:\/\/resizer.glanacion.com\/resizer\/v2\/NSATDXI2RBG57BNGUJTVRDVWK4.jpg?auth=d2f67960e437388fbbcb97310e787e939b315aa1c6d6e5d6f8412a0e8c5f0d91&amp;smart=true&amp;width=2000&amp;height=1330\" alt=\"Los caimanes son una especie habitual en arroyos, estanques, pantanos y lagos poco profundos de Florida\" height=\"1330\" width=\"2000\" \/><\/p>\n<p>Durante este per\u00edodo, <b>los reptiles muestran una mayor actividad y las hembras protegen sus nidos con agresividad<\/b>. Las autoridades locales recomiendan vigilar a los ni\u00f1os cerca del agua y mantener a las mascotas con correa lejos de las orillas para evitar ataques.<\/p>\n<p>En la sesi\u00f3n de este mi\u00e9rcoles 29 de abril, <b>la C\u00e1mara de Representantes dio el visto bueno<\/b> a la propuesta de <a href=\"https:\/\/www.lanacion.com.ar\/estados-unidos\/florida\/como-es-el-plan-de-desantis-en-florida-para-ganar-cuatro-escanos-republicanos-en-la-camara-de-nid28042026\/\" target=\"_self\" rel=\"\" title=\"https:\/\/www.lanacion.com.ar\/estados-unidos\/florida\/como-es-el-plan-de-desantis-en-florida-para-ganar-cuatro-escanos-republicanos-en-la-camara-de-nid28042026\/\"><b>redistribuci\u00f3n de distritos electorales<\/b><\/a> presentada por el <b>gobernador de Florida, Ron DeSantis<\/b>. Seg\u00fan <a href=\"https:\/\/x.com\/FLVoiceNews\/status\/2049508175368315113\" target=\"_self\" rel=\"\" title=\"https:\/\/x.com\/FLVoiceNews\/status\/2049508175368315113\"><i>Florida\u2019s Voice<\/i><\/a>, el resultado fue de 83 votos a favor y 28 en contra.<\/p>\n<p><b>\u201cEl tiempo para el debate ha expirado\u201d<\/b>, dijo el presidente de la C\u00e1mara, <b>Daniel<\/b> <b>P\u00e9rez<\/b>, al finalizar la sesi\u00f3n. Para convertirse en ley, <b>la propuesta debe pasar por el Senado y contar con la firma DeSantis<\/b>.<\/p>\n<p>El sur de Florida experimentar\u00e1 un ascenso t\u00e9rmico constante que<b> superar\u00e1 los 90\u00b0F (32,2\u00b0C)<\/b> a partir de este jueves y viernes. Seg\u00fan <a href=\"https:\/\/www.miamiherald.com\/news\/weather-news\/article315569572.html\" target=\"_self\" rel=\"\" title=\"https:\/\/www.miamiherald.com\/news\/weather-news\/article315569572.html\"><i>Miami Herald<\/i><\/a>,<b> <\/b>las previsiones meteorol\u00f3gicas indican que <b>el calor se intensificar\u00e1 durante el fin de semana<\/b> con m\u00e1ximas de hasta <b>91\u00b0F (32,7\u00b0C)<\/b> el s\u00e1bado y el domingo.<\/p>\n<p><img loading=\"lazy\" decoding=\"async\" src=\"https:\/\/resizer.glanacion.com\/resizer\/v2\/IFKY6LYX2ZGRVGWRS7YS5R27S4.jpg?auth=798327ba2f3a9d374a71e96bba468f4119997c5f4f36618bda1f506f8e21f740&amp;smart=true&amp;width=2000&amp;height=1333\" alt=\"Se avecinan jornadas calurosas en el sur de Florida\" height=\"1333\" width=\"2000\" \/><\/p>\n<p>El <b>ambiente seco <\/b>predominar\u00e1 en la regi\u00f3n hasta el <b>domingo<\/b>. Para ese d\u00eda, se espera un aumento en la <b>probabilidad de lluvias<\/b> <b>nocturnas<\/b>. Estas precipitaciones traer\u00e1n consigo un <b>leve descenso de las temperaturas<\/b> para el inicio de la pr\u00f3xima semana.<\/p>\n<p><b>Ryan Elijah<\/b>, presentador de la cadena <i>WOFL FOX 35<\/i> y <b>ganador del premio Emmy<\/b>, <a href=\"https:\/\/x.com\/ryanelijah\/status\/2049118747063894199\" target=\"_self\" rel=\"\" title=\"https:\/\/x.com\/ryanelijah\/status\/2049118747063894199\">anunci\u00f3<\/a> su <b>postulaci\u00f3n para el s\u00e9ptimo distrito congresional de <\/b><a href=\"https:\/\/www.lanacion.com.ar\/estados-unidos\/florida\/noticias-del-sur-de-florida-y-miami-hoy-en-vivo-ultimas-actualizaciones-del-miercoles-29-de-abril-nid29042026\/#liveblog_6E7FDRYQYVGKDEIZMWEXDRH6I4\" target=\"_self\" rel=\"\" title=\"https:\/\/www.lanacion.com.ar\/estados-unidos\/florida\/noticias-del-sur-de-florida-y-miami-hoy-en-vivo-ultimas-actualizaciones-del-miercoles-29-de-abril-nid29042026\/#liveblog_6E7FDRYQYVGKDEIZMWEXDRH6I4\"><b>Florida<\/b><\/a>. El comunicador busca el esca\u00f1o que pertenece actualmente a <b>Cory Mills<\/b> dentro de una zona que abarca los condados de Seminole y Volusia.<\/p>\n<p><img loading=\"lazy\" decoding=\"async\" src=\"https:\/\/resizer.glanacion.com\/resizer\/v2\/KFTIQDUGXZAVXFOAE3D5VUPKHI.PNG?auth=baa6576074e96a5e94e29c09b19523677ea61d8a698978637c011a71d181d194&amp;smart=true&amp;width=604&amp;height=516\" alt=\"El anuncio de Elijah en redes sociales\" height=\"516\" width=\"604\" \/><\/p>\n<p>Seg\u00fan <a href=\"https:\/\/flvoicenews.com\/emmy-winning-tv-news-anchor-ryan-elijah-launches-bid-for-floridas-7th-congressional-district\/\" target=\"_self\" rel=\"\" title=\"https:\/\/flvoicenews.com\/emmy-winning-tv-news-anchor-ryan-elijah-launches-bid-for-floridas-7th-congressional-district\/\"><i>Florida\u2019s Voice<\/i><\/a>,<b> su plataforma pol\u00edtica prioriza el apoyo a las familias trabajadoras<\/b>, las peque\u00f1as empresas y la seguridad comunitaria tras catorce a\u00f1os de residencia en el \u00e1rea. <b>Elijah espera formalizar su candidatura pronto bajo el respaldo de diversos l\u00edderes locales<\/b> y regionales del centro del Estado del Sol.<\/p>\n<p>El gobernador <a href=\"https:\/\/www.lanacion.com.ar\/estados-unidos\/florida\/ron-desantis-lanzo-un-beneficio-en-florida-para-familias-con-hijos-de-4-anos-como-obtenerlo-hoy-nid24042026\/\" target=\"_self\" rel=\"\" title=\"https:\/\/www.lanacion.com.ar\/estados-unidos\/florida\/ron-desantis-lanzo-un-beneficio-en-florida-para-familias-con-hijos-de-4-anos-como-obtenerlo-hoy-nid24042026\/\"><b>Ron DeSantis<\/b><\/a><b> firm\u00f3 la ley <\/b><a href=\"https:\/\/www.flsenate.gov\/Session\/Bill\/2026\/52\" target=\"_self\" rel=\"\" title=\"https:\/\/www.flsenate.gov\/Session\/Bill\/2026\/52\"><b>SB-52<\/b><\/a>, que permite que los <b>lugares de culto en Florida<\/b> cuenten con \u00ab<b>voluntarios armados\u00bb para tareas de seguridad<\/b>. Seg\u00fan <a href=\"https:\/\/www.univision.com\/local\/miami-wltv\/desantis-firma-ley-sb-52-autoriza-lugares-culto-florida-tener-voluntarios-armados\" target=\"_blank\" rel=\"\" title=\"https:\/\/www.univision.com\/local\/miami-wltv\/desantis-firma-ley-sb-52-autoriza-lugares-culto-florida-tener-voluntarios-armados\"><i>Univision<\/i><\/a>, la medida exime a dichos participantes de las licencias profesionales de Clase G que el estado exige normalmente a los guardias contratados.<\/p>\n<p><img loading=\"lazy\" decoding=\"async\" src=\"https:\/\/resizer.glanacion.com\/resizer\/v2\/Z6IN4KQCHJF3TI5O3FWI62CZBE.png?auth=8809f7e7668d2f6c5d57981846990b7868580d12d53ae8c279e7ef2e5b6fc174&amp;smart=true&amp;width=2000&amp;height=1333\" alt=\"El proyecto de ley CS\/SB 52 busca eximir a los voluntarios armados en instituciones religiosas de los requisitos de licenciamiento profesional\" height=\"1333\" width=\"2000\" \/><\/p>\n<p>La nueva normativa <b>entrar\u00e1 en vigor el pr\u00f3ximo 1\u00b0 de julio<\/b> y <b>abarca a iglesias, sinagogas y mezquitas<\/b>. El cambio legal busca facilitar la protecci\u00f3n interna en estos espacios sin los requisitos administrativos de los servicios de seguridad privada tradicionales.<\/p>\n<p>La <b>Junta Escolar del Condado de <\/b><a href=\"https:\/\/www.lanacion.com.ar\/estados-unidos\/florida\/elecciones-2026-en-florida-vence-el-plazo-en-broward-y-palm-beach-para-los-ciudadanos-que-quieran-nid09022026\/\" target=\"_self\" rel=\"\" title=\"https:\/\/www.lanacion.com.ar\/estados-unidos\/florida\/elecciones-2026-en-florida-vence-el-plazo-en-broward-y-palm-beach-para-los-ciudadanos-que-quieran-nid09022026\/\"><b>Broward<\/b><\/a> analiza una propuesta para <b>eliminar 809 puestos de trabajo<\/b> debido a la p\u00e9rdida constante de alumnos en el distrito. Esta medida busca un <b>ahorro de US$41,3 millones tras la salida de 25.000 estudiantes<\/b> en los \u00faltimos tres a\u00f1os.<\/p>\n<p><img loading=\"lazy\" decoding=\"async\" src=\"https:\/\/resizer.glanacion.com\/resizer\/v2\/4GIFCNDU5RB7PPY5UWKFWVDYF4.jpg?auth=c33e59c9bfc33db5e3c9445164ea59e8e2fb70c53d550c07f40e2fb385120f6a&amp;smart=true&amp;width=2000&amp;height=1333\" alt=\"La Junta Escolar del Condado de Broward aprob\u00f3 el cierre de seis escuelas p\u00fablicas ante la disminuci\u00f3n sostenida de estudiantes y miles de asientos vac\u00edos\" height=\"1333\" width=\"2000\" \/><\/p>\n<p>Seg\u00fan <a href=\"https:\/\/www.local10.com\/news\/local\/2026\/04\/28\/broward-school-board-members-weigh-decision-to-cut-hundreds-of-district-jobs\/\" target=\"_self\" rel=\"\" title=\"https:\/\/www.local10.com\/news\/local\/2026\/04\/28\/broward-school-board-members-weigh-decision-to-cut-hundreds-of-district-jobs\/\"><i>Local 10<\/i><\/a>, <b>el recorte afectar\u00eda a consejeros, trabajadores sociales y personal de apoyo<\/b>.<b> <\/b>La votaci\u00f3n definitiva sobre este plan de ajuste ocurrir\u00e1 el <b>pr\u00f3ximo 19 de mayo,<\/b> tras una revisi\u00f3n previa de los detalles.<\/p>\n<p>Los residentes de <a href=\"https:\/\/www.lanacion.com.ar\/estados-unidos\/florida\/triunfo-para-jeff-bezos-fallan-a-favor-de-la-isla-de-los-millonarios-en-florida-y-acusan-a-surfside-nid17062025\/\" target=\"_self\" rel=\"\" title=\"https:\/\/www.lanacion.com.ar\/estados-unidos\/florida\/triunfo-para-jeff-bezos-fallan-a-favor-de-la-isla-de-los-millonarios-en-florida-y-acusan-a-surfside-nid17062025\/\"><b>Surfside<\/b><\/a><b> eligieron al republicano Shlomo Danzinger como nuevo alcalde <\/b>tras una contienda electoral ajustada frente a la vicealcaldesa <b>Tina Paul<\/b>. seg\u00fan <a href=\"https:\/\/www.local10.com\/news\/local\/2026\/04\/28\/surfside-elects-shlomo-danzinger-as-mayor-for-second-time\/\" target=\"_blank\" rel=\"noreferrer\" title=\"https:\/\/www.local10.com\/news\/local\/2026\/04\/28\/surfside-elects-shlomo-danzinger-as-mayor-for-second-time\/\"><i>Local 10<\/i><\/a>, el candidato obtuvo la victoria el martes con el <b>50,54%<\/b>, lo que represent\u00f3 una <b>diferencia de 22 votos sobre su oponente<\/b>.<\/p>\n<p><img loading=\"lazy\" decoding=\"async\" src=\"https:\/\/resizer.glanacion.com\/resizer\/v2\/HHJWXUK7FRCS3H4UTEMZMIRF4U.jpg?auth=b0821cc64f6e9d5fb305b079f4f5d82dd9571ddb70189ab4e48f8d44b3d61f53&amp;smart=true&amp;width=2000&amp;height=1333\" alt=\"Danzinger fue elegido por segunda vez como alcalde de Surfside\" height=\"1333\" width=\"2000\" \/><\/p>\n<p><b>Danzinger recuperar\u00e1 el cargo <\/b>que ocup\u00f3 anteriormente y <b>desplazar\u00e1 al actual mandatario, Charles Burkett<\/b>. El proceso concluy\u00f3 tras una extensi\u00f3n del plazo para el voto por correo debido a la celebraci\u00f3n de la Pascua jud\u00eda.<\/p>\n<p>El gobernador de Florida, <a href=\"https:\/\/www.lanacion.com.ar\/estados-unidos\/florida\/miami-dade-le-exige-al-congreso-proteger-el-tps-de-venezolanos-cubanos-y-nicaraguenses-nid31032026\/\" target=\"_self\" rel=\"\" title=\"https:\/\/www.lanacion.com.ar\/estados-unidos\/florida\/miami-dade-le-exige-al-congreso-proteger-el-tps-de-venezolanos-cubanos-y-nicaraguenses-nid31032026\/\"><b>Ron DeSantis<\/b><\/a>, pidi\u00f3 que <b>se promulgue una ley que establezca l\u00edmites de mandato en el Congreso<\/b>. El mensaje del mandatario ocurri\u00f3 luego de que la C\u00e1mara de Representantes decidiera no tratar <b>dos proyectos legislativos<\/b> que abordaban<b> regulaciones de IA y libertad sanitaria<\/b> tras la apertura de la sesi\u00f3n extraordinaria.<\/p>\n<p><img loading=\"lazy\" decoding=\"async\" src=\"https:\/\/resizer.glanacion.com\/resizer\/v2\/D6BVXZVJARDTBMT2F64GARAP64.PNG?auth=f6a7b21248652c00d4a89d662ead8ce99dc80fa161f26eee08ede6ff153d9946&amp;smart=true&amp;width=595&amp;height=176\" alt=\"El mensaje de Ron DeSantis en redes sociales\" height=\"176\" width=\"595\" \/><\/p>\n<p>Adem\u00e1s, <b>DeSantis consider\u00f3 que tambi\u00e9n se necesita otra normativa para equilibrar el persupuesto<\/b>. \u201c\u00a1L\u00edmites de mandato y requisito de presupuesto equilibrado!\u201c, escribi\u00f3 en <a href=\"https:\/\/x.com\/RonDeSantis\/status\/2049216141893963972\" target=\"_self\" rel=\"\" title=\"https:\/\/x.com\/RonDeSantis\/status\/2049216141893963972\">X<\/a>.<\/p>\n<p>La <b>Corte Suprema de Estados Unidos<\/b> analiza hoy la potestad de la administraci\u00f3n <b>Donald Trump<\/b> para cancelar el <b>Estatus de Protecci\u00f3n Temporal <\/b>(<a href=\"https:\/\/www.lanacion.com.ar\/estados-unidos\/florida\/miami-dade-le-exige-al-congreso-proteger-el-tps-de-venezolanos-cubanos-y-nicaraguenses-nid31032026\/\" target=\"_self\" rel=\"\" title=\"https:\/\/www.lanacion.com.ar\/estados-unidos\/florida\/miami-dade-le-exige-al-congreso-proteger-el-tps-de-venezolanos-cubanos-y-nicaraguenses-nid31032026\/\"><b>TPS<\/b><\/a>, por sus siglas en ingl\u00e9s)<b> <\/b>de <b>Hait\u00ed <\/b>y <b>Siria<\/b>.<b> <\/b>Un <a href=\"https:\/\/www.pewresearch.org\/race-and-ethnicity\/fact-sheet\/latinos-in-the-us-fact-sheet\/#top-10-u-s-metropolitan-areas\" target=\"_self\" rel=\"\" title=\"https:\/\/www.pewresearch.org\/race-and-ethnicity\/fact-sheet\/latinos-in-the-us-fact-sheet\/#top-10-u-s-metropolitan-areas\">informe<\/a> de Pew Research Center indic\u00f3 que en <b>Miami-Fort Lauderdale-West Palm Beach <\/b>viven aproximadamente<b> 1,1 millones de cubanos<\/b>. Seg\u00fan <a href=\"https:\/\/www.miamiherald.com\/news\/local\/immigration\/article315564667.html\" target=\"_self\" rel=\"\" title=\"https:\/\/www.miamiherald.com\/news\/local\/immigration\/article315564667.html\"><i>Miami Herald<\/i><\/a>, esta resoluci\u00f3n afectar\u00e1 de forma directa a m\u00e1s de 350 mil personas de ambas naciones.<\/p>\n<p><img loading=\"lazy\" decoding=\"async\" src=\"https:\/\/resizer.glanacion.com\/resizer\/v2\/C5NNYQVJMVECJJEJDY32CBRUBU.jpg?auth=664be10d127c5ea17ce5d7365cb459cb96d978e71e6e1b7511538a4e12eae84a&amp;smart=true&amp;width=5490&amp;height=3660\" alt=\"Miles de cubanos en Florida se ver\u00e1n afectados por la resoluci\u00f3n\" height=\"3660\" width=\"5490\" \/><\/p>\n<p>La Casa Blanca sostiene que<b> el Poder Ejecutivo posee autoridad absoluta<\/b> en esta materia sin posibilidad de revisi\u00f3n por parte de tribunales federales. Por el contrario, los demandantes, que piden la extensi\u00f3n del beneficio, denuncian que <b>la medida carece de fundamentos t\u00e9cnicos reales<\/b> y responde a prejuicios raciales contra ciudadanos de pa\u00edses con crisis graves.<\/p>\n<p>Para este <b>mi\u00e9rcoles 29 de abril en el sur de Florida<\/b>, el <b>Servicio Meteorol\u00f3gico Nacional (<\/b><a href=\"https:\/\/forecast.weather.gov\/MapClick.php?textField1=25.77&amp;textField2=-80.20\" target=\"_self\" rel=\"\" title=\"https:\/\/forecast.weather.gov\/MapClick.php?textField1=25.77&amp;textField2=-80.20\"><b>NWS<\/b><\/a>, por sus siglas en ingl\u00e9s) pronostica un d\u00eda soleado con una<b> temperatura m\u00e1xima de 86\u00b0F (30\u00b0C)<\/b> y una <b>m\u00ednima de<\/b> <b>70\u00b0F (21\u00b0C)<\/b>.<\/p>\n<p><img loading=\"lazy\" decoding=\"async\" src=\"https:\/\/resizer.glanacion.com\/resizer\/v2\/67KZVL3LH5ATHEVEQ6KX5EEDTA.jpg?auth=711bb8e8efc4cb5214e1a5df1e5974072968f996ca5219c5108662bdd2d6126c&amp;smart=true&amp;width=2000&amp;height=1333\" alt=\"Se espera una jornada soleada en Miami para este mi\u00e9rcoles 29 de abril\" height=\"1333\" width=\"2000\" \/><\/p>\n<p>La<b> humedad se mantendr\u00e1 cercana al 62%<\/b> y el viento soplar\u00e1 desde el este a <b>10 millas (16 kil\u00f3metros) por hora<\/b>. Para la noche, se espera un <b>cielo despejado<\/b> sin probabilidad de lluvia. <\/p>\n<p>\u200bSigue nuestra cobertura al instante de las noticias de Miami y el Sur de Florida hoy en vivo: nuevas leyes, clima, Byron Donalds y anuncios de Ron DeSantis. Todas las actualizaciones minuto a minuto de EE.UU. este 29 de abril\u00a0\u00a0<\/p>","protected":false},"excerpt":{"rendered":"<p>La Legislatura de Florida dio luz verde a un nuevo mapa de distritos del Congreso&#8230;<\/p>\n","protected":false},"author":1,"featured_media":16825,"comment_status":"closed","ping_status":"closed","sticky":false,"template":"","format":"standard","meta":{"_jetpack_memberships_contains_paid_content":false,"footnotes":"","jetpack_publicize_message":"","jetpack_publicize_feature_enabled":true,"jetpack_social_post_already_shared":true,"jetpack_social_options":{"image_generator_settings":{"template":"highway","default_image_id":0,"font":"","enabled":false},"version":2}},"categories":[89],"tags":[],"class_list":["post-16824","post","type-post","status-publish","format-standard","has-post-thumbnail","hentry","category-nacionales"],"yoast_head":"<!-- This site is optimized with the Yoast SEO plugin v27.4 - https:\/\/yoast.com\/product\/yoast-seo-wordpress\/ -->\n<title>Noticias de Florida: es oficial el nuevo mapa electoral impulsado por DeSantis y celebra Trump -<\/title>\n<meta name=\"robots\" content=\"index, follow, max-snippet:-1, max-image-preview:large, max-video-preview:-1\" \/>\n<link rel=\"canonical\" href=\"https:\/\/impactocastex.com.ar\/?p=16824\" \/>\n<meta property=\"og:locale\" content=\"es_ES\" \/>\n<meta property=\"og:type\" content=\"article\" \/>\n<meta property=\"og:title\" content=\"Noticias de Florida: es oficial el nuevo mapa electoral impulsado por DeSantis y celebra Trump -\" \/>\n<meta property=\"og:description\" content=\"La Legislatura de Florida dio luz verde a un nuevo mapa de distritos del Congreso...\" \/>\n<meta property=\"og:url\" content=\"https:\/\/impactocastex.com.ar\/?p=16824\" \/>\n<meta property=\"article:publisher\" content=\"https:\/\/www.facebook.com\/impactocastexdiario\" \/>\n<meta property=\"article:published_time\" content=\"2026-04-30T06:13:00+00:00\" \/>\n<meta property=\"og:image\" content=\"https:\/\/resizer.glanacion.com\/resizer\/v2\/X6JTIJFAX5EYDM73PDLBYI4YHY.jpg?auth=497c72d544967818a19c3c3293c716b8570c7f49105587628527a3c8320dc717&amp;smart=true&amp;width=1440&amp;height=960\" \/>\n<meta name=\"author\" content=\"impactocastex\" \/>\n<meta name=\"twitter:card\" content=\"summary_large_image\" \/>\n<meta name=\"twitter:label1\" content=\"Escrito por\" \/>\n\t<meta name=\"twitter:data1\" content=\"impactocastex\" \/>\n\t<meta name=\"twitter:label2\" content=\"Tiempo de lectura\" \/>\n\t<meta name=\"twitter:data2\" content=\"10 minutos\" \/>\n<script type=\"application\/ld+json\" class=\"yoast-schema-graph\">{\"@context\":\"https:\\\/\\\/schema.org\",\"@graph\":[{\"@type\":\"Article\",\"@id\":\"https:\\\/\\\/impactocastex.com.ar\\\/?p=16824#article\",\"isPartOf\":{\"@id\":\"https:\\\/\\\/impactocastex.com.ar\\\/?p=16824\"},\"author\":{\"name\":\"impactocastex\",\"@id\":\"https:\\\/\\\/impactocastex.com.ar\\\/#\\\/schema\\\/person\\\/86cb4f827fb5f87869a239b98a69c6e3\"},\"headline\":\"Noticias de Florida: es oficial el nuevo mapa electoral impulsado por DeSantis y celebra Trump\",\"datePublished\":\"2026-04-30T06:13:00+00:00\",\"mainEntityOfPage\":{\"@id\":\"https:\\\/\\\/impactocastex.com.ar\\\/?p=16824\"},\"wordCount\":2015,\"publisher\":{\"@id\":\"https:\\\/\\\/impactocastex.com.ar\\\/#organization\"},\"image\":{\"@id\":\"https:\\\/\\\/impactocastex.com.ar\\\/?p=16824#primaryimage\"},\"thumbnailUrl\":\"https:\\\/\\\/impactocastex.com.ar\\\/wp-content\\\/uploads\\\/2026\\\/04\\\/YCCAWDRUVJE5BHGY5Z6XZWBBBQ-5dXHlZ.jpg\",\"articleSection\":[\"NACIONALES\"],\"inLanguage\":\"es\"},{\"@type\":\"WebPage\",\"@id\":\"https:\\\/\\\/impactocastex.com.ar\\\/?p=16824\",\"url\":\"https:\\\/\\\/impactocastex.com.ar\\\/?p=16824\",\"name\":\"Noticias de Florida: es oficial el nuevo mapa electoral impulsado por DeSantis y celebra Trump -\",\"isPartOf\":{\"@id\":\"https:\\\/\\\/impactocastex.com.ar\\\/#website\"},\"primaryImageOfPage\":{\"@id\":\"https:\\\/\\\/impactocastex.com.ar\\\/?p=16824#primaryimage\"},\"image\":{\"@id\":\"https:\\\/\\\/impactocastex.com.ar\\\/?p=16824#primaryimage\"},\"thumbnailUrl\":\"https:\\\/\\\/impactocastex.com.ar\\\/wp-content\\\/uploads\\\/2026\\\/04\\\/YCCAWDRUVJE5BHGY5Z6XZWBBBQ-5dXHlZ.jpg\",\"datePublished\":\"2026-04-30T06:13:00+00:00\",\"breadcrumb\":{\"@id\":\"https:\\\/\\\/impactocastex.com.ar\\\/?p=16824#breadcrumb\"},\"inLanguage\":\"es\",\"potentialAction\":[{\"@type\":\"ReadAction\",\"target\":[\"https:\\\/\\\/impactocastex.com.ar\\\/?p=16824\"]}]},{\"@type\":\"ImageObject\",\"inLanguage\":\"es\",\"@id\":\"https:\\\/\\\/impactocastex.com.ar\\\/?p=16824#primaryimage\",\"url\":\"https:\\\/\\\/impactocastex.com.ar\\\/wp-content\\\/uploads\\\/2026\\\/04\\\/YCCAWDRUVJE5BHGY5Z6XZWBBBQ-5dXHlZ.jpg\",\"contentUrl\":\"https:\\\/\\\/impactocastex.com.ar\\\/wp-content\\\/uploads\\\/2026\\\/04\\\/YCCAWDRUVJE5BHGY5Z6XZWBBBQ-5dXHlZ.jpg\",\"width\":2000,\"height\":1333},{\"@type\":\"BreadcrumbList\",\"@id\":\"https:\\\/\\\/impactocastex.com.ar\\\/?p=16824#breadcrumb\",\"itemListElement\":[{\"@type\":\"ListItem\",\"position\":1,\"name\":\"Portada\",\"item\":\"https:\\\/\\\/impactocastex.com.ar\\\/\"},{\"@type\":\"ListItem\",\"position\":2,\"name\":\"Noticias de Florida: es oficial el nuevo mapa electoral impulsado por DeSantis y celebra Trump\"}]},{\"@type\":\"WebSite\",\"@id\":\"https:\\\/\\\/impactocastex.com.ar\\\/#website\",\"url\":\"https:\\\/\\\/impactocastex.com.ar\\\/\",\"name\":\"Impacto Castex\",\"description\":\"\",\"publisher\":{\"@id\":\"https:\\\/\\\/impactocastex.com.ar\\\/#organization\"},\"potentialAction\":[{\"@type\":\"SearchAction\",\"target\":{\"@type\":\"EntryPoint\",\"urlTemplate\":\"https:\\\/\\\/impactocastex.com.ar\\\/?s={search_term_string}\"},\"query-input\":{\"@type\":\"PropertyValueSpecification\",\"valueRequired\":true,\"valueName\":\"search_term_string\"}}],\"inLanguage\":\"es\"},{\"@type\":\"Organization\",\"@id\":\"https:\\\/\\\/impactocastex.com.ar\\\/#organization\",\"name\":\"Impacto Castex\",\"url\":\"https:\\\/\\\/impactocastex.com.ar\\\/\",\"logo\":{\"@type\":\"ImageObject\",\"inLanguage\":\"es\",\"@id\":\"https:\\\/\\\/impactocastex.com.ar\\\/#\\\/schema\\\/logo\\\/image\\\/\",\"url\":\"https:\\\/\\\/impactocastex.com.ar\\\/wp-content\\\/uploads\\\/2025\\\/09\\\/cropped-icoweb.png\",\"contentUrl\":\"https:\\\/\\\/impactocastex.com.ar\\\/wp-content\\\/uploads\\\/2025\\\/09\\\/cropped-icoweb.png\",\"width\":512,\"height\":512,\"caption\":\"Impacto Castex\"},\"image\":{\"@id\":\"https:\\\/\\\/impactocastex.com.ar\\\/#\\\/schema\\\/logo\\\/image\\\/\"},\"sameAs\":[\"https:\\\/\\\/www.facebook.com\\\/impactocastexdiario\",\"https:\\\/\\\/www.instagram.com\\\/impactocastex.com.ar\\\/\"]},{\"@type\":\"Person\",\"@id\":\"https:\\\/\\\/impactocastex.com.ar\\\/#\\\/schema\\\/person\\\/86cb4f827fb5f87869a239b98a69c6e3\",\"name\":\"impactocastex\",\"image\":{\"@type\":\"ImageObject\",\"inLanguage\":\"es\",\"@id\":\"https:\\\/\\\/secure.gravatar.com\\\/avatar\\\/9a87ee051ca8c77f5d4070843ce2c78cdf95b858b950fb039151de955122f5f5?s=96&d=mm&r=g\",\"url\":\"https:\\\/\\\/secure.gravatar.com\\\/avatar\\\/9a87ee051ca8c77f5d4070843ce2c78cdf95b858b950fb039151de955122f5f5?s=96&d=mm&r=g\",\"contentUrl\":\"https:\\\/\\\/secure.gravatar.com\\\/avatar\\\/9a87ee051ca8c77f5d4070843ce2c78cdf95b858b950fb039151de955122f5f5?s=96&d=mm&r=g\",\"caption\":\"impactocastex\"},\"sameAs\":[\"https:\\\/\\\/impactocastex.com.ar\"],\"url\":\"https:\\\/\\\/impactocastex.com.ar\\\/?author=1\"}]}<\/script>\n<!-- \/ Yoast SEO plugin. -->","yoast_head_json":{"title":"Noticias de Florida: es oficial el nuevo mapa electoral impulsado por DeSantis y celebra Trump -","robots":{"index":"index","follow":"follow","max-snippet":"max-snippet:-1","max-image-preview":"max-image-preview:large","max-video-preview":"max-video-preview:-1"},"canonical":"https:\/\/impactocastex.com.ar\/?p=16824","og_locale":"es_ES","og_type":"article","og_title":"Noticias de Florida: es oficial el nuevo mapa electoral impulsado por DeSantis y celebra Trump -","og_description":"La Legislatura de Florida dio luz verde a un nuevo mapa de distritos del Congreso...","og_url":"https:\/\/impactocastex.com.ar\/?p=16824","article_publisher":"https:\/\/www.facebook.com\/impactocastexdiario","article_published_time":"2026-04-30T06:13:00+00:00","og_image":[{"url":"https:\/\/resizer.glanacion.com\/resizer\/v2\/X6JTIJFAX5EYDM73PDLBYI4YHY.jpg?auth=497c72d544967818a19c3c3293c716b8570c7f49105587628527a3c8320dc717&amp;smart=true&amp;width=1440&amp;height=960","type":"","width":"","height":""}],"author":"impactocastex","twitter_card":"summary_large_image","twitter_misc":{"Escrito por":"impactocastex","Tiempo de lectura":"10 minutos"},"schema":{"@context":"https:\/\/schema.org","@graph":[{"@type":"Article","@id":"https:\/\/impactocastex.com.ar\/?p=16824#article","isPartOf":{"@id":"https:\/\/impactocastex.com.ar\/?p=16824"},"author":{"name":"impactocastex","@id":"https:\/\/impactocastex.com.ar\/#\/schema\/person\/86cb4f827fb5f87869a239b98a69c6e3"},"headline":"Noticias de Florida: es oficial el nuevo mapa electoral impulsado por DeSantis y celebra Trump","datePublished":"2026-04-30T06:13:00+00:00","mainEntityOfPage":{"@id":"https:\/\/impactocastex.com.ar\/?p=16824"},"wordCount":2015,"publisher":{"@id":"https:\/\/impactocastex.com.ar\/#organization"},"image":{"@id":"https:\/\/impactocastex.com.ar\/?p=16824#primaryimage"},"thumbnailUrl":"https:\/\/impactocastex.com.ar\/wp-content\/uploads\/2026\/04\/YCCAWDRUVJE5BHGY5Z6XZWBBBQ-5dXHlZ.jpg","articleSection":["NACIONALES"],"inLanguage":"es"},{"@type":"WebPage","@id":"https:\/\/impactocastex.com.ar\/?p=16824","url":"https:\/\/impactocastex.com.ar\/?p=16824","name":"Noticias de Florida: es oficial el nuevo mapa electoral impulsado por DeSantis y celebra Trump -","isPartOf":{"@id":"https:\/\/impactocastex.com.ar\/#website"},"primaryImageOfPage":{"@id":"https:\/\/impactocastex.com.ar\/?p=16824#primaryimage"},"image":{"@id":"https:\/\/impactocastex.com.ar\/?p=16824#primaryimage"},"thumbnailUrl":"https:\/\/impactocastex.com.ar\/wp-content\/uploads\/2026\/04\/YCCAWDRUVJE5BHGY5Z6XZWBBBQ-5dXHlZ.jpg","datePublished":"2026-04-30T06:13:00+00:00","breadcrumb":{"@id":"https:\/\/impactocastex.com.ar\/?p=16824#breadcrumb"},"inLanguage":"es","potentialAction":[{"@type":"ReadAction","target":["https:\/\/impactocastex.com.ar\/?p=16824"]}]},{"@type":"ImageObject","inLanguage":"es","@id":"https:\/\/impactocastex.com.ar\/?p=16824#primaryimage","url":"https:\/\/impactocastex.com.ar\/wp-content\/uploads\/2026\/04\/YCCAWDRUVJE5BHGY5Z6XZWBBBQ-5dXHlZ.jpg","contentUrl":"https:\/\/impactocastex.com.ar\/wp-content\/uploads\/2026\/04\/YCCAWDRUVJE5BHGY5Z6XZWBBBQ-5dXHlZ.jpg","width":2000,"height":1333},{"@type":"BreadcrumbList","@id":"https:\/\/impactocastex.com.ar\/?p=16824#breadcrumb","itemListElement":[{"@type":"ListItem","position":1,"name":"Portada","item":"https:\/\/impactocastex.com.ar\/"},{"@type":"ListItem","position":2,"name":"Noticias de Florida: es oficial el nuevo mapa electoral impulsado por DeSantis y celebra Trump"}]},{"@type":"WebSite","@id":"https:\/\/impactocastex.com.ar\/#website","url":"https:\/\/impactocastex.com.ar\/","name":"Impacto Castex","description":"","publisher":{"@id":"https:\/\/impactocastex.com.ar\/#organization"},"potentialAction":[{"@type":"SearchAction","target":{"@type":"EntryPoint","urlTemplate":"https:\/\/impactocastex.com.ar\/?s={search_term_string}"},"query-input":{"@type":"PropertyValueSpecification","valueRequired":true,"valueName":"search_term_string"}}],"inLanguage":"es"},{"@type":"Organization","@id":"https:\/\/impactocastex.com.ar\/#organization","name":"Impacto Castex","url":"https:\/\/impactocastex.com.ar\/","logo":{"@type":"ImageObject","inLanguage":"es","@id":"https:\/\/impactocastex.com.ar\/#\/schema\/logo\/image\/","url":"https:\/\/impactocastex.com.ar\/wp-content\/uploads\/2025\/09\/cropped-icoweb.png","contentUrl":"https:\/\/impactocastex.com.ar\/wp-content\/uploads\/2025\/09\/cropped-icoweb.png","width":512,"height":512,"caption":"Impacto Castex"},"image":{"@id":"https:\/\/impactocastex.com.ar\/#\/schema\/logo\/image\/"},"sameAs":["https:\/\/www.facebook.com\/impactocastexdiario","https:\/\/www.instagram.com\/impactocastex.com.ar\/"]},{"@type":"Person","@id":"https:\/\/impactocastex.com.ar\/#\/schema\/person\/86cb4f827fb5f87869a239b98a69c6e3","name":"impactocastex","image":{"@type":"ImageObject","inLanguage":"es","@id":"https:\/\/secure.gravatar.com\/avatar\/9a87ee051ca8c77f5d4070843ce2c78cdf95b858b950fb039151de955122f5f5?s=96&d=mm&r=g","url":"https:\/\/secure.gravatar.com\/avatar\/9a87ee051ca8c77f5d4070843ce2c78cdf95b858b950fb039151de955122f5f5?s=96&d=mm&r=g","contentUrl":"https:\/\/secure.gravatar.com\/avatar\/9a87ee051ca8c77f5d4070843ce2c78cdf95b858b950fb039151de955122f5f5?s=96&d=mm&r=g","caption":"impactocastex"},"sameAs":["https:\/\/impactocastex.com.ar"],"url":"https:\/\/impactocastex.com.ar\/?author=1"}]}},"jetpack_publicize_connections":[],"featured_image_urls":{"full":["https:\/\/impactocastex.com.ar\/wp-content\/uploads\/2026\/04\/YCCAWDRUVJE5BHGY5Z6XZWBBBQ-5dXHlZ.jpg",2000,1333,false],"thumbnail":["https:\/\/impactocastex.com.ar\/wp-content\/uploads\/2026\/04\/YCCAWDRUVJE5BHGY5Z6XZWBBBQ-5dXHlZ-150x150.jpg",150,150,true],"medium":["https:\/\/impactocastex.com.ar\/wp-content\/uploads\/2026\/04\/YCCAWDRUVJE5BHGY5Z6XZWBBBQ-5dXHlZ-300x200.jpg",300,200,true],"medium_large":["https:\/\/impactocastex.com.ar\/wp-content\/uploads\/2026\/04\/YCCAWDRUVJE5BHGY5Z6XZWBBBQ-5dXHlZ-768x512.jpg",640,427,true],"large":["https:\/\/impactocastex.com.ar\/wp-content\/uploads\/2026\/04\/YCCAWDRUVJE5BHGY5Z6XZWBBBQ-5dXHlZ-1024x682.jpg",640,426,true],"1536x1536":["https:\/\/impactocastex.com.ar\/wp-content\/uploads\/2026\/04\/YCCAWDRUVJE5BHGY5Z6XZWBBBQ-5dXHlZ-1536x1024.jpg",1536,1024,true],"2048x2048":["https:\/\/impactocastex.com.ar\/wp-content\/uploads\/2026\/04\/YCCAWDRUVJE5BHGY5Z6XZWBBBQ-5dXHlZ.jpg",2000,1333,false],"newsever-slider-full":["https:\/\/impactocastex.com.ar\/wp-content\/uploads\/2026\/04\/YCCAWDRUVJE5BHGY5Z6XZWBBBQ-5dXHlZ-1280x845.jpg",1280,845,true],"newsever-featured":["https:\/\/impactocastex.com.ar\/wp-content\/uploads\/2026\/04\/YCCAWDRUVJE5BHGY5Z6XZWBBBQ-5dXHlZ-1024x682.jpg",1024,682,true],"newsever-medium":["https:\/\/impactocastex.com.ar\/wp-content\/uploads\/2026\/04\/YCCAWDRUVJE5BHGY5Z6XZWBBBQ-5dXHlZ-720x475.jpg",720,475,true]},"author_info":{"info":["impactocastex"]},"category_info":"<a href=\"https:\/\/impactocastex.com.ar\/?cat=89\" rel=\"category\">NACIONALES<\/a>","tag_info":"NACIONALES","comment_count":0,"jetpack_featured_media_url":"https:\/\/impactocastex.com.ar\/wp-content\/uploads\/2026\/04\/YCCAWDRUVJE5BHGY5Z6XZWBBBQ-5dXHlZ.jpg","jetpack_sharing_enabled":true,"jetpack_likes_enabled":true,"jetpack_shortlink":"https:\/\/wp.me\/p7sopA-4nm","_links":{"self":[{"href":"https:\/\/impactocastex.com.ar\/index.php?rest_route=\/wp\/v2\/posts\/16824","targetHints":{"allow":["GET"]}}],"collection":[{"href":"https:\/\/impactocastex.com.ar\/index.php?rest_route=\/wp\/v2\/posts"}],"about":[{"href":"https:\/\/impactocastex.com.ar\/index.php?rest_route=\/wp\/v2\/types\/post"}],"author":[{"embeddable":true,"href":"https:\/\/impactocastex.com.ar\/index.php?rest_route=\/wp\/v2\/users\/1"}],"replies":[{"embeddable":true,"href":"https:\/\/impactocastex.com.ar\/index.php?rest_route=%2Fwp%2Fv2%2Fcomments&post=16824"}],"version-history":[{"count":0,"href":"https:\/\/impactocastex.com.ar\/index.php?rest_route=\/wp\/v2\/posts\/16824\/revisions"}],"wp:featuredmedia":[{"embeddable":true,"href":"https:\/\/impactocastex.com.ar\/index.php?rest_route=\/wp\/v2\/media\/16825"}],"wp:attachment":[{"href":"https:\/\/impactocastex.com.ar\/index.php?rest_route=%2Fwp%2Fv2%2Fmedia&parent=16824"}],"wp:term":[{"taxonomy":"category","embeddable":true,"href":"https:\/\/impactocastex.com.ar\/index.php?rest_route=%2Fwp%2Fv2%2Fcategories&post=16824"},{"taxonomy":"post_tag","embeddable":true,"href":"https:\/\/impactocastex.com.ar\/index.php?rest_route=%2Fwp%2Fv2%2Ftags&post=16824"}],"curies":[{"name":"wp","href":"https:\/\/api.w.org\/{rel}","templated":true}]}}