{"id":16822,"date":"2026-04-30T03:21:19","date_gmt":"2026-04-30T06:21:19","guid":{"rendered":"https:\/\/impactocastex.com.ar\/?p=16822"},"modified":"2026-04-30T03:21:19","modified_gmt":"2026-04-30T06:21:19","slug":"guerra-de-estados-unidos-e-israel-contra-iran-en-vivo-tension-en-medio-oriente-hoy-jueves-30-de-abril","status":"publish","type":"post","link":"https:\/\/impactocastex.com.ar\/?p=16822","title":{"rendered":"Guerra de Estados Unidos e Israel contra Ir\u00e1n, en vivo: tensi\u00f3n en Medio Oriente hoy, jueves 30 de abril"},"content":{"rendered":"<p>HONG KONG.- Los <b>precios del petr\u00f3leo<\/b> <b>vuelven a dispararse<\/b> este jueves en los mercados asi\u00e1ticos y el barril de Brent marc\u00f3 un nuevo r\u00e9cord por encima de los 125 d\u00f3lares, el valor m\u00e1s alto desde el inicio de la guerra en Medio Oriente. La disparada se dio despu\u00e9s de que Estados Unidos mencionara la posibilidad de un bloqueo prolongado del estrecho de Ormuz.<\/p>\n<p>Alrededor de las 4:30 (GMT), el precio sube un 6,8% hasta los US$126, un m\u00e1ximo hist\u00f3rico en cuatro a\u00f1os. Adem\u00e1s, West Texas Intermediate (WTI), referencia del mercado estadounidense, avanzaba un 3%, hasta los US$110,09, despu\u00e9s de haber crecido casi un 7% este mi\u00e9rcoles.<\/p>\n<p><img loading=\"lazy\" decoding=\"async\" src=\"https:\/\/resizer.glanacion.com\/resizer\/v2\/6OQGRLVTFNGM3BE66ZIFCVR6LA.jpg?auth=7a337710bb257ebc18ac4c249bddf88ab3ae20c991f6d4b016ad39c04948b9ba&amp;smart=true&amp;width=6000&amp;height=4000\" alt=\"El petr\u00f3leo Brent subi\u00f3 ante temores de un bloqueo prolongado de Ormuz y rompi\u00f3 un r\u00e9cord (AP Foto\/Asghar Besharati\/Archivo)\" height=\"4000\" width=\"6000\" \/><\/p>\n<p><a href=\"https:\/\/www.lanacion.com.ar\/el-mundo\/el-barril-de-petroleo-supero-los-us120-ante-el-temor-de-un-bloqueo-prolongado-del-estrecho-de-ormuz-nid30042026\/\">Le\u00e9 la nota completa ac\u00e1<\/a><\/p>\n<p><b>Donald Trump<\/b> comparti\u00f3 una imagen pol\u00e9mica en medio de la tensi\u00f3n que atraviesa la situaci\u00f3n del <b>estrecho de Ormuz<\/b>. <b>\u201cEstrecho de Trump\u201d<\/b>, se lee en el dibujo compartido en Truth Social por el presidente de Estados Unidos que muestra un mapa del paso mar\u00edtimo bautizado pero se\u00f1alado con ese nombre.<\/p>\n<p><img loading=\"lazy\" decoding=\"async\" src=\"https:\/\/resizer.glanacion.com\/resizer\/v2\/FTWH7URZ4FABTILROKURPE7BAU.png?auth=3df0c082edf360f6d9a58db38b8bcc937dcba71e71140e2cfa84daa26a65baf2&amp;smart=true&amp;width=734&amp;height=356\" alt=\"Estrecho de Trump, el nombre con el que se se\u00f1ala al estrecho de Ormuz en la pol\u00e9mica imagen compartida en Truth Social por Donald Trump\" height=\"356\" width=\"734\" \/><\/p>\n<ul>\n<li>El jefe del Pent\u00e1gono enfrent\u00f3 fuertes cuestionamientos por el manejo de la guerra de Ir\u00e1n en el Congreso<\/li>\n<li>Las Fuerzas de Defensa de Israel confirman la muerte de dos miembros de Hezbollah el sur de L\u00edbano.<\/li>\n<li>Donald Trump le pidi\u00f3 a Putin un alto el fuego en Ucrania<\/li>\n<li>El presidente de Estados Unidos se reuni\u00f3, en medio de un momento de tensi\u00f3n con diferentes l\u00edderes europeos, con el rey Carlos III.<\/li>\n<\/ul>\n<p><b>Ophir Falk<\/b>, asesor de pol\u00edtica exterior del primer ministro de <b>Israel <\/b>-Benjamin Netanyahu-, culp\u00f3 a <b>Hezbollah <\/b>por la reanudaci\u00f3n de los combates y sostuvo, en di\u00e1logo con <i>CNN<\/i>, que sucedi\u00f3 porque el grupo viol\u00f3 repetidamente el alto el fuego.<\/p>\n<p><b>\u201cHezbollah est\u00e1 violando el alto el fuego. <\/b>Eso no es sorprendente, y estamos respondiendo con mucha fuerza\u201d, afirm\u00f3 Falk. Y agreg\u00f3: \u201cEllos atacan a civiles y nosotros atacamos a terroristas de Hezbollah. Esa es la principal diferencia\u201d.<\/p>\n<p>A dos meses de que haya comenzado el conflicto en Medio Oriente,<a href=\"https:\/\/www.lanacion.com.ar\/el-mundo\/trump-lanzo-una-amenaza-a-iran-y-compartio-una-imagen-suya-con-un-fusil-creada-con-ia-nid29042026\/\" rel=\"\" title=\"https:\/\/www.lanacion.com.ar\/el-mundo\/trump-lanzo-una-amenaza-a-iran-y-compartio-una-imagen-suya-con-un-fusil-creada-con-ia-nid29042026\/\"><b>Donald Trump public\u00f3 en su cuenta oficial de Truth Social una amenaza directa<\/b><\/a>, con el fin de \u201cespabilar\u201d al r\u00e9gimen iran\u00ed, para llegar a alguna negociaci\u00f3n. En este contexto, el analista internacional Andr\u00e9s Repetto explic\u00f3 en<i>LN+<\/i>, las declaraciones del mandatario.<\/p>\n<p><b>\u201cEsta visi\u00f3n de como si no estuviese pasando nada, cu\u00e1nto tiempo se puede fingir demencia, cu\u00e1nto tiempo se puede vivir en este limbo, cuando estamos ya en dos meses y un d\u00eda de esta guerra\u201d<\/b>. subray\u00f3 Repetto.<\/p>\n<figure><video height=\"720\" width=\"1280\" poster=\"https:\/\/cdn.jwplayer.com\/v2\/media\/BsTc02aZ\/poster.jpg?width=1280\" preload=\"none\"><\/video><figcaption>Andres Repetto en LN+<\/figcaption><\/figure>\n<p>\u201cAyer un militar iran\u00ed les cuento dec\u00eda que la guerra no termin\u00f3, que se est\u00e1n preparando y viendo todos los objetivos. El tema es que a nivel militar, evidentemente <b>a ninguna de las dos partes les conviene seguir combatiendo y est\u00e1n viendo de qu\u00e9 forma seguir el conflicto<\/b>\u201d, sum\u00f3.<\/p>\n<p>Asimismo, enfatiz\u00f3: \u201cEs esta realidad paralela dentro de lo que es lo dram\u00e1tico de un conflicto\u201d.<\/p>\n<p>En cuanto al contexto en el cual se enmarcan estas amenazas, el analista internacional remarc\u00f3: \u201cAyer el presidente en medio de la gala con el rey de Gran Breta\u00f1a, con el discurso del Congreso, que pone de manifiesto los valores de la amistad entre Gran Breta\u00f1a y los Estados Unidos, con un discurso, justamente donde un rey marca la importancia de la democracia y los frenos y contrapesos\u201d.<\/p>\n<p><a href=\"https:\/\/www.lanacion.com.ar\/lnmas\/por-que-eeuu-no-quiere-aceptar-la-oferta-de-iran-sobre-el-estrecho-de-ormuz-para-terminar-con-la-nid29042026\/\">Le\u00e9 la nota completa ac\u00e1<\/a><\/p>\n<p>La reciente traves\u00eda a trav\u00e9s del <a href=\"https:\/\/www.lanacion.com.ar\/el-mundo\/guerra-de-estados-unidos-e-israel-contra-iran-en-vivo-tension-en-medio-oriente-nid29042026\/\" rel=\"\" title=\"https:\/\/www.lanacion.com.ar\/el-mundo\/guerra-de-estados-unidos-e-israel-contra-iran-en-vivo-tension-en-medio-oriente-nid29042026\/\"><b>estrecho de Ormuz<\/b><\/a> del <b>superyate Nord,<\/b> <a href=\"https:\/\/www.lanacion.com.ar\/el-mundo\/un-yate-de-lujo-de-un-oligarca-ruso-atraveso-el-estrecho-de-ormuz-sin-problemas-pese-al-bloqueo-nid28042026\/\" rel=\"\" title=\"https:\/\/www.lanacion.com.ar\/el-mundo\/un-yate-de-lujo-de-un-oligarca-ruso-atraveso-el-estrecho-de-ormuz-sin-problemas-pese-al-bloqueo-nid28042026\/\">propiedad del magnate ruso Alexei Mordashov<\/a> y <b>valorado en 500 millones de d\u00f3lares,<\/b> ilustra su capacidad para navegar entre los bloqueos que afectan al resto del mundo. Pero suscit\u00f3, adem\u00e1s, un inter\u00e9s renovado sobre la figura de un oligarca cercano a Putin, quien cont\u00f3 con la aceptaci\u00f3n de <a href=\"https:\/\/www.lanacion.com.ar\/el-mundo\/trump-lanzo-una-amenaza-a-iran-y-compartio-una-imagen-suya-con-un-fusil-creada-con-ia-nid29042026\/\" rel=\"\" title=\"https:\/\/www.lanacion.com.ar\/el-mundo\/trump-lanzo-una-amenaza-a-iran-y-compartio-una-imagen-suya-con-un-fusil-creada-con-ia-nid29042026\/\"><b>Ir\u00e1n<\/b> <\/a>y <b>Estados Unidos<\/b> para lograr la maniobra, en momentos en que el estrat\u00e9gico paso se encuentra pr\u00e1cticamente cerrado.<\/p>\n<p>Mordashov se encuentra en la c\u00faspide de la pir\u00e1mide de la riqueza en la Rusia contempor\u00e1nea. Con una fortuna que asciende a <b>36.900 millones de d\u00f3lares<\/b>, el magnate lidera hoy la lista de ciudadanos rusos m\u00e1s acaudalados, seg\u00fan consign\u00f3 la revista <b>Forbes<\/b>.<\/p>\n<p>Pese a ostentar un perfil de \u201chombre de acero\u201d, Mordashov es un ejecutivo de formaci\u00f3n internacional que posee un <b>MBA de la Universidad de Northumbria, del Reino Unido,<\/b> y una maestr\u00eda en ingenier\u00eda por el Instituto de Econom\u00eda de Leningrado.<\/p>\n<p><img loading=\"lazy\" decoding=\"async\" src=\"https:\/\/resizer.glanacion.com\/resizer\/v2\/5TWKHWMKHZDP3C33JYH4NEDO34.png?auth=c8f85f312443fc0942b7a06c2a3f4c471480cdf766c8f003f6bec5f14e1f0962&amp;smart=true&amp;width=1244&amp;height=541\" alt=\"nord\" height=\"541\" width=\"1244\" \/><\/p>\n<p>El ascenso de este industrial tuvo lugar en <b>Cherepovets<\/b>, una fr\u00eda urbe metal\u00fargica al norte de Mosc\u00fa. Hijo de obreros acereros, escal\u00f3 posiciones en la sider\u00fargica <b>Severstal<\/b> hasta alcanzar la direcci\u00f3n financiera a una edad inusualmente temprana.<\/p>\n<p>Forbes relata un episodio clave en su biograf\u00eda: cuando el antiguo director de la planta le encarg\u00f3 a <b>Mordashov<\/b> la adquisici\u00f3n de acciones para evitar que el control cayera en manos de agentes externos, el joven ejecutivo retuvo la mayor\u00eda de los t\u00edtulos. Esta determinaci\u00f3n implacable le vali\u00f3 el apodo de <b>\u201cEl Tanque\u201d<\/b>, una etiqueta que define su estilo de gesti\u00f3n tanto en la prosperidad como en la crisis.<\/p>\n<p>La columna vertebral de su imperio es, sin duda, <b>Severstal, <\/b>una empresa que no solo destaca como la mayor productora de acero y miner\u00eda de Rusia, sino que tambi\u00e9n desempe\u00f1a un rol cr\u00edtico en la estructura de defensa del Estado.<\/p>\n<p><a href=\"https:\/\/www.lanacion.com.ar\/el-mundo\/quien-es-alexei-mordashov-el-magnate-que-logro-atravesar-el-estrecho-de-ormuz-en-su-yate-de-lujo-nid29042026\/\">Le\u00e9 la nota completa ac\u00e1<\/a><\/p>\n<p>Ursula von der Leyen advirti\u00f3 que el costo del estallido energ\u00e9tico provocado por el conflicto en Medio Oriente y el cierre del estrecho de Ormuz corre el riesgo de dejar profundas cicatrices en la econom\u00eda del continente \u201c<b>durante meses, si no a\u00f1os\u201d.<\/b><\/p>\n<p>En Estrasburgo, poco antes de la presentaci\u00f3n del nuevo marco de ayudas estatales, la presidenta expuso a los eurodiputados las cifras de una <b>\u201cdura realidad\u201d<\/b>. En tan solo dos meses, el gasto de la UE en importaciones de combustibles f\u00f3siles aument\u00f3 en m\u00e1s de <b>27.000 millones de euros<\/b>, lo que hace a\u00fan m\u00e1s urgente \u201cacelerar las energ\u00edas renovables\u201d y \u201ccortar la dependencia\u201d.<\/p>\n<p>El portaaviones <b>USS Gerald Ford<\/b> abandonar\u00e1 Medio Oriente e iniciar\u00e1 su viaje de regreso a Estados Unidos en los pr\u00f3ximos d\u00edas, seg\u00fan inform\u00f3 el Washington Post, citando fuentes.<\/p>\n<p><img loading=\"lazy\" decoding=\"async\" src=\"https:\/\/resizer.glanacion.com\/resizer\/v2\/W5PZTMMCXZHARDOZAUKC63GCK4.jpg?auth=2f4704213bd39bb8e2e74415ebacc6bfd57404f7ecf028cf94215017209ae7d2&amp;smart=true&amp;width=4467&amp;height=2978\" alt=\"El USS Gerald R. Ford es uno de los tres portaaviones que actualmente se encuentran en Medio Oriente\" height=\"2978\" width=\"4467\" \/><\/p>\n<p>Este portaaviones es uno de los tres que actualmente se encuentran en Medio Oriente, junto con el USS George H. W. Bush y el USS Abraham Lincoln.<\/p>\n<p>El presidente norteamericano declar\u00f3 este mi\u00e9rcoles que las negociaciones para poner fin a la guerra con Ir\u00e1n<b> se est\u00e1n llevando a cabo \u201ctelef\u00f3nicamente\u201d<\/b>.<\/p>\n<p>\u201cEstamos dialogando con ellos, <b>y ya no vamos a hacer vuelos de 18 horas cada vez que queramos ver un documento<\/b>\u201d, dijo el mandatario en declaraciones desde el Despacho Oval.<\/p>\n<p><img loading=\"lazy\" decoding=\"async\" src=\"https:\/\/resizer.glanacion.com\/resizer\/v2\/2CHSTAS3JBFM7LBGKTSN6DYV2I.jpg?auth=9c7955e26fd97a806c84cf055c5928ae38b057471227caaa8eee4342326d2c7e&amp;smart=true&amp;width=5348&amp;height=3565\" alt=\"Trump afirm\u00f3 que ya no enviar\u00e1 a una delegaci\u00f3n a Pakist\u00e1n por las negociaciones para terminar con la guerra con Ir\u00e1n \" height=\"3565\" width=\"5348\" \/><\/p>\n<p>\u201c<b>Lo estamos haciendo por tel\u00e9fono, y es muy c\u00f3modo<\/b>. Yo llamo, o le pido a mi equipo que llame, y la respuesta llega en 15 minutos. Siempre prefiero las reuniones cara a cara, ya sabes, las considero mejores\u201d, continu\u00f3. <\/p>\n<p>Y concluy\u00f3: \u201cPero cuando tienes que volar 18 horas cada vez que quieres tener una reuni\u00f3n, y sabes de qu\u00e9 se trata, y sabes que te van a dar un documento que no te gusta antes incluso de partir, es rid\u00edculo, y han avanzado mucho\u201d.<\/p>\n<p>El ministro de Petr\u00f3leo iran\u00ed,<b> Mohsen Paknejad<\/b>, inst\u00f3 a la poblaci\u00f3n a reducir el consumo, calificando la<b> \u201cconservaci\u00f3n y el ahorro\u201d<\/b> como un principio general <b>\u201cy un deber religioso\u201d<\/b>, al tiempo que restaba importancia al impacto del bloqueo naval estadounidense.<\/p>\n<p>\u201cEl enemigo no lograr\u00e1 nada mediante un bloqueo naval a Ir\u00e1n\u201d, declar\u00f3 Paknejad, seg\u00fan informaron el mi\u00e9rcoles los medios oficiales iran\u00edes. Asimismo, afirm\u00f3 que no hab\u00eda <b>\u201cninguna preocupaci\u00f3n\u201d<\/b> sobre el suministro y la distribuci\u00f3n constantes de combustible, y a\u00f1adi\u00f3 que el personal de la industria petrolera est\u00e1 trabajando las 24 horas del d\u00eda para evitar cualquier interrupci\u00f3n en los servicios.<\/p>\n<p><img loading=\"lazy\" decoding=\"async\" src=\"https:\/\/resizer.glanacion.com\/resizer\/v2\/6OQGRLVTFNGM3BE66ZIFCVR6LA.jpg?auth=7a337710bb257ebc18ac4c249bddf88ab3ae20c991f6d4b016ad39c04948b9ba&amp;smart=true&amp;width=6000&amp;height=4000\" alt=\"ARCHIVO - Un bote junto a un buque petrolero anclado en el estrecho de Ormuz, frente a la costa de la isla de Qeshm, Ir\u00e1n, el 18 de abril de 2026. (AP Foto\/Asghar Besharati\/Archivo)\" height=\"4000\" width=\"6000\" \/><\/p>\n<p>\u201cDurante la guerra vimos que muchos pa\u00edses recurrieron a la gesti\u00f3n y reducci\u00f3n del consumo debido a la escasez de combustible\u201d.<\/p>\n<p>Las oficinas gubernamentales de todo Ir\u00e1n recibieron instrucciones de reducir el consumo de electricidad hasta en un 70% despu\u00e9s de la 1 de la tarde, mientras que se alienta a los hogares a reducir su consumo con incentivos como descuentos en las facturas de electricidad para aquellos que disminuyan su uso.<\/p>\n<p>\u200bCobertura en tiempo real con las novedades m\u00e1s importantes del conflicto y las acciones del mandatario estadounidense, Donald Trump\u00a0\u00a0<\/p>","protected":false},"excerpt":{"rendered":"<p>HONG KONG.- Los precios del petr\u00f3leo vuelven a dispararse este jueves en los mercados asi\u00e1ticos&#8230;<\/p>\n","protected":false},"author":1,"featured_media":16823,"comment_status":"closed","ping_status":"closed","sticky":false,"template":"","format":"standard","meta":{"_jetpack_memberships_contains_paid_content":false,"footnotes":"","jetpack_publicize_message":"","jetpack_publicize_feature_enabled":true,"jetpack_social_post_already_shared":true,"jetpack_social_options":{"image_generator_settings":{"template":"highway","default_image_id":0,"font":"","enabled":false},"version":2}},"categories":[89],"tags":[],"class_list":["post-16822","post","type-post","status-publish","format-standard","has-post-thumbnail","hentry","category-nacionales"],"yoast_head":"<!-- This site is optimized with the Yoast SEO plugin v27.4 - https:\/\/yoast.com\/product\/yoast-seo-wordpress\/ -->\n<title>Guerra de Estados Unidos e Israel contra Ir\u00e1n, en vivo: tensi\u00f3n en Medio Oriente hoy, jueves 30 de abril -<\/title>\n<meta name=\"robots\" content=\"index, follow, max-snippet:-1, max-image-preview:large, max-video-preview:-1\" \/>\n<link rel=\"canonical\" href=\"https:\/\/impactocastex.com.ar\/?p=16822\" \/>\n<meta property=\"og:locale\" content=\"es_ES\" \/>\n<meta property=\"og:type\" content=\"article\" \/>\n<meta property=\"og:title\" content=\"Guerra de Estados Unidos e Israel contra Ir\u00e1n, en vivo: tensi\u00f3n en Medio Oriente hoy, jueves 30 de abril -\" \/>\n<meta property=\"og:description\" content=\"HONG KONG.- Los precios del petr\u00f3leo vuelven a dispararse este jueves en los mercados asi\u00e1ticos...\" \/>\n<meta property=\"og:url\" content=\"https:\/\/impactocastex.com.ar\/?p=16822\" \/>\n<meta property=\"article:publisher\" content=\"https:\/\/www.facebook.com\/impactocastexdiario\" \/>\n<meta property=\"article:published_time\" content=\"2026-04-30T06:21:19+00:00\" \/>\n<meta property=\"og:image\" content=\"https:\/\/resizer.glanacion.com\/resizer\/v2\/6OQGRLVTFNGM3BE66ZIFCVR6LA.jpg?auth=7a337710bb257ebc18ac4c249bddf88ab3ae20c991f6d4b016ad39c04948b9ba&amp;smart=true&amp;width=6000&amp;height=4000\" \/>\n<meta name=\"author\" content=\"impactocastex\" \/>\n<meta name=\"twitter:card\" content=\"summary_large_image\" \/>\n<meta name=\"twitter:label1\" content=\"Escrito por\" \/>\n\t<meta name=\"twitter:data1\" content=\"impactocastex\" \/>\n\t<meta name=\"twitter:label2\" content=\"Tiempo de lectura\" \/>\n\t<meta name=\"twitter:data2\" content=\"7 minutos\" \/>\n<script type=\"application\/ld+json\" class=\"yoast-schema-graph\">{\"@context\":\"https:\\\/\\\/schema.org\",\"@graph\":[{\"@type\":\"Article\",\"@id\":\"https:\\\/\\\/impactocastex.com.ar\\\/?p=16822#article\",\"isPartOf\":{\"@id\":\"https:\\\/\\\/impactocastex.com.ar\\\/?p=16822\"},\"author\":{\"name\":\"impactocastex\",\"@id\":\"https:\\\/\\\/impactocastex.com.ar\\\/#\\\/schema\\\/person\\\/86cb4f827fb5f87869a239b98a69c6e3\"},\"headline\":\"Guerra de Estados Unidos e Israel contra Ir\u00e1n, en vivo: tensi\u00f3n en Medio Oriente hoy, jueves 30 de abril\",\"datePublished\":\"2026-04-30T06:21:19+00:00\",\"mainEntityOfPage\":{\"@id\":\"https:\\\/\\\/impactocastex.com.ar\\\/?p=16822\"},\"wordCount\":1455,\"publisher\":{\"@id\":\"https:\\\/\\\/impactocastex.com.ar\\\/#organization\"},\"image\":{\"@id\":\"https:\\\/\\\/impactocastex.com.ar\\\/?p=16822#primaryimage\"},\"thumbnailUrl\":\"https:\\\/\\\/impactocastex.com.ar\\\/wp-content\\\/uploads\\\/2026\\\/04\\\/HY5XMKLMNRDDLA4BIWD4GF3L4E-d993aw.jpg\",\"articleSection\":[\"NACIONALES\"],\"inLanguage\":\"es\"},{\"@type\":\"WebPage\",\"@id\":\"https:\\\/\\\/impactocastex.com.ar\\\/?p=16822\",\"url\":\"https:\\\/\\\/impactocastex.com.ar\\\/?p=16822\",\"name\":\"Guerra de Estados Unidos e Israel contra Ir\u00e1n, en vivo: tensi\u00f3n en Medio Oriente hoy, jueves 30 de abril -\",\"isPartOf\":{\"@id\":\"https:\\\/\\\/impactocastex.com.ar\\\/#website\"},\"primaryImageOfPage\":{\"@id\":\"https:\\\/\\\/impactocastex.com.ar\\\/?p=16822#primaryimage\"},\"image\":{\"@id\":\"https:\\\/\\\/impactocastex.com.ar\\\/?p=16822#primaryimage\"},\"thumbnailUrl\":\"https:\\\/\\\/impactocastex.com.ar\\\/wp-content\\\/uploads\\\/2026\\\/04\\\/HY5XMKLMNRDDLA4BIWD4GF3L4E-d993aw.jpg\",\"datePublished\":\"2026-04-30T06:21:19+00:00\",\"breadcrumb\":{\"@id\":\"https:\\\/\\\/impactocastex.com.ar\\\/?p=16822#breadcrumb\"},\"inLanguage\":\"es\",\"potentialAction\":[{\"@type\":\"ReadAction\",\"target\":[\"https:\\\/\\\/impactocastex.com.ar\\\/?p=16822\"]}]},{\"@type\":\"ImageObject\",\"inLanguage\":\"es\",\"@id\":\"https:\\\/\\\/impactocastex.com.ar\\\/?p=16822#primaryimage\",\"url\":\"https:\\\/\\\/impactocastex.com.ar\\\/wp-content\\\/uploads\\\/2026\\\/04\\\/HY5XMKLMNRDDLA4BIWD4GF3L4E-d993aw.jpg\",\"contentUrl\":\"https:\\\/\\\/impactocastex.com.ar\\\/wp-content\\\/uploads\\\/2026\\\/04\\\/HY5XMKLMNRDDLA4BIWD4GF3L4E-d993aw.jpg\",\"width\":2000,\"height\":1333},{\"@type\":\"BreadcrumbList\",\"@id\":\"https:\\\/\\\/impactocastex.com.ar\\\/?p=16822#breadcrumb\",\"itemListElement\":[{\"@type\":\"ListItem\",\"position\":1,\"name\":\"Portada\",\"item\":\"https:\\\/\\\/impactocastex.com.ar\\\/\"},{\"@type\":\"ListItem\",\"position\":2,\"name\":\"Guerra de Estados Unidos e Israel contra Ir\u00e1n, en vivo: tensi\u00f3n en Medio Oriente hoy, jueves 30 de abril\"}]},{\"@type\":\"WebSite\",\"@id\":\"https:\\\/\\\/impactocastex.com.ar\\\/#website\",\"url\":\"https:\\\/\\\/impactocastex.com.ar\\\/\",\"name\":\"Impacto Castex\",\"description\":\"\",\"publisher\":{\"@id\":\"https:\\\/\\\/impactocastex.com.ar\\\/#organization\"},\"potentialAction\":[{\"@type\":\"SearchAction\",\"target\":{\"@type\":\"EntryPoint\",\"urlTemplate\":\"https:\\\/\\\/impactocastex.com.ar\\\/?s={search_term_string}\"},\"query-input\":{\"@type\":\"PropertyValueSpecification\",\"valueRequired\":true,\"valueName\":\"search_term_string\"}}],\"inLanguage\":\"es\"},{\"@type\":\"Organization\",\"@id\":\"https:\\\/\\\/impactocastex.com.ar\\\/#organization\",\"name\":\"Impacto Castex\",\"url\":\"https:\\\/\\\/impactocastex.com.ar\\\/\",\"logo\":{\"@type\":\"ImageObject\",\"inLanguage\":\"es\",\"@id\":\"https:\\\/\\\/impactocastex.com.ar\\\/#\\\/schema\\\/logo\\\/image\\\/\",\"url\":\"https:\\\/\\\/impactocastex.com.ar\\\/wp-content\\\/uploads\\\/2025\\\/09\\\/cropped-icoweb.png\",\"contentUrl\":\"https:\\\/\\\/impactocastex.com.ar\\\/wp-content\\\/uploads\\\/2025\\\/09\\\/cropped-icoweb.png\",\"width\":512,\"height\":512,\"caption\":\"Impacto Castex\"},\"image\":{\"@id\":\"https:\\\/\\\/impactocastex.com.ar\\\/#\\\/schema\\\/logo\\\/image\\\/\"},\"sameAs\":[\"https:\\\/\\\/www.facebook.com\\\/impactocastexdiario\",\"https:\\\/\\\/www.instagram.com\\\/impactocastex.com.ar\\\/\"]},{\"@type\":\"Person\",\"@id\":\"https:\\\/\\\/impactocastex.com.ar\\\/#\\\/schema\\\/person\\\/86cb4f827fb5f87869a239b98a69c6e3\",\"name\":\"impactocastex\",\"image\":{\"@type\":\"ImageObject\",\"inLanguage\":\"es\",\"@id\":\"https:\\\/\\\/secure.gravatar.com\\\/avatar\\\/9a87ee051ca8c77f5d4070843ce2c78cdf95b858b950fb039151de955122f5f5?s=96&d=mm&r=g\",\"url\":\"https:\\\/\\\/secure.gravatar.com\\\/avatar\\\/9a87ee051ca8c77f5d4070843ce2c78cdf95b858b950fb039151de955122f5f5?s=96&d=mm&r=g\",\"contentUrl\":\"https:\\\/\\\/secure.gravatar.com\\\/avatar\\\/9a87ee051ca8c77f5d4070843ce2c78cdf95b858b950fb039151de955122f5f5?s=96&d=mm&r=g\",\"caption\":\"impactocastex\"},\"sameAs\":[\"https:\\\/\\\/impactocastex.com.ar\"],\"url\":\"https:\\\/\\\/impactocastex.com.ar\\\/?author=1\"}]}<\/script>\n<!-- \/ Yoast SEO plugin. -->","yoast_head_json":{"title":"Guerra de Estados Unidos e Israel contra Ir\u00e1n, en vivo: tensi\u00f3n en Medio Oriente hoy, jueves 30 de abril -","robots":{"index":"index","follow":"follow","max-snippet":"max-snippet:-1","max-image-preview":"max-image-preview:large","max-video-preview":"max-video-preview:-1"},"canonical":"https:\/\/impactocastex.com.ar\/?p=16822","og_locale":"es_ES","og_type":"article","og_title":"Guerra de Estados Unidos e Israel contra Ir\u00e1n, en vivo: tensi\u00f3n en Medio Oriente hoy, jueves 30 de abril -","og_description":"HONG KONG.- Los precios del petr\u00f3leo vuelven a dispararse este jueves en los mercados asi\u00e1ticos...","og_url":"https:\/\/impactocastex.com.ar\/?p=16822","article_publisher":"https:\/\/www.facebook.com\/impactocastexdiario","article_published_time":"2026-04-30T06:21:19+00:00","og_image":[{"url":"https:\/\/resizer.glanacion.com\/resizer\/v2\/6OQGRLVTFNGM3BE66ZIFCVR6LA.jpg?auth=7a337710bb257ebc18ac4c249bddf88ab3ae20c991f6d4b016ad39c04948b9ba&amp;smart=true&amp;width=6000&amp;height=4000","type":"","width":"","height":""}],"author":"impactocastex","twitter_card":"summary_large_image","twitter_misc":{"Escrito por":"impactocastex","Tiempo de lectura":"7 minutos"},"schema":{"@context":"https:\/\/schema.org","@graph":[{"@type":"Article","@id":"https:\/\/impactocastex.com.ar\/?p=16822#article","isPartOf":{"@id":"https:\/\/impactocastex.com.ar\/?p=16822"},"author":{"name":"impactocastex","@id":"https:\/\/impactocastex.com.ar\/#\/schema\/person\/86cb4f827fb5f87869a239b98a69c6e3"},"headline":"Guerra de Estados Unidos e Israel contra Ir\u00e1n, en vivo: tensi\u00f3n en Medio Oriente hoy, jueves 30 de abril","datePublished":"2026-04-30T06:21:19+00:00","mainEntityOfPage":{"@id":"https:\/\/impactocastex.com.ar\/?p=16822"},"wordCount":1455,"publisher":{"@id":"https:\/\/impactocastex.com.ar\/#organization"},"image":{"@id":"https:\/\/impactocastex.com.ar\/?p=16822#primaryimage"},"thumbnailUrl":"https:\/\/impactocastex.com.ar\/wp-content\/uploads\/2026\/04\/HY5XMKLMNRDDLA4BIWD4GF3L4E-d993aw.jpg","articleSection":["NACIONALES"],"inLanguage":"es"},{"@type":"WebPage","@id":"https:\/\/impactocastex.com.ar\/?p=16822","url":"https:\/\/impactocastex.com.ar\/?p=16822","name":"Guerra de Estados Unidos e Israel contra Ir\u00e1n, en vivo: tensi\u00f3n en Medio Oriente hoy, jueves 30 de abril -","isPartOf":{"@id":"https:\/\/impactocastex.com.ar\/#website"},"primaryImageOfPage":{"@id":"https:\/\/impactocastex.com.ar\/?p=16822#primaryimage"},"image":{"@id":"https:\/\/impactocastex.com.ar\/?p=16822#primaryimage"},"thumbnailUrl":"https:\/\/impactocastex.com.ar\/wp-content\/uploads\/2026\/04\/HY5XMKLMNRDDLA4BIWD4GF3L4E-d993aw.jpg","datePublished":"2026-04-30T06:21:19+00:00","breadcrumb":{"@id":"https:\/\/impactocastex.com.ar\/?p=16822#breadcrumb"},"inLanguage":"es","potentialAction":[{"@type":"ReadAction","target":["https:\/\/impactocastex.com.ar\/?p=16822"]}]},{"@type":"ImageObject","inLanguage":"es","@id":"https:\/\/impactocastex.com.ar\/?p=16822#primaryimage","url":"https:\/\/impactocastex.com.ar\/wp-content\/uploads\/2026\/04\/HY5XMKLMNRDDLA4BIWD4GF3L4E-d993aw.jpg","contentUrl":"https:\/\/impactocastex.com.ar\/wp-content\/uploads\/2026\/04\/HY5XMKLMNRDDLA4BIWD4GF3L4E-d993aw.jpg","width":2000,"height":1333},{"@type":"BreadcrumbList","@id":"https:\/\/impactocastex.com.ar\/?p=16822#breadcrumb","itemListElement":[{"@type":"ListItem","position":1,"name":"Portada","item":"https:\/\/impactocastex.com.ar\/"},{"@type":"ListItem","position":2,"name":"Guerra de Estados Unidos e Israel contra Ir\u00e1n, en vivo: tensi\u00f3n en Medio Oriente hoy, jueves 30 de abril"}]},{"@type":"WebSite","@id":"https:\/\/impactocastex.com.ar\/#website","url":"https:\/\/impactocastex.com.ar\/","name":"Impacto Castex","description":"","publisher":{"@id":"https:\/\/impactocastex.com.ar\/#organization"},"potentialAction":[{"@type":"SearchAction","target":{"@type":"EntryPoint","urlTemplate":"https:\/\/impactocastex.com.ar\/?s={search_term_string}"},"query-input":{"@type":"PropertyValueSpecification","valueRequired":true,"valueName":"search_term_string"}}],"inLanguage":"es"},{"@type":"Organization","@id":"https:\/\/impactocastex.com.ar\/#organization","name":"Impacto Castex","url":"https:\/\/impactocastex.com.ar\/","logo":{"@type":"ImageObject","inLanguage":"es","@id":"https:\/\/impactocastex.com.ar\/#\/schema\/logo\/image\/","url":"https:\/\/impactocastex.com.ar\/wp-content\/uploads\/2025\/09\/cropped-icoweb.png","contentUrl":"https:\/\/impactocastex.com.ar\/wp-content\/uploads\/2025\/09\/cropped-icoweb.png","width":512,"height":512,"caption":"Impacto Castex"},"image":{"@id":"https:\/\/impactocastex.com.ar\/#\/schema\/logo\/image\/"},"sameAs":["https:\/\/www.facebook.com\/impactocastexdiario","https:\/\/www.instagram.com\/impactocastex.com.ar\/"]},{"@type":"Person","@id":"https:\/\/impactocastex.com.ar\/#\/schema\/person\/86cb4f827fb5f87869a239b98a69c6e3","name":"impactocastex","image":{"@type":"ImageObject","inLanguage":"es","@id":"https:\/\/secure.gravatar.com\/avatar\/9a87ee051ca8c77f5d4070843ce2c78cdf95b858b950fb039151de955122f5f5?s=96&d=mm&r=g","url":"https:\/\/secure.gravatar.com\/avatar\/9a87ee051ca8c77f5d4070843ce2c78cdf95b858b950fb039151de955122f5f5?s=96&d=mm&r=g","contentUrl":"https:\/\/secure.gravatar.com\/avatar\/9a87ee051ca8c77f5d4070843ce2c78cdf95b858b950fb039151de955122f5f5?s=96&d=mm&r=g","caption":"impactocastex"},"sameAs":["https:\/\/impactocastex.com.ar"],"url":"https:\/\/impactocastex.com.ar\/?author=1"}]}},"jetpack_publicize_connections":[],"featured_image_urls":{"full":["https:\/\/impactocastex.com.ar\/wp-content\/uploads\/2026\/04\/HY5XMKLMNRDDLA4BIWD4GF3L4E-d993aw.jpg",2000,1333,false],"thumbnail":["https:\/\/impactocastex.com.ar\/wp-content\/uploads\/2026\/04\/HY5XMKLMNRDDLA4BIWD4GF3L4E-d993aw-150x150.jpg",150,150,true],"medium":["https:\/\/impactocastex.com.ar\/wp-content\/uploads\/2026\/04\/HY5XMKLMNRDDLA4BIWD4GF3L4E-d993aw-300x200.jpg",300,200,true],"medium_large":["https:\/\/impactocastex.com.ar\/wp-content\/uploads\/2026\/04\/HY5XMKLMNRDDLA4BIWD4GF3L4E-d993aw-768x512.jpg",640,427,true],"large":["https:\/\/impactocastex.com.ar\/wp-content\/uploads\/2026\/04\/HY5XMKLMNRDDLA4BIWD4GF3L4E-d993aw-1024x682.jpg",640,426,true],"1536x1536":["https:\/\/impactocastex.com.ar\/wp-content\/uploads\/2026\/04\/HY5XMKLMNRDDLA4BIWD4GF3L4E-d993aw-1536x1024.jpg",1536,1024,true],"2048x2048":["https:\/\/impactocastex.com.ar\/wp-content\/uploads\/2026\/04\/HY5XMKLMNRDDLA4BIWD4GF3L4E-d993aw.jpg",2000,1333,false],"newsever-slider-full":["https:\/\/impactocastex.com.ar\/wp-content\/uploads\/2026\/04\/HY5XMKLMNRDDLA4BIWD4GF3L4E-d993aw-1280x845.jpg",1280,845,true],"newsever-featured":["https:\/\/impactocastex.com.ar\/wp-content\/uploads\/2026\/04\/HY5XMKLMNRDDLA4BIWD4GF3L4E-d993aw-1024x682.jpg",1024,682,true],"newsever-medium":["https:\/\/impactocastex.com.ar\/wp-content\/uploads\/2026\/04\/HY5XMKLMNRDDLA4BIWD4GF3L4E-d993aw-720x475.jpg",720,475,true]},"author_info":{"info":["impactocastex"]},"category_info":"<a href=\"https:\/\/impactocastex.com.ar\/?cat=89\" rel=\"category\">NACIONALES<\/a>","tag_info":"NACIONALES","comment_count":0,"jetpack_featured_media_url":"https:\/\/impactocastex.com.ar\/wp-content\/uploads\/2026\/04\/HY5XMKLMNRDDLA4BIWD4GF3L4E-d993aw.jpg","jetpack_sharing_enabled":true,"jetpack_likes_enabled":true,"jetpack_shortlink":"https:\/\/wp.me\/p7sopA-4nk","_links":{"self":[{"href":"https:\/\/impactocastex.com.ar\/index.php?rest_route=\/wp\/v2\/posts\/16822","targetHints":{"allow":["GET"]}}],"collection":[{"href":"https:\/\/impactocastex.com.ar\/index.php?rest_route=\/wp\/v2\/posts"}],"about":[{"href":"https:\/\/impactocastex.com.ar\/index.php?rest_route=\/wp\/v2\/types\/post"}],"author":[{"embeddable":true,"href":"https:\/\/impactocastex.com.ar\/index.php?rest_route=\/wp\/v2\/users\/1"}],"replies":[{"embeddable":true,"href":"https:\/\/impactocastex.com.ar\/index.php?rest_route=%2Fwp%2Fv2%2Fcomments&post=16822"}],"version-history":[{"count":0,"href":"https:\/\/impactocastex.com.ar\/index.php?rest_route=\/wp\/v2\/posts\/16822\/revisions"}],"wp:featuredmedia":[{"embeddable":true,"href":"https:\/\/impactocastex.com.ar\/index.php?rest_route=\/wp\/v2\/media\/16823"}],"wp:attachment":[{"href":"https:\/\/impactocastex.com.ar\/index.php?rest_route=%2Fwp%2Fv2%2Fmedia&parent=16822"}],"wp:term":[{"taxonomy":"category","embeddable":true,"href":"https:\/\/impactocastex.com.ar\/index.php?rest_route=%2Fwp%2Fv2%2Fcategories&post=16822"},{"taxonomy":"post_tag","embeddable":true,"href":"https:\/\/impactocastex.com.ar\/index.php?rest_route=%2Fwp%2Fv2%2Ftags&post=16822"}],"curies":[{"name":"wp","href":"https:\/\/api.w.org\/{rel}","templated":true}]}}