{"id":16818,"date":"2026-04-30T01:17:06","date_gmt":"2026-04-30T04:17:06","guid":{"rendered":"https:\/\/impactocastex.com.ar\/?p=16818"},"modified":"2026-04-30T01:17:06","modified_gmt":"2026-04-30T04:17:06","slug":"artemis-ii-trump-recibio-a-los-astronautas-en-la-casa-blanca-y-prometio-volver-a-la-luna-antes-de-2029","status":"publish","type":"post","link":"https:\/\/impactocastex.com.ar\/?p=16818","title":{"rendered":"Artemis II: Trump recibi\u00f3 a los astronautas en la Casa Blanca y prometi\u00f3 volver a la Luna antes de 2029"},"content":{"rendered":"<p>WASHINGTON (APF).-A poco m\u00e1s de dos semanas del viaje alrededor de la Luna, los astronautas de la misi\u00f3n <b>Artemis II<\/b> fueron recibidos este mi\u00e9rcoles por el presidente de Estados Unidos, <b>Donald Trump,<\/b> en el Despacho Oval de la <b>Casa Blanca<\/b>. El mandatario republicano destac\u00f3 su trabajo y habl\u00f3 sobre un posible retorno al espacio antes de que termine su mandato.<\/p>\n<p>\u201cTenemos a algunas personas que han capturado la atenci\u00f3n de todo el mundo. Se necesitan personas como estas para hacer grande a nuestro pa\u00eds\u201d, dijo Trump sentado en su escritorio. A su costado estuvieron los estadounidenses <b>Reid Wiseman<\/b>, <b>Victor Glover <\/b>y <b>Christina Koch <\/b>y el canadiense <b>Jeremy Hansen<\/b>, quienes participaron en la misi\u00f3n de la NASA.<\/p>\n<blockquote class=\"twitter-tweet\">\n<p lang=\"en\" dir=\"ltr\">For all humanity. \ud83c\udf0e\ud83d\ude80<\/p>\n<p>From the Moon to the White House \u2014 Artemis II is just the beginning. <a href=\"https:\/\/t.co\/SgQqy5tyrm\">pic.twitter.com\/SgQqy5tyrm<\/a><\/p>\n<p>\u2014 The White House (@WhiteHouse) <a href=\"https:\/\/twitter.com\/WhiteHouse\/status\/2049647714728570948?ref_src=twsrc%5Etfw\">April 30, 2026<\/a><\/p><\/blockquote>\n<p>El mandatario le dio a bienvenida a los tripulantes en la Casa Blanca frente a la prensa y les agradeci\u00f3 por haber participado de la misi\u00f3n. \u201c<b>No s\u00e9 c\u00f3mo lo hacen.<\/b> Yo no querr\u00eda hacerlo, pero se necesita gente como esta para que nuestro pa\u00eds sea grande\u201d, asegur\u00f3.<\/p>\n<p>Trump, a su vez, aprovech\u00f3 la situaci\u00f3n para marcar las prioridades del gobierno estadounidense en materia espacial e indic\u00f3 que uno de los objetivos es crear una Fuerza Espacial. Adem\u00e1s <b>Jared Isaacman, administrador de la NASA<\/b>, inform\u00f3 que la sede de la agencia permanecer\u00e1 en Washington porque la ciudad capital es una \u201cventaja\u201d.<\/p>\n<p><img loading=\"lazy\" decoding=\"async\" src=\"https:\/\/resizer.glanacion.com\/resizer\/v2\/BV54LFDDP5AB3HPOT5VQVYDTYE.JPG?auth=32f7389bc089547c65b23b2e76ceb1cf54b9503afdcd3ade25f0bef6e5c9e5a9&amp;smart=true&amp;width=4313&amp;height=2876\" alt=\"El presidente Donald Trump junto a los astronautas de la misi\u00f3n Artemis II\" height=\"2876\" width=\"4313\" \/><\/p>\n<p>Entre otros temas, el presidente norteamericano afirm\u00f3 que cree que <b>la NASA podr\u00eda llevar a astronautas a la superficie de la Luna nuevamente antes de que acabe su mandato<\/b>, a principios de 2029. Se le consult\u00f3 si consideraba que la agencia espacial estadounidense lograr\u00eda ese objetivo antes de que finalice su segundo mandato y Trump respondi\u00f3: \u201cNo nos gusta afirmarlo con certeza, pero creo que tenemos buenas posibilidades\u201d.<\/p>\n<p>Luego, la reuni\u00f3n se convirti\u00f3 en una habitual conferencia de prensa del presidente, quien toc\u00f3 distintos temas de la pol\u00edtica estadounidense. Sostuvo que durante su conversaci\u00f3n con Vladimir Putin le sugiri\u00f3 \u201cuna peque\u00f1a tregua\u201d en la guerra de Ucrania. \u201cY creo que podr\u00eda hacerlo\u201d, dijo.<\/p>\n<p><img loading=\"lazy\" decoding=\"async\" src=\"https:\/\/resizer.glanacion.com\/resizer\/v2\/NSXTEIYQMNH6NLEY433S4NWP7U.JPG?auth=647fd2b3f54e9fbf22018788d6e8aa0cf542eab0d61a3a089c5fa633a34d94d2&amp;smart=true&amp;width=8256&amp;height=5504\" alt=\"Los astronautas de Artemis II visitaron a Trump\" height=\"5504\" width=\"8256\" \/><\/p>\n<h1>La NASA adelant\u00f3 c\u00f3mo ser\u00e1 el cohete de Artemis III que enviar\u00e1 con astronautas al espacio<\/h1>\n<p>Tal como inform\u00f3 <a href=\"https:\/\/www.lanacion.com.ar\/el-mundo\/artemis-iii-asi-sera-la-columna-vertebral-del-nuevo-cohete-que-la-nasa-enviara-al-espacio-nid25042026\/\" target=\"_blank\" rel=\"noreferrer\" title=\"https:\/\/www.lanacion.com.ar\/el-mundo\/artemis-iii-asi-sera-la-columna-vertebral-del-nuevo-cohete-que-la-nasa-enviara-al-espacio-nid25042026\/\">LA NACION<\/a>, la NASA dio este mi\u00e9rcoles un nuevo paso en su plan par volver a llevar humanos a la Luna a trav\u00e9s de la misi\u00f3n <b>Artemis III<\/b>. La agencia present\u00f3 la etapa central del cohete que se enviar\u00e1 al espacio y mostr\u00f3 que se trata de la secci\u00f3n m\u00e1s grande y potente del <i><b>Space Launch System<\/b><\/i><b> (SLS),<\/b> considerada la <b>\u201ccolumna vertebral\u201d<\/b> del sistema de lanzamiento, seg\u00fan indic\u00f3 el portal <a href=\"https:\/\/www.20minutos.es\/tecnologia\/actualidad\/siguiente-gran-hito-nasa-marcha-cohete-sls-comienza-su-camino-para-hacer-realidad-artemis-iii_6958017_0.html?utm_rs=AP_z8x9azm9TCyPb-C2DG1pIA\" rel=\"\" title=\"https:\/\/www.20minutos.es\/tecnologia\/actualidad\/siguiente-gran-hito-nasa-marcha-cohete-sls-comienza-su-camino-para-hacer-realidad-artemis-iii_6958017_0.html?utm_rs=AP_z8x9azm9TCyPb-C2DG1pIA\"><i>20 minutos<\/i><\/a>.<\/p>\n<p>La etapa central del SLS concentra la mayor parte de la estructura del veh\u00edculo y es fundamental para <b>impulsar la nave durante el despegue<\/b>. Seg\u00fan detall\u00f3 la agencia,<b> incluye los tanques de hidr\u00f3geno y ox\u00edgeno l\u00edquido, el intertanque y la estructura frontal<\/b>, componentes esenciales para el funcionamiento del sistema. Esta secci\u00f3n, a su vez, fue trasladada desde el centro de ensamblaje Michoud, en Nueva Orleans, hasta el Centro Espacial Kennedy, en Florida, donde ser\u00e1 integrada al resto del cohete.<\/p>\n<p>Artemis III tiene fecha prevista para mediados de 2027. Esta fase del proyecto resulta fundamental porque constituye el momento en el que la c\u00e1psula de tripulaci\u00f3n Ori\u00f3n deber\u00e1 realizar una maniobra de acoplamiento en la \u00f3rbita terrestre.<\/p>\n<p><i><b>Con informaci\u00f3n de AFP.<\/b><\/i><\/p>\n<p>\u200bEl presidente estadounidense asegur\u00f3 que la NASA intentar\u00e1 volver al sat\u00e9lite en los pr\u00f3ximos a\u00f1os; adem\u00e1s, plante\u00f3 la necesidad de crear una \u201cFuerza Espacial\u201d\u00a0\u00a0<\/p>","protected":false},"excerpt":{"rendered":"<p>WASHINGTON (APF).-A poco m\u00e1s de dos semanas del viaje alrededor de la Luna, los astronautas&#8230;<\/p>\n","protected":false},"author":1,"featured_media":16819,"comment_status":"closed","ping_status":"closed","sticky":false,"template":"","format":"standard","meta":{"_jetpack_memberships_contains_paid_content":false,"footnotes":"","jetpack_publicize_message":"","jetpack_publicize_feature_enabled":true,"jetpack_social_post_already_shared":true,"jetpack_social_options":{"image_generator_settings":{"template":"highway","default_image_id":0,"font":"","enabled":false},"version":2}},"categories":[89],"tags":[],"class_list":["post-16818","post","type-post","status-publish","format-standard","has-post-thumbnail","hentry","category-nacionales"],"yoast_head":"<!-- This site is optimized with the Yoast SEO plugin v27.4 - https:\/\/yoast.com\/product\/yoast-seo-wordpress\/ -->\n<title>Artemis II: Trump recibi\u00f3 a los astronautas en la Casa Blanca y prometi\u00f3 volver a la Luna antes de 2029 -<\/title>\n<meta name=\"robots\" content=\"index, follow, max-snippet:-1, max-image-preview:large, max-video-preview:-1\" \/>\n<link rel=\"canonical\" href=\"https:\/\/impactocastex.com.ar\/?p=16818\" \/>\n<meta property=\"og:locale\" content=\"es_ES\" \/>\n<meta property=\"og:type\" content=\"article\" \/>\n<meta property=\"og:title\" content=\"Artemis II: Trump recibi\u00f3 a los astronautas en la Casa Blanca y prometi\u00f3 volver a la Luna antes de 2029 -\" \/>\n<meta property=\"og:description\" content=\"WASHINGTON (APF).-A poco m\u00e1s de dos semanas del viaje alrededor de la Luna, los astronautas...\" \/>\n<meta property=\"og:url\" content=\"https:\/\/impactocastex.com.ar\/?p=16818\" \/>\n<meta property=\"article:publisher\" content=\"https:\/\/www.facebook.com\/impactocastexdiario\" \/>\n<meta property=\"article:published_time\" content=\"2026-04-30T04:17:06+00:00\" \/>\n<meta property=\"og:image\" content=\"https:\/\/resizer.glanacion.com\/resizer\/v2\/BV54LFDDP5AB3HPOT5VQVYDTYE.JPG?auth=32f7389bc089547c65b23b2e76ceb1cf54b9503afdcd3ade25f0bef6e5c9e5a9&amp;smart=true&amp;width=4313&amp;height=2876\" \/>\n<meta name=\"author\" content=\"impactocastex\" \/>\n<meta name=\"twitter:card\" content=\"summary_large_image\" \/>\n<meta name=\"twitter:label1\" content=\"Escrito por\" \/>\n\t<meta name=\"twitter:data1\" content=\"impactocastex\" \/>\n\t<meta name=\"twitter:label2\" content=\"Tiempo de lectura\" \/>\n\t<meta name=\"twitter:data2\" content=\"3 minutos\" \/>\n<script type=\"application\/ld+json\" class=\"yoast-schema-graph\">{\"@context\":\"https:\\\/\\\/schema.org\",\"@graph\":[{\"@type\":\"Article\",\"@id\":\"https:\\\/\\\/impactocastex.com.ar\\\/?p=16818#article\",\"isPartOf\":{\"@id\":\"https:\\\/\\\/impactocastex.com.ar\\\/?p=16818\"},\"author\":{\"name\":\"impactocastex\",\"@id\":\"https:\\\/\\\/impactocastex.com.ar\\\/#\\\/schema\\\/person\\\/86cb4f827fb5f87869a239b98a69c6e3\"},\"headline\":\"Artemis II: Trump recibi\u00f3 a los astronautas en la Casa Blanca y prometi\u00f3 volver a la Luna antes de 2029\",\"datePublished\":\"2026-04-30T04:17:06+00:00\",\"mainEntityOfPage\":{\"@id\":\"https:\\\/\\\/impactocastex.com.ar\\\/?p=16818\"},\"wordCount\":648,\"publisher\":{\"@id\":\"https:\\\/\\\/impactocastex.com.ar\\\/#organization\"},\"image\":{\"@id\":\"https:\\\/\\\/impactocastex.com.ar\\\/?p=16818#primaryimage\"},\"thumbnailUrl\":\"https:\\\/\\\/impactocastex.com.ar\\\/wp-content\\\/uploads\\\/2026\\\/04\\\/L6LWIKRMEJBRRORKBMIFXKPRB4-ohcAhM-scaled.jpg\",\"articleSection\":[\"NACIONALES\"],\"inLanguage\":\"es\"},{\"@type\":\"WebPage\",\"@id\":\"https:\\\/\\\/impactocastex.com.ar\\\/?p=16818\",\"url\":\"https:\\\/\\\/impactocastex.com.ar\\\/?p=16818\",\"name\":\"Artemis II: Trump recibi\u00f3 a los astronautas en la Casa Blanca y prometi\u00f3 volver a la Luna antes de 2029 -\",\"isPartOf\":{\"@id\":\"https:\\\/\\\/impactocastex.com.ar\\\/#website\"},\"primaryImageOfPage\":{\"@id\":\"https:\\\/\\\/impactocastex.com.ar\\\/?p=16818#primaryimage\"},\"image\":{\"@id\":\"https:\\\/\\\/impactocastex.com.ar\\\/?p=16818#primaryimage\"},\"thumbnailUrl\":\"https:\\\/\\\/impactocastex.com.ar\\\/wp-content\\\/uploads\\\/2026\\\/04\\\/L6LWIKRMEJBRRORKBMIFXKPRB4-ohcAhM-scaled.jpg\",\"datePublished\":\"2026-04-30T04:17:06+00:00\",\"breadcrumb\":{\"@id\":\"https:\\\/\\\/impactocastex.com.ar\\\/?p=16818#breadcrumb\"},\"inLanguage\":\"es\",\"potentialAction\":[{\"@type\":\"ReadAction\",\"target\":[\"https:\\\/\\\/impactocastex.com.ar\\\/?p=16818\"]}]},{\"@type\":\"ImageObject\",\"inLanguage\":\"es\",\"@id\":\"https:\\\/\\\/impactocastex.com.ar\\\/?p=16818#primaryimage\",\"url\":\"https:\\\/\\\/impactocastex.com.ar\\\/wp-content\\\/uploads\\\/2026\\\/04\\\/L6LWIKRMEJBRRORKBMIFXKPRB4-ohcAhM-scaled.jpg\",\"contentUrl\":\"https:\\\/\\\/impactocastex.com.ar\\\/wp-content\\\/uploads\\\/2026\\\/04\\\/L6LWIKRMEJBRRORKBMIFXKPRB4-ohcAhM-scaled.jpg\",\"width\":2560,\"height\":1707},{\"@type\":\"BreadcrumbList\",\"@id\":\"https:\\\/\\\/impactocastex.com.ar\\\/?p=16818#breadcrumb\",\"itemListElement\":[{\"@type\":\"ListItem\",\"position\":1,\"name\":\"Portada\",\"item\":\"https:\\\/\\\/impactocastex.com.ar\\\/\"},{\"@type\":\"ListItem\",\"position\":2,\"name\":\"Artemis II: Trump recibi\u00f3 a los astronautas en la Casa Blanca y prometi\u00f3 volver a la Luna antes de 2029\"}]},{\"@type\":\"WebSite\",\"@id\":\"https:\\\/\\\/impactocastex.com.ar\\\/#website\",\"url\":\"https:\\\/\\\/impactocastex.com.ar\\\/\",\"name\":\"Impacto Castex\",\"description\":\"\",\"publisher\":{\"@id\":\"https:\\\/\\\/impactocastex.com.ar\\\/#organization\"},\"potentialAction\":[{\"@type\":\"SearchAction\",\"target\":{\"@type\":\"EntryPoint\",\"urlTemplate\":\"https:\\\/\\\/impactocastex.com.ar\\\/?s={search_term_string}\"},\"query-input\":{\"@type\":\"PropertyValueSpecification\",\"valueRequired\":true,\"valueName\":\"search_term_string\"}}],\"inLanguage\":\"es\"},{\"@type\":\"Organization\",\"@id\":\"https:\\\/\\\/impactocastex.com.ar\\\/#organization\",\"name\":\"Impacto Castex\",\"url\":\"https:\\\/\\\/impactocastex.com.ar\\\/\",\"logo\":{\"@type\":\"ImageObject\",\"inLanguage\":\"es\",\"@id\":\"https:\\\/\\\/impactocastex.com.ar\\\/#\\\/schema\\\/logo\\\/image\\\/\",\"url\":\"https:\\\/\\\/impactocastex.com.ar\\\/wp-content\\\/uploads\\\/2025\\\/09\\\/cropped-icoweb.png\",\"contentUrl\":\"https:\\\/\\\/impactocastex.com.ar\\\/wp-content\\\/uploads\\\/2025\\\/09\\\/cropped-icoweb.png\",\"width\":512,\"height\":512,\"caption\":\"Impacto Castex\"},\"image\":{\"@id\":\"https:\\\/\\\/impactocastex.com.ar\\\/#\\\/schema\\\/logo\\\/image\\\/\"},\"sameAs\":[\"https:\\\/\\\/www.facebook.com\\\/impactocastexdiario\",\"https:\\\/\\\/www.instagram.com\\\/impactocastex.com.ar\\\/\"]},{\"@type\":\"Person\",\"@id\":\"https:\\\/\\\/impactocastex.com.ar\\\/#\\\/schema\\\/person\\\/86cb4f827fb5f87869a239b98a69c6e3\",\"name\":\"impactocastex\",\"image\":{\"@type\":\"ImageObject\",\"inLanguage\":\"es\",\"@id\":\"https:\\\/\\\/secure.gravatar.com\\\/avatar\\\/9a87ee051ca8c77f5d4070843ce2c78cdf95b858b950fb039151de955122f5f5?s=96&d=mm&r=g\",\"url\":\"https:\\\/\\\/secure.gravatar.com\\\/avatar\\\/9a87ee051ca8c77f5d4070843ce2c78cdf95b858b950fb039151de955122f5f5?s=96&d=mm&r=g\",\"contentUrl\":\"https:\\\/\\\/secure.gravatar.com\\\/avatar\\\/9a87ee051ca8c77f5d4070843ce2c78cdf95b858b950fb039151de955122f5f5?s=96&d=mm&r=g\",\"caption\":\"impactocastex\"},\"sameAs\":[\"https:\\\/\\\/impactocastex.com.ar\"],\"url\":\"https:\\\/\\\/impactocastex.com.ar\\\/?author=1\"}]}<\/script>\n<!-- \/ Yoast SEO plugin. -->","yoast_head_json":{"title":"Artemis II: Trump recibi\u00f3 a los astronautas en la Casa Blanca y prometi\u00f3 volver a la Luna antes de 2029 -","robots":{"index":"index","follow":"follow","max-snippet":"max-snippet:-1","max-image-preview":"max-image-preview:large","max-video-preview":"max-video-preview:-1"},"canonical":"https:\/\/impactocastex.com.ar\/?p=16818","og_locale":"es_ES","og_type":"article","og_title":"Artemis II: Trump recibi\u00f3 a los astronautas en la Casa Blanca y prometi\u00f3 volver a la Luna antes de 2029 -","og_description":"WASHINGTON (APF).-A poco m\u00e1s de dos semanas del viaje alrededor de la Luna, los astronautas...","og_url":"https:\/\/impactocastex.com.ar\/?p=16818","article_publisher":"https:\/\/www.facebook.com\/impactocastexdiario","article_published_time":"2026-04-30T04:17:06+00:00","og_image":[{"url":"https:\/\/resizer.glanacion.com\/resizer\/v2\/BV54LFDDP5AB3HPOT5VQVYDTYE.JPG?auth=32f7389bc089547c65b23b2e76ceb1cf54b9503afdcd3ade25f0bef6e5c9e5a9&amp;smart=true&amp;width=4313&amp;height=2876","type":"","width":"","height":""}],"author":"impactocastex","twitter_card":"summary_large_image","twitter_misc":{"Escrito por":"impactocastex","Tiempo de lectura":"3 minutos"},"schema":{"@context":"https:\/\/schema.org","@graph":[{"@type":"Article","@id":"https:\/\/impactocastex.com.ar\/?p=16818#article","isPartOf":{"@id":"https:\/\/impactocastex.com.ar\/?p=16818"},"author":{"name":"impactocastex","@id":"https:\/\/impactocastex.com.ar\/#\/schema\/person\/86cb4f827fb5f87869a239b98a69c6e3"},"headline":"Artemis II: Trump recibi\u00f3 a los astronautas en la Casa Blanca y prometi\u00f3 volver a la Luna antes de 2029","datePublished":"2026-04-30T04:17:06+00:00","mainEntityOfPage":{"@id":"https:\/\/impactocastex.com.ar\/?p=16818"},"wordCount":648,"publisher":{"@id":"https:\/\/impactocastex.com.ar\/#organization"},"image":{"@id":"https:\/\/impactocastex.com.ar\/?p=16818#primaryimage"},"thumbnailUrl":"https:\/\/impactocastex.com.ar\/wp-content\/uploads\/2026\/04\/L6LWIKRMEJBRRORKBMIFXKPRB4-ohcAhM-scaled.jpg","articleSection":["NACIONALES"],"inLanguage":"es"},{"@type":"WebPage","@id":"https:\/\/impactocastex.com.ar\/?p=16818","url":"https:\/\/impactocastex.com.ar\/?p=16818","name":"Artemis II: Trump recibi\u00f3 a los astronautas en la Casa Blanca y prometi\u00f3 volver a la Luna antes de 2029 -","isPartOf":{"@id":"https:\/\/impactocastex.com.ar\/#website"},"primaryImageOfPage":{"@id":"https:\/\/impactocastex.com.ar\/?p=16818#primaryimage"},"image":{"@id":"https:\/\/impactocastex.com.ar\/?p=16818#primaryimage"},"thumbnailUrl":"https:\/\/impactocastex.com.ar\/wp-content\/uploads\/2026\/04\/L6LWIKRMEJBRRORKBMIFXKPRB4-ohcAhM-scaled.jpg","datePublished":"2026-04-30T04:17:06+00:00","breadcrumb":{"@id":"https:\/\/impactocastex.com.ar\/?p=16818#breadcrumb"},"inLanguage":"es","potentialAction":[{"@type":"ReadAction","target":["https:\/\/impactocastex.com.ar\/?p=16818"]}]},{"@type":"ImageObject","inLanguage":"es","@id":"https:\/\/impactocastex.com.ar\/?p=16818#primaryimage","url":"https:\/\/impactocastex.com.ar\/wp-content\/uploads\/2026\/04\/L6LWIKRMEJBRRORKBMIFXKPRB4-ohcAhM-scaled.jpg","contentUrl":"https:\/\/impactocastex.com.ar\/wp-content\/uploads\/2026\/04\/L6LWIKRMEJBRRORKBMIFXKPRB4-ohcAhM-scaled.jpg","width":2560,"height":1707},{"@type":"BreadcrumbList","@id":"https:\/\/impactocastex.com.ar\/?p=16818#breadcrumb","itemListElement":[{"@type":"ListItem","position":1,"name":"Portada","item":"https:\/\/impactocastex.com.ar\/"},{"@type":"ListItem","position":2,"name":"Artemis II: Trump recibi\u00f3 a los astronautas en la Casa Blanca y prometi\u00f3 volver a la Luna antes de 2029"}]},{"@type":"WebSite","@id":"https:\/\/impactocastex.com.ar\/#website","url":"https:\/\/impactocastex.com.ar\/","name":"Impacto Castex","description":"","publisher":{"@id":"https:\/\/impactocastex.com.ar\/#organization"},"potentialAction":[{"@type":"SearchAction","target":{"@type":"EntryPoint","urlTemplate":"https:\/\/impactocastex.com.ar\/?s={search_term_string}"},"query-input":{"@type":"PropertyValueSpecification","valueRequired":true,"valueName":"search_term_string"}}],"inLanguage":"es"},{"@type":"Organization","@id":"https:\/\/impactocastex.com.ar\/#organization","name":"Impacto Castex","url":"https:\/\/impactocastex.com.ar\/","logo":{"@type":"ImageObject","inLanguage":"es","@id":"https:\/\/impactocastex.com.ar\/#\/schema\/logo\/image\/","url":"https:\/\/impactocastex.com.ar\/wp-content\/uploads\/2025\/09\/cropped-icoweb.png","contentUrl":"https:\/\/impactocastex.com.ar\/wp-content\/uploads\/2025\/09\/cropped-icoweb.png","width":512,"height":512,"caption":"Impacto Castex"},"image":{"@id":"https:\/\/impactocastex.com.ar\/#\/schema\/logo\/image\/"},"sameAs":["https:\/\/www.facebook.com\/impactocastexdiario","https:\/\/www.instagram.com\/impactocastex.com.ar\/"]},{"@type":"Person","@id":"https:\/\/impactocastex.com.ar\/#\/schema\/person\/86cb4f827fb5f87869a239b98a69c6e3","name":"impactocastex","image":{"@type":"ImageObject","inLanguage":"es","@id":"https:\/\/secure.gravatar.com\/avatar\/9a87ee051ca8c77f5d4070843ce2c78cdf95b858b950fb039151de955122f5f5?s=96&d=mm&r=g","url":"https:\/\/secure.gravatar.com\/avatar\/9a87ee051ca8c77f5d4070843ce2c78cdf95b858b950fb039151de955122f5f5?s=96&d=mm&r=g","contentUrl":"https:\/\/secure.gravatar.com\/avatar\/9a87ee051ca8c77f5d4070843ce2c78cdf95b858b950fb039151de955122f5f5?s=96&d=mm&r=g","caption":"impactocastex"},"sameAs":["https:\/\/impactocastex.com.ar"],"url":"https:\/\/impactocastex.com.ar\/?author=1"}]}},"jetpack_publicize_connections":[],"featured_image_urls":{"full":["https:\/\/impactocastex.com.ar\/wp-content\/uploads\/2026\/04\/L6LWIKRMEJBRRORKBMIFXKPRB4-ohcAhM-scaled.jpg",2560,1707,false],"thumbnail":["https:\/\/impactocastex.com.ar\/wp-content\/uploads\/2026\/04\/L6LWIKRMEJBRRORKBMIFXKPRB4-ohcAhM-150x150.jpg",150,150,true],"medium":["https:\/\/impactocastex.com.ar\/wp-content\/uploads\/2026\/04\/L6LWIKRMEJBRRORKBMIFXKPRB4-ohcAhM-300x200.jpg",300,200,true],"medium_large":["https:\/\/impactocastex.com.ar\/wp-content\/uploads\/2026\/04\/L6LWIKRMEJBRRORKBMIFXKPRB4-ohcAhM-768x512.jpg",640,427,true],"large":["https:\/\/impactocastex.com.ar\/wp-content\/uploads\/2026\/04\/L6LWIKRMEJBRRORKBMIFXKPRB4-ohcAhM-1024x683.jpg",640,427,true],"1536x1536":["https:\/\/impactocastex.com.ar\/wp-content\/uploads\/2026\/04\/L6LWIKRMEJBRRORKBMIFXKPRB4-ohcAhM-1536x1024.jpg",1536,1024,true],"2048x2048":["https:\/\/impactocastex.com.ar\/wp-content\/uploads\/2026\/04\/L6LWIKRMEJBRRORKBMIFXKPRB4-ohcAhM-2048x1366.jpg",2048,1366,true],"newsever-slider-full":["https:\/\/impactocastex.com.ar\/wp-content\/uploads\/2026\/04\/L6LWIKRMEJBRRORKBMIFXKPRB4-ohcAhM-1280x845.jpg",1280,845,true],"newsever-featured":["https:\/\/impactocastex.com.ar\/wp-content\/uploads\/2026\/04\/L6LWIKRMEJBRRORKBMIFXKPRB4-ohcAhM-1024x683.jpg",1024,683,true],"newsever-medium":["https:\/\/impactocastex.com.ar\/wp-content\/uploads\/2026\/04\/L6LWIKRMEJBRRORKBMIFXKPRB4-ohcAhM-720x475.jpg",720,475,true]},"author_info":{"info":["impactocastex"]},"category_info":"<a href=\"https:\/\/impactocastex.com.ar\/?cat=89\" rel=\"category\">NACIONALES<\/a>","tag_info":"NACIONALES","comment_count":0,"jetpack_featured_media_url":"https:\/\/impactocastex.com.ar\/wp-content\/uploads\/2026\/04\/L6LWIKRMEJBRRORKBMIFXKPRB4-ohcAhM-scaled.jpg","jetpack_sharing_enabled":true,"jetpack_likes_enabled":true,"jetpack_shortlink":"https:\/\/wp.me\/p7sopA-4ng","_links":{"self":[{"href":"https:\/\/impactocastex.com.ar\/index.php?rest_route=\/wp\/v2\/posts\/16818","targetHints":{"allow":["GET"]}}],"collection":[{"href":"https:\/\/impactocastex.com.ar\/index.php?rest_route=\/wp\/v2\/posts"}],"about":[{"href":"https:\/\/impactocastex.com.ar\/index.php?rest_route=\/wp\/v2\/types\/post"}],"author":[{"embeddable":true,"href":"https:\/\/impactocastex.com.ar\/index.php?rest_route=\/wp\/v2\/users\/1"}],"replies":[{"embeddable":true,"href":"https:\/\/impactocastex.com.ar\/index.php?rest_route=%2Fwp%2Fv2%2Fcomments&post=16818"}],"version-history":[{"count":0,"href":"https:\/\/impactocastex.com.ar\/index.php?rest_route=\/wp\/v2\/posts\/16818\/revisions"}],"wp:featuredmedia":[{"embeddable":true,"href":"https:\/\/impactocastex.com.ar\/index.php?rest_route=\/wp\/v2\/media\/16819"}],"wp:attachment":[{"href":"https:\/\/impactocastex.com.ar\/index.php?rest_route=%2Fwp%2Fv2%2Fmedia&parent=16818"}],"wp:term":[{"taxonomy":"category","embeddable":true,"href":"https:\/\/impactocastex.com.ar\/index.php?rest_route=%2Fwp%2Fv2%2Fcategories&post=16818"},{"taxonomy":"post_tag","embeddable":true,"href":"https:\/\/impactocastex.com.ar\/index.php?rest_route=%2Fwp%2Fv2%2Ftags&post=16818"}],"curies":[{"name":"wp","href":"https:\/\/api.w.org\/{rel}","templated":true}]}}