{"id":16808,"date":"2026-04-29T20:24:08","date_gmt":"2026-04-29T23:24:08","guid":{"rendered":"https:\/\/impactocastex.com.ar\/?p=16808"},"modified":"2026-04-29T20:24:08","modified_gmt":"2026-04-29T23:24:08","slug":"adorni-y-los-milei-en-diputados-una-sesion-mas-normal-que-lo-esperado-y-senales-de-polarizacion-extrema-que-no-aflojan","status":"publish","type":"post","link":"https:\/\/impactocastex.com.ar\/?p=16808","title":{"rendered":"Adorni y los Milei en Diputados: una sesi\u00f3n m\u00e1s \u00abnormal\u00bb que lo esperado, y se\u00f1ales de polarizaci\u00f3n extrema que no aflojan"},"content":{"rendered":"<div><img decoding=\"async\" src=\"https:\/\/www.clarin.com\/img\/2026\/04\/29\/jCOQrGQYS_2000x1500__1.jpg\" class=\"ff-og-image-inserted\" \/><\/div>\n<div>\n<p><strong>\u201cDicen que soy aburrido\u201d, <\/strong>dec\u00eda Fernando de la R\u00faa en un recordado spot de campa\u00f1a de 1999, con el que lleg\u00f3 a la Casa Rosada, tratando de hacer fortaleza de una supuesta debilidad. Pasan los lustros y la pol\u00edtica argentina nunca es aburrida. Incluso parece ir ganando en <strong>giros sorpresas en su gui\u00f3n,<\/strong> como en una serie de Netflix. \u00bfSe les hubiera ocurrido a los guionistas poner al propio Presidente, su hermana \u2013segunda figura del poder-, a todos los ministros en los palcos en apoyo de un jefe de Gabinete \u2013aqu\u00ed Manuel Adorni- investigado por la Justicia, por presunto enriquecimiento il\u00edcito, sospechadas compras de departamentos y viajes familiares con gastos en d\u00f3lares cash? En otra escena, el Presidente deja el recinto y al cruzarse con los periodistas acreditados no se detiene sino que al paso les devuelve <strong>\u201c\u00a1corruptos!\u201d<\/strong> tras hab\u00e9rsele preguntado si lo del jefe de Gabinete hab\u00eda sido suficiente para aclarar las dudas. Dentro del recinto ya se dieron otras perlas: las acusaciones de Milei hacia la izquierda de haber \u201casesinado a 150 millones de personas\u201d, un diputado \u2013Esteban Paul\u00f3n- repartiendo pochoclo, otro diputado, el ultracristinista Rodolfo Tailhade, causando cierta hilaridad al asegurar que hace diez a\u00f1os \u201cpersigue\u201d a los corruptos.<\/p>\n<\/div>\n<div>\n<p>Y pese a todo, sin embargo, <strong>la sesi\u00f3n transcurri\u00f3 con m\u00e1s \u201cnormalidad\u201d que la esperada.<\/strong> La oposici\u00f3n arremeti\u00f3 contra el jefe de Gabinete pero a\u00fan el kirchnerismo duro, busc\u00f3 no cruzar la raya para que Adorni no hiciera \u201cla gran (Guillermo) Francos\u201d, ofenderse e irse prematuramente del recinto, como sucedi\u00f3 con el otrora jefe de Gabinete en el Senado el a\u00f1o pasado.<\/p>\n<\/div>\n<div>\n<p>La estrategia de Adorni de incluir en su mensaje le\u00eddo al inicio, las cuestiones relativas a sus causas judiciales, sirvi\u00f3 para descomprimir acaso, el vendaval que se sab\u00eda, iba a venir despu\u00e9s a la hora de las \u201cpreguntas\u201d, que terminan siendo no solo preguntas, sino tribunas para las acusaciones. Adorni <strong>no dio ninguna de las explicaciones o detalles que a\u00fan se esperan<\/strong>, pero afirm\u00f3 que no cometi\u00f3 delito y sostuvo que no va a renunciar, lo que le fue reclamado desde distintas bancas opositoras, dispuestos a <strong>esmerilar <\/strong>a un funcionario clave dentro del esquema libertario.<\/p>\n<\/div>\n<div>\n<p>Adorni fue prolijo en su preparaci\u00f3n. Ya el lunes hab\u00eda visitado el recinto acompa\u00f1ado por el presidente de la C\u00e1mara, <strong>Mart\u00edn Menem.<\/strong> Se \u00abambient\u00f3\u00bb e incluso ensay\u00f3 respuestas en un coaching \u00abincisivo\u00bb. Algunos liderazgos y alegr\u00edas son <strong>demasiado l\u00edquidos:<\/strong> Adorni vale recordar, gan\u00f3 con amplitud las elecciones locales de la Ciudad el a\u00f1o pasado, asestando un feroz golpe al PRO en su basti\u00f3n; y si bien fue testimonial y no asumi\u00f3 como legislador, se proyectaba como candidato para jefe de Gobierno de la mano de Karina Milei. Sus acciones ahora, <strong>est\u00e1n en franco descenso y se sostiene a\u00fan con el firme apoyo de los hermanos Milei.<\/strong><\/p>\n<\/div>\n<div>\n<p>Con el Congreso vallado, megaoperativo de seguridad y m\u00e1s all\u00e1 de la justificaci\u00f3n por la presencia del Presidente, persiste la postal del pa\u00eds que no se aburre pero a costa de repetirse en las crisis recurrentes y la confrontaci\u00f3n constante.<\/p>\n<\/div>\n<div>\n<p>Como sucedi\u00f3 el 1\u00b0 de marzo en la Asamblea Legislativa, con fuertes cruces y chicanas del Presidente a la oposici\u00f3n dura, llegando casi a los dos a\u00f1os y medio de mandato de Milei <strong>nada indica que la polarizaci\u00f3n extrema no vaya a ser el signo del pr\u00f3ximo turno electoral.<\/strong><\/p>\n<\/div>\n<div>\n<p>Milei hab\u00eda llegado envalentonado a aquella apertura de ordinarias por los objetivos cumplidos en extraordinarias, en particular la sanci\u00f3n de la reforma laboral. Hiperb\u00f3lico, augur\u00f3 un Congreso muy activo este a\u00f1o y \u201cpaquetes\u201d de leyes que enviar\u00eda cada ministerio. Por ahora, llegando a fines de abril, el desempe\u00f1o legislativo es m\u00f3dico, con un Senado que busca arrancar con la dudosa reforma electoral y pliegos judiciales sospechados de acuerdos con el kirchnerismo, mientras Diputados sancion\u00f3 hace tres semanas la Ley de Glaciares y a\u00fan se busca consensuar una pr\u00f3xima sesi\u00f3n por la ley Hojarasca, un tema que muchos consideran marginal.<\/p>\n<\/div>\n<p><strong><a href=\"https:\/\/blockads.fivefilters.org\/\">Adblock test<\/a><\/strong> <a href=\"https:\/\/blockads.fivefilters.org\/acceptable.html\">(Why?)<\/a><\/p>\n<p>\u200b\u00a0\u00a0\u200b<\/p>","protected":false},"excerpt":{"rendered":"<p>\u201cDicen que soy aburrido\u201d, dec\u00eda Fernando de la R\u00faa en un recordado spot de campa\u00f1a&#8230;<\/p>\n","protected":false},"author":1,"featured_media":16809,"comment_status":"closed","ping_status":"closed","sticky":false,"template":"","format":"standard","meta":{"_jetpack_memberships_contains_paid_content":false,"footnotes":"","jetpack_publicize_message":"","jetpack_publicize_feature_enabled":true,"jetpack_social_post_already_shared":true,"jetpack_social_options":{"image_generator_settings":{"template":"highway","default_image_id":0,"font":"","enabled":false},"version":2}},"categories":[122],"tags":[],"class_list":["post-16808","post","type-post","status-publish","format-standard","has-post-thumbnail","hentry","category-politica"],"yoast_head":"<!-- This site is optimized with the Yoast SEO plugin v27.4 - https:\/\/yoast.com\/product\/yoast-seo-wordpress\/ -->\n<title>Adorni y los Milei en Diputados: una sesi\u00f3n m\u00e1s &quot;normal&quot; que lo esperado, y se\u00f1ales de polarizaci\u00f3n extrema que no aflojan -<\/title>\n<meta name=\"robots\" content=\"index, follow, max-snippet:-1, max-image-preview:large, max-video-preview:-1\" \/>\n<link rel=\"canonical\" href=\"https:\/\/impactocastex.com.ar\/?p=16808\" \/>\n<meta property=\"og:locale\" content=\"es_ES\" \/>\n<meta property=\"og:type\" content=\"article\" \/>\n<meta property=\"og:title\" content=\"Adorni y los Milei en Diputados: una sesi\u00f3n m\u00e1s &quot;normal&quot; que lo esperado, y se\u00f1ales de polarizaci\u00f3n extrema que no aflojan -\" \/>\n<meta property=\"og:description\" content=\"\u201cDicen que soy aburrido\u201d, dec\u00eda Fernando de la R\u00faa en un recordado spot de campa\u00f1a...\" \/>\n<meta property=\"og:url\" content=\"https:\/\/impactocastex.com.ar\/?p=16808\" \/>\n<meta property=\"article:publisher\" content=\"https:\/\/www.facebook.com\/impactocastexdiario\" \/>\n<meta property=\"article:published_time\" content=\"2026-04-29T23:24:08+00:00\" \/>\n<meta property=\"og:image\" content=\"https:\/\/www.clarin.com\/img\/2026\/04\/29\/jCOQrGQYS_2000x1500__1.jpg\" \/>\n<meta name=\"author\" content=\"impactocastex\" \/>\n<meta name=\"twitter:card\" content=\"summary_large_image\" \/>\n<meta name=\"twitter:label1\" content=\"Escrito por\" \/>\n\t<meta name=\"twitter:data1\" content=\"impactocastex\" \/>\n\t<meta name=\"twitter:label2\" content=\"Tiempo de lectura\" \/>\n\t<meta name=\"twitter:data2\" content=\"4 minutos\" \/>\n<script type=\"application\/ld+json\" class=\"yoast-schema-graph\">{\"@context\":\"https:\\\/\\\/schema.org\",\"@graph\":[{\"@type\":\"Article\",\"@id\":\"https:\\\/\\\/impactocastex.com.ar\\\/?p=16808#article\",\"isPartOf\":{\"@id\":\"https:\\\/\\\/impactocastex.com.ar\\\/?p=16808\"},\"author\":{\"name\":\"impactocastex\",\"@id\":\"https:\\\/\\\/impactocastex.com.ar\\\/#\\\/schema\\\/person\\\/86cb4f827fb5f87869a239b98a69c6e3\"},\"headline\":\"Adorni y los Milei en Diputados: una sesi\u00f3n m\u00e1s \u00abnormal\u00bb que lo esperado, y se\u00f1ales de polarizaci\u00f3n extrema que no aflojan\",\"datePublished\":\"2026-04-29T23:24:08+00:00\",\"mainEntityOfPage\":{\"@id\":\"https:\\\/\\\/impactocastex.com.ar\\\/?p=16808\"},\"wordCount\":727,\"publisher\":{\"@id\":\"https:\\\/\\\/impactocastex.com.ar\\\/#organization\"},\"image\":{\"@id\":\"https:\\\/\\\/impactocastex.com.ar\\\/?p=16808#primaryimage\"},\"thumbnailUrl\":\"https:\\\/\\\/impactocastex.com.ar\\\/wp-content\\\/uploads\\\/2026\\\/04\\\/jCOQrGQYS_1200x630__1-3tH8zY.jpg\",\"articleSection\":[\"POLITICA\"],\"inLanguage\":\"es\"},{\"@type\":\"WebPage\",\"@id\":\"https:\\\/\\\/impactocastex.com.ar\\\/?p=16808\",\"url\":\"https:\\\/\\\/impactocastex.com.ar\\\/?p=16808\",\"name\":\"Adorni y los Milei en Diputados: una sesi\u00f3n m\u00e1s \\\"normal\\\" que lo esperado, y se\u00f1ales de polarizaci\u00f3n extrema que no aflojan -\",\"isPartOf\":{\"@id\":\"https:\\\/\\\/impactocastex.com.ar\\\/#website\"},\"primaryImageOfPage\":{\"@id\":\"https:\\\/\\\/impactocastex.com.ar\\\/?p=16808#primaryimage\"},\"image\":{\"@id\":\"https:\\\/\\\/impactocastex.com.ar\\\/?p=16808#primaryimage\"},\"thumbnailUrl\":\"https:\\\/\\\/impactocastex.com.ar\\\/wp-content\\\/uploads\\\/2026\\\/04\\\/jCOQrGQYS_1200x630__1-3tH8zY.jpg\",\"datePublished\":\"2026-04-29T23:24:08+00:00\",\"breadcrumb\":{\"@id\":\"https:\\\/\\\/impactocastex.com.ar\\\/?p=16808#breadcrumb\"},\"inLanguage\":\"es\",\"potentialAction\":[{\"@type\":\"ReadAction\",\"target\":[\"https:\\\/\\\/impactocastex.com.ar\\\/?p=16808\"]}]},{\"@type\":\"ImageObject\",\"inLanguage\":\"es\",\"@id\":\"https:\\\/\\\/impactocastex.com.ar\\\/?p=16808#primaryimage\",\"url\":\"https:\\\/\\\/impactocastex.com.ar\\\/wp-content\\\/uploads\\\/2026\\\/04\\\/jCOQrGQYS_1200x630__1-3tH8zY.jpg\",\"contentUrl\":\"https:\\\/\\\/impactocastex.com.ar\\\/wp-content\\\/uploads\\\/2026\\\/04\\\/jCOQrGQYS_1200x630__1-3tH8zY.jpg\",\"width\":1200,\"height\":630},{\"@type\":\"BreadcrumbList\",\"@id\":\"https:\\\/\\\/impactocastex.com.ar\\\/?p=16808#breadcrumb\",\"itemListElement\":[{\"@type\":\"ListItem\",\"position\":1,\"name\":\"Portada\",\"item\":\"https:\\\/\\\/impactocastex.com.ar\\\/\"},{\"@type\":\"ListItem\",\"position\":2,\"name\":\"Adorni y los Milei en Diputados: una sesi\u00f3n m\u00e1s \u00abnormal\u00bb que lo esperado, y se\u00f1ales de polarizaci\u00f3n extrema que no aflojan\"}]},{\"@type\":\"WebSite\",\"@id\":\"https:\\\/\\\/impactocastex.com.ar\\\/#website\",\"url\":\"https:\\\/\\\/impactocastex.com.ar\\\/\",\"name\":\"Impacto Castex\",\"description\":\"\",\"publisher\":{\"@id\":\"https:\\\/\\\/impactocastex.com.ar\\\/#organization\"},\"potentialAction\":[{\"@type\":\"SearchAction\",\"target\":{\"@type\":\"EntryPoint\",\"urlTemplate\":\"https:\\\/\\\/impactocastex.com.ar\\\/?s={search_term_string}\"},\"query-input\":{\"@type\":\"PropertyValueSpecification\",\"valueRequired\":true,\"valueName\":\"search_term_string\"}}],\"inLanguage\":\"es\"},{\"@type\":\"Organization\",\"@id\":\"https:\\\/\\\/impactocastex.com.ar\\\/#organization\",\"name\":\"Impacto Castex\",\"url\":\"https:\\\/\\\/impactocastex.com.ar\\\/\",\"logo\":{\"@type\":\"ImageObject\",\"inLanguage\":\"es\",\"@id\":\"https:\\\/\\\/impactocastex.com.ar\\\/#\\\/schema\\\/logo\\\/image\\\/\",\"url\":\"https:\\\/\\\/impactocastex.com.ar\\\/wp-content\\\/uploads\\\/2025\\\/09\\\/cropped-icoweb.png\",\"contentUrl\":\"https:\\\/\\\/impactocastex.com.ar\\\/wp-content\\\/uploads\\\/2025\\\/09\\\/cropped-icoweb.png\",\"width\":512,\"height\":512,\"caption\":\"Impacto Castex\"},\"image\":{\"@id\":\"https:\\\/\\\/impactocastex.com.ar\\\/#\\\/schema\\\/logo\\\/image\\\/\"},\"sameAs\":[\"https:\\\/\\\/www.facebook.com\\\/impactocastexdiario\",\"https:\\\/\\\/www.instagram.com\\\/impactocastex.com.ar\\\/\"]},{\"@type\":\"Person\",\"@id\":\"https:\\\/\\\/impactocastex.com.ar\\\/#\\\/schema\\\/person\\\/86cb4f827fb5f87869a239b98a69c6e3\",\"name\":\"impactocastex\",\"image\":{\"@type\":\"ImageObject\",\"inLanguage\":\"es\",\"@id\":\"https:\\\/\\\/secure.gravatar.com\\\/avatar\\\/9a87ee051ca8c77f5d4070843ce2c78cdf95b858b950fb039151de955122f5f5?s=96&d=mm&r=g\",\"url\":\"https:\\\/\\\/secure.gravatar.com\\\/avatar\\\/9a87ee051ca8c77f5d4070843ce2c78cdf95b858b950fb039151de955122f5f5?s=96&d=mm&r=g\",\"contentUrl\":\"https:\\\/\\\/secure.gravatar.com\\\/avatar\\\/9a87ee051ca8c77f5d4070843ce2c78cdf95b858b950fb039151de955122f5f5?s=96&d=mm&r=g\",\"caption\":\"impactocastex\"},\"sameAs\":[\"https:\\\/\\\/impactocastex.com.ar\"],\"url\":\"https:\\\/\\\/impactocastex.com.ar\\\/?author=1\"}]}<\/script>\n<!-- \/ Yoast SEO plugin. -->","yoast_head_json":{"title":"Adorni y los Milei en Diputados: una sesi\u00f3n m\u00e1s \"normal\" que lo esperado, y se\u00f1ales de polarizaci\u00f3n extrema que no aflojan -","robots":{"index":"index","follow":"follow","max-snippet":"max-snippet:-1","max-image-preview":"max-image-preview:large","max-video-preview":"max-video-preview:-1"},"canonical":"https:\/\/impactocastex.com.ar\/?p=16808","og_locale":"es_ES","og_type":"article","og_title":"Adorni y los Milei en Diputados: una sesi\u00f3n m\u00e1s \"normal\" que lo esperado, y se\u00f1ales de polarizaci\u00f3n extrema que no aflojan -","og_description":"\u201cDicen que soy aburrido\u201d, dec\u00eda Fernando de la R\u00faa en un recordado spot de campa\u00f1a...","og_url":"https:\/\/impactocastex.com.ar\/?p=16808","article_publisher":"https:\/\/www.facebook.com\/impactocastexdiario","article_published_time":"2026-04-29T23:24:08+00:00","og_image":[{"url":"https:\/\/www.clarin.com\/img\/2026\/04\/29\/jCOQrGQYS_2000x1500__1.jpg","type":"","width":"","height":""}],"author":"impactocastex","twitter_card":"summary_large_image","twitter_misc":{"Escrito por":"impactocastex","Tiempo de lectura":"4 minutos"},"schema":{"@context":"https:\/\/schema.org","@graph":[{"@type":"Article","@id":"https:\/\/impactocastex.com.ar\/?p=16808#article","isPartOf":{"@id":"https:\/\/impactocastex.com.ar\/?p=16808"},"author":{"name":"impactocastex","@id":"https:\/\/impactocastex.com.ar\/#\/schema\/person\/86cb4f827fb5f87869a239b98a69c6e3"},"headline":"Adorni y los Milei en Diputados: una sesi\u00f3n m\u00e1s \u00abnormal\u00bb que lo esperado, y se\u00f1ales de polarizaci\u00f3n extrema que no aflojan","datePublished":"2026-04-29T23:24:08+00:00","mainEntityOfPage":{"@id":"https:\/\/impactocastex.com.ar\/?p=16808"},"wordCount":727,"publisher":{"@id":"https:\/\/impactocastex.com.ar\/#organization"},"image":{"@id":"https:\/\/impactocastex.com.ar\/?p=16808#primaryimage"},"thumbnailUrl":"https:\/\/impactocastex.com.ar\/wp-content\/uploads\/2026\/04\/jCOQrGQYS_1200x630__1-3tH8zY.jpg","articleSection":["POLITICA"],"inLanguage":"es"},{"@type":"WebPage","@id":"https:\/\/impactocastex.com.ar\/?p=16808","url":"https:\/\/impactocastex.com.ar\/?p=16808","name":"Adorni y los Milei en Diputados: una sesi\u00f3n m\u00e1s \"normal\" que lo esperado, y se\u00f1ales de polarizaci\u00f3n extrema que no aflojan -","isPartOf":{"@id":"https:\/\/impactocastex.com.ar\/#website"},"primaryImageOfPage":{"@id":"https:\/\/impactocastex.com.ar\/?p=16808#primaryimage"},"image":{"@id":"https:\/\/impactocastex.com.ar\/?p=16808#primaryimage"},"thumbnailUrl":"https:\/\/impactocastex.com.ar\/wp-content\/uploads\/2026\/04\/jCOQrGQYS_1200x630__1-3tH8zY.jpg","datePublished":"2026-04-29T23:24:08+00:00","breadcrumb":{"@id":"https:\/\/impactocastex.com.ar\/?p=16808#breadcrumb"},"inLanguage":"es","potentialAction":[{"@type":"ReadAction","target":["https:\/\/impactocastex.com.ar\/?p=16808"]}]},{"@type":"ImageObject","inLanguage":"es","@id":"https:\/\/impactocastex.com.ar\/?p=16808#primaryimage","url":"https:\/\/impactocastex.com.ar\/wp-content\/uploads\/2026\/04\/jCOQrGQYS_1200x630__1-3tH8zY.jpg","contentUrl":"https:\/\/impactocastex.com.ar\/wp-content\/uploads\/2026\/04\/jCOQrGQYS_1200x630__1-3tH8zY.jpg","width":1200,"height":630},{"@type":"BreadcrumbList","@id":"https:\/\/impactocastex.com.ar\/?p=16808#breadcrumb","itemListElement":[{"@type":"ListItem","position":1,"name":"Portada","item":"https:\/\/impactocastex.com.ar\/"},{"@type":"ListItem","position":2,"name":"Adorni y los Milei en Diputados: una sesi\u00f3n m\u00e1s \u00abnormal\u00bb que lo esperado, y se\u00f1ales de polarizaci\u00f3n extrema que no aflojan"}]},{"@type":"WebSite","@id":"https:\/\/impactocastex.com.ar\/#website","url":"https:\/\/impactocastex.com.ar\/","name":"Impacto Castex","description":"","publisher":{"@id":"https:\/\/impactocastex.com.ar\/#organization"},"potentialAction":[{"@type":"SearchAction","target":{"@type":"EntryPoint","urlTemplate":"https:\/\/impactocastex.com.ar\/?s={search_term_string}"},"query-input":{"@type":"PropertyValueSpecification","valueRequired":true,"valueName":"search_term_string"}}],"inLanguage":"es"},{"@type":"Organization","@id":"https:\/\/impactocastex.com.ar\/#organization","name":"Impacto Castex","url":"https:\/\/impactocastex.com.ar\/","logo":{"@type":"ImageObject","inLanguage":"es","@id":"https:\/\/impactocastex.com.ar\/#\/schema\/logo\/image\/","url":"https:\/\/impactocastex.com.ar\/wp-content\/uploads\/2025\/09\/cropped-icoweb.png","contentUrl":"https:\/\/impactocastex.com.ar\/wp-content\/uploads\/2025\/09\/cropped-icoweb.png","width":512,"height":512,"caption":"Impacto Castex"},"image":{"@id":"https:\/\/impactocastex.com.ar\/#\/schema\/logo\/image\/"},"sameAs":["https:\/\/www.facebook.com\/impactocastexdiario","https:\/\/www.instagram.com\/impactocastex.com.ar\/"]},{"@type":"Person","@id":"https:\/\/impactocastex.com.ar\/#\/schema\/person\/86cb4f827fb5f87869a239b98a69c6e3","name":"impactocastex","image":{"@type":"ImageObject","inLanguage":"es","@id":"https:\/\/secure.gravatar.com\/avatar\/9a87ee051ca8c77f5d4070843ce2c78cdf95b858b950fb039151de955122f5f5?s=96&d=mm&r=g","url":"https:\/\/secure.gravatar.com\/avatar\/9a87ee051ca8c77f5d4070843ce2c78cdf95b858b950fb039151de955122f5f5?s=96&d=mm&r=g","contentUrl":"https:\/\/secure.gravatar.com\/avatar\/9a87ee051ca8c77f5d4070843ce2c78cdf95b858b950fb039151de955122f5f5?s=96&d=mm&r=g","caption":"impactocastex"},"sameAs":["https:\/\/impactocastex.com.ar"],"url":"https:\/\/impactocastex.com.ar\/?author=1"}]}},"jetpack_publicize_connections":[],"featured_image_urls":{"full":["https:\/\/impactocastex.com.ar\/wp-content\/uploads\/2026\/04\/jCOQrGQYS_1200x630__1-3tH8zY.jpg",1200,630,false],"thumbnail":["https:\/\/impactocastex.com.ar\/wp-content\/uploads\/2026\/04\/jCOQrGQYS_1200x630__1-3tH8zY-150x150.jpg",150,150,true],"medium":["https:\/\/impactocastex.com.ar\/wp-content\/uploads\/2026\/04\/jCOQrGQYS_1200x630__1-3tH8zY-300x158.jpg",300,158,true],"medium_large":["https:\/\/impactocastex.com.ar\/wp-content\/uploads\/2026\/04\/jCOQrGQYS_1200x630__1-3tH8zY-768x403.jpg",640,336,true],"large":["https:\/\/impactocastex.com.ar\/wp-content\/uploads\/2026\/04\/jCOQrGQYS_1200x630__1-3tH8zY-1024x538.jpg",640,336,true],"1536x1536":["https:\/\/impactocastex.com.ar\/wp-content\/uploads\/2026\/04\/jCOQrGQYS_1200x630__1-3tH8zY.jpg",1200,630,false],"2048x2048":["https:\/\/impactocastex.com.ar\/wp-content\/uploads\/2026\/04\/jCOQrGQYS_1200x630__1-3tH8zY.jpg",1200,630,false],"newsever-slider-full":["https:\/\/impactocastex.com.ar\/wp-content\/uploads\/2026\/04\/jCOQrGQYS_1200x630__1-3tH8zY.jpg",1200,630,false],"newsever-featured":["https:\/\/impactocastex.com.ar\/wp-content\/uploads\/2026\/04\/jCOQrGQYS_1200x630__1-3tH8zY-1024x538.jpg",1024,538,true],"newsever-medium":["https:\/\/impactocastex.com.ar\/wp-content\/uploads\/2026\/04\/jCOQrGQYS_1200x630__1-3tH8zY-720x475.jpg",720,475,true]},"author_info":{"info":["impactocastex"]},"category_info":"<a href=\"https:\/\/impactocastex.com.ar\/?cat=122\" rel=\"category\">POLITICA<\/a>","tag_info":"POLITICA","comment_count":0,"jetpack_featured_media_url":"https:\/\/impactocastex.com.ar\/wp-content\/uploads\/2026\/04\/jCOQrGQYS_1200x630__1-3tH8zY.jpg","jetpack_sharing_enabled":true,"jetpack_likes_enabled":true,"jetpack_shortlink":"https:\/\/wp.me\/p7sopA-4n6","_links":{"self":[{"href":"https:\/\/impactocastex.com.ar\/index.php?rest_route=\/wp\/v2\/posts\/16808","targetHints":{"allow":["GET"]}}],"collection":[{"href":"https:\/\/impactocastex.com.ar\/index.php?rest_route=\/wp\/v2\/posts"}],"about":[{"href":"https:\/\/impactocastex.com.ar\/index.php?rest_route=\/wp\/v2\/types\/post"}],"author":[{"embeddable":true,"href":"https:\/\/impactocastex.com.ar\/index.php?rest_route=\/wp\/v2\/users\/1"}],"replies":[{"embeddable":true,"href":"https:\/\/impactocastex.com.ar\/index.php?rest_route=%2Fwp%2Fv2%2Fcomments&post=16808"}],"version-history":[{"count":0,"href":"https:\/\/impactocastex.com.ar\/index.php?rest_route=\/wp\/v2\/posts\/16808\/revisions"}],"wp:featuredmedia":[{"embeddable":true,"href":"https:\/\/impactocastex.com.ar\/index.php?rest_route=\/wp\/v2\/media\/16809"}],"wp:attachment":[{"href":"https:\/\/impactocastex.com.ar\/index.php?rest_route=%2Fwp%2Fv2%2Fmedia&parent=16808"}],"wp:term":[{"taxonomy":"category","embeddable":true,"href":"https:\/\/impactocastex.com.ar\/index.php?rest_route=%2Fwp%2Fv2%2Fcategories&post=16808"},{"taxonomy":"post_tag","embeddable":true,"href":"https:\/\/impactocastex.com.ar\/index.php?rest_route=%2Fwp%2Fv2%2Ftags&post=16808"}],"curies":[{"name":"wp","href":"https:\/\/api.w.org\/{rel}","templated":true}]}}