{"id":16800,"date":"2026-04-29T19:19:58","date_gmt":"2026-04-29T22:19:58","guid":{"rendered":"https:\/\/impactocastex.com.ar\/?p=16800"},"modified":"2026-04-29T19:19:58","modified_gmt":"2026-04-29T22:19:58","slug":"recibimos-reconocimiento-internacionalmente-por-nuestros-logros-dijo-milei-ante-empresarios","status":"publish","type":"post","link":"https:\/\/impactocastex.com.ar\/?p=16800","title":{"rendered":"\u201cRecibimos reconocimiento internacionalmente por nuestros logros\u201d, dijo Milei ante empresarios"},"content":{"rendered":"<p>El presidente <b>Javier Milei<\/b> brindaba en la tarde de este mi\u00e9rcoles un discurso ante la Expo EFI 2026 donde defendi\u00f3 una vez m\u00e1s lo que consider\u00f3 <b>\u201clogros\u201d<\/b> de su gesti\u00f3n.<\/p>\n<p>\u201cNunca en Argentina hubo tanta discrepancia entre los datos reales y las barbaridades que dicen los medios de comunicaci\u00f3n\u201d, expres\u00f3 el mandatario, que m\u00e1s temprano hab\u00eda participado de l<a href=\"https:\/\/www.lanacion.com.ar\/politica\/que-dijo-adorni-en-el-congreso-cronologia-de-una-sesion-caliente-en-la-camara-de-diputados-nid29042026\/\" target=\"_self\" rel=\"\" title=\"https:\/\/www.lanacion.com.ar\/politica\/que-dijo-adorni-en-el-congreso-cronologia-de-una-sesion-caliente-en-la-camara-de-diputados-nid29042026\/\">a sesi\u00f3n informativa del jefe de Gabinete, <b>Manuel Adorn<\/b>i, en la Camara de Diputados<\/a>.<\/p>\n<p>Al destacar \u201clogros\u201d de su gesti\u00f3n como la baja de la inflaci\u00f3n, el aumento del ahorro, la ca\u00edda del riesgo pa\u00eds y la reforma laboral, el mandatario sostuvo que esos avances \u201cponen en evidencia que nunca en Argentina hubo tanta discrepancia entre los datos reales y las barbaridades que dicen los medios de comunicaci\u00f3n\u201d. <\/p>\n<p>\u201cEntiendo que no me quieran, algo que hasta podr\u00eda compartir, <b>pero por lo menos, primero, los datos\u201d<\/b>, pidi\u00f3.<\/p>\n<p>Y a\u00f1adi\u00f3: \u201cRecibimos reconocimiento internacionalmente por nuestros logros. Pero como dice la frase: nadie es profeta en su tierra\u201d.<\/p>\n<h1>Cr\u00edticas al periodismo<\/h1>\n<p>En su afrenta contra la prensa, Milei insisti\u00f3: \u201cNo voy a aceptar la psicopateada de los kukas y los periodistas. Voy a rematar sobre este grupo despreciable en un 95%. Hablan de mis respuestas y no dicen el mont\u00f3n de mentiras, calumnias, injurias, las barbaridades que dicen de m\u00ed, de mi familia, de mis hijitos de cuatro patas\u201d.<\/p>\n<p>\u201cHan dicho de todo sobre m\u00ed. Me han acusado de incestuoso, zoof\u00edlico, y ped\u00f3filo. Creo que tengo derecho de defenderme. \u00bfQu\u00e9 creen que es el principio de no agresi\u00f3n? Los periodistas pueden pegar, pero tambi\u00e9n se puede responder. Eso no afecta a la libertad de expresi\u00f3n. Si creen que hay asimetr\u00eda, les pregunto: \u00bfen qu\u00e9 momento ejerc\u00ed violencia? Esto es para todos los llorones\u201d.<\/p>\n<p><i>Noticia en desarrollo<\/i><\/p>\n<p>\u200bEl mandatario brind\u00f3 un discurso ante la Expo EFI 2026; fue despu\u00e9s de haber asistido al Congreso para respaldar a Adorni\u00a0\u00a0<\/p>","protected":false},"excerpt":{"rendered":"<p>El presidente Javier Milei brindaba en la tarde de este mi\u00e9rcoles un discurso ante la&#8230;<\/p>\n","protected":false},"author":1,"featured_media":16801,"comment_status":"closed","ping_status":"closed","sticky":false,"template":"","format":"standard","meta":{"_jetpack_memberships_contains_paid_content":false,"footnotes":"","jetpack_publicize_message":"","jetpack_publicize_feature_enabled":true,"jetpack_social_post_already_shared":true,"jetpack_social_options":{"image_generator_settings":{"template":"highway","default_image_id":0,"font":"","enabled":false},"version":2}},"categories":[89],"tags":[],"class_list":["post-16800","post","type-post","status-publish","format-standard","has-post-thumbnail","hentry","category-nacionales"],"yoast_head":"<!-- This site is optimized with the Yoast SEO plugin v27.4 - https:\/\/yoast.com\/product\/yoast-seo-wordpress\/ -->\n<title>\u201cRecibimos reconocimiento internacionalmente por nuestros logros\u201d, dijo Milei ante empresarios -<\/title>\n<meta name=\"robots\" content=\"index, follow, max-snippet:-1, max-image-preview:large, max-video-preview:-1\" \/>\n<link rel=\"canonical\" href=\"https:\/\/impactocastex.com.ar\/?p=16800\" \/>\n<meta property=\"og:locale\" content=\"es_ES\" \/>\n<meta property=\"og:type\" content=\"article\" \/>\n<meta property=\"og:title\" content=\"\u201cRecibimos reconocimiento internacionalmente por nuestros logros\u201d, dijo Milei ante empresarios -\" \/>\n<meta property=\"og:description\" content=\"El presidente Javier Milei brindaba en la tarde de este mi\u00e9rcoles un discurso ante la...\" \/>\n<meta property=\"og:url\" content=\"https:\/\/impactocastex.com.ar\/?p=16800\" \/>\n<meta property=\"article:publisher\" content=\"https:\/\/www.facebook.com\/impactocastexdiario\" \/>\n<meta property=\"article:published_time\" content=\"2026-04-29T22:19:58+00:00\" \/>\n<meta name=\"author\" content=\"impactocastex\" \/>\n<meta name=\"twitter:card\" content=\"summary_large_image\" \/>\n<meta name=\"twitter:label1\" content=\"Escrito por\" \/>\n\t<meta name=\"twitter:data1\" content=\"impactocastex\" \/>\n\t<meta name=\"twitter:label2\" content=\"Tiempo de lectura\" \/>\n\t<meta name=\"twitter:data2\" content=\"2 minutos\" \/>\n<script type=\"application\/ld+json\" class=\"yoast-schema-graph\">{\"@context\":\"https:\\\/\\\/schema.org\",\"@graph\":[{\"@type\":\"Article\",\"@id\":\"https:\\\/\\\/impactocastex.com.ar\\\/?p=16800#article\",\"isPartOf\":{\"@id\":\"https:\\\/\\\/impactocastex.com.ar\\\/?p=16800\"},\"author\":{\"name\":\"impactocastex\",\"@id\":\"https:\\\/\\\/impactocastex.com.ar\\\/#\\\/schema\\\/person\\\/86cb4f827fb5f87869a239b98a69c6e3\"},\"headline\":\"\u201cRecibimos reconocimiento internacionalmente por nuestros logros\u201d, dijo Milei ante empresarios\",\"datePublished\":\"2026-04-29T22:19:58+00:00\",\"mainEntityOfPage\":{\"@id\":\"https:\\\/\\\/impactocastex.com.ar\\\/?p=16800\"},\"wordCount\":342,\"publisher\":{\"@id\":\"https:\\\/\\\/impactocastex.com.ar\\\/#organization\"},\"image\":{\"@id\":\"https:\\\/\\\/impactocastex.com.ar\\\/?p=16800#primaryimage\"},\"thumbnailUrl\":\"https:\\\/\\\/impactocastex.com.ar\\\/wp-content\\\/uploads\\\/2026\\\/04\\\/IAJ66VJELFE7VEGUCQCYUOU3GA-vdXpws.jpg\",\"articleSection\":[\"NACIONALES\"],\"inLanguage\":\"es\"},{\"@type\":\"WebPage\",\"@id\":\"https:\\\/\\\/impactocastex.com.ar\\\/?p=16800\",\"url\":\"https:\\\/\\\/impactocastex.com.ar\\\/?p=16800\",\"name\":\"\u201cRecibimos reconocimiento internacionalmente por nuestros logros\u201d, dijo Milei ante empresarios -\",\"isPartOf\":{\"@id\":\"https:\\\/\\\/impactocastex.com.ar\\\/#website\"},\"primaryImageOfPage\":{\"@id\":\"https:\\\/\\\/impactocastex.com.ar\\\/?p=16800#primaryimage\"},\"image\":{\"@id\":\"https:\\\/\\\/impactocastex.com.ar\\\/?p=16800#primaryimage\"},\"thumbnailUrl\":\"https:\\\/\\\/impactocastex.com.ar\\\/wp-content\\\/uploads\\\/2026\\\/04\\\/IAJ66VJELFE7VEGUCQCYUOU3GA-vdXpws.jpg\",\"datePublished\":\"2026-04-29T22:19:58+00:00\",\"breadcrumb\":{\"@id\":\"https:\\\/\\\/impactocastex.com.ar\\\/?p=16800#breadcrumb\"},\"inLanguage\":\"es\",\"potentialAction\":[{\"@type\":\"ReadAction\",\"target\":[\"https:\\\/\\\/impactocastex.com.ar\\\/?p=16800\"]}]},{\"@type\":\"ImageObject\",\"inLanguage\":\"es\",\"@id\":\"https:\\\/\\\/impactocastex.com.ar\\\/?p=16800#primaryimage\",\"url\":\"https:\\\/\\\/impactocastex.com.ar\\\/wp-content\\\/uploads\\\/2026\\\/04\\\/IAJ66VJELFE7VEGUCQCYUOU3GA-vdXpws.jpg\",\"contentUrl\":\"https:\\\/\\\/impactocastex.com.ar\\\/wp-content\\\/uploads\\\/2026\\\/04\\\/IAJ66VJELFE7VEGUCQCYUOU3GA-vdXpws.jpg\",\"width\":879,\"height\":655},{\"@type\":\"BreadcrumbList\",\"@id\":\"https:\\\/\\\/impactocastex.com.ar\\\/?p=16800#breadcrumb\",\"itemListElement\":[{\"@type\":\"ListItem\",\"position\":1,\"name\":\"Portada\",\"item\":\"https:\\\/\\\/impactocastex.com.ar\\\/\"},{\"@type\":\"ListItem\",\"position\":2,\"name\":\"\u201cRecibimos reconocimiento internacionalmente por nuestros logros\u201d, dijo Milei ante empresarios\"}]},{\"@type\":\"WebSite\",\"@id\":\"https:\\\/\\\/impactocastex.com.ar\\\/#website\",\"url\":\"https:\\\/\\\/impactocastex.com.ar\\\/\",\"name\":\"Impacto Castex\",\"description\":\"\",\"publisher\":{\"@id\":\"https:\\\/\\\/impactocastex.com.ar\\\/#organization\"},\"potentialAction\":[{\"@type\":\"SearchAction\",\"target\":{\"@type\":\"EntryPoint\",\"urlTemplate\":\"https:\\\/\\\/impactocastex.com.ar\\\/?s={search_term_string}\"},\"query-input\":{\"@type\":\"PropertyValueSpecification\",\"valueRequired\":true,\"valueName\":\"search_term_string\"}}],\"inLanguage\":\"es\"},{\"@type\":\"Organization\",\"@id\":\"https:\\\/\\\/impactocastex.com.ar\\\/#organization\",\"name\":\"Impacto Castex\",\"url\":\"https:\\\/\\\/impactocastex.com.ar\\\/\",\"logo\":{\"@type\":\"ImageObject\",\"inLanguage\":\"es\",\"@id\":\"https:\\\/\\\/impactocastex.com.ar\\\/#\\\/schema\\\/logo\\\/image\\\/\",\"url\":\"https:\\\/\\\/impactocastex.com.ar\\\/wp-content\\\/uploads\\\/2025\\\/09\\\/cropped-icoweb.png\",\"contentUrl\":\"https:\\\/\\\/impactocastex.com.ar\\\/wp-content\\\/uploads\\\/2025\\\/09\\\/cropped-icoweb.png\",\"width\":512,\"height\":512,\"caption\":\"Impacto Castex\"},\"image\":{\"@id\":\"https:\\\/\\\/impactocastex.com.ar\\\/#\\\/schema\\\/logo\\\/image\\\/\"},\"sameAs\":[\"https:\\\/\\\/www.facebook.com\\\/impactocastexdiario\",\"https:\\\/\\\/www.instagram.com\\\/impactocastex.com.ar\\\/\"]},{\"@type\":\"Person\",\"@id\":\"https:\\\/\\\/impactocastex.com.ar\\\/#\\\/schema\\\/person\\\/86cb4f827fb5f87869a239b98a69c6e3\",\"name\":\"impactocastex\",\"image\":{\"@type\":\"ImageObject\",\"inLanguage\":\"es\",\"@id\":\"https:\\\/\\\/secure.gravatar.com\\\/avatar\\\/9a87ee051ca8c77f5d4070843ce2c78cdf95b858b950fb039151de955122f5f5?s=96&d=mm&r=g\",\"url\":\"https:\\\/\\\/secure.gravatar.com\\\/avatar\\\/9a87ee051ca8c77f5d4070843ce2c78cdf95b858b950fb039151de955122f5f5?s=96&d=mm&r=g\",\"contentUrl\":\"https:\\\/\\\/secure.gravatar.com\\\/avatar\\\/9a87ee051ca8c77f5d4070843ce2c78cdf95b858b950fb039151de955122f5f5?s=96&d=mm&r=g\",\"caption\":\"impactocastex\"},\"sameAs\":[\"https:\\\/\\\/impactocastex.com.ar\"],\"url\":\"https:\\\/\\\/impactocastex.com.ar\\\/?author=1\"}]}<\/script>\n<!-- \/ Yoast SEO plugin. -->","yoast_head_json":{"title":"\u201cRecibimos reconocimiento internacionalmente por nuestros logros\u201d, dijo Milei ante empresarios -","robots":{"index":"index","follow":"follow","max-snippet":"max-snippet:-1","max-image-preview":"max-image-preview:large","max-video-preview":"max-video-preview:-1"},"canonical":"https:\/\/impactocastex.com.ar\/?p=16800","og_locale":"es_ES","og_type":"article","og_title":"\u201cRecibimos reconocimiento internacionalmente por nuestros logros\u201d, dijo Milei ante empresarios -","og_description":"El presidente Javier Milei brindaba en la tarde de este mi\u00e9rcoles un discurso ante la...","og_url":"https:\/\/impactocastex.com.ar\/?p=16800","article_publisher":"https:\/\/www.facebook.com\/impactocastexdiario","article_published_time":"2026-04-29T22:19:58+00:00","author":"impactocastex","twitter_card":"summary_large_image","twitter_misc":{"Escrito por":"impactocastex","Tiempo de lectura":"2 minutos"},"schema":{"@context":"https:\/\/schema.org","@graph":[{"@type":"Article","@id":"https:\/\/impactocastex.com.ar\/?p=16800#article","isPartOf":{"@id":"https:\/\/impactocastex.com.ar\/?p=16800"},"author":{"name":"impactocastex","@id":"https:\/\/impactocastex.com.ar\/#\/schema\/person\/86cb4f827fb5f87869a239b98a69c6e3"},"headline":"\u201cRecibimos reconocimiento internacionalmente por nuestros logros\u201d, dijo Milei ante empresarios","datePublished":"2026-04-29T22:19:58+00:00","mainEntityOfPage":{"@id":"https:\/\/impactocastex.com.ar\/?p=16800"},"wordCount":342,"publisher":{"@id":"https:\/\/impactocastex.com.ar\/#organization"},"image":{"@id":"https:\/\/impactocastex.com.ar\/?p=16800#primaryimage"},"thumbnailUrl":"https:\/\/impactocastex.com.ar\/wp-content\/uploads\/2026\/04\/IAJ66VJELFE7VEGUCQCYUOU3GA-vdXpws.jpg","articleSection":["NACIONALES"],"inLanguage":"es"},{"@type":"WebPage","@id":"https:\/\/impactocastex.com.ar\/?p=16800","url":"https:\/\/impactocastex.com.ar\/?p=16800","name":"\u201cRecibimos reconocimiento internacionalmente por nuestros logros\u201d, dijo Milei ante empresarios -","isPartOf":{"@id":"https:\/\/impactocastex.com.ar\/#website"},"primaryImageOfPage":{"@id":"https:\/\/impactocastex.com.ar\/?p=16800#primaryimage"},"image":{"@id":"https:\/\/impactocastex.com.ar\/?p=16800#primaryimage"},"thumbnailUrl":"https:\/\/impactocastex.com.ar\/wp-content\/uploads\/2026\/04\/IAJ66VJELFE7VEGUCQCYUOU3GA-vdXpws.jpg","datePublished":"2026-04-29T22:19:58+00:00","breadcrumb":{"@id":"https:\/\/impactocastex.com.ar\/?p=16800#breadcrumb"},"inLanguage":"es","potentialAction":[{"@type":"ReadAction","target":["https:\/\/impactocastex.com.ar\/?p=16800"]}]},{"@type":"ImageObject","inLanguage":"es","@id":"https:\/\/impactocastex.com.ar\/?p=16800#primaryimage","url":"https:\/\/impactocastex.com.ar\/wp-content\/uploads\/2026\/04\/IAJ66VJELFE7VEGUCQCYUOU3GA-vdXpws.jpg","contentUrl":"https:\/\/impactocastex.com.ar\/wp-content\/uploads\/2026\/04\/IAJ66VJELFE7VEGUCQCYUOU3GA-vdXpws.jpg","width":879,"height":655},{"@type":"BreadcrumbList","@id":"https:\/\/impactocastex.com.ar\/?p=16800#breadcrumb","itemListElement":[{"@type":"ListItem","position":1,"name":"Portada","item":"https:\/\/impactocastex.com.ar\/"},{"@type":"ListItem","position":2,"name":"\u201cRecibimos reconocimiento internacionalmente por nuestros logros\u201d, dijo Milei ante empresarios"}]},{"@type":"WebSite","@id":"https:\/\/impactocastex.com.ar\/#website","url":"https:\/\/impactocastex.com.ar\/","name":"Impacto Castex","description":"","publisher":{"@id":"https:\/\/impactocastex.com.ar\/#organization"},"potentialAction":[{"@type":"SearchAction","target":{"@type":"EntryPoint","urlTemplate":"https:\/\/impactocastex.com.ar\/?s={search_term_string}"},"query-input":{"@type":"PropertyValueSpecification","valueRequired":true,"valueName":"search_term_string"}}],"inLanguage":"es"},{"@type":"Organization","@id":"https:\/\/impactocastex.com.ar\/#organization","name":"Impacto Castex","url":"https:\/\/impactocastex.com.ar\/","logo":{"@type":"ImageObject","inLanguage":"es","@id":"https:\/\/impactocastex.com.ar\/#\/schema\/logo\/image\/","url":"https:\/\/impactocastex.com.ar\/wp-content\/uploads\/2025\/09\/cropped-icoweb.png","contentUrl":"https:\/\/impactocastex.com.ar\/wp-content\/uploads\/2025\/09\/cropped-icoweb.png","width":512,"height":512,"caption":"Impacto Castex"},"image":{"@id":"https:\/\/impactocastex.com.ar\/#\/schema\/logo\/image\/"},"sameAs":["https:\/\/www.facebook.com\/impactocastexdiario","https:\/\/www.instagram.com\/impactocastex.com.ar\/"]},{"@type":"Person","@id":"https:\/\/impactocastex.com.ar\/#\/schema\/person\/86cb4f827fb5f87869a239b98a69c6e3","name":"impactocastex","image":{"@type":"ImageObject","inLanguage":"es","@id":"https:\/\/secure.gravatar.com\/avatar\/9a87ee051ca8c77f5d4070843ce2c78cdf95b858b950fb039151de955122f5f5?s=96&d=mm&r=g","url":"https:\/\/secure.gravatar.com\/avatar\/9a87ee051ca8c77f5d4070843ce2c78cdf95b858b950fb039151de955122f5f5?s=96&d=mm&r=g","contentUrl":"https:\/\/secure.gravatar.com\/avatar\/9a87ee051ca8c77f5d4070843ce2c78cdf95b858b950fb039151de955122f5f5?s=96&d=mm&r=g","caption":"impactocastex"},"sameAs":["https:\/\/impactocastex.com.ar"],"url":"https:\/\/impactocastex.com.ar\/?author=1"}]}},"jetpack_publicize_connections":[],"featured_image_urls":{"full":["https:\/\/impactocastex.com.ar\/wp-content\/uploads\/2026\/04\/IAJ66VJELFE7VEGUCQCYUOU3GA-vdXpws.jpg",879,655,false],"thumbnail":["https:\/\/impactocastex.com.ar\/wp-content\/uploads\/2026\/04\/IAJ66VJELFE7VEGUCQCYUOU3GA-vdXpws-150x150.jpg",150,150,true],"medium":["https:\/\/impactocastex.com.ar\/wp-content\/uploads\/2026\/04\/IAJ66VJELFE7VEGUCQCYUOU3GA-vdXpws-300x224.jpg",300,224,true],"medium_large":["https:\/\/impactocastex.com.ar\/wp-content\/uploads\/2026\/04\/IAJ66VJELFE7VEGUCQCYUOU3GA-vdXpws-768x572.jpg",640,477,true],"large":["https:\/\/impactocastex.com.ar\/wp-content\/uploads\/2026\/04\/IAJ66VJELFE7VEGUCQCYUOU3GA-vdXpws.jpg",640,477,false],"1536x1536":["https:\/\/impactocastex.com.ar\/wp-content\/uploads\/2026\/04\/IAJ66VJELFE7VEGUCQCYUOU3GA-vdXpws.jpg",879,655,false],"2048x2048":["https:\/\/impactocastex.com.ar\/wp-content\/uploads\/2026\/04\/IAJ66VJELFE7VEGUCQCYUOU3GA-vdXpws.jpg",879,655,false],"newsever-slider-full":["https:\/\/impactocastex.com.ar\/wp-content\/uploads\/2026\/04\/IAJ66VJELFE7VEGUCQCYUOU3GA-vdXpws.jpg",879,655,false],"newsever-featured":["https:\/\/impactocastex.com.ar\/wp-content\/uploads\/2026\/04\/IAJ66VJELFE7VEGUCQCYUOU3GA-vdXpws.jpg",879,655,false],"newsever-medium":["https:\/\/impactocastex.com.ar\/wp-content\/uploads\/2026\/04\/IAJ66VJELFE7VEGUCQCYUOU3GA-vdXpws-720x475.jpg",720,475,true]},"author_info":{"info":["impactocastex"]},"category_info":"<a href=\"https:\/\/impactocastex.com.ar\/?cat=89\" rel=\"category\">NACIONALES<\/a>","tag_info":"NACIONALES","comment_count":0,"jetpack_featured_media_url":"https:\/\/impactocastex.com.ar\/wp-content\/uploads\/2026\/04\/IAJ66VJELFE7VEGUCQCYUOU3GA-vdXpws.jpg","jetpack_sharing_enabled":true,"jetpack_likes_enabled":true,"jetpack_shortlink":"https:\/\/wp.me\/p7sopA-4mY","_links":{"self":[{"href":"https:\/\/impactocastex.com.ar\/index.php?rest_route=\/wp\/v2\/posts\/16800","targetHints":{"allow":["GET"]}}],"collection":[{"href":"https:\/\/impactocastex.com.ar\/index.php?rest_route=\/wp\/v2\/posts"}],"about":[{"href":"https:\/\/impactocastex.com.ar\/index.php?rest_route=\/wp\/v2\/types\/post"}],"author":[{"embeddable":true,"href":"https:\/\/impactocastex.com.ar\/index.php?rest_route=\/wp\/v2\/users\/1"}],"replies":[{"embeddable":true,"href":"https:\/\/impactocastex.com.ar\/index.php?rest_route=%2Fwp%2Fv2%2Fcomments&post=16800"}],"version-history":[{"count":0,"href":"https:\/\/impactocastex.com.ar\/index.php?rest_route=\/wp\/v2\/posts\/16800\/revisions"}],"wp:featuredmedia":[{"embeddable":true,"href":"https:\/\/impactocastex.com.ar\/index.php?rest_route=\/wp\/v2\/media\/16801"}],"wp:attachment":[{"href":"https:\/\/impactocastex.com.ar\/index.php?rest_route=%2Fwp%2Fv2%2Fmedia&parent=16800"}],"wp:term":[{"taxonomy":"category","embeddable":true,"href":"https:\/\/impactocastex.com.ar\/index.php?rest_route=%2Fwp%2Fv2%2Fcategories&post=16800"},{"taxonomy":"post_tag","embeddable":true,"href":"https:\/\/impactocastex.com.ar\/index.php?rest_route=%2Fwp%2Fv2%2Ftags&post=16800"}],"curies":[{"name":"wp","href":"https:\/\/api.w.org\/{rel}","templated":true}]}}