{"id":16796,"date":"2026-04-29T18:20:17","date_gmt":"2026-04-29T21:20:17","guid":{"rendered":"https:\/\/impactocastex.com.ar\/?p=16796"},"modified":"2026-04-29T18:20:17","modified_gmt":"2026-04-29T21:20:17","slug":"myriam-bregman-al-tope-de-una-encuesta-de-imagen-de-dirigentes-politicos-seguida-por-axel-kicillof","status":"publish","type":"post","link":"https:\/\/impactocastex.com.ar\/?p=16796","title":{"rendered":"Myriam Bregman, al tope de una encuesta de imagen de dirigentes pol\u00edticos, seguida por Axel Kicillof"},"content":{"rendered":"<p>La consultora brasile\u00f1a Atlas-Intel relev\u00f3, en su encuesta m\u00e1s reciente, el nivel de imagen de 15 <a href=\"https:\/\/www.lanacion.com.ar\/politica\/el-show-de-milei-en-diputados-pulgares-en-alto-gestos-provocadores-y-la-frase-final-con-la-que-nid29042026\/\" target=\"_self\" rel=\"\" title=\"https:\/\/www.lanacion.com.ar\/politica\/el-show-de-milei-en-diputados-pulgares-en-alto-gestos-provocadores-y-la-frase-final-con-la-que-nid29042026\/\">dirigentes pol\u00edticos<\/a> argentinos y casi todos cosechan mayores n\u00fameros de consideraci\u00f3n negativa que positiva. La \u00fanica excepci\u00f3n fue la diputada nacional <b>Myriam Bregman <\/b>(Frente de Izquierda-Unidad), que consigue un mejor nivel de imagen positiva que negativa.<\/p>\n<p>En el estudio de Atlas-Intel, Bregman alcanza 47 puntos de imagen positiva y 46 de negativa. Consigue un punto de diferencial positivo y es la \u00fanica persona relevada por la consultora que obtiene ese desempe\u00f1o. Los otros 14 dirigentes de la lista tienen un diferencial negativo en la medici\u00f3n de imagen. <\/p>\n<p>En el segundo y tercer lugar en cuanto a imagen de dirigentes pol\u00edticos, aparecen <b>Axel Kicillof<\/b> y <b>Cristina Kirchner<\/b>, pero, a diferencia de Bregman, tienen una imagen negativa mayor a la positiva. El gobernador de Buenos Aires llega a los 46 puntos de imagen positiva, pero con 49 de negativa. La expresidenta registra 41 puntos de consideraci\u00f3n positiva en cuanto a su imagen, con el contraste de 53 puntos de imagen negativa.<\/p>\n<p><img loading=\"lazy\" decoding=\"async\" src=\"https:\/\/resizer.glanacion.com\/resizer\/v2\/VTWNX2U4TNCSVFSPMVZ7CE4YMY.jpg?auth=84cbeb2427a77264874c596ad64ad83128f50f8df8a841e4bf144569bcfdd12f&amp;smart=true&amp;width=1152&amp;height=864\" alt=\"El gr\u00e1fico de Atlas-Intel que muestra el liderazgo de Bregman en la medici\u00f3n de imagen de dirigentes pol\u00edticos\" height=\"864\" width=\"1152\" \/><\/p>\n<p>En el cuarto puesto del listado que lidera la diputada del Partido de los Trabajadores Socialistas (PTS), figura la senadora nacional <b>Patricia Bullrich<\/b>, con 37 puntos de imagen positiva y 60 de negativa.<\/p>\n<p>El presidente <b>Javier Milei<\/b> aparece quinto en el relevamiento que hizo Atlas-Intel. Su imagen positiva es de 36 puntos; la negativa, de 62.<\/p>\n<p>Entre el puesto seis y el 12 del listado, se ubican el presidente de la C\u00e1mara de Diputados, <b>Mart\u00edn Menem<\/b> (29 puntos de imagen positiva y 66 puntos de imagen negativa); el exministro de Econom\u00eda <b>Sergio Massa<\/b> (28 puntos de consideraci\u00f3n positiva y 60 puntos de negativa); el expresidente <b>Mauricio Macri<\/b> (26 puntos de imagen positiva y 66 de imagen negativa); el asesor presidencial <b>Santiago Caputo<\/b> (24 y 66 puntos, respectivamente); el jefe de gobierno porte\u00f1o, <b>Jorge Macri<\/b> (23 puntos de imagen positiva, pero 63 de imagen negativa); la vicepresidenta <b>Victoria Villarruel<\/b> (18 de valoraci\u00f3n positiva de su imagen y 67 puntos en contrario), y la secretaria general de la Presidencia, <b>Karina Milei<\/b> (que llega a 16 puntos de imagen positiva, contrarrestados por 75 puntos de imagen negativa).<\/p>\n<p>Seg\u00fan el estudio de la consultora brasile\u00f1a, los tres dirigentes con peor imagen son el diputado nacional <b>Juan Schiaretti<\/b> (13 puntos de imagen positiva y 59 de negativa), el legislador porte\u00f1o <b>Horacio Rodr\u00edguez Larreta<\/b> (12 y 72, respectivamente) y el expresidente <b>Alberto Fern\u00e1ndez<\/b> (10 puntos de imagen positiva y 81 de negativa, lo que lo ubica en el \u00faltimo puesto).<\/p>\n<p><img loading=\"lazy\" decoding=\"async\" src=\"https:\/\/resizer.glanacion.com\/resizer\/v2\/ZDE6Y3EQDBC3TIYGK25SD6LE3U.JPG?auth=2847c0595280cf9f01dd7283b16853794eab0ad8b4c305a07bda493ed615e31f&amp;smart=true&amp;width=938&amp;height=703\" alt=\"Alberto Fern\u00e1ndez, en el \u00faltimo puesto de imagen entre 15 dirigentes relevados\" height=\"703\" width=\"938\" \/><\/p>\n<p>El relevamiento de Atlas-Intel relev\u00f3, entre otros \u00edtems, tambi\u00e9n el desempe\u00f1o del Gobierno y del Presidente. El 63% de los encuestados desaprueba el desempe\u00f1o de Milei, a quien aprueba el 35,5%. Ante la consulta sobre la \u201cevaluaci\u00f3n del gobierno de Javier Milei\u201d, el 59,3% elige la opci\u00f3n de respuesta \u201cMalo\/Muy malo\u201d, mientras que 30,6% responde \u201cExcelente\/Bueno\u201d. El 10,1% califica al Gobierno de \u201cRegular\u201d.<\/p>\n<p>La encuesta de Atlas-Intel se realiz\u00f3 entre el 24 y el 28 de abril, entre 4844 consultados, mediante un sistema de reclutamiento digital aleatorio y con un nivel de error de un punto porcentual.<\/p>\n<p>\u200bLa diputada del Frente de Izquierda alcanza los 47 puntos de valoraci\u00f3n positiva y los 46 de consideraci\u00f3n negativa en un estudio de Atlas-Intel; en el segundo lugar aparece Kicillof el gobernador y tercera, Cristina Kirchner; Milei figura quinto\u00a0\u00a0<\/p>","protected":false},"excerpt":{"rendered":"<p>La consultora brasile\u00f1a Atlas-Intel relev\u00f3, en su encuesta m\u00e1s reciente, el nivel de imagen de&#8230;<\/p>\n","protected":false},"author":1,"featured_media":16797,"comment_status":"closed","ping_status":"closed","sticky":false,"template":"","format":"standard","meta":{"_jetpack_memberships_contains_paid_content":false,"footnotes":"","jetpack_publicize_message":"","jetpack_publicize_feature_enabled":true,"jetpack_social_post_already_shared":true,"jetpack_social_options":{"image_generator_settings":{"template":"highway","default_image_id":0,"font":"","enabled":false},"version":2}},"categories":[89],"tags":[],"class_list":["post-16796","post","type-post","status-publish","format-standard","has-post-thumbnail","hentry","category-nacionales"],"yoast_head":"<!-- This site is optimized with the Yoast SEO plugin v27.4 - https:\/\/yoast.com\/product\/yoast-seo-wordpress\/ -->\n<title>Myriam Bregman, al tope de una encuesta de imagen de dirigentes pol\u00edticos, seguida por Axel Kicillof -<\/title>\n<meta name=\"robots\" content=\"index, follow, max-snippet:-1, max-image-preview:large, max-video-preview:-1\" \/>\n<link rel=\"canonical\" href=\"https:\/\/impactocastex.com.ar\/?p=16796\" \/>\n<meta property=\"og:locale\" content=\"es_ES\" \/>\n<meta property=\"og:type\" content=\"article\" \/>\n<meta property=\"og:title\" content=\"Myriam Bregman, al tope de una encuesta de imagen de dirigentes pol\u00edticos, seguida por Axel Kicillof -\" \/>\n<meta property=\"og:description\" content=\"La consultora brasile\u00f1a Atlas-Intel relev\u00f3, en su encuesta m\u00e1s reciente, el nivel de imagen de...\" \/>\n<meta property=\"og:url\" content=\"https:\/\/impactocastex.com.ar\/?p=16796\" \/>\n<meta property=\"article:publisher\" content=\"https:\/\/www.facebook.com\/impactocastexdiario\" \/>\n<meta property=\"article:published_time\" content=\"2026-04-29T21:20:17+00:00\" \/>\n<meta property=\"og:image\" content=\"https:\/\/resizer.glanacion.com\/resizer\/v2\/VTWNX2U4TNCSVFSPMVZ7CE4YMY.jpg?auth=84cbeb2427a77264874c596ad64ad83128f50f8df8a841e4bf144569bcfdd12f&amp;smart=true&amp;width=1152&amp;height=864\" \/>\n<meta name=\"author\" content=\"impactocastex\" \/>\n<meta name=\"twitter:card\" content=\"summary_large_image\" \/>\n<meta name=\"twitter:label1\" content=\"Escrito por\" \/>\n\t<meta name=\"twitter:data1\" content=\"impactocastex\" \/>\n\t<meta name=\"twitter:label2\" content=\"Tiempo de lectura\" \/>\n\t<meta name=\"twitter:data2\" content=\"3 minutos\" \/>\n<script type=\"application\/ld+json\" class=\"yoast-schema-graph\">{\"@context\":\"https:\\\/\\\/schema.org\",\"@graph\":[{\"@type\":\"Article\",\"@id\":\"https:\\\/\\\/impactocastex.com.ar\\\/?p=16796#article\",\"isPartOf\":{\"@id\":\"https:\\\/\\\/impactocastex.com.ar\\\/?p=16796\"},\"author\":{\"name\":\"impactocastex\",\"@id\":\"https:\\\/\\\/impactocastex.com.ar\\\/#\\\/schema\\\/person\\\/86cb4f827fb5f87869a239b98a69c6e3\"},\"headline\":\"Myriam Bregman, al tope de una encuesta de imagen de dirigentes pol\u00edticos, seguida por Axel Kicillof\",\"datePublished\":\"2026-04-29T21:20:17+00:00\",\"mainEntityOfPage\":{\"@id\":\"https:\\\/\\\/impactocastex.com.ar\\\/?p=16796\"},\"wordCount\":559,\"publisher\":{\"@id\":\"https:\\\/\\\/impactocastex.com.ar\\\/#organization\"},\"image\":{\"@id\":\"https:\\\/\\\/impactocastex.com.ar\\\/?p=16796#primaryimage\"},\"thumbnailUrl\":\"https:\\\/\\\/impactocastex.com.ar\\\/wp-content\\\/uploads\\\/2026\\\/04\\\/KKFZFPO34NHKDB2AQTX6SLHTUE-xcb6P0-scaled.jpg\",\"articleSection\":[\"NACIONALES\"],\"inLanguage\":\"es\"},{\"@type\":\"WebPage\",\"@id\":\"https:\\\/\\\/impactocastex.com.ar\\\/?p=16796\",\"url\":\"https:\\\/\\\/impactocastex.com.ar\\\/?p=16796\",\"name\":\"Myriam Bregman, al tope de una encuesta de imagen de dirigentes pol\u00edticos, seguida por Axel Kicillof -\",\"isPartOf\":{\"@id\":\"https:\\\/\\\/impactocastex.com.ar\\\/#website\"},\"primaryImageOfPage\":{\"@id\":\"https:\\\/\\\/impactocastex.com.ar\\\/?p=16796#primaryimage\"},\"image\":{\"@id\":\"https:\\\/\\\/impactocastex.com.ar\\\/?p=16796#primaryimage\"},\"thumbnailUrl\":\"https:\\\/\\\/impactocastex.com.ar\\\/wp-content\\\/uploads\\\/2026\\\/04\\\/KKFZFPO34NHKDB2AQTX6SLHTUE-xcb6P0-scaled.jpg\",\"datePublished\":\"2026-04-29T21:20:17+00:00\",\"breadcrumb\":{\"@id\":\"https:\\\/\\\/impactocastex.com.ar\\\/?p=16796#breadcrumb\"},\"inLanguage\":\"es\",\"potentialAction\":[{\"@type\":\"ReadAction\",\"target\":[\"https:\\\/\\\/impactocastex.com.ar\\\/?p=16796\"]}]},{\"@type\":\"ImageObject\",\"inLanguage\":\"es\",\"@id\":\"https:\\\/\\\/impactocastex.com.ar\\\/?p=16796#primaryimage\",\"url\":\"https:\\\/\\\/impactocastex.com.ar\\\/wp-content\\\/uploads\\\/2026\\\/04\\\/KKFZFPO34NHKDB2AQTX6SLHTUE-xcb6P0-scaled.jpg\",\"contentUrl\":\"https:\\\/\\\/impactocastex.com.ar\\\/wp-content\\\/uploads\\\/2026\\\/04\\\/KKFZFPO34NHKDB2AQTX6SLHTUE-xcb6P0-scaled.jpg\",\"width\":2560,\"height\":1706},{\"@type\":\"BreadcrumbList\",\"@id\":\"https:\\\/\\\/impactocastex.com.ar\\\/?p=16796#breadcrumb\",\"itemListElement\":[{\"@type\":\"ListItem\",\"position\":1,\"name\":\"Portada\",\"item\":\"https:\\\/\\\/impactocastex.com.ar\\\/\"},{\"@type\":\"ListItem\",\"position\":2,\"name\":\"Myriam Bregman, al tope de una encuesta de imagen de dirigentes pol\u00edticos, seguida por Axel Kicillof\"}]},{\"@type\":\"WebSite\",\"@id\":\"https:\\\/\\\/impactocastex.com.ar\\\/#website\",\"url\":\"https:\\\/\\\/impactocastex.com.ar\\\/\",\"name\":\"Impacto Castex\",\"description\":\"\",\"publisher\":{\"@id\":\"https:\\\/\\\/impactocastex.com.ar\\\/#organization\"},\"potentialAction\":[{\"@type\":\"SearchAction\",\"target\":{\"@type\":\"EntryPoint\",\"urlTemplate\":\"https:\\\/\\\/impactocastex.com.ar\\\/?s={search_term_string}\"},\"query-input\":{\"@type\":\"PropertyValueSpecification\",\"valueRequired\":true,\"valueName\":\"search_term_string\"}}],\"inLanguage\":\"es\"},{\"@type\":\"Organization\",\"@id\":\"https:\\\/\\\/impactocastex.com.ar\\\/#organization\",\"name\":\"Impacto Castex\",\"url\":\"https:\\\/\\\/impactocastex.com.ar\\\/\",\"logo\":{\"@type\":\"ImageObject\",\"inLanguage\":\"es\",\"@id\":\"https:\\\/\\\/impactocastex.com.ar\\\/#\\\/schema\\\/logo\\\/image\\\/\",\"url\":\"https:\\\/\\\/impactocastex.com.ar\\\/wp-content\\\/uploads\\\/2025\\\/09\\\/cropped-icoweb.png\",\"contentUrl\":\"https:\\\/\\\/impactocastex.com.ar\\\/wp-content\\\/uploads\\\/2025\\\/09\\\/cropped-icoweb.png\",\"width\":512,\"height\":512,\"caption\":\"Impacto Castex\"},\"image\":{\"@id\":\"https:\\\/\\\/impactocastex.com.ar\\\/#\\\/schema\\\/logo\\\/image\\\/\"},\"sameAs\":[\"https:\\\/\\\/www.facebook.com\\\/impactocastexdiario\",\"https:\\\/\\\/www.instagram.com\\\/impactocastex.com.ar\\\/\"]},{\"@type\":\"Person\",\"@id\":\"https:\\\/\\\/impactocastex.com.ar\\\/#\\\/schema\\\/person\\\/86cb4f827fb5f87869a239b98a69c6e3\",\"name\":\"impactocastex\",\"image\":{\"@type\":\"ImageObject\",\"inLanguage\":\"es\",\"@id\":\"https:\\\/\\\/secure.gravatar.com\\\/avatar\\\/9a87ee051ca8c77f5d4070843ce2c78cdf95b858b950fb039151de955122f5f5?s=96&d=mm&r=g\",\"url\":\"https:\\\/\\\/secure.gravatar.com\\\/avatar\\\/9a87ee051ca8c77f5d4070843ce2c78cdf95b858b950fb039151de955122f5f5?s=96&d=mm&r=g\",\"contentUrl\":\"https:\\\/\\\/secure.gravatar.com\\\/avatar\\\/9a87ee051ca8c77f5d4070843ce2c78cdf95b858b950fb039151de955122f5f5?s=96&d=mm&r=g\",\"caption\":\"impactocastex\"},\"sameAs\":[\"https:\\\/\\\/impactocastex.com.ar\"],\"url\":\"https:\\\/\\\/impactocastex.com.ar\\\/?author=1\"}]}<\/script>\n<!-- \/ Yoast SEO plugin. -->","yoast_head_json":{"title":"Myriam Bregman, al tope de una encuesta de imagen de dirigentes pol\u00edticos, seguida por Axel Kicillof -","robots":{"index":"index","follow":"follow","max-snippet":"max-snippet:-1","max-image-preview":"max-image-preview:large","max-video-preview":"max-video-preview:-1"},"canonical":"https:\/\/impactocastex.com.ar\/?p=16796","og_locale":"es_ES","og_type":"article","og_title":"Myriam Bregman, al tope de una encuesta de imagen de dirigentes pol\u00edticos, seguida por Axel Kicillof -","og_description":"La consultora brasile\u00f1a Atlas-Intel relev\u00f3, en su encuesta m\u00e1s reciente, el nivel de imagen de...","og_url":"https:\/\/impactocastex.com.ar\/?p=16796","article_publisher":"https:\/\/www.facebook.com\/impactocastexdiario","article_published_time":"2026-04-29T21:20:17+00:00","og_image":[{"url":"https:\/\/resizer.glanacion.com\/resizer\/v2\/VTWNX2U4TNCSVFSPMVZ7CE4YMY.jpg?auth=84cbeb2427a77264874c596ad64ad83128f50f8df8a841e4bf144569bcfdd12f&amp;smart=true&amp;width=1152&amp;height=864","type":"","width":"","height":""}],"author":"impactocastex","twitter_card":"summary_large_image","twitter_misc":{"Escrito por":"impactocastex","Tiempo de lectura":"3 minutos"},"schema":{"@context":"https:\/\/schema.org","@graph":[{"@type":"Article","@id":"https:\/\/impactocastex.com.ar\/?p=16796#article","isPartOf":{"@id":"https:\/\/impactocastex.com.ar\/?p=16796"},"author":{"name":"impactocastex","@id":"https:\/\/impactocastex.com.ar\/#\/schema\/person\/86cb4f827fb5f87869a239b98a69c6e3"},"headline":"Myriam Bregman, al tope de una encuesta de imagen de dirigentes pol\u00edticos, seguida por Axel Kicillof","datePublished":"2026-04-29T21:20:17+00:00","mainEntityOfPage":{"@id":"https:\/\/impactocastex.com.ar\/?p=16796"},"wordCount":559,"publisher":{"@id":"https:\/\/impactocastex.com.ar\/#organization"},"image":{"@id":"https:\/\/impactocastex.com.ar\/?p=16796#primaryimage"},"thumbnailUrl":"https:\/\/impactocastex.com.ar\/wp-content\/uploads\/2026\/04\/KKFZFPO34NHKDB2AQTX6SLHTUE-xcb6P0-scaled.jpg","articleSection":["NACIONALES"],"inLanguage":"es"},{"@type":"WebPage","@id":"https:\/\/impactocastex.com.ar\/?p=16796","url":"https:\/\/impactocastex.com.ar\/?p=16796","name":"Myriam Bregman, al tope de una encuesta de imagen de dirigentes pol\u00edticos, seguida por Axel Kicillof -","isPartOf":{"@id":"https:\/\/impactocastex.com.ar\/#website"},"primaryImageOfPage":{"@id":"https:\/\/impactocastex.com.ar\/?p=16796#primaryimage"},"image":{"@id":"https:\/\/impactocastex.com.ar\/?p=16796#primaryimage"},"thumbnailUrl":"https:\/\/impactocastex.com.ar\/wp-content\/uploads\/2026\/04\/KKFZFPO34NHKDB2AQTX6SLHTUE-xcb6P0-scaled.jpg","datePublished":"2026-04-29T21:20:17+00:00","breadcrumb":{"@id":"https:\/\/impactocastex.com.ar\/?p=16796#breadcrumb"},"inLanguage":"es","potentialAction":[{"@type":"ReadAction","target":["https:\/\/impactocastex.com.ar\/?p=16796"]}]},{"@type":"ImageObject","inLanguage":"es","@id":"https:\/\/impactocastex.com.ar\/?p=16796#primaryimage","url":"https:\/\/impactocastex.com.ar\/wp-content\/uploads\/2026\/04\/KKFZFPO34NHKDB2AQTX6SLHTUE-xcb6P0-scaled.jpg","contentUrl":"https:\/\/impactocastex.com.ar\/wp-content\/uploads\/2026\/04\/KKFZFPO34NHKDB2AQTX6SLHTUE-xcb6P0-scaled.jpg","width":2560,"height":1706},{"@type":"BreadcrumbList","@id":"https:\/\/impactocastex.com.ar\/?p=16796#breadcrumb","itemListElement":[{"@type":"ListItem","position":1,"name":"Portada","item":"https:\/\/impactocastex.com.ar\/"},{"@type":"ListItem","position":2,"name":"Myriam Bregman, al tope de una encuesta de imagen de dirigentes pol\u00edticos, seguida por Axel Kicillof"}]},{"@type":"WebSite","@id":"https:\/\/impactocastex.com.ar\/#website","url":"https:\/\/impactocastex.com.ar\/","name":"Impacto Castex","description":"","publisher":{"@id":"https:\/\/impactocastex.com.ar\/#organization"},"potentialAction":[{"@type":"SearchAction","target":{"@type":"EntryPoint","urlTemplate":"https:\/\/impactocastex.com.ar\/?s={search_term_string}"},"query-input":{"@type":"PropertyValueSpecification","valueRequired":true,"valueName":"search_term_string"}}],"inLanguage":"es"},{"@type":"Organization","@id":"https:\/\/impactocastex.com.ar\/#organization","name":"Impacto Castex","url":"https:\/\/impactocastex.com.ar\/","logo":{"@type":"ImageObject","inLanguage":"es","@id":"https:\/\/impactocastex.com.ar\/#\/schema\/logo\/image\/","url":"https:\/\/impactocastex.com.ar\/wp-content\/uploads\/2025\/09\/cropped-icoweb.png","contentUrl":"https:\/\/impactocastex.com.ar\/wp-content\/uploads\/2025\/09\/cropped-icoweb.png","width":512,"height":512,"caption":"Impacto Castex"},"image":{"@id":"https:\/\/impactocastex.com.ar\/#\/schema\/logo\/image\/"},"sameAs":["https:\/\/www.facebook.com\/impactocastexdiario","https:\/\/www.instagram.com\/impactocastex.com.ar\/"]},{"@type":"Person","@id":"https:\/\/impactocastex.com.ar\/#\/schema\/person\/86cb4f827fb5f87869a239b98a69c6e3","name":"impactocastex","image":{"@type":"ImageObject","inLanguage":"es","@id":"https:\/\/secure.gravatar.com\/avatar\/9a87ee051ca8c77f5d4070843ce2c78cdf95b858b950fb039151de955122f5f5?s=96&d=mm&r=g","url":"https:\/\/secure.gravatar.com\/avatar\/9a87ee051ca8c77f5d4070843ce2c78cdf95b858b950fb039151de955122f5f5?s=96&d=mm&r=g","contentUrl":"https:\/\/secure.gravatar.com\/avatar\/9a87ee051ca8c77f5d4070843ce2c78cdf95b858b950fb039151de955122f5f5?s=96&d=mm&r=g","caption":"impactocastex"},"sameAs":["https:\/\/impactocastex.com.ar"],"url":"https:\/\/impactocastex.com.ar\/?author=1"}]}},"jetpack_publicize_connections":[],"featured_image_urls":{"full":["https:\/\/impactocastex.com.ar\/wp-content\/uploads\/2026\/04\/KKFZFPO34NHKDB2AQTX6SLHTUE-xcb6P0-scaled.jpg",2560,1706,false],"thumbnail":["https:\/\/impactocastex.com.ar\/wp-content\/uploads\/2026\/04\/KKFZFPO34NHKDB2AQTX6SLHTUE-xcb6P0-150x150.jpg",150,150,true],"medium":["https:\/\/impactocastex.com.ar\/wp-content\/uploads\/2026\/04\/KKFZFPO34NHKDB2AQTX6SLHTUE-xcb6P0-300x200.jpg",300,200,true],"medium_large":["https:\/\/impactocastex.com.ar\/wp-content\/uploads\/2026\/04\/KKFZFPO34NHKDB2AQTX6SLHTUE-xcb6P0-768x512.jpg",640,427,true],"large":["https:\/\/impactocastex.com.ar\/wp-content\/uploads\/2026\/04\/KKFZFPO34NHKDB2AQTX6SLHTUE-xcb6P0-1024x682.jpg",640,426,true],"1536x1536":["https:\/\/impactocastex.com.ar\/wp-content\/uploads\/2026\/04\/KKFZFPO34NHKDB2AQTX6SLHTUE-xcb6P0-1536x1023.jpg",1536,1023,true],"2048x2048":["https:\/\/impactocastex.com.ar\/wp-content\/uploads\/2026\/04\/KKFZFPO34NHKDB2AQTX6SLHTUE-xcb6P0-2048x1365.jpg",2048,1365,true],"newsever-slider-full":["https:\/\/impactocastex.com.ar\/wp-content\/uploads\/2026\/04\/KKFZFPO34NHKDB2AQTX6SLHTUE-xcb6P0-1280x845.jpg",1280,845,true],"newsever-featured":["https:\/\/impactocastex.com.ar\/wp-content\/uploads\/2026\/04\/KKFZFPO34NHKDB2AQTX6SLHTUE-xcb6P0-1024x682.jpg",1024,682,true],"newsever-medium":["https:\/\/impactocastex.com.ar\/wp-content\/uploads\/2026\/04\/KKFZFPO34NHKDB2AQTX6SLHTUE-xcb6P0-720x475.jpg",720,475,true]},"author_info":{"info":["impactocastex"]},"category_info":"<a href=\"https:\/\/impactocastex.com.ar\/?cat=89\" rel=\"category\">NACIONALES<\/a>","tag_info":"NACIONALES","comment_count":0,"jetpack_featured_media_url":"https:\/\/impactocastex.com.ar\/wp-content\/uploads\/2026\/04\/KKFZFPO34NHKDB2AQTX6SLHTUE-xcb6P0-scaled.jpg","jetpack_sharing_enabled":true,"jetpack_likes_enabled":true,"jetpack_shortlink":"https:\/\/wp.me\/p7sopA-4mU","_links":{"self":[{"href":"https:\/\/impactocastex.com.ar\/index.php?rest_route=\/wp\/v2\/posts\/16796","targetHints":{"allow":["GET"]}}],"collection":[{"href":"https:\/\/impactocastex.com.ar\/index.php?rest_route=\/wp\/v2\/posts"}],"about":[{"href":"https:\/\/impactocastex.com.ar\/index.php?rest_route=\/wp\/v2\/types\/post"}],"author":[{"embeddable":true,"href":"https:\/\/impactocastex.com.ar\/index.php?rest_route=\/wp\/v2\/users\/1"}],"replies":[{"embeddable":true,"href":"https:\/\/impactocastex.com.ar\/index.php?rest_route=%2Fwp%2Fv2%2Fcomments&post=16796"}],"version-history":[{"count":0,"href":"https:\/\/impactocastex.com.ar\/index.php?rest_route=\/wp\/v2\/posts\/16796\/revisions"}],"wp:featuredmedia":[{"embeddable":true,"href":"https:\/\/impactocastex.com.ar\/index.php?rest_route=\/wp\/v2\/media\/16797"}],"wp:attachment":[{"href":"https:\/\/impactocastex.com.ar\/index.php?rest_route=%2Fwp%2Fv2%2Fmedia&parent=16796"}],"wp:term":[{"taxonomy":"category","embeddable":true,"href":"https:\/\/impactocastex.com.ar\/index.php?rest_route=%2Fwp%2Fv2%2Fcategories&post=16796"},{"taxonomy":"post_tag","embeddable":true,"href":"https:\/\/impactocastex.com.ar\/index.php?rest_route=%2Fwp%2Fv2%2Ftags&post=16796"}],"curies":[{"name":"wp","href":"https:\/\/api.w.org\/{rel}","templated":true}]}}