{"id":16790,"date":"2026-04-29T14:19:41","date_gmt":"2026-04-29T17:19:41","guid":{"rendered":"https:\/\/impactocastex.com.ar\/?p=16790"},"modified":"2026-04-29T14:19:41","modified_gmt":"2026-04-29T17:19:41","slug":"manuel-adorni-dijo-que-nunca-oculto-su-patrimonio-y-se-defendio-no-cometi-ningun-delito-voy-a-probarlo-en-la-justicia","status":"publish","type":"post","link":"https:\/\/impactocastex.com.ar\/?p=16790","title":{"rendered":"Manuel Adorni dijo que nunca ocult\u00f3 su patrimonio y se defendi\u00f3: \u201cNo comet\u00ed ning\u00fan delito, voy a probarlo en la Justicia\u201d"},"content":{"rendered":"<p>El jefe de Gabinete, <b>Manuel Adorni<\/b>, aprovech\u00f3 el tramo final de su informe de gesti\u00f3n en la C\u00e1mara de Diputados para responder a las denuncias sobre su patrimonio y sus viajes, y asegur\u00f3: <b>\u201cNo comet\u00ed ning\u00fan delito y lo voy a probar en la Justicia\u201d<\/b>.<\/p>\n<p>Sin dar detalles, el funcionario investigado por sus viajes y sus bienes, asegur\u00f3 que <b>\u201cnunca ocult\u00f3 su patrimonio\u201d<\/b>. <\/p>\n<p>En un discurso, Adorni sostuvo que la causa por el viaje oficial a Miami y Nueva York \u2212en el que fue cuestionada la participaci\u00f3n de su esposa\u2212 fue archivada por la fiscal y el juez intervinientes, quienes concluyeron que no hubo gastos para el Estado ni incumplimientos normativos.<\/p>\n<p>\u201cEsto prueba que, cuando se permite a la Justicia actuar, se caen las operaciones pol\u00edticas que se intentan instalar en esta C\u00e1mara. Ped\u00ed disculpas a los argentinos y me puse a disposici\u00f3n de la Justicia frente a cada denuncia\u201d, se\u00f1al\u00f3.<\/p>\n<figure><video height=\"720\" width=\"1280\" poster=\"https:\/\/cdn.jwplayer.com\/v2\/media\/gYdACbFw\/poster.jpg?width=1280\" preload=\"none\"><\/video><figcaption>Manuel Adorni dijo que nunca ocult\u00f3 su patrimonio y se defendi\u00f3 <\/figcaption><\/figure>\n<p>En relaci\u00f3n con su <b>patrimonio y sus viajes personales<\/b>, el jefe de Gabinete marc\u00f3 una diferencia entre gastos privados y fondos p\u00fablicos. No se refiri\u00f3 a la forma en que adquiri\u00f3 propiedades \u2212con pr\u00e9stamos y postergaciones de pago a jubiladas y polic\u00edas\u2212, pero s\u00ed asegur\u00f3 que todos sus viajes familiares fueron costeados con <b>recursos propios<\/b> y que <b>no recibi\u00f3 financiamiento de terceros ni beneficios indebidos<\/b>. <\/p>\n<p>\u201c<b>He afrontado yo mismo los pagos<\/b> de todos los viajes que realic\u00e9 con mi familia. Se circunscribieron a vacaciones personales y de mi c\u00edrculo familiar\u201d, asegur\u00f3 Adorni.<\/p>\n<p>Tambi\u00e9n sostuvo que cumpli\u00f3 con las obligaciones previstas en la Ley de \u00c9tica P\u00fablica y present\u00f3 las declaraciones juradas correspondientes.<\/p>\n<p>Sobre este punto, <b>explic\u00f3 que los formularios incluyen un componente p\u00fablico y otro reservado<\/b>, este \u00faltimo bajo custodia de la Oficina Anticorrupci\u00f3n y accesible solo ante requerimiento judicial. Indic\u00f3 que esa informaci\u00f3n ya fue puesta a disposici\u00f3n de la Justicia en el marco de las investigaciones en curso. Se neg\u00f3 a brindar mayores detalles y se ampar\u00f3 en el car\u00e1cter confidencial de esos apartados. <\/p>\n<p>Adorni tambi\u00e9n <b>rechaz\u00f3 la existencia de conflictos de inter\u00e9s<\/b>.<b> <\/b>Neg\u00f3 haber intervenido en contrataciones p\u00fablicas y asegur\u00f3 que no existen contratos entre medios estatales y su entorno familiar. <b>\u201cNo existen ni existieron contratos entre la Estado Nacional y mi c\u00f3nyuge, ni directa ni indirectamente\u201d<\/b>, enfatiz\u00f3.<\/p>\n<p>Remarc\u00f3 que \u201clas manifestaciones que se realizaron p\u00fablicamente relativas al costeo por tercero de viajes son tendenciosas y, adem\u00e1s, falsas. Tendenciosas y falsas\u201d. Y sum\u00f3: \u201cNo existe contrato alguno celebrado entre la TV P\u00fablica y el periodista <b>Marcelo Grandio<\/b>\u201d. Grandio es el periodista, conductor de la TV P\u00fablica, cuya productora \u2212Imhouse SA\u2212 figura en las facturas del vuelo privado de Adorni a Punta del Este. <\/p>\n<p>Adorni busc\u00f3 as\u00ed cerrar uno de los frentes m\u00e1s sensibles de su exposici\u00f3n ante el Congreso, atravesada por cuestionamientos sobre su situaci\u00f3n patrimonial y el uso de recursos p\u00fablicos. \u201cNo comet\u00ed ning\u00fan delito\u201d, afirm\u00f3, y atribuy\u00f3 las acusaciones a \u201coperaciones pol\u00edticas\u201d.<\/p>\n<p>Fue despu\u00e9s de un largo discurso de m\u00e1s de una hora. Solo al final hizo menci\u00f3n a su situaci\u00f3n judicial.<b> \u201cS\u00e9 que muchos de ustedes les gustar\u00eda hacer de esta presentaci\u00f3n un juicio p\u00fablico a mi persona\u201d<\/b>, les dijo a los legisladores. Les record\u00f3 que su funci\u00f3n constitucional es evaluar la marcha del Gobierno, no a \u00e9l como funcionario. <\/p>\n<p>Aun as\u00ed, el jefe de Gabinete decidi\u00f3 hacer referencia a su situaci\u00f3n. \u201cPese a eso, responder\u00e9 a fin de demostrar a los argentinos que este es un gobierno transparente y que cree firmemente\u201d, afirm\u00f3.<\/p>\n<p><img loading=\"lazy\" decoding=\"async\" src=\"https:\/\/resizer.glanacion.com\/resizer\/v2\/QMOGTEE6GVAYLAQ5QDHZL4COBU.png?auth=7e4cc3f92ec173406f4acc768480166f34f2016edb775a45a6036eef10af1485&amp;smart=true&amp;width=1360&amp;height=910\" alt=\"Manuel Adorni\" height=\"910\" width=\"1360\" \/><\/p>\n<p>Adorni abri\u00f3 su exposici\u00f3n con una definici\u00f3n que busc\u00f3 fijar el eje de su discurso. Asegur\u00f3 que el Gobierno <b>\u201csolo se debe a la gente com\u00fan\u201d<\/b> y que defiende \u201cel inter\u00e9s de los que trabajan, estudian y se esfuerzan\u201d, al iniciar su informe sobre la marcha general de la gesti\u00f3n.<\/p>\n<p>Milei y su hermana, como el resto del Gabinete, lo acompa\u00f1\u00f3 desde los palcos en una fuerte se\u00f1al de apoyo. <\/p>\n<p><img loading=\"lazy\" decoding=\"async\" src=\"https:\/\/resizer.glanacion.com\/resizer\/v2\/XMSGOFWJORBWFO5GFRN2WOMHBE.png?auth=2e2aea6e196e6cf136af745abb259f9c9e24c2f9da8644facbbb7c9200b2c251&amp;smart=true&amp;width=1360&amp;height=910\" alt=\"Los hermanos Milei con los ministros Pettovello (Capital Humano) y Luis Caputo (Econom\u00eda) en uno de los palcos de Diputados durante la exposici\u00f3n de Adorni\" height=\"910\" width=\"1360\" \/><\/p>\n<p>El p\u00fablico presente aplaudi\u00f3 con fuerza cuando el funcionario enfatiz\u00f3 que <b>\u201ctodos los argentinos son inocentes hasta que la Justicia demuestre lo contrario\u201d<\/b>, en referencia a la sanci\u00f3n de la ley de inocencia fiscal. Seg\u00fan explic\u00f3, la norma busca blindar a los contribuyentes y revertir la carga de la prueba. <\/p>\n<h1>Plan econ\u00f3mico<\/h1>\n<p>Respecto del rumbo econ\u00f3mico, Adorni resalt\u00f3 en 2024, se alcanz\u00f3 un super\u00e1vit primario de 1,8% del PBI y en el 2025 de 1,5%.<\/p>\n<p>Sin embargo, tambi\u00e9n admiti\u00f3 inconsistencias. <b>\u201cSabemos que algunos de los resultados obtenidos todav\u00eda no muestran un impacto directo en la vida cotidiana de todos los argentinos\u201d<\/b>, reconoci\u00f3 Adorni, aunque deslig\u00f3 al Gobierno de ese desfase. Atribuy\u00f3 el \u201cretraso\u201d en el camino de la \u201creconstrucci\u00f3n\u201d a \u201cla operaci\u00f3n golpista que el kirchnerismo y la izquierda ejecutaron en plena campa\u00f1a electoral\u201d.<\/p>\n<p>Seg\u00fan explic\u00f3, ese proceso deriv\u00f3 en una fuerte inestabilidad financiera. Tras ello, redobl\u00f3 las cr\u00edticas y sostuvo que se trat\u00f3 de<b> \u201cun plan deliberado, sistem\u00e1tico y golpista\u201d.<\/b> Tambi\u00e9n acus\u00f3 a la oposici\u00f3n de <b>\u201coperar financieramente contra el Gobierno\u201d<\/b> y de impulsar leyes en el Congreso con el objetivo de \u201cromper el equilibrio fiscal\u201d.<\/p>\n\n<p>Admiti\u00f3 que el dato de inflaci\u00f3n de 3,4% de marzo \u201cfue malo\u201d y lo vincul\u00f3 a factores de inestabilidad que, seg\u00fan su interpretaci\u00f3n, se originaron en el proceso electoral. Aun as\u00ed, sostuvo que el Banco Central contin\u00faa acumulando reservas y que el tipo de cambio se mantiene estable sin recurrir a restricciones en la compra de divisas.<\/p>\n<p>Pese a ello, el funcionario destac\u00f3 que la inflaci\u00f3n baj\u00f3 y, junto con ello, la <b>pobreza cay\u00f3 al 28,2%<\/b>, \u201csu nivel m\u00e1s bajo en siete a\u00f1os\u201d. Atribuy\u00f3 estos logros a la estabilizaci\u00f3n econ\u00f3mica y a las pol\u00edticas de Capital Humano, a cargo de <b>Sandra Pettovello<\/b>, a quien felicit\u00f3 por \u201cerradicar a los gerentes de la pobreza\u201d. Tambi\u00e9n <b>defendi\u00f3 al Indec<\/b>, cuyo titular \u2212<b>Marco Lavagna<\/b>\u2212 renunci\u00f3 en febrero tras una nueva postergaci\u00f3n de la implementaci\u00f3n del nuevo \u00edndice para medir la pobreza en el pa\u00eds. <\/p>\n<h1>Reformas<\/h1>\n<p>El ministro coordinador puso el foco en las <b>empresas del Estado <\/b>y resalt\u00f3 que ninguna recibi\u00f3 dinero del Tesoro. Mencion\u00f3 a Aerol\u00edneas Argentinas y a AySA. <\/p>\n<p>En materia de infraestructura, Adorni defendi\u00f3 el esquema de concesiones al sector privado como eje de la pol\u00edtica de obra p\u00fablica. <b>Sostuvo que el objetivo es \u201cterminar con la corrupci\u00f3n\u201d <\/b>asociada a ese sistema en el pasado y mencion\u00f3 la condena a la expresidenta <b>Cristina Fern\u00e1ndez de Kirchner<\/b> en la causa Vialidad.<\/p>\n<p>En otro tramo que gener\u00f3 impacto en el recinto, Adorni destac\u00f3 la aprobaci\u00f3n de la <b>reforma laboral <\/b>y sostuvo que permitir\u00e1 ampliar la formalizaci\u00f3n del empleo, reducir la litigiosidad y adaptar las relaciones laborales \u201ca los tiempos actuales\u201d. En ese punto, lanz\u00f3 una advertencia dirigida al Poder Judicial: <b>\u201cEsperemos que algunos jueces laborales entiendan el r\u00e9gimen\u201d<\/b>.<\/p>\n<p>La referencia no fue casual. La reforma enfrenta cuestionamientos en la Justicia y algunos de sus art\u00edculos quedaron en suspenso tras una serie de amparos. No es la primera vez que ocurre: el cap\u00edtulo laboral del DNU 70 tambi\u00e9n hab\u00eda sido frenado por tribunales.<\/p>\n<p>En ese marco, Adorni plante\u00f3 que la administraci\u00f3n de <b>Javier Milei<\/b> lleva adelante \u201cun camino de reformas\u201d orientado a revertir el rumbo de un pa\u00eds que, seg\u00fan describi\u00f3, lleg\u00f3 a 2023 sin perspectivas de crecimiento, atravesado por la inflaci\u00f3n, la inseguridad y el deterioro econ\u00f3mico. Seg\u00fan sostuvo, ese proceso busca dejar atr\u00e1s \u201cel populismo tr\u00e1gico\u201d y sentar las bases de un cambio estructural. <\/p>\n<p>Adorni tambi\u00e9n procur\u00f3 ubicar ese programa en una l\u00f3gica de largo plazo. Afirm\u00f3 que el Gobierno no est\u00e1 enfocado en la pr\u00f3xima elecci\u00f3n, sino en los pr\u00f3ximos a\u00f1os de la Argentina, y present\u00f3 los resultados econ\u00f3micos como parte de ese proceso, al que defini\u00f3 como un intento de <b>devolverles a los ciudadanos \u201ctodo lo que les fue arrebatado\u201d.<\/b><\/p>\n<p>En el repaso de la herencia recibida, Adorni afirm\u00f3 que los resultados de la gesti\u00f3n \u201chan sido contundentes y positivos\u201d y sostuvo que el pa\u00eds comenz\u00f3 a \u201csentar las bases de un nuevo comienzo\u201d, en l\u00ednea con lo planteado por el Presidente en la apertura de sesiones ordinarias.<\/p>\n<p><img loading=\"lazy\" decoding=\"async\" src=\"https:\/\/resizer.glanacion.com\/resizer\/v2\/K7TH6VVXVZBCLFOXPCYJRYJA5Q.JPG?auth=930c708985f3a5d5a2f497cd337f269630f498d38db6e1f24a58989883351a4e&amp;smart=true&amp;width=2000&amp;height=1333\" alt=\"Mahiques y Monteoliva aplauden a Adorni\" height=\"1333\" width=\"2000\" \/><\/p>\n<p>En ese marco, cuestion\u00f3 a los gobiernos anteriores por haber \u201cperpetuado la decadencia\u201d y asegur\u00f3 que la actual administraci\u00f3n busca encarar un cambio estructural que el sistema pol\u00edtico evit\u00f3 durante d\u00e9cadas.<\/p>\n<p>El jefe de Gabinete tambi\u00e9n resalt\u00f3 el trabajo de la ministra <b>Alejandra Monteoliva<\/b> y destac\u00f3 una mejora en los indicadores de criminalidad. Se\u00f1al\u00f3 que la tasa de homicidios descendi\u00f3 a 3,7 cada 100.000 habitantes, frente al 4,4 registrado en 2023, lo que representa \u2212seg\u00fan indic\u00f3\u2212 una baja del 17%. <\/p>\n<p>En ese marco, Adorni hizo referencia al funcionamiento del sistema judicial y advirti\u00f3 sobre el alto nivel de vacantes en juzgados federales, que \u2212seg\u00fan dijo\u2212 genera demoras y acumulaci\u00f3n de causas. Indic\u00f3 que el Ministerio de Justicia avanz\u00f3 en el env\u00edo de pliegos al Senado para cubrir esos cargos<\/p>\n<h1>La previa<\/h1>\n<p>Adorni lleg\u00f3 temprano al Congreso, minutos antes de las 9, y se instal\u00f3 en el despacho de Presidencia de la C\u00e1mara de Diputados para ultimar los detalles de su exposici\u00f3n. El jefe de Gabinete brinda este mi\u00e9rcoles su informe de gesti\u00f3n mensual que dicta la Constituci\u00f3n Nacional ante el recinto de Diputados, con un discurso de tono institucional y centrado en los ejes econ\u00f3micos del Gobierno.<\/p>\n<p>La puesta en escena fue preparada en los d\u00edas previos. El lunes, Adorni ensay\u00f3 su discurso en el recinto vac\u00edo, luego de mantener una reuni\u00f3n con el presidente de la C\u00e1mara de Diputados, <b>Mart\u00edn Menem<\/b>, en la que terminaron de ajustar el formato de la presentaci\u00f3n.<\/p>\n<p>En <a href=\"https:\/\/www.lanacion.com.ar\/politica\/manuel-adorni-evito-responder-en-su-informe-escrito-sobre-su-patrimonio-y-se-escudo-en-su-caracter-nid29042026\/\" target=\"_self\" rel=\"\" title=\"https:\/\/www.lanacion.com.ar\/politica\/manuel-adorni-evito-responder-en-su-informe-escrito-sobre-su-patrimonio-y-se-escudo-en-su-caracter-nid29042026\/\">su informe escrito<\/a> \u2212remitido previamente al Congreso\u2212 evit\u00f3 dar precisiones sobre su patrimonio, se ampar\u00f3 en el car\u00e1cter \u201creservado\u201d de los anexos de su declaraci\u00f3n jurada y no aclar\u00f3 qui\u00e9n financi\u00f3 algunos de sus viajes personales, como el traslado en vuelo privado a Punta del Este.<\/p>\n<p>Tambi\u00e9n defendi\u00f3 el uso del avi\u00f3n presidencial en misiones oficiales, neg\u00f3 irregularidades y limit\u00f3 el alcance de las respuestas al se\u00f1alar que parte de los hechos cuestionados corresponden a su etapa como vocero presidencial y no a su funci\u00f3n actual.<\/p>\n<p>\u200bEl jefe de Gabinete brind\u00f3 su informe verbal con eje en la econom\u00eda y las reformas; dijo que a los viajes los pag\u00f3 con su dinero y acus\u00f3 a la oposici\u00f3n de montar \u201coperaciones pol\u00edticas\u201d\u00a0\u00a0<\/p>","protected":false},"excerpt":{"rendered":"<p>El jefe de Gabinete, Manuel Adorni, aprovech\u00f3 el tramo final de su informe de gesti\u00f3n&#8230;<\/p>\n","protected":false},"author":1,"featured_media":16791,"comment_status":"closed","ping_status":"closed","sticky":false,"template":"","format":"standard","meta":{"_jetpack_memberships_contains_paid_content":false,"footnotes":"","jetpack_publicize_message":"","jetpack_publicize_feature_enabled":true,"jetpack_social_post_already_shared":true,"jetpack_social_options":{"image_generator_settings":{"template":"highway","default_image_id":0,"font":"","enabled":false},"version":2}},"categories":[89],"tags":[],"class_list":["post-16790","post","type-post","status-publish","format-standard","has-post-thumbnail","hentry","category-nacionales"],"yoast_head":"<!-- This site is optimized with the Yoast SEO plugin v27.4 - https:\/\/yoast.com\/product\/yoast-seo-wordpress\/ -->\n<title>Manuel Adorni dijo que nunca ocult\u00f3 su patrimonio y se defendi\u00f3: \u201cNo comet\u00ed ning\u00fan delito, voy a probarlo en la Justicia\u201d -<\/title>\n<meta name=\"robots\" content=\"index, follow, max-snippet:-1, max-image-preview:large, max-video-preview:-1\" \/>\n<link rel=\"canonical\" href=\"https:\/\/impactocastex.com.ar\/?p=16790\" \/>\n<meta property=\"og:locale\" content=\"es_ES\" \/>\n<meta property=\"og:type\" content=\"article\" \/>\n<meta property=\"og:title\" content=\"Manuel Adorni dijo que nunca ocult\u00f3 su patrimonio y se defendi\u00f3: \u201cNo comet\u00ed ning\u00fan delito, voy a probarlo en la Justicia\u201d -\" \/>\n<meta property=\"og:description\" content=\"El jefe de Gabinete, Manuel Adorni, aprovech\u00f3 el tramo final de su informe de gesti\u00f3n...\" \/>\n<meta property=\"og:url\" content=\"https:\/\/impactocastex.com.ar\/?p=16790\" \/>\n<meta property=\"article:publisher\" content=\"https:\/\/www.facebook.com\/impactocastexdiario\" \/>\n<meta property=\"article:published_time\" content=\"2026-04-29T17:19:41+00:00\" \/>\n<meta property=\"og:image\" content=\"https:\/\/resizer.glanacion.com\/resizer\/v2\/QMOGTEE6GVAYLAQ5QDHZL4COBU.png?auth=7e4cc3f92ec173406f4acc768480166f34f2016edb775a45a6036eef10af1485&amp;smart=true&amp;width=1360&amp;height=910\" \/>\n<meta name=\"author\" content=\"impactocastex\" \/>\n<meta name=\"twitter:card\" content=\"summary_large_image\" \/>\n<meta name=\"twitter:label1\" content=\"Escrito por\" \/>\n\t<meta name=\"twitter:data1\" content=\"impactocastex\" \/>\n\t<meta name=\"twitter:label2\" content=\"Tiempo de lectura\" \/>\n\t<meta name=\"twitter:data2\" content=\"9 minutos\" \/>\n<script type=\"application\/ld+json\" class=\"yoast-schema-graph\">{\"@context\":\"https:\\\/\\\/schema.org\",\"@graph\":[{\"@type\":\"Article\",\"@id\":\"https:\\\/\\\/impactocastex.com.ar\\\/?p=16790#article\",\"isPartOf\":{\"@id\":\"https:\\\/\\\/impactocastex.com.ar\\\/?p=16790\"},\"author\":{\"name\":\"impactocastex\",\"@id\":\"https:\\\/\\\/impactocastex.com.ar\\\/#\\\/schema\\\/person\\\/86cb4f827fb5f87869a239b98a69c6e3\"},\"headline\":\"Manuel Adorni dijo que nunca ocult\u00f3 su patrimonio y se defendi\u00f3: \u201cNo comet\u00ed ning\u00fan delito, voy a probarlo en la Justicia\u201d\",\"datePublished\":\"2026-04-29T17:19:41+00:00\",\"mainEntityOfPage\":{\"@id\":\"https:\\\/\\\/impactocastex.com.ar\\\/?p=16790\"},\"wordCount\":1841,\"publisher\":{\"@id\":\"https:\\\/\\\/impactocastex.com.ar\\\/#organization\"},\"image\":{\"@id\":\"https:\\\/\\\/impactocastex.com.ar\\\/?p=16790#primaryimage\"},\"thumbnailUrl\":\"https:\\\/\\\/impactocastex.com.ar\\\/wp-content\\\/uploads\\\/2026\\\/04\\\/6OQG6VGIBRBCDEASXUKONKAWCU-IeMeT1.jpg\",\"articleSection\":[\"NACIONALES\"],\"inLanguage\":\"es\"},{\"@type\":\"WebPage\",\"@id\":\"https:\\\/\\\/impactocastex.com.ar\\\/?p=16790\",\"url\":\"https:\\\/\\\/impactocastex.com.ar\\\/?p=16790\",\"name\":\"Manuel Adorni dijo que nunca ocult\u00f3 su patrimonio y se defendi\u00f3: \u201cNo comet\u00ed ning\u00fan delito, voy a probarlo en la Justicia\u201d -\",\"isPartOf\":{\"@id\":\"https:\\\/\\\/impactocastex.com.ar\\\/#website\"},\"primaryImageOfPage\":{\"@id\":\"https:\\\/\\\/impactocastex.com.ar\\\/?p=16790#primaryimage\"},\"image\":{\"@id\":\"https:\\\/\\\/impactocastex.com.ar\\\/?p=16790#primaryimage\"},\"thumbnailUrl\":\"https:\\\/\\\/impactocastex.com.ar\\\/wp-content\\\/uploads\\\/2026\\\/04\\\/6OQG6VGIBRBCDEASXUKONKAWCU-IeMeT1.jpg\",\"datePublished\":\"2026-04-29T17:19:41+00:00\",\"breadcrumb\":{\"@id\":\"https:\\\/\\\/impactocastex.com.ar\\\/?p=16790#breadcrumb\"},\"inLanguage\":\"es\",\"potentialAction\":[{\"@type\":\"ReadAction\",\"target\":[\"https:\\\/\\\/impactocastex.com.ar\\\/?p=16790\"]}]},{\"@type\":\"ImageObject\",\"inLanguage\":\"es\",\"@id\":\"https:\\\/\\\/impactocastex.com.ar\\\/?p=16790#primaryimage\",\"url\":\"https:\\\/\\\/impactocastex.com.ar\\\/wp-content\\\/uploads\\\/2026\\\/04\\\/6OQG6VGIBRBCDEASXUKONKAWCU-IeMeT1.jpg\",\"contentUrl\":\"https:\\\/\\\/impactocastex.com.ar\\\/wp-content\\\/uploads\\\/2026\\\/04\\\/6OQG6VGIBRBCDEASXUKONKAWCU-IeMeT1.jpg\",\"width\":1998,\"height\":1333},{\"@type\":\"BreadcrumbList\",\"@id\":\"https:\\\/\\\/impactocastex.com.ar\\\/?p=16790#breadcrumb\",\"itemListElement\":[{\"@type\":\"ListItem\",\"position\":1,\"name\":\"Portada\",\"item\":\"https:\\\/\\\/impactocastex.com.ar\\\/\"},{\"@type\":\"ListItem\",\"position\":2,\"name\":\"Manuel Adorni dijo que nunca ocult\u00f3 su patrimonio y se defendi\u00f3: \u201cNo comet\u00ed ning\u00fan delito, voy a probarlo en la Justicia\u201d\"}]},{\"@type\":\"WebSite\",\"@id\":\"https:\\\/\\\/impactocastex.com.ar\\\/#website\",\"url\":\"https:\\\/\\\/impactocastex.com.ar\\\/\",\"name\":\"Impacto Castex\",\"description\":\"\",\"publisher\":{\"@id\":\"https:\\\/\\\/impactocastex.com.ar\\\/#organization\"},\"potentialAction\":[{\"@type\":\"SearchAction\",\"target\":{\"@type\":\"EntryPoint\",\"urlTemplate\":\"https:\\\/\\\/impactocastex.com.ar\\\/?s={search_term_string}\"},\"query-input\":{\"@type\":\"PropertyValueSpecification\",\"valueRequired\":true,\"valueName\":\"search_term_string\"}}],\"inLanguage\":\"es\"},{\"@type\":\"Organization\",\"@id\":\"https:\\\/\\\/impactocastex.com.ar\\\/#organization\",\"name\":\"Impacto Castex\",\"url\":\"https:\\\/\\\/impactocastex.com.ar\\\/\",\"logo\":{\"@type\":\"ImageObject\",\"inLanguage\":\"es\",\"@id\":\"https:\\\/\\\/impactocastex.com.ar\\\/#\\\/schema\\\/logo\\\/image\\\/\",\"url\":\"https:\\\/\\\/impactocastex.com.ar\\\/wp-content\\\/uploads\\\/2025\\\/09\\\/cropped-icoweb.png\",\"contentUrl\":\"https:\\\/\\\/impactocastex.com.ar\\\/wp-content\\\/uploads\\\/2025\\\/09\\\/cropped-icoweb.png\",\"width\":512,\"height\":512,\"caption\":\"Impacto Castex\"},\"image\":{\"@id\":\"https:\\\/\\\/impactocastex.com.ar\\\/#\\\/schema\\\/logo\\\/image\\\/\"},\"sameAs\":[\"https:\\\/\\\/www.facebook.com\\\/impactocastexdiario\",\"https:\\\/\\\/www.instagram.com\\\/impactocastex.com.ar\\\/\"]},{\"@type\":\"Person\",\"@id\":\"https:\\\/\\\/impactocastex.com.ar\\\/#\\\/schema\\\/person\\\/86cb4f827fb5f87869a239b98a69c6e3\",\"name\":\"impactocastex\",\"image\":{\"@type\":\"ImageObject\",\"inLanguage\":\"es\",\"@id\":\"https:\\\/\\\/secure.gravatar.com\\\/avatar\\\/9a87ee051ca8c77f5d4070843ce2c78cdf95b858b950fb039151de955122f5f5?s=96&d=mm&r=g\",\"url\":\"https:\\\/\\\/secure.gravatar.com\\\/avatar\\\/9a87ee051ca8c77f5d4070843ce2c78cdf95b858b950fb039151de955122f5f5?s=96&d=mm&r=g\",\"contentUrl\":\"https:\\\/\\\/secure.gravatar.com\\\/avatar\\\/9a87ee051ca8c77f5d4070843ce2c78cdf95b858b950fb039151de955122f5f5?s=96&d=mm&r=g\",\"caption\":\"impactocastex\"},\"sameAs\":[\"https:\\\/\\\/impactocastex.com.ar\"],\"url\":\"https:\\\/\\\/impactocastex.com.ar\\\/?author=1\"}]}<\/script>\n<!-- \/ Yoast SEO plugin. -->","yoast_head_json":{"title":"Manuel Adorni dijo que nunca ocult\u00f3 su patrimonio y se defendi\u00f3: \u201cNo comet\u00ed ning\u00fan delito, voy a probarlo en la Justicia\u201d -","robots":{"index":"index","follow":"follow","max-snippet":"max-snippet:-1","max-image-preview":"max-image-preview:large","max-video-preview":"max-video-preview:-1"},"canonical":"https:\/\/impactocastex.com.ar\/?p=16790","og_locale":"es_ES","og_type":"article","og_title":"Manuel Adorni dijo que nunca ocult\u00f3 su patrimonio y se defendi\u00f3: \u201cNo comet\u00ed ning\u00fan delito, voy a probarlo en la Justicia\u201d -","og_description":"El jefe de Gabinete, Manuel Adorni, aprovech\u00f3 el tramo final de su informe de gesti\u00f3n...","og_url":"https:\/\/impactocastex.com.ar\/?p=16790","article_publisher":"https:\/\/www.facebook.com\/impactocastexdiario","article_published_time":"2026-04-29T17:19:41+00:00","og_image":[{"url":"https:\/\/resizer.glanacion.com\/resizer\/v2\/QMOGTEE6GVAYLAQ5QDHZL4COBU.png?auth=7e4cc3f92ec173406f4acc768480166f34f2016edb775a45a6036eef10af1485&amp;smart=true&amp;width=1360&amp;height=910","type":"","width":"","height":""}],"author":"impactocastex","twitter_card":"summary_large_image","twitter_misc":{"Escrito por":"impactocastex","Tiempo de lectura":"9 minutos"},"schema":{"@context":"https:\/\/schema.org","@graph":[{"@type":"Article","@id":"https:\/\/impactocastex.com.ar\/?p=16790#article","isPartOf":{"@id":"https:\/\/impactocastex.com.ar\/?p=16790"},"author":{"name":"impactocastex","@id":"https:\/\/impactocastex.com.ar\/#\/schema\/person\/86cb4f827fb5f87869a239b98a69c6e3"},"headline":"Manuel Adorni dijo que nunca ocult\u00f3 su patrimonio y se defendi\u00f3: \u201cNo comet\u00ed ning\u00fan delito, voy a probarlo en la Justicia\u201d","datePublished":"2026-04-29T17:19:41+00:00","mainEntityOfPage":{"@id":"https:\/\/impactocastex.com.ar\/?p=16790"},"wordCount":1841,"publisher":{"@id":"https:\/\/impactocastex.com.ar\/#organization"},"image":{"@id":"https:\/\/impactocastex.com.ar\/?p=16790#primaryimage"},"thumbnailUrl":"https:\/\/impactocastex.com.ar\/wp-content\/uploads\/2026\/04\/6OQG6VGIBRBCDEASXUKONKAWCU-IeMeT1.jpg","articleSection":["NACIONALES"],"inLanguage":"es"},{"@type":"WebPage","@id":"https:\/\/impactocastex.com.ar\/?p=16790","url":"https:\/\/impactocastex.com.ar\/?p=16790","name":"Manuel Adorni dijo que nunca ocult\u00f3 su patrimonio y se defendi\u00f3: \u201cNo comet\u00ed ning\u00fan delito, voy a probarlo en la Justicia\u201d -","isPartOf":{"@id":"https:\/\/impactocastex.com.ar\/#website"},"primaryImageOfPage":{"@id":"https:\/\/impactocastex.com.ar\/?p=16790#primaryimage"},"image":{"@id":"https:\/\/impactocastex.com.ar\/?p=16790#primaryimage"},"thumbnailUrl":"https:\/\/impactocastex.com.ar\/wp-content\/uploads\/2026\/04\/6OQG6VGIBRBCDEASXUKONKAWCU-IeMeT1.jpg","datePublished":"2026-04-29T17:19:41+00:00","breadcrumb":{"@id":"https:\/\/impactocastex.com.ar\/?p=16790#breadcrumb"},"inLanguage":"es","potentialAction":[{"@type":"ReadAction","target":["https:\/\/impactocastex.com.ar\/?p=16790"]}]},{"@type":"ImageObject","inLanguage":"es","@id":"https:\/\/impactocastex.com.ar\/?p=16790#primaryimage","url":"https:\/\/impactocastex.com.ar\/wp-content\/uploads\/2026\/04\/6OQG6VGIBRBCDEASXUKONKAWCU-IeMeT1.jpg","contentUrl":"https:\/\/impactocastex.com.ar\/wp-content\/uploads\/2026\/04\/6OQG6VGIBRBCDEASXUKONKAWCU-IeMeT1.jpg","width":1998,"height":1333},{"@type":"BreadcrumbList","@id":"https:\/\/impactocastex.com.ar\/?p=16790#breadcrumb","itemListElement":[{"@type":"ListItem","position":1,"name":"Portada","item":"https:\/\/impactocastex.com.ar\/"},{"@type":"ListItem","position":2,"name":"Manuel Adorni dijo que nunca ocult\u00f3 su patrimonio y se defendi\u00f3: \u201cNo comet\u00ed ning\u00fan delito, voy a probarlo en la Justicia\u201d"}]},{"@type":"WebSite","@id":"https:\/\/impactocastex.com.ar\/#website","url":"https:\/\/impactocastex.com.ar\/","name":"Impacto Castex","description":"","publisher":{"@id":"https:\/\/impactocastex.com.ar\/#organization"},"potentialAction":[{"@type":"SearchAction","target":{"@type":"EntryPoint","urlTemplate":"https:\/\/impactocastex.com.ar\/?s={search_term_string}"},"query-input":{"@type":"PropertyValueSpecification","valueRequired":true,"valueName":"search_term_string"}}],"inLanguage":"es"},{"@type":"Organization","@id":"https:\/\/impactocastex.com.ar\/#organization","name":"Impacto Castex","url":"https:\/\/impactocastex.com.ar\/","logo":{"@type":"ImageObject","inLanguage":"es","@id":"https:\/\/impactocastex.com.ar\/#\/schema\/logo\/image\/","url":"https:\/\/impactocastex.com.ar\/wp-content\/uploads\/2025\/09\/cropped-icoweb.png","contentUrl":"https:\/\/impactocastex.com.ar\/wp-content\/uploads\/2025\/09\/cropped-icoweb.png","width":512,"height":512,"caption":"Impacto Castex"},"image":{"@id":"https:\/\/impactocastex.com.ar\/#\/schema\/logo\/image\/"},"sameAs":["https:\/\/www.facebook.com\/impactocastexdiario","https:\/\/www.instagram.com\/impactocastex.com.ar\/"]},{"@type":"Person","@id":"https:\/\/impactocastex.com.ar\/#\/schema\/person\/86cb4f827fb5f87869a239b98a69c6e3","name":"impactocastex","image":{"@type":"ImageObject","inLanguage":"es","@id":"https:\/\/secure.gravatar.com\/avatar\/9a87ee051ca8c77f5d4070843ce2c78cdf95b858b950fb039151de955122f5f5?s=96&d=mm&r=g","url":"https:\/\/secure.gravatar.com\/avatar\/9a87ee051ca8c77f5d4070843ce2c78cdf95b858b950fb039151de955122f5f5?s=96&d=mm&r=g","contentUrl":"https:\/\/secure.gravatar.com\/avatar\/9a87ee051ca8c77f5d4070843ce2c78cdf95b858b950fb039151de955122f5f5?s=96&d=mm&r=g","caption":"impactocastex"},"sameAs":["https:\/\/impactocastex.com.ar"],"url":"https:\/\/impactocastex.com.ar\/?author=1"}]}},"jetpack_publicize_connections":[],"featured_image_urls":{"full":["https:\/\/impactocastex.com.ar\/wp-content\/uploads\/2026\/04\/6OQG6VGIBRBCDEASXUKONKAWCU-IeMeT1.jpg",1998,1333,false],"thumbnail":["https:\/\/impactocastex.com.ar\/wp-content\/uploads\/2026\/04\/6OQG6VGIBRBCDEASXUKONKAWCU-IeMeT1-150x150.jpg",150,150,true],"medium":["https:\/\/impactocastex.com.ar\/wp-content\/uploads\/2026\/04\/6OQG6VGIBRBCDEASXUKONKAWCU-IeMeT1-300x200.jpg",300,200,true],"medium_large":["https:\/\/impactocastex.com.ar\/wp-content\/uploads\/2026\/04\/6OQG6VGIBRBCDEASXUKONKAWCU-IeMeT1-768x512.jpg",640,427,true],"large":["https:\/\/impactocastex.com.ar\/wp-content\/uploads\/2026\/04\/6OQG6VGIBRBCDEASXUKONKAWCU-IeMeT1-1024x683.jpg",640,427,true],"1536x1536":["https:\/\/impactocastex.com.ar\/wp-content\/uploads\/2026\/04\/6OQG6VGIBRBCDEASXUKONKAWCU-IeMeT1-1536x1025.jpg",1536,1025,true],"2048x2048":["https:\/\/impactocastex.com.ar\/wp-content\/uploads\/2026\/04\/6OQG6VGIBRBCDEASXUKONKAWCU-IeMeT1.jpg",1998,1333,false],"newsever-slider-full":["https:\/\/impactocastex.com.ar\/wp-content\/uploads\/2026\/04\/6OQG6VGIBRBCDEASXUKONKAWCU-IeMeT1-1280x845.jpg",1280,845,true],"newsever-featured":["https:\/\/impactocastex.com.ar\/wp-content\/uploads\/2026\/04\/6OQG6VGIBRBCDEASXUKONKAWCU-IeMeT1-1024x683.jpg",1024,683,true],"newsever-medium":["https:\/\/impactocastex.com.ar\/wp-content\/uploads\/2026\/04\/6OQG6VGIBRBCDEASXUKONKAWCU-IeMeT1-720x475.jpg",720,475,true]},"author_info":{"info":["impactocastex"]},"category_info":"<a href=\"https:\/\/impactocastex.com.ar\/?cat=89\" rel=\"category\">NACIONALES<\/a>","tag_info":"NACIONALES","comment_count":0,"jetpack_featured_media_url":"https:\/\/impactocastex.com.ar\/wp-content\/uploads\/2026\/04\/6OQG6VGIBRBCDEASXUKONKAWCU-IeMeT1.jpg","jetpack_sharing_enabled":true,"jetpack_likes_enabled":true,"jetpack_shortlink":"https:\/\/wp.me\/p7sopA-4mO","_links":{"self":[{"href":"https:\/\/impactocastex.com.ar\/index.php?rest_route=\/wp\/v2\/posts\/16790","targetHints":{"allow":["GET"]}}],"collection":[{"href":"https:\/\/impactocastex.com.ar\/index.php?rest_route=\/wp\/v2\/posts"}],"about":[{"href":"https:\/\/impactocastex.com.ar\/index.php?rest_route=\/wp\/v2\/types\/post"}],"author":[{"embeddable":true,"href":"https:\/\/impactocastex.com.ar\/index.php?rest_route=\/wp\/v2\/users\/1"}],"replies":[{"embeddable":true,"href":"https:\/\/impactocastex.com.ar\/index.php?rest_route=%2Fwp%2Fv2%2Fcomments&post=16790"}],"version-history":[{"count":0,"href":"https:\/\/impactocastex.com.ar\/index.php?rest_route=\/wp\/v2\/posts\/16790\/revisions"}],"wp:featuredmedia":[{"embeddable":true,"href":"https:\/\/impactocastex.com.ar\/index.php?rest_route=\/wp\/v2\/media\/16791"}],"wp:attachment":[{"href":"https:\/\/impactocastex.com.ar\/index.php?rest_route=%2Fwp%2Fv2%2Fmedia&parent=16790"}],"wp:term":[{"taxonomy":"category","embeddable":true,"href":"https:\/\/impactocastex.com.ar\/index.php?rest_route=%2Fwp%2Fv2%2Fcategories&post=16790"},{"taxonomy":"post_tag","embeddable":true,"href":"https:\/\/impactocastex.com.ar\/index.php?rest_route=%2Fwp%2Fv2%2Ftags&post=16790"}],"curies":[{"name":"wp","href":"https:\/\/api.w.org\/{rel}","templated":true}]}}