{"id":16786,"date":"2026-04-29T12:17:01","date_gmt":"2026-04-29T15:17:01","guid":{"rendered":"https:\/\/impactocastex.com.ar\/?p=16786"},"modified":"2026-04-29T12:17:01","modified_gmt":"2026-04-29T15:17:01","slug":"encontraron-el-cuerpo-de-uno-de-los-dos-pescadores-que-desaparecieron-en-el-rio-de-la-plata","status":"publish","type":"post","link":"https:\/\/impactocastex.com.ar\/?p=16786","title":{"rendered":"Encontraron el cuerpo de uno de los dos pescadores que desaparecieron en el R\u00edo de la Plata"},"content":{"rendered":"<p>Efectivos de la <b>Prefectura Naval Argentina (PNA) hallaron este mi\u00e9rcoles un cuerpo flotando en la ribera de Quilmes<\/b> y, horas m\u00e1s tarde, <b>se confirm\u00f3 que corresponde a uno de los dos pescadores desaparecidos el domingo cuando se adentraron en el R\u00edo de la Plata<\/b> para pescar a la altura de la localidad bonaerense de Villa Dom\u00ednico.<\/p>\n<p>Fuentes de la investigaci\u00f3n indicaron a<b> LA NACION<\/b> el hallazgo de los restos de <b>Alcides Ledesma, paraguayo de 47 a\u00f1os. El cuerpo fue encontrado con prendas de vestir y hab\u00eda sido trasladado a la morgue judicial de Lomas de Zamora para su reconocimiento<\/b>, agregaron. Mientras tanto, continuaba la b\u00fasqueda por agua a lo largo de toda la costa rioplatense para dar con el amigo de la v\u00edctima, Jos\u00e9 Luis Herrera, de 45.<\/p>\n\n<p>Ledesma y Jos\u00e9 Luis <b>se acercaron este domingo por la ma\u00f1ana hasta la costa del R\u00edo de la Plata<\/b>, a la altura de Avellaneda, <b>para meterse al agua en una peque\u00f1a embarcaci\u00f3n gris y salir a despuntar el hobby de pescar<\/b>. Sin embargo, <b>no volvieron ni a tierra ni a sus casas<\/b>.<\/p>\n<blockquote class=\"twitter-tweet\">\n<p lang=\"es\" dir=\"ltr\">Buscamos intensamente a dos pescadores desaparecidos en el R\u00edo de la Plata (en la zona Parque del R\u00edo de Sarand\u00ed).<\/p>\n<p>Se encuentran desplegados tres guardacostas, un semirr\u00edgido, dos motos de agua y el avi\u00f3n PA-105, que rastrillan la zona de emergencia. <a href=\"https:\/\/t.co\/1B8SMCb1Oz\">pic.twitter.com\/1B8SMCb1Oz<\/a><\/p>\n<p>\u2014 Prefectura Naval Argentina (@PrefecturaNaval) <a href=\"https:\/\/twitter.com\/PrefecturaNaval\/status\/2049168435997794653?ref_src=twsrc%5Etfw\">April 28, 2026<\/a><\/p><\/blockquote>\n<p>\u201c<b>El bote ten\u00eda un motor y pensamos que fall\u00f3 y los arrastr\u00f3; ten\u00edan un solo remo y hab\u00eda mucho viento<\/b>\u201d, dijo Aldana, la hija de uno de los hombres, cuando comenzaron las desesperadas tareas de b\u00fasqueda. Varios testigos contaron en las \u00faltimas horas c\u00f3mo vieron \u201cdesaparecer\u201d en la masa de agua a la embarcaci\u00f3n donde estaban los amigos. E<b>se domingo por la tarde, fuertes r\u00e1fagas de viento comenzaron a azotar en la regi\u00f3n metropolitana, situaci\u00f3n que podr\u00eda haber complicado la navegaci\u00f3n para los pescadores<\/b>.<\/p>\n<p>En la costa, los pescadores dejaron estacionada una camioneta Peugeot Partner blanca, donde los investigadores y sus familiares encontraron, incluso, sus tel\u00e9fonos. Sin noticias de su pareja, <b>la mujer de Ledesma radic\u00f3 la denuncia por averiguaci\u00f3n de paradero en la madrugada de este lunes<\/b> en la comisar\u00eda 4a. de Avellaneda.<\/p>\n<figure><video height=\"540\" width=\"960\" poster=\"https:\/\/cdn.jwplayer.com\/v2\/media\/rnTZynht\/poster.jpg?width=720\" preload=\"none\"><\/video><figcaption>Vista del dron de LN+ sobre la zona donde desaparecieron los pescadores<\/figcaption><\/figure>\n<p>Leo, sobrino de Jos\u00e9 Luis, que suele ir a pescar con su t\u00edo, dijo que \u201ces feo cuando la marea te lleva y no pod\u00e9s salir\u201d. \u201cLa marea sube muy r\u00e1pido y te tira para donde ella quiere. <b>Yo s\u00e9 que est\u00e1n bien porque tienen chalecos y est\u00e1n seguros.<\/b> Mi t\u00eda est\u00e1 muy mal, llorando. Es desgarrador\u201d, cont\u00f3 el joven a <i>LN+<\/i> y agreg\u00f3 que los hombres habr\u00edan hecho se\u00f1ales con luces desde la embarcaci\u00f3n en el momento en que se estaban alejando de la costa.<\/p>\n<p>El lugar de donde partieron los pescadores, llamdo el Parque del R\u00edo, ubicado sobre la costa de Villa Dom\u00ednico, en Avellaneda, fue emplazado sobre un terreno frente a la costa y en el cual se instalaron espacios recreativos. Es un predio que le da continuidad a un proceso iniciado con la Eco \u00c1rea, una reserva natural abierta como paseo al p\u00fablico en 2018, que reanud\u00f3 la vinculaci\u00f3n de la ciudad con el r\u00edo.<\/p>\n<p>\u200bSe trata de Alcides Ledesma, de 47 a\u00f1os, quien el domingo junto a Jos\u00e9 Luis Herrera se meti\u00f3 en el R\u00edo de la Plata, a la altura de Avellaneda\u00a0\u00a0<\/p>","protected":false},"excerpt":{"rendered":"<p>Efectivos de la Prefectura Naval Argentina (PNA) hallaron este mi\u00e9rcoles un cuerpo flotando en la&#8230;<\/p>\n","protected":false},"author":1,"featured_media":16787,"comment_status":"closed","ping_status":"closed","sticky":false,"template":"","format":"standard","meta":{"_jetpack_memberships_contains_paid_content":false,"footnotes":"","jetpack_publicize_message":"","jetpack_publicize_feature_enabled":true,"jetpack_social_post_already_shared":true,"jetpack_social_options":{"image_generator_settings":{"template":"highway","default_image_id":0,"font":"","enabled":false},"version":2}},"categories":[89],"tags":[],"class_list":["post-16786","post","type-post","status-publish","format-standard","has-post-thumbnail","hentry","category-nacionales"],"yoast_head":"<!-- This site is optimized with the Yoast SEO plugin v27.4 - https:\/\/yoast.com\/product\/yoast-seo-wordpress\/ -->\n<title>Encontraron el cuerpo de uno de los dos pescadores que desaparecieron en el R\u00edo de la Plata -<\/title>\n<meta name=\"robots\" content=\"index, follow, max-snippet:-1, max-image-preview:large, max-video-preview:-1\" \/>\n<link rel=\"canonical\" href=\"https:\/\/impactocastex.com.ar\/?p=16786\" \/>\n<meta property=\"og:locale\" content=\"es_ES\" \/>\n<meta property=\"og:type\" content=\"article\" \/>\n<meta property=\"og:title\" content=\"Encontraron el cuerpo de uno de los dos pescadores que desaparecieron en el R\u00edo de la Plata -\" \/>\n<meta property=\"og:description\" content=\"Efectivos de la Prefectura Naval Argentina (PNA) hallaron este mi\u00e9rcoles un cuerpo flotando en la...\" \/>\n<meta property=\"og:url\" content=\"https:\/\/impactocastex.com.ar\/?p=16786\" \/>\n<meta property=\"article:publisher\" content=\"https:\/\/www.facebook.com\/impactocastexdiario\" \/>\n<meta property=\"article:published_time\" content=\"2026-04-29T15:17:01+00:00\" \/>\n<meta name=\"author\" content=\"impactocastex\" \/>\n<meta name=\"twitter:card\" content=\"summary_large_image\" \/>\n<meta name=\"twitter:label1\" content=\"Escrito por\" \/>\n\t<meta name=\"twitter:data1\" content=\"impactocastex\" \/>\n\t<meta name=\"twitter:label2\" content=\"Tiempo de lectura\" \/>\n\t<meta name=\"twitter:data2\" content=\"3 minutos\" \/>\n<script type=\"application\/ld+json\" class=\"yoast-schema-graph\">{\"@context\":\"https:\\\/\\\/schema.org\",\"@graph\":[{\"@type\":\"Article\",\"@id\":\"https:\\\/\\\/impactocastex.com.ar\\\/?p=16786#article\",\"isPartOf\":{\"@id\":\"https:\\\/\\\/impactocastex.com.ar\\\/?p=16786\"},\"author\":{\"name\":\"impactocastex\",\"@id\":\"https:\\\/\\\/impactocastex.com.ar\\\/#\\\/schema\\\/person\\\/86cb4f827fb5f87869a239b98a69c6e3\"},\"headline\":\"Encontraron el cuerpo de uno de los dos pescadores que desaparecieron en el R\u00edo de la Plata\",\"datePublished\":\"2026-04-29T15:17:01+00:00\",\"mainEntityOfPage\":{\"@id\":\"https:\\\/\\\/impactocastex.com.ar\\\/?p=16786\"},\"wordCount\":627,\"publisher\":{\"@id\":\"https:\\\/\\\/impactocastex.com.ar\\\/#organization\"},\"image\":{\"@id\":\"https:\\\/\\\/impactocastex.com.ar\\\/?p=16786#primaryimage\"},\"thumbnailUrl\":\"https:\\\/\\\/impactocastex.com.ar\\\/wp-content\\\/uploads\\\/2026\\\/04\\\/FDMKFGORUNDVTFIQNBZAIGKHWY-2RxMRl.png\",\"articleSection\":[\"NACIONALES\"],\"inLanguage\":\"es\"},{\"@type\":\"WebPage\",\"@id\":\"https:\\\/\\\/impactocastex.com.ar\\\/?p=16786\",\"url\":\"https:\\\/\\\/impactocastex.com.ar\\\/?p=16786\",\"name\":\"Encontraron el cuerpo de uno de los dos pescadores que desaparecieron en el R\u00edo de la Plata -\",\"isPartOf\":{\"@id\":\"https:\\\/\\\/impactocastex.com.ar\\\/#website\"},\"primaryImageOfPage\":{\"@id\":\"https:\\\/\\\/impactocastex.com.ar\\\/?p=16786#primaryimage\"},\"image\":{\"@id\":\"https:\\\/\\\/impactocastex.com.ar\\\/?p=16786#primaryimage\"},\"thumbnailUrl\":\"https:\\\/\\\/impactocastex.com.ar\\\/wp-content\\\/uploads\\\/2026\\\/04\\\/FDMKFGORUNDVTFIQNBZAIGKHWY-2RxMRl.png\",\"datePublished\":\"2026-04-29T15:17:01+00:00\",\"breadcrumb\":{\"@id\":\"https:\\\/\\\/impactocastex.com.ar\\\/?p=16786#breadcrumb\"},\"inLanguage\":\"es\",\"potentialAction\":[{\"@type\":\"ReadAction\",\"target\":[\"https:\\\/\\\/impactocastex.com.ar\\\/?p=16786\"]}]},{\"@type\":\"ImageObject\",\"inLanguage\":\"es\",\"@id\":\"https:\\\/\\\/impactocastex.com.ar\\\/?p=16786#primaryimage\",\"url\":\"https:\\\/\\\/impactocastex.com.ar\\\/wp-content\\\/uploads\\\/2026\\\/04\\\/FDMKFGORUNDVTFIQNBZAIGKHWY-2RxMRl.png\",\"contentUrl\":\"https:\\\/\\\/impactocastex.com.ar\\\/wp-content\\\/uploads\\\/2026\\\/04\\\/FDMKFGORUNDVTFIQNBZAIGKHWY-2RxMRl.png\",\"width\":1360,\"height\":910},{\"@type\":\"BreadcrumbList\",\"@id\":\"https:\\\/\\\/impactocastex.com.ar\\\/?p=16786#breadcrumb\",\"itemListElement\":[{\"@type\":\"ListItem\",\"position\":1,\"name\":\"Portada\",\"item\":\"https:\\\/\\\/impactocastex.com.ar\\\/\"},{\"@type\":\"ListItem\",\"position\":2,\"name\":\"Encontraron el cuerpo de uno de los dos pescadores que desaparecieron en el R\u00edo de la Plata\"}]},{\"@type\":\"WebSite\",\"@id\":\"https:\\\/\\\/impactocastex.com.ar\\\/#website\",\"url\":\"https:\\\/\\\/impactocastex.com.ar\\\/\",\"name\":\"Impacto Castex\",\"description\":\"\",\"publisher\":{\"@id\":\"https:\\\/\\\/impactocastex.com.ar\\\/#organization\"},\"potentialAction\":[{\"@type\":\"SearchAction\",\"target\":{\"@type\":\"EntryPoint\",\"urlTemplate\":\"https:\\\/\\\/impactocastex.com.ar\\\/?s={search_term_string}\"},\"query-input\":{\"@type\":\"PropertyValueSpecification\",\"valueRequired\":true,\"valueName\":\"search_term_string\"}}],\"inLanguage\":\"es\"},{\"@type\":\"Organization\",\"@id\":\"https:\\\/\\\/impactocastex.com.ar\\\/#organization\",\"name\":\"Impacto Castex\",\"url\":\"https:\\\/\\\/impactocastex.com.ar\\\/\",\"logo\":{\"@type\":\"ImageObject\",\"inLanguage\":\"es\",\"@id\":\"https:\\\/\\\/impactocastex.com.ar\\\/#\\\/schema\\\/logo\\\/image\\\/\",\"url\":\"https:\\\/\\\/impactocastex.com.ar\\\/wp-content\\\/uploads\\\/2025\\\/09\\\/cropped-icoweb.png\",\"contentUrl\":\"https:\\\/\\\/impactocastex.com.ar\\\/wp-content\\\/uploads\\\/2025\\\/09\\\/cropped-icoweb.png\",\"width\":512,\"height\":512,\"caption\":\"Impacto Castex\"},\"image\":{\"@id\":\"https:\\\/\\\/impactocastex.com.ar\\\/#\\\/schema\\\/logo\\\/image\\\/\"},\"sameAs\":[\"https:\\\/\\\/www.facebook.com\\\/impactocastexdiario\",\"https:\\\/\\\/www.instagram.com\\\/impactocastex.com.ar\\\/\"]},{\"@type\":\"Person\",\"@id\":\"https:\\\/\\\/impactocastex.com.ar\\\/#\\\/schema\\\/person\\\/86cb4f827fb5f87869a239b98a69c6e3\",\"name\":\"impactocastex\",\"image\":{\"@type\":\"ImageObject\",\"inLanguage\":\"es\",\"@id\":\"https:\\\/\\\/secure.gravatar.com\\\/avatar\\\/9a87ee051ca8c77f5d4070843ce2c78cdf95b858b950fb039151de955122f5f5?s=96&d=mm&r=g\",\"url\":\"https:\\\/\\\/secure.gravatar.com\\\/avatar\\\/9a87ee051ca8c77f5d4070843ce2c78cdf95b858b950fb039151de955122f5f5?s=96&d=mm&r=g\",\"contentUrl\":\"https:\\\/\\\/secure.gravatar.com\\\/avatar\\\/9a87ee051ca8c77f5d4070843ce2c78cdf95b858b950fb039151de955122f5f5?s=96&d=mm&r=g\",\"caption\":\"impactocastex\"},\"sameAs\":[\"https:\\\/\\\/impactocastex.com.ar\"],\"url\":\"https:\\\/\\\/impactocastex.com.ar\\\/?author=1\"}]}<\/script>\n<!-- \/ Yoast SEO plugin. -->","yoast_head_json":{"title":"Encontraron el cuerpo de uno de los dos pescadores que desaparecieron en el R\u00edo de la Plata -","robots":{"index":"index","follow":"follow","max-snippet":"max-snippet:-1","max-image-preview":"max-image-preview:large","max-video-preview":"max-video-preview:-1"},"canonical":"https:\/\/impactocastex.com.ar\/?p=16786","og_locale":"es_ES","og_type":"article","og_title":"Encontraron el cuerpo de uno de los dos pescadores que desaparecieron en el R\u00edo de la Plata -","og_description":"Efectivos de la Prefectura Naval Argentina (PNA) hallaron este mi\u00e9rcoles un cuerpo flotando en la...","og_url":"https:\/\/impactocastex.com.ar\/?p=16786","article_publisher":"https:\/\/www.facebook.com\/impactocastexdiario","article_published_time":"2026-04-29T15:17:01+00:00","author":"impactocastex","twitter_card":"summary_large_image","twitter_misc":{"Escrito por":"impactocastex","Tiempo de lectura":"3 minutos"},"schema":{"@context":"https:\/\/schema.org","@graph":[{"@type":"Article","@id":"https:\/\/impactocastex.com.ar\/?p=16786#article","isPartOf":{"@id":"https:\/\/impactocastex.com.ar\/?p=16786"},"author":{"name":"impactocastex","@id":"https:\/\/impactocastex.com.ar\/#\/schema\/person\/86cb4f827fb5f87869a239b98a69c6e3"},"headline":"Encontraron el cuerpo de uno de los dos pescadores que desaparecieron en el R\u00edo de la Plata","datePublished":"2026-04-29T15:17:01+00:00","mainEntityOfPage":{"@id":"https:\/\/impactocastex.com.ar\/?p=16786"},"wordCount":627,"publisher":{"@id":"https:\/\/impactocastex.com.ar\/#organization"},"image":{"@id":"https:\/\/impactocastex.com.ar\/?p=16786#primaryimage"},"thumbnailUrl":"https:\/\/impactocastex.com.ar\/wp-content\/uploads\/2026\/04\/FDMKFGORUNDVTFIQNBZAIGKHWY-2RxMRl.png","articleSection":["NACIONALES"],"inLanguage":"es"},{"@type":"WebPage","@id":"https:\/\/impactocastex.com.ar\/?p=16786","url":"https:\/\/impactocastex.com.ar\/?p=16786","name":"Encontraron el cuerpo de uno de los dos pescadores que desaparecieron en el R\u00edo de la Plata -","isPartOf":{"@id":"https:\/\/impactocastex.com.ar\/#website"},"primaryImageOfPage":{"@id":"https:\/\/impactocastex.com.ar\/?p=16786#primaryimage"},"image":{"@id":"https:\/\/impactocastex.com.ar\/?p=16786#primaryimage"},"thumbnailUrl":"https:\/\/impactocastex.com.ar\/wp-content\/uploads\/2026\/04\/FDMKFGORUNDVTFIQNBZAIGKHWY-2RxMRl.png","datePublished":"2026-04-29T15:17:01+00:00","breadcrumb":{"@id":"https:\/\/impactocastex.com.ar\/?p=16786#breadcrumb"},"inLanguage":"es","potentialAction":[{"@type":"ReadAction","target":["https:\/\/impactocastex.com.ar\/?p=16786"]}]},{"@type":"ImageObject","inLanguage":"es","@id":"https:\/\/impactocastex.com.ar\/?p=16786#primaryimage","url":"https:\/\/impactocastex.com.ar\/wp-content\/uploads\/2026\/04\/FDMKFGORUNDVTFIQNBZAIGKHWY-2RxMRl.png","contentUrl":"https:\/\/impactocastex.com.ar\/wp-content\/uploads\/2026\/04\/FDMKFGORUNDVTFIQNBZAIGKHWY-2RxMRl.png","width":1360,"height":910},{"@type":"BreadcrumbList","@id":"https:\/\/impactocastex.com.ar\/?p=16786#breadcrumb","itemListElement":[{"@type":"ListItem","position":1,"name":"Portada","item":"https:\/\/impactocastex.com.ar\/"},{"@type":"ListItem","position":2,"name":"Encontraron el cuerpo de uno de los dos pescadores que desaparecieron en el R\u00edo de la Plata"}]},{"@type":"WebSite","@id":"https:\/\/impactocastex.com.ar\/#website","url":"https:\/\/impactocastex.com.ar\/","name":"Impacto Castex","description":"","publisher":{"@id":"https:\/\/impactocastex.com.ar\/#organization"},"potentialAction":[{"@type":"SearchAction","target":{"@type":"EntryPoint","urlTemplate":"https:\/\/impactocastex.com.ar\/?s={search_term_string}"},"query-input":{"@type":"PropertyValueSpecification","valueRequired":true,"valueName":"search_term_string"}}],"inLanguage":"es"},{"@type":"Organization","@id":"https:\/\/impactocastex.com.ar\/#organization","name":"Impacto Castex","url":"https:\/\/impactocastex.com.ar\/","logo":{"@type":"ImageObject","inLanguage":"es","@id":"https:\/\/impactocastex.com.ar\/#\/schema\/logo\/image\/","url":"https:\/\/impactocastex.com.ar\/wp-content\/uploads\/2025\/09\/cropped-icoweb.png","contentUrl":"https:\/\/impactocastex.com.ar\/wp-content\/uploads\/2025\/09\/cropped-icoweb.png","width":512,"height":512,"caption":"Impacto Castex"},"image":{"@id":"https:\/\/impactocastex.com.ar\/#\/schema\/logo\/image\/"},"sameAs":["https:\/\/www.facebook.com\/impactocastexdiario","https:\/\/www.instagram.com\/impactocastex.com.ar\/"]},{"@type":"Person","@id":"https:\/\/impactocastex.com.ar\/#\/schema\/person\/86cb4f827fb5f87869a239b98a69c6e3","name":"impactocastex","image":{"@type":"ImageObject","inLanguage":"es","@id":"https:\/\/secure.gravatar.com\/avatar\/9a87ee051ca8c77f5d4070843ce2c78cdf95b858b950fb039151de955122f5f5?s=96&d=mm&r=g","url":"https:\/\/secure.gravatar.com\/avatar\/9a87ee051ca8c77f5d4070843ce2c78cdf95b858b950fb039151de955122f5f5?s=96&d=mm&r=g","contentUrl":"https:\/\/secure.gravatar.com\/avatar\/9a87ee051ca8c77f5d4070843ce2c78cdf95b858b950fb039151de955122f5f5?s=96&d=mm&r=g","caption":"impactocastex"},"sameAs":["https:\/\/impactocastex.com.ar"],"url":"https:\/\/impactocastex.com.ar\/?author=1"}]}},"jetpack_publicize_connections":[],"featured_image_urls":{"full":["https:\/\/impactocastex.com.ar\/wp-content\/uploads\/2026\/04\/FDMKFGORUNDVTFIQNBZAIGKHWY-2RxMRl.png",1360,910,false],"thumbnail":["https:\/\/impactocastex.com.ar\/wp-content\/uploads\/2026\/04\/FDMKFGORUNDVTFIQNBZAIGKHWY-2RxMRl-150x150.png",150,150,true],"medium":["https:\/\/impactocastex.com.ar\/wp-content\/uploads\/2026\/04\/FDMKFGORUNDVTFIQNBZAIGKHWY-2RxMRl-300x201.png",300,201,true],"medium_large":["https:\/\/impactocastex.com.ar\/wp-content\/uploads\/2026\/04\/FDMKFGORUNDVTFIQNBZAIGKHWY-2RxMRl-768x514.png",640,428,true],"large":["https:\/\/impactocastex.com.ar\/wp-content\/uploads\/2026\/04\/FDMKFGORUNDVTFIQNBZAIGKHWY-2RxMRl-1024x685.png",640,428,true],"1536x1536":["https:\/\/impactocastex.com.ar\/wp-content\/uploads\/2026\/04\/FDMKFGORUNDVTFIQNBZAIGKHWY-2RxMRl.png",1360,910,false],"2048x2048":["https:\/\/impactocastex.com.ar\/wp-content\/uploads\/2026\/04\/FDMKFGORUNDVTFIQNBZAIGKHWY-2RxMRl.png",1360,910,false],"newsever-slider-full":["https:\/\/impactocastex.com.ar\/wp-content\/uploads\/2026\/04\/FDMKFGORUNDVTFIQNBZAIGKHWY-2RxMRl-1280x845.png",1280,845,true],"newsever-featured":["https:\/\/impactocastex.com.ar\/wp-content\/uploads\/2026\/04\/FDMKFGORUNDVTFIQNBZAIGKHWY-2RxMRl-1024x685.png",1024,685,true],"newsever-medium":["https:\/\/impactocastex.com.ar\/wp-content\/uploads\/2026\/04\/FDMKFGORUNDVTFIQNBZAIGKHWY-2RxMRl-720x475.png",720,475,true]},"author_info":{"info":["impactocastex"]},"category_info":"<a href=\"https:\/\/impactocastex.com.ar\/?cat=89\" rel=\"category\">NACIONALES<\/a>","tag_info":"NACIONALES","comment_count":0,"jetpack_featured_media_url":"https:\/\/impactocastex.com.ar\/wp-content\/uploads\/2026\/04\/FDMKFGORUNDVTFIQNBZAIGKHWY-2RxMRl.png","jetpack_sharing_enabled":true,"jetpack_likes_enabled":true,"jetpack_shortlink":"https:\/\/wp.me\/p7sopA-4mK","_links":{"self":[{"href":"https:\/\/impactocastex.com.ar\/index.php?rest_route=\/wp\/v2\/posts\/16786","targetHints":{"allow":["GET"]}}],"collection":[{"href":"https:\/\/impactocastex.com.ar\/index.php?rest_route=\/wp\/v2\/posts"}],"about":[{"href":"https:\/\/impactocastex.com.ar\/index.php?rest_route=\/wp\/v2\/types\/post"}],"author":[{"embeddable":true,"href":"https:\/\/impactocastex.com.ar\/index.php?rest_route=\/wp\/v2\/users\/1"}],"replies":[{"embeddable":true,"href":"https:\/\/impactocastex.com.ar\/index.php?rest_route=%2Fwp%2Fv2%2Fcomments&post=16786"}],"version-history":[{"count":0,"href":"https:\/\/impactocastex.com.ar\/index.php?rest_route=\/wp\/v2\/posts\/16786\/revisions"}],"wp:featuredmedia":[{"embeddable":true,"href":"https:\/\/impactocastex.com.ar\/index.php?rest_route=\/wp\/v2\/media\/16787"}],"wp:attachment":[{"href":"https:\/\/impactocastex.com.ar\/index.php?rest_route=%2Fwp%2Fv2%2Fmedia&parent=16786"}],"wp:term":[{"taxonomy":"category","embeddable":true,"href":"https:\/\/impactocastex.com.ar\/index.php?rest_route=%2Fwp%2Fv2%2Fcategories&post=16786"},{"taxonomy":"post_tag","embeddable":true,"href":"https:\/\/impactocastex.com.ar\/index.php?rest_route=%2Fwp%2Fv2%2Ftags&post=16786"}],"curies":[{"name":"wp","href":"https:\/\/api.w.org\/{rel}","templated":true}]}}