{"id":16779,"date":"2026-04-29T10:16:03","date_gmt":"2026-04-29T13:16:03","guid":{"rendered":"https:\/\/impactocastex.com.ar\/?p=16779"},"modified":"2026-04-29T10:16:03","modified_gmt":"2026-04-29T13:16:03","slug":"guerra-de-estados-unidos-e-israel-contra-iran-en-vivo-tension-en-medio-oriente-3","status":"publish","type":"post","link":"https:\/\/impactocastex.com.ar\/?p=16779","title":{"rendered":"Guerra de Estados Unidos e Israel contra Ir\u00e1n, en vivo: tensi\u00f3n en Medio Oriente"},"content":{"rendered":"<p><img loading=\"lazy\" decoding=\"async\" src=\"https:\/\/resizer.glanacion.com\/resizer\/v2\/VOGOSTVGXVHITNB7GDKMTOJXPQ.jpg?auth=be1620b206fa9e6770c907f94688988214022f7659968291540805b4be235632&amp;smart=true&amp;width=2500&amp;height=1545\" alt=\"La Guardia Revolucionaria es un conglomerado militar, pol\u00edtico y econ\u00f3mico que fue fundado como una fuerza militar paralela al ej\u00e9rcito regular de Ir\u00e1n en 1979, tras la Revoluci\u00f3n Isl\u00e1mica\" height=\"1545\" width=\"2500\" \/><\/p>\n<p>A dos meses del inicio de la guerra, <b>Ir\u00e1n ya no cuenta con una \u00fanica e indiscutida figura clerical en la c\u00faspide del poder. <\/b>El l\u00edder supremo <b>Mojtaba Khamenei<\/b> se mantiene en lo m\u00e1s alto del sistema, pero su rol ser\u00eda principalmente el de legitimar decisiones tomadas por los mandos militares, m\u00e1s que el de impartir directivas propias, seg\u00fan tres fuentes al tanto de las discusiones internas citadas por la prensa internacional.<\/p>\n<p>De acuerdo con funcionarios y analistas iran\u00edes, <b>la presi\u00f3n del contexto b\u00e9lico concentr\u00f3 el poder en un c\u00edrculo reducido y de l\u00ednea dura, con fuerte anclaje en el Consejo Supremo de Seguridad Nacional, la oficina del L\u00edder Supremo y la Guardia Revolucionaria.<\/b><\/p>\n<p><img loading=\"lazy\" decoding=\"async\" src=\"https:\/\/resizer.glanacion.com\/resizer\/v2\/6OQGRLVTFNGM3BE66ZIFCVR6LA.jpg?auth=7a337710bb257ebc18ac4c249bddf88ab3ae20c991f6d4b016ad39c04948b9ba&amp;smart=true&amp;width=6000&amp;height=4000\" alt=\"ARCHIVO - Un bote junto a un buque petrolero anclado en el estrecho de Ormuz, frente a la costa de la isla de Qeshm, Ir\u00e1n, el 18 de abril de 2026. (AP Foto\/Asghar Besharati\/Archivo)\" height=\"4000\" width=\"6000\" \/><\/p>\n<p>Ma\u00f1ana, 30 de abril, se conmemora el <b>aniversario de la expulsi\u00f3n de las fuerzas portuguesas de la isla de Ormuz<\/b> y del Golfo P\u00e9rsico en 1621, poniendo fin a 117 a\u00f1os de dominio colonial en la regi\u00f3n.<\/p>\n<p>As\u00ed lo inform\u00f3 la agencia estatal de noticias iran\u00ed <i>IRNA<\/i>, que record\u00f3 que este d\u00eda fue designado como el D\u00eda Nacional del Golfo P\u00e9rsico.<\/p>\n<p>Farkhondeh Jalali, director general del Departamento de Cultura y Orientaci\u00f3n Isl\u00e1mica de Ormuzg\u00e1n, declar\u00f3 que la ceremonia de clausura del festival, que tendr\u00e1 lugar ma\u00f1ana, incluir\u00e1 la presentaci\u00f3n de diversas iniciativas culturales y art\u00edsticas, as\u00ed como actos en honor al comandante de la Armada de la Guardia Revolucionaria, Alireza Tangsiri, fallecido en un ataque estadounidense a finales de marzo.<\/p>\n<p>El embajador de Rusia ante las Naciones Unidas acus\u00f3 a los pa\u00edses occidentales de\u00a0<b>hipocres\u00eda\u00a0<\/b>en una reuni\u00f3n del Consejo de Seguridad este lunes y afirm\u00f3 que Ir\u00e1n tiene todo el derecho a limitar el tr\u00e1fico en el estrecho de Ormuz.<\/p>\n<p>\u201cSe intent\u00f3 atribuir toda la responsabilidad a Ir\u00e1n, como si hubiera sido este pa\u00eds el que atac\u00f3 a sus vecinos y estuviera obstruyendo deliberadamente la navegaci\u00f3n por el estrecho de Ormuz\u201d, declar\u00f3 el embajador de Rusia ante la ONU, Vassily Nebenzia. \u201cEn tiempos de guerra,\u00a0<b>un Estado costero que sufre un ataque puede limitar la navegaci\u00f3n en sus aguas territoriales por motivos de seguridad<\/b>\u201d.<\/p>\n<p><b>La moneda de Ir\u00e1n, el rial, alcanz\u00f3 un m\u00ednimo hist\u00f3rico de 1,8 millones por d\u00f3lar,<\/b> mientras se mantiene un fr\u00e1gil alto el fuego con Estados Unidos e Israel.<\/p>\n<p>El rial se hab\u00eda mantenido estable durante las primeras semanas de la guerra, que comenz\u00f3 el 28 de febrero, en parte porque hubo poco comercio o importaciones que ingresaran al pa\u00eds. <b>La cotizaci\u00f3n de la moneda comenz\u00f3 a caer hace dos d\u00edas<\/b>, hasta el m\u00ednimo hist\u00f3rico del mi\u00e9rcoles.<\/p>\n<p>Expertos advierten que <b>la ca\u00edda del rial podr\u00eda avivar a\u00fan m\u00e1s la inflaci\u00f3n <\/b>en un pa\u00eds donde muchos bienes importados -desde alimentos y medicinas hasta productos electr\u00f3nicos y materias primas- se ven afectados por la cotizaci\u00f3n del d\u00f3lar.<\/p>\n<p>El presidente estadounidense, Donald <b>Trump<\/b>, inst\u00f3 a <b>Ir\u00e1n <\/b>a \u201cespabilar\u201d ante el estancamiento de las negociaciones sobre la guerra, mientras reportes de prensa aseguran que orden\u00f3 a su equipo que se prepare para un bloqueo prolongado de los puertos iran\u00edes.<\/p>\n<p>\u201cIr\u00e1n no es capaz de organizarse. No saben c\u00f3mo firmar un acuerdo no nuclear. <b>\u00a1M\u00e1s les vale espabilar pronto!<\/b>\u201c, public\u00f3 en su red Truth Social. Acompa\u00f1\u00f3 el mensaje con una imagen creada artificialmente en la que aparece con gafas oscuras, un fusil y el mensaje: <b>\u201cSe acab\u00f3 el Se\u00f1or Bueno\u201d.<\/b><\/p>\n\n<p><b>Un total de 21 personas fueron ejecutadas y m\u00e1s de 4000 detenidas en Ir\u00e1n <\/b>por motivos pol\u00edticos o de seguridad nacional desde el inicio de la guerra, asegur\u00f3 Naciones Unidas.<\/p>\n<p>Luego de que los ataques de Israel y Estados Unidos contra Ir\u00e1n desencadenaran el conflicto, \u201cal menos nueve personas fueron ejecutadas en relaci\u00f3n con las manifestaciones de enero de 2026, diez por presunta pertenencia a grupos de oposici\u00f3n y dos por espionaje\u201d, anunci\u00f3 la Oficina del Alto Comisionado de la ONU para los Derechos Humanos.<\/p>\n<p><b>Emiratos \u00c1rabes Unidos (EAU) <\/b>anunci\u00f3 este martes por sorpresa su salida de la <a href=\"https:\/\/www.lanacion.com.ar\/el-mundo\/un-buque-con-gas-licuado-atraveso-el-estrecho-de-ormuz-nid28042026\/\" rel=\"\" title=\"https:\/\/www.lanacion.com.ar\/el-mundo\/un-buque-con-gas-licuado-atraveso-el-estrecho-de-ormuz-nid28042026\/\"><b>Organizaci\u00f3n de Pa\u00edses Exportadores de Petr\u00f3leo<\/b><\/a><b> <\/b>(OPEP), \u200cun \u2060fuerte rev\u00e9s para este bloque con sede en Viena y su l\u00edder de facto, Arabia Saudita, en un <b>momento en que la guerra \u200bcon Ir\u00e1n \u2060ha provocado \u2060una crisis energ\u00e9tica sin precedente y desestabilizado la econom\u00eda mundial.<\/b><\/p>\n<p>La salida de ese miembro de larga data, que empezar\u00e1 a regir <b>a partir del 1\u00b0 de mayo<\/b>,<b> <\/b>podr\u00eda generar desorganizaci\u00f3n y debilitar \u200cal grupo, que por lo general ha tratado de \u200bmostrar un frente unido a \u200bpesar de los desacuerdos internos sobre una variedad de temas, desde la geopol\u00edtica hasta las cuotas de producci\u00f3n.<\/p>\n<p><img loading=\"lazy\" decoding=\"async\" src=\"https:\/\/resizer.glanacion.com\/resizer\/v2\/VRO7EJHKKBGVZNUOGVVNBTZ4SE.jpg?auth=bc6f6c912c2965b25949bed03f36401e15b3c22a64a93c597f3517cc91231b1d&amp;smart=true&amp;width=8166&amp;height=5444\" alt=\"Una plaza p\u00fablica en Dub\u00e1i, Emiratos \u00c1rabes Unidos, el 3 de marzo del 2026. (AP foto\/ Fatima Shbair)\" height=\"5444\" width=\"8166\" \/><\/p>\n<p><a href=\"https:\/\/www.lanacion.com.ar\/el-mundo\/emiratos-arabes-unidos-abandona-la-opep-en-un-duro-golpe-para-el-grupo-petrolero-nid28042026\/\">Le\u00e9 la nota completa ac\u00e1<\/a><\/p>\n<p>Las<b> Fuerzas de Defensa de Israel<\/b> (DFI) informaron este mi\u00e9rcoles por la madrugada que <b>murieron dos miembros de Hezbollah <\/b>como consecuencia de un ataque efectuado el lunes sobre el sur de L\u00edbano.<\/p>\n<p>Detallaron que, seg\u00fan consign\u00f3 <i>The Times of Israel<\/i>, agentes de la Brigada Givati encontraron a los dos miembros de Hezbollah en una zona controlada por Israel y abrieron fuego contra ellos.<\/p>\n<blockquote class=\"twitter-tweet\">\n<p lang=\"iw\" dir=\"rtl\">\u05db\u05d5\u05d7\u05d5\u05ea \u05d7\u05d8\u05d9\u05d1\u05ea \u05d2\u05d1\u05e2\u05ea\u05d9 \u05e4\u05d5\u05e2\u05dc\u05d9\u05dd \u05dc\u05d4\u05e9\u05de\u05d3\u05ea \u05ea\u05e9\u05ea\u05d9\u05d5\u05ea \u05d8\u05e8\u05d5\u05e8 \u05d1\u05de\u05e8\u05d7\u05d1 \u05e7\u05d5 \u05d4\u05d4\u05d2\u05e0\u05d4 \u05d4\u05e7\u05d3\u05de\u05d9 \u05d5\u05dc\u05d4\u05e1\u05e8\u05ea \u05d0\u05d9\u05d5\u05de\u05d9\u05dd<\/p>\n<p>\u05dc\u05db\u05dc \u05d4\u05e4\u05e8\u05d8\u05d9\u05dd:\ud83d\udc47<a href=\"https:\/\/t.co\/FzzAyXVKI3\">https:\/\/t.co\/FzzAyXVKI3<\/a> <a href=\"https:\/\/t.co\/wn5vyYBlw9\">pic.twitter.com\/wn5vyYBlw9<\/a><\/p>\n<p>\u2014 \u05e6\u05d1\u05d0 \u05d4\u05d4\u05d2\u05e0\u05d4 \u05dc\u05d9\u05e9\u05e8\u05d0\u05dc (@idfonline) <a href=\"https:\/\/twitter.com\/idfonline\/status\/2049367185126981642?ref_src=twsrc%5Etfw\">April 29, 2026<\/a><\/p><\/blockquote>\n<ul>\n<li>Ir\u00e1n ofrece abrir estrecho de Ormuz si EE.UU. levanta bloqueo y pone fin a guerra<b>.<\/b><\/li>\n<li>Trump\u00a0y sus asesores de seguridad nacional se muestran \u201cesc\u00e9pticos\u201d ante la oferta de Ir\u00e1n de reabrir el estrecho de Ormuz y suspender las negociaciones nucleares.<\/li>\n<li>El ej\u00e9rcito israel\u00ed afirm\u00f3 haber encontrado un t\u00fanel de dos kil\u00f3metros de Hezbollah en L\u00edbano.<\/li>\n<li>El embajador de Rusia ante la ONU defendi\u00f3 a Ir\u00e1n y compar\u00f3 a los pa\u00edses occidentales con piratas.<\/li>\n<\/ul>\n<p>Ir\u00e1n ofreci\u00f3 poner fin al control que ejerce sobre el estrecho de Ormuz a cambio de que Estados Unidos levante su bloqueo sobre el pa\u00eds y ponga fin a la guerra, en una propuesta que aplazar\u00eda las discusiones sobre el programa nuclear de la Rep\u00fablica Isl\u00e1mica, se\u00f1al\u00f3 la agencia <i>AP<\/i>.<\/p>\n<p>Parece poco probable que el presidente estadounidense <b>Donald Trump<\/b> acepte la oferta, que fue transmitida a los estadounidenses por Pakist\u00e1n y dejar\u00eda sin resolver los desacuerdos que llevaron a Estados Unidos e Israel a ir a la guerra el 28 de febrero. Y el secretario de Estado estadounidense, <b>Marco Rubio<\/b>, pareci\u00f3 descartar cualquier acuerdo que excluya el programa nuclear de Ir\u00e1n.<\/p>\n<p>Seg\u00fan informa el <i>Wall Street Journal<\/i>, citando fuentes de la administraci\u00f3n, <b>Donald Trump<\/b> y sus asesores de seguridad nacional se muestran esc\u00e9pticos ante la oferta de Ir\u00e1n de reabrir el estrecho de Ormuz y suspender las negociaciones nucleares.<\/p>\n<p>El embajador de Rusia ante las Naciones Unidas acus\u00f3 a los pa\u00edses occidentales de <b>hipocres\u00eda <\/b>en una reuni\u00f3n del Consejo de Seguridad este lunes y afirm\u00f3 que Ir\u00e1n tiene todo el derecho a limitar el tr\u00e1fico en el estrecho de Ormuz.<\/p>\n<p>\u201cSe intent\u00f3 atribuir toda la responsabilidad a Ir\u00e1n, como si hubiera sido este pa\u00eds el que atac\u00f3 a sus vecinos y estuviera obstruyendo deliberadamente la navegaci\u00f3n por el estrecho de Ormuz\u201d, declar\u00f3 el embajador de Rusia ante la ONU, Vassily Nebenzia. \u201cEn tiempos de guerra, <b>un Estado costero que sufre un ataque puede limitar la navegaci\u00f3n en sus aguas territoriales por motivos de seguridad<\/b>\u201d.<\/p>\n<p>\u200bCobertura en tiempo real con las novedades m\u00e1s importantes del conflicto y las acciones del mandatario estadounidense, Donald Trump\u00a0\u00a0<\/p>","protected":false},"excerpt":{"rendered":"<p>A dos meses del inicio de la guerra, Ir\u00e1n ya no cuenta con una \u00fanica&#8230;<\/p>\n","protected":false},"author":1,"featured_media":16474,"comment_status":"closed","ping_status":"closed","sticky":false,"template":"","format":"standard","meta":{"_jetpack_memberships_contains_paid_content":false,"footnotes":"","jetpack_publicize_message":"","jetpack_publicize_feature_enabled":true,"jetpack_social_post_already_shared":true,"jetpack_social_options":{"image_generator_settings":{"template":"highway","default_image_id":0,"font":"","enabled":false},"version":2}},"categories":[89],"tags":[],"class_list":["post-16779","post","type-post","status-publish","format-standard","has-post-thumbnail","hentry","category-nacionales"],"yoast_head":"<!-- This site is optimized with the Yoast SEO plugin v27.4 - https:\/\/yoast.com\/product\/yoast-seo-wordpress\/ -->\n<title>Guerra de Estados Unidos e Israel contra Ir\u00e1n, en vivo: tensi\u00f3n en Medio Oriente -<\/title>\n<meta name=\"robots\" content=\"index, follow, max-snippet:-1, max-image-preview:large, max-video-preview:-1\" \/>\n<link rel=\"canonical\" href=\"https:\/\/impactocastex.com.ar\/?p=16779\" \/>\n<meta property=\"og:locale\" content=\"es_ES\" \/>\n<meta property=\"og:type\" content=\"article\" \/>\n<meta property=\"og:title\" content=\"Guerra de Estados Unidos e Israel contra Ir\u00e1n, en vivo: tensi\u00f3n en Medio Oriente -\" \/>\n<meta property=\"og:description\" content=\"A dos meses del inicio de la guerra, Ir\u00e1n ya no cuenta con una \u00fanica...\" \/>\n<meta property=\"og:url\" content=\"https:\/\/impactocastex.com.ar\/?p=16779\" \/>\n<meta property=\"article:publisher\" content=\"https:\/\/www.facebook.com\/impactocastexdiario\" \/>\n<meta property=\"article:published_time\" content=\"2026-04-29T13:16:03+00:00\" \/>\n<meta property=\"og:image\" content=\"https:\/\/resizer.glanacion.com\/resizer\/v2\/VOGOSTVGXVHITNB7GDKMTOJXPQ.jpg?auth=be1620b206fa9e6770c907f94688988214022f7659968291540805b4be235632&amp;smart=true&amp;width=2500&amp;height=1545\" \/>\n<meta name=\"author\" content=\"impactocastex\" \/>\n<meta name=\"twitter:card\" content=\"summary_large_image\" \/>\n<meta name=\"twitter:label1\" content=\"Escrito por\" \/>\n\t<meta name=\"twitter:data1\" content=\"impactocastex\" \/>\n\t<meta name=\"twitter:label2\" content=\"Tiempo de lectura\" \/>\n\t<meta name=\"twitter:data2\" content=\"6 minutos\" \/>\n<script type=\"application\/ld+json\" class=\"yoast-schema-graph\">{\"@context\":\"https:\\\/\\\/schema.org\",\"@graph\":[{\"@type\":\"Article\",\"@id\":\"https:\\\/\\\/impactocastex.com.ar\\\/?p=16779#article\",\"isPartOf\":{\"@id\":\"https:\\\/\\\/impactocastex.com.ar\\\/?p=16779\"},\"author\":{\"name\":\"impactocastex\",\"@id\":\"https:\\\/\\\/impactocastex.com.ar\\\/#\\\/schema\\\/person\\\/86cb4f827fb5f87869a239b98a69c6e3\"},\"headline\":\"Guerra de Estados Unidos e Israel contra Ir\u00e1n, en vivo: tensi\u00f3n en Medio Oriente\",\"datePublished\":\"2026-04-29T13:16:03+00:00\",\"mainEntityOfPage\":{\"@id\":\"https:\\\/\\\/impactocastex.com.ar\\\/?p=16779\"},\"wordCount\":1290,\"publisher\":{\"@id\":\"https:\\\/\\\/impactocastex.com.ar\\\/#organization\"},\"image\":{\"@id\":\"https:\\\/\\\/impactocastex.com.ar\\\/?p=16779#primaryimage\"},\"thumbnailUrl\":\"https:\\\/\\\/impactocastex.com.ar\\\/wp-content\\\/uploads\\\/2026\\\/04\\\/6IFC27NGBJGU7C5HK6LSPCXBAM-wxtlR3.jpg\",\"articleSection\":[\"NACIONALES\"],\"inLanguage\":\"es\"},{\"@type\":\"WebPage\",\"@id\":\"https:\\\/\\\/impactocastex.com.ar\\\/?p=16779\",\"url\":\"https:\\\/\\\/impactocastex.com.ar\\\/?p=16779\",\"name\":\"Guerra de Estados Unidos e Israel contra Ir\u00e1n, en vivo: tensi\u00f3n en Medio Oriente -\",\"isPartOf\":{\"@id\":\"https:\\\/\\\/impactocastex.com.ar\\\/#website\"},\"primaryImageOfPage\":{\"@id\":\"https:\\\/\\\/impactocastex.com.ar\\\/?p=16779#primaryimage\"},\"image\":{\"@id\":\"https:\\\/\\\/impactocastex.com.ar\\\/?p=16779#primaryimage\"},\"thumbnailUrl\":\"https:\\\/\\\/impactocastex.com.ar\\\/wp-content\\\/uploads\\\/2026\\\/04\\\/6IFC27NGBJGU7C5HK6LSPCXBAM-wxtlR3.jpg\",\"datePublished\":\"2026-04-29T13:16:03+00:00\",\"breadcrumb\":{\"@id\":\"https:\\\/\\\/impactocastex.com.ar\\\/?p=16779#breadcrumb\"},\"inLanguage\":\"es\",\"potentialAction\":[{\"@type\":\"ReadAction\",\"target\":[\"https:\\\/\\\/impactocastex.com.ar\\\/?p=16779\"]}]},{\"@type\":\"ImageObject\",\"inLanguage\":\"es\",\"@id\":\"https:\\\/\\\/impactocastex.com.ar\\\/?p=16779#primaryimage\",\"url\":\"https:\\\/\\\/impactocastex.com.ar\\\/wp-content\\\/uploads\\\/2026\\\/04\\\/6IFC27NGBJGU7C5HK6LSPCXBAM-wxtlR3.jpg\",\"contentUrl\":\"https:\\\/\\\/impactocastex.com.ar\\\/wp-content\\\/uploads\\\/2026\\\/04\\\/6IFC27NGBJGU7C5HK6LSPCXBAM-wxtlR3.jpg\",\"width\":2000,\"height\":1367},{\"@type\":\"BreadcrumbList\",\"@id\":\"https:\\\/\\\/impactocastex.com.ar\\\/?p=16779#breadcrumb\",\"itemListElement\":[{\"@type\":\"ListItem\",\"position\":1,\"name\":\"Portada\",\"item\":\"https:\\\/\\\/impactocastex.com.ar\\\/\"},{\"@type\":\"ListItem\",\"position\":2,\"name\":\"Guerra de Estados Unidos e Israel contra Ir\u00e1n, en vivo: tensi\u00f3n en Medio Oriente\"}]},{\"@type\":\"WebSite\",\"@id\":\"https:\\\/\\\/impactocastex.com.ar\\\/#website\",\"url\":\"https:\\\/\\\/impactocastex.com.ar\\\/\",\"name\":\"Impacto Castex\",\"description\":\"\",\"publisher\":{\"@id\":\"https:\\\/\\\/impactocastex.com.ar\\\/#organization\"},\"potentialAction\":[{\"@type\":\"SearchAction\",\"target\":{\"@type\":\"EntryPoint\",\"urlTemplate\":\"https:\\\/\\\/impactocastex.com.ar\\\/?s={search_term_string}\"},\"query-input\":{\"@type\":\"PropertyValueSpecification\",\"valueRequired\":true,\"valueName\":\"search_term_string\"}}],\"inLanguage\":\"es\"},{\"@type\":\"Organization\",\"@id\":\"https:\\\/\\\/impactocastex.com.ar\\\/#organization\",\"name\":\"Impacto Castex\",\"url\":\"https:\\\/\\\/impactocastex.com.ar\\\/\",\"logo\":{\"@type\":\"ImageObject\",\"inLanguage\":\"es\",\"@id\":\"https:\\\/\\\/impactocastex.com.ar\\\/#\\\/schema\\\/logo\\\/image\\\/\",\"url\":\"https:\\\/\\\/impactocastex.com.ar\\\/wp-content\\\/uploads\\\/2025\\\/09\\\/cropped-icoweb.png\",\"contentUrl\":\"https:\\\/\\\/impactocastex.com.ar\\\/wp-content\\\/uploads\\\/2025\\\/09\\\/cropped-icoweb.png\",\"width\":512,\"height\":512,\"caption\":\"Impacto Castex\"},\"image\":{\"@id\":\"https:\\\/\\\/impactocastex.com.ar\\\/#\\\/schema\\\/logo\\\/image\\\/\"},\"sameAs\":[\"https:\\\/\\\/www.facebook.com\\\/impactocastexdiario\",\"https:\\\/\\\/www.instagram.com\\\/impactocastex.com.ar\\\/\"]},{\"@type\":\"Person\",\"@id\":\"https:\\\/\\\/impactocastex.com.ar\\\/#\\\/schema\\\/person\\\/86cb4f827fb5f87869a239b98a69c6e3\",\"name\":\"impactocastex\",\"image\":{\"@type\":\"ImageObject\",\"inLanguage\":\"es\",\"@id\":\"https:\\\/\\\/secure.gravatar.com\\\/avatar\\\/9a87ee051ca8c77f5d4070843ce2c78cdf95b858b950fb039151de955122f5f5?s=96&d=mm&r=g\",\"url\":\"https:\\\/\\\/secure.gravatar.com\\\/avatar\\\/9a87ee051ca8c77f5d4070843ce2c78cdf95b858b950fb039151de955122f5f5?s=96&d=mm&r=g\",\"contentUrl\":\"https:\\\/\\\/secure.gravatar.com\\\/avatar\\\/9a87ee051ca8c77f5d4070843ce2c78cdf95b858b950fb039151de955122f5f5?s=96&d=mm&r=g\",\"caption\":\"impactocastex\"},\"sameAs\":[\"https:\\\/\\\/impactocastex.com.ar\"],\"url\":\"https:\\\/\\\/impactocastex.com.ar\\\/?author=1\"}]}<\/script>\n<!-- \/ Yoast SEO plugin. -->","yoast_head_json":{"title":"Guerra de Estados Unidos e Israel contra Ir\u00e1n, en vivo: tensi\u00f3n en Medio Oriente -","robots":{"index":"index","follow":"follow","max-snippet":"max-snippet:-1","max-image-preview":"max-image-preview:large","max-video-preview":"max-video-preview:-1"},"canonical":"https:\/\/impactocastex.com.ar\/?p=16779","og_locale":"es_ES","og_type":"article","og_title":"Guerra de Estados Unidos e Israel contra Ir\u00e1n, en vivo: tensi\u00f3n en Medio Oriente -","og_description":"A dos meses del inicio de la guerra, Ir\u00e1n ya no cuenta con una \u00fanica...","og_url":"https:\/\/impactocastex.com.ar\/?p=16779","article_publisher":"https:\/\/www.facebook.com\/impactocastexdiario","article_published_time":"2026-04-29T13:16:03+00:00","og_image":[{"url":"https:\/\/resizer.glanacion.com\/resizer\/v2\/VOGOSTVGXVHITNB7GDKMTOJXPQ.jpg?auth=be1620b206fa9e6770c907f94688988214022f7659968291540805b4be235632&amp;smart=true&amp;width=2500&amp;height=1545","type":"","width":"","height":""}],"author":"impactocastex","twitter_card":"summary_large_image","twitter_misc":{"Escrito por":"impactocastex","Tiempo de lectura":"6 minutos"},"schema":{"@context":"https:\/\/schema.org","@graph":[{"@type":"Article","@id":"https:\/\/impactocastex.com.ar\/?p=16779#article","isPartOf":{"@id":"https:\/\/impactocastex.com.ar\/?p=16779"},"author":{"name":"impactocastex","@id":"https:\/\/impactocastex.com.ar\/#\/schema\/person\/86cb4f827fb5f87869a239b98a69c6e3"},"headline":"Guerra de Estados Unidos e Israel contra Ir\u00e1n, en vivo: tensi\u00f3n en Medio Oriente","datePublished":"2026-04-29T13:16:03+00:00","mainEntityOfPage":{"@id":"https:\/\/impactocastex.com.ar\/?p=16779"},"wordCount":1290,"publisher":{"@id":"https:\/\/impactocastex.com.ar\/#organization"},"image":{"@id":"https:\/\/impactocastex.com.ar\/?p=16779#primaryimage"},"thumbnailUrl":"https:\/\/impactocastex.com.ar\/wp-content\/uploads\/2026\/04\/6IFC27NGBJGU7C5HK6LSPCXBAM-wxtlR3.jpg","articleSection":["NACIONALES"],"inLanguage":"es"},{"@type":"WebPage","@id":"https:\/\/impactocastex.com.ar\/?p=16779","url":"https:\/\/impactocastex.com.ar\/?p=16779","name":"Guerra de Estados Unidos e Israel contra Ir\u00e1n, en vivo: tensi\u00f3n en Medio Oriente -","isPartOf":{"@id":"https:\/\/impactocastex.com.ar\/#website"},"primaryImageOfPage":{"@id":"https:\/\/impactocastex.com.ar\/?p=16779#primaryimage"},"image":{"@id":"https:\/\/impactocastex.com.ar\/?p=16779#primaryimage"},"thumbnailUrl":"https:\/\/impactocastex.com.ar\/wp-content\/uploads\/2026\/04\/6IFC27NGBJGU7C5HK6LSPCXBAM-wxtlR3.jpg","datePublished":"2026-04-29T13:16:03+00:00","breadcrumb":{"@id":"https:\/\/impactocastex.com.ar\/?p=16779#breadcrumb"},"inLanguage":"es","potentialAction":[{"@type":"ReadAction","target":["https:\/\/impactocastex.com.ar\/?p=16779"]}]},{"@type":"ImageObject","inLanguage":"es","@id":"https:\/\/impactocastex.com.ar\/?p=16779#primaryimage","url":"https:\/\/impactocastex.com.ar\/wp-content\/uploads\/2026\/04\/6IFC27NGBJGU7C5HK6LSPCXBAM-wxtlR3.jpg","contentUrl":"https:\/\/impactocastex.com.ar\/wp-content\/uploads\/2026\/04\/6IFC27NGBJGU7C5HK6LSPCXBAM-wxtlR3.jpg","width":2000,"height":1367},{"@type":"BreadcrumbList","@id":"https:\/\/impactocastex.com.ar\/?p=16779#breadcrumb","itemListElement":[{"@type":"ListItem","position":1,"name":"Portada","item":"https:\/\/impactocastex.com.ar\/"},{"@type":"ListItem","position":2,"name":"Guerra de Estados Unidos e Israel contra Ir\u00e1n, en vivo: tensi\u00f3n en Medio Oriente"}]},{"@type":"WebSite","@id":"https:\/\/impactocastex.com.ar\/#website","url":"https:\/\/impactocastex.com.ar\/","name":"Impacto Castex","description":"","publisher":{"@id":"https:\/\/impactocastex.com.ar\/#organization"},"potentialAction":[{"@type":"SearchAction","target":{"@type":"EntryPoint","urlTemplate":"https:\/\/impactocastex.com.ar\/?s={search_term_string}"},"query-input":{"@type":"PropertyValueSpecification","valueRequired":true,"valueName":"search_term_string"}}],"inLanguage":"es"},{"@type":"Organization","@id":"https:\/\/impactocastex.com.ar\/#organization","name":"Impacto Castex","url":"https:\/\/impactocastex.com.ar\/","logo":{"@type":"ImageObject","inLanguage":"es","@id":"https:\/\/impactocastex.com.ar\/#\/schema\/logo\/image\/","url":"https:\/\/impactocastex.com.ar\/wp-content\/uploads\/2025\/09\/cropped-icoweb.png","contentUrl":"https:\/\/impactocastex.com.ar\/wp-content\/uploads\/2025\/09\/cropped-icoweb.png","width":512,"height":512,"caption":"Impacto Castex"},"image":{"@id":"https:\/\/impactocastex.com.ar\/#\/schema\/logo\/image\/"},"sameAs":["https:\/\/www.facebook.com\/impactocastexdiario","https:\/\/www.instagram.com\/impactocastex.com.ar\/"]},{"@type":"Person","@id":"https:\/\/impactocastex.com.ar\/#\/schema\/person\/86cb4f827fb5f87869a239b98a69c6e3","name":"impactocastex","image":{"@type":"ImageObject","inLanguage":"es","@id":"https:\/\/secure.gravatar.com\/avatar\/9a87ee051ca8c77f5d4070843ce2c78cdf95b858b950fb039151de955122f5f5?s=96&d=mm&r=g","url":"https:\/\/secure.gravatar.com\/avatar\/9a87ee051ca8c77f5d4070843ce2c78cdf95b858b950fb039151de955122f5f5?s=96&d=mm&r=g","contentUrl":"https:\/\/secure.gravatar.com\/avatar\/9a87ee051ca8c77f5d4070843ce2c78cdf95b858b950fb039151de955122f5f5?s=96&d=mm&r=g","caption":"impactocastex"},"sameAs":["https:\/\/impactocastex.com.ar"],"url":"https:\/\/impactocastex.com.ar\/?author=1"}]}},"jetpack_publicize_connections":[],"featured_image_urls":{"full":["https:\/\/impactocastex.com.ar\/wp-content\/uploads\/2026\/04\/6IFC27NGBJGU7C5HK6LSPCXBAM-wxtlR3.jpg",2000,1367,false],"thumbnail":["https:\/\/impactocastex.com.ar\/wp-content\/uploads\/2026\/04\/6IFC27NGBJGU7C5HK6LSPCXBAM-wxtlR3-150x150.jpg",150,150,true],"medium":["https:\/\/impactocastex.com.ar\/wp-content\/uploads\/2026\/04\/6IFC27NGBJGU7C5HK6LSPCXBAM-wxtlR3-300x205.jpg",300,205,true],"medium_large":["https:\/\/impactocastex.com.ar\/wp-content\/uploads\/2026\/04\/6IFC27NGBJGU7C5HK6LSPCXBAM-wxtlR3-768x525.jpg",640,438,true],"large":["https:\/\/impactocastex.com.ar\/wp-content\/uploads\/2026\/04\/6IFC27NGBJGU7C5HK6LSPCXBAM-wxtlR3-1024x700.jpg",640,438,true],"1536x1536":["https:\/\/impactocastex.com.ar\/wp-content\/uploads\/2026\/04\/6IFC27NGBJGU7C5HK6LSPCXBAM-wxtlR3-1536x1050.jpg",1536,1050,true],"2048x2048":["https:\/\/impactocastex.com.ar\/wp-content\/uploads\/2026\/04\/6IFC27NGBJGU7C5HK6LSPCXBAM-wxtlR3.jpg",2000,1367,false],"newsever-slider-full":["https:\/\/impactocastex.com.ar\/wp-content\/uploads\/2026\/04\/6IFC27NGBJGU7C5HK6LSPCXBAM-wxtlR3-1280x845.jpg",1280,845,true],"newsever-featured":["https:\/\/impactocastex.com.ar\/wp-content\/uploads\/2026\/04\/6IFC27NGBJGU7C5HK6LSPCXBAM-wxtlR3-1024x700.jpg",1024,700,true],"newsever-medium":["https:\/\/impactocastex.com.ar\/wp-content\/uploads\/2026\/04\/6IFC27NGBJGU7C5HK6LSPCXBAM-wxtlR3-720x475.jpg",720,475,true]},"author_info":{"info":["impactocastex"]},"category_info":"<a href=\"https:\/\/impactocastex.com.ar\/?cat=89\" rel=\"category\">NACIONALES<\/a>","tag_info":"NACIONALES","comment_count":0,"jetpack_featured_media_url":"https:\/\/impactocastex.com.ar\/wp-content\/uploads\/2026\/04\/6IFC27NGBJGU7C5HK6LSPCXBAM-wxtlR3.jpg","jetpack_sharing_enabled":true,"jetpack_likes_enabled":true,"jetpack_shortlink":"https:\/\/wp.me\/p7sopA-4mD","_links":{"self":[{"href":"https:\/\/impactocastex.com.ar\/index.php?rest_route=\/wp\/v2\/posts\/16779","targetHints":{"allow":["GET"]}}],"collection":[{"href":"https:\/\/impactocastex.com.ar\/index.php?rest_route=\/wp\/v2\/posts"}],"about":[{"href":"https:\/\/impactocastex.com.ar\/index.php?rest_route=\/wp\/v2\/types\/post"}],"author":[{"embeddable":true,"href":"https:\/\/impactocastex.com.ar\/index.php?rest_route=\/wp\/v2\/users\/1"}],"replies":[{"embeddable":true,"href":"https:\/\/impactocastex.com.ar\/index.php?rest_route=%2Fwp%2Fv2%2Fcomments&post=16779"}],"version-history":[{"count":0,"href":"https:\/\/impactocastex.com.ar\/index.php?rest_route=\/wp\/v2\/posts\/16779\/revisions"}],"wp:featuredmedia":[{"embeddable":true,"href":"https:\/\/impactocastex.com.ar\/index.php?rest_route=\/wp\/v2\/media\/16474"}],"wp:attachment":[{"href":"https:\/\/impactocastex.com.ar\/index.php?rest_route=%2Fwp%2Fv2%2Fmedia&parent=16779"}],"wp:term":[{"taxonomy":"category","embeddable":true,"href":"https:\/\/impactocastex.com.ar\/index.php?rest_route=%2Fwp%2Fv2%2Fcategories&post=16779"},{"taxonomy":"post_tag","embeddable":true,"href":"https:\/\/impactocastex.com.ar\/index.php?rest_route=%2Fwp%2Fv2%2Ftags&post=16779"}],"curies":[{"name":"wp","href":"https:\/\/api.w.org\/{rel}","templated":true}]}}