{"id":16774,"date":"2026-04-29T08:50:32","date_gmt":"2026-04-29T11:50:32","guid":{"rendered":"https:\/\/impactocastex.com.ar\/?p=16774"},"modified":"2026-04-29T08:50:34","modified_gmt":"2026-04-29T11:50:34","slug":"santa-rosa-la-historia-del-joven-ciego-que-estudia-educacion-fisica","status":"publish","type":"post","link":"https:\/\/impactocastex.com.ar\/?p=16774","title":{"rendered":"Santa Rosa: La historia del joven ciego que estudia Educaci\u00f3n F\u00edsica"},"content":{"rendered":"\n<p>Rom\u00e1n Goiriz es oriundo de Santa Rosa y tiene 18 a\u00f1os de edad. Est\u00e1 ciego casi desde la mitad de su vida, luego que un accidente le afectara el nervio \u00f3ptico. Sin embargo, su discapacidad visual no result\u00f3 un impedimento para que la semana anterior comenzara a cursar sus estudios terciarios en el Instituto Superior de Educaci\u00f3n F\u00edsica (ISEF) de General Pico.<\/p>\n\n\n\n<p>Su ceguera tampoco fue una barrera para que se dedicara al deporte, dado que Rom\u00e1n es atleta y futbolista. Practica atletismo en Santa Rosa y tambi\u00e9n juega al f\u00fatbol en el Club La Barranca, de la capital provincial, desde donde le dieron una gran ayuda para que comenzara a estudiar en Pico.<\/p>\n\n\n\n<p>\u201cLos chicos arrancaron hace un mes, pero yo por un problema de no conseguir alojamiento arranqu\u00e9 m\u00e1s tarde. Apenas consegu\u00ed residencia, me vine lo m\u00e1s r\u00e1pido posible para Pico para empezar a estudiar\u201d, le dijo el joven a LA ARENA.<\/p>\n\n\n\n<p>Goiriz hizo el secundario en el Colegio Zona Norte de Santa Rosa y en los \u00faltimos a\u00f1os de la educaci\u00f3n media comenz\u00f3 a buscar una formaci\u00f3n profesional de cara al futuro.<\/p>\n\n\n\n<p>\u201cEstuve indagando mucho a ver qu\u00e9 pod\u00eda estudiar, por mi discapacidad visual. Busqu\u00e9 mucho, tanto lo que me gustar\u00eda como lo que podr\u00eda. Me puse a pensar que me gusta el deporte, que estaba metido en el atletismo y en el f\u00fatbol para ciegos y dije que ten\u00eda que ser profesor de Educaci\u00f3n F\u00edsica. Busqu\u00e9 en varios lugares porque mi opci\u00f3n no era irme de Santa Rosa, era hacerlo virtual, pero no se dio y me sali\u00f3 la opci\u00f3n de ac\u00e1, del Instituto (ISEF)\u201d, cont\u00f3.<\/p>\n\n\n\n<p>Sue\u00f1o.<\/p>\n\n\n\n<p>Rom\u00e1n le explic\u00f3 a este diario que cuando ten\u00eda entre 10 y 11 a\u00f1os de edad sufri\u00f3 un accidente en bicicleta. En ese momento le detectaron un tumor cerebral, al que logr\u00f3 vencer. Sin embargo, una lesi\u00f3n en el nervio \u00f3ptico le dej\u00f3 una importante discapacidad visual, al punto que el porcentaje de visi\u00f3n que tiene es muy bajo.<\/p>\n\n\n\n<p>\u201cEn el ojo izquierdo veo poco y nada, veo luces, y con el ojo derecho, lo mismo. Tengo da\u00f1ado el nervio \u00f3ptico. A los 10 u 11 a\u00f1os tuve un golpe en la bicicleta y me sali\u00f3 un tumor. Tuve c\u00e1ncer en el cerebro, lo venc\u00ed y ac\u00e1 estoy\u201d, dijo.<\/p>\n\n\n\n<p>Su condici\u00f3n de ciego, sin embargo, no le impidi\u00f3 destacarse en el deporte y comenzar sus estudios de nivel superior.<\/p>\n\n\n\n<p>\u201cNo me impide nada. Yo me vine a una ciudad nueva y estoy aprendiendo los recorridos y adapt\u00e1ndome a una residencia nueva, con compa\u00f1eros nuevos, porque vivo con otros estudiantes universitarios\u201d, se\u00f1al\u00f3.<\/p>\n\n\n\n<p>A futuro, espera ser un profesor de Educaci\u00f3n F\u00edsica y poder trabajar con ni\u00f1os y ni\u00f1as con discapacidad, para transmitirles su experiencia de vida y ayudarlos a superar los mismos obst\u00e1culos a los que se enfrenta.<\/p>\n\n\n\n<p>\u201cIndagu\u00e9 mucho sobre esta carrera y me di cuenta que el d\u00eda de ma\u00f1ana, si est\u00e1 la posibilidad de trabajar con chicos con discapacidad, uno puede ser profesor de Educaci\u00f3n F\u00edsica trabajando con chicos, pero estando en esos zapatos y con la experiencia de que uno sabe que puede trabajar mejor. Quien m\u00e1s que uno que pas\u00f3 por eso puede ayudarlos y ense\u00f1arles\u201d, sostuvo.<\/p>\n\n\n\n<p>Agradecido.<\/p>\n\n\n\n<p>Rom\u00e1n cont\u00f3 que en este proyecto de comenzar a estudiar su carrera profesional mucha gente lo ayud\u00f3. Primero recibi\u00f3 el apoyo de toda su familia.<\/p>\n\n\n\n<p>\u201cMi vieja es la que m\u00e1s hizo, es la que me ayud\u00f3 en todo, la que me anima siempre. Ella es la que incentiva a todos. Mi familia son los que estuvieron y los que van a estar siempre. Cuando yo dije que quer\u00eda venir a Pico me apoyaron en todo. La Escuela de Ciegos de Santa Rosa me dio una mano. Mucha gente me ayud\u00f3. Los profesores de f\u00fatbol tambi\u00e9n, como Esteban Olivares, Juan Colombier y Emiliano Cuti\u00f1ola, son los que m\u00e1s me animaron a arrancar esto. Desde que dije que hab\u00eda encontrado el profesorado de Educaci\u00f3n F\u00edsica hicieron lo posible para que pudiera venir ac\u00e1, me ayudaron en lo emocional y en lo econ\u00f3mico. El club me est\u00e1 ayudando y eso es un logro grande. El presidente del club La Barranca, Rodrigo Carballo, tambi\u00e9n me ayud\u00f3. Con ellos estoy s\u00faper agradecido porque me dieron una gran mano y me la siguen dando\u201d, indic\u00f3.<\/p>\n\n\n\n<p>Futbolero.<\/p>\n\n\n\n<p>El joven santarrose\u00f1o dijo que es muy callado, que habla poco en el aula y que en el ISEF le cost\u00f3 entrar en confianza. Los primeros d\u00edas los us\u00f3 para conocer las instalaciones, la ubicaci\u00f3n de las aulas, de las canchas y la pileta y, para aprenderse el recorrido desde la residencia hasta el Instituto. Tambi\u00e9n para conocer la l\u00ednea de colectivo que lo lleva hasta la Terminal de \u00d3mnibus.<\/p>\n\n\n\n<p>Su inserci\u00f3n en el ISEF, seg\u00fan le dijo a este diario, es \u201cuna experiencia nueva que enfrentamos, tanto ellos (los docentes) como yo\u201d.<\/p>\n\n\n\n<p>Por \u00faltimo, Rom\u00e1n habl\u00f3 sobre su pasi\u00f3n por el f\u00fatbol, su convocatoria a los Murci\u00e9lagos y la lesi\u00f3n que lo margin\u00f3 de la posibilidad de jugar un Torneo Panamericano.<\/p>\n\n\n\n<p>\u201cEl a\u00f1o pasado tuve una convocatoria de los murci\u00e9lagos juveniles. Cuando termin\u00f3 la convocatoria fuimos a jugar un partido con los Cuervos de La Barranca y surgi\u00f3 que me lesion\u00e9, y por eso no fui convocado para jugar los Panamericanos de Chile. En f\u00fatbol para ciegos se juega en todos los puestos, pero yo juego de cinco o volante por izquierda o por derecha\u201d, finaliz\u00f3.<\/p>\n\n\n\n<p>.laarena.<\/p>\n","protected":false},"excerpt":{"rendered":"<p>Rom\u00e1n Goiriz es oriundo de Santa Rosa y tiene 18 a\u00f1os de edad. Est\u00e1 ciego&#8230;<\/p>\n","protected":false},"author":2,"featured_media":16775,"comment_status":"closed","ping_status":"closed","sticky":false,"template":"","format":"standard","meta":{"_jetpack_memberships_contains_paid_content":false,"footnotes":"","jetpack_publicize_message":"Santa Rosa: La historia del joven ciego que estudia Educaci\u00f3n F\u00edsica","jetpack_publicize_feature_enabled":true,"jetpack_social_post_already_shared":false,"jetpack_social_options":{"image_generator_settings":{"template":"highway","default_image_id":0,"font":"","enabled":false},"version":2}},"categories":[83],"tags":[],"class_list":["post-16774","post","type-post","status-publish","format-standard","has-post-thumbnail","hentry","category-la-pampa"],"yoast_head":"<!-- This site is optimized with the Yoast SEO plugin v27.4 - https:\/\/yoast.com\/product\/yoast-seo-wordpress\/ -->\n<title>Santa Rosa: La historia del joven ciego que estudia Educaci\u00f3n F\u00edsica -<\/title>\n<meta name=\"robots\" content=\"index, follow, max-snippet:-1, max-image-preview:large, max-video-preview:-1\" \/>\n<link rel=\"canonical\" href=\"https:\/\/impactocastex.com.ar\/?p=16774\" \/>\n<meta property=\"og:locale\" content=\"es_ES\" \/>\n<meta property=\"og:type\" content=\"article\" \/>\n<meta property=\"og:title\" content=\"Santa Rosa: La historia del joven ciego que estudia Educaci\u00f3n F\u00edsica -\" \/>\n<meta property=\"og:description\" content=\"Rom\u00e1n Goiriz es oriundo de Santa Rosa y tiene 18 a\u00f1os de edad. Est\u00e1 ciego...\" \/>\n<meta property=\"og:url\" content=\"https:\/\/impactocastex.com.ar\/?p=16774\" \/>\n<meta property=\"article:publisher\" content=\"https:\/\/www.facebook.com\/impactocastexdiario\" \/>\n<meta property=\"article:published_time\" content=\"2026-04-29T11:50:32+00:00\" \/>\n<meta property=\"article:modified_time\" content=\"2026-04-29T11:50:34+00:00\" \/>\n<meta property=\"og:image\" content=\"https:\/\/impactocastex.com.ar\/wp-content\/uploads\/2026\/04\/1777432281696.webp\" \/>\n\t<meta property=\"og:image:width\" content=\"1121\" \/>\n\t<meta property=\"og:image:height\" content=\"633\" \/>\n\t<meta property=\"og:image:type\" content=\"image\/webp\" \/>\n<meta name=\"author\" content=\"impactocastex\" \/>\n<meta name=\"twitter:card\" content=\"summary_large_image\" \/>\n<meta name=\"twitter:label1\" content=\"Escrito por\" \/>\n\t<meta name=\"twitter:data1\" content=\"impactocastex\" \/>\n\t<meta name=\"twitter:label2\" content=\"Tiempo de lectura\" \/>\n\t<meta name=\"twitter:data2\" content=\"5 minutos\" \/>\n<script type=\"application\/ld+json\" class=\"yoast-schema-graph\">{\"@context\":\"https:\\\/\\\/schema.org\",\"@graph\":[{\"@type\":\"Article\",\"@id\":\"https:\\\/\\\/impactocastex.com.ar\\\/?p=16774#article\",\"isPartOf\":{\"@id\":\"https:\\\/\\\/impactocastex.com.ar\\\/?p=16774\"},\"author\":{\"name\":\"impactocastex\",\"@id\":\"https:\\\/\\\/impactocastex.com.ar\\\/#\\\/schema\\\/person\\\/c115028fb60f9bf49ce7550894b84ea7\"},\"headline\":\"Santa Rosa: La historia del joven ciego que estudia Educaci\u00f3n F\u00edsica\",\"datePublished\":\"2026-04-29T11:50:32+00:00\",\"dateModified\":\"2026-04-29T11:50:34+00:00\",\"mainEntityOfPage\":{\"@id\":\"https:\\\/\\\/impactocastex.com.ar\\\/?p=16774\"},\"wordCount\":984,\"publisher\":{\"@id\":\"https:\\\/\\\/impactocastex.com.ar\\\/#organization\"},\"image\":{\"@id\":\"https:\\\/\\\/impactocastex.com.ar\\\/?p=16774#primaryimage\"},\"thumbnailUrl\":\"https:\\\/\\\/impactocastex.com.ar\\\/wp-content\\\/uploads\\\/2026\\\/04\\\/1777432281696.webp\",\"articleSection\":[\"LA PAMPA\"],\"inLanguage\":\"es\"},{\"@type\":\"WebPage\",\"@id\":\"https:\\\/\\\/impactocastex.com.ar\\\/?p=16774\",\"url\":\"https:\\\/\\\/impactocastex.com.ar\\\/?p=16774\",\"name\":\"Santa Rosa: La historia del joven ciego que estudia Educaci\u00f3n F\u00edsica -\",\"isPartOf\":{\"@id\":\"https:\\\/\\\/impactocastex.com.ar\\\/#website\"},\"primaryImageOfPage\":{\"@id\":\"https:\\\/\\\/impactocastex.com.ar\\\/?p=16774#primaryimage\"},\"image\":{\"@id\":\"https:\\\/\\\/impactocastex.com.ar\\\/?p=16774#primaryimage\"},\"thumbnailUrl\":\"https:\\\/\\\/impactocastex.com.ar\\\/wp-content\\\/uploads\\\/2026\\\/04\\\/1777432281696.webp\",\"datePublished\":\"2026-04-29T11:50:32+00:00\",\"dateModified\":\"2026-04-29T11:50:34+00:00\",\"breadcrumb\":{\"@id\":\"https:\\\/\\\/impactocastex.com.ar\\\/?p=16774#breadcrumb\"},\"inLanguage\":\"es\",\"potentialAction\":[{\"@type\":\"ReadAction\",\"target\":[\"https:\\\/\\\/impactocastex.com.ar\\\/?p=16774\"]}]},{\"@type\":\"ImageObject\",\"inLanguage\":\"es\",\"@id\":\"https:\\\/\\\/impactocastex.com.ar\\\/?p=16774#primaryimage\",\"url\":\"https:\\\/\\\/impactocastex.com.ar\\\/wp-content\\\/uploads\\\/2026\\\/04\\\/1777432281696.webp\",\"contentUrl\":\"https:\\\/\\\/impactocastex.com.ar\\\/wp-content\\\/uploads\\\/2026\\\/04\\\/1777432281696.webp\",\"width\":1121,\"height\":633},{\"@type\":\"BreadcrumbList\",\"@id\":\"https:\\\/\\\/impactocastex.com.ar\\\/?p=16774#breadcrumb\",\"itemListElement\":[{\"@type\":\"ListItem\",\"position\":1,\"name\":\"Portada\",\"item\":\"https:\\\/\\\/impactocastex.com.ar\\\/\"},{\"@type\":\"ListItem\",\"position\":2,\"name\":\"Santa Rosa: La historia del joven ciego que estudia Educaci\u00f3n F\u00edsica\"}]},{\"@type\":\"WebSite\",\"@id\":\"https:\\\/\\\/impactocastex.com.ar\\\/#website\",\"url\":\"https:\\\/\\\/impactocastex.com.ar\\\/\",\"name\":\"Impacto Castex\",\"description\":\"\",\"publisher\":{\"@id\":\"https:\\\/\\\/impactocastex.com.ar\\\/#organization\"},\"potentialAction\":[{\"@type\":\"SearchAction\",\"target\":{\"@type\":\"EntryPoint\",\"urlTemplate\":\"https:\\\/\\\/impactocastex.com.ar\\\/?s={search_term_string}\"},\"query-input\":{\"@type\":\"PropertyValueSpecification\",\"valueRequired\":true,\"valueName\":\"search_term_string\"}}],\"inLanguage\":\"es\"},{\"@type\":\"Organization\",\"@id\":\"https:\\\/\\\/impactocastex.com.ar\\\/#organization\",\"name\":\"Impacto Castex\",\"url\":\"https:\\\/\\\/impactocastex.com.ar\\\/\",\"logo\":{\"@type\":\"ImageObject\",\"inLanguage\":\"es\",\"@id\":\"https:\\\/\\\/impactocastex.com.ar\\\/#\\\/schema\\\/logo\\\/image\\\/\",\"url\":\"https:\\\/\\\/impactocastex.com.ar\\\/wp-content\\\/uploads\\\/2025\\\/09\\\/cropped-icoweb.png\",\"contentUrl\":\"https:\\\/\\\/impactocastex.com.ar\\\/wp-content\\\/uploads\\\/2025\\\/09\\\/cropped-icoweb.png\",\"width\":512,\"height\":512,\"caption\":\"Impacto Castex\"},\"image\":{\"@id\":\"https:\\\/\\\/impactocastex.com.ar\\\/#\\\/schema\\\/logo\\\/image\\\/\"},\"sameAs\":[\"https:\\\/\\\/www.facebook.com\\\/impactocastexdiario\",\"https:\\\/\\\/www.instagram.com\\\/impactocastex.com.ar\\\/\"]},{\"@type\":\"Person\",\"@id\":\"https:\\\/\\\/impactocastex.com.ar\\\/#\\\/schema\\\/person\\\/c115028fb60f9bf49ce7550894b84ea7\",\"name\":\"impactocastex\",\"image\":{\"@type\":\"ImageObject\",\"inLanguage\":\"es\",\"@id\":\"https:\\\/\\\/secure.gravatar.com\\\/avatar\\\/fee87e7af008f02e9becdc0b5a9fd4a2e79b3918a571edeacb62211704637833?s=96&d=mm&r=g\",\"url\":\"https:\\\/\\\/secure.gravatar.com\\\/avatar\\\/fee87e7af008f02e9becdc0b5a9fd4a2e79b3918a571edeacb62211704637833?s=96&d=mm&r=g\",\"contentUrl\":\"https:\\\/\\\/secure.gravatar.com\\\/avatar\\\/fee87e7af008f02e9becdc0b5a9fd4a2e79b3918a571edeacb62211704637833?s=96&d=mm&r=g\",\"caption\":\"impactocastex\"},\"sameAs\":[\"https:\\\/\\\/impactocastex.com.ar\\\/\"],\"url\":\"https:\\\/\\\/impactocastex.com.ar\\\/?author=2\"}]}<\/script>\n<!-- \/ Yoast SEO plugin. -->","yoast_head_json":{"title":"Santa Rosa: La historia del joven ciego que estudia Educaci\u00f3n F\u00edsica -","robots":{"index":"index","follow":"follow","max-snippet":"max-snippet:-1","max-image-preview":"max-image-preview:large","max-video-preview":"max-video-preview:-1"},"canonical":"https:\/\/impactocastex.com.ar\/?p=16774","og_locale":"es_ES","og_type":"article","og_title":"Santa Rosa: La historia del joven ciego que estudia Educaci\u00f3n F\u00edsica -","og_description":"Rom\u00e1n Goiriz es oriundo de Santa Rosa y tiene 18 a\u00f1os de edad. Est\u00e1 ciego...","og_url":"https:\/\/impactocastex.com.ar\/?p=16774","article_publisher":"https:\/\/www.facebook.com\/impactocastexdiario","article_published_time":"2026-04-29T11:50:32+00:00","article_modified_time":"2026-04-29T11:50:34+00:00","og_image":[{"width":1121,"height":633,"url":"https:\/\/impactocastex.com.ar\/wp-content\/uploads\/2026\/04\/1777432281696.webp","type":"image\/webp"}],"author":"impactocastex","twitter_card":"summary_large_image","twitter_misc":{"Escrito por":"impactocastex","Tiempo de lectura":"5 minutos"},"schema":{"@context":"https:\/\/schema.org","@graph":[{"@type":"Article","@id":"https:\/\/impactocastex.com.ar\/?p=16774#article","isPartOf":{"@id":"https:\/\/impactocastex.com.ar\/?p=16774"},"author":{"name":"impactocastex","@id":"https:\/\/impactocastex.com.ar\/#\/schema\/person\/c115028fb60f9bf49ce7550894b84ea7"},"headline":"Santa Rosa: La historia del joven ciego que estudia Educaci\u00f3n F\u00edsica","datePublished":"2026-04-29T11:50:32+00:00","dateModified":"2026-04-29T11:50:34+00:00","mainEntityOfPage":{"@id":"https:\/\/impactocastex.com.ar\/?p=16774"},"wordCount":984,"publisher":{"@id":"https:\/\/impactocastex.com.ar\/#organization"},"image":{"@id":"https:\/\/impactocastex.com.ar\/?p=16774#primaryimage"},"thumbnailUrl":"https:\/\/impactocastex.com.ar\/wp-content\/uploads\/2026\/04\/1777432281696.webp","articleSection":["LA PAMPA"],"inLanguage":"es"},{"@type":"WebPage","@id":"https:\/\/impactocastex.com.ar\/?p=16774","url":"https:\/\/impactocastex.com.ar\/?p=16774","name":"Santa Rosa: La historia del joven ciego que estudia Educaci\u00f3n F\u00edsica -","isPartOf":{"@id":"https:\/\/impactocastex.com.ar\/#website"},"primaryImageOfPage":{"@id":"https:\/\/impactocastex.com.ar\/?p=16774#primaryimage"},"image":{"@id":"https:\/\/impactocastex.com.ar\/?p=16774#primaryimage"},"thumbnailUrl":"https:\/\/impactocastex.com.ar\/wp-content\/uploads\/2026\/04\/1777432281696.webp","datePublished":"2026-04-29T11:50:32+00:00","dateModified":"2026-04-29T11:50:34+00:00","breadcrumb":{"@id":"https:\/\/impactocastex.com.ar\/?p=16774#breadcrumb"},"inLanguage":"es","potentialAction":[{"@type":"ReadAction","target":["https:\/\/impactocastex.com.ar\/?p=16774"]}]},{"@type":"ImageObject","inLanguage":"es","@id":"https:\/\/impactocastex.com.ar\/?p=16774#primaryimage","url":"https:\/\/impactocastex.com.ar\/wp-content\/uploads\/2026\/04\/1777432281696.webp","contentUrl":"https:\/\/impactocastex.com.ar\/wp-content\/uploads\/2026\/04\/1777432281696.webp","width":1121,"height":633},{"@type":"BreadcrumbList","@id":"https:\/\/impactocastex.com.ar\/?p=16774#breadcrumb","itemListElement":[{"@type":"ListItem","position":1,"name":"Portada","item":"https:\/\/impactocastex.com.ar\/"},{"@type":"ListItem","position":2,"name":"Santa Rosa: La historia del joven ciego que estudia Educaci\u00f3n F\u00edsica"}]},{"@type":"WebSite","@id":"https:\/\/impactocastex.com.ar\/#website","url":"https:\/\/impactocastex.com.ar\/","name":"Impacto Castex","description":"","publisher":{"@id":"https:\/\/impactocastex.com.ar\/#organization"},"potentialAction":[{"@type":"SearchAction","target":{"@type":"EntryPoint","urlTemplate":"https:\/\/impactocastex.com.ar\/?s={search_term_string}"},"query-input":{"@type":"PropertyValueSpecification","valueRequired":true,"valueName":"search_term_string"}}],"inLanguage":"es"},{"@type":"Organization","@id":"https:\/\/impactocastex.com.ar\/#organization","name":"Impacto Castex","url":"https:\/\/impactocastex.com.ar\/","logo":{"@type":"ImageObject","inLanguage":"es","@id":"https:\/\/impactocastex.com.ar\/#\/schema\/logo\/image\/","url":"https:\/\/impactocastex.com.ar\/wp-content\/uploads\/2025\/09\/cropped-icoweb.png","contentUrl":"https:\/\/impactocastex.com.ar\/wp-content\/uploads\/2025\/09\/cropped-icoweb.png","width":512,"height":512,"caption":"Impacto Castex"},"image":{"@id":"https:\/\/impactocastex.com.ar\/#\/schema\/logo\/image\/"},"sameAs":["https:\/\/www.facebook.com\/impactocastexdiario","https:\/\/www.instagram.com\/impactocastex.com.ar\/"]},{"@type":"Person","@id":"https:\/\/impactocastex.com.ar\/#\/schema\/person\/c115028fb60f9bf49ce7550894b84ea7","name":"impactocastex","image":{"@type":"ImageObject","inLanguage":"es","@id":"https:\/\/secure.gravatar.com\/avatar\/fee87e7af008f02e9becdc0b5a9fd4a2e79b3918a571edeacb62211704637833?s=96&d=mm&r=g","url":"https:\/\/secure.gravatar.com\/avatar\/fee87e7af008f02e9becdc0b5a9fd4a2e79b3918a571edeacb62211704637833?s=96&d=mm&r=g","contentUrl":"https:\/\/secure.gravatar.com\/avatar\/fee87e7af008f02e9becdc0b5a9fd4a2e79b3918a571edeacb62211704637833?s=96&d=mm&r=g","caption":"impactocastex"},"sameAs":["https:\/\/impactocastex.com.ar\/"],"url":"https:\/\/impactocastex.com.ar\/?author=2"}]}},"jetpack_publicize_connections":[],"featured_image_urls":{"full":["https:\/\/impactocastex.com.ar\/wp-content\/uploads\/2026\/04\/1777432281696.webp",1121,633,false],"thumbnail":["https:\/\/impactocastex.com.ar\/wp-content\/uploads\/2026\/04\/1777432281696-150x150.webp",150,150,true],"medium":["https:\/\/impactocastex.com.ar\/wp-content\/uploads\/2026\/04\/1777432281696-300x169.webp",300,169,true],"medium_large":["https:\/\/impactocastex.com.ar\/wp-content\/uploads\/2026\/04\/1777432281696-768x434.webp",640,362,true],"large":["https:\/\/impactocastex.com.ar\/wp-content\/uploads\/2026\/04\/1777432281696-1024x578.webp",640,361,true],"1536x1536":["https:\/\/impactocastex.com.ar\/wp-content\/uploads\/2026\/04\/1777432281696.webp",1121,633,false],"2048x2048":["https:\/\/impactocastex.com.ar\/wp-content\/uploads\/2026\/04\/1777432281696.webp",1121,633,false],"newsever-slider-full":["https:\/\/impactocastex.com.ar\/wp-content\/uploads\/2026\/04\/1777432281696.webp",1121,633,false],"newsever-featured":["https:\/\/impactocastex.com.ar\/wp-content\/uploads\/2026\/04\/1777432281696-1024x578.webp",1024,578,true],"newsever-medium":["https:\/\/impactocastex.com.ar\/wp-content\/uploads\/2026\/04\/1777432281696-720x475.webp",720,475,true]},"author_info":{"info":["impactocastex"]},"category_info":"<a href=\"https:\/\/impactocastex.com.ar\/?cat=83\" rel=\"category\">LA PAMPA<\/a>","tag_info":"LA PAMPA","comment_count":0,"jetpack_featured_media_url":"https:\/\/impactocastex.com.ar\/wp-content\/uploads\/2026\/04\/1777432281696.webp","jetpack_sharing_enabled":true,"jetpack_likes_enabled":true,"jetpack_shortlink":"https:\/\/wp.me\/p7sopA-4my","_links":{"self":[{"href":"https:\/\/impactocastex.com.ar\/index.php?rest_route=\/wp\/v2\/posts\/16774","targetHints":{"allow":["GET"]}}],"collection":[{"href":"https:\/\/impactocastex.com.ar\/index.php?rest_route=\/wp\/v2\/posts"}],"about":[{"href":"https:\/\/impactocastex.com.ar\/index.php?rest_route=\/wp\/v2\/types\/post"}],"author":[{"embeddable":true,"href":"https:\/\/impactocastex.com.ar\/index.php?rest_route=\/wp\/v2\/users\/2"}],"replies":[{"embeddable":true,"href":"https:\/\/impactocastex.com.ar\/index.php?rest_route=%2Fwp%2Fv2%2Fcomments&post=16774"}],"version-history":[{"count":1,"href":"https:\/\/impactocastex.com.ar\/index.php?rest_route=\/wp\/v2\/posts\/16774\/revisions"}],"predecessor-version":[{"id":16776,"href":"https:\/\/impactocastex.com.ar\/index.php?rest_route=\/wp\/v2\/posts\/16774\/revisions\/16776"}],"wp:featuredmedia":[{"embeddable":true,"href":"https:\/\/impactocastex.com.ar\/index.php?rest_route=\/wp\/v2\/media\/16775"}],"wp:attachment":[{"href":"https:\/\/impactocastex.com.ar\/index.php?rest_route=%2Fwp%2Fv2%2Fmedia&parent=16774"}],"wp:term":[{"taxonomy":"category","embeddable":true,"href":"https:\/\/impactocastex.com.ar\/index.php?rest_route=%2Fwp%2Fv2%2Fcategories&post=16774"},{"taxonomy":"post_tag","embeddable":true,"href":"https:\/\/impactocastex.com.ar\/index.php?rest_route=%2Fwp%2Fv2%2Ftags&post=16774"}],"curies":[{"name":"wp","href":"https:\/\/api.w.org\/{rel}","templated":true}]}}