{"id":16758,"date":"2026-04-29T08:15:20","date_gmt":"2026-04-29T11:15:20","guid":{"rendered":"https:\/\/impactocastex.com.ar\/?p=16758"},"modified":"2026-04-29T08:15:20","modified_gmt":"2026-04-29T11:15:20","slug":"a-que-hora-y-cuanto-durara-la-presentacion-de-manuel-adorni-en-el-congreso","status":"publish","type":"post","link":"https:\/\/impactocastex.com.ar\/?p=16758","title":{"rendered":"A qu\u00e9 hora y cu\u00e1nto durar\u00e1 la presentaci\u00f3n de Manuel Adorni en el Congreso"},"content":{"rendered":"<p>El jefe de Gabinete, <b>Manuel Adorni<\/b>, asistir\u00e1 este mi\u00e9rcoles al Congreso de la Naci\u00f3n para brindar su informe de gesti\u00f3n ante los diputados, un evento que ocurre en un contexto de expectativa pol\u00edtica, ya que el integrante del Poder Ejecutivo romper\u00e1 el silencio tras un mes de investigaci\u00f3n penal sobre su patrimonio personal y a m\u00e1s de treinta d\u00edas de su \u00faltima conferencia de prensa.<\/p>\n<p>La presentaci\u00f3n del funcionario oficialista iniciar\u00e1 <b>a partir de las 10.30 y tendr\u00e1 una duraci\u00f3n de \u201cpoco m\u00e1s de una hora\u201d<\/b>, seg\u00fan inform\u00f3 LA NACION. <\/p>\n<p>El discurso institucional tendr\u00e1 como eje central los logros econ\u00f3micos y la estabilidad macro del Gobierno, adem\u00e1s de las reformas ya implementadas y las pendientes de ejecuci\u00f3n. Tras finalizar esta alocuci\u00f3n, el funcionario deber\u00e1 responder tres tandas de preguntas formuladas por los legisladores de la oposici\u00f3n. Las autoridades de la C\u00e1mara baja, encabezadas por <b>Mart\u00edn Menem<\/b>, estiman que la sesi\u00f3n completa durar\u00e1 al menos seis horas .<\/p>\n<p><img loading=\"lazy\" decoding=\"async\" src=\"https:\/\/resizer.glanacion.com\/resizer\/v2\/6VF4SJDUZRFJJJJ7P5M22YXZOM.JPG?auth=9764ce26982022fadc5bf01f956e68b971976ef8e86e3c1518d3c3def8f7d225&amp;smart=true&amp;width=1700&amp;height=1275\" alt=\"Los hermanos Milei y Manuel Adorni, en el Congreso\" height=\"1275\" width=\"1700\" \/><\/p>\n<p>Para esta jornada, el Gobierno dispuso un operativo de respaldo total, ya que el funcionario estar\u00e1 acompa\u00f1ado por el presidente <b>Javier Milei<\/b> y la secretaria general, <b>Karina Milei<\/b>. La presencia de la c\u00fapula libertaria busca mostrar unidad pol\u00edtica durante esta instancia de rendici\u00f3n de cuentas.<\/p>\n<p>El trabajo de preparaci\u00f3n para esta cita demand\u00f3 varias semanas, ya que Adorni confeccion\u00f3 su discurso y las respuestas a las <b>4800 consultas enviadas previamente <\/b>por los diputados. <\/p>\n<p>Desde el Gobierno relativizaron la cifra al se\u00f1alar que <b>\u201cmenos de la mitad\u201d<\/b> de los interrogantes son originales, ya que <b>\u201cmuch\u00edsimas est\u00e1n repetidas\u201d<\/b>, seg\u00fan consign\u00f3 LA NACION. El jefe de Gabinete realiz\u00f3 el ensayo general de su exposici\u00f3n este lunes por la ma\u00f1ana dentro del recinto con las instalaciones vac\u00edas.<\/p>\n<p>El equipo que trabaj\u00f3 en el armado de la presentaci\u00f3n incluy\u00f3 a su jefa de Gabinete, <b>Aim\u00e9 \u201cMeme\u201d V\u00e1zquez<\/b>, el secretario de Comunicaci\u00f3n,<b> Javier Lanari<\/b>, el subsecretario de Relaciones Parlamentarias e Institucionales,<b> Ignacio Devitt<\/b>, y<b> Federico Esteban Sicilia<\/b>, el nuevo secretario de Coordinaci\u00f3n Legal y Administrativa. <\/p>\n<p><img loading=\"lazy\" decoding=\"async\" src=\"https:\/\/resizer.glanacion.com\/resizer\/v2\/3PDALQZ7VFEGPK2ZDV3D5NXWGU.jpg?auth=484b9a4bde50817173af4a1c5195cb8f16e01260a5bbf1e15cbbbe80770a6933&amp;smart=true&amp;width=2000&amp;height=1333\" alt=\"Manuel Adorni\" height=\"1333\" width=\"2000\" \/><\/p>\n<p>La expectativa se centra en si el funcionario responder\u00e1 sobre las causas judiciales vigentes que involucran a la gesti\u00f3n. El informe llega a<b> cincuenta d\u00edas del comienzo de las revelaciones sobre sus viajes y patrimonio<\/b>, los cuales derivaron en la investigaci\u00f3n judicial en curso. <\/p>\n<p>Asimismo, el recinto se prepara para consultar sobre otras cuestiones sensibles, tales como las irregularidades en la Agencia Nacional de Discapacidad, conocida como <i>Andis<\/i>, y la presunta estafa vinculada a la criptomoneda <i>$LIBRA<\/i>. <\/p>\n<p>\u200bEl jefe de Gabinete dar\u00e1 su informe de gesti\u00f3n ante los legisladores este mi\u00e9rcoles; el funcionario enfrentar\u00e1 una jornada extensa en el recinto\u00a0\u00a0<\/p>","protected":false},"excerpt":{"rendered":"<p>El jefe de Gabinete, Manuel Adorni, asistir\u00e1 este mi\u00e9rcoles al Congreso de la Naci\u00f3n para&#8230;<\/p>\n","protected":false},"author":1,"featured_media":16759,"comment_status":"closed","ping_status":"closed","sticky":false,"template":"","format":"standard","meta":{"_jetpack_memberships_contains_paid_content":false,"footnotes":"","jetpack_publicize_message":"","jetpack_publicize_feature_enabled":true,"jetpack_social_post_already_shared":true,"jetpack_social_options":{"image_generator_settings":{"template":"highway","default_image_id":0,"font":"","enabled":false},"version":2}},"categories":[89],"tags":[],"class_list":["post-16758","post","type-post","status-publish","format-standard","has-post-thumbnail","hentry","category-nacionales"],"yoast_head":"<!-- This site is optimized with the Yoast SEO plugin v27.4 - https:\/\/yoast.com\/product\/yoast-seo-wordpress\/ -->\n<title>A qu\u00e9 hora y cu\u00e1nto durar\u00e1 la presentaci\u00f3n de Manuel Adorni en el Congreso -<\/title>\n<meta name=\"robots\" content=\"index, follow, max-snippet:-1, max-image-preview:large, max-video-preview:-1\" \/>\n<link rel=\"canonical\" href=\"https:\/\/impactocastex.com.ar\/?p=16758\" \/>\n<meta property=\"og:locale\" content=\"es_ES\" \/>\n<meta property=\"og:type\" content=\"article\" \/>\n<meta property=\"og:title\" content=\"A qu\u00e9 hora y cu\u00e1nto durar\u00e1 la presentaci\u00f3n de Manuel Adorni en el Congreso -\" \/>\n<meta property=\"og:description\" content=\"El jefe de Gabinete, Manuel Adorni, asistir\u00e1 este mi\u00e9rcoles al Congreso de la Naci\u00f3n para...\" \/>\n<meta property=\"og:url\" content=\"https:\/\/impactocastex.com.ar\/?p=16758\" \/>\n<meta property=\"article:publisher\" content=\"https:\/\/www.facebook.com\/impactocastexdiario\" \/>\n<meta property=\"article:published_time\" content=\"2026-04-29T11:15:20+00:00\" \/>\n<meta property=\"og:image\" content=\"https:\/\/resizer.glanacion.com\/resizer\/v2\/6VF4SJDUZRFJJJJ7P5M22YXZOM.JPG?auth=9764ce26982022fadc5bf01f956e68b971976ef8e86e3c1518d3c3def8f7d225&amp;smart=true&amp;width=1700&amp;height=1275\" \/>\n<meta name=\"author\" content=\"impactocastex\" \/>\n<meta name=\"twitter:card\" content=\"summary_large_image\" \/>\n<meta name=\"twitter:label1\" content=\"Escrito por\" \/>\n\t<meta name=\"twitter:data1\" content=\"impactocastex\" \/>\n\t<meta name=\"twitter:label2\" content=\"Tiempo de lectura\" \/>\n\t<meta name=\"twitter:data2\" content=\"2 minutos\" \/>\n<script type=\"application\/ld+json\" class=\"yoast-schema-graph\">{\"@context\":\"https:\\\/\\\/schema.org\",\"@graph\":[{\"@type\":\"Article\",\"@id\":\"https:\\\/\\\/impactocastex.com.ar\\\/?p=16758#article\",\"isPartOf\":{\"@id\":\"https:\\\/\\\/impactocastex.com.ar\\\/?p=16758\"},\"author\":{\"name\":\"impactocastex\",\"@id\":\"https:\\\/\\\/impactocastex.com.ar\\\/#\\\/schema\\\/person\\\/86cb4f827fb5f87869a239b98a69c6e3\"},\"headline\":\"A qu\u00e9 hora y cu\u00e1nto durar\u00e1 la presentaci\u00f3n de Manuel Adorni en el Congreso\",\"datePublished\":\"2026-04-29T11:15:20+00:00\",\"mainEntityOfPage\":{\"@id\":\"https:\\\/\\\/impactocastex.com.ar\\\/?p=16758\"},\"wordCount\":479,\"publisher\":{\"@id\":\"https:\\\/\\\/impactocastex.com.ar\\\/#organization\"},\"image\":{\"@id\":\"https:\\\/\\\/impactocastex.com.ar\\\/?p=16758#primaryimage\"},\"thumbnailUrl\":\"https:\\\/\\\/impactocastex.com.ar\\\/wp-content\\\/uploads\\\/2026\\\/04\\\/3PDALQZ7VFEGPK2ZDV3D5NXWGU-j0XOfO.jpg\",\"articleSection\":[\"NACIONALES\"],\"inLanguage\":\"es\"},{\"@type\":\"WebPage\",\"@id\":\"https:\\\/\\\/impactocastex.com.ar\\\/?p=16758\",\"url\":\"https:\\\/\\\/impactocastex.com.ar\\\/?p=16758\",\"name\":\"A qu\u00e9 hora y cu\u00e1nto durar\u00e1 la presentaci\u00f3n de Manuel Adorni en el Congreso -\",\"isPartOf\":{\"@id\":\"https:\\\/\\\/impactocastex.com.ar\\\/#website\"},\"primaryImageOfPage\":{\"@id\":\"https:\\\/\\\/impactocastex.com.ar\\\/?p=16758#primaryimage\"},\"image\":{\"@id\":\"https:\\\/\\\/impactocastex.com.ar\\\/?p=16758#primaryimage\"},\"thumbnailUrl\":\"https:\\\/\\\/impactocastex.com.ar\\\/wp-content\\\/uploads\\\/2026\\\/04\\\/3PDALQZ7VFEGPK2ZDV3D5NXWGU-j0XOfO.jpg\",\"datePublished\":\"2026-04-29T11:15:20+00:00\",\"breadcrumb\":{\"@id\":\"https:\\\/\\\/impactocastex.com.ar\\\/?p=16758#breadcrumb\"},\"inLanguage\":\"es\",\"potentialAction\":[{\"@type\":\"ReadAction\",\"target\":[\"https:\\\/\\\/impactocastex.com.ar\\\/?p=16758\"]}]},{\"@type\":\"ImageObject\",\"inLanguage\":\"es\",\"@id\":\"https:\\\/\\\/impactocastex.com.ar\\\/?p=16758#primaryimage\",\"url\":\"https:\\\/\\\/impactocastex.com.ar\\\/wp-content\\\/uploads\\\/2026\\\/04\\\/3PDALQZ7VFEGPK2ZDV3D5NXWGU-j0XOfO.jpg\",\"contentUrl\":\"https:\\\/\\\/impactocastex.com.ar\\\/wp-content\\\/uploads\\\/2026\\\/04\\\/3PDALQZ7VFEGPK2ZDV3D5NXWGU-j0XOfO.jpg\",\"width\":2000,\"height\":1333},{\"@type\":\"BreadcrumbList\",\"@id\":\"https:\\\/\\\/impactocastex.com.ar\\\/?p=16758#breadcrumb\",\"itemListElement\":[{\"@type\":\"ListItem\",\"position\":1,\"name\":\"Portada\",\"item\":\"https:\\\/\\\/impactocastex.com.ar\\\/\"},{\"@type\":\"ListItem\",\"position\":2,\"name\":\"A qu\u00e9 hora y cu\u00e1nto durar\u00e1 la presentaci\u00f3n de Manuel Adorni en el Congreso\"}]},{\"@type\":\"WebSite\",\"@id\":\"https:\\\/\\\/impactocastex.com.ar\\\/#website\",\"url\":\"https:\\\/\\\/impactocastex.com.ar\\\/\",\"name\":\"Impacto Castex\",\"description\":\"\",\"publisher\":{\"@id\":\"https:\\\/\\\/impactocastex.com.ar\\\/#organization\"},\"potentialAction\":[{\"@type\":\"SearchAction\",\"target\":{\"@type\":\"EntryPoint\",\"urlTemplate\":\"https:\\\/\\\/impactocastex.com.ar\\\/?s={search_term_string}\"},\"query-input\":{\"@type\":\"PropertyValueSpecification\",\"valueRequired\":true,\"valueName\":\"search_term_string\"}}],\"inLanguage\":\"es\"},{\"@type\":\"Organization\",\"@id\":\"https:\\\/\\\/impactocastex.com.ar\\\/#organization\",\"name\":\"Impacto Castex\",\"url\":\"https:\\\/\\\/impactocastex.com.ar\\\/\",\"logo\":{\"@type\":\"ImageObject\",\"inLanguage\":\"es\",\"@id\":\"https:\\\/\\\/impactocastex.com.ar\\\/#\\\/schema\\\/logo\\\/image\\\/\",\"url\":\"https:\\\/\\\/impactocastex.com.ar\\\/wp-content\\\/uploads\\\/2025\\\/09\\\/cropped-icoweb.png\",\"contentUrl\":\"https:\\\/\\\/impactocastex.com.ar\\\/wp-content\\\/uploads\\\/2025\\\/09\\\/cropped-icoweb.png\",\"width\":512,\"height\":512,\"caption\":\"Impacto Castex\"},\"image\":{\"@id\":\"https:\\\/\\\/impactocastex.com.ar\\\/#\\\/schema\\\/logo\\\/image\\\/\"},\"sameAs\":[\"https:\\\/\\\/www.facebook.com\\\/impactocastexdiario\",\"https:\\\/\\\/www.instagram.com\\\/impactocastex.com.ar\\\/\"]},{\"@type\":\"Person\",\"@id\":\"https:\\\/\\\/impactocastex.com.ar\\\/#\\\/schema\\\/person\\\/86cb4f827fb5f87869a239b98a69c6e3\",\"name\":\"impactocastex\",\"image\":{\"@type\":\"ImageObject\",\"inLanguage\":\"es\",\"@id\":\"https:\\\/\\\/secure.gravatar.com\\\/avatar\\\/9a87ee051ca8c77f5d4070843ce2c78cdf95b858b950fb039151de955122f5f5?s=96&d=mm&r=g\",\"url\":\"https:\\\/\\\/secure.gravatar.com\\\/avatar\\\/9a87ee051ca8c77f5d4070843ce2c78cdf95b858b950fb039151de955122f5f5?s=96&d=mm&r=g\",\"contentUrl\":\"https:\\\/\\\/secure.gravatar.com\\\/avatar\\\/9a87ee051ca8c77f5d4070843ce2c78cdf95b858b950fb039151de955122f5f5?s=96&d=mm&r=g\",\"caption\":\"impactocastex\"},\"sameAs\":[\"https:\\\/\\\/impactocastex.com.ar\"],\"url\":\"https:\\\/\\\/impactocastex.com.ar\\\/?author=1\"}]}<\/script>\n<!-- \/ Yoast SEO plugin. -->","yoast_head_json":{"title":"A qu\u00e9 hora y cu\u00e1nto durar\u00e1 la presentaci\u00f3n de Manuel Adorni en el Congreso -","robots":{"index":"index","follow":"follow","max-snippet":"max-snippet:-1","max-image-preview":"max-image-preview:large","max-video-preview":"max-video-preview:-1"},"canonical":"https:\/\/impactocastex.com.ar\/?p=16758","og_locale":"es_ES","og_type":"article","og_title":"A qu\u00e9 hora y cu\u00e1nto durar\u00e1 la presentaci\u00f3n de Manuel Adorni en el Congreso -","og_description":"El jefe de Gabinete, Manuel Adorni, asistir\u00e1 este mi\u00e9rcoles al Congreso de la Naci\u00f3n para...","og_url":"https:\/\/impactocastex.com.ar\/?p=16758","article_publisher":"https:\/\/www.facebook.com\/impactocastexdiario","article_published_time":"2026-04-29T11:15:20+00:00","og_image":[{"url":"https:\/\/resizer.glanacion.com\/resizer\/v2\/6VF4SJDUZRFJJJJ7P5M22YXZOM.JPG?auth=9764ce26982022fadc5bf01f956e68b971976ef8e86e3c1518d3c3def8f7d225&amp;smart=true&amp;width=1700&amp;height=1275","type":"","width":"","height":""}],"author":"impactocastex","twitter_card":"summary_large_image","twitter_misc":{"Escrito por":"impactocastex","Tiempo de lectura":"2 minutos"},"schema":{"@context":"https:\/\/schema.org","@graph":[{"@type":"Article","@id":"https:\/\/impactocastex.com.ar\/?p=16758#article","isPartOf":{"@id":"https:\/\/impactocastex.com.ar\/?p=16758"},"author":{"name":"impactocastex","@id":"https:\/\/impactocastex.com.ar\/#\/schema\/person\/86cb4f827fb5f87869a239b98a69c6e3"},"headline":"A qu\u00e9 hora y cu\u00e1nto durar\u00e1 la presentaci\u00f3n de Manuel Adorni en el Congreso","datePublished":"2026-04-29T11:15:20+00:00","mainEntityOfPage":{"@id":"https:\/\/impactocastex.com.ar\/?p=16758"},"wordCount":479,"publisher":{"@id":"https:\/\/impactocastex.com.ar\/#organization"},"image":{"@id":"https:\/\/impactocastex.com.ar\/?p=16758#primaryimage"},"thumbnailUrl":"https:\/\/impactocastex.com.ar\/wp-content\/uploads\/2026\/04\/3PDALQZ7VFEGPK2ZDV3D5NXWGU-j0XOfO.jpg","articleSection":["NACIONALES"],"inLanguage":"es"},{"@type":"WebPage","@id":"https:\/\/impactocastex.com.ar\/?p=16758","url":"https:\/\/impactocastex.com.ar\/?p=16758","name":"A qu\u00e9 hora y cu\u00e1nto durar\u00e1 la presentaci\u00f3n de Manuel Adorni en el Congreso -","isPartOf":{"@id":"https:\/\/impactocastex.com.ar\/#website"},"primaryImageOfPage":{"@id":"https:\/\/impactocastex.com.ar\/?p=16758#primaryimage"},"image":{"@id":"https:\/\/impactocastex.com.ar\/?p=16758#primaryimage"},"thumbnailUrl":"https:\/\/impactocastex.com.ar\/wp-content\/uploads\/2026\/04\/3PDALQZ7VFEGPK2ZDV3D5NXWGU-j0XOfO.jpg","datePublished":"2026-04-29T11:15:20+00:00","breadcrumb":{"@id":"https:\/\/impactocastex.com.ar\/?p=16758#breadcrumb"},"inLanguage":"es","potentialAction":[{"@type":"ReadAction","target":["https:\/\/impactocastex.com.ar\/?p=16758"]}]},{"@type":"ImageObject","inLanguage":"es","@id":"https:\/\/impactocastex.com.ar\/?p=16758#primaryimage","url":"https:\/\/impactocastex.com.ar\/wp-content\/uploads\/2026\/04\/3PDALQZ7VFEGPK2ZDV3D5NXWGU-j0XOfO.jpg","contentUrl":"https:\/\/impactocastex.com.ar\/wp-content\/uploads\/2026\/04\/3PDALQZ7VFEGPK2ZDV3D5NXWGU-j0XOfO.jpg","width":2000,"height":1333},{"@type":"BreadcrumbList","@id":"https:\/\/impactocastex.com.ar\/?p=16758#breadcrumb","itemListElement":[{"@type":"ListItem","position":1,"name":"Portada","item":"https:\/\/impactocastex.com.ar\/"},{"@type":"ListItem","position":2,"name":"A qu\u00e9 hora y cu\u00e1nto durar\u00e1 la presentaci\u00f3n de Manuel Adorni en el Congreso"}]},{"@type":"WebSite","@id":"https:\/\/impactocastex.com.ar\/#website","url":"https:\/\/impactocastex.com.ar\/","name":"Impacto Castex","description":"","publisher":{"@id":"https:\/\/impactocastex.com.ar\/#organization"},"potentialAction":[{"@type":"SearchAction","target":{"@type":"EntryPoint","urlTemplate":"https:\/\/impactocastex.com.ar\/?s={search_term_string}"},"query-input":{"@type":"PropertyValueSpecification","valueRequired":true,"valueName":"search_term_string"}}],"inLanguage":"es"},{"@type":"Organization","@id":"https:\/\/impactocastex.com.ar\/#organization","name":"Impacto Castex","url":"https:\/\/impactocastex.com.ar\/","logo":{"@type":"ImageObject","inLanguage":"es","@id":"https:\/\/impactocastex.com.ar\/#\/schema\/logo\/image\/","url":"https:\/\/impactocastex.com.ar\/wp-content\/uploads\/2025\/09\/cropped-icoweb.png","contentUrl":"https:\/\/impactocastex.com.ar\/wp-content\/uploads\/2025\/09\/cropped-icoweb.png","width":512,"height":512,"caption":"Impacto Castex"},"image":{"@id":"https:\/\/impactocastex.com.ar\/#\/schema\/logo\/image\/"},"sameAs":["https:\/\/www.facebook.com\/impactocastexdiario","https:\/\/www.instagram.com\/impactocastex.com.ar\/"]},{"@type":"Person","@id":"https:\/\/impactocastex.com.ar\/#\/schema\/person\/86cb4f827fb5f87869a239b98a69c6e3","name":"impactocastex","image":{"@type":"ImageObject","inLanguage":"es","@id":"https:\/\/secure.gravatar.com\/avatar\/9a87ee051ca8c77f5d4070843ce2c78cdf95b858b950fb039151de955122f5f5?s=96&d=mm&r=g","url":"https:\/\/secure.gravatar.com\/avatar\/9a87ee051ca8c77f5d4070843ce2c78cdf95b858b950fb039151de955122f5f5?s=96&d=mm&r=g","contentUrl":"https:\/\/secure.gravatar.com\/avatar\/9a87ee051ca8c77f5d4070843ce2c78cdf95b858b950fb039151de955122f5f5?s=96&d=mm&r=g","caption":"impactocastex"},"sameAs":["https:\/\/impactocastex.com.ar"],"url":"https:\/\/impactocastex.com.ar\/?author=1"}]}},"jetpack_publicize_connections":[],"featured_image_urls":{"full":["https:\/\/impactocastex.com.ar\/wp-content\/uploads\/2026\/04\/3PDALQZ7VFEGPK2ZDV3D5NXWGU-j0XOfO.jpg",2000,1333,false],"thumbnail":["https:\/\/impactocastex.com.ar\/wp-content\/uploads\/2026\/04\/3PDALQZ7VFEGPK2ZDV3D5NXWGU-j0XOfO-150x150.jpg",150,150,true],"medium":["https:\/\/impactocastex.com.ar\/wp-content\/uploads\/2026\/04\/3PDALQZ7VFEGPK2ZDV3D5NXWGU-j0XOfO-300x200.jpg",300,200,true],"medium_large":["https:\/\/impactocastex.com.ar\/wp-content\/uploads\/2026\/04\/3PDALQZ7VFEGPK2ZDV3D5NXWGU-j0XOfO-768x512.jpg",640,427,true],"large":["https:\/\/impactocastex.com.ar\/wp-content\/uploads\/2026\/04\/3PDALQZ7VFEGPK2ZDV3D5NXWGU-j0XOfO-1024x682.jpg",640,426,true],"1536x1536":["https:\/\/impactocastex.com.ar\/wp-content\/uploads\/2026\/04\/3PDALQZ7VFEGPK2ZDV3D5NXWGU-j0XOfO-1536x1024.jpg",1536,1024,true],"2048x2048":["https:\/\/impactocastex.com.ar\/wp-content\/uploads\/2026\/04\/3PDALQZ7VFEGPK2ZDV3D5NXWGU-j0XOfO.jpg",2000,1333,false],"newsever-slider-full":["https:\/\/impactocastex.com.ar\/wp-content\/uploads\/2026\/04\/3PDALQZ7VFEGPK2ZDV3D5NXWGU-j0XOfO-1280x845.jpg",1280,845,true],"newsever-featured":["https:\/\/impactocastex.com.ar\/wp-content\/uploads\/2026\/04\/3PDALQZ7VFEGPK2ZDV3D5NXWGU-j0XOfO-1024x682.jpg",1024,682,true],"newsever-medium":["https:\/\/impactocastex.com.ar\/wp-content\/uploads\/2026\/04\/3PDALQZ7VFEGPK2ZDV3D5NXWGU-j0XOfO-720x475.jpg",720,475,true]},"author_info":{"info":["impactocastex"]},"category_info":"<a href=\"https:\/\/impactocastex.com.ar\/?cat=89\" rel=\"category\">NACIONALES<\/a>","tag_info":"NACIONALES","comment_count":0,"jetpack_featured_media_url":"https:\/\/impactocastex.com.ar\/wp-content\/uploads\/2026\/04\/3PDALQZ7VFEGPK2ZDV3D5NXWGU-j0XOfO.jpg","jetpack_sharing_enabled":true,"jetpack_likes_enabled":true,"jetpack_shortlink":"https:\/\/wp.me\/p7sopA-4mi","_links":{"self":[{"href":"https:\/\/impactocastex.com.ar\/index.php?rest_route=\/wp\/v2\/posts\/16758","targetHints":{"allow":["GET"]}}],"collection":[{"href":"https:\/\/impactocastex.com.ar\/index.php?rest_route=\/wp\/v2\/posts"}],"about":[{"href":"https:\/\/impactocastex.com.ar\/index.php?rest_route=\/wp\/v2\/types\/post"}],"author":[{"embeddable":true,"href":"https:\/\/impactocastex.com.ar\/index.php?rest_route=\/wp\/v2\/users\/1"}],"replies":[{"embeddable":true,"href":"https:\/\/impactocastex.com.ar\/index.php?rest_route=%2Fwp%2Fv2%2Fcomments&post=16758"}],"version-history":[{"count":0,"href":"https:\/\/impactocastex.com.ar\/index.php?rest_route=\/wp\/v2\/posts\/16758\/revisions"}],"wp:featuredmedia":[{"embeddable":true,"href":"https:\/\/impactocastex.com.ar\/index.php?rest_route=\/wp\/v2\/media\/16759"}],"wp:attachment":[{"href":"https:\/\/impactocastex.com.ar\/index.php?rest_route=%2Fwp%2Fv2%2Fmedia&parent=16758"}],"wp:term":[{"taxonomy":"category","embeddable":true,"href":"https:\/\/impactocastex.com.ar\/index.php?rest_route=%2Fwp%2Fv2%2Fcategories&post=16758"},{"taxonomy":"post_tag","embeddable":true,"href":"https:\/\/impactocastex.com.ar\/index.php?rest_route=%2Fwp%2Fv2%2Ftags&post=16758"}],"curies":[{"name":"wp","href":"https:\/\/api.w.org\/{rel}","templated":true}]}}