{"id":16749,"date":"2026-04-29T06:00:01","date_gmt":"2026-04-29T09:00:01","guid":{"rendered":"https:\/\/impactocastex.com.ar\/?p=16749"},"modified":"2026-04-29T06:00:01","modified_gmt":"2026-04-29T09:00:01","slug":"lucia-galan-del-romance-de-9-meses-con-maradona-y-el-padre-de-su-hija-al-actor-con-el-que-tuvo-una-larga-relacion-puertas-afuera","status":"publish","type":"post","link":"https:\/\/impactocastex.com.ar\/?p=16749","title":{"rendered":"Luc\u00eda Gal\u00e1n: del romance de 9 meses con Maradona y el padre de su hija, al actor con el que tuvo una larga relaci\u00f3n \u201cpuertas afuera\u201d"},"content":{"rendered":"<p>Siempre con perfil bajo, <b>Luc\u00eda Gal\u00e1n<\/b> tuvo varios amores a lo largo de su vida, y una sola hija, Roc\u00edo Hazan, que <a href=\"https:\/\/www.lanacion.com.ar\/espectaculos\/personajes\/las-mejores-fotos-la-emocion-de-lucia-galan-por-el-casamiento-de-su-hija-rocio-nid25032026\/\" target=\"_self\" rel=\"\" title=\"https:\/\/www.lanacion.com.ar\/espectaculos\/personajes\/las-mejores-fotos-la-emocion-de-lucia-galan-por-el-casamiento-de-su-hija-rocio-nid25032026\/\">se cas\u00f3 hace algunas semanas<\/a>. <\/p>\n<p>La cantante femenina de <b>Pimpinela<\/b> intenta mantener su vida privada bajo resguardo, aunque muchas veces no lo logra y, sin buscarlo, se ve envuelta en esc\u00e1ndalos medi\u00e1ticos. Quiz\u00e1 sea porque muchas de sus parejas fueron hombres famosos. Tuvo un romance secreto con <b>Diego Maradona<\/b>, otro fugaz con <b>Diego Guelar<\/b>, que en ese momento era embajador argentino ante las Naciones Unidas, y un amor trunco con <b>Ricardo Biasotti<\/b>. Estuvo en pareja con el cantante <b>Guillermo Guido<\/b>, se cas\u00f3 con el empresario <b>Alberto Hazan<\/b>, pap\u00e1 de su hija, y durante quince a\u00f1os tuvo un amor con el actor <b>Pablo Alarc\u00f3n<\/b>. <\/p>\n<p><img loading=\"lazy\" decoding=\"async\" src=\"https:\/\/resizer.glanacion.com\/resizer\/v2\/KKXAZ3W2EFCUZITVTQFV57D7ZQ.jpg?auth=cd3ad7fca4bd072c8aef5a189df0029a12133b77c24ccd892fa4955be7232856&amp;smart=true&amp;width=2000&amp;height=1333\" alt=\"Los Pimpinela con \" height=\"1333\" width=\"2000\" \/><\/p>\n<h1>Un amor secreto<\/h1>\n<p>A principios de los a\u00f1os 80, cuando el d\u00fao que forma con su hermano Joaqu\u00edn, Pimpinela, reci\u00e9n se estaba consolidando, Luc\u00eda Gal\u00e1n conoci\u00f3 a <b>Diego Maradona<\/b>, que ya era una estrella del f\u00fatbol. Fue un romance secreto y breve. Muchos a\u00f1os despu\u00e9s, Luc\u00eda habl\u00f3 de esa relaci\u00f3n en el programa de Mirtha Legrand. \u201cFue una cosa muy linda, pasamos momentos muy importantes. Los dos \u00e9ramos muy chicos. Diego fue alguien especial en mi vida. Se habl\u00f3 mucho de eso, pero fue hace muchos a\u00f1os. Hasta cant\u00f3 una canci\u00f3n con nosotros que fue \u201cQuerida amiga\u201d, en homenaje a las madres\u2026 No recuerdo c\u00f3mo empez\u00f3 todo, pero fue de una manera muy relajada, muy natural\u00bb. <\/p>\n<p>En esa misma charla con Mirtha Legrand, Luc\u00eda tambi\u00e9n cont\u00f3 que la admiraci\u00f3n era mutua. \u201cFue en la \u00e9poca del lanzamiento de \u2018Olvidame y pega la vuelta\u2019. Diego era una persona divertida, entretenida, muy carism\u00e1tica. Fue una relaci\u00f3n de nueve meses. No fue el amor de mi vida, pero s\u00ed algo serio que se termin\u00f3 porque no hab\u00eda manera de mantenerlo: la distancia, la situaci\u00f3n de cada uno; era un momento espl\u00e9ndido de los dos. Yo iba mucho a su casa y tom\u00e1bamos mate con Don Diego y Do\u00f1a Tota\u2026. y \u00e9l tambi\u00e9n ven\u00eda a mi casa y compart\u00eda con mi familia\u201d. Alguna vez Luc\u00eda dej\u00f3 en claro que en ese momento Diego estaba en un <i>impasse<\/i> con <b>Claudia Villafa\u00f1e<\/b>. <\/p>\n<p>Despu\u00e9s de su relaci\u00f3n con Diego, Luc\u00eda Gal\u00e1n se vincul\u00f3 con el cantante <b>Guillermo Guido<\/b>, en la segunda mitad de los a\u00f1os 80. Se conocieron trabajando y estuvieron juntos durante dos a\u00f1os. Por entonces, los Pimpinela ya eran furor con \u201cUna est\u00fapida m\u00e1s\u201d y \u201cOlv\u00eddame y pega la vuelta\u201d, y Guido tambi\u00e9n daba sus primeros pasos en el mundo de la m\u00fasica rom\u00e1ntica con el cover de Billy Joel, \u201cEl hombre del piano\u201d. En ese momento, la historia de amor llen\u00f3 p\u00e1ginas de las revistas del coraz\u00f3n y, aunque se mostraban bastante poco, los paparazzi estaban atentos a sus movimientos. Se separaron sin esc\u00e1ndalos.<\/p>\n<p>Un tiempo despu\u00e9s tuvo una relaci\u00f3n con <b>Diego Guelar<\/b>, cuando era embajador argentino ante la Uni\u00f3n Europea, durante la presidencia de Carlos Menem. Fue una historia fugaz, pero muy comentada por entonces porque eran los 90 y el mundo de la pol\u00edtica se cruzaba mucho con el de la far\u00e1ndula. <\/p>\n<p><img loading=\"lazy\" decoding=\"async\" src=\"https:\/\/resizer.glanacion.com\/resizer\/v2\/TPM6NIBML5DIZGQLQVN24LMWOA.JPG?auth=b86dcd92bad1d136196158afebc6d1e528656e9bc816314d0cfbf51863d70fe0&amp;smart=true&amp;width=2000&amp;height=1331\" alt=\"Luc\u00eda Gal\u00e1n en el casamiento de su hija Roc\u00edo Hazan con Dami\u00e1n Aramendi, con su hermano Joaqu\u00edn y el pap\u00e1 de su hija, Alberto Hazan\" height=\"1331\" width=\"2000\" \/><\/p>\n<p>A mediados de los 90 conoci\u00f3 al empresario <b>Alberto Hazan<\/b>, padre de su \u00fanica hija, Roc\u00edo. Se casaron el 20 de abril de 1996 y Roc\u00edo naci\u00f3 el 10 de enero del a\u00f1o siguiente. Estuvieron juntos tres a\u00f1os y se separaron en buenos t\u00e9rminos. Luc\u00eda siempre dijo que son familia y que pod\u00edan ponerse f\u00e1cilmente de acuerdo en la crianza de su hija. Todav\u00eda hoy tienen buen v\u00ednculo y se los vio relajados en el reciente casamiento de Roci\u00f3 con Dami\u00e1n Aramendi. <\/p>\n<h1>El amor que no fue<\/h1>\n<p>Acababa de separarse de Hazan cuando Luc\u00eda conoci\u00f3 a <b>Ricardo Biasotti<\/b>. La celestina fue una amiga en com\u00fan, la cantante <b>Manuela Bravo<\/b>. Hab\u00edan empezado a salir cuando apareci\u00f3 <b>Andrea Del Boca<\/b> en la vida de ambos y torci\u00f3 el destino. Finalmente, Biasotti <a href=\"https:\/\/www.lanacion.com.ar\/espectaculos\/personajes\/andrea-del-boca-y-ricardo-biasotti-un-romance-breve-y-un-desamor-sin-fin-plagado-de-denuncias-y-nid09042026\/\" target=\"_self\" rel=\"\" title=\"https:\/\/www.lanacion.com.ar\/espectaculos\/personajes\/andrea-del-boca-y-ricardo-biasotti-un-romance-breve-y-un-desamor-sin-fin-plagado-de-denuncias-y-nid09042026\/\">inici\u00f3 un v\u00ednculo con Andrea <\/a>y al poco tiempo naci\u00f3 Anna. Esa situaci\u00f3n provoc\u00f3 un distanciamiento que a\u00fan existe entre Luc\u00eda y Andrea, que en ese momento eran vecinas e \u00edntimas amigas. Nunca pudieron reconciliarse. <\/p>\n<h1>La relaci\u00f3n m\u00e1s larga<\/h1>\n<p>Luc\u00eda y <b>Pablo Alarc\u00f3n<\/b> se conocieron en 2006. Los present\u00f3 Manuela Bravo y fue un flechazo. Esa primera vez se vieron en un restaurante y dicen que<b> <\/b>por ese entonces Luc\u00eda se estaba rehabilitando de un problema que ten\u00eda en un brazo y, muy gal\u00e1n, el actor se ofreci\u00f3 a cortarle la comida. Ese gesto conmovi\u00f3 a la Pimpinela y esa tierna mirada cambi\u00f3 los siguientes a\u00f1os en la vida de los dos. <\/p>\n<p><img loading=\"lazy\" decoding=\"async\" src=\"https:\/\/resizer.glanacion.com\/resizer\/v2\/SM5INB236NFXDPUOWIHILFGI6Y.jpg?auth=a89194141c3646916a7b0535232a60ce877af4d468b19a45aee7666a31eae6b9&amp;smart=true&amp;width=2000&amp;height=1333\" alt=\"Pablo Alarc\u00f3n y Luc\u00eda Gal\u00e1n\" height=\"1333\" width=\"2000\" \/><\/p>\n<p>Enseguida empezaron a salir y ensamblaron familia con Roci\u00f3 y las hijas de Alarc\u00f3n, Antonella y Mar\u00eda Agostina, fruto de su relaci\u00f3n con la actriz <b>Claribel Medina<\/b>. Si bien nunca convivieron y tuvieron algunas idas y vueltas, el v\u00ednculo se hizo fuerte. \u201cNi yo tengo las llaves de su casa ni ella las de la m\u00eda\u201d, cont\u00f3 el actor alguna vez. <\/p>\n<p>Se separaron en plena pandemia, en 2020, y aunque nunca contaron los motivos, ella reconoci\u00f3 que \u201cfue la vida y no fue algo espec\u00edfico. Pablo es una persona muy especial que quiero mucho. Fueron 15 a\u00f1os juntos, pero a veces la vida te va llevando por distintos caminos y prioridades diferentes. Creo que esta decisi\u00f3n fue lo mejor para los dos. Pero nunca dejamos de hablarnos, de saber c\u00f3mo est\u00e1bamos. Fue una relaci\u00f3n respetuosa y afectuosa. He formado parte de la vida de sus hijas durante 15 a\u00f1os, y \u00e9l fue parte de la vida de mi hija. Creo que cuando uno entra en una relaci\u00f3n con hijos hay que tratar de unir y fue lo que hicimos. Claribel (Medina) es una persona muy f\u00e1cil de tratar y he aprendido a quererla, nos llevamos muy bien y siempre pusimos como prioridad la salud mental de las chicas. Eso es lo m\u00e1s importante\u201d, confes\u00f3 Gal\u00e1n en un programa de Mirtha Legrand. <\/p>\n<p>Desde entonces, a Luc\u00eda no se le han conocido parejas, aunque alguna vez dijo que tiene ganas de volver a enamorarse.<\/p>\n<p>\u200bSe cas\u00f3 una vez, tuvo varios romances conocidos y otros que logr\u00f3 mantener lejos del ojo p\u00fablico\u00a0\u00a0<\/p>","protected":false},"excerpt":{"rendered":"<p>Siempre con perfil bajo, Luc\u00eda Gal\u00e1n tuvo varios amores a lo largo de su vida,&#8230;<\/p>\n","protected":false},"author":1,"featured_media":16750,"comment_status":"closed","ping_status":"closed","sticky":false,"template":"","format":"standard","meta":{"_jetpack_memberships_contains_paid_content":false,"footnotes":"","jetpack_publicize_message":"","jetpack_publicize_feature_enabled":true,"jetpack_social_post_already_shared":true,"jetpack_social_options":{"image_generator_settings":{"template":"highway","default_image_id":0,"font":"","enabled":false},"version":2}},"categories":[89],"tags":[],"class_list":["post-16749","post","type-post","status-publish","format-standard","has-post-thumbnail","hentry","category-nacionales"],"yoast_head":"<!-- This site is optimized with the Yoast SEO plugin v27.4 - https:\/\/yoast.com\/product\/yoast-seo-wordpress\/ -->\n<title>Luc\u00eda Gal\u00e1n: del romance de 9 meses con Maradona y el padre de su hija, al actor con el que tuvo una larga relaci\u00f3n \u201cpuertas afuera\u201d -<\/title>\n<meta name=\"robots\" content=\"index, follow, max-snippet:-1, max-image-preview:large, max-video-preview:-1\" \/>\n<link rel=\"canonical\" href=\"https:\/\/impactocastex.com.ar\/?p=16749\" \/>\n<meta property=\"og:locale\" content=\"es_ES\" \/>\n<meta property=\"og:type\" content=\"article\" \/>\n<meta property=\"og:title\" content=\"Luc\u00eda Gal\u00e1n: del romance de 9 meses con Maradona y el padre de su hija, al actor con el que tuvo una larga relaci\u00f3n \u201cpuertas afuera\u201d -\" \/>\n<meta property=\"og:description\" content=\"Siempre con perfil bajo, Luc\u00eda Gal\u00e1n tuvo varios amores a lo largo de su vida,...\" \/>\n<meta property=\"og:url\" content=\"https:\/\/impactocastex.com.ar\/?p=16749\" \/>\n<meta property=\"article:publisher\" content=\"https:\/\/www.facebook.com\/impactocastexdiario\" \/>\n<meta property=\"article:published_time\" content=\"2026-04-29T09:00:01+00:00\" \/>\n<meta property=\"og:image\" content=\"https:\/\/resizer.glanacion.com\/resizer\/v2\/KKXAZ3W2EFCUZITVTQFV57D7ZQ.jpg?auth=cd3ad7fca4bd072c8aef5a189df0029a12133b77c24ccd892fa4955be7232856&amp;smart=true&amp;width=2000&amp;height=1333\" \/>\n<meta name=\"author\" content=\"impactocastex\" \/>\n<meta name=\"twitter:card\" content=\"summary_large_image\" \/>\n<meta name=\"twitter:label1\" content=\"Escrito por\" \/>\n\t<meta name=\"twitter:data1\" content=\"impactocastex\" \/>\n\t<meta name=\"twitter:label2\" content=\"Tiempo de lectura\" \/>\n\t<meta name=\"twitter:data2\" content=\"6 minutos\" \/>\n<script type=\"application\/ld+json\" class=\"yoast-schema-graph\">{\"@context\":\"https:\\\/\\\/schema.org\",\"@graph\":[{\"@type\":\"Article\",\"@id\":\"https:\\\/\\\/impactocastex.com.ar\\\/?p=16749#article\",\"isPartOf\":{\"@id\":\"https:\\\/\\\/impactocastex.com.ar\\\/?p=16749\"},\"author\":{\"name\":\"impactocastex\",\"@id\":\"https:\\\/\\\/impactocastex.com.ar\\\/#\\\/schema\\\/person\\\/86cb4f827fb5f87869a239b98a69c6e3\"},\"headline\":\"Luc\u00eda Gal\u00e1n: del romance de 9 meses con Maradona y el padre de su hija, al actor con el que tuvo una larga relaci\u00f3n \u201cpuertas afuera\u201d\",\"datePublished\":\"2026-04-29T09:00:01+00:00\",\"mainEntityOfPage\":{\"@id\":\"https:\\\/\\\/impactocastex.com.ar\\\/?p=16749\"},\"wordCount\":1132,\"publisher\":{\"@id\":\"https:\\\/\\\/impactocastex.com.ar\\\/#organization\"},\"image\":{\"@id\":\"https:\\\/\\\/impactocastex.com.ar\\\/?p=16749#primaryimage\"},\"thumbnailUrl\":\"https:\\\/\\\/impactocastex.com.ar\\\/wp-content\\\/uploads\\\/2026\\\/04\\\/BDZCNLBZCREK3NQ54GUS3NWYJ4-vGJ7Fy.jpg\",\"articleSection\":[\"NACIONALES\"],\"inLanguage\":\"es\"},{\"@type\":\"WebPage\",\"@id\":\"https:\\\/\\\/impactocastex.com.ar\\\/?p=16749\",\"url\":\"https:\\\/\\\/impactocastex.com.ar\\\/?p=16749\",\"name\":\"Luc\u00eda Gal\u00e1n: del romance de 9 meses con Maradona y el padre de su hija, al actor con el que tuvo una larga relaci\u00f3n \u201cpuertas afuera\u201d -\",\"isPartOf\":{\"@id\":\"https:\\\/\\\/impactocastex.com.ar\\\/#website\"},\"primaryImageOfPage\":{\"@id\":\"https:\\\/\\\/impactocastex.com.ar\\\/?p=16749#primaryimage\"},\"image\":{\"@id\":\"https:\\\/\\\/impactocastex.com.ar\\\/?p=16749#primaryimage\"},\"thumbnailUrl\":\"https:\\\/\\\/impactocastex.com.ar\\\/wp-content\\\/uploads\\\/2026\\\/04\\\/BDZCNLBZCREK3NQ54GUS3NWYJ4-vGJ7Fy.jpg\",\"datePublished\":\"2026-04-29T09:00:01+00:00\",\"breadcrumb\":{\"@id\":\"https:\\\/\\\/impactocastex.com.ar\\\/?p=16749#breadcrumb\"},\"inLanguage\":\"es\",\"potentialAction\":[{\"@type\":\"ReadAction\",\"target\":[\"https:\\\/\\\/impactocastex.com.ar\\\/?p=16749\"]}]},{\"@type\":\"ImageObject\",\"inLanguage\":\"es\",\"@id\":\"https:\\\/\\\/impactocastex.com.ar\\\/?p=16749#primaryimage\",\"url\":\"https:\\\/\\\/impactocastex.com.ar\\\/wp-content\\\/uploads\\\/2026\\\/04\\\/BDZCNLBZCREK3NQ54GUS3NWYJ4-vGJ7Fy.jpg\",\"contentUrl\":\"https:\\\/\\\/impactocastex.com.ar\\\/wp-content\\\/uploads\\\/2026\\\/04\\\/BDZCNLBZCREK3NQ54GUS3NWYJ4-vGJ7Fy.jpg\",\"width\":2000,\"height\":1333},{\"@type\":\"BreadcrumbList\",\"@id\":\"https:\\\/\\\/impactocastex.com.ar\\\/?p=16749#breadcrumb\",\"itemListElement\":[{\"@type\":\"ListItem\",\"position\":1,\"name\":\"Portada\",\"item\":\"https:\\\/\\\/impactocastex.com.ar\\\/\"},{\"@type\":\"ListItem\",\"position\":2,\"name\":\"Luc\u00eda Gal\u00e1n: del romance de 9 meses con Maradona y el padre de su hija, al actor con el que tuvo una larga relaci\u00f3n \u201cpuertas afuera\u201d\"}]},{\"@type\":\"WebSite\",\"@id\":\"https:\\\/\\\/impactocastex.com.ar\\\/#website\",\"url\":\"https:\\\/\\\/impactocastex.com.ar\\\/\",\"name\":\"Impacto Castex\",\"description\":\"\",\"publisher\":{\"@id\":\"https:\\\/\\\/impactocastex.com.ar\\\/#organization\"},\"potentialAction\":[{\"@type\":\"SearchAction\",\"target\":{\"@type\":\"EntryPoint\",\"urlTemplate\":\"https:\\\/\\\/impactocastex.com.ar\\\/?s={search_term_string}\"},\"query-input\":{\"@type\":\"PropertyValueSpecification\",\"valueRequired\":true,\"valueName\":\"search_term_string\"}}],\"inLanguage\":\"es\"},{\"@type\":\"Organization\",\"@id\":\"https:\\\/\\\/impactocastex.com.ar\\\/#organization\",\"name\":\"Impacto Castex\",\"url\":\"https:\\\/\\\/impactocastex.com.ar\\\/\",\"logo\":{\"@type\":\"ImageObject\",\"inLanguage\":\"es\",\"@id\":\"https:\\\/\\\/impactocastex.com.ar\\\/#\\\/schema\\\/logo\\\/image\\\/\",\"url\":\"https:\\\/\\\/impactocastex.com.ar\\\/wp-content\\\/uploads\\\/2025\\\/09\\\/cropped-icoweb.png\",\"contentUrl\":\"https:\\\/\\\/impactocastex.com.ar\\\/wp-content\\\/uploads\\\/2025\\\/09\\\/cropped-icoweb.png\",\"width\":512,\"height\":512,\"caption\":\"Impacto Castex\"},\"image\":{\"@id\":\"https:\\\/\\\/impactocastex.com.ar\\\/#\\\/schema\\\/logo\\\/image\\\/\"},\"sameAs\":[\"https:\\\/\\\/www.facebook.com\\\/impactocastexdiario\",\"https:\\\/\\\/www.instagram.com\\\/impactocastex.com.ar\\\/\"]},{\"@type\":\"Person\",\"@id\":\"https:\\\/\\\/impactocastex.com.ar\\\/#\\\/schema\\\/person\\\/86cb4f827fb5f87869a239b98a69c6e3\",\"name\":\"impactocastex\",\"image\":{\"@type\":\"ImageObject\",\"inLanguage\":\"es\",\"@id\":\"https:\\\/\\\/secure.gravatar.com\\\/avatar\\\/9a87ee051ca8c77f5d4070843ce2c78cdf95b858b950fb039151de955122f5f5?s=96&d=mm&r=g\",\"url\":\"https:\\\/\\\/secure.gravatar.com\\\/avatar\\\/9a87ee051ca8c77f5d4070843ce2c78cdf95b858b950fb039151de955122f5f5?s=96&d=mm&r=g\",\"contentUrl\":\"https:\\\/\\\/secure.gravatar.com\\\/avatar\\\/9a87ee051ca8c77f5d4070843ce2c78cdf95b858b950fb039151de955122f5f5?s=96&d=mm&r=g\",\"caption\":\"impactocastex\"},\"sameAs\":[\"https:\\\/\\\/impactocastex.com.ar\"],\"url\":\"https:\\\/\\\/impactocastex.com.ar\\\/?author=1\"}]}<\/script>\n<!-- \/ Yoast SEO plugin. -->","yoast_head_json":{"title":"Luc\u00eda Gal\u00e1n: del romance de 9 meses con Maradona y el padre de su hija, al actor con el que tuvo una larga relaci\u00f3n \u201cpuertas afuera\u201d -","robots":{"index":"index","follow":"follow","max-snippet":"max-snippet:-1","max-image-preview":"max-image-preview:large","max-video-preview":"max-video-preview:-1"},"canonical":"https:\/\/impactocastex.com.ar\/?p=16749","og_locale":"es_ES","og_type":"article","og_title":"Luc\u00eda Gal\u00e1n: del romance de 9 meses con Maradona y el padre de su hija, al actor con el que tuvo una larga relaci\u00f3n \u201cpuertas afuera\u201d -","og_description":"Siempre con perfil bajo, Luc\u00eda Gal\u00e1n tuvo varios amores a lo largo de su vida,...","og_url":"https:\/\/impactocastex.com.ar\/?p=16749","article_publisher":"https:\/\/www.facebook.com\/impactocastexdiario","article_published_time":"2026-04-29T09:00:01+00:00","og_image":[{"url":"https:\/\/resizer.glanacion.com\/resizer\/v2\/KKXAZ3W2EFCUZITVTQFV57D7ZQ.jpg?auth=cd3ad7fca4bd072c8aef5a189df0029a12133b77c24ccd892fa4955be7232856&amp;smart=true&amp;width=2000&amp;height=1333","type":"","width":"","height":""}],"author":"impactocastex","twitter_card":"summary_large_image","twitter_misc":{"Escrito por":"impactocastex","Tiempo de lectura":"6 minutos"},"schema":{"@context":"https:\/\/schema.org","@graph":[{"@type":"Article","@id":"https:\/\/impactocastex.com.ar\/?p=16749#article","isPartOf":{"@id":"https:\/\/impactocastex.com.ar\/?p=16749"},"author":{"name":"impactocastex","@id":"https:\/\/impactocastex.com.ar\/#\/schema\/person\/86cb4f827fb5f87869a239b98a69c6e3"},"headline":"Luc\u00eda Gal\u00e1n: del romance de 9 meses con Maradona y el padre de su hija, al actor con el que tuvo una larga relaci\u00f3n \u201cpuertas afuera\u201d","datePublished":"2026-04-29T09:00:01+00:00","mainEntityOfPage":{"@id":"https:\/\/impactocastex.com.ar\/?p=16749"},"wordCount":1132,"publisher":{"@id":"https:\/\/impactocastex.com.ar\/#organization"},"image":{"@id":"https:\/\/impactocastex.com.ar\/?p=16749#primaryimage"},"thumbnailUrl":"https:\/\/impactocastex.com.ar\/wp-content\/uploads\/2026\/04\/BDZCNLBZCREK3NQ54GUS3NWYJ4-vGJ7Fy.jpg","articleSection":["NACIONALES"],"inLanguage":"es"},{"@type":"WebPage","@id":"https:\/\/impactocastex.com.ar\/?p=16749","url":"https:\/\/impactocastex.com.ar\/?p=16749","name":"Luc\u00eda Gal\u00e1n: del romance de 9 meses con Maradona y el padre de su hija, al actor con el que tuvo una larga relaci\u00f3n \u201cpuertas afuera\u201d -","isPartOf":{"@id":"https:\/\/impactocastex.com.ar\/#website"},"primaryImageOfPage":{"@id":"https:\/\/impactocastex.com.ar\/?p=16749#primaryimage"},"image":{"@id":"https:\/\/impactocastex.com.ar\/?p=16749#primaryimage"},"thumbnailUrl":"https:\/\/impactocastex.com.ar\/wp-content\/uploads\/2026\/04\/BDZCNLBZCREK3NQ54GUS3NWYJ4-vGJ7Fy.jpg","datePublished":"2026-04-29T09:00:01+00:00","breadcrumb":{"@id":"https:\/\/impactocastex.com.ar\/?p=16749#breadcrumb"},"inLanguage":"es","potentialAction":[{"@type":"ReadAction","target":["https:\/\/impactocastex.com.ar\/?p=16749"]}]},{"@type":"ImageObject","inLanguage":"es","@id":"https:\/\/impactocastex.com.ar\/?p=16749#primaryimage","url":"https:\/\/impactocastex.com.ar\/wp-content\/uploads\/2026\/04\/BDZCNLBZCREK3NQ54GUS3NWYJ4-vGJ7Fy.jpg","contentUrl":"https:\/\/impactocastex.com.ar\/wp-content\/uploads\/2026\/04\/BDZCNLBZCREK3NQ54GUS3NWYJ4-vGJ7Fy.jpg","width":2000,"height":1333},{"@type":"BreadcrumbList","@id":"https:\/\/impactocastex.com.ar\/?p=16749#breadcrumb","itemListElement":[{"@type":"ListItem","position":1,"name":"Portada","item":"https:\/\/impactocastex.com.ar\/"},{"@type":"ListItem","position":2,"name":"Luc\u00eda Gal\u00e1n: del romance de 9 meses con Maradona y el padre de su hija, al actor con el que tuvo una larga relaci\u00f3n \u201cpuertas afuera\u201d"}]},{"@type":"WebSite","@id":"https:\/\/impactocastex.com.ar\/#website","url":"https:\/\/impactocastex.com.ar\/","name":"Impacto Castex","description":"","publisher":{"@id":"https:\/\/impactocastex.com.ar\/#organization"},"potentialAction":[{"@type":"SearchAction","target":{"@type":"EntryPoint","urlTemplate":"https:\/\/impactocastex.com.ar\/?s={search_term_string}"},"query-input":{"@type":"PropertyValueSpecification","valueRequired":true,"valueName":"search_term_string"}}],"inLanguage":"es"},{"@type":"Organization","@id":"https:\/\/impactocastex.com.ar\/#organization","name":"Impacto Castex","url":"https:\/\/impactocastex.com.ar\/","logo":{"@type":"ImageObject","inLanguage":"es","@id":"https:\/\/impactocastex.com.ar\/#\/schema\/logo\/image\/","url":"https:\/\/impactocastex.com.ar\/wp-content\/uploads\/2025\/09\/cropped-icoweb.png","contentUrl":"https:\/\/impactocastex.com.ar\/wp-content\/uploads\/2025\/09\/cropped-icoweb.png","width":512,"height":512,"caption":"Impacto Castex"},"image":{"@id":"https:\/\/impactocastex.com.ar\/#\/schema\/logo\/image\/"},"sameAs":["https:\/\/www.facebook.com\/impactocastexdiario","https:\/\/www.instagram.com\/impactocastex.com.ar\/"]},{"@type":"Person","@id":"https:\/\/impactocastex.com.ar\/#\/schema\/person\/86cb4f827fb5f87869a239b98a69c6e3","name":"impactocastex","image":{"@type":"ImageObject","inLanguage":"es","@id":"https:\/\/secure.gravatar.com\/avatar\/9a87ee051ca8c77f5d4070843ce2c78cdf95b858b950fb039151de955122f5f5?s=96&d=mm&r=g","url":"https:\/\/secure.gravatar.com\/avatar\/9a87ee051ca8c77f5d4070843ce2c78cdf95b858b950fb039151de955122f5f5?s=96&d=mm&r=g","contentUrl":"https:\/\/secure.gravatar.com\/avatar\/9a87ee051ca8c77f5d4070843ce2c78cdf95b858b950fb039151de955122f5f5?s=96&d=mm&r=g","caption":"impactocastex"},"sameAs":["https:\/\/impactocastex.com.ar"],"url":"https:\/\/impactocastex.com.ar\/?author=1"}]}},"jetpack_publicize_connections":[],"featured_image_urls":{"full":["https:\/\/impactocastex.com.ar\/wp-content\/uploads\/2026\/04\/BDZCNLBZCREK3NQ54GUS3NWYJ4-vGJ7Fy.jpg",2000,1333,false],"thumbnail":["https:\/\/impactocastex.com.ar\/wp-content\/uploads\/2026\/04\/BDZCNLBZCREK3NQ54GUS3NWYJ4-vGJ7Fy-150x150.jpg",150,150,true],"medium":["https:\/\/impactocastex.com.ar\/wp-content\/uploads\/2026\/04\/BDZCNLBZCREK3NQ54GUS3NWYJ4-vGJ7Fy-300x200.jpg",300,200,true],"medium_large":["https:\/\/impactocastex.com.ar\/wp-content\/uploads\/2026\/04\/BDZCNLBZCREK3NQ54GUS3NWYJ4-vGJ7Fy-768x512.jpg",640,427,true],"large":["https:\/\/impactocastex.com.ar\/wp-content\/uploads\/2026\/04\/BDZCNLBZCREK3NQ54GUS3NWYJ4-vGJ7Fy-1024x682.jpg",640,426,true],"1536x1536":["https:\/\/impactocastex.com.ar\/wp-content\/uploads\/2026\/04\/BDZCNLBZCREK3NQ54GUS3NWYJ4-vGJ7Fy-1536x1024.jpg",1536,1024,true],"2048x2048":["https:\/\/impactocastex.com.ar\/wp-content\/uploads\/2026\/04\/BDZCNLBZCREK3NQ54GUS3NWYJ4-vGJ7Fy.jpg",2000,1333,false],"newsever-slider-full":["https:\/\/impactocastex.com.ar\/wp-content\/uploads\/2026\/04\/BDZCNLBZCREK3NQ54GUS3NWYJ4-vGJ7Fy-1280x845.jpg",1280,845,true],"newsever-featured":["https:\/\/impactocastex.com.ar\/wp-content\/uploads\/2026\/04\/BDZCNLBZCREK3NQ54GUS3NWYJ4-vGJ7Fy-1024x682.jpg",1024,682,true],"newsever-medium":["https:\/\/impactocastex.com.ar\/wp-content\/uploads\/2026\/04\/BDZCNLBZCREK3NQ54GUS3NWYJ4-vGJ7Fy-720x475.jpg",720,475,true]},"author_info":{"info":["impactocastex"]},"category_info":"<a href=\"https:\/\/impactocastex.com.ar\/?cat=89\" rel=\"category\">NACIONALES<\/a>","tag_info":"NACIONALES","comment_count":0,"jetpack_featured_media_url":"https:\/\/impactocastex.com.ar\/wp-content\/uploads\/2026\/04\/BDZCNLBZCREK3NQ54GUS3NWYJ4-vGJ7Fy.jpg","jetpack_sharing_enabled":true,"jetpack_likes_enabled":true,"jetpack_shortlink":"https:\/\/wp.me\/p7sopA-4m9","_links":{"self":[{"href":"https:\/\/impactocastex.com.ar\/index.php?rest_route=\/wp\/v2\/posts\/16749","targetHints":{"allow":["GET"]}}],"collection":[{"href":"https:\/\/impactocastex.com.ar\/index.php?rest_route=\/wp\/v2\/posts"}],"about":[{"href":"https:\/\/impactocastex.com.ar\/index.php?rest_route=\/wp\/v2\/types\/post"}],"author":[{"embeddable":true,"href":"https:\/\/impactocastex.com.ar\/index.php?rest_route=\/wp\/v2\/users\/1"}],"replies":[{"embeddable":true,"href":"https:\/\/impactocastex.com.ar\/index.php?rest_route=%2Fwp%2Fv2%2Fcomments&post=16749"}],"version-history":[{"count":0,"href":"https:\/\/impactocastex.com.ar\/index.php?rest_route=\/wp\/v2\/posts\/16749\/revisions"}],"wp:featuredmedia":[{"embeddable":true,"href":"https:\/\/impactocastex.com.ar\/index.php?rest_route=\/wp\/v2\/media\/16750"}],"wp:attachment":[{"href":"https:\/\/impactocastex.com.ar\/index.php?rest_route=%2Fwp%2Fv2%2Fmedia&parent=16749"}],"wp:term":[{"taxonomy":"category","embeddable":true,"href":"https:\/\/impactocastex.com.ar\/index.php?rest_route=%2Fwp%2Fv2%2Fcategories&post=16749"},{"taxonomy":"post_tag","embeddable":true,"href":"https:\/\/impactocastex.com.ar\/index.php?rest_route=%2Fwp%2Fv2%2Ftags&post=16749"}],"curies":[{"name":"wp","href":"https:\/\/api.w.org\/{rel}","templated":true}]}}