{"id":16747,"date":"2026-04-29T06:13:56","date_gmt":"2026-04-29T09:13:56","guid":{"rendered":"https:\/\/impactocastex.com.ar\/?p=16747"},"modified":"2026-04-29T06:13:56","modified_gmt":"2026-04-29T09:13:56","slug":"manuel-adorni-en-el-congreso-en-vivo-la-exposicion-en-diputados-minuto-a-minuto","status":"publish","type":"post","link":"https:\/\/impactocastex.com.ar\/?p=16747","title":{"rendered":"Manuel Adorni en el Congreso, en vivo: la exposici\u00f3n en Diputados, minuto a minuto"},"content":{"rendered":"<p><img loading=\"lazy\" decoding=\"async\" src=\"https:\/\/resizer.glanacion.com\/resizer\/v2\/VE5BJM2CBNF3BCTIHQKQ24ZB6Y.jpg?auth=834c8da78f18ba75f4fdef54f58e44af3ef6370ba047b8ec3cad99d7879f1248&amp;smart=true&amp;width=3000&amp;height=2000\" alt=\"El Gobierno capt\u00f3 otros US$700 millones para afrontar el pago a bonistas.\" height=\"2000\" width=\"3000\" \/><\/p>\n<p>El Gobierno capt\u00f3\u00a0<b>otros US$700 millones del mercado local<\/b>\u00a0en el quinto cap\u00edtulo de las licitaciones quincenales con cupo que realiza de bonos en esa moneda, buscando recolectar los billetes con los que cubrir\u00e1 parte del pago por\u00a0<b>US$4200 millones a los bonistas<\/b>, pautado para el 9 de julio.<\/p>\n<p>Se trata del\u00a0<b>mayor monto obtenido por este tipo de colocaciones<\/b>, que se iniciaron casi t\u00edmidamente a fines de febrero con la oferta del Bonar 2027 (AO27) y se ampliaron a fines de marzo cuando se anex\u00f3 el Bonar 2028 (AO28). Esto ya se descontaba, dado que en esta licitaci\u00f3n adem\u00e1s se elev\u00f3 de\u00a0<b>US$150 a US$350 millones<\/b>\u00a0el total ofrecido.<\/p>\n<ul>\n<li><b>Manuel Adorni<\/b> llegar\u00e1 al Congreso a las 10.30 para dar su primer informe de gesti\u00f3n como jefe de Gabinete en la C\u00e1mara de Diputados.<\/li>\n<li>El esquema prev\u00e9 una <b>exposici\u00f3n inicial de una hora<\/b>. Los diputados dispondr\u00e1n de 240 minutos para formular preguntas que <b>Adorni responder\u00e1 en tandas de 20 minutos<\/b>. Se estima que <b>la sesi\u00f3n se extienda durante seis horas<\/b>.<\/li>\n<li>En los palcos de la C\u00e1mara baja se espera la presencia del presidente <b>Javier Milei, de su hermana, Karina<\/b>, y funcionarios del Gobierno.<\/li>\n<li>El jefe de Gabinete est\u00e1 siendo investigado por presunto enriquecimiento il\u00edcito. <\/li>\n<\/ul>\n<p>El oficialismo y la oposici\u00f3n se preparan para una\u00a0<b>sesi\u00f3n caliente<\/b>\u00a0el pr\u00f3ximo mi\u00e9rcoles en la\u00a0<b>C\u00e1mara de Diputados<\/b>. Con la presencia confirmada del presidente\u00a0<b>Javier Milei en el palco principal<\/b>, el jefe de Gabinete,\u00a0<b>Manuel Adorni, dar\u00e1 su primer informe de gesti\u00f3n<\/b>\u00a0frente a una oposici\u00f3n dispuesta a acorralarlo por las acusaciones sobre\u00a0<b>presunto enriquecimiento il\u00edcito<\/b>\u00a0que investiga la Justicia.<\/p>\n<p><img loading=\"lazy\" decoding=\"async\" src=\"https:\/\/resizer.glanacion.com\/resizer\/v2\/ET2UZCPM6BCULPA6O6RA2GZYSE.jpg?auth=67da03859d71e601e720705f30bb94f9f160ddc34ee98cb8b398fabf0939fb94&amp;smart=true&amp;width=2000&amp;height=1333\" alt=\"Manuel Adorni y Javier Milei\" height=\"1333\" width=\"2000\" \/><\/p>\n<p><b>\u201cVoy a estar ah\u00ed. Voy a ir a escuchar a mi jefe de Gabinete\u201d<\/b>, ratific\u00f3 Milei, ayer, durante una charla con un canal de\u00a0<i>streaming<\/i>. En la bancada libertaria dan por descontado que el Presidente llegar\u00e1 escoltado por la plana mayor de su gabinete, incluida\u00a0<b>Karina Milei<\/b>, su hermana: toda una se\u00f1al de respaldo al ministro coordinador, cuyo crecimiento patrimonial \u2212que incluye compra de inmuebles y viajes al exterior\u2212 est\u00e1 bajo la lupa judicial.<\/p>\n<p>El presidente\u00a0<b>Javier Milei<\/b>\u00a0confirm\u00f3 este jueves que acompa\u00f1ar\u00e1 al jefe de Gabinete,\u00a0<b>Manuel Adorni<\/b>, en su exposici\u00f3n del pr\u00f3ximo mi\u00e9rcoles\u00a0<a href=\"https:\/\/www.lanacion.com.ar\/politica\/el-oficialismo-prepara-el-terreno-para-defender-a-adorni-y-no-descarta-la-presencia-de-milei-nid13042026\/\" rel=\"\" title=\"https:\/\/www.lanacion.com.ar\/politica\/el-oficialismo-prepara-el-terreno-para-defender-a-adorni-y-no-descarta-la-presencia-de-milei-nid13042026\/\">en el Congreso<\/a>.\u00a0<b>\u201cVoy a estar ah\u00ed. Voy a ir a escuchar a mi jefe de Gabinete\u201d<\/b>, confirm\u00f3. Tambi\u00e9n\u00a0<b>dijo que ir\u00e1 por la reelecci\u00f3n<\/b>\u00a0y brind\u00f3 detalles de su encuentro con el empresario estadounidense\u00a0<b>Peter Thiel<\/b>.<\/p>\n<p><img loading=\"lazy\" decoding=\"async\" src=\"https:\/\/resizer.glanacion.com\/resizer\/v2\/FZ7W7RWJVNHX5KETCBU2U7T2QA.JPG?auth=6548bb24261d4e9daa992720e3fc2dc5abaa9a7701a38d2e2a2b58fdc08f3b04&amp;smart=true&amp;width=2000&amp;height=1125\" alt=\"La hermana del Presidente se mostr\u00f3 junto al jefe de Gabinete en la cena de la Fundaci\u00f3n Libertad\" height=\"1125\" width=\"2000\" \/><\/p>\n<p>Adorni dar\u00e1 su informe de gesti\u00f3n el pr\u00f3ximo 29 de abril, que\u00a0<a href=\"https:\/\/www.lanacion.com.ar\/politica\/con-el-aval-de-milei-adorni-ya-prepara-una-defensa-judicial-para-su-exposicion-en-el-congreso-nid14042026\/\" rel=\"\" title=\"https:\/\/www.lanacion.com.ar\/politica\/con-el-aval-de-milei-adorni-ya-prepara-una-defensa-judicial-para-su-exposicion-en-el-congreso-nid14042026\/\">se estaba preparando en Casa Rosada<\/a>\u00a0con dos equipos que trabajan en forma paralela.<\/p>\n<p>La Oficina Anticorrupci\u00f3n extendi\u00f3 el plazo para que los funcionarios de la administraci\u00f3n p\u00fablica presenten sus declaraciones juradas.<\/p>\n<p>La noticia surge en medio del esc\u00e1ndalo que involucra al jefe de Gabinete,\u00a0<b>Manuel Adorni<\/b>, por sus propiedades y los pr\u00e9stamos que tom\u00f3 para adquirirlas, y la reciente\u00a0<a href=\"https:\/\/www.lanacion.com.ar\/politica\/detectan-a-un-funcionario-del-gobierno-con-propiedades-y-sociedades-sin-declarar-en-estados-unidos-nid22042026\/\" rel=\"\" title=\"https:\/\/www.lanacion.com.ar\/politica\/detectan-a-un-funcionario-del-gobierno-con-propiedades-y-sociedades-sin-declarar-en-estados-unidos-nid22042026\/\">revelaci\u00f3n\u00a0<\/a>del patrimonio sin declarar en Estados Unidos del m\u00e1ximo responsable de Infraestructura y Transporte del ministerio de Econom\u00eda,\u00a0<b>Carlos Frugoni<\/b>.<\/p>\n<p>El organismo, a cargo desde hace un mes de\u00a0<a href=\"https:\/\/www.lanacion.com.ar\/politica\/la-nueva-oficina-anticorrupcion-quedo-al-mando-de-una-jueza-conocida-de-mahiques-y-lejos-del-perfil-nid27032026\/\" rel=\"\" title=\"https:\/\/www.lanacion.com.ar\/politica\/la-nueva-oficina-anticorrupcion-quedo-al-mando-de-una-jueza-conocida-de-mahiques-y-lejos-del-perfil-nid27032026\/\"><b>Gabriela Zangaro<\/b><\/a><b>,\u00a0<\/b>emiti\u00f3 este viernes un comunicado y la\u00a0<a href=\"https:\/\/www.boletinoficial.gob.ar\/detalleAviso\/primera\/341137\/20260424\" rel=\"\" title=\"https:\/\/www.boletinoficial.gob.ar\/detalleAviso\/primera\/341137\/20260424\">Resoluci\u00f3n 3\/2026<\/a>\u00a0en la que se\u00a0<b>prorroga el plazo hasta el 31 de julio para las presentaciones referidas a 2025. La fecha original era el 30 de mayo.<\/b><\/p>\n<p>El Consejo de la Magistratura convoc\u00f3 para este jueves a la Comisi\u00f3n de Selecci\u00f3n para tratar los\u00a0<b>concursos\u00a0<\/b>que buscan\u00a0<b>reemplazar a Leopoldo Bruglia y Pablo Bertuzzi<\/b>, integrantes de la estrat\u00e9gica\u00a0<b>C\u00e1mara Federal porte\u00f1a<\/b>, un tribunal intermedio que interviene en\u00a0<b>todos los casos de corrupci\u00f3n<\/b>, ya sea para confirmar sus avances y dejarlos llegar a juicio oral, o para frenarlos y evitar que contin\u00faen los procesos.<\/p>\n<p>De este modo \u2212como anticip\u00f3\u00a0<b>LA NACION<\/b>\u00a0hace siete d\u00edas\u2212\u00a0<b>comenz\u00f3 el proceso para reconfigurar la mitad de ese tribunal clave<\/b>, ya que un tercer camarista,\u00a0<b>Mart\u00edn Irurzun<\/b>, cumple 75 a\u00f1os el 18 de julio y el Gobierno viene demorando la decisi\u00f3n de enviar su pliego al Senado para darle un nuevo acuerdo por cinco a\u00f1os m\u00e1s. Todo hace pensar que se jubilar\u00e1.<\/p>\n<p>El presidente de la Corte Suprema de Justicia,\u00a0<b>Horacio Rosatti<\/b>, particip\u00f3 hoy de la ExpoEFI y advirti\u00f3 sobre la necesidad de\u00a0<b>respetar la institucionalidad<\/b>\u00a0para alcanzar un desarrollo econ\u00f3mico sostenible. En este contexto, defendi\u00f3 una simplificaci\u00f3n en materia tributaria y pidi\u00f3 por un mayor consenso entre distintos sectores pol\u00edticos para\u00a0<b>limitar la judicializaci\u00f3n de los programas gubernamentales\u00a0<\/b>y evitar, as\u00ed, demoras en su aplicaci\u00f3n.<\/p>\n<p><img loading=\"lazy\" decoding=\"async\" src=\"https:\/\/resizer.glanacion.com\/resizer\/v2\/5LVXWPVP4RCNNKJYDKU3DRSPCQ.JPG?auth=758722c8ffd9d03eca4705fe08fd8dbde74b594ef81294ea1bc8892c20fdff7c&amp;smart=true&amp;width=1280&amp;height=853\" alt=\"El letrado durante su alocuci\u00f3n \" height=\"853\" width=\"1280\" \/><\/p>\n<p>\u201cBuena parte de las frustraciones argentinas por un desarrollo econ\u00f3mico sostenido est\u00e1n relacionadas con<b>\u00a0fallas en la institucionalidad<\/b>, por no tener en cuenta los aspectos institucionales\u201d, explic\u00f3 el tambi\u00e9n presidente del Consejo de la Magistratura. \u201cEs muy importante que incorporemos la calidad institucional como un elemento sustantivo para determinar el desarrollo de los pa\u00edses\u201d, continu\u00f3 en relaci\u00f3n al respeto de las normas, pero tambi\u00e9n a la\u00a0<b>divisi\u00f3n de poderes y la independencia del Poder Judicial<\/b>.<\/p>\n<p><b>Elisa Carri\u00f3<\/b>, referente de la Coalici\u00f3n C\u00edvica ARI (CC-ARI), comparti\u00f3 este martes un ir\u00f3nico video contra el jefe de Gabinete, Manuel Adorni,\u00a0<a href=\"https:\/\/www.lanacion.com.ar\/politica\/manuel-adorni-ensayo-su-presentacion-en-el-congreso-bajo-un-ferreo-operativo-de-seguridad-nid27042026\/\" rel=\"\" title=\"https:\/\/www.lanacion.com.ar\/politica\/manuel-adorni-ensayo-su-presentacion-en-el-congreso-bajo-un-ferreo-operativo-de-seguridad-nid27042026\/\">en la v\u00edspera de su presentaci\u00f3n en el Congreso<\/a>. Adorni, quien es investigado por la Justicia por presunto enriquecimiento il\u00edcito, exhibir\u00e1 su informe de gesti\u00f3n el mi\u00e9rcoles en Diputados.<\/p>\n<p>La breve filmaci\u00f3n que subi\u00f3 Carri\u00f3 la muestra llorando en un ba\u00f1o y sec\u00e1ndose las l\u00e1grimas con un pa\u00f1uelo. \u201c\u00bfPor qu\u00e9 lloras?\u201c, le pregunta quien graba el video.\u00a0<b>\u201dPor Adorni. Pobrecito. Se compr\u00f3 todas estas casas en dos a\u00f1os. Y lo atacan\u00bb<\/b>, dice, en referencia a la adquisici\u00f3n de un departamento en Caballito y una casa en el country Indio Cua. Sobre el final de la filmaci\u00f3n, se puede ver a la exlegisladora nacional riendo delante de la c\u00e1mara.<\/p>\n<p>El jefe de Gabinete,\u00a0<b>Manuel Adorni<\/b>, romper\u00e1 un silencio de semanas este mi\u00e9rcoles, cuando presente el informe de gesti\u00f3n ante el Congreso. All\u00ed, seg\u00fan pudo saber\u00a0<b>LA NACION\u00a0<\/b>de colaboradores directos del ministro, dar\u00e1<b>\u00a0\u201cun discurso institucional de poco m\u00e1s de una hora\u201d<\/b>\u00a0que tendr\u00e1 como\u00a0<b>\u201cfoco los logros econ\u00f3micos y la estabilidad macro\u201d\u00a0<\/b>del Gobierno, adem\u00e1s de\u00a0<b>\u201clas reformas hechas y las pendientes\u201d<\/b>.<\/p>\n<p><img loading=\"lazy\" decoding=\"async\" src=\"https:\/\/resizer.glanacion.com\/resizer\/v2\/SH33B6UBOVGMLCVY6IA2BR6FT4.jpg?auth=f1babbbfa8c2b81c69cd0b282ae6f756af9da2f69d70d23fe35799c1bf4662de&amp;smart=true&amp;width=2000&amp;height=1333\" alt=\"Alta expectativa por la aparici\u00f3n de Adorni en el Congreso\" height=\"1333\" width=\"2000\" \/><\/p>\n<p>Casi todo lo dem\u00e1s es hasta ahora un misterio. O, al menos, el hermetismo es la estrategia que prima en la Casa Rosada, donde se muestran convencidos de que la presentaci\u00f3n del jefe de Gabinete\u00a0<b>\u201cser\u00e1 exitosa\u201d<\/b>.<\/p>\n<p>El presidente<b>\u00a0<\/b><a href=\"https:\/\/www.lanacion.com.ar\/politica\/milei-y-macri-vuelven-a-compartir-un-ambito-politico-luego-de-seis-meses-en-la-cena-de-la-fundacion-nid27042026\/\" rel=\"\" title=\"https:\/\/www.lanacion.com.ar\/politica\/milei-y-macri-vuelven-a-compartir-un-ambito-politico-luego-de-seis-meses-en-la-cena-de-la-fundacion-nid27042026\/\"><b>Javier Milei<\/b><\/a>\u00a0fue el encargado de brindar el discurso de cierre de la cena anual de la\u00a0<b>Fundaci\u00f3n Libertad<\/b>, evento que se celebr\u00f3 en Parque Norte. El mandatario hizo uso de la palabra desde las 21.45 y concluy\u00f3 a las 23. Previo a su disertaci\u00f3n, recibi\u00f3 el premio Libertad 2026 por parte de Alberto Benegas Lynch (h).<\/p>\n<p><img loading=\"lazy\" decoding=\"async\" src=\"https:\/\/resizer.glanacion.com\/resizer\/v2\/Y2N65CZ3DZG4LBQPL2IYTRK2YE.png?auth=5217aa1667780e030f70668df82b5cb2eadc106191b66553ff5016069e852fb6&amp;smart=true&amp;width=949&amp;height=653\" alt=\"El presidente Javier Milei durante el debate sobre \u201cKeynes y la Teor\u00eda General\u201d en el Palacio Libertad\" height=\"653\" width=\"949\" \/><\/p>\n<p>El titular de\u00a0<b>La Libertad Avanza (LLA)\u00a0<\/b>comenz\u00f3 solidariz\u00e1ndose con el presidente de Estados Unidos, Donald Trump, tras el tiroteo ocurrido durante la\u00a0<a href=\"https:\/\/www.lanacion.com.ar\/estados-unidos\/evacuaron-a-trump-de-la-casa-blanca-por-una-amenaza-durante-una-cena-con-periodistas-nid25042026\/\" rel=\"\" title=\"https:\/\/www.lanacion.com.ar\/estados-unidos\/evacuaron-a-trump-de-la-casa-blanca-por-una-amenaza-durante-una-cena-con-periodistas-nid25042026\/\">cena anual de corresponsales de la Casa Blanca<\/a>\u00a0en Washington: \u201c<b>Quiero expresar mi m\u00e1s en\u00e9rgico repudio al intento de asesinato contra Trump.\u00a0<\/b>Estamos ante un nuevo auge de la violencia pol\u00edtica contra el mundo libre. Debe ser detenido en sus inicios. Hay muchos que no toleran perder la batalla en las urnas. Esas personas no son compatibles con la democracia. Debe ser castigado con todo el peso de la ley\u201d.<\/p>\n<p>\u201cNo hay mucho de qu\u00e9 hablar. El sabe perfecto lo que pienso\u201d. El comentario sali\u00f3, seg\u00fan cuentan muy cerca de <b>Mauricio Macri<\/b>, de boca del expresidente, y explica el desencuentro con el presidente <b>Javier Milei<\/b>. Anoche, en la cena de la Fundaci\u00f3n Libertad, ambos tomaron recaudos para <a href=\"https:\/\/www.lanacion.com.ar\/politica\/milei-y-macri-vuelven-a-compartir-un-ambito-politico-luego-de-seis-meses-en-la-cena-de-la-fundacion-nid27042026\/\" rel=\"\" title=\"https:\/\/www.lanacion.com.ar\/politica\/milei-y-macri-vuelven-a-compartir-un-ambito-politico-luego-de-seis-meses-en-la-cena-de-la-fundacion-nid27042026\/\">no cruzarse<\/a>, evidenciando una tensi\u00f3n que lleva meses y parece lejos de resolverse. Por el contrario: desde ambos b\u00fankeres aseguran que la puja, mitad p\u00fablica, mitad discreta, tendr\u00e1 nuevos escenarios, en el Congreso y fuera de \u00e9l, en las pr\u00f3ximas semanas.<\/p>\n<p><img loading=\"lazy\" decoding=\"async\" src=\"https:\/\/resizer.glanacion.com\/resizer\/v2\/565Y3DCGOBFAXPK6D6J6W75JOA.JPG?auth=9c0af3627e0058d322a6715597ade396aadb572f37b3774b8875c6785b5bdf0c&amp;smart=true&amp;width=2000&amp;height=1333\" alt=\"Javier Milei y Mauricio Macri \" height=\"1333\" width=\"2000\" \/><\/p>\n<p>Aquel encuentro en Olivos, milanesas mediante, en el que Macri le expres\u00f3 de modo directo al Presidente sus <a href=\"https:\/\/www.lanacion.com.ar\/politica\/tristeza-y-desilusion-mauricio-macri-se-fue-disgustado-de-olivos-por-los-cambios-en-el-gabinete-y-se-nid01112025\/\" rel=\"\" title=\"https:\/\/www.lanacion.com.ar\/politica\/tristeza-y-desilusion-mauricio-macri-se-fue-disgustado-de-olivos-por-los-cambios-en-el-gabinete-y-se-nid01112025\/\">reparos <\/a>hacia la elecci\u00f3n de <b>Manuel Adorni<\/b> como jefe de gabinete en reemplazo de <b>Guillermo Francos<\/b>, fue el \u00faltimo contacto. \u201cNo volvieron ni siquiera a chatear\u201d, afirmaron desde el macrismo. \u201cEntre ellos, nada de nada\u201d, describi\u00f3 un alto funcionario nacional desde la Casa Rosada, cerrada por cuarto d\u00eda h\u00e1bil para los periodistas acreditados.<\/p>\n<p>La Justicia recibi\u00f3 nueva informaci\u00f3n sobre los gastos de la familia de <a href=\"https:\/\/www.lanacion.com.ar\/politica\/manuel-adorni-se-enfrenta-al-interrogatorio-de-diputados-con-el-apoyo-de-milei-y-la-militancia-nid28042026\/\" rel=\"\" title=\"https:\/\/www.lanacion.com.ar\/politica\/manuel-adorni-se-enfrenta-al-interrogatorio-de-diputados-con-el-apoyo-de-milei-y-la-militancia-nid28042026\/\"><b>Manuel Adorni<\/b><\/a><b> <\/b>en el marco de la causa que investiga al jefe de Gabinete por presunto enriquecimiento il\u00edcito. Su pareja, <b>Bettina Angeletti<\/b>, gast\u00f3 alrededor de<b> 6000 d\u00f3lares en efectivo <\/b>en un viaje realizado a Espa\u00f1a, en septiembre del a\u00f1o pasado, seg\u00fan fuentes de los tribunales.<\/p>\n<p><img loading=\"lazy\" decoding=\"async\" src=\"https:\/\/resizer.glanacion.com\/resizer\/v2\/OMCGZAZP3BFUJJIFVOYPEQ3ZZQ.png?auth=57e589a8374415c6e986a3ddb29c38a80edd9e2cd2dffe206a54c7ad89b76137&amp;smart=true&amp;width=2000&amp;height=1333\" alt=\"Manuel Adorni justific\u00f3 el viaje de su esposa junto a la comitiva oficial\" height=\"1333\" width=\"2000\" \/><\/p>\n<p>El monto es la suma aproximada del costo de los pasajes y la estad\u00eda en el pa\u00eds ib\u00e9rico, y se a\u00f1ade a la lista de gastos que el fiscal <b>Gerardo Pollicita <\/b>elabora en busca de determinar si el estilo de vida del funcionario se corresponde o no con sus ingresos.<\/p>\n<p>Con el respaldo expl\u00edcito del Presidente, <b>Karina Milei<\/b> y buena parte del Gabinete,<b> Manuel Adorni<\/b> se enfrentar\u00e1 este mi\u00e9rcoles a un extenso interrogatorio en Diputados. El informe de gesti\u00f3n, que en condiciones normales es un tr\u00e1mite institucional, estar\u00e1 marcado por <a href=\"https:\/\/www.lanacion.com.ar\/politica\/la-justicia-investiga-la-refaccion-integral-del-departamento-de-adorni-en-caballito-cocina-banos-y-nid15042026\/\" rel=\"\" title=\"https:\/\/www.lanacion.com.ar\/politica\/la-justicia-investiga-la-refaccion-integral-del-departamento-de-adorni-en-caballito-cocina-banos-y-nid15042026\/\">la<b> <\/b>investigaci\u00f3n judicial <\/a>en curso por su presunto crecimiento patrimonial y por la estrategia opositora para exponerlo.<\/p>\n<p>La sesi\u00f3n est\u00e1 convocada para las 10.30. En ella, habr\u00e1 una se\u00f1al pol\u00edtica insoslayable: el oficialismo convertir\u00e1 el recinto en una demostraci\u00f3n de respaldo. Estar\u00e1n presentes <b>Javier Milei<\/b>, la secretaria General de la Presidencia, la mayor\u00eda de los ministros, dirigentes provinciales, algunos senadores y militantes en los palcos. La escena tambi\u00e9n funcionar\u00e1 como un test interno: las ausencias dentro del oficialismo ser\u00e1n seguidas con atenci\u00f3n.<\/p>\n<p>\u200bEl Jefe de Gabinete se presenta desde las 10.30 en la C\u00e1mara baja; expectativa por su informe en medio de la investigaci\u00f3n sobre su patrimonio\u00a0\u00a0<\/p>","protected":false},"excerpt":{"rendered":"<p>El Gobierno capt\u00f3\u00a0otros US$700 millones del mercado local\u00a0en el quinto cap\u00edtulo de las licitaciones quincenales&#8230;<\/p>\n","protected":false},"author":1,"featured_media":16748,"comment_status":"closed","ping_status":"closed","sticky":false,"template":"","format":"standard","meta":{"_jetpack_memberships_contains_paid_content":false,"footnotes":"","jetpack_publicize_message":"","jetpack_publicize_feature_enabled":true,"jetpack_social_post_already_shared":true,"jetpack_social_options":{"image_generator_settings":{"template":"highway","default_image_id":0,"font":"","enabled":false},"version":2}},"categories":[89],"tags":[],"class_list":["post-16747","post","type-post","status-publish","format-standard","has-post-thumbnail","hentry","category-nacionales"],"yoast_head":"<!-- This site is optimized with the Yoast SEO plugin v27.4 - https:\/\/yoast.com\/product\/yoast-seo-wordpress\/ -->\n<title>Manuel Adorni en el Congreso, en vivo: la exposici\u00f3n en Diputados, minuto a minuto -<\/title>\n<meta name=\"robots\" content=\"index, follow, max-snippet:-1, max-image-preview:large, max-video-preview:-1\" \/>\n<link rel=\"canonical\" href=\"https:\/\/impactocastex.com.ar\/?p=16747\" \/>\n<meta property=\"og:locale\" content=\"es_ES\" \/>\n<meta property=\"og:type\" content=\"article\" \/>\n<meta property=\"og:title\" content=\"Manuel Adorni en el Congreso, en vivo: la exposici\u00f3n en Diputados, minuto a minuto -\" \/>\n<meta property=\"og:description\" content=\"El Gobierno capt\u00f3\u00a0otros US$700 millones del mercado local\u00a0en el quinto cap\u00edtulo de las licitaciones quincenales...\" \/>\n<meta property=\"og:url\" content=\"https:\/\/impactocastex.com.ar\/?p=16747\" \/>\n<meta property=\"article:publisher\" content=\"https:\/\/www.facebook.com\/impactocastexdiario\" \/>\n<meta property=\"article:published_time\" content=\"2026-04-29T09:13:56+00:00\" \/>\n<meta property=\"og:image\" content=\"https:\/\/resizer.glanacion.com\/resizer\/v2\/VE5BJM2CBNF3BCTIHQKQ24ZB6Y.jpg?auth=834c8da78f18ba75f4fdef54f58e44af3ef6370ba047b8ec3cad99d7879f1248&amp;smart=true&amp;width=3000&amp;height=2000\" \/>\n<meta name=\"author\" content=\"impactocastex\" \/>\n<meta name=\"twitter:card\" content=\"summary_large_image\" \/>\n<meta name=\"twitter:label1\" content=\"Escrito por\" \/>\n\t<meta name=\"twitter:data1\" content=\"impactocastex\" \/>\n\t<meta name=\"twitter:label2\" content=\"Tiempo de lectura\" \/>\n\t<meta name=\"twitter:data2\" content=\"9 minutos\" \/>\n<script type=\"application\/ld+json\" class=\"yoast-schema-graph\">{\"@context\":\"https:\\\/\\\/schema.org\",\"@graph\":[{\"@type\":\"Article\",\"@id\":\"https:\\\/\\\/impactocastex.com.ar\\\/?p=16747#article\",\"isPartOf\":{\"@id\":\"https:\\\/\\\/impactocastex.com.ar\\\/?p=16747\"},\"author\":{\"name\":\"impactocastex\",\"@id\":\"https:\\\/\\\/impactocastex.com.ar\\\/#\\\/schema\\\/person\\\/86cb4f827fb5f87869a239b98a69c6e3\"},\"headline\":\"Manuel Adorni en el Congreso, en vivo: la exposici\u00f3n en Diputados, minuto a minuto\",\"datePublished\":\"2026-04-29T09:13:56+00:00\",\"mainEntityOfPage\":{\"@id\":\"https:\\\/\\\/impactocastex.com.ar\\\/?p=16747\"},\"wordCount\":1724,\"publisher\":{\"@id\":\"https:\\\/\\\/impactocastex.com.ar\\\/#organization\"},\"image\":{\"@id\":\"https:\\\/\\\/impactocastex.com.ar\\\/?p=16747#primaryimage\"},\"thumbnailUrl\":\"https:\\\/\\\/impactocastex.com.ar\\\/wp-content\\\/uploads\\\/2026\\\/04\\\/GTRQI6R5ZVBK3IFZTS2COWPRUY-uDQHeP.jpg\",\"articleSection\":[\"NACIONALES\"],\"inLanguage\":\"es\"},{\"@type\":\"WebPage\",\"@id\":\"https:\\\/\\\/impactocastex.com.ar\\\/?p=16747\",\"url\":\"https:\\\/\\\/impactocastex.com.ar\\\/?p=16747\",\"name\":\"Manuel Adorni en el Congreso, en vivo: la exposici\u00f3n en Diputados, minuto a minuto -\",\"isPartOf\":{\"@id\":\"https:\\\/\\\/impactocastex.com.ar\\\/#website\"},\"primaryImageOfPage\":{\"@id\":\"https:\\\/\\\/impactocastex.com.ar\\\/?p=16747#primaryimage\"},\"image\":{\"@id\":\"https:\\\/\\\/impactocastex.com.ar\\\/?p=16747#primaryimage\"},\"thumbnailUrl\":\"https:\\\/\\\/impactocastex.com.ar\\\/wp-content\\\/uploads\\\/2026\\\/04\\\/GTRQI6R5ZVBK3IFZTS2COWPRUY-uDQHeP.jpg\",\"datePublished\":\"2026-04-29T09:13:56+00:00\",\"breadcrumb\":{\"@id\":\"https:\\\/\\\/impactocastex.com.ar\\\/?p=16747#breadcrumb\"},\"inLanguage\":\"es\",\"potentialAction\":[{\"@type\":\"ReadAction\",\"target\":[\"https:\\\/\\\/impactocastex.com.ar\\\/?p=16747\"]}]},{\"@type\":\"ImageObject\",\"inLanguage\":\"es\",\"@id\":\"https:\\\/\\\/impactocastex.com.ar\\\/?p=16747#primaryimage\",\"url\":\"https:\\\/\\\/impactocastex.com.ar\\\/wp-content\\\/uploads\\\/2026\\\/04\\\/GTRQI6R5ZVBK3IFZTS2COWPRUY-uDQHeP.jpg\",\"contentUrl\":\"https:\\\/\\\/impactocastex.com.ar\\\/wp-content\\\/uploads\\\/2026\\\/04\\\/GTRQI6R5ZVBK3IFZTS2COWPRUY-uDQHeP.jpg\",\"width\":2000,\"height\":1333},{\"@type\":\"BreadcrumbList\",\"@id\":\"https:\\\/\\\/impactocastex.com.ar\\\/?p=16747#breadcrumb\",\"itemListElement\":[{\"@type\":\"ListItem\",\"position\":1,\"name\":\"Portada\",\"item\":\"https:\\\/\\\/impactocastex.com.ar\\\/\"},{\"@type\":\"ListItem\",\"position\":2,\"name\":\"Manuel Adorni en el Congreso, en vivo: la exposici\u00f3n en Diputados, minuto a minuto\"}]},{\"@type\":\"WebSite\",\"@id\":\"https:\\\/\\\/impactocastex.com.ar\\\/#website\",\"url\":\"https:\\\/\\\/impactocastex.com.ar\\\/\",\"name\":\"Impacto Castex\",\"description\":\"\",\"publisher\":{\"@id\":\"https:\\\/\\\/impactocastex.com.ar\\\/#organization\"},\"potentialAction\":[{\"@type\":\"SearchAction\",\"target\":{\"@type\":\"EntryPoint\",\"urlTemplate\":\"https:\\\/\\\/impactocastex.com.ar\\\/?s={search_term_string}\"},\"query-input\":{\"@type\":\"PropertyValueSpecification\",\"valueRequired\":true,\"valueName\":\"search_term_string\"}}],\"inLanguage\":\"es\"},{\"@type\":\"Organization\",\"@id\":\"https:\\\/\\\/impactocastex.com.ar\\\/#organization\",\"name\":\"Impacto Castex\",\"url\":\"https:\\\/\\\/impactocastex.com.ar\\\/\",\"logo\":{\"@type\":\"ImageObject\",\"inLanguage\":\"es\",\"@id\":\"https:\\\/\\\/impactocastex.com.ar\\\/#\\\/schema\\\/logo\\\/image\\\/\",\"url\":\"https:\\\/\\\/impactocastex.com.ar\\\/wp-content\\\/uploads\\\/2025\\\/09\\\/cropped-icoweb.png\",\"contentUrl\":\"https:\\\/\\\/impactocastex.com.ar\\\/wp-content\\\/uploads\\\/2025\\\/09\\\/cropped-icoweb.png\",\"width\":512,\"height\":512,\"caption\":\"Impacto Castex\"},\"image\":{\"@id\":\"https:\\\/\\\/impactocastex.com.ar\\\/#\\\/schema\\\/logo\\\/image\\\/\"},\"sameAs\":[\"https:\\\/\\\/www.facebook.com\\\/impactocastexdiario\",\"https:\\\/\\\/www.instagram.com\\\/impactocastex.com.ar\\\/\"]},{\"@type\":\"Person\",\"@id\":\"https:\\\/\\\/impactocastex.com.ar\\\/#\\\/schema\\\/person\\\/86cb4f827fb5f87869a239b98a69c6e3\",\"name\":\"impactocastex\",\"image\":{\"@type\":\"ImageObject\",\"inLanguage\":\"es\",\"@id\":\"https:\\\/\\\/secure.gravatar.com\\\/avatar\\\/9a87ee051ca8c77f5d4070843ce2c78cdf95b858b950fb039151de955122f5f5?s=96&d=mm&r=g\",\"url\":\"https:\\\/\\\/secure.gravatar.com\\\/avatar\\\/9a87ee051ca8c77f5d4070843ce2c78cdf95b858b950fb039151de955122f5f5?s=96&d=mm&r=g\",\"contentUrl\":\"https:\\\/\\\/secure.gravatar.com\\\/avatar\\\/9a87ee051ca8c77f5d4070843ce2c78cdf95b858b950fb039151de955122f5f5?s=96&d=mm&r=g\",\"caption\":\"impactocastex\"},\"sameAs\":[\"https:\\\/\\\/impactocastex.com.ar\"],\"url\":\"https:\\\/\\\/impactocastex.com.ar\\\/?author=1\"}]}<\/script>\n<!-- \/ Yoast SEO plugin. -->","yoast_head_json":{"title":"Manuel Adorni en el Congreso, en vivo: la exposici\u00f3n en Diputados, minuto a minuto -","robots":{"index":"index","follow":"follow","max-snippet":"max-snippet:-1","max-image-preview":"max-image-preview:large","max-video-preview":"max-video-preview:-1"},"canonical":"https:\/\/impactocastex.com.ar\/?p=16747","og_locale":"es_ES","og_type":"article","og_title":"Manuel Adorni en el Congreso, en vivo: la exposici\u00f3n en Diputados, minuto a minuto -","og_description":"El Gobierno capt\u00f3\u00a0otros US$700 millones del mercado local\u00a0en el quinto cap\u00edtulo de las licitaciones quincenales...","og_url":"https:\/\/impactocastex.com.ar\/?p=16747","article_publisher":"https:\/\/www.facebook.com\/impactocastexdiario","article_published_time":"2026-04-29T09:13:56+00:00","og_image":[{"url":"https:\/\/resizer.glanacion.com\/resizer\/v2\/VE5BJM2CBNF3BCTIHQKQ24ZB6Y.jpg?auth=834c8da78f18ba75f4fdef54f58e44af3ef6370ba047b8ec3cad99d7879f1248&amp;smart=true&amp;width=3000&amp;height=2000","type":"","width":"","height":""}],"author":"impactocastex","twitter_card":"summary_large_image","twitter_misc":{"Escrito por":"impactocastex","Tiempo de lectura":"9 minutos"},"schema":{"@context":"https:\/\/schema.org","@graph":[{"@type":"Article","@id":"https:\/\/impactocastex.com.ar\/?p=16747#article","isPartOf":{"@id":"https:\/\/impactocastex.com.ar\/?p=16747"},"author":{"name":"impactocastex","@id":"https:\/\/impactocastex.com.ar\/#\/schema\/person\/86cb4f827fb5f87869a239b98a69c6e3"},"headline":"Manuel Adorni en el Congreso, en vivo: la exposici\u00f3n en Diputados, minuto a minuto","datePublished":"2026-04-29T09:13:56+00:00","mainEntityOfPage":{"@id":"https:\/\/impactocastex.com.ar\/?p=16747"},"wordCount":1724,"publisher":{"@id":"https:\/\/impactocastex.com.ar\/#organization"},"image":{"@id":"https:\/\/impactocastex.com.ar\/?p=16747#primaryimage"},"thumbnailUrl":"https:\/\/impactocastex.com.ar\/wp-content\/uploads\/2026\/04\/GTRQI6R5ZVBK3IFZTS2COWPRUY-uDQHeP.jpg","articleSection":["NACIONALES"],"inLanguage":"es"},{"@type":"WebPage","@id":"https:\/\/impactocastex.com.ar\/?p=16747","url":"https:\/\/impactocastex.com.ar\/?p=16747","name":"Manuel Adorni en el Congreso, en vivo: la exposici\u00f3n en Diputados, minuto a minuto -","isPartOf":{"@id":"https:\/\/impactocastex.com.ar\/#website"},"primaryImageOfPage":{"@id":"https:\/\/impactocastex.com.ar\/?p=16747#primaryimage"},"image":{"@id":"https:\/\/impactocastex.com.ar\/?p=16747#primaryimage"},"thumbnailUrl":"https:\/\/impactocastex.com.ar\/wp-content\/uploads\/2026\/04\/GTRQI6R5ZVBK3IFZTS2COWPRUY-uDQHeP.jpg","datePublished":"2026-04-29T09:13:56+00:00","breadcrumb":{"@id":"https:\/\/impactocastex.com.ar\/?p=16747#breadcrumb"},"inLanguage":"es","potentialAction":[{"@type":"ReadAction","target":["https:\/\/impactocastex.com.ar\/?p=16747"]}]},{"@type":"ImageObject","inLanguage":"es","@id":"https:\/\/impactocastex.com.ar\/?p=16747#primaryimage","url":"https:\/\/impactocastex.com.ar\/wp-content\/uploads\/2026\/04\/GTRQI6R5ZVBK3IFZTS2COWPRUY-uDQHeP.jpg","contentUrl":"https:\/\/impactocastex.com.ar\/wp-content\/uploads\/2026\/04\/GTRQI6R5ZVBK3IFZTS2COWPRUY-uDQHeP.jpg","width":2000,"height":1333},{"@type":"BreadcrumbList","@id":"https:\/\/impactocastex.com.ar\/?p=16747#breadcrumb","itemListElement":[{"@type":"ListItem","position":1,"name":"Portada","item":"https:\/\/impactocastex.com.ar\/"},{"@type":"ListItem","position":2,"name":"Manuel Adorni en el Congreso, en vivo: la exposici\u00f3n en Diputados, minuto a minuto"}]},{"@type":"WebSite","@id":"https:\/\/impactocastex.com.ar\/#website","url":"https:\/\/impactocastex.com.ar\/","name":"Impacto Castex","description":"","publisher":{"@id":"https:\/\/impactocastex.com.ar\/#organization"},"potentialAction":[{"@type":"SearchAction","target":{"@type":"EntryPoint","urlTemplate":"https:\/\/impactocastex.com.ar\/?s={search_term_string}"},"query-input":{"@type":"PropertyValueSpecification","valueRequired":true,"valueName":"search_term_string"}}],"inLanguage":"es"},{"@type":"Organization","@id":"https:\/\/impactocastex.com.ar\/#organization","name":"Impacto Castex","url":"https:\/\/impactocastex.com.ar\/","logo":{"@type":"ImageObject","inLanguage":"es","@id":"https:\/\/impactocastex.com.ar\/#\/schema\/logo\/image\/","url":"https:\/\/impactocastex.com.ar\/wp-content\/uploads\/2025\/09\/cropped-icoweb.png","contentUrl":"https:\/\/impactocastex.com.ar\/wp-content\/uploads\/2025\/09\/cropped-icoweb.png","width":512,"height":512,"caption":"Impacto Castex"},"image":{"@id":"https:\/\/impactocastex.com.ar\/#\/schema\/logo\/image\/"},"sameAs":["https:\/\/www.facebook.com\/impactocastexdiario","https:\/\/www.instagram.com\/impactocastex.com.ar\/"]},{"@type":"Person","@id":"https:\/\/impactocastex.com.ar\/#\/schema\/person\/86cb4f827fb5f87869a239b98a69c6e3","name":"impactocastex","image":{"@type":"ImageObject","inLanguage":"es","@id":"https:\/\/secure.gravatar.com\/avatar\/9a87ee051ca8c77f5d4070843ce2c78cdf95b858b950fb039151de955122f5f5?s=96&d=mm&r=g","url":"https:\/\/secure.gravatar.com\/avatar\/9a87ee051ca8c77f5d4070843ce2c78cdf95b858b950fb039151de955122f5f5?s=96&d=mm&r=g","contentUrl":"https:\/\/secure.gravatar.com\/avatar\/9a87ee051ca8c77f5d4070843ce2c78cdf95b858b950fb039151de955122f5f5?s=96&d=mm&r=g","caption":"impactocastex"},"sameAs":["https:\/\/impactocastex.com.ar"],"url":"https:\/\/impactocastex.com.ar\/?author=1"}]}},"jetpack_publicize_connections":[],"featured_image_urls":{"full":["https:\/\/impactocastex.com.ar\/wp-content\/uploads\/2026\/04\/GTRQI6R5ZVBK3IFZTS2COWPRUY-uDQHeP.jpg",2000,1333,false],"thumbnail":["https:\/\/impactocastex.com.ar\/wp-content\/uploads\/2026\/04\/GTRQI6R5ZVBK3IFZTS2COWPRUY-uDQHeP-150x150.jpg",150,150,true],"medium":["https:\/\/impactocastex.com.ar\/wp-content\/uploads\/2026\/04\/GTRQI6R5ZVBK3IFZTS2COWPRUY-uDQHeP-300x200.jpg",300,200,true],"medium_large":["https:\/\/impactocastex.com.ar\/wp-content\/uploads\/2026\/04\/GTRQI6R5ZVBK3IFZTS2COWPRUY-uDQHeP-768x512.jpg",640,427,true],"large":["https:\/\/impactocastex.com.ar\/wp-content\/uploads\/2026\/04\/GTRQI6R5ZVBK3IFZTS2COWPRUY-uDQHeP-1024x682.jpg",640,426,true],"1536x1536":["https:\/\/impactocastex.com.ar\/wp-content\/uploads\/2026\/04\/GTRQI6R5ZVBK3IFZTS2COWPRUY-uDQHeP-1536x1024.jpg",1536,1024,true],"2048x2048":["https:\/\/impactocastex.com.ar\/wp-content\/uploads\/2026\/04\/GTRQI6R5ZVBK3IFZTS2COWPRUY-uDQHeP.jpg",2000,1333,false],"newsever-slider-full":["https:\/\/impactocastex.com.ar\/wp-content\/uploads\/2026\/04\/GTRQI6R5ZVBK3IFZTS2COWPRUY-uDQHeP-1280x845.jpg",1280,845,true],"newsever-featured":["https:\/\/impactocastex.com.ar\/wp-content\/uploads\/2026\/04\/GTRQI6R5ZVBK3IFZTS2COWPRUY-uDQHeP-1024x682.jpg",1024,682,true],"newsever-medium":["https:\/\/impactocastex.com.ar\/wp-content\/uploads\/2026\/04\/GTRQI6R5ZVBK3IFZTS2COWPRUY-uDQHeP-720x475.jpg",720,475,true]},"author_info":{"info":["impactocastex"]},"category_info":"<a href=\"https:\/\/impactocastex.com.ar\/?cat=89\" rel=\"category\">NACIONALES<\/a>","tag_info":"NACIONALES","comment_count":0,"jetpack_featured_media_url":"https:\/\/impactocastex.com.ar\/wp-content\/uploads\/2026\/04\/GTRQI6R5ZVBK3IFZTS2COWPRUY-uDQHeP.jpg","jetpack_sharing_enabled":true,"jetpack_likes_enabled":true,"jetpack_shortlink":"https:\/\/wp.me\/p7sopA-4m7","_links":{"self":[{"href":"https:\/\/impactocastex.com.ar\/index.php?rest_route=\/wp\/v2\/posts\/16747","targetHints":{"allow":["GET"]}}],"collection":[{"href":"https:\/\/impactocastex.com.ar\/index.php?rest_route=\/wp\/v2\/posts"}],"about":[{"href":"https:\/\/impactocastex.com.ar\/index.php?rest_route=\/wp\/v2\/types\/post"}],"author":[{"embeddable":true,"href":"https:\/\/impactocastex.com.ar\/index.php?rest_route=\/wp\/v2\/users\/1"}],"replies":[{"embeddable":true,"href":"https:\/\/impactocastex.com.ar\/index.php?rest_route=%2Fwp%2Fv2%2Fcomments&post=16747"}],"version-history":[{"count":0,"href":"https:\/\/impactocastex.com.ar\/index.php?rest_route=\/wp\/v2\/posts\/16747\/revisions"}],"wp:featuredmedia":[{"embeddable":true,"href":"https:\/\/impactocastex.com.ar\/index.php?rest_route=\/wp\/v2\/media\/16748"}],"wp:attachment":[{"href":"https:\/\/impactocastex.com.ar\/index.php?rest_route=%2Fwp%2Fv2%2Fmedia&parent=16747"}],"wp:term":[{"taxonomy":"category","embeddable":true,"href":"https:\/\/impactocastex.com.ar\/index.php?rest_route=%2Fwp%2Fv2%2Fcategories&post=16747"},{"taxonomy":"post_tag","embeddable":true,"href":"https:\/\/impactocastex.com.ar\/index.php?rest_route=%2Fwp%2Fv2%2Ftags&post=16747"}],"curies":[{"name":"wp","href":"https:\/\/api.w.org\/{rel}","templated":true}]}}