{"id":16739,"date":"2026-04-28T21:37:02","date_gmt":"2026-04-29T00:37:02","guid":{"rendered":"https:\/\/impactocastex.com.ar\/?p=16739"},"modified":"2026-04-28T21:37:02","modified_gmt":"2026-04-29T00:37:02","slug":"el-ex-director-del-fbi-fue-acusado-de-amenazar-con-matar-a-trump-que-significan-los-numeros-86-47-por-los-que-se-lo-denuncio","status":"publish","type":"post","link":"https:\/\/impactocastex.com.ar\/?p=16739","title":{"rendered":"El ex director del FBI fue acusado de amenazar con matar a Trump: qu\u00e9 significan los n\u00fameros \u00ab86 47\u00bb por los que se lo denunci\u00f3"},"content":{"rendered":"<div><img decoding=\"async\" src=\"https:\/\/www.clarin.com\/img\/2026\/04\/28\/ewL-23vnx_2000x1500__1.jpg\" class=\"ff-og-image-inserted\" \/><\/div>\n<div>\n<p>El exdirector del FBI<strong> James Comey,<\/strong> un cr\u00edtico ac\u00e9rrimo de Donald Trump, fue <strong>acusado de amenazar la vida del presidente de Estados Unidos, Donald Trump<\/strong>, inform\u00f3 este martes el fiscal general en funciones, Todd Blanche.<\/p>\n<\/div>\n<div>\n<p>Comey hizo el a\u00f1o pasado una publicaci\u00f3n en Instagram -ahora eliminada- que <strong>mostraba los n\u00fameros \u00ab86 47\u00bb formados con conchas marinas.<\/strong><\/p>\n<\/div>\n<div>\n<p>Trump asegur\u00f3 en una entrevista con<em> Fox News<\/em> en aquel momento que <strong>\u00ab86\u00bb era jerga para \u00abmatar\u00bb y que \u00ab47\u00bb se refer\u00eda a \u00e9l como presidente n\u00famero 47 <\/strong>de Estados Unidos.<\/p>\n<\/div>\n<div>\n<p>\u00ab\u00c9l sab\u00eda exactamente lo que eso significaba\u00bb, afirm\u00f3 Trump. <strong>\u00abSignifica asesinato, y lo dice claro y fuerte\u00bb, a\u00f1adi\u00f3<\/strong><\/p>\n<\/div>\n<div>\n<p>\n Comey asegur\u00f3 que enfrentar\u00e1 los nuevos cargos en su contra.<\/p>\n<\/div>\n<div>\n<p>\u00abBueno, ahora vuelven con una foto de conchas marinas en una playa en Carolina del Norte hace un a\u00f1o, y <strong>esto no terminar\u00e1 aqu\u00ed\u00bb<\/strong>, declar\u00f3 en un video publicado en redes sociales.<\/p>\n<\/div>\n<div>\n<p><strong>\u00abSigo siendo inocente, sigo sin tener miedo y sigo creyendo en un poder judicial federal independiente\u00bb,<\/strong> resalt\u00f3.<\/p>\n<\/div>\n<div>\n<p>La acusaci\u00f3n asegura que la referencia \u00ab86 47\u00bb es una \u00ab<strong>seria expresi\u00f3n de una intenci\u00f3n de hacer da\u00f1o<\/strong> al presidente de Estados Unidos\u00bb.<\/p>\n<\/div>\n<div>\n<p>Blanche dijo que Comey enfrenta un cargo por <strong>\u00abhacer deliberadamente una amenaza de quitarle la vida e infligir da\u00f1o\u00bb <\/strong>a Trump y otro por hacer una amenaza interestatal.<\/p>\n<\/div>\n<div>\n<p>Cada uno de los cargos <strong>supone una pena de hasta 10 a\u00f1os de prisi\u00f3n.<\/strong><\/p>\n<\/div>\n<div>\n<p><strong>\u00abEs justo decir que amenazar la vida de alguien es peligroso y potencialmente un delito\u00bb,<\/strong> afirm\u00f3 Blanche.<\/p>\n<\/div>\n<div>\n<p>\n Comey explic\u00f3 que hab\u00eda publicado la foto de unas conchas que hab\u00eda visto durante un paseo por la playa.<\/p>\n<\/div>\n<div>\n<p>\u00abNo me di cuenta de que <strong>alguna gente asociar\u00eda esos n\u00fameros con violencia.<\/strong> Nunca se me ocurri\u00f3 pero<strong> me opongo a la violencia de cualquier tipo<\/strong> as\u00ed que elimin\u00e9 el mensaje\u00bb, dijo.<\/p>\n<\/div>\n<div>\n<p>La acusaci\u00f3n contra Comey se produce tres d\u00edas despu\u00e9s de que un hombre fuera arrestado por presuntamente intentar asesinar a Trump durante una cena en Washington organizada por la Asociaci\u00f3n de Corresponsales de la Casa Blanca.<\/p>\n<\/div>\n<div>\n<p>Comey, de 65 a\u00f1os, f<strong>ue acusado formalmente en septiembre de hacer declaraciones falsas al Congreso,<\/strong> en lo que muchos consideraron parte de una campa\u00f1a de represalia del presidente contra sus oponentes pol\u00edticos.<\/p>\n<\/div>\n<div>\n<p>\n Esa acusaci\u00f3n fue presentada d\u00edas despu\u00e9s de que Trump urgiera p\u00fablicamente a la entonces fiscal general Pam Bondi para que actuara en contra del exdirector del FBI.<\/p>\n<\/div>\n<div>\n<p>La jueza Cameron Currie desestim\u00f3 su caso con el argumento de que<strong> la fiscal designada por Trump que present\u00f3 los cargos, Lindsey Halligan, fue nombrada de manera ilegal.<\/strong><\/p>\n<\/div>\n<div>\n<p>Bondi fue despedida este mes, en parte debido a su <strong>fracaso a la hora de conseguir imputaciones contra los adversarios pol\u00edticos de Trump.<\/strong><\/p>\n<\/div>\n<div>\n<p>Comey fue nombrado como jefe del FBI en 2013 por el presidente<strong> Barack Obama<\/strong> y fue despedido por Trump en 2017.<\/p>\n<\/div>\n<div>\n<p>El magnate republicano<strong> lo sac\u00f3 del puesto en medio de una investigaci\u00f3n para determinar si alg\u00fan miembro de la campa\u00f1a presidencial de Trump hab\u00eda colaborado con Mosc\u00fa<\/strong> para arreglar la elecci\u00f3n que gan\u00f3 en 2016.<\/p>\n<\/div>\n<div>\n<p>\n El mismo d\u00eda de la nueva acusaci\u00f3n contra el exdirector del FBI, un juez determin\u00f3 que su hija Maurene Comey puede proceder con una demanda en la que alega que su despido como fiscal federal el a\u00f1o pasado tuvo motivaciones pol\u00edticas.<\/p>\n<\/div>\n<p><strong><a href=\"https:\/\/blockads.fivefilters.org\/\">Adblock test<\/a><\/strong> <a href=\"https:\/\/blockads.fivefilters.org\/acceptable.html\">(Why?)<\/a><\/p>\n<p>\u200b\u00a0\u00a0<\/p>","protected":false},"excerpt":{"rendered":"<p>El exdirector del FBI James Comey, un cr\u00edtico ac\u00e9rrimo de Donald Trump, fue acusado de&#8230;<\/p>\n","protected":false},"author":1,"featured_media":16740,"comment_status":"closed","ping_status":"closed","sticky":false,"template":"","format":"standard","meta":{"_jetpack_memberships_contains_paid_content":false,"footnotes":"","jetpack_publicize_message":"","jetpack_publicize_feature_enabled":true,"jetpack_social_post_already_shared":true,"jetpack_social_options":{"image_generator_settings":{"template":"highway","default_image_id":0,"font":"","enabled":false},"version":2}},"categories":[91],"tags":[],"class_list":["post-16739","post","type-post","status-publish","format-standard","has-post-thumbnail","hentry","category-internacionales"],"yoast_head":"<!-- This site is optimized with the Yoast SEO plugin v27.4 - https:\/\/yoast.com\/product\/yoast-seo-wordpress\/ -->\n<title>El ex director del FBI fue acusado de amenazar con matar a Trump: qu\u00e9 significan los n\u00fameros &quot;86 47&quot; por los que se lo denunci\u00f3 -<\/title>\n<meta name=\"robots\" content=\"index, follow, max-snippet:-1, max-image-preview:large, max-video-preview:-1\" \/>\n<link rel=\"canonical\" href=\"https:\/\/impactocastex.com.ar\/?p=16739\" \/>\n<meta property=\"og:locale\" content=\"es_ES\" \/>\n<meta property=\"og:type\" content=\"article\" \/>\n<meta property=\"og:title\" content=\"El ex director del FBI fue acusado de amenazar con matar a Trump: qu\u00e9 significan los n\u00fameros &quot;86 47&quot; por los que se lo denunci\u00f3 -\" \/>\n<meta property=\"og:description\" content=\"El exdirector del FBI James Comey, un cr\u00edtico ac\u00e9rrimo de Donald Trump, fue acusado de...\" \/>\n<meta property=\"og:url\" content=\"https:\/\/impactocastex.com.ar\/?p=16739\" \/>\n<meta property=\"article:publisher\" content=\"https:\/\/www.facebook.com\/impactocastexdiario\" \/>\n<meta property=\"article:published_time\" content=\"2026-04-29T00:37:02+00:00\" \/>\n<meta property=\"og:image\" content=\"https:\/\/www.clarin.com\/img\/2026\/04\/28\/ewL-23vnx_2000x1500__1.jpg\" \/>\n<meta name=\"author\" content=\"impactocastex\" \/>\n<meta name=\"twitter:card\" content=\"summary_large_image\" \/>\n<meta name=\"twitter:label1\" content=\"Escrito por\" \/>\n\t<meta name=\"twitter:data1\" content=\"impactocastex\" \/>\n\t<meta name=\"twitter:label2\" content=\"Tiempo de lectura\" \/>\n\t<meta name=\"twitter:data2\" content=\"3 minutos\" \/>\n<script type=\"application\/ld+json\" class=\"yoast-schema-graph\">{\"@context\":\"https:\\\/\\\/schema.org\",\"@graph\":[{\"@type\":\"Article\",\"@id\":\"https:\\\/\\\/impactocastex.com.ar\\\/?p=16739#article\",\"isPartOf\":{\"@id\":\"https:\\\/\\\/impactocastex.com.ar\\\/?p=16739\"},\"author\":{\"name\":\"impactocastex\",\"@id\":\"https:\\\/\\\/impactocastex.com.ar\\\/#\\\/schema\\\/person\\\/86cb4f827fb5f87869a239b98a69c6e3\"},\"headline\":\"El ex director del FBI fue acusado de amenazar con matar a Trump: qu\u00e9 significan los n\u00fameros \u00ab86 47\u00bb por los que se lo denunci\u00f3\",\"datePublished\":\"2026-04-29T00:37:02+00:00\",\"mainEntityOfPage\":{\"@id\":\"https:\\\/\\\/impactocastex.com.ar\\\/?p=16739\"},\"wordCount\":597,\"publisher\":{\"@id\":\"https:\\\/\\\/impactocastex.com.ar\\\/#organization\"},\"image\":{\"@id\":\"https:\\\/\\\/impactocastex.com.ar\\\/?p=16739#primaryimage\"},\"thumbnailUrl\":\"https:\\\/\\\/impactocastex.com.ar\\\/wp-content\\\/uploads\\\/2026\\\/04\\\/ewL-23vnx_1200x630__1-w3kSTa.jpg\",\"articleSection\":[\"INTERNACIONALES\"],\"inLanguage\":\"es\"},{\"@type\":\"WebPage\",\"@id\":\"https:\\\/\\\/impactocastex.com.ar\\\/?p=16739\",\"url\":\"https:\\\/\\\/impactocastex.com.ar\\\/?p=16739\",\"name\":\"El ex director del FBI fue acusado de amenazar con matar a Trump: qu\u00e9 significan los n\u00fameros \\\"86 47\\\" por los que se lo denunci\u00f3 -\",\"isPartOf\":{\"@id\":\"https:\\\/\\\/impactocastex.com.ar\\\/#website\"},\"primaryImageOfPage\":{\"@id\":\"https:\\\/\\\/impactocastex.com.ar\\\/?p=16739#primaryimage\"},\"image\":{\"@id\":\"https:\\\/\\\/impactocastex.com.ar\\\/?p=16739#primaryimage\"},\"thumbnailUrl\":\"https:\\\/\\\/impactocastex.com.ar\\\/wp-content\\\/uploads\\\/2026\\\/04\\\/ewL-23vnx_1200x630__1-w3kSTa.jpg\",\"datePublished\":\"2026-04-29T00:37:02+00:00\",\"breadcrumb\":{\"@id\":\"https:\\\/\\\/impactocastex.com.ar\\\/?p=16739#breadcrumb\"},\"inLanguage\":\"es\",\"potentialAction\":[{\"@type\":\"ReadAction\",\"target\":[\"https:\\\/\\\/impactocastex.com.ar\\\/?p=16739\"]}]},{\"@type\":\"ImageObject\",\"inLanguage\":\"es\",\"@id\":\"https:\\\/\\\/impactocastex.com.ar\\\/?p=16739#primaryimage\",\"url\":\"https:\\\/\\\/impactocastex.com.ar\\\/wp-content\\\/uploads\\\/2026\\\/04\\\/ewL-23vnx_1200x630__1-w3kSTa.jpg\",\"contentUrl\":\"https:\\\/\\\/impactocastex.com.ar\\\/wp-content\\\/uploads\\\/2026\\\/04\\\/ewL-23vnx_1200x630__1-w3kSTa.jpg\",\"width\":1200,\"height\":630},{\"@type\":\"BreadcrumbList\",\"@id\":\"https:\\\/\\\/impactocastex.com.ar\\\/?p=16739#breadcrumb\",\"itemListElement\":[{\"@type\":\"ListItem\",\"position\":1,\"name\":\"Portada\",\"item\":\"https:\\\/\\\/impactocastex.com.ar\\\/\"},{\"@type\":\"ListItem\",\"position\":2,\"name\":\"El ex director del FBI fue acusado de amenazar con matar a Trump: qu\u00e9 significan los n\u00fameros \u00ab86 47\u00bb por los que se lo denunci\u00f3\"}]},{\"@type\":\"WebSite\",\"@id\":\"https:\\\/\\\/impactocastex.com.ar\\\/#website\",\"url\":\"https:\\\/\\\/impactocastex.com.ar\\\/\",\"name\":\"Impacto Castex\",\"description\":\"\",\"publisher\":{\"@id\":\"https:\\\/\\\/impactocastex.com.ar\\\/#organization\"},\"potentialAction\":[{\"@type\":\"SearchAction\",\"target\":{\"@type\":\"EntryPoint\",\"urlTemplate\":\"https:\\\/\\\/impactocastex.com.ar\\\/?s={search_term_string}\"},\"query-input\":{\"@type\":\"PropertyValueSpecification\",\"valueRequired\":true,\"valueName\":\"search_term_string\"}}],\"inLanguage\":\"es\"},{\"@type\":\"Organization\",\"@id\":\"https:\\\/\\\/impactocastex.com.ar\\\/#organization\",\"name\":\"Impacto Castex\",\"url\":\"https:\\\/\\\/impactocastex.com.ar\\\/\",\"logo\":{\"@type\":\"ImageObject\",\"inLanguage\":\"es\",\"@id\":\"https:\\\/\\\/impactocastex.com.ar\\\/#\\\/schema\\\/logo\\\/image\\\/\",\"url\":\"https:\\\/\\\/impactocastex.com.ar\\\/wp-content\\\/uploads\\\/2025\\\/09\\\/cropped-icoweb.png\",\"contentUrl\":\"https:\\\/\\\/impactocastex.com.ar\\\/wp-content\\\/uploads\\\/2025\\\/09\\\/cropped-icoweb.png\",\"width\":512,\"height\":512,\"caption\":\"Impacto Castex\"},\"image\":{\"@id\":\"https:\\\/\\\/impactocastex.com.ar\\\/#\\\/schema\\\/logo\\\/image\\\/\"},\"sameAs\":[\"https:\\\/\\\/www.facebook.com\\\/impactocastexdiario\",\"https:\\\/\\\/www.instagram.com\\\/impactocastex.com.ar\\\/\"]},{\"@type\":\"Person\",\"@id\":\"https:\\\/\\\/impactocastex.com.ar\\\/#\\\/schema\\\/person\\\/86cb4f827fb5f87869a239b98a69c6e3\",\"name\":\"impactocastex\",\"image\":{\"@type\":\"ImageObject\",\"inLanguage\":\"es\",\"@id\":\"https:\\\/\\\/secure.gravatar.com\\\/avatar\\\/9a87ee051ca8c77f5d4070843ce2c78cdf95b858b950fb039151de955122f5f5?s=96&d=mm&r=g\",\"url\":\"https:\\\/\\\/secure.gravatar.com\\\/avatar\\\/9a87ee051ca8c77f5d4070843ce2c78cdf95b858b950fb039151de955122f5f5?s=96&d=mm&r=g\",\"contentUrl\":\"https:\\\/\\\/secure.gravatar.com\\\/avatar\\\/9a87ee051ca8c77f5d4070843ce2c78cdf95b858b950fb039151de955122f5f5?s=96&d=mm&r=g\",\"caption\":\"impactocastex\"},\"sameAs\":[\"https:\\\/\\\/impactocastex.com.ar\"],\"url\":\"https:\\\/\\\/impactocastex.com.ar\\\/?author=1\"}]}<\/script>\n<!-- \/ Yoast SEO plugin. -->","yoast_head_json":{"title":"El ex director del FBI fue acusado de amenazar con matar a Trump: qu\u00e9 significan los n\u00fameros \"86 47\" por los que se lo denunci\u00f3 -","robots":{"index":"index","follow":"follow","max-snippet":"max-snippet:-1","max-image-preview":"max-image-preview:large","max-video-preview":"max-video-preview:-1"},"canonical":"https:\/\/impactocastex.com.ar\/?p=16739","og_locale":"es_ES","og_type":"article","og_title":"El ex director del FBI fue acusado de amenazar con matar a Trump: qu\u00e9 significan los n\u00fameros \"86 47\" por los que se lo denunci\u00f3 -","og_description":"El exdirector del FBI James Comey, un cr\u00edtico ac\u00e9rrimo de Donald Trump, fue acusado de...","og_url":"https:\/\/impactocastex.com.ar\/?p=16739","article_publisher":"https:\/\/www.facebook.com\/impactocastexdiario","article_published_time":"2026-04-29T00:37:02+00:00","og_image":[{"url":"https:\/\/www.clarin.com\/img\/2026\/04\/28\/ewL-23vnx_2000x1500__1.jpg","type":"","width":"","height":""}],"author":"impactocastex","twitter_card":"summary_large_image","twitter_misc":{"Escrito por":"impactocastex","Tiempo de lectura":"3 minutos"},"schema":{"@context":"https:\/\/schema.org","@graph":[{"@type":"Article","@id":"https:\/\/impactocastex.com.ar\/?p=16739#article","isPartOf":{"@id":"https:\/\/impactocastex.com.ar\/?p=16739"},"author":{"name":"impactocastex","@id":"https:\/\/impactocastex.com.ar\/#\/schema\/person\/86cb4f827fb5f87869a239b98a69c6e3"},"headline":"El ex director del FBI fue acusado de amenazar con matar a Trump: qu\u00e9 significan los n\u00fameros \u00ab86 47\u00bb por los que se lo denunci\u00f3","datePublished":"2026-04-29T00:37:02+00:00","mainEntityOfPage":{"@id":"https:\/\/impactocastex.com.ar\/?p=16739"},"wordCount":597,"publisher":{"@id":"https:\/\/impactocastex.com.ar\/#organization"},"image":{"@id":"https:\/\/impactocastex.com.ar\/?p=16739#primaryimage"},"thumbnailUrl":"https:\/\/impactocastex.com.ar\/wp-content\/uploads\/2026\/04\/ewL-23vnx_1200x630__1-w3kSTa.jpg","articleSection":["INTERNACIONALES"],"inLanguage":"es"},{"@type":"WebPage","@id":"https:\/\/impactocastex.com.ar\/?p=16739","url":"https:\/\/impactocastex.com.ar\/?p=16739","name":"El ex director del FBI fue acusado de amenazar con matar a Trump: qu\u00e9 significan los n\u00fameros \"86 47\" por los que se lo denunci\u00f3 -","isPartOf":{"@id":"https:\/\/impactocastex.com.ar\/#website"},"primaryImageOfPage":{"@id":"https:\/\/impactocastex.com.ar\/?p=16739#primaryimage"},"image":{"@id":"https:\/\/impactocastex.com.ar\/?p=16739#primaryimage"},"thumbnailUrl":"https:\/\/impactocastex.com.ar\/wp-content\/uploads\/2026\/04\/ewL-23vnx_1200x630__1-w3kSTa.jpg","datePublished":"2026-04-29T00:37:02+00:00","breadcrumb":{"@id":"https:\/\/impactocastex.com.ar\/?p=16739#breadcrumb"},"inLanguage":"es","potentialAction":[{"@type":"ReadAction","target":["https:\/\/impactocastex.com.ar\/?p=16739"]}]},{"@type":"ImageObject","inLanguage":"es","@id":"https:\/\/impactocastex.com.ar\/?p=16739#primaryimage","url":"https:\/\/impactocastex.com.ar\/wp-content\/uploads\/2026\/04\/ewL-23vnx_1200x630__1-w3kSTa.jpg","contentUrl":"https:\/\/impactocastex.com.ar\/wp-content\/uploads\/2026\/04\/ewL-23vnx_1200x630__1-w3kSTa.jpg","width":1200,"height":630},{"@type":"BreadcrumbList","@id":"https:\/\/impactocastex.com.ar\/?p=16739#breadcrumb","itemListElement":[{"@type":"ListItem","position":1,"name":"Portada","item":"https:\/\/impactocastex.com.ar\/"},{"@type":"ListItem","position":2,"name":"El ex director del FBI fue acusado de amenazar con matar a Trump: qu\u00e9 significan los n\u00fameros \u00ab86 47\u00bb por los que se lo denunci\u00f3"}]},{"@type":"WebSite","@id":"https:\/\/impactocastex.com.ar\/#website","url":"https:\/\/impactocastex.com.ar\/","name":"Impacto Castex","description":"","publisher":{"@id":"https:\/\/impactocastex.com.ar\/#organization"},"potentialAction":[{"@type":"SearchAction","target":{"@type":"EntryPoint","urlTemplate":"https:\/\/impactocastex.com.ar\/?s={search_term_string}"},"query-input":{"@type":"PropertyValueSpecification","valueRequired":true,"valueName":"search_term_string"}}],"inLanguage":"es"},{"@type":"Organization","@id":"https:\/\/impactocastex.com.ar\/#organization","name":"Impacto Castex","url":"https:\/\/impactocastex.com.ar\/","logo":{"@type":"ImageObject","inLanguage":"es","@id":"https:\/\/impactocastex.com.ar\/#\/schema\/logo\/image\/","url":"https:\/\/impactocastex.com.ar\/wp-content\/uploads\/2025\/09\/cropped-icoweb.png","contentUrl":"https:\/\/impactocastex.com.ar\/wp-content\/uploads\/2025\/09\/cropped-icoweb.png","width":512,"height":512,"caption":"Impacto Castex"},"image":{"@id":"https:\/\/impactocastex.com.ar\/#\/schema\/logo\/image\/"},"sameAs":["https:\/\/www.facebook.com\/impactocastexdiario","https:\/\/www.instagram.com\/impactocastex.com.ar\/"]},{"@type":"Person","@id":"https:\/\/impactocastex.com.ar\/#\/schema\/person\/86cb4f827fb5f87869a239b98a69c6e3","name":"impactocastex","image":{"@type":"ImageObject","inLanguage":"es","@id":"https:\/\/secure.gravatar.com\/avatar\/9a87ee051ca8c77f5d4070843ce2c78cdf95b858b950fb039151de955122f5f5?s=96&d=mm&r=g","url":"https:\/\/secure.gravatar.com\/avatar\/9a87ee051ca8c77f5d4070843ce2c78cdf95b858b950fb039151de955122f5f5?s=96&d=mm&r=g","contentUrl":"https:\/\/secure.gravatar.com\/avatar\/9a87ee051ca8c77f5d4070843ce2c78cdf95b858b950fb039151de955122f5f5?s=96&d=mm&r=g","caption":"impactocastex"},"sameAs":["https:\/\/impactocastex.com.ar"],"url":"https:\/\/impactocastex.com.ar\/?author=1"}]}},"jetpack_publicize_connections":[],"featured_image_urls":{"full":["https:\/\/impactocastex.com.ar\/wp-content\/uploads\/2026\/04\/ewL-23vnx_1200x630__1-w3kSTa.jpg",1200,630,false],"thumbnail":["https:\/\/impactocastex.com.ar\/wp-content\/uploads\/2026\/04\/ewL-23vnx_1200x630__1-w3kSTa-150x150.jpg",150,150,true],"medium":["https:\/\/impactocastex.com.ar\/wp-content\/uploads\/2026\/04\/ewL-23vnx_1200x630__1-w3kSTa-300x158.jpg",300,158,true],"medium_large":["https:\/\/impactocastex.com.ar\/wp-content\/uploads\/2026\/04\/ewL-23vnx_1200x630__1-w3kSTa-768x403.jpg",640,336,true],"large":["https:\/\/impactocastex.com.ar\/wp-content\/uploads\/2026\/04\/ewL-23vnx_1200x630__1-w3kSTa-1024x538.jpg",640,336,true],"1536x1536":["https:\/\/impactocastex.com.ar\/wp-content\/uploads\/2026\/04\/ewL-23vnx_1200x630__1-w3kSTa.jpg",1200,630,false],"2048x2048":["https:\/\/impactocastex.com.ar\/wp-content\/uploads\/2026\/04\/ewL-23vnx_1200x630__1-w3kSTa.jpg",1200,630,false],"newsever-slider-full":["https:\/\/impactocastex.com.ar\/wp-content\/uploads\/2026\/04\/ewL-23vnx_1200x630__1-w3kSTa.jpg",1200,630,false],"newsever-featured":["https:\/\/impactocastex.com.ar\/wp-content\/uploads\/2026\/04\/ewL-23vnx_1200x630__1-w3kSTa-1024x538.jpg",1024,538,true],"newsever-medium":["https:\/\/impactocastex.com.ar\/wp-content\/uploads\/2026\/04\/ewL-23vnx_1200x630__1-w3kSTa-720x475.jpg",720,475,true]},"author_info":{"info":["impactocastex"]},"category_info":"<a href=\"https:\/\/impactocastex.com.ar\/?cat=91\" rel=\"category\">INTERNACIONALES<\/a>","tag_info":"INTERNACIONALES","comment_count":0,"jetpack_featured_media_url":"https:\/\/impactocastex.com.ar\/wp-content\/uploads\/2026\/04\/ewL-23vnx_1200x630__1-w3kSTa.jpg","jetpack_sharing_enabled":true,"jetpack_likes_enabled":true,"jetpack_shortlink":"https:\/\/wp.me\/p7sopA-4lZ","_links":{"self":[{"href":"https:\/\/impactocastex.com.ar\/index.php?rest_route=\/wp\/v2\/posts\/16739","targetHints":{"allow":["GET"]}}],"collection":[{"href":"https:\/\/impactocastex.com.ar\/index.php?rest_route=\/wp\/v2\/posts"}],"about":[{"href":"https:\/\/impactocastex.com.ar\/index.php?rest_route=\/wp\/v2\/types\/post"}],"author":[{"embeddable":true,"href":"https:\/\/impactocastex.com.ar\/index.php?rest_route=\/wp\/v2\/users\/1"}],"replies":[{"embeddable":true,"href":"https:\/\/impactocastex.com.ar\/index.php?rest_route=%2Fwp%2Fv2%2Fcomments&post=16739"}],"version-history":[{"count":0,"href":"https:\/\/impactocastex.com.ar\/index.php?rest_route=\/wp\/v2\/posts\/16739\/revisions"}],"wp:featuredmedia":[{"embeddable":true,"href":"https:\/\/impactocastex.com.ar\/index.php?rest_route=\/wp\/v2\/media\/16740"}],"wp:attachment":[{"href":"https:\/\/impactocastex.com.ar\/index.php?rest_route=%2Fwp%2Fv2%2Fmedia&parent=16739"}],"wp:term":[{"taxonomy":"category","embeddable":true,"href":"https:\/\/impactocastex.com.ar\/index.php?rest_route=%2Fwp%2Fv2%2Fcategories&post=16739"},{"taxonomy":"post_tag","embeddable":true,"href":"https:\/\/impactocastex.com.ar\/index.php?rest_route=%2Fwp%2Fv2%2Ftags&post=16739"}],"curies":[{"name":"wp","href":"https:\/\/api.w.org\/{rel}","templated":true}]}}