{"id":16735,"date":"2026-04-29T03:00:00","date_gmt":"2026-04-29T06:00:00","guid":{"rendered":"https:\/\/impactocastex.com.ar\/?p=16735"},"modified":"2026-04-29T03:00:00","modified_gmt":"2026-04-29T06:00:00","slug":"christina-koch-astronauta-de-artemis-ii-la-luna-es-la-encarnacion-de-algo-que-esta-en-el-corazon-de-cada-uno-de-nosotros","status":"publish","type":"post","link":"https:\/\/impactocastex.com.ar\/?p=16735","title":{"rendered":"Christina Koch, astronauta de Artemis II: \u201cLa Luna es la encarnaci\u00f3n de algo que est\u00e1 en el coraz\u00f3n de cada uno de nosotros\u201d"},"content":{"rendered":"<p>Tras el<a href=\"https:\/\/www.lanacion.com.ar\/ciencia\/el-procedimiento-que-seguiran-los-astronautas-de-artemis-ii-en-tierra-chequeos-medicos-supervision-y-nid10042026\/\" rel=\"\"> <b>regreso de los astronautas de la misi\u00f3n Artemis II<\/b><\/a>, los tripulantes de la c\u00e1psula Ori\u00f3n debieron someterse a pruebas especificas, ya que cuerpos sufren cambios f\u00edsicos profundos e inmediatos, por lo tanto requieren un <b>proceso de readaptaci\u00f3n que puede extenderse por semanas<\/b>.<\/p>\n<p>Los cuatro astronautas que formaron parte de parte de la misi\u00f3n Artemis II brindaron una conferencia de prensa para relatar las momentos mas destacados durante el viaje.<\/p>\n<p><img loading=\"lazy\" decoding=\"async\" src=\"https:\/\/resizer.glanacion.com\/resizer\/v2\/WYZYHFUE25GDBD333Y62ORK42I.jpg?auth=937ed48a70d1eb8d0974ad22c85bfdb7d070dd5948f7519f42f12ab5c57f5109&amp;smart=true&amp;width=2047&amp;height=1266\" alt=\"El piloto Victor Glover y la especialista de misi\u00f3n Christina Koch tras finalizar la misi\u00f3n Artemis II\" height=\"1266\" width=\"2047\" \/><\/p>\n<p>En este contexto, Christina Koch, una de las tripulantes de la misi\u00f3n relat\u00f3 la emoci\u00f3n de formar parte de esta misi\u00f3n. \u201cLa Luna es la encarnaci\u00f3n de algo que est\u00e1 en el coraz\u00f3n de cada uno de nosotros\u201d, reflexion\u00f3.<\/p>\n<p>Asimismo, la astronauta comparti\u00f3 un video en su cuenta oficial de Instagram donde se la ve realizando ejercicios especificos tras su viaje a la luna. <b>\u201cSupongo que tendr\u00e9 que esperar un poco para volver a surfear\u201d<\/b>, escribi\u00f3 la ingeniera estadounidense.<\/p>\n<blockquote class=\"instagram-media\" data-instgrm-captioned data-instgrm-permalink=\"https:\/\/www.instagram.com\/reel\/DXPo0EMEVy_\/?utm_source=ig_embed&amp;utm_campaign=loading\" data-instgrm-version=\"14\">\n<div> <a href=\"https:\/\/www.instagram.com\/reel\/DXPo0EMEVy_\/?utm_source=ig_embed&amp;utm_campaign=loading\" target=\"_blank\"> \n<div>\n<div><\/div>\n<div>\n<div><\/div>\n<div><\/div>\n<\/div>\n<\/div>\n<div><\/div>\n<div><\/div>\n<div>\n<div>View this post on Instagram<\/div>\n<\/div>\n<div><\/div>\n<div>\n<div>\n<div><\/div>\n<div><\/div>\n<div><\/div>\n<\/div>\n<div>\n<div><\/div>\n<div><\/div>\n<\/div>\n<div>\n<div><\/div>\n<div><\/div>\n<div><\/div>\n<\/div>\n<\/div>\n<div>\n<div><\/div>\n<div><\/div>\n<\/div>\n<p><\/p><\/a><\/div>\n<\/blockquote>\n<p>Para explicar esta fase, sostuvo: \u201cCuando vivimos en microgravedad, los sistemas de nuestro cuerpo que han evolucionado para informar a nuestro cerebro sobre nuestros movimientos, los \u00f3rganos vestibulares, no funcionan correctamente.\u201d<\/p>\n<p>En el video que comparti\u00f3 se la puede ver intentando caminar en l\u00ednea recta con los ojos cerrados, mientras dos personas la sostienen, una actividad que le resulta dif\u00edcil tras el viaje.<\/p>\n<p>\u201c\u00a1Caminar en t\u00e1ndem con los ojos cerrados puede ser todo un desaf\u00edo! Aprender sobre esto puede ayudarnos a mejorar el tratamiento del v\u00e9rtigo, las conmociones cerebrales y otras afecciones neurovestibulares en la Tierra\u201d, subray\u00f3 la astronauta de la NASA.<\/p>\n<p><img loading=\"lazy\" decoding=\"async\" src=\"https:\/\/resizer.glanacion.com\/resizer\/v2\/LLC3CTPFJJDIVFZCYZCONRQ5RE.jpg?auth=c3cc875856105948d5d2f78ceb567fee8a23ed41e8f751ff068d6a84a97be1be&amp;smart=true&amp;width=2000&amp;height=1333\" alt=\"Christina Koch\" height=\"1333\" width=\"2000\" \/><\/p>\n<h1>La reacci\u00f3n del cuerpo humano al cambio de gravedad<\/h1>\n<p>Uno de los principales factores que explica los cambios es la<b> ausencia de gravedad<\/b>, ya que en ese entorno, el cuerpo deja de trabajar como lo hace en la Tierra y eso genera m\u00faltiples consecuencias. <\/p>\n<p>Seg\u00fan explic\u00f3 el m\u00e9dico cardi\u00f3logo <a href=\"https:\/\/www.lanacion.com.ar\/ciencia\/cuales-son-los-cambios-fisicos-que-experimentan-los-astronautas-de-artemis-ii-ahora-en-la-tierra-nid20042026\/\" target=\"_self\" rel=\"\" title=\"https:\/\/www.lanacion.com.ar\/ciencia\/cuales-son-los-cambios-fisicos-que-experimentan-los-astronautas-de-artemis-ii-ahora-en-la-tierra-nid20042026\/\"><b>Jorge Tartaglione<\/b><\/a><b> <\/b>en<i> LN+<\/i>, los tripulantes deben someterse a pruebas antes y desp\u00faes de la misi\u00f3n. <b>\u201cTienen que estar preparados psicol\u00f3gicamente para estar aislados y f\u00edsicamente para no perder fuerza muscular\u201d<\/b>, detall\u00f3.<\/p>\n<figure><video height=\"720\" width=\"1280\" poster=\"https:\/\/cdn.jwplayer.com\/v2\/media\/SLIo7DEz\/poster.jpg?width=1280\" preload=\"none\"><\/video><figcaption>Jorge Tartaglione <\/figcaption><\/figure>\n<p><a href=\"https:\/\/www.lanacion.com.ar\/el-mundo\/a-que-hora-es-el-regreso-del-artemis-ii-y-por-donde-se-puede-ver-en-vivo-la-mision-de-la-nasa-nid10042026\/\" rel=\"\" title=\"https:\/\/www.lanacion.com.ar\/el-mundo\/a-que-hora-es-el-regreso-del-artemis-ii-y-por-donde-se-puede-ver-en-vivo-la-mision-de-la-nasa-nid10042026\/\"><b>\u201cVan a perder much\u00edsima fuerza muscular\u201d<\/b><\/a>, advirti\u00f3 Tartaglione, al explicar que <b>en apenas 10 d\u00edas pueden sufrir una reducci\u00f3n de entre el 1% y el 2% de la masa muscular<\/b>, especialmente en piernas y espalda.<\/p>\n<p>Adem\u00e1s, se\u00f1al\u00f3 que tambi\u00e9n se produce <b>una p\u00e9rdida de densidad \u00f3sea similar a una osteoporosis acelerada<\/b>, debido a la falta de carga sobre el esqueleto y la menor exposici\u00f3n a la vitamina D.<\/p>\n<p>Al regresar a la Tierra, uno de los mayores desaf\u00edos es recuperar el equilibrio, ya que en microgravedad, el cuerpo pierde la referencia del centro de gravedad, lo que afecta la <a href=\"https:\/\/www.lanacion.com.ar\/el-mundo\/artemis-ii-cuando-y-a-que-hora-vuelven-los-astronautas-de-la-nasa-a-la-tierra-nid10042026\/\" rel=\"\" title=\"https:\/\/www.lanacion.com.ar\/el-mundo\/artemis-ii-cuando-y-a-que-hora-vuelven-los-astronautas-de-la-nasa-a-la-tierra-nid10042026\/\"><b>orientaci\u00f3n espacial<\/b><\/a>.<\/p>\n<p><b>\u201cNo es que se olvidan de caminar, pero no pueden mantener el equilibrio\u201d<\/b>, indic\u00f3 el experto y remarc\u00f3 posibles alteraciones visuales y explic\u00f3 que <b>puede aumentar la presi\u00f3n intracraneana<\/b>, lo que impacta sobre el nervio \u00f3ptico y puede generar problemas en la visi\u00f3n.<\/p>\n<p>\u200bA tan solo d\u00edas del regreso de la c\u00e1psula Ori\u00f3n, una de las tripulantes de la misi\u00f3n a la Luna, comparti\u00f3 un video donde muestra su proceso de readaptaci\u00f3n\u00a0\u00a0<\/p>","protected":false},"excerpt":{"rendered":"<p>Tras el regreso de los astronautas de la misi\u00f3n Artemis II, los tripulantes de la&#8230;<\/p>\n","protected":false},"author":1,"featured_media":16736,"comment_status":"closed","ping_status":"closed","sticky":false,"template":"","format":"standard","meta":{"_jetpack_memberships_contains_paid_content":false,"footnotes":"","jetpack_publicize_message":"","jetpack_publicize_feature_enabled":true,"jetpack_social_post_already_shared":true,"jetpack_social_options":{"image_generator_settings":{"template":"highway","default_image_id":0,"font":"","enabled":false},"version":2}},"categories":[89],"tags":[],"class_list":["post-16735","post","type-post","status-publish","format-standard","has-post-thumbnail","hentry","category-nacionales"],"yoast_head":"<!-- This site is optimized with the Yoast SEO plugin v27.4 - https:\/\/yoast.com\/product\/yoast-seo-wordpress\/ -->\n<title>Christina Koch, astronauta de Artemis II: \u201cLa Luna es la encarnaci\u00f3n de algo que est\u00e1 en el coraz\u00f3n de cada uno de nosotros\u201d -<\/title>\n<meta name=\"robots\" content=\"index, follow, max-snippet:-1, max-image-preview:large, max-video-preview:-1\" \/>\n<link rel=\"canonical\" href=\"https:\/\/impactocastex.com.ar\/?p=16735\" \/>\n<meta property=\"og:locale\" content=\"es_ES\" \/>\n<meta property=\"og:type\" content=\"article\" \/>\n<meta property=\"og:title\" content=\"Christina Koch, astronauta de Artemis II: \u201cLa Luna es la encarnaci\u00f3n de algo que est\u00e1 en el coraz\u00f3n de cada uno de nosotros\u201d -\" \/>\n<meta property=\"og:description\" content=\"Tras el regreso de los astronautas de la misi\u00f3n Artemis II, los tripulantes de la...\" \/>\n<meta property=\"og:url\" content=\"https:\/\/impactocastex.com.ar\/?p=16735\" \/>\n<meta property=\"article:publisher\" content=\"https:\/\/www.facebook.com\/impactocastexdiario\" \/>\n<meta property=\"article:published_time\" content=\"2026-04-29T06:00:00+00:00\" \/>\n<meta property=\"og:image\" content=\"https:\/\/resizer.glanacion.com\/resizer\/v2\/WYZYHFUE25GDBD333Y62ORK42I.jpg?auth=937ed48a70d1eb8d0974ad22c85bfdb7d070dd5948f7519f42f12ab5c57f5109&amp;smart=true&amp;width=2047&amp;height=1266\" \/>\n<meta name=\"author\" content=\"impactocastex\" \/>\n<meta name=\"twitter:card\" content=\"summary_large_image\" \/>\n<meta name=\"twitter:label1\" content=\"Escrito por\" \/>\n\t<meta name=\"twitter:data1\" content=\"impactocastex\" \/>\n\t<meta name=\"twitter:label2\" content=\"Tiempo de lectura\" \/>\n\t<meta name=\"twitter:data2\" content=\"3 minutos\" \/>\n<script type=\"application\/ld+json\" class=\"yoast-schema-graph\">{\"@context\":\"https:\\\/\\\/schema.org\",\"@graph\":[{\"@type\":\"Article\",\"@id\":\"https:\\\/\\\/impactocastex.com.ar\\\/?p=16735#article\",\"isPartOf\":{\"@id\":\"https:\\\/\\\/impactocastex.com.ar\\\/?p=16735\"},\"author\":{\"name\":\"impactocastex\",\"@id\":\"https:\\\/\\\/impactocastex.com.ar\\\/#\\\/schema\\\/person\\\/86cb4f827fb5f87869a239b98a69c6e3\"},\"headline\":\"Christina Koch, astronauta de Artemis II: \u201cLa Luna es la encarnaci\u00f3n de algo que est\u00e1 en el coraz\u00f3n de cada uno de nosotros\u201d\",\"datePublished\":\"2026-04-29T06:00:00+00:00\",\"mainEntityOfPage\":{\"@id\":\"https:\\\/\\\/impactocastex.com.ar\\\/?p=16735\"},\"wordCount\":577,\"publisher\":{\"@id\":\"https:\\\/\\\/impactocastex.com.ar\\\/#organization\"},\"image\":{\"@id\":\"https:\\\/\\\/impactocastex.com.ar\\\/?p=16735#primaryimage\"},\"thumbnailUrl\":\"https:\\\/\\\/impactocastex.com.ar\\\/wp-content\\\/uploads\\\/2026\\\/04\\\/DHCLUMT6ERATRAHGRQUTOKCH5Y-k0zktH.jpg\",\"articleSection\":[\"NACIONALES\"],\"inLanguage\":\"es\"},{\"@type\":\"WebPage\",\"@id\":\"https:\\\/\\\/impactocastex.com.ar\\\/?p=16735\",\"url\":\"https:\\\/\\\/impactocastex.com.ar\\\/?p=16735\",\"name\":\"Christina Koch, astronauta de Artemis II: \u201cLa Luna es la encarnaci\u00f3n de algo que est\u00e1 en el coraz\u00f3n de cada uno de nosotros\u201d -\",\"isPartOf\":{\"@id\":\"https:\\\/\\\/impactocastex.com.ar\\\/#website\"},\"primaryImageOfPage\":{\"@id\":\"https:\\\/\\\/impactocastex.com.ar\\\/?p=16735#primaryimage\"},\"image\":{\"@id\":\"https:\\\/\\\/impactocastex.com.ar\\\/?p=16735#primaryimage\"},\"thumbnailUrl\":\"https:\\\/\\\/impactocastex.com.ar\\\/wp-content\\\/uploads\\\/2026\\\/04\\\/DHCLUMT6ERATRAHGRQUTOKCH5Y-k0zktH.jpg\",\"datePublished\":\"2026-04-29T06:00:00+00:00\",\"breadcrumb\":{\"@id\":\"https:\\\/\\\/impactocastex.com.ar\\\/?p=16735#breadcrumb\"},\"inLanguage\":\"es\",\"potentialAction\":[{\"@type\":\"ReadAction\",\"target\":[\"https:\\\/\\\/impactocastex.com.ar\\\/?p=16735\"]}]},{\"@type\":\"ImageObject\",\"inLanguage\":\"es\",\"@id\":\"https:\\\/\\\/impactocastex.com.ar\\\/?p=16735#primaryimage\",\"url\":\"https:\\\/\\\/impactocastex.com.ar\\\/wp-content\\\/uploads\\\/2026\\\/04\\\/DHCLUMT6ERATRAHGRQUTOKCH5Y-k0zktH.jpg\",\"contentUrl\":\"https:\\\/\\\/impactocastex.com.ar\\\/wp-content\\\/uploads\\\/2026\\\/04\\\/DHCLUMT6ERATRAHGRQUTOKCH5Y-k0zktH.jpg\",\"width\":2000,\"height\":1333},{\"@type\":\"BreadcrumbList\",\"@id\":\"https:\\\/\\\/impactocastex.com.ar\\\/?p=16735#breadcrumb\",\"itemListElement\":[{\"@type\":\"ListItem\",\"position\":1,\"name\":\"Portada\",\"item\":\"https:\\\/\\\/impactocastex.com.ar\\\/\"},{\"@type\":\"ListItem\",\"position\":2,\"name\":\"Christina Koch, astronauta de Artemis II: \u201cLa Luna es la encarnaci\u00f3n de algo que est\u00e1 en el coraz\u00f3n de cada uno de nosotros\u201d\"}]},{\"@type\":\"WebSite\",\"@id\":\"https:\\\/\\\/impactocastex.com.ar\\\/#website\",\"url\":\"https:\\\/\\\/impactocastex.com.ar\\\/\",\"name\":\"Impacto Castex\",\"description\":\"\",\"publisher\":{\"@id\":\"https:\\\/\\\/impactocastex.com.ar\\\/#organization\"},\"potentialAction\":[{\"@type\":\"SearchAction\",\"target\":{\"@type\":\"EntryPoint\",\"urlTemplate\":\"https:\\\/\\\/impactocastex.com.ar\\\/?s={search_term_string}\"},\"query-input\":{\"@type\":\"PropertyValueSpecification\",\"valueRequired\":true,\"valueName\":\"search_term_string\"}}],\"inLanguage\":\"es\"},{\"@type\":\"Organization\",\"@id\":\"https:\\\/\\\/impactocastex.com.ar\\\/#organization\",\"name\":\"Impacto Castex\",\"url\":\"https:\\\/\\\/impactocastex.com.ar\\\/\",\"logo\":{\"@type\":\"ImageObject\",\"inLanguage\":\"es\",\"@id\":\"https:\\\/\\\/impactocastex.com.ar\\\/#\\\/schema\\\/logo\\\/image\\\/\",\"url\":\"https:\\\/\\\/impactocastex.com.ar\\\/wp-content\\\/uploads\\\/2025\\\/09\\\/cropped-icoweb.png\",\"contentUrl\":\"https:\\\/\\\/impactocastex.com.ar\\\/wp-content\\\/uploads\\\/2025\\\/09\\\/cropped-icoweb.png\",\"width\":512,\"height\":512,\"caption\":\"Impacto Castex\"},\"image\":{\"@id\":\"https:\\\/\\\/impactocastex.com.ar\\\/#\\\/schema\\\/logo\\\/image\\\/\"},\"sameAs\":[\"https:\\\/\\\/www.facebook.com\\\/impactocastexdiario\",\"https:\\\/\\\/www.instagram.com\\\/impactocastex.com.ar\\\/\"]},{\"@type\":\"Person\",\"@id\":\"https:\\\/\\\/impactocastex.com.ar\\\/#\\\/schema\\\/person\\\/86cb4f827fb5f87869a239b98a69c6e3\",\"name\":\"impactocastex\",\"image\":{\"@type\":\"ImageObject\",\"inLanguage\":\"es\",\"@id\":\"https:\\\/\\\/secure.gravatar.com\\\/avatar\\\/9a87ee051ca8c77f5d4070843ce2c78cdf95b858b950fb039151de955122f5f5?s=96&d=mm&r=g\",\"url\":\"https:\\\/\\\/secure.gravatar.com\\\/avatar\\\/9a87ee051ca8c77f5d4070843ce2c78cdf95b858b950fb039151de955122f5f5?s=96&d=mm&r=g\",\"contentUrl\":\"https:\\\/\\\/secure.gravatar.com\\\/avatar\\\/9a87ee051ca8c77f5d4070843ce2c78cdf95b858b950fb039151de955122f5f5?s=96&d=mm&r=g\",\"caption\":\"impactocastex\"},\"sameAs\":[\"https:\\\/\\\/impactocastex.com.ar\"],\"url\":\"https:\\\/\\\/impactocastex.com.ar\\\/?author=1\"}]}<\/script>\n<!-- \/ Yoast SEO plugin. -->","yoast_head_json":{"title":"Christina Koch, astronauta de Artemis II: \u201cLa Luna es la encarnaci\u00f3n de algo que est\u00e1 en el coraz\u00f3n de cada uno de nosotros\u201d -","robots":{"index":"index","follow":"follow","max-snippet":"max-snippet:-1","max-image-preview":"max-image-preview:large","max-video-preview":"max-video-preview:-1"},"canonical":"https:\/\/impactocastex.com.ar\/?p=16735","og_locale":"es_ES","og_type":"article","og_title":"Christina Koch, astronauta de Artemis II: \u201cLa Luna es la encarnaci\u00f3n de algo que est\u00e1 en el coraz\u00f3n de cada uno de nosotros\u201d -","og_description":"Tras el regreso de los astronautas de la misi\u00f3n Artemis II, los tripulantes de la...","og_url":"https:\/\/impactocastex.com.ar\/?p=16735","article_publisher":"https:\/\/www.facebook.com\/impactocastexdiario","article_published_time":"2026-04-29T06:00:00+00:00","og_image":[{"url":"https:\/\/resizer.glanacion.com\/resizer\/v2\/WYZYHFUE25GDBD333Y62ORK42I.jpg?auth=937ed48a70d1eb8d0974ad22c85bfdb7d070dd5948f7519f42f12ab5c57f5109&amp;smart=true&amp;width=2047&amp;height=1266","type":"","width":"","height":""}],"author":"impactocastex","twitter_card":"summary_large_image","twitter_misc":{"Escrito por":"impactocastex","Tiempo de lectura":"3 minutos"},"schema":{"@context":"https:\/\/schema.org","@graph":[{"@type":"Article","@id":"https:\/\/impactocastex.com.ar\/?p=16735#article","isPartOf":{"@id":"https:\/\/impactocastex.com.ar\/?p=16735"},"author":{"name":"impactocastex","@id":"https:\/\/impactocastex.com.ar\/#\/schema\/person\/86cb4f827fb5f87869a239b98a69c6e3"},"headline":"Christina Koch, astronauta de Artemis II: \u201cLa Luna es la encarnaci\u00f3n de algo que est\u00e1 en el coraz\u00f3n de cada uno de nosotros\u201d","datePublished":"2026-04-29T06:00:00+00:00","mainEntityOfPage":{"@id":"https:\/\/impactocastex.com.ar\/?p=16735"},"wordCount":577,"publisher":{"@id":"https:\/\/impactocastex.com.ar\/#organization"},"image":{"@id":"https:\/\/impactocastex.com.ar\/?p=16735#primaryimage"},"thumbnailUrl":"https:\/\/impactocastex.com.ar\/wp-content\/uploads\/2026\/04\/DHCLUMT6ERATRAHGRQUTOKCH5Y-k0zktH.jpg","articleSection":["NACIONALES"],"inLanguage":"es"},{"@type":"WebPage","@id":"https:\/\/impactocastex.com.ar\/?p=16735","url":"https:\/\/impactocastex.com.ar\/?p=16735","name":"Christina Koch, astronauta de Artemis II: \u201cLa Luna es la encarnaci\u00f3n de algo que est\u00e1 en el coraz\u00f3n de cada uno de nosotros\u201d -","isPartOf":{"@id":"https:\/\/impactocastex.com.ar\/#website"},"primaryImageOfPage":{"@id":"https:\/\/impactocastex.com.ar\/?p=16735#primaryimage"},"image":{"@id":"https:\/\/impactocastex.com.ar\/?p=16735#primaryimage"},"thumbnailUrl":"https:\/\/impactocastex.com.ar\/wp-content\/uploads\/2026\/04\/DHCLUMT6ERATRAHGRQUTOKCH5Y-k0zktH.jpg","datePublished":"2026-04-29T06:00:00+00:00","breadcrumb":{"@id":"https:\/\/impactocastex.com.ar\/?p=16735#breadcrumb"},"inLanguage":"es","potentialAction":[{"@type":"ReadAction","target":["https:\/\/impactocastex.com.ar\/?p=16735"]}]},{"@type":"ImageObject","inLanguage":"es","@id":"https:\/\/impactocastex.com.ar\/?p=16735#primaryimage","url":"https:\/\/impactocastex.com.ar\/wp-content\/uploads\/2026\/04\/DHCLUMT6ERATRAHGRQUTOKCH5Y-k0zktH.jpg","contentUrl":"https:\/\/impactocastex.com.ar\/wp-content\/uploads\/2026\/04\/DHCLUMT6ERATRAHGRQUTOKCH5Y-k0zktH.jpg","width":2000,"height":1333},{"@type":"BreadcrumbList","@id":"https:\/\/impactocastex.com.ar\/?p=16735#breadcrumb","itemListElement":[{"@type":"ListItem","position":1,"name":"Portada","item":"https:\/\/impactocastex.com.ar\/"},{"@type":"ListItem","position":2,"name":"Christina Koch, astronauta de Artemis II: \u201cLa Luna es la encarnaci\u00f3n de algo que est\u00e1 en el coraz\u00f3n de cada uno de nosotros\u201d"}]},{"@type":"WebSite","@id":"https:\/\/impactocastex.com.ar\/#website","url":"https:\/\/impactocastex.com.ar\/","name":"Impacto Castex","description":"","publisher":{"@id":"https:\/\/impactocastex.com.ar\/#organization"},"potentialAction":[{"@type":"SearchAction","target":{"@type":"EntryPoint","urlTemplate":"https:\/\/impactocastex.com.ar\/?s={search_term_string}"},"query-input":{"@type":"PropertyValueSpecification","valueRequired":true,"valueName":"search_term_string"}}],"inLanguage":"es"},{"@type":"Organization","@id":"https:\/\/impactocastex.com.ar\/#organization","name":"Impacto Castex","url":"https:\/\/impactocastex.com.ar\/","logo":{"@type":"ImageObject","inLanguage":"es","@id":"https:\/\/impactocastex.com.ar\/#\/schema\/logo\/image\/","url":"https:\/\/impactocastex.com.ar\/wp-content\/uploads\/2025\/09\/cropped-icoweb.png","contentUrl":"https:\/\/impactocastex.com.ar\/wp-content\/uploads\/2025\/09\/cropped-icoweb.png","width":512,"height":512,"caption":"Impacto Castex"},"image":{"@id":"https:\/\/impactocastex.com.ar\/#\/schema\/logo\/image\/"},"sameAs":["https:\/\/www.facebook.com\/impactocastexdiario","https:\/\/www.instagram.com\/impactocastex.com.ar\/"]},{"@type":"Person","@id":"https:\/\/impactocastex.com.ar\/#\/schema\/person\/86cb4f827fb5f87869a239b98a69c6e3","name":"impactocastex","image":{"@type":"ImageObject","inLanguage":"es","@id":"https:\/\/secure.gravatar.com\/avatar\/9a87ee051ca8c77f5d4070843ce2c78cdf95b858b950fb039151de955122f5f5?s=96&d=mm&r=g","url":"https:\/\/secure.gravatar.com\/avatar\/9a87ee051ca8c77f5d4070843ce2c78cdf95b858b950fb039151de955122f5f5?s=96&d=mm&r=g","contentUrl":"https:\/\/secure.gravatar.com\/avatar\/9a87ee051ca8c77f5d4070843ce2c78cdf95b858b950fb039151de955122f5f5?s=96&d=mm&r=g","caption":"impactocastex"},"sameAs":["https:\/\/impactocastex.com.ar"],"url":"https:\/\/impactocastex.com.ar\/?author=1"}]}},"jetpack_publicize_connections":[],"featured_image_urls":{"full":["https:\/\/impactocastex.com.ar\/wp-content\/uploads\/2026\/04\/DHCLUMT6ERATRAHGRQUTOKCH5Y-k0zktH.jpg",2000,1333,false],"thumbnail":["https:\/\/impactocastex.com.ar\/wp-content\/uploads\/2026\/04\/DHCLUMT6ERATRAHGRQUTOKCH5Y-k0zktH-150x150.jpg",150,150,true],"medium":["https:\/\/impactocastex.com.ar\/wp-content\/uploads\/2026\/04\/DHCLUMT6ERATRAHGRQUTOKCH5Y-k0zktH-300x200.jpg",300,200,true],"medium_large":["https:\/\/impactocastex.com.ar\/wp-content\/uploads\/2026\/04\/DHCLUMT6ERATRAHGRQUTOKCH5Y-k0zktH-768x512.jpg",640,427,true],"large":["https:\/\/impactocastex.com.ar\/wp-content\/uploads\/2026\/04\/DHCLUMT6ERATRAHGRQUTOKCH5Y-k0zktH-1024x682.jpg",640,426,true],"1536x1536":["https:\/\/impactocastex.com.ar\/wp-content\/uploads\/2026\/04\/DHCLUMT6ERATRAHGRQUTOKCH5Y-k0zktH-1536x1024.jpg",1536,1024,true],"2048x2048":["https:\/\/impactocastex.com.ar\/wp-content\/uploads\/2026\/04\/DHCLUMT6ERATRAHGRQUTOKCH5Y-k0zktH.jpg",2000,1333,false],"newsever-slider-full":["https:\/\/impactocastex.com.ar\/wp-content\/uploads\/2026\/04\/DHCLUMT6ERATRAHGRQUTOKCH5Y-k0zktH-1280x845.jpg",1280,845,true],"newsever-featured":["https:\/\/impactocastex.com.ar\/wp-content\/uploads\/2026\/04\/DHCLUMT6ERATRAHGRQUTOKCH5Y-k0zktH-1024x682.jpg",1024,682,true],"newsever-medium":["https:\/\/impactocastex.com.ar\/wp-content\/uploads\/2026\/04\/DHCLUMT6ERATRAHGRQUTOKCH5Y-k0zktH-720x475.jpg",720,475,true]},"author_info":{"info":["impactocastex"]},"category_info":"<a href=\"https:\/\/impactocastex.com.ar\/?cat=89\" rel=\"category\">NACIONALES<\/a>","tag_info":"NACIONALES","comment_count":0,"jetpack_featured_media_url":"https:\/\/impactocastex.com.ar\/wp-content\/uploads\/2026\/04\/DHCLUMT6ERATRAHGRQUTOKCH5Y-k0zktH.jpg","jetpack_sharing_enabled":true,"jetpack_likes_enabled":true,"jetpack_shortlink":"https:\/\/wp.me\/p7sopA-4lV","_links":{"self":[{"href":"https:\/\/impactocastex.com.ar\/index.php?rest_route=\/wp\/v2\/posts\/16735","targetHints":{"allow":["GET"]}}],"collection":[{"href":"https:\/\/impactocastex.com.ar\/index.php?rest_route=\/wp\/v2\/posts"}],"about":[{"href":"https:\/\/impactocastex.com.ar\/index.php?rest_route=\/wp\/v2\/types\/post"}],"author":[{"embeddable":true,"href":"https:\/\/impactocastex.com.ar\/index.php?rest_route=\/wp\/v2\/users\/1"}],"replies":[{"embeddable":true,"href":"https:\/\/impactocastex.com.ar\/index.php?rest_route=%2Fwp%2Fv2%2Fcomments&post=16735"}],"version-history":[{"count":0,"href":"https:\/\/impactocastex.com.ar\/index.php?rest_route=\/wp\/v2\/posts\/16735\/revisions"}],"wp:featuredmedia":[{"embeddable":true,"href":"https:\/\/impactocastex.com.ar\/index.php?rest_route=\/wp\/v2\/media\/16736"}],"wp:attachment":[{"href":"https:\/\/impactocastex.com.ar\/index.php?rest_route=%2Fwp%2Fv2%2Fmedia&parent=16735"}],"wp:term":[{"taxonomy":"category","embeddable":true,"href":"https:\/\/impactocastex.com.ar\/index.php?rest_route=%2Fwp%2Fv2%2Fcategories&post=16735"},{"taxonomy":"post_tag","embeddable":true,"href":"https:\/\/impactocastex.com.ar\/index.php?rest_route=%2Fwp%2Fv2%2Ftags&post=16735"}],"curies":[{"name":"wp","href":"https:\/\/api.w.org\/{rel}","templated":true}]}}